{"id":10016,"date":"2014-05-15T12:38:32","date_gmt":"2014-05-15T10:38:32","guid":{"rendered":"http:\/\/www.1001cars.de\/wordpress\/?p=3820"},"modified":"2021-01-17T17:20:40","modified_gmt":"2021-01-17T16:20:40","slug":"kurz-belichtet-73-chevy-nova-ss","status":"publish","type":"post","link":"https:\/\/www.maicschulte.de\/wordpress\/?p=10016","title":{"rendered":"Kurz belichtet: \u201973 Chevy Nova&nbsp;SS"},"content":{"rendered":"\n<div class=\"wp-block-image\"><figure class=\"aligncenter\"><a href=\"https:\/\/www.maicschulte.de\/wordpress\/wp-content\/uploads\/2014\/05\/Nova-II.jpg\" data-rel=\"lightbox-gallery-0\" data-rl_title data-rl_caption title><img loading=\"lazy\" decoding=\"async\" width=\"1248\" height=\"860\" src=\"https:\/\/www.maicschulte.de\/wordpress\/wp-content\/uploads\/2014\/05\/Nova-II.jpg\" alt=\"Nova - II\" class=\"wp-image-3823\" srcset=\"https:\/\/www.maicschulte.de\/wordpress\/wp-content\/uploads\/2014\/05\/Nova-II.jpg 1248w, https:\/\/www.maicschulte.de\/wordpress\/wp-content\/uploads\/2014\/05\/Nova-II-300x207.jpg 300w, https:\/\/www.maicschulte.de\/wordpress\/wp-content\/uploads\/2014\/05\/Nova-II-768x529.jpg 768w, https:\/\/www.maicschulte.de\/wordpress\/wp-content\/uploads\/2014\/05\/Nova-II-762x525.jpg 762w, https:\/\/www.maicschulte.de\/wordpress\/wp-content\/uploads\/2014\/05\/Nova-II-544x375.jpg 544w\" sizes=\"auto, (max-width: 1248px) 100vw, 1248px\"><\/a><\/figure><\/div>\n\n\n\n<p>Aloha.<\/p>\n\n\n\n<p>Die\u00adje\u00adni\u00adgen unter Euch, die mich schon ein bi\u00df\u00adchen besser kennen, wissen ganz genau, dass die Chevy Nova zu einem meiner Lieb\u00adlings\u00adfahr\u00adzeu\u00adge z\u00e4hlt. Bei diesem Fahr\u00adzeug ist es mir auch voll\u00adkom\u00admen egal, um wel\u00adches Bau\u00adjahr oder um welche Aus\u00adstat\u00adtungs-Vari\u00adan\u00adte es sich han\u00addelt. Ja selbst die Farbe ist mir gleich\u00adg\u00fcl\u00adtig, da ich dieses Fahr\u00adzeug ein\u00adfach immer sch\u00f6n&nbsp;finde.<\/p>\n\n\n\n<!--more-->\n\n\n\n<p>So d\u00fcrfte es auch keinen hier ver\u00adwun\u00addern, dass ich diesem Expo\u00adnat \u2014 wel\u00adches mir auf dem Young\u00adtimer Ves\u00adti\u00adval 2014 \u00fcber dem Weg gerollt ist \u2014 eine eigene kleine Mini-Serie spen\u00addiert&nbsp;habe.<\/p>\n\n\n\n<p>Leider war der Besit\u00adzer dieser Nova par\u00adtout nicht auf\u00adzu\u00adtrei\u00adben und so bin ich gezwun\u00adgen gewe\u00adsen, aus den vor\u00adhan\u00adde\u00adnen Gege\u00adben\u00adhei\u00adten das beste her\u00adaus\u00adzu\u00adho\u00adlen. Letzt\u00adend\u00adlich sind aber auch so ein paar ganz nette Bilder ent\u00adstan\u00adden und diese passen ja per\u00adfekt in die erst<br>k\u00fcrz\u00adlich neu geschaf\u00adfe\u00adne Rubrik \u201cKurz belichtet\u201d.<\/p>\n\n\n\n<p>Viel Spa\u00df damit und stay&nbsp;tuned!<\/p>\n\n\n\n<p>P.S: Es d\u00fcrfte sich bei diesem Fahr\u00adzeug um eine 1973 Chevy Nova 454 SS han\u00addeln, die schon etwas l\u00e4nger auf deut\u00adschem Boden bewegt wird und in den letz\u00adten Jahren wohl auch immer mal wieder den Besit\u00adzer gewech\u00adselt hat. Zumin\u00addest ist mir dieser Gesel\u00adle auch schon mit einem ST\u2026-Kennzeichen \u00fcber den Weg gefahren&nbsp;;)<\/p>\n\n\n\n<div class=\"wp-block-image\"><figure class=\"aligncenter\"><a href=\"https:\/\/www.maicschulte.de\/wordpress\/wp-content\/uploads\/2014\/05\/Nova-VIII.jpg\" data-rel=\"lightbox-gallery-0\" data-rl_title data-rl_caption title><img loading=\"lazy\" decoding=\"async\" width=\"581\" height=\"860\" src=\"https:\/\/www.maicschulte.de\/wordpress\/wp-content\/uploads\/2014\/05\/Nova-VIII.jpg\" alt=\"Nova - VIII\" class=\"wp-image-3830\" srcset=\"https:\/\/www.maicschulte.de\/wordpress\/wp-content\/uploads\/2014\/05\/Nova-VIII.jpg 581w, https:\/\/www.maicschulte.de\/wordpress\/wp-content\/uploads\/2014\/05\/Nova-VIII-203x300.jpg 203w, https:\/\/www.maicschulte.de\/wordpress\/wp-content\/uploads\/2014\/05\/Nova-VIII-355x525.jpg 355w, https:\/\/www.maicschulte.de\/wordpress\/wp-content\/uploads\/2014\/05\/Nova-VIII-253x375.jpg 253w\" sizes=\"auto, (max-width: 581px) 100vw, 581px\"><\/a><\/figure><\/div>\n\n\n\n<div class=\"wp-block-image\"><figure class=\"aligncenter\"><a href=\"https:\/\/www.maicschulte.de\/wordpress\/wp-content\/uploads\/2014\/05\/Nova-I.jpg\" data-rel=\"lightbox-gallery-0\" data-rl_title data-rl_caption title><img decoding=\"async\" src=\"https:\/\/www.maicschulte.de\/wordpress\/wp-content\/uploads\/2014\/05\/Nova-I.jpg\" alt=\"Nova - I\" class=\"wp-image-3822\"><\/a><\/figure><\/div>\n\n\n\n<div class=\"wp-block-image\"><figure class=\"aligncenter\"><a href=\"https:\/\/www.maicschulte.de\/wordpress\/wp-content\/uploads\/2014\/05\/Nova-IV.jpg\" data-rel=\"lightbox-gallery-0\" data-rl_title data-rl_caption title><img decoding=\"async\" src=\"https:\/\/www.maicschulte.de\/wordpress\/wp-content\/uploads\/2014\/05\/Nova-IV.jpg\" alt=\"Nova - IV\" class=\"wp-image-3825\"><\/a><\/figure><\/div>\n\n\n\n<div class=\"wp-block-image\"><figure class=\"aligncenter\"><a href=\"https:\/\/www.maicschulte.de\/wordpress\/wp-content\/uploads\/2014\/05\/Nova-VII.jpg\" data-rel=\"lightbox-gallery-0\" data-rl_title data-rl_caption title><img decoding=\"async\" src=\"https:\/\/www.maicschulte.de\/wordpress\/wp-content\/uploads\/2014\/05\/Nova-VII.jpg\" alt=\"Nova - VII\" class=\"wp-image-3829\"><\/a><\/figure><\/div>\n\n\n\n<div class=\"wp-block-image\"><figure class=\"aligncenter\"><a href=\"https:\/\/www.maicschulte.de\/wordpress\/wp-content\/uploads\/2014\/05\/Nova-III.jpg\" data-rel=\"lightbox-gallery-0\" data-rl_title data-rl_caption title><img decoding=\"async\" src=\"https:\/\/www.maicschulte.de\/wordpress\/wp-content\/uploads\/2014\/05\/Nova-III.jpg\" alt=\"Nova - III\" class=\"wp-image-3824\"><\/a><\/figure><\/div>\n\n\n\n<div class=\"wp-block-image\"><figure class=\"aligncenter\"><a href=\"https:\/\/www.maicschulte.de\/wordpress\/wp-content\/uploads\/2014\/05\/Nova-VI.jpg\" data-rel=\"lightbox-gallery-0\" data-rl_title data-rl_caption title><img decoding=\"async\" src=\"https:\/\/www.maicschulte.de\/wordpress\/wp-content\/uploads\/2014\/05\/Nova-VI.jpg\" alt=\"Nova - VI\" class=\"wp-image-3828\"><\/a><\/figure><\/div>\n\n\n\n<div class=\"wp-block-image\"><figure class=\"aligncenter\"><a href=\"https:\/\/www.maicschulte.de\/wordpress\/wp-content\/uploads\/2014\/05\/Nova-V.jpg\" data-rel=\"lightbox-gallery-0\" data-rl_title data-rl_caption title><img decoding=\"async\" src=\"https:\/\/www.maicschulte.de\/wordpress\/wp-content\/uploads\/2014\/05\/Nova-V.jpg\" alt=\"Nova - V\" class=\"wp-image-3827\"><\/a><\/figure><\/div>\n\n\n\n<div class=\"wp-block-image\"><figure class=\"aligncenter\"><a href=\"https:\/\/www.maicschulte.de\/wordpress\/wp-content\/uploads\/2014\/05\/Nova-IX.jpg\" data-rel=\"lightbox-gallery-0\" data-rl_title data-rl_caption title><img decoding=\"async\" src=\"https:\/\/www.maicschulte.de\/wordpress\/wp-content\/uploads\/2014\/05\/Nova-IX.jpg\" alt=\"Nova - IX\" class=\"wp-image-3826\"><\/a><\/figure><\/div>\n\n\n\n<div class=\"wp-block-image\"><figure class=\"aligncenter\"><a href=\"https:\/\/www.maicschulte.de\/wordpress\/wp-content\/uploads\/2014\/05\/Nova-II.jpg\" data-rel=\"lightbox-gallery-0\" data-rl_title data-rl_caption title><img loading=\"lazy\" decoding=\"async\" width=\"1248\" height=\"860\" src=\"https:\/\/www.maicschulte.de\/wordpress\/wp-content\/uploads\/2014\/05\/Nova-II.jpg\" alt=\"Nova - II\" class=\"wp-image-3823\" srcset=\"https:\/\/www.maicschulte.de\/wordpress\/wp-content\/uploads\/2014\/05\/Nova-II.jpg 1248w, https:\/\/www.maicschulte.de\/wordpress\/wp-content\/uploads\/2014\/05\/Nova-II-300x207.jpg 300w, https:\/\/www.maicschulte.de\/wordpress\/wp-content\/uploads\/2014\/05\/Nova-II-768x529.jpg 768w, https:\/\/www.maicschulte.de\/wordpress\/wp-content\/uploads\/2014\/05\/Nova-II-762x525.jpg 762w, https:\/\/www.maicschulte.de\/wordpress\/wp-content\/uploads\/2014\/05\/Nova-II-544x375.jpg 544w\" sizes=\"auto, (max-width: 1248px) 100vw, 1248px\"><\/a><\/figure><\/div>\n","protected":false},"excerpt":{"rendered":"<p>Aloha. Die\u00adje\u00adni\u00adgen unter Euch, die mich schon ein bi\u00df\u00adchen besser kennen, wissen ganz genau, dass die Chevy Nova zu einem meiner Lieb\u00adlings\u00adfahr\u00adzeu\u00adge z\u00e4hlt. Bei diesem Fahr\u00adzeug ist es mir auch voll\u00adkom\u00admen egal, um wel\u00adches Bau\u00adjahr oder um welche Aus\u00ad\u00adsta\u00adt\u00ad\u00adtungs-Vari\u00adan\u00ad\u00adte es sich han\u00addelt. Ja selbst die Farbe ist mir gleich\u00adg\u00fcl\u00adtig, da ich dieses Fahr\u00adzeug ein\u00adfach immer sch\u00f6n&nbsp;finde.<\/p>\n","protected":false},"author":1,"featured_media":10019,"comment_status":"open","ping_status":"open","sticky":false,"template":"","format":"standard","meta":{"wp_typography_post_enhancements_disabled":false,"footnotes":""},"categories":[721,1279],"tags":[1059,724,1060,1061,1062,1057,370],"class_list":["post-10016","post","type-post","status-publish","format-standard","has-post-thumbnail","hentry","category-automobiles","category-chronologisch","tag-1059","tag-chevrolet","tag-nova","tag-ss","tag-super-sport","tag-youngtimer-vestival","tag-zeche-ewald"],"yoast_head":"<!-- This site is optimized with the Yoast SEO plugin v27.5 - https:\/\/yoast.com\/product\/yoast-seo-wordpress\/ -->\n<title>Kurz belichtet: &#039;73 Chevy Nova SS - Maic Schulte<\/title>\n<meta name=\"description\" content=\"Kurz belichtet: &#039;73 Chevy Nova SS - Automobiles - Maic Schulte - Fotografie - Ruhrgebiet - Industrie - Portrait - Events - Autos - Rockabilly - Kunst - Schwarzwei\u00df\" \/>\n<meta name=\"robots\" content=\"index, follow, max-snippet:-1, max-image-preview:large, max-video-preview:-1\" \/>\n<link rel=\"canonical\" href=\"https:\/\/www.maicschulte.de\/wordpress\/?p=10016\" \/>\n<meta property=\"og:locale\" content=\"de_DE\" \/>\n<meta property=\"og:type\" content=\"article\" \/>\n<meta property=\"og:title\" content=\"Kurz belichtet: &#039;73 Chevy Nova SS - Maic Schulte\" \/>\n<meta property=\"og:description\" content=\"Kurz belichtet: &#039;73 Chevy Nova SS - Automobiles - Maic Schulte - Fotografie - Ruhrgebiet - Industrie - Portrait - Events - Autos - Rockabilly - Kunst - Schwarzwei\u00df\" \/>\n<meta property=\"og:url\" content=\"https:\/\/www.maicschulte.de\/wordpress\/?p=10016\" \/>\n<meta property=\"og:site_name\" content=\"Maic Schulte\" \/>\n<meta property=\"article:published_time\" content=\"2014-05-15T10:38:32+00:00\" \/>\n<meta property=\"article:modified_time\" content=\"2021-01-17T16:20:40+00:00\" \/>\n<meta property=\"og:image\" content=\"https:\/\/www.maicschulte.de\/wordpress\/wp-content\/uploads\/2014\/05\/Nova-IV.jpg\" \/>\n\t<meta property=\"og:image:width\" content=\"1248\" \/>\n\t<meta property=\"og:image:height\" content=\"1003\" \/>\n\t<meta property=\"og:image:type\" content=\"image\/jpeg\" \/>\n<meta name=\"author\" content=\"Maic Schulte\" \/>\n<script type=\"application\/ld+json\" class=\"yoast-schema-graph\">{\"@context\":\"https:\\\/\\\/schema.org\",\"@graph\":[{\"@type\":\"Article\",\"@id\":\"https:\\\/\\\/www.maicschulte.de\\\/wordpress\\\/?p=10016#article\",\"isPartOf\":{\"@id\":\"https:\\\/\\\/www.maicschulte.de\\\/wordpress\\\/?p=10016\"},\"author\":{\"name\":\"Maic Schulte\",\"@id\":\"https:\\\/\\\/www.maicschulte.de\\\/wordpress\\\/#\\\/schema\\\/person\\\/809698f1c7b1655959515001723d716e\"},\"headline\":\"Kurz belichtet: \u201973 Chevy Nova&nbsp;SS\",\"datePublished\":\"2014-05-15T10:38:32+00:00\",\"dateModified\":\"2021-01-17T16:20:40+00:00\",\"mainEntityOfPage\":{\"@id\":\"https:\\\/\\\/www.maicschulte.de\\\/wordpress\\\/?p=10016\"},\"wordCount\":204,\"commentCount\":5,\"publisher\":{\"@id\":\"https:\\\/\\\/www.maicschulte.de\\\/wordpress\\\/#\\\/schema\\\/person\\\/809698f1c7b1655959515001723d716e\"},\"image\":{\"@id\":\"https:\\\/\\\/www.maicschulte.de\\\/wordpress\\\/?p=10016#primaryimage\"},\"thumbnailUrl\":\"https:\\\/\\\/www.maicschulte.de\\\/wordpress\\\/wp-content\\\/uploads\\\/2014\\\/05\\\/Nova-IV.jpg\",\"keywords\":[\"454\",\"Chevrolet\",\"Nova\",\"SS\",\"Super Sport\",\"Youngtimer Vestival\",\"Zeche Ewald\"],\"articleSection\":[\"Automobiles\",\"Chronologisch\"],\"inLanguage\":\"de\",\"potentialAction\":[{\"@type\":\"CommentAction\",\"name\":\"Comment\",\"target\":[\"https:\\\/\\\/www.maicschulte.de\\\/wordpress\\\/?p=10016#respond\"]}]},{\"@type\":\"WebPage\",\"@id\":\"https:\\\/\\\/www.maicschulte.de\\\/wordpress\\\/?p=10016\",\"url\":\"https:\\\/\\\/www.maicschulte.de\\\/wordpress\\\/?p=10016\",\"name\":\"Kurz belichtet: '73 Chevy Nova SS - Maic Schulte\",\"isPartOf\":{\"@id\":\"https:\\\/\\\/www.maicschulte.de\\\/wordpress\\\/#website\"},\"primaryImageOfPage\":{\"@id\":\"https:\\\/\\\/www.maicschulte.de\\\/wordpress\\\/?p=10016#primaryimage\"},\"image\":{\"@id\":\"https:\\\/\\\/www.maicschulte.de\\\/wordpress\\\/?p=10016#primaryimage\"},\"thumbnailUrl\":\"https:\\\/\\\/www.maicschulte.de\\\/wordpress\\\/wp-content\\\/uploads\\\/2014\\\/05\\\/Nova-IV.jpg\",\"datePublished\":\"2014-05-15T10:38:32+00:00\",\"dateModified\":\"2021-01-17T16:20:40+00:00\",\"description\":\"Kurz belichtet: '73 Chevy Nova SS - Automobiles - Maic Schulte - Fotografie - Ruhrgebiet - Industrie - Portrait - Events - Autos - Rockabilly - Kunst - Schwarzwei\u00df\",\"breadcrumb\":{\"@id\":\"https:\\\/\\\/www.maicschulte.de\\\/wordpress\\\/?p=10016#breadcrumb\"},\"inLanguage\":\"de\",\"potentialAction\":[{\"@type\":\"ReadAction\",\"target\":[\"https:\\\/\\\/www.maicschulte.de\\\/wordpress\\\/?p=10016\"]}]},{\"@type\":\"ImageObject\",\"inLanguage\":\"de\",\"@id\":\"https:\\\/\\\/www.maicschulte.de\\\/wordpress\\\/?p=10016#primaryimage\",\"url\":\"https:\\\/\\\/www.maicschulte.de\\\/wordpress\\\/wp-content\\\/uploads\\\/2014\\\/05\\\/Nova-IV.jpg\",\"contentUrl\":\"https:\\\/\\\/www.maicschulte.de\\\/wordpress\\\/wp-content\\\/uploads\\\/2014\\\/05\\\/Nova-IV.jpg\",\"width\":1248,\"height\":1003},{\"@type\":\"BreadcrumbList\",\"@id\":\"https:\\\/\\\/www.maicschulte.de\\\/wordpress\\\/?p=10016#breadcrumb\",\"itemListElement\":[{\"@type\":\"ListItem\",\"position\":1,\"name\":\"Startseite\",\"item\":\"https:\\\/\\\/www.maicschulte.de\\\/wordpress\"},{\"@type\":\"ListItem\",\"position\":2,\"name\":\"Kurz belichtet: \u201973 Chevy Nova&nbsp;SS\"}]},{\"@type\":\"WebSite\",\"@id\":\"https:\\\/\\\/www.maicschulte.de\\\/wordpress\\\/#website\",\"url\":\"https:\\\/\\\/www.maicschulte.de\\\/wordpress\\\/\",\"name\":\"Maic Schulte\",\"description\":\"Fotografie aus Leidenschaft\",\"publisher\":{\"@id\":\"https:\\\/\\\/www.maicschulte.de\\\/wordpress\\\/#\\\/schema\\\/person\\\/809698f1c7b1655959515001723d716e\"},\"potentialAction\":[{\"@type\":\"SearchAction\",\"target\":{\"@type\":\"EntryPoint\",\"urlTemplate\":\"https:\\\/\\\/www.maicschulte.de\\\/wordpress\\\/?s={search_term_string}\"},\"query-input\":{\"@type\":\"PropertyValueSpecification\",\"valueRequired\":true,\"valueName\":\"search_term_string\"}}],\"inLanguage\":\"de\"},{\"@type\":[\"Person\",\"Organization\"],\"@id\":\"https:\\\/\\\/www.maicschulte.de\\\/wordpress\\\/#\\\/schema\\\/person\\\/809698f1c7b1655959515001723d716e\",\"name\":\"Maic Schulte\",\"image\":{\"@type\":\"ImageObject\",\"inLanguage\":\"de\",\"@id\":\"https:\\\/\\\/www.maicschulte.de\\\/wordpress\\\/wp-content\\\/uploads\\\/2025\\\/05\\\/Chronus_Maic_Schulte_Logo_605px-3.png\",\"url\":\"https:\\\/\\\/www.maicschulte.de\\\/wordpress\\\/wp-content\\\/uploads\\\/2025\\\/05\\\/Chronus_Maic_Schulte_Logo_605px-3.png\",\"contentUrl\":\"https:\\\/\\\/www.maicschulte.de\\\/wordpress\\\/wp-content\\\/uploads\\\/2025\\\/05\\\/Chronus_Maic_Schulte_Logo_605px-3.png\",\"width\":605,\"height\":200,\"caption\":\"Maic Schulte\"},\"logo\":{\"@id\":\"https:\\\/\\\/www.maicschulte.de\\\/wordpress\\\/wp-content\\\/uploads\\\/2025\\\/05\\\/Chronus_Maic_Schulte_Logo_605px-3.png\"},\"description\":\"Seit dem Tag, an dem mein Vater mich mit einer Kamera, einem Objektiv und zwei Illford-Schwarzwei\u00df-Filmen auf Entdeckungs-Tour geschickt hat, begleitet mich das Thema \\\"Fotografie\\\". Basierend auf WordPress, stellt diese Webseite - jetzt und in der Zukunft - eine Heimat f\u00fcr all meine Artikel und Fotos dar, welche wiederum aus allen Themenbereichen der klassischen &amp; modernen Fotografie kommen. Sei es nun die Fotografie in Schwarz-Wei\u00df; die Erkundung ehemaliger Industriegel\u00e4nde, welche f\u00fcr mich am ehesten \u201eDas Herz des Reviers\u201c widerspiegeln; ausdrucksstarke Portraits oder farbenfrohe Naturaufnahmen. Ganz egal! Es gelingt einfach jedem fotografischen Thema, meine Neugierde darauf zu erwecken. Dar\u00fcber hinaus habe ich aber auch ein ger\u00fctteltes Ma\u00df an Benzin im Blut und mag Autos &amp; Motorr\u00e4der, ganz egal ob nun neu, alt, aufgemotzt oder vollkommen original. Du siehst, die Auswahl an Artikeln &amp; Fotos ist also genauso breit gef\u00e4chert wie meine fotografischen Interessen.\",\"sameAs\":[\"https:\\\/\\\/www.maicschulte.de\"]}]}<\/script>\n<!-- \/ Yoast SEO plugin. -->","yoast_head_json":{"title":"Kurz belichtet: '73 Chevy Nova SS - Maic Schulte","description":"Kurz belichtet: '73 Chevy Nova SS - Automobiles - Maic Schulte - Fotografie - Ruhrgebiet - Industrie - Portrait - Events - Autos - Rockabilly - Kunst - Schwarzwei\u00df","robots":{"index":"index","follow":"follow","max-snippet":"max-snippet:-1","max-image-preview":"max-image-preview:large","max-video-preview":"max-video-preview:-1"},"canonical":"https:\/\/www.maicschulte.de\/wordpress\/?p=10016","og_locale":"de_DE","og_type":"article","og_title":"Kurz belichtet: '73 Chevy Nova SS - Maic Schulte","og_description":"Kurz belichtet: '73 Chevy Nova SS - Automobiles - Maic Schulte - Fotografie - Ruhrgebiet - Industrie - Portrait - Events - Autos - Rockabilly - Kunst - Schwarzwei\u00df","og_url":"https:\/\/www.maicschulte.de\/wordpress\/?p=10016","og_site_name":"Maic Schulte","article_published_time":"2014-05-15T10:38:32+00:00","article_modified_time":"2021-01-17T16:20:40+00:00","og_image":[{"width":1248,"height":1003,"url":"https:\/\/www.maicschulte.de\/wordpress\/wp-content\/uploads\/2014\/05\/Nova-IV.jpg","type":"image\/jpeg"}],"author":"Maic Schulte","schema":{"@context":"https:\/\/schema.org","@graph":[{"@type":"Article","@id":"https:\/\/www.maicschulte.de\/wordpress\/?p=10016#article","isPartOf":{"@id":"https:\/\/www.maicschulte.de\/wordpress\/?p=10016"},"author":{"name":"Maic Schulte","@id":"https:\/\/www.maicschulte.de\/wordpress\/#\/schema\/person\/809698f1c7b1655959515001723d716e"},"headline":"Kurz belichtet: \u201973 Chevy Nova&nbsp;SS","datePublished":"2014-05-15T10:38:32+00:00","dateModified":"2021-01-17T16:20:40+00:00","mainEntityOfPage":{"@id":"https:\/\/www.maicschulte.de\/wordpress\/?p=10016"},"wordCount":204,"commentCount":5,"publisher":{"@id":"https:\/\/www.maicschulte.de\/wordpress\/#\/schema\/person\/809698f1c7b1655959515001723d716e"},"image":{"@id":"https:\/\/www.maicschulte.de\/wordpress\/?p=10016#primaryimage"},"thumbnailUrl":"https:\/\/www.maicschulte.de\/wordpress\/wp-content\/uploads\/2014\/05\/Nova-IV.jpg","keywords":["454","Chevrolet","Nova","SS","Super Sport","Youngtimer Vestival","Zeche Ewald"],"articleSection":["Automobiles","Chronologisch"],"inLanguage":"de","potentialAction":[{"@type":"CommentAction","name":"Comment","target":["https:\/\/www.maicschulte.de\/wordpress\/?p=10016#respond"]}]},{"@type":"WebPage","@id":"https:\/\/www.maicschulte.de\/wordpress\/?p=10016","url":"https:\/\/www.maicschulte.de\/wordpress\/?p=10016","name":"Kurz belichtet: '73 Chevy Nova SS - Maic Schulte","isPartOf":{"@id":"https:\/\/www.maicschulte.de\/wordpress\/#website"},"primaryImageOfPage":{"@id":"https:\/\/www.maicschulte.de\/wordpress\/?p=10016#primaryimage"},"image":{"@id":"https:\/\/www.maicschulte.de\/wordpress\/?p=10016#primaryimage"},"thumbnailUrl":"https:\/\/www.maicschulte.de\/wordpress\/wp-content\/uploads\/2014\/05\/Nova-IV.jpg","datePublished":"2014-05-15T10:38:32+00:00","dateModified":"2021-01-17T16:20:40+00:00","description":"Kurz belichtet: '73 Chevy Nova SS - Automobiles - Maic Schulte - Fotografie - Ruhrgebiet - Industrie - Portrait - Events - Autos - Rockabilly - Kunst - Schwarzwei\u00df","breadcrumb":{"@id":"https:\/\/www.maicschulte.de\/wordpress\/?p=10016#breadcrumb"},"inLanguage":"de","potentialAction":[{"@type":"ReadAction","target":["https:\/\/www.maicschulte.de\/wordpress\/?p=10016"]}]},{"@type":"ImageObject","inLanguage":"de","@id":"https:\/\/www.maicschulte.de\/wordpress\/?p=10016#primaryimage","url":"https:\/\/www.maicschulte.de\/wordpress\/wp-content\/uploads\/2014\/05\/Nova-IV.jpg","contentUrl":"https:\/\/www.maicschulte.de\/wordpress\/wp-content\/uploads\/2014\/05\/Nova-IV.jpg","width":1248,"height":1003},{"@type":"BreadcrumbList","@id":"https:\/\/www.maicschulte.de\/wordpress\/?p=10016#breadcrumb","itemListElement":[{"@type":"ListItem","position":1,"name":"Startseite","item":"https:\/\/www.maicschulte.de\/wordpress"},{"@type":"ListItem","position":2,"name":"Kurz belichtet: \u201973 Chevy Nova&nbsp;SS"}]},{"@type":"WebSite","@id":"https:\/\/www.maicschulte.de\/wordpress\/#website","url":"https:\/\/www.maicschulte.de\/wordpress\/","name":"Maic Schulte","description":"Fotografie aus Leidenschaft","publisher":{"@id":"https:\/\/www.maicschulte.de\/wordpress\/#\/schema\/person\/809698f1c7b1655959515001723d716e"},"potentialAction":[{"@type":"SearchAction","target":{"@type":"EntryPoint","urlTemplate":"https:\/\/www.maicschulte.de\/wordpress\/?s={search_term_string}"},"query-input":{"@type":"PropertyValueSpecification","valueRequired":true,"valueName":"search_term_string"}}],"inLanguage":"de"},{"@type":["Person","Organization"],"@id":"https:\/\/www.maicschulte.de\/wordpress\/#\/schema\/person\/809698f1c7b1655959515001723d716e","name":"Maic Schulte","image":{"@type":"ImageObject","inLanguage":"de","@id":"https:\/\/www.maicschulte.de\/wordpress\/wp-content\/uploads\/2025\/05\/Chronus_Maic_Schulte_Logo_605px-3.png","url":"https:\/\/www.maicschulte.de\/wordpress\/wp-content\/uploads\/2025\/05\/Chronus_Maic_Schulte_Logo_605px-3.png","contentUrl":"https:\/\/www.maicschulte.de\/wordpress\/wp-content\/uploads\/2025\/05\/Chronus_Maic_Schulte_Logo_605px-3.png","width":605,"height":200,"caption":"Maic Schulte"},"logo":{"@id":"https:\/\/www.maicschulte.de\/wordpress\/wp-content\/uploads\/2025\/05\/Chronus_Maic_Schulte_Logo_605px-3.png"},"description":"Seit dem Tag, an dem mein Vater mich mit einer Kamera, einem Objektiv und zwei Illford-Schwarzwei\u00df-Filmen auf Entdeckungs-Tour geschickt hat, begleitet mich das Thema \"Fotografie\". Basierend auf WordPress, stellt diese Webseite - jetzt und in der Zukunft - eine Heimat f\u00fcr all meine Artikel und Fotos dar, welche wiederum aus allen Themenbereichen der klassischen &amp; modernen Fotografie kommen. Sei es nun die Fotografie in Schwarz-Wei\u00df; die Erkundung ehemaliger Industriegel\u00e4nde, welche f\u00fcr mich am ehesten \u201eDas Herz des Reviers\u201c widerspiegeln; ausdrucksstarke Portraits oder farbenfrohe Naturaufnahmen. Ganz egal! Es gelingt einfach jedem fotografischen Thema, meine Neugierde darauf zu erwecken. Dar\u00fcber hinaus habe ich aber auch ein ger\u00fctteltes Ma\u00df an Benzin im Blut und mag Autos &amp; Motorr\u00e4der, ganz egal ob nun neu, alt, aufgemotzt oder vollkommen original. Du siehst, die Auswahl an Artikeln &amp; Fotos ist also genauso breit gef\u00e4chert wie meine fotografischen Interessen.","sameAs":["https:\/\/www.maicschulte.de"]}]}},"_links":{"self":[{"href":"https:\/\/www.maicschulte.de\/wordpress\/index.php?rest_route=\/wp\/v2\/posts\/10016","targetHints":{"allow":["GET"]}}],"collection":[{"href":"https:\/\/www.maicschulte.de\/wordpress\/index.php?rest_route=\/wp\/v2\/posts"}],"about":[{"href":"https:\/\/www.maicschulte.de\/wordpress\/index.php?rest_route=\/wp\/v2\/types\/post"}],"author":[{"embeddable":true,"href":"https:\/\/www.maicschulte.de\/wordpress\/index.php?rest_route=\/wp\/v2\/users\/1"}],"replies":[{"embeddable":true,"href":"https:\/\/www.maicschulte.de\/wordpress\/index.php?rest_route=%2Fwp%2Fv2%2Fcomments&post=10016"}],"version-history":[{"count":2,"href":"https:\/\/www.maicschulte.de\/wordpress\/index.php?rest_route=\/wp\/v2\/posts\/10016\/revisions"}],"predecessor-version":[{"id":11608,"href":"https:\/\/www.maicschulte.de\/wordpress\/index.php?rest_route=\/wp\/v2\/posts\/10016\/revisions\/11608"}],"wp:featuredmedia":[{"embeddable":true,"href":"https:\/\/www.maicschulte.de\/wordpress\/index.php?rest_route=\/wp\/v2\/media\/10019"}],"wp:attachment":[{"href":"https:\/\/www.maicschulte.de\/wordpress\/index.php?rest_route=%2Fwp%2Fv2%2Fmedia&parent=10016"}],"wp:term":[{"taxonomy":"category","embeddable":true,"href":"https:\/\/www.maicschulte.de\/wordpress\/index.php?rest_route=%2Fwp%2Fv2%2Fcategories&post=10016"},{"taxonomy":"post_tag","embeddable":true,"href":"https:\/\/www.maicschulte.de\/wordpress\/index.php?rest_route=%2Fwp%2Fv2%2Ftags&post=10016"}],"curies":[{"name":"wp","href":"https:\/\/api.w.org\/{rel}","templated":true}]}}