{"id":11197,"date":"2012-05-18T19:54:49","date_gmt":"2012-05-18T18:54:49","guid":{"rendered":"http:\/\/www.1001cars.de\/wordpress\/?p=1182"},"modified":"2021-01-17T23:01:42","modified_gmt":"2021-01-17T22:01:42","slug":"opel-admiral-b","status":"publish","type":"post","link":"https:\/\/www.maicschulte.de\/wordpress\/?p=11197","title":{"rendered":"Opel Admiral B"},"content":{"rendered":"\n<p>Wie war das noch mit der Jung\u00adfrau, die unver\u00adhofft zum Kinde kommt? \u00c4hn\u00adlich ver\u00adh\u00e4lt es sich mit dieser Mini-Bil\u00adder\u00adstre\u00adcke \u00fcber einen alten Opel Admi\u00adral, denn geplant war diese nicht wirklich.<\/p>\n\n\n\n<p>Viel\u00adleicht sollte ich ein\u00adfach die Geschich\u00adte von Anfang an erz\u00e4h\u00adlen. Ges\u00adtern hat die Ruhr Clas\u00adsics 2012 in D\u00fcs\u00adsel\u00addorf begon\u00adnen. Ich war nat\u00fcr\u00adlich auch vor Ort, um dort ein paar Bild\u00adchen von dem Event zu machen, als mir diese Perle des Auto\u00admo\u00adbil\u00adbaus unter die Augen gekom\u00admen ist. Leider war der Besit\u00adzer weit und breit nicht zu finden, so das ich mit den Gege\u00adben\u00adhei\u00adten vor Ort vor\u00adlieb nehmen musst.<\/p>\n\n\n\n<p>Bei dem Fahr\u00adzeug han\u00addelt es sich um einen ehr\u00adw\u00fcr\u00addi\u00adgen Opel Admi\u00adral B, der zusam\u00admen mit seinen Br\u00fc\u00addern von 1969 bis 1976 gebaut worden ist. Leider wurde die Pro\u00adduk\u00adti\u00adon im Jahre 1976 schon wieder ein\u00adge\u00adstellt und damit ver\u00adschwand nicht nur ein sehr sch\u00f6\u00adnes Auto von unse\u00adren Stra\u00ad\u00dfen, son\u00addern auch eine wohl\u00adklin\u00adgen\u00adde Modell\u00adbe\u00adzeich\u00adnung mit Tradition.<\/p>\n\n\n\n<div class=\"wp-block-image\"><figure class=\"aligncenter\"><a href=\"https:\/\/www.maicschulte.de\/wordpress\/wp-content\/uploads\/2012\/05\/Rueckleuchte.jpg\" data-rel=\"lightbox-gallery-0\" data-rl_title data-rl_caption><img loading=\"lazy\" decoding=\"async\" width=\"1248\" height=\"860\" src=\"https:\/\/www.maicschulte.de\/wordpress\/wp-content\/uploads\/2012\/05\/Rueckleuchte.jpg\" alt class=\"wp-image-1185\" title srcset=\"https:\/\/www.maicschulte.de\/wordpress\/wp-content\/uploads\/2012\/05\/Rueckleuchte.jpg 1248w, https:\/\/www.maicschulte.de\/wordpress\/wp-content\/uploads\/2012\/05\/Rueckleuchte-300x207.jpg 300w, https:\/\/www.maicschulte.de\/wordpress\/wp-content\/uploads\/2012\/05\/Rueckleuchte-768x529.jpg 768w, https:\/\/www.maicschulte.de\/wordpress\/wp-content\/uploads\/2012\/05\/Rueckleuchte-762x525.jpg 762w, https:\/\/www.maicschulte.de\/wordpress\/wp-content\/uploads\/2012\/05\/Rueckleuchte-544x375.jpg 544w\" sizes=\"auto, (max-width: 1248px) 100vw, 1248px\"><\/a><\/figure><\/div>\n\n\n\n<!--more-->\n\n\n\n<div class=\"wp-block-image\"><figure class=\"aligncenter\"><a href=\"https:\/\/www.maicschulte.de\/wordpress\/wp-content\/uploads\/2012\/05\/Heck-I.jpg\" data-rel=\"lightbox-gallery-0\" data-rl_title data-rl_caption><img loading=\"lazy\" decoding=\"async\" width=\"601\" height=\"860\" src=\"https:\/\/www.maicschulte.de\/wordpress\/wp-content\/uploads\/2012\/05\/Heck-I.jpg\" alt class=\"wp-image-1183\" title srcset=\"https:\/\/www.maicschulte.de\/wordpress\/wp-content\/uploads\/2012\/05\/Heck-I.jpg 601w, https:\/\/www.maicschulte.de\/wordpress\/wp-content\/uploads\/2012\/05\/Heck-I-210x300.jpg 210w, https:\/\/www.maicschulte.de\/wordpress\/wp-content\/uploads\/2012\/05\/Heck-I-367x525.jpg 367w, https:\/\/www.maicschulte.de\/wordpress\/wp-content\/uploads\/2012\/05\/Heck-I-262x375.jpg 262w\" sizes=\"auto, (max-width: 601px) 100vw, 601px\"><\/a><\/figure><\/div>\n\n\n\n<div class=\"wp-block-image\"><figure class=\"aligncenter\"><a href=\"https:\/\/www.maicschulte.de\/wordpress\/wp-content\/uploads\/2012\/05\/Schnauze.jpg\" data-rel=\"lightbox-gallery-0\" data-rl_title data-rl_caption><img loading=\"lazy\" decoding=\"async\" width=\"1248\" height=\"805\" src=\"https:\/\/www.maicschulte.de\/wordpress\/wp-content\/uploads\/2012\/05\/Schnauze.jpg\" alt class=\"wp-image-1186\" title srcset=\"https:\/\/www.maicschulte.de\/wordpress\/wp-content\/uploads\/2012\/05\/Schnauze.jpg 1248w, https:\/\/www.maicschulte.de\/wordpress\/wp-content\/uploads\/2012\/05\/Schnauze-300x194.jpg 300w, https:\/\/www.maicschulte.de\/wordpress\/wp-content\/uploads\/2012\/05\/Schnauze-768x495.jpg 768w, https:\/\/www.maicschulte.de\/wordpress\/wp-content\/uploads\/2012\/05\/Schnauze-814x525.jpg 814w, https:\/\/www.maicschulte.de\/wordpress\/wp-content\/uploads\/2012\/05\/Schnauze-581x375.jpg 581w\" sizes=\"auto, (max-width: 1248px) 100vw, 1248px\"><\/a><\/figure><\/div>\n\n\n\n<div class=\"wp-block-image\"><figure class=\"aligncenter\"><a href=\"https:\/\/www.maicschulte.de\/wordpress\/wp-content\/uploads\/2012\/05\/Heck-II.jpg\" data-rel=\"lightbox-gallery-0\" data-rl_title data-rl_caption><img loading=\"lazy\" decoding=\"async\" width=\"611\" height=\"860\" src=\"https:\/\/www.maicschulte.de\/wordpress\/wp-content\/uploads\/2012\/05\/Heck-II.jpg\" alt class=\"wp-image-1184\" title srcset=\"https:\/\/www.maicschulte.de\/wordpress\/wp-content\/uploads\/2012\/05\/Heck-II.jpg 611w, https:\/\/www.maicschulte.de\/wordpress\/wp-content\/uploads\/2012\/05\/Heck-II-213x300.jpg 213w, https:\/\/www.maicschulte.de\/wordpress\/wp-content\/uploads\/2012\/05\/Heck-II-373x525.jpg 373w, https:\/\/www.maicschulte.de\/wordpress\/wp-content\/uploads\/2012\/05\/Heck-II-266x375.jpg 266w\" sizes=\"auto, (max-width: 611px) 100vw, 611px\"><\/a><\/figure><\/div>\n\n\n\n<div class=\"wp-block-image\"><figure class=\"aligncenter\"><a href=\"https:\/\/www.maicschulte.de\/wordpress\/wp-content\/uploads\/2012\/05\/Seite.jpg\" data-rel=\"lightbox-gallery-0\" data-rl_title data-rl_caption><img loading=\"lazy\" decoding=\"async\" width=\"1248\" height=\"746\" src=\"https:\/\/www.maicschulte.de\/wordpress\/wp-content\/uploads\/2012\/05\/Seite.jpg\" alt class=\"wp-image-1187\" title srcset=\"https:\/\/www.maicschulte.de\/wordpress\/wp-content\/uploads\/2012\/05\/Seite.jpg 1248w, https:\/\/www.maicschulte.de\/wordpress\/wp-content\/uploads\/2012\/05\/Seite-300x179.jpg 300w, https:\/\/www.maicschulte.de\/wordpress\/wp-content\/uploads\/2012\/05\/Seite-768x459.jpg 768w, https:\/\/www.maicschulte.de\/wordpress\/wp-content\/uploads\/2012\/05\/Seite-840x502.jpg 840w, https:\/\/www.maicschulte.de\/wordpress\/wp-content\/uploads\/2012\/05\/Seite-600x359.jpg 600w\" sizes=\"auto, (max-width: 1248px) 100vw, 1248px\"><\/a><\/figure><\/div>\n","protected":false},"excerpt":{"rendered":"<p>Wie war das noch mit der Jung\u00adfrau, die unver\u00adhofft zum Kinde kommt? \u00c4hn\u00adlich ver\u00adh\u00e4lt es sich mit dieser Mini-Bil\u00ad\u00adder\u00ads\u00adtre\u00ad\u00adcke \u00fcber einen alten Opel Admi\u00adral, denn geplant war diese nicht wirk\u00adlich. Viel\u00adleicht sollte ich ein\u00adfach die Geschich\u00adte von Anfang an erz\u00e4h\u00adlen. Ges\u00adtern hat die Ruhr Clas\u00adsics 2012 in D\u00fcs\u00adsel\u00addorf begon\u00adnen. Ich war nat\u00fcr\u00adlich auch vor Ort, um dort ein paar Bild\u00adchen von dem Event zu machen, als mir diese Perle des Auto\u00admo\u00adbil\u00adbaus unter die Augen gekom\u00admen ist. Leider war der Besit\u00adzer weit und breit nicht zu finden, so das ich mit den Gege\u00adben\u00adhei\u00adten vor Ort vor\u00adlieb nehmen musst. Bei dem Fahr\u00adzeug han\u00addelt es sich um einen ehr\u00adw\u00fcr\u00addi\u00adgen Opel Admi\u00adral B, der zusam\u00admen mit seinen Br\u00fc\u00addern von 1969 bis 1976 gebaut worden ist. Leider wurde die Pro\u00adduk\u00adti\u00adon im Jahre 1976 schon wieder ein\u00adge\u00adstellt und damit ver\u00adschwand nicht nur ein sehr sch\u00f6\u00adnes Auto von unse\u00adren Stra\u00ad\u00dfen, son\u00addern auch eine wohl\u00adklin\u00adgen\u00adde Modell\u00adbe\u00adzeich\u00adnung mit Tradition.<\/p>\n","protected":false},"author":1,"featured_media":1187,"comment_status":"open","ping_status":"open","sticky":false,"template":"","format":"standard","meta":{"wp_typography_post_enhancements_disabled":false,"footnotes":""},"categories":[721,1279],"tags":[1195,1152,1196,1197],"class_list":["post-11197","post","type-post","status-publish","format-standard","has-post-thumbnail","hentry","category-automobiles","category-chronologisch","tag-1969-1976","tag-1152","tag-opel-admiral-b","tag-ruhr-classic"],"yoast_head":"<!-- This site is optimized with the Yoast SEO plugin v27.5 - https:\/\/yoast.com\/product\/yoast-seo-wordpress\/ -->\n<title>Opel Admiral B - Maic Schulte<\/title>\n<meta name=\"description\" content=\"Opel Admiral B - Automobiles - Maic Schulte - Fotografie - Ruhrgebiet - Industrie - Portrait - Events - Autos - Rockabilly - Kunst - Schwarzwei\u00df\" \/>\n<meta name=\"robots\" content=\"index, follow, max-snippet:-1, max-image-preview:large, max-video-preview:-1\" \/>\n<link rel=\"canonical\" href=\"https:\/\/www.maicschulte.de\/wordpress\/?p=11197\" \/>\n<meta property=\"og:locale\" content=\"de_DE\" \/>\n<meta property=\"og:type\" content=\"article\" \/>\n<meta property=\"og:title\" content=\"Opel Admiral B - Maic Schulte\" \/>\n<meta property=\"og:description\" content=\"Opel Admiral B - Automobiles - Maic Schulte - Fotografie - Ruhrgebiet - Industrie - Portrait - Events - Autos - Rockabilly - Kunst - Schwarzwei\u00df\" \/>\n<meta property=\"og:url\" content=\"https:\/\/www.maicschulte.de\/wordpress\/?p=11197\" \/>\n<meta property=\"og:site_name\" content=\"Maic Schulte\" \/>\n<meta property=\"article:published_time\" content=\"2012-05-18T18:54:49+00:00\" \/>\n<meta property=\"article:modified_time\" content=\"2021-01-17T22:01:42+00:00\" \/>\n<meta property=\"og:image\" content=\"https:\/\/www.maicschulte.de\/wordpress\/wp-content\/uploads\/2012\/05\/Seite.jpg\" \/>\n\t<meta property=\"og:image:width\" content=\"1248\" \/>\n\t<meta property=\"og:image:height\" content=\"746\" \/>\n\t<meta property=\"og:image:type\" content=\"image\/jpeg\" \/>\n<meta name=\"author\" content=\"Maic Schulte\" \/>\n<script type=\"application\/ld+json\" class=\"yoast-schema-graph\">{\"@context\":\"https:\\\/\\\/schema.org\",\"@graph\":[{\"@type\":\"Article\",\"@id\":\"https:\\\/\\\/www.maicschulte.de\\\/wordpress\\\/?p=11197#article\",\"isPartOf\":{\"@id\":\"https:\\\/\\\/www.maicschulte.de\\\/wordpress\\\/?p=11197\"},\"author\":{\"name\":\"Maic Schulte\",\"@id\":\"https:\\\/\\\/www.maicschulte.de\\\/wordpress\\\/#\\\/schema\\\/person\\\/809698f1c7b1655959515001723d716e\"},\"headline\":\"Opel Admiral B\",\"datePublished\":\"2012-05-18T18:54:49+00:00\",\"dateModified\":\"2021-01-17T22:01:42+00:00\",\"mainEntityOfPage\":{\"@id\":\"https:\\\/\\\/www.maicschulte.de\\\/wordpress\\\/?p=11197\"},\"wordCount\":157,\"commentCount\":1,\"publisher\":{\"@id\":\"https:\\\/\\\/www.maicschulte.de\\\/wordpress\\\/#\\\/schema\\\/person\\\/809698f1c7b1655959515001723d716e\"},\"image\":{\"@id\":\"https:\\\/\\\/www.maicschulte.de\\\/wordpress\\\/?p=11197#primaryimage\"},\"thumbnailUrl\":\"https:\\\/\\\/www.maicschulte.de\\\/wordpress\\\/wp-content\\\/uploads\\\/2012\\\/05\\\/Seite.jpg\",\"keywords\":[\"1969-1976\",\"2012\",\"Opel Admiral B\",\"Ruhr Classic\"],\"articleSection\":[\"Automobiles\",\"Chronologisch\"],\"inLanguage\":\"de\",\"potentialAction\":[{\"@type\":\"CommentAction\",\"name\":\"Comment\",\"target\":[\"https:\\\/\\\/www.maicschulte.de\\\/wordpress\\\/?p=11197#respond\"]}]},{\"@type\":\"WebPage\",\"@id\":\"https:\\\/\\\/www.maicschulte.de\\\/wordpress\\\/?p=11197\",\"url\":\"https:\\\/\\\/www.maicschulte.de\\\/wordpress\\\/?p=11197\",\"name\":\"Opel Admiral B - Maic Schulte\",\"isPartOf\":{\"@id\":\"https:\\\/\\\/www.maicschulte.de\\\/wordpress\\\/#website\"},\"primaryImageOfPage\":{\"@id\":\"https:\\\/\\\/www.maicschulte.de\\\/wordpress\\\/?p=11197#primaryimage\"},\"image\":{\"@id\":\"https:\\\/\\\/www.maicschulte.de\\\/wordpress\\\/?p=11197#primaryimage\"},\"thumbnailUrl\":\"https:\\\/\\\/www.maicschulte.de\\\/wordpress\\\/wp-content\\\/uploads\\\/2012\\\/05\\\/Seite.jpg\",\"datePublished\":\"2012-05-18T18:54:49+00:00\",\"dateModified\":\"2021-01-17T22:01:42+00:00\",\"description\":\"Opel Admiral B - Automobiles - Maic Schulte - Fotografie - Ruhrgebiet - Industrie - Portrait - Events - Autos - Rockabilly - Kunst - Schwarzwei\u00df\",\"breadcrumb\":{\"@id\":\"https:\\\/\\\/www.maicschulte.de\\\/wordpress\\\/?p=11197#breadcrumb\"},\"inLanguage\":\"de\",\"potentialAction\":[{\"@type\":\"ReadAction\",\"target\":[\"https:\\\/\\\/www.maicschulte.de\\\/wordpress\\\/?p=11197\"]}]},{\"@type\":\"ImageObject\",\"inLanguage\":\"de\",\"@id\":\"https:\\\/\\\/www.maicschulte.de\\\/wordpress\\\/?p=11197#primaryimage\",\"url\":\"https:\\\/\\\/www.maicschulte.de\\\/wordpress\\\/wp-content\\\/uploads\\\/2012\\\/05\\\/Seite.jpg\",\"contentUrl\":\"https:\\\/\\\/www.maicschulte.de\\\/wordpress\\\/wp-content\\\/uploads\\\/2012\\\/05\\\/Seite.jpg\",\"width\":1248,\"height\":746},{\"@type\":\"BreadcrumbList\",\"@id\":\"https:\\\/\\\/www.maicschulte.de\\\/wordpress\\\/?p=11197#breadcrumb\",\"itemListElement\":[{\"@type\":\"ListItem\",\"position\":1,\"name\":\"Startseite\",\"item\":\"https:\\\/\\\/www.maicschulte.de\\\/wordpress\"},{\"@type\":\"ListItem\",\"position\":2,\"name\":\"Opel Admiral B\"}]},{\"@type\":\"WebSite\",\"@id\":\"https:\\\/\\\/www.maicschulte.de\\\/wordpress\\\/#website\",\"url\":\"https:\\\/\\\/www.maicschulte.de\\\/wordpress\\\/\",\"name\":\"Maic Schulte\",\"description\":\"Fotografie aus Leidenschaft\",\"publisher\":{\"@id\":\"https:\\\/\\\/www.maicschulte.de\\\/wordpress\\\/#\\\/schema\\\/person\\\/809698f1c7b1655959515001723d716e\"},\"potentialAction\":[{\"@type\":\"SearchAction\",\"target\":{\"@type\":\"EntryPoint\",\"urlTemplate\":\"https:\\\/\\\/www.maicschulte.de\\\/wordpress\\\/?s={search_term_string}\"},\"query-input\":{\"@type\":\"PropertyValueSpecification\",\"valueRequired\":true,\"valueName\":\"search_term_string\"}}],\"inLanguage\":\"de\"},{\"@type\":[\"Person\",\"Organization\"],\"@id\":\"https:\\\/\\\/www.maicschulte.de\\\/wordpress\\\/#\\\/schema\\\/person\\\/809698f1c7b1655959515001723d716e\",\"name\":\"Maic Schulte\",\"image\":{\"@type\":\"ImageObject\",\"inLanguage\":\"de\",\"@id\":\"https:\\\/\\\/www.maicschulte.de\\\/wordpress\\\/wp-content\\\/uploads\\\/2025\\\/05\\\/Chronus_Maic_Schulte_Logo_605px-3.png\",\"url\":\"https:\\\/\\\/www.maicschulte.de\\\/wordpress\\\/wp-content\\\/uploads\\\/2025\\\/05\\\/Chronus_Maic_Schulte_Logo_605px-3.png\",\"contentUrl\":\"https:\\\/\\\/www.maicschulte.de\\\/wordpress\\\/wp-content\\\/uploads\\\/2025\\\/05\\\/Chronus_Maic_Schulte_Logo_605px-3.png\",\"width\":605,\"height\":200,\"caption\":\"Maic Schulte\"},\"logo\":{\"@id\":\"https:\\\/\\\/www.maicschulte.de\\\/wordpress\\\/wp-content\\\/uploads\\\/2025\\\/05\\\/Chronus_Maic_Schulte_Logo_605px-3.png\"},\"description\":\"Seit dem Tag, an dem mein Vater mich mit einer Kamera, einem Objektiv und zwei Illford-Schwarzwei\u00df-Filmen auf Entdeckungs-Tour geschickt hat, begleitet mich das Thema \\\"Fotografie\\\". Basierend auf WordPress, stellt diese Webseite - jetzt und in der Zukunft - eine Heimat f\u00fcr all meine Artikel und Fotos dar, welche wiederum aus allen Themenbereichen der klassischen &amp; modernen Fotografie kommen. Sei es nun die Fotografie in Schwarz-Wei\u00df; die Erkundung ehemaliger Industriegel\u00e4nde, welche f\u00fcr mich am ehesten \u201eDas Herz des Reviers\u201c widerspiegeln; ausdrucksstarke Portraits oder farbenfrohe Naturaufnahmen. Ganz egal! Es gelingt einfach jedem fotografischen Thema, meine Neugierde darauf zu erwecken. Dar\u00fcber hinaus habe ich aber auch ein ger\u00fctteltes Ma\u00df an Benzin im Blut und mag Autos &amp; Motorr\u00e4der, ganz egal ob nun neu, alt, aufgemotzt oder vollkommen original. Du siehst, die Auswahl an Artikeln &amp; Fotos ist also genauso breit gef\u00e4chert wie meine fotografischen Interessen.\",\"sameAs\":[\"https:\\\/\\\/www.maicschulte.de\"]}]}<\/script>\n<!-- \/ Yoast SEO plugin. -->","yoast_head_json":{"title":"Opel Admiral B - Maic Schulte","description":"Opel Admiral B - Automobiles - Maic Schulte - Fotografie - Ruhrgebiet - Industrie - Portrait - Events - Autos - Rockabilly - Kunst - Schwarzwei\u00df","robots":{"index":"index","follow":"follow","max-snippet":"max-snippet:-1","max-image-preview":"max-image-preview:large","max-video-preview":"max-video-preview:-1"},"canonical":"https:\/\/www.maicschulte.de\/wordpress\/?p=11197","og_locale":"de_DE","og_type":"article","og_title":"Opel Admiral B - Maic Schulte","og_description":"Opel Admiral B - Automobiles - Maic Schulte - Fotografie - Ruhrgebiet - Industrie - Portrait - Events - Autos - Rockabilly - Kunst - Schwarzwei\u00df","og_url":"https:\/\/www.maicschulte.de\/wordpress\/?p=11197","og_site_name":"Maic Schulte","article_published_time":"2012-05-18T18:54:49+00:00","article_modified_time":"2021-01-17T22:01:42+00:00","og_image":[{"width":1248,"height":746,"url":"https:\/\/www.maicschulte.de\/wordpress\/wp-content\/uploads\/2012\/05\/Seite.jpg","type":"image\/jpeg"}],"author":"Maic Schulte","schema":{"@context":"https:\/\/schema.org","@graph":[{"@type":"Article","@id":"https:\/\/www.maicschulte.de\/wordpress\/?p=11197#article","isPartOf":{"@id":"https:\/\/www.maicschulte.de\/wordpress\/?p=11197"},"author":{"name":"Maic Schulte","@id":"https:\/\/www.maicschulte.de\/wordpress\/#\/schema\/person\/809698f1c7b1655959515001723d716e"},"headline":"Opel Admiral B","datePublished":"2012-05-18T18:54:49+00:00","dateModified":"2021-01-17T22:01:42+00:00","mainEntityOfPage":{"@id":"https:\/\/www.maicschulte.de\/wordpress\/?p=11197"},"wordCount":157,"commentCount":1,"publisher":{"@id":"https:\/\/www.maicschulte.de\/wordpress\/#\/schema\/person\/809698f1c7b1655959515001723d716e"},"image":{"@id":"https:\/\/www.maicschulte.de\/wordpress\/?p=11197#primaryimage"},"thumbnailUrl":"https:\/\/www.maicschulte.de\/wordpress\/wp-content\/uploads\/2012\/05\/Seite.jpg","keywords":["1969-1976","2012","Opel Admiral B","Ruhr Classic"],"articleSection":["Automobiles","Chronologisch"],"inLanguage":"de","potentialAction":[{"@type":"CommentAction","name":"Comment","target":["https:\/\/www.maicschulte.de\/wordpress\/?p=11197#respond"]}]},{"@type":"WebPage","@id":"https:\/\/www.maicschulte.de\/wordpress\/?p=11197","url":"https:\/\/www.maicschulte.de\/wordpress\/?p=11197","name":"Opel Admiral B - Maic Schulte","isPartOf":{"@id":"https:\/\/www.maicschulte.de\/wordpress\/#website"},"primaryImageOfPage":{"@id":"https:\/\/www.maicschulte.de\/wordpress\/?p=11197#primaryimage"},"image":{"@id":"https:\/\/www.maicschulte.de\/wordpress\/?p=11197#primaryimage"},"thumbnailUrl":"https:\/\/www.maicschulte.de\/wordpress\/wp-content\/uploads\/2012\/05\/Seite.jpg","datePublished":"2012-05-18T18:54:49+00:00","dateModified":"2021-01-17T22:01:42+00:00","description":"Opel Admiral B - Automobiles - Maic Schulte - Fotografie - Ruhrgebiet - Industrie - Portrait - Events - Autos - Rockabilly - Kunst - Schwarzwei\u00df","breadcrumb":{"@id":"https:\/\/www.maicschulte.de\/wordpress\/?p=11197#breadcrumb"},"inLanguage":"de","potentialAction":[{"@type":"ReadAction","target":["https:\/\/www.maicschulte.de\/wordpress\/?p=11197"]}]},{"@type":"ImageObject","inLanguage":"de","@id":"https:\/\/www.maicschulte.de\/wordpress\/?p=11197#primaryimage","url":"https:\/\/www.maicschulte.de\/wordpress\/wp-content\/uploads\/2012\/05\/Seite.jpg","contentUrl":"https:\/\/www.maicschulte.de\/wordpress\/wp-content\/uploads\/2012\/05\/Seite.jpg","width":1248,"height":746},{"@type":"BreadcrumbList","@id":"https:\/\/www.maicschulte.de\/wordpress\/?p=11197#breadcrumb","itemListElement":[{"@type":"ListItem","position":1,"name":"Startseite","item":"https:\/\/www.maicschulte.de\/wordpress"},{"@type":"ListItem","position":2,"name":"Opel Admiral B"}]},{"@type":"WebSite","@id":"https:\/\/www.maicschulte.de\/wordpress\/#website","url":"https:\/\/www.maicschulte.de\/wordpress\/","name":"Maic Schulte","description":"Fotografie aus Leidenschaft","publisher":{"@id":"https:\/\/www.maicschulte.de\/wordpress\/#\/schema\/person\/809698f1c7b1655959515001723d716e"},"potentialAction":[{"@type":"SearchAction","target":{"@type":"EntryPoint","urlTemplate":"https:\/\/www.maicschulte.de\/wordpress\/?s={search_term_string}"},"query-input":{"@type":"PropertyValueSpecification","valueRequired":true,"valueName":"search_term_string"}}],"inLanguage":"de"},{"@type":["Person","Organization"],"@id":"https:\/\/www.maicschulte.de\/wordpress\/#\/schema\/person\/809698f1c7b1655959515001723d716e","name":"Maic Schulte","image":{"@type":"ImageObject","inLanguage":"de","@id":"https:\/\/www.maicschulte.de\/wordpress\/wp-content\/uploads\/2025\/05\/Chronus_Maic_Schulte_Logo_605px-3.png","url":"https:\/\/www.maicschulte.de\/wordpress\/wp-content\/uploads\/2025\/05\/Chronus_Maic_Schulte_Logo_605px-3.png","contentUrl":"https:\/\/www.maicschulte.de\/wordpress\/wp-content\/uploads\/2025\/05\/Chronus_Maic_Schulte_Logo_605px-3.png","width":605,"height":200,"caption":"Maic Schulte"},"logo":{"@id":"https:\/\/www.maicschulte.de\/wordpress\/wp-content\/uploads\/2025\/05\/Chronus_Maic_Schulte_Logo_605px-3.png"},"description":"Seit dem Tag, an dem mein Vater mich mit einer Kamera, einem Objektiv und zwei Illford-Schwarzwei\u00df-Filmen auf Entdeckungs-Tour geschickt hat, begleitet mich das Thema \"Fotografie\". Basierend auf WordPress, stellt diese Webseite - jetzt und in der Zukunft - eine Heimat f\u00fcr all meine Artikel und Fotos dar, welche wiederum aus allen Themenbereichen der klassischen &amp; modernen Fotografie kommen. Sei es nun die Fotografie in Schwarz-Wei\u00df; die Erkundung ehemaliger Industriegel\u00e4nde, welche f\u00fcr mich am ehesten \u201eDas Herz des Reviers\u201c widerspiegeln; ausdrucksstarke Portraits oder farbenfrohe Naturaufnahmen. Ganz egal! Es gelingt einfach jedem fotografischen Thema, meine Neugierde darauf zu erwecken. Dar\u00fcber hinaus habe ich aber auch ein ger\u00fctteltes Ma\u00df an Benzin im Blut und mag Autos &amp; Motorr\u00e4der, ganz egal ob nun neu, alt, aufgemotzt oder vollkommen original. Du siehst, die Auswahl an Artikeln &amp; Fotos ist also genauso breit gef\u00e4chert wie meine fotografischen Interessen.","sameAs":["https:\/\/www.maicschulte.de"]}]}},"_links":{"self":[{"href":"https:\/\/www.maicschulte.de\/wordpress\/index.php?rest_route=\/wp\/v2\/posts\/11197","targetHints":{"allow":["GET"]}}],"collection":[{"href":"https:\/\/www.maicschulte.de\/wordpress\/index.php?rest_route=\/wp\/v2\/posts"}],"about":[{"href":"https:\/\/www.maicschulte.de\/wordpress\/index.php?rest_route=\/wp\/v2\/types\/post"}],"author":[{"embeddable":true,"href":"https:\/\/www.maicschulte.de\/wordpress\/index.php?rest_route=\/wp\/v2\/users\/1"}],"replies":[{"embeddable":true,"href":"https:\/\/www.maicschulte.de\/wordpress\/index.php?rest_route=%2Fwp%2Fv2%2Fcomments&post=11197"}],"version-history":[{"count":2,"href":"https:\/\/www.maicschulte.de\/wordpress\/index.php?rest_route=\/wp\/v2\/posts\/11197\/revisions"}],"predecessor-version":[{"id":12148,"href":"https:\/\/www.maicschulte.de\/wordpress\/index.php?rest_route=\/wp\/v2\/posts\/11197\/revisions\/12148"}],"wp:featuredmedia":[{"embeddable":true,"href":"https:\/\/www.maicschulte.de\/wordpress\/index.php?rest_route=\/wp\/v2\/media\/1187"}],"wp:attachment":[{"href":"https:\/\/www.maicschulte.de\/wordpress\/index.php?rest_route=%2Fwp%2Fv2%2Fmedia&parent=11197"}],"wp:term":[{"taxonomy":"category","embeddable":true,"href":"https:\/\/www.maicschulte.de\/wordpress\/index.php?rest_route=%2Fwp%2Fv2%2Fcategories&post=11197"},{"taxonomy":"post_tag","embeddable":true,"href":"https:\/\/www.maicschulte.de\/wordpress\/index.php?rest_route=%2Fwp%2Fv2%2Ftags&post=11197"}],"curies":[{"name":"wp","href":"https:\/\/api.w.org\/{rel}","templated":true}]}}