{"id":11201,"date":"2012-05-27T22:53:47","date_gmt":"2012-05-27T20:53:47","guid":{"rendered":"http:\/\/www.1001cars.de\/wordpress\/?p=1293"},"modified":"2021-01-17T22:59:37","modified_gmt":"2021-01-17T21:59:37","slug":"zufallsbegegnung-mit-einem-osi-ford-20mts","status":"publish","type":"post","link":"https:\/\/www.maicschulte.de\/wordpress\/?p=11201","title":{"rendered":"Zufallsbegegnung mit einem OSI Ford&nbsp;20mTS"},"content":{"rendered":"\n<p>Manch\u00admal muss man ein\u00adfach ein biss\u00adchen Gl\u00fcck haben und zur rech\u00adten Zeit am rech\u00adten Fleck sein. Ansons\u00adten ent\u00adge\u00adhen einem die wirk\u00adli\u00adchen auto\u00admo\u00adbi\u00adlen Sch\u00e4t\u00adze, die noch auf Deutsch\u00adlands Stra\u00ad\u00dfen unter\u00adwegs&nbsp;sind.<\/p>\n\n\n\n<p>Gl\u00fcck hatte ich tat\u00ads\u00e4ch\u00adlich, denn ein OSI \u2014 Ford 20mTS geh\u00f6rt wahr\u00adlich nicht zum all\u00adt\u00e4g\u00adli\u00adchen Stra\u00ad\u00dfen\u00adbild und ist auch auf den meis\u00adten Tref\u00adfen ein selten gese\u00adhe\u00adner Gast. Das mag ein ganz klein wenig damit zu tun haben, dass in der Zeit von 1967\u20131968 keine 4000 Model\u00adle vom Band gerollt sind. Genau genom\u00admen gibt es sogar noch ein Fahr\u00adzeug mehr, aber das anl\u00e4ss\u00adlich des \u201967 Pari\u00adser Auto\u00adsa\u00adlon vor\u00adge\u00adstell\u00adte Cabrio\u00adlet ist nie in die Seri\u00aden\u00adfer\u00adti\u00adgung gegan\u00adgen und blieb somit ein Ein\u00adzel\u00adst\u00fcck. \u00dcber die tat\u00ads\u00e4ch\u00adlich gefer\u00adtig\u00adten St\u00fcck\u00adzah\u00adlen gibt es \u00fcbri\u00adgens keine Klar\u00adheit, man spe\u00adku\u00adliert aber mit Werten zwi\u00adschen 2000\u20134000 St\u00fcck, wobei diese aber je nach Quelle stark schwanken.<\/p>\n\n\n\n<p>In Deutsch\u00adland wurden immer\u00adhin ganze 409 Model\u00adle mit dem Ford 2,3 Liter V6-Motor zuge\u00adlas\u00adsen und die rest\u00adli\u00adchen 870 mit dem Ford 2,0 Liter V6. Somit z\u00e4hlen die 2,3 Liter-Ver\u00adsio\u00adnen sogar noch zu den sel\u00adte\u00adne\u00adren Aus\u00adf\u00fch\u00adrun\u00adgen dieses Fahr\u00adzeugs und d\u00fcrfte sich von daher in Samm\u00adler\u00adkrei\u00adsen gr\u00f6\u00df\u00adter Beliebt\u00adheit erfreuen.<\/p>\n\n\n\n<p>Ver\u00adant\u00adwort\u00adlich f\u00fcr das Design zeich\u00adne\u00adte sei\u00adner\u00adzeit \u00fcbri\u00adgens Sergio Sar\u00adtor\u00adel\u00adli, aus dessen Feder auch schon der VW Kar\u00admann Ghia stamm\u00adte. Tech\u00adni\u00adsche Basis f\u00fcr dieses Coupe, das beim ita\u00adlie\u00adni\u00adschen Auto\u00adbau\u00ader <em>Offi\u00adci\u00adne Stam\u00adpaggi Indus\u00adtria\u00adli<\/em> \u2014 wof\u00fcr OSI letzt\u00adend\u00adlich steht \u2014 in den Jahren 1967 und 1968 gebaut wurde, war der Ford&nbsp;20m.<\/p>\n\n\n\n<p>1968 musste die Firma OSI dann Insol\u00advenz anmel\u00adden, womit auch das Schick\u00adsal des 20mTS und wei\u00adte\u00adrer Ent\u00adwick\u00adlun\u00adgen besie\u00adgelt&nbsp;war&nbsp;\u2026<\/p>\n\n\n\n<!--more-->\n\n\n\n<div class=\"wp-block-image\"><figure class=\"aligncenter\"><a href=\"https:\/\/www.maicschulte.de\/wordpress\/wp-content\/uploads\/2012\/05\/Ford-Osi-Front-I.jpg\" data-rel=\"lightbox-gallery-0\" data-rl_title data-rl_caption><img decoding=\"async\" src=\"https:\/\/www.maicschulte.de\/wordpress\/wp-content\/uploads\/2012\/05\/Ford-Osi-Front-I.jpg\" alt class=\"wp-image-1301\" title><\/a><\/figure><\/div>\n\n\n\n<div class=\"wp-block-image\"><figure class=\"aligncenter\"><a href=\"https:\/\/www.maicschulte.de\/wordpress\/wp-content\/uploads\/2012\/05\/Ford-Osi-Heck-I.jpg\" data-rel=\"lightbox-gallery-0\" data-rl_title data-rl_caption><img decoding=\"async\" src=\"https:\/\/www.maicschulte.de\/wordpress\/wp-content\/uploads\/2012\/05\/Ford-Osi-Heck-I.jpg\" alt class=\"wp-image-1304\" title><\/a><\/figure><\/div>\n\n\n\n<div class=\"wp-block-image\"><figure class=\"aligncenter\"><a href=\"https:\/\/www.maicschulte.de\/wordpress\/wp-content\/uploads\/2012\/05\/OSI-20mTS-Emblem.jpg\" data-rel=\"lightbox-gallery-0\" data-rl_title data-rl_caption><img decoding=\"async\" src=\"https:\/\/www.maicschulte.de\/wordpress\/wp-content\/uploads\/2012\/05\/OSI-20mTS-Emblem.jpg\" alt class=\"wp-image-1306\" title><\/a><\/figure><\/div>\n\n\n\n<div class=\"wp-block-image\"><figure class=\"aligncenter\"><a href=\"https:\/\/www.maicschulte.de\/wordpress\/wp-content\/uploads\/2012\/05\/Ford-Osi-Fahrerseite-II.jpg\" data-rel=\"lightbox-gallery-0\" data-rl_title data-rl_caption><img loading=\"lazy\" decoding=\"async\" width=\"1248\" height=\"739\" src=\"https:\/\/www.maicschulte.de\/wordpress\/wp-content\/uploads\/2012\/05\/Ford-Osi-Fahrerseite-II.jpg\" alt class=\"wp-image-1300\" title srcset=\"https:\/\/www.maicschulte.de\/wordpress\/wp-content\/uploads\/2012\/05\/Ford-Osi-Fahrerseite-II.jpg 1248w, https:\/\/www.maicschulte.de\/wordpress\/wp-content\/uploads\/2012\/05\/Ford-Osi-Fahrerseite-II-300x178.jpg 300w, https:\/\/www.maicschulte.de\/wordpress\/wp-content\/uploads\/2012\/05\/Ford-Osi-Fahrerseite-II-768x455.jpg 768w, https:\/\/www.maicschulte.de\/wordpress\/wp-content\/uploads\/2012\/05\/Ford-Osi-Fahrerseite-II-840x497.jpg 840w, https:\/\/www.maicschulte.de\/wordpress\/wp-content\/uploads\/2012\/05\/Ford-Osi-Fahrerseite-II-600x355.jpg 600w\" sizes=\"auto, (max-width: 1248px) 100vw, 1248px\"><\/a><\/figure><\/div>\n\n\n\n<div class=\"wp-block-image\"><figure class=\"aligncenter\"><a href=\"https:\/\/www.maicschulte.de\/wordpress\/wp-content\/uploads\/2012\/05\/Ford-Osi-Heck-II.jpg\" data-rel=\"lightbox-gallery-0\" data-rl_title data-rl_caption><img decoding=\"async\" src=\"https:\/\/www.maicschulte.de\/wordpress\/wp-content\/uploads\/2012\/05\/Ford-Osi-Heck-II.jpg\" alt class=\"wp-image-1305\" title><\/a><\/figure><\/div>\n\n\n\n<div class=\"wp-block-image\"><figure class=\"aligncenter\"><a href=\"https:\/\/www.maicschulte.de\/wordpress\/wp-content\/uploads\/2012\/05\/Ford-Osi-Front-II.jpg\" data-rel=\"lightbox-gallery-0\" data-rl_title data-rl_caption><img decoding=\"async\" src=\"https:\/\/www.maicschulte.de\/wordpress\/wp-content\/uploads\/2012\/05\/Ford-Osi-Front-II.jpg\" alt class=\"wp-image-1302\" title><\/a><\/figure><\/div>\n\n\n\n<div class=\"wp-block-image\"><figure class=\"aligncenter\"><a href=\"https:\/\/www.maicschulte.de\/wordpress\/wp-content\/uploads\/2012\/05\/Ford-Osi-Front-III.jpg\" data-rel=\"lightbox-gallery-0\" data-rl_title data-rl_caption><img decoding=\"async\" src=\"https:\/\/www.maicschulte.de\/wordpress\/wp-content\/uploads\/2012\/05\/Ford-Osi-Front-III.jpg\" alt class=\"wp-image-1303\" title><\/a><\/figure><\/div>\n\n\n\n<div class=\"wp-block-image\"><figure class=\"aligncenter\"><a href=\"https:\/\/www.maicschulte.de\/wordpress\/wp-content\/uploads\/2012\/05\/Ford-Osi-Fahrerseite-I.jpg\" data-rel=\"lightbox-gallery-0\" data-rl_title data-rl_caption><img decoding=\"async\" src=\"https:\/\/www.maicschulte.de\/wordpress\/wp-content\/uploads\/2012\/05\/Ford-Osi-Fahrerseite-I.jpg\" alt class=\"wp-image-1299\" title><\/a><\/figure><\/div>\n\n\n\n<p>P.S: Falls der Besit\u00adzer des Fahr\u00adzeugs diesen Arti\u00adkel liest, so m\u00f6ge er sich doch bitte einmal bei mir melden. Nur zu gerne w\u00fcrde ich dieses Fahr\u00adzeug noch einmal foto\u00adgra\u00adfie\u00adren, dies\u00admal aber in pas\u00adsen\u00adde\u00adrer Umge\u00adbung und ohne die ganzen \u201cPlas\u00adtik\u00adbom\u00adber\u201d drumherum&nbsp;;-).<\/p>\n","protected":false},"excerpt":{"rendered":"<p>Manch\u00admal muss man ein\u00adfach ein biss\u00adchen Gl\u00fcck haben und zur rech\u00adten Zeit am rech\u00adten Fleck sein. Ansons\u00adten ent\u00adge\u00adhen einem die wirk\u00adli\u00adchen auto\u00admo\u00adbi\u00adlen Sch\u00e4t\u00adze, die noch auf Deutsch\u00adlands Stra\u00ad\u00dfen unter\u00adwegs&nbsp;sind. Gl\u00fcck hatte ich tat\u00ads\u00e4ch\u00adlich, denn ein OSI \u2014 Ford 20mTS geh\u00f6rt wahr\u00adlich nicht zum all\u00adt\u00e4g\u00adli\u00adchen Stra\u00ad\u00dfen\u00adbild und ist auch auf den meis\u00adten Tref\u00adfen ein selten gese\u00adhe\u00adner Gast. Das mag ein ganz klein wenig damit zu tun haben, dass in der Zeit von 1967\u20131968 keine 4000 Model\u00adle vom Band gerollt sind. Genau genom\u00admen gibt es sogar noch ein Fahr\u00adzeug mehr, aber das anl\u00e4ss\u00adlich des \u201967 Pari\u00adser Auto\u00adsa\u00adlon vor\u00adge\u00adstell\u00adte Cabrio\u00adlet ist nie in die Seri\u00aden\u00adfer\u00adti\u00adgung gegan\u00adgen und blieb somit ein Ein\u00adzel\u00adst\u00fcck. \u00dcber die tat\u00ads\u00e4ch\u00adlich gefer\u00adtig\u00adten St\u00fcck\u00adzah\u00adlen gibt es \u00fcbri\u00adgens keine Klar\u00adheit, man spe\u00adku\u00adliert aber mit Werten zwi\u00adschen 2000\u20134000 St\u00fcck, wobei diese aber je nach Quelle stark schwan\u00adken. In Deutsch\u00adland wurden immer\u00adhin ganze 409 Model\u00adle mit dem Ford 2,3 Liter V6-Motor zuge\u00adlas\u00adsen und die rest\u00adli\u00adchen 870 mit dem Ford 2,0 Liter V6. Somit z\u00e4hlen die 2,3 Liter-Ver\u00ad\u00ad\u00adsio\u00ad\u00adnen sogar noch zu den sel\u00adte\u00adne\u00adren Aus\u00adf\u00fch\u00adrun\u00adgen dieses Fahr\u00adzeugs und d\u00fcrfte sich von daher in Samm\u00adler\u00adkrei\u00adsen gr\u00f6\u00df\u00adter Beliebt\u00adheit erfreu\u00aden. Ver\u00adant\u00adwort\u00adlich f\u00fcr das Design zeich\u00adne\u00adte sei\u00adner\u00adzeit \u00fcbri\u00adgens Sergio Sar\u00adtor\u00adel\u00adli, aus dessen Feder auch schon der VW Kar\u00admann Ghia stamm\u00adte. Tech\u00adni\u00adsche Basis f\u00fcr dieses Coupe, das beim ita\u00adlie\u00adni\u00adschen Auto\u00adbau\u00ader Offi\u00adci\u00adne Stam\u00adpaggi Indus\u00adtria\u00adli \u2014 wof\u00fcr OSI letzt\u00adend\u00adlich steht \u2014 in den Jahren 1967 und 1968 gebaut wurde, war der Ford&nbsp;20m. 1968 musste die Firma OSI dann Insol\u00advenz anmel\u00adden, womit auch das Schick\u00adsal des 20mTS und wei\u00adte\u00adrer Ent\u00adwick\u00adlun\u00adgen besie\u00adgelt&nbsp;war&nbsp;\u2026<\/p>\n","protected":false},"author":1,"featured_media":10430,"comment_status":"open","ping_status":"open","sticky":false,"template":"","format":"standard","meta":{"wp_typography_post_enhancements_disabled":false,"footnotes":""},"categories":[721,1279],"tags":[1200,821,39,1201,760],"class_list":["post-11201","post","type-post","status-publish","format-standard","has-post-thumbnail","hentry","category-automobiles","category-chronologisch","tag-20mts","tag-coupe","tag-ford","tag-osi","tag-youngtimer"],"yoast_head":"<!-- This site is optimized with the Yoast SEO plugin v27.5 - https:\/\/yoast.com\/product\/yoast-seo-wordpress\/ -->\n<title>Zufallsbegegnung mit einem OSI Ford 20mTS - Maic Schulte<\/title>\n<meta name=\"description\" content=\"Zufallsbegegnung mit einem OSI Ford 20mTS - Automobiles - Maic Schulte - Fotografie - Ruhrgebiet - Industrie - Portrait - Events - Autos - Rockabilly - Kunst - Schwarzwei\u00df\" \/>\n<meta name=\"robots\" content=\"index, follow, max-snippet:-1, max-image-preview:large, max-video-preview:-1\" \/>\n<link rel=\"canonical\" href=\"https:\/\/www.maicschulte.de\/wordpress\/?p=11201\" \/>\n<meta property=\"og:locale\" content=\"de_DE\" \/>\n<meta property=\"og:type\" content=\"article\" \/>\n<meta property=\"og:title\" content=\"Zufallsbegegnung mit einem OSI Ford 20mTS - Maic Schulte\" \/>\n<meta property=\"og:description\" content=\"Zufallsbegegnung mit einem OSI Ford 20mTS - Automobiles - Maic Schulte - Fotografie - Ruhrgebiet - Industrie - Portrait - Events - Autos - Rockabilly - Kunst - Schwarzwei\u00df\" \/>\n<meta property=\"og:url\" content=\"https:\/\/www.maicschulte.de\/wordpress\/?p=11201\" \/>\n<meta property=\"og:site_name\" content=\"Maic Schulte\" \/>\n<meta property=\"article:published_time\" content=\"2012-05-27T20:53:47+00:00\" \/>\n<meta property=\"article:modified_time\" content=\"2021-01-17T21:59:37+00:00\" \/>\n<meta property=\"og:image\" content=\"https:\/\/www.maicschulte.de\/wordpress\/wp-content\/uploads\/2012\/05\/Ford-Osi-Front-I.jpg\" \/>\n\t<meta property=\"og:image:width\" content=\"1248\" \/>\n\t<meta property=\"og:image:height\" content=\"860\" \/>\n\t<meta property=\"og:image:type\" content=\"image\/jpeg\" \/>\n<meta name=\"author\" content=\"Maic Schulte\" \/>\n<script type=\"application\/ld+json\" class=\"yoast-schema-graph\">{\"@context\":\"https:\\\/\\\/schema.org\",\"@graph\":[{\"@type\":\"Article\",\"@id\":\"https:\\\/\\\/www.maicschulte.de\\\/wordpress\\\/?p=11201#article\",\"isPartOf\":{\"@id\":\"https:\\\/\\\/www.maicschulte.de\\\/wordpress\\\/?p=11201\"},\"author\":{\"name\":\"Maic Schulte\",\"@id\":\"https:\\\/\\\/www.maicschulte.de\\\/wordpress\\\/#\\\/schema\\\/person\\\/809698f1c7b1655959515001723d716e\"},\"headline\":\"Zufallsbegegnung mit einem OSI Ford&nbsp;20mTS\",\"datePublished\":\"2012-05-27T20:53:47+00:00\",\"dateModified\":\"2021-01-17T21:59:37+00:00\",\"mainEntityOfPage\":{\"@id\":\"https:\\\/\\\/www.maicschulte.de\\\/wordpress\\\/?p=11201\"},\"wordCount\":311,\"commentCount\":8,\"publisher\":{\"@id\":\"https:\\\/\\\/www.maicschulte.de\\\/wordpress\\\/#\\\/schema\\\/person\\\/809698f1c7b1655959515001723d716e\"},\"image\":{\"@id\":\"https:\\\/\\\/www.maicschulte.de\\\/wordpress\\\/?p=11201#primaryimage\"},\"thumbnailUrl\":\"https:\\\/\\\/www.maicschulte.de\\\/wordpress\\\/wp-content\\\/uploads\\\/2012\\\/05\\\/Ford-Osi-Front-I.jpg\",\"keywords\":[\"20mTS\",\"Coupe\",\"Ford\",\"Osi\",\"Youngtimer\"],\"articleSection\":[\"Automobiles\",\"Chronologisch\"],\"inLanguage\":\"de\",\"potentialAction\":[{\"@type\":\"CommentAction\",\"name\":\"Comment\",\"target\":[\"https:\\\/\\\/www.maicschulte.de\\\/wordpress\\\/?p=11201#respond\"]}]},{\"@type\":\"WebPage\",\"@id\":\"https:\\\/\\\/www.maicschulte.de\\\/wordpress\\\/?p=11201\",\"url\":\"https:\\\/\\\/www.maicschulte.de\\\/wordpress\\\/?p=11201\",\"name\":\"Zufallsbegegnung mit einem OSI Ford 20mTS - Maic Schulte\",\"isPartOf\":{\"@id\":\"https:\\\/\\\/www.maicschulte.de\\\/wordpress\\\/#website\"},\"primaryImageOfPage\":{\"@id\":\"https:\\\/\\\/www.maicschulte.de\\\/wordpress\\\/?p=11201#primaryimage\"},\"image\":{\"@id\":\"https:\\\/\\\/www.maicschulte.de\\\/wordpress\\\/?p=11201#primaryimage\"},\"thumbnailUrl\":\"https:\\\/\\\/www.maicschulte.de\\\/wordpress\\\/wp-content\\\/uploads\\\/2012\\\/05\\\/Ford-Osi-Front-I.jpg\",\"datePublished\":\"2012-05-27T20:53:47+00:00\",\"dateModified\":\"2021-01-17T21:59:37+00:00\",\"description\":\"Zufallsbegegnung mit einem OSI Ford 20mTS - Automobiles - Maic Schulte - Fotografie - Ruhrgebiet - Industrie - Portrait - Events - Autos - Rockabilly - Kunst - Schwarzwei\u00df\",\"breadcrumb\":{\"@id\":\"https:\\\/\\\/www.maicschulte.de\\\/wordpress\\\/?p=11201#breadcrumb\"},\"inLanguage\":\"de\",\"potentialAction\":[{\"@type\":\"ReadAction\",\"target\":[\"https:\\\/\\\/www.maicschulte.de\\\/wordpress\\\/?p=11201\"]}]},{\"@type\":\"ImageObject\",\"inLanguage\":\"de\",\"@id\":\"https:\\\/\\\/www.maicschulte.de\\\/wordpress\\\/?p=11201#primaryimage\",\"url\":\"https:\\\/\\\/www.maicschulte.de\\\/wordpress\\\/wp-content\\\/uploads\\\/2012\\\/05\\\/Ford-Osi-Front-I.jpg\",\"contentUrl\":\"https:\\\/\\\/www.maicschulte.de\\\/wordpress\\\/wp-content\\\/uploads\\\/2012\\\/05\\\/Ford-Osi-Front-I.jpg\",\"width\":1248,\"height\":860},{\"@type\":\"BreadcrumbList\",\"@id\":\"https:\\\/\\\/www.maicschulte.de\\\/wordpress\\\/?p=11201#breadcrumb\",\"itemListElement\":[{\"@type\":\"ListItem\",\"position\":1,\"name\":\"Startseite\",\"item\":\"https:\\\/\\\/www.maicschulte.de\\\/wordpress\"},{\"@type\":\"ListItem\",\"position\":2,\"name\":\"Zufallsbegegnung mit einem OSI Ford&nbsp;20mTS\"}]},{\"@type\":\"WebSite\",\"@id\":\"https:\\\/\\\/www.maicschulte.de\\\/wordpress\\\/#website\",\"url\":\"https:\\\/\\\/www.maicschulte.de\\\/wordpress\\\/\",\"name\":\"Maic Schulte\",\"description\":\"Fotografie aus Leidenschaft\",\"publisher\":{\"@id\":\"https:\\\/\\\/www.maicschulte.de\\\/wordpress\\\/#\\\/schema\\\/person\\\/809698f1c7b1655959515001723d716e\"},\"potentialAction\":[{\"@type\":\"SearchAction\",\"target\":{\"@type\":\"EntryPoint\",\"urlTemplate\":\"https:\\\/\\\/www.maicschulte.de\\\/wordpress\\\/?s={search_term_string}\"},\"query-input\":{\"@type\":\"PropertyValueSpecification\",\"valueRequired\":true,\"valueName\":\"search_term_string\"}}],\"inLanguage\":\"de\"},{\"@type\":[\"Person\",\"Organization\"],\"@id\":\"https:\\\/\\\/www.maicschulte.de\\\/wordpress\\\/#\\\/schema\\\/person\\\/809698f1c7b1655959515001723d716e\",\"name\":\"Maic Schulte\",\"image\":{\"@type\":\"ImageObject\",\"inLanguage\":\"de\",\"@id\":\"https:\\\/\\\/www.maicschulte.de\\\/wordpress\\\/wp-content\\\/uploads\\\/2025\\\/05\\\/Chronus_Maic_Schulte_Logo_605px-3.png\",\"url\":\"https:\\\/\\\/www.maicschulte.de\\\/wordpress\\\/wp-content\\\/uploads\\\/2025\\\/05\\\/Chronus_Maic_Schulte_Logo_605px-3.png\",\"contentUrl\":\"https:\\\/\\\/www.maicschulte.de\\\/wordpress\\\/wp-content\\\/uploads\\\/2025\\\/05\\\/Chronus_Maic_Schulte_Logo_605px-3.png\",\"width\":605,\"height\":200,\"caption\":\"Maic Schulte\"},\"logo\":{\"@id\":\"https:\\\/\\\/www.maicschulte.de\\\/wordpress\\\/wp-content\\\/uploads\\\/2025\\\/05\\\/Chronus_Maic_Schulte_Logo_605px-3.png\"},\"description\":\"Seit dem Tag, an dem mein Vater mich mit einer Kamera, einem Objektiv und zwei Illford-Schwarzwei\u00df-Filmen auf Entdeckungs-Tour geschickt hat, begleitet mich das Thema \\\"Fotografie\\\". Basierend auf WordPress, stellt diese Webseite - jetzt und in der Zukunft - eine Heimat f\u00fcr all meine Artikel und Fotos dar, welche wiederum aus allen Themenbereichen der klassischen &amp; modernen Fotografie kommen. Sei es nun die Fotografie in Schwarz-Wei\u00df; die Erkundung ehemaliger Industriegel\u00e4nde, welche f\u00fcr mich am ehesten \u201eDas Herz des Reviers\u201c widerspiegeln; ausdrucksstarke Portraits oder farbenfrohe Naturaufnahmen. Ganz egal! Es gelingt einfach jedem fotografischen Thema, meine Neugierde darauf zu erwecken. Dar\u00fcber hinaus habe ich aber auch ein ger\u00fctteltes Ma\u00df an Benzin im Blut und mag Autos &amp; Motorr\u00e4der, ganz egal ob nun neu, alt, aufgemotzt oder vollkommen original. Du siehst, die Auswahl an Artikeln &amp; Fotos ist also genauso breit gef\u00e4chert wie meine fotografischen Interessen.\",\"sameAs\":[\"https:\\\/\\\/www.maicschulte.de\"]}]}<\/script>\n<!-- \/ Yoast SEO plugin. -->","yoast_head_json":{"title":"Zufallsbegegnung mit einem OSI Ford 20mTS - Maic Schulte","description":"Zufallsbegegnung mit einem OSI Ford 20mTS - Automobiles - Maic Schulte - Fotografie - Ruhrgebiet - Industrie - Portrait - Events - Autos - Rockabilly - Kunst - Schwarzwei\u00df","robots":{"index":"index","follow":"follow","max-snippet":"max-snippet:-1","max-image-preview":"max-image-preview:large","max-video-preview":"max-video-preview:-1"},"canonical":"https:\/\/www.maicschulte.de\/wordpress\/?p=11201","og_locale":"de_DE","og_type":"article","og_title":"Zufallsbegegnung mit einem OSI Ford 20mTS - Maic Schulte","og_description":"Zufallsbegegnung mit einem OSI Ford 20mTS - Automobiles - Maic Schulte - Fotografie - Ruhrgebiet - Industrie - Portrait - Events - Autos - Rockabilly - Kunst - Schwarzwei\u00df","og_url":"https:\/\/www.maicschulte.de\/wordpress\/?p=11201","og_site_name":"Maic Schulte","article_published_time":"2012-05-27T20:53:47+00:00","article_modified_time":"2021-01-17T21:59:37+00:00","og_image":[{"width":1248,"height":860,"url":"https:\/\/www.maicschulte.de\/wordpress\/wp-content\/uploads\/2012\/05\/Ford-Osi-Front-I.jpg","type":"image\/jpeg"}],"author":"Maic Schulte","schema":{"@context":"https:\/\/schema.org","@graph":[{"@type":"Article","@id":"https:\/\/www.maicschulte.de\/wordpress\/?p=11201#article","isPartOf":{"@id":"https:\/\/www.maicschulte.de\/wordpress\/?p=11201"},"author":{"name":"Maic Schulte","@id":"https:\/\/www.maicschulte.de\/wordpress\/#\/schema\/person\/809698f1c7b1655959515001723d716e"},"headline":"Zufallsbegegnung mit einem OSI Ford&nbsp;20mTS","datePublished":"2012-05-27T20:53:47+00:00","dateModified":"2021-01-17T21:59:37+00:00","mainEntityOfPage":{"@id":"https:\/\/www.maicschulte.de\/wordpress\/?p=11201"},"wordCount":311,"commentCount":8,"publisher":{"@id":"https:\/\/www.maicschulte.de\/wordpress\/#\/schema\/person\/809698f1c7b1655959515001723d716e"},"image":{"@id":"https:\/\/www.maicschulte.de\/wordpress\/?p=11201#primaryimage"},"thumbnailUrl":"https:\/\/www.maicschulte.de\/wordpress\/wp-content\/uploads\/2012\/05\/Ford-Osi-Front-I.jpg","keywords":["20mTS","Coupe","Ford","Osi","Youngtimer"],"articleSection":["Automobiles","Chronologisch"],"inLanguage":"de","potentialAction":[{"@type":"CommentAction","name":"Comment","target":["https:\/\/www.maicschulte.de\/wordpress\/?p=11201#respond"]}]},{"@type":"WebPage","@id":"https:\/\/www.maicschulte.de\/wordpress\/?p=11201","url":"https:\/\/www.maicschulte.de\/wordpress\/?p=11201","name":"Zufallsbegegnung mit einem OSI Ford 20mTS - Maic Schulte","isPartOf":{"@id":"https:\/\/www.maicschulte.de\/wordpress\/#website"},"primaryImageOfPage":{"@id":"https:\/\/www.maicschulte.de\/wordpress\/?p=11201#primaryimage"},"image":{"@id":"https:\/\/www.maicschulte.de\/wordpress\/?p=11201#primaryimage"},"thumbnailUrl":"https:\/\/www.maicschulte.de\/wordpress\/wp-content\/uploads\/2012\/05\/Ford-Osi-Front-I.jpg","datePublished":"2012-05-27T20:53:47+00:00","dateModified":"2021-01-17T21:59:37+00:00","description":"Zufallsbegegnung mit einem OSI Ford 20mTS - Automobiles - Maic Schulte - Fotografie - Ruhrgebiet - Industrie - Portrait - Events - Autos - Rockabilly - Kunst - Schwarzwei\u00df","breadcrumb":{"@id":"https:\/\/www.maicschulte.de\/wordpress\/?p=11201#breadcrumb"},"inLanguage":"de","potentialAction":[{"@type":"ReadAction","target":["https:\/\/www.maicschulte.de\/wordpress\/?p=11201"]}]},{"@type":"ImageObject","inLanguage":"de","@id":"https:\/\/www.maicschulte.de\/wordpress\/?p=11201#primaryimage","url":"https:\/\/www.maicschulte.de\/wordpress\/wp-content\/uploads\/2012\/05\/Ford-Osi-Front-I.jpg","contentUrl":"https:\/\/www.maicschulte.de\/wordpress\/wp-content\/uploads\/2012\/05\/Ford-Osi-Front-I.jpg","width":1248,"height":860},{"@type":"BreadcrumbList","@id":"https:\/\/www.maicschulte.de\/wordpress\/?p=11201#breadcrumb","itemListElement":[{"@type":"ListItem","position":1,"name":"Startseite","item":"https:\/\/www.maicschulte.de\/wordpress"},{"@type":"ListItem","position":2,"name":"Zufallsbegegnung mit einem OSI Ford&nbsp;20mTS"}]},{"@type":"WebSite","@id":"https:\/\/www.maicschulte.de\/wordpress\/#website","url":"https:\/\/www.maicschulte.de\/wordpress\/","name":"Maic Schulte","description":"Fotografie aus Leidenschaft","publisher":{"@id":"https:\/\/www.maicschulte.de\/wordpress\/#\/schema\/person\/809698f1c7b1655959515001723d716e"},"potentialAction":[{"@type":"SearchAction","target":{"@type":"EntryPoint","urlTemplate":"https:\/\/www.maicschulte.de\/wordpress\/?s={search_term_string}"},"query-input":{"@type":"PropertyValueSpecification","valueRequired":true,"valueName":"search_term_string"}}],"inLanguage":"de"},{"@type":["Person","Organization"],"@id":"https:\/\/www.maicschulte.de\/wordpress\/#\/schema\/person\/809698f1c7b1655959515001723d716e","name":"Maic Schulte","image":{"@type":"ImageObject","inLanguage":"de","@id":"https:\/\/www.maicschulte.de\/wordpress\/wp-content\/uploads\/2025\/05\/Chronus_Maic_Schulte_Logo_605px-3.png","url":"https:\/\/www.maicschulte.de\/wordpress\/wp-content\/uploads\/2025\/05\/Chronus_Maic_Schulte_Logo_605px-3.png","contentUrl":"https:\/\/www.maicschulte.de\/wordpress\/wp-content\/uploads\/2025\/05\/Chronus_Maic_Schulte_Logo_605px-3.png","width":605,"height":200,"caption":"Maic Schulte"},"logo":{"@id":"https:\/\/www.maicschulte.de\/wordpress\/wp-content\/uploads\/2025\/05\/Chronus_Maic_Schulte_Logo_605px-3.png"},"description":"Seit dem Tag, an dem mein Vater mich mit einer Kamera, einem Objektiv und zwei Illford-Schwarzwei\u00df-Filmen auf Entdeckungs-Tour geschickt hat, begleitet mich das Thema \"Fotografie\". Basierend auf WordPress, stellt diese Webseite - jetzt und in der Zukunft - eine Heimat f\u00fcr all meine Artikel und Fotos dar, welche wiederum aus allen Themenbereichen der klassischen &amp; modernen Fotografie kommen. Sei es nun die Fotografie in Schwarz-Wei\u00df; die Erkundung ehemaliger Industriegel\u00e4nde, welche f\u00fcr mich am ehesten \u201eDas Herz des Reviers\u201c widerspiegeln; ausdrucksstarke Portraits oder farbenfrohe Naturaufnahmen. Ganz egal! Es gelingt einfach jedem fotografischen Thema, meine Neugierde darauf zu erwecken. Dar\u00fcber hinaus habe ich aber auch ein ger\u00fctteltes Ma\u00df an Benzin im Blut und mag Autos &amp; Motorr\u00e4der, ganz egal ob nun neu, alt, aufgemotzt oder vollkommen original. Du siehst, die Auswahl an Artikeln &amp; Fotos ist also genauso breit gef\u00e4chert wie meine fotografischen Interessen.","sameAs":["https:\/\/www.maicschulte.de"]}]}},"_links":{"self":[{"href":"https:\/\/www.maicschulte.de\/wordpress\/index.php?rest_route=\/wp\/v2\/posts\/11201","targetHints":{"allow":["GET"]}}],"collection":[{"href":"https:\/\/www.maicschulte.de\/wordpress\/index.php?rest_route=\/wp\/v2\/posts"}],"about":[{"href":"https:\/\/www.maicschulte.de\/wordpress\/index.php?rest_route=\/wp\/v2\/types\/post"}],"author":[{"embeddable":true,"href":"https:\/\/www.maicschulte.de\/wordpress\/index.php?rest_route=\/wp\/v2\/users\/1"}],"replies":[{"embeddable":true,"href":"https:\/\/www.maicschulte.de\/wordpress\/index.php?rest_route=%2Fwp%2Fv2%2Fcomments&post=11201"}],"version-history":[{"count":2,"href":"https:\/\/www.maicschulte.de\/wordpress\/index.php?rest_route=\/wp\/v2\/posts\/11201\/revisions"}],"predecessor-version":[{"id":12142,"href":"https:\/\/www.maicschulte.de\/wordpress\/index.php?rest_route=\/wp\/v2\/posts\/11201\/revisions\/12142"}],"wp:featuredmedia":[{"embeddable":true,"href":"https:\/\/www.maicschulte.de\/wordpress\/index.php?rest_route=\/wp\/v2\/media\/10430"}],"wp:attachment":[{"href":"https:\/\/www.maicschulte.de\/wordpress\/index.php?rest_route=%2Fwp%2Fv2%2Fmedia&parent=11201"}],"wp:term":[{"taxonomy":"category","embeddable":true,"href":"https:\/\/www.maicschulte.de\/wordpress\/index.php?rest_route=%2Fwp%2Fv2%2Fcategories&post=11201"},{"taxonomy":"post_tag","embeddable":true,"href":"https:\/\/www.maicschulte.de\/wordpress\/index.php?rest_route=%2Fwp%2Fv2%2Ftags&post=11201"}],"curies":[{"name":"wp","href":"https:\/\/api.w.org\/{rel}","templated":true}]}}