{"id":11204,"date":"2012-10-02T19:56:57","date_gmt":"2012-10-02T17:56:57","guid":{"rendered":"http:\/\/www.1001cars.de\/wordpress\/?p=1862"},"modified":"2021-01-17T16:32:42","modified_gmt":"2021-01-17T15:32:42","slug":"ready-2-go","status":"publish","type":"post","link":"https:\/\/www.maicschulte.de\/wordpress\/?p=11204","title":{"rendered":"Ready 2&nbsp;Go?"},"content":{"rendered":"\n<p>Nanu! Diese junge Frau hier kennen wir doch. Haben wir sie nicht erst vor ein paar Tagen hier in diesem Blog gesehen?<\/p>\n\n\n\n<p>Genau rich\u00adtig! Bei diesem aus\u00adge\u00adspro\u00adchen lecke\u00adren Star\u00adter-Girl han\u00addelt es sich nat\u00fcr\u00adlich um nie\u00admand ande\u00adren als das <a title=\"Fr\u00e4ulein von Absint\" href=\"https:\/\/www.facebook.com\/FrauleinVonAbsint\">Fr\u00e4u\u00adlein von Absint<\/a>, wel\u00adches ja erst vor ein paar Tagen mit einem ande\u00adren <a href=\"https:\/\/www.maicschulte.de\/wordpress\/?p=1800\" target=\"_blank\" rel=\"noreferrer noopener\">Bild<\/a> Ihren Ein\u00adstand hier&nbsp;hatte&nbsp;;-).<\/p>\n\n\n\n<div class=\"wp-block-image\"><figure class=\"aligncenter\"><a href=\"https:\/\/www.maicschulte.de\/wordpress\/wp-content\/uploads\/2012\/10\/Ready-2-Go.jpg\" data-rel=\"lightbox-gallery-0\" data-rl_title data-rl_caption><img decoding=\"async\" src=\"https:\/\/www.maicschulte.de\/wordpress\/wp-content\/uploads\/2012\/10\/Ready-2-Go.jpg\" alt class=\"wp-image-1863\" title><\/a><\/figure><\/div>\n\n\n\n<p>Da ich ein gro\u00dfer Fan Ihrer Foto\u00adgra\u00adfien bin, werde ich auch nicht m\u00fcde auf Ihre Face\u00adbook-Seite hin\u00adzu\u00adwei\u00adsen. Wer also noch viel mehr von Ihr sehen m\u00f6chte, kann das Fr\u00e4u\u00adlein jeder\u00adzeit bei FB besuchen:<\/p>\n\n\n\n<!--more-->\n\n\n\n<p class=\"has-text-align-center\"><a title=\"Fr\u00e4ulein von Absint\" href=\"https:\/\/www.facebook.com\/FrauleinVonAbsint\" target=\"_blank\" rel=\"noopener\">Das \u201cFr\u00e4u\u00adlein von Absint\u201d bei Facebook<\/a><\/p>\n\n\n\n<p>Ver\u00adgesst doch bitte nicht auf <em>Like<\/em> zu kli\u00adcken, wenn Euch die Bilder und Ihre Seite gefal\u00adlen&nbsp;haben&nbsp;;-)<\/p>\n\n\n\n<p>Das oben gezeig\u00adte Foto wurde \u00fcbri\u00adgens von <a title=\"Mark Pankow\" href=\"http:\/\/www.pankow.de\/\" target=\"_blank\" rel=\"noopener\">Mark Pankow<\/a> geschos\u00adsen, der auf seiner <a title=\"Mark Pankow\" href=\"http:\/\/www.pankow.de\/\" target=\"_blank\" rel=\"noopener\">Inter\u00adnet-Seite<\/a> noch jede Menge mehr an Rocka\u00adbil\u00adly-Stuff zu bieten hat. Die ande\u00adren Themen, welche von Ihm foto\u00adgra\u00adfisch umge\u00adsetzt wurden, sind aber auch nicht zu verachten.<\/p>\n\n\n\n<p>Von daher geht an dieser Stelle ein ganz gro\u00dfes Dan\u00adke\u00adsch\u00f6n und ein noch viel gr\u00f6\u00ad\u00dfe\u00adres Lob an Ihn&nbsp;raus!<\/p>\n","protected":false},"excerpt":{"rendered":"<p>Nanu! Diese junge Frau hier kennen wir doch. Haben wir sie nicht erst vor ein paar Tagen hier in diesem Blog gese\u00adhen? Genau rich\u00adtig! Bei diesem aus\u00adge\u00adspro\u00adchen lecke\u00adren Star\u00ad\u00adter-Girl han\u00addelt es sich nat\u00fcr\u00adlich um nie\u00admand ande\u00adren als das Fr\u00e4u\u00adlein von Absint, wel\u00adches ja erst vor ein paar Tagen mit einem ande\u00adren Bild Ihren Ein\u00adstand hier&nbsp;hatte&nbsp;;-). Da ich ein gro\u00dfer Fan Ihrer Foto\u00adgra\u00adfien bin, werde ich auch nicht m\u00fcde auf Ihre Face\u00ad\u00adbook-Seite hin\u00adzu\u00adwei\u00adsen. Wer also noch viel mehr von Ihr sehen m\u00f6chte, kann das Fr\u00e4u\u00adlein jeder\u00adzeit bei FB besuchen:<\/p>\n","protected":false},"author":1,"featured_media":10491,"comment_status":"open","ping_status":"open","sticky":false,"template":"","format":"standard","meta":{"wp_typography_post_enhancements_disabled":false,"footnotes":""},"categories":[1279,3],"tags":[819,1218,1220,1221],"class_list":["post-11204","post","type-post","status-publish","format-standard","has-post-thumbnail","hentry","category-chronologisch","category-vorstellung","tag-bmw","tag-fraulein-von-absint","tag-race","tag-starter-girl"],"yoast_head":"<!-- This site is optimized with the Yoast SEO plugin v27.5 - https:\/\/yoast.com\/product\/yoast-seo-wordpress\/ -->\n<title>Ready 2 Go? - Maic Schulte<\/title>\n<meta name=\"description\" content=\"Ready 2 Go? - Chronologisch - Maic Schulte - Fotografie - Ruhrgebiet - Industrie - Portrait - Events - Autos - Rockabilly - Kunst - Schwarzwei\u00df\" \/>\n<meta name=\"robots\" content=\"index, follow, max-snippet:-1, max-image-preview:large, max-video-preview:-1\" \/>\n<link rel=\"canonical\" href=\"https:\/\/www.maicschulte.de\/wordpress\/?p=11204\" \/>\n<meta property=\"og:locale\" content=\"de_DE\" \/>\n<meta property=\"og:type\" content=\"article\" \/>\n<meta property=\"og:title\" content=\"Ready 2 Go? - Maic Schulte\" \/>\n<meta property=\"og:description\" content=\"Ready 2 Go? - Chronologisch - Maic Schulte - Fotografie - Ruhrgebiet - Industrie - Portrait - Events - Autos - Rockabilly - Kunst - Schwarzwei\u00df\" \/>\n<meta property=\"og:url\" content=\"https:\/\/www.maicschulte.de\/wordpress\/?p=11204\" \/>\n<meta property=\"og:site_name\" content=\"Maic Schulte\" \/>\n<meta property=\"article:published_time\" content=\"2012-10-02T17:56:57+00:00\" \/>\n<meta property=\"article:modified_time\" content=\"2021-01-17T15:32:42+00:00\" \/>\n<meta property=\"og:image\" content=\"https:\/\/www.maicschulte.de\/wordpress\/wp-content\/uploads\/2012\/10\/Ready-2-Go.jpg\" \/>\n\t<meta property=\"og:image:width\" content=\"699\" \/>\n\t<meta property=\"og:image:height\" content=\"912\" \/>\n\t<meta property=\"og:image:type\" content=\"image\/jpeg\" \/>\n<meta name=\"author\" content=\"Maic Schulte\" \/>\n<script type=\"application\/ld+json\" class=\"yoast-schema-graph\">{\"@context\":\"https:\\\/\\\/schema.org\",\"@graph\":[{\"@type\":\"Article\",\"@id\":\"https:\\\/\\\/www.maicschulte.de\\\/wordpress\\\/?p=11204#article\",\"isPartOf\":{\"@id\":\"https:\\\/\\\/www.maicschulte.de\\\/wordpress\\\/?p=11204\"},\"author\":{\"name\":\"Maic Schulte\",\"@id\":\"https:\\\/\\\/www.maicschulte.de\\\/wordpress\\\/#\\\/schema\\\/person\\\/809698f1c7b1655959515001723d716e\"},\"headline\":\"Ready 2&nbsp;Go?\",\"datePublished\":\"2012-10-02T17:56:57+00:00\",\"dateModified\":\"2021-01-17T15:32:42+00:00\",\"mainEntityOfPage\":{\"@id\":\"https:\\\/\\\/www.maicschulte.de\\\/wordpress\\\/?p=11204\"},\"wordCount\":183,\"commentCount\":1,\"publisher\":{\"@id\":\"https:\\\/\\\/www.maicschulte.de\\\/wordpress\\\/#\\\/schema\\\/person\\\/809698f1c7b1655959515001723d716e\"},\"image\":{\"@id\":\"https:\\\/\\\/www.maicschulte.de\\\/wordpress\\\/?p=11204#primaryimage\"},\"thumbnailUrl\":\"https:\\\/\\\/www.maicschulte.de\\\/wordpress\\\/wp-content\\\/uploads\\\/2012\\\/10\\\/Ready-2-Go.jpg\",\"keywords\":[\"BMW\",\"Fr\u00e4ulein von Absint\",\"Race\",\"Starter-Girl\"],\"articleSection\":[\"Chronologisch\",\"Vorstellungen\"],\"inLanguage\":\"de\",\"potentialAction\":[{\"@type\":\"CommentAction\",\"name\":\"Comment\",\"target\":[\"https:\\\/\\\/www.maicschulte.de\\\/wordpress\\\/?p=11204#respond\"]}]},{\"@type\":\"WebPage\",\"@id\":\"https:\\\/\\\/www.maicschulte.de\\\/wordpress\\\/?p=11204\",\"url\":\"https:\\\/\\\/www.maicschulte.de\\\/wordpress\\\/?p=11204\",\"name\":\"Ready 2 Go? - Maic Schulte\",\"isPartOf\":{\"@id\":\"https:\\\/\\\/www.maicschulte.de\\\/wordpress\\\/#website\"},\"primaryImageOfPage\":{\"@id\":\"https:\\\/\\\/www.maicschulte.de\\\/wordpress\\\/?p=11204#primaryimage\"},\"image\":{\"@id\":\"https:\\\/\\\/www.maicschulte.de\\\/wordpress\\\/?p=11204#primaryimage\"},\"thumbnailUrl\":\"https:\\\/\\\/www.maicschulte.de\\\/wordpress\\\/wp-content\\\/uploads\\\/2012\\\/10\\\/Ready-2-Go.jpg\",\"datePublished\":\"2012-10-02T17:56:57+00:00\",\"dateModified\":\"2021-01-17T15:32:42+00:00\",\"description\":\"Ready 2 Go? - Chronologisch - Maic Schulte - Fotografie - Ruhrgebiet - Industrie - Portrait - Events - Autos - Rockabilly - Kunst - Schwarzwei\u00df\",\"breadcrumb\":{\"@id\":\"https:\\\/\\\/www.maicschulte.de\\\/wordpress\\\/?p=11204#breadcrumb\"},\"inLanguage\":\"de\",\"potentialAction\":[{\"@type\":\"ReadAction\",\"target\":[\"https:\\\/\\\/www.maicschulte.de\\\/wordpress\\\/?p=11204\"]}]},{\"@type\":\"ImageObject\",\"inLanguage\":\"de\",\"@id\":\"https:\\\/\\\/www.maicschulte.de\\\/wordpress\\\/?p=11204#primaryimage\",\"url\":\"https:\\\/\\\/www.maicschulte.de\\\/wordpress\\\/wp-content\\\/uploads\\\/2012\\\/10\\\/Ready-2-Go.jpg\",\"contentUrl\":\"https:\\\/\\\/www.maicschulte.de\\\/wordpress\\\/wp-content\\\/uploads\\\/2012\\\/10\\\/Ready-2-Go.jpg\",\"width\":699,\"height\":912},{\"@type\":\"BreadcrumbList\",\"@id\":\"https:\\\/\\\/www.maicschulte.de\\\/wordpress\\\/?p=11204#breadcrumb\",\"itemListElement\":[{\"@type\":\"ListItem\",\"position\":1,\"name\":\"Startseite\",\"item\":\"https:\\\/\\\/www.maicschulte.de\\\/wordpress\"},{\"@type\":\"ListItem\",\"position\":2,\"name\":\"Ready 2&nbsp;Go?\"}]},{\"@type\":\"WebSite\",\"@id\":\"https:\\\/\\\/www.maicschulte.de\\\/wordpress\\\/#website\",\"url\":\"https:\\\/\\\/www.maicschulte.de\\\/wordpress\\\/\",\"name\":\"Maic Schulte\",\"description\":\"Fotografie aus Leidenschaft\",\"publisher\":{\"@id\":\"https:\\\/\\\/www.maicschulte.de\\\/wordpress\\\/#\\\/schema\\\/person\\\/809698f1c7b1655959515001723d716e\"},\"potentialAction\":[{\"@type\":\"SearchAction\",\"target\":{\"@type\":\"EntryPoint\",\"urlTemplate\":\"https:\\\/\\\/www.maicschulte.de\\\/wordpress\\\/?s={search_term_string}\"},\"query-input\":{\"@type\":\"PropertyValueSpecification\",\"valueRequired\":true,\"valueName\":\"search_term_string\"}}],\"inLanguage\":\"de\"},{\"@type\":[\"Person\",\"Organization\"],\"@id\":\"https:\\\/\\\/www.maicschulte.de\\\/wordpress\\\/#\\\/schema\\\/person\\\/809698f1c7b1655959515001723d716e\",\"name\":\"Maic Schulte\",\"image\":{\"@type\":\"ImageObject\",\"inLanguage\":\"de\",\"@id\":\"https:\\\/\\\/www.maicschulte.de\\\/wordpress\\\/wp-content\\\/uploads\\\/2025\\\/05\\\/Chronus_Maic_Schulte_Logo_605px-3.png\",\"url\":\"https:\\\/\\\/www.maicschulte.de\\\/wordpress\\\/wp-content\\\/uploads\\\/2025\\\/05\\\/Chronus_Maic_Schulte_Logo_605px-3.png\",\"contentUrl\":\"https:\\\/\\\/www.maicschulte.de\\\/wordpress\\\/wp-content\\\/uploads\\\/2025\\\/05\\\/Chronus_Maic_Schulte_Logo_605px-3.png\",\"width\":605,\"height\":200,\"caption\":\"Maic Schulte\"},\"logo\":{\"@id\":\"https:\\\/\\\/www.maicschulte.de\\\/wordpress\\\/wp-content\\\/uploads\\\/2025\\\/05\\\/Chronus_Maic_Schulte_Logo_605px-3.png\"},\"description\":\"Seit dem Tag, an dem mein Vater mich mit einer Kamera, einem Objektiv und zwei Illford-Schwarzwei\u00df-Filmen auf Entdeckungs-Tour geschickt hat, begleitet mich das Thema \\\"Fotografie\\\". Basierend auf WordPress, stellt diese Webseite - jetzt und in der Zukunft - eine Heimat f\u00fcr all meine Artikel und Fotos dar, welche wiederum aus allen Themenbereichen der klassischen &amp; modernen Fotografie kommen. Sei es nun die Fotografie in Schwarz-Wei\u00df; die Erkundung ehemaliger Industriegel\u00e4nde, welche f\u00fcr mich am ehesten \u201eDas Herz des Reviers\u201c widerspiegeln; ausdrucksstarke Portraits oder farbenfrohe Naturaufnahmen. Ganz egal! Es gelingt einfach jedem fotografischen Thema, meine Neugierde darauf zu erwecken. Dar\u00fcber hinaus habe ich aber auch ein ger\u00fctteltes Ma\u00df an Benzin im Blut und mag Autos &amp; Motorr\u00e4der, ganz egal ob nun neu, alt, aufgemotzt oder vollkommen original. Du siehst, die Auswahl an Artikeln &amp; Fotos ist also genauso breit gef\u00e4chert wie meine fotografischen Interessen.\",\"sameAs\":[\"https:\\\/\\\/www.maicschulte.de\"]}]}<\/script>\n<!-- \/ Yoast SEO plugin. -->","yoast_head_json":{"title":"Ready 2 Go? - Maic Schulte","description":"Ready 2 Go? - Chronologisch - Maic Schulte - Fotografie - Ruhrgebiet - Industrie - Portrait - Events - Autos - Rockabilly - Kunst - Schwarzwei\u00df","robots":{"index":"index","follow":"follow","max-snippet":"max-snippet:-1","max-image-preview":"max-image-preview:large","max-video-preview":"max-video-preview:-1"},"canonical":"https:\/\/www.maicschulte.de\/wordpress\/?p=11204","og_locale":"de_DE","og_type":"article","og_title":"Ready 2 Go? - Maic Schulte","og_description":"Ready 2 Go? - Chronologisch - Maic Schulte - Fotografie - Ruhrgebiet - Industrie - Portrait - Events - Autos - Rockabilly - Kunst - Schwarzwei\u00df","og_url":"https:\/\/www.maicschulte.de\/wordpress\/?p=11204","og_site_name":"Maic Schulte","article_published_time":"2012-10-02T17:56:57+00:00","article_modified_time":"2021-01-17T15:32:42+00:00","og_image":[{"width":699,"height":912,"url":"https:\/\/www.maicschulte.de\/wordpress\/wp-content\/uploads\/2012\/10\/Ready-2-Go.jpg","type":"image\/jpeg"}],"author":"Maic Schulte","schema":{"@context":"https:\/\/schema.org","@graph":[{"@type":"Article","@id":"https:\/\/www.maicschulte.de\/wordpress\/?p=11204#article","isPartOf":{"@id":"https:\/\/www.maicschulte.de\/wordpress\/?p=11204"},"author":{"name":"Maic Schulte","@id":"https:\/\/www.maicschulte.de\/wordpress\/#\/schema\/person\/809698f1c7b1655959515001723d716e"},"headline":"Ready 2&nbsp;Go?","datePublished":"2012-10-02T17:56:57+00:00","dateModified":"2021-01-17T15:32:42+00:00","mainEntityOfPage":{"@id":"https:\/\/www.maicschulte.de\/wordpress\/?p=11204"},"wordCount":183,"commentCount":1,"publisher":{"@id":"https:\/\/www.maicschulte.de\/wordpress\/#\/schema\/person\/809698f1c7b1655959515001723d716e"},"image":{"@id":"https:\/\/www.maicschulte.de\/wordpress\/?p=11204#primaryimage"},"thumbnailUrl":"https:\/\/www.maicschulte.de\/wordpress\/wp-content\/uploads\/2012\/10\/Ready-2-Go.jpg","keywords":["BMW","Fr\u00e4ulein von Absint","Race","Starter-Girl"],"articleSection":["Chronologisch","Vorstellungen"],"inLanguage":"de","potentialAction":[{"@type":"CommentAction","name":"Comment","target":["https:\/\/www.maicschulte.de\/wordpress\/?p=11204#respond"]}]},{"@type":"WebPage","@id":"https:\/\/www.maicschulte.de\/wordpress\/?p=11204","url":"https:\/\/www.maicschulte.de\/wordpress\/?p=11204","name":"Ready 2 Go? - Maic Schulte","isPartOf":{"@id":"https:\/\/www.maicschulte.de\/wordpress\/#website"},"primaryImageOfPage":{"@id":"https:\/\/www.maicschulte.de\/wordpress\/?p=11204#primaryimage"},"image":{"@id":"https:\/\/www.maicschulte.de\/wordpress\/?p=11204#primaryimage"},"thumbnailUrl":"https:\/\/www.maicschulte.de\/wordpress\/wp-content\/uploads\/2012\/10\/Ready-2-Go.jpg","datePublished":"2012-10-02T17:56:57+00:00","dateModified":"2021-01-17T15:32:42+00:00","description":"Ready 2 Go? - Chronologisch - Maic Schulte - Fotografie - Ruhrgebiet - Industrie - Portrait - Events - Autos - Rockabilly - Kunst - Schwarzwei\u00df","breadcrumb":{"@id":"https:\/\/www.maicschulte.de\/wordpress\/?p=11204#breadcrumb"},"inLanguage":"de","potentialAction":[{"@type":"ReadAction","target":["https:\/\/www.maicschulte.de\/wordpress\/?p=11204"]}]},{"@type":"ImageObject","inLanguage":"de","@id":"https:\/\/www.maicschulte.de\/wordpress\/?p=11204#primaryimage","url":"https:\/\/www.maicschulte.de\/wordpress\/wp-content\/uploads\/2012\/10\/Ready-2-Go.jpg","contentUrl":"https:\/\/www.maicschulte.de\/wordpress\/wp-content\/uploads\/2012\/10\/Ready-2-Go.jpg","width":699,"height":912},{"@type":"BreadcrumbList","@id":"https:\/\/www.maicschulte.de\/wordpress\/?p=11204#breadcrumb","itemListElement":[{"@type":"ListItem","position":1,"name":"Startseite","item":"https:\/\/www.maicschulte.de\/wordpress"},{"@type":"ListItem","position":2,"name":"Ready 2&nbsp;Go?"}]},{"@type":"WebSite","@id":"https:\/\/www.maicschulte.de\/wordpress\/#website","url":"https:\/\/www.maicschulte.de\/wordpress\/","name":"Maic Schulte","description":"Fotografie aus Leidenschaft","publisher":{"@id":"https:\/\/www.maicschulte.de\/wordpress\/#\/schema\/person\/809698f1c7b1655959515001723d716e"},"potentialAction":[{"@type":"SearchAction","target":{"@type":"EntryPoint","urlTemplate":"https:\/\/www.maicschulte.de\/wordpress\/?s={search_term_string}"},"query-input":{"@type":"PropertyValueSpecification","valueRequired":true,"valueName":"search_term_string"}}],"inLanguage":"de"},{"@type":["Person","Organization"],"@id":"https:\/\/www.maicschulte.de\/wordpress\/#\/schema\/person\/809698f1c7b1655959515001723d716e","name":"Maic Schulte","image":{"@type":"ImageObject","inLanguage":"de","@id":"https:\/\/www.maicschulte.de\/wordpress\/wp-content\/uploads\/2025\/05\/Chronus_Maic_Schulte_Logo_605px-3.png","url":"https:\/\/www.maicschulte.de\/wordpress\/wp-content\/uploads\/2025\/05\/Chronus_Maic_Schulte_Logo_605px-3.png","contentUrl":"https:\/\/www.maicschulte.de\/wordpress\/wp-content\/uploads\/2025\/05\/Chronus_Maic_Schulte_Logo_605px-3.png","width":605,"height":200,"caption":"Maic Schulte"},"logo":{"@id":"https:\/\/www.maicschulte.de\/wordpress\/wp-content\/uploads\/2025\/05\/Chronus_Maic_Schulte_Logo_605px-3.png"},"description":"Seit dem Tag, an dem mein Vater mich mit einer Kamera, einem Objektiv und zwei Illford-Schwarzwei\u00df-Filmen auf Entdeckungs-Tour geschickt hat, begleitet mich das Thema \"Fotografie\". Basierend auf WordPress, stellt diese Webseite - jetzt und in der Zukunft - eine Heimat f\u00fcr all meine Artikel und Fotos dar, welche wiederum aus allen Themenbereichen der klassischen &amp; modernen Fotografie kommen. Sei es nun die Fotografie in Schwarz-Wei\u00df; die Erkundung ehemaliger Industriegel\u00e4nde, welche f\u00fcr mich am ehesten \u201eDas Herz des Reviers\u201c widerspiegeln; ausdrucksstarke Portraits oder farbenfrohe Naturaufnahmen. Ganz egal! Es gelingt einfach jedem fotografischen Thema, meine Neugierde darauf zu erwecken. Dar\u00fcber hinaus habe ich aber auch ein ger\u00fctteltes Ma\u00df an Benzin im Blut und mag Autos &amp; Motorr\u00e4der, ganz egal ob nun neu, alt, aufgemotzt oder vollkommen original. Du siehst, die Auswahl an Artikeln &amp; Fotos ist also genauso breit gef\u00e4chert wie meine fotografischen Interessen.","sameAs":["https:\/\/www.maicschulte.de"]}]}},"_links":{"self":[{"href":"https:\/\/www.maicschulte.de\/wordpress\/index.php?rest_route=\/wp\/v2\/posts\/11204","targetHints":{"allow":["GET"]}}],"collection":[{"href":"https:\/\/www.maicschulte.de\/wordpress\/index.php?rest_route=\/wp\/v2\/posts"}],"about":[{"href":"https:\/\/www.maicschulte.de\/wordpress\/index.php?rest_route=\/wp\/v2\/types\/post"}],"author":[{"embeddable":true,"href":"https:\/\/www.maicschulte.de\/wordpress\/index.php?rest_route=\/wp\/v2\/users\/1"}],"replies":[{"embeddable":true,"href":"https:\/\/www.maicschulte.de\/wordpress\/index.php?rest_route=%2Fwp%2Fv2%2Fcomments&post=11204"}],"version-history":[{"count":1,"href":"https:\/\/www.maicschulte.de\/wordpress\/index.php?rest_route=\/wp\/v2\/posts\/11204\/revisions"}],"predecessor-version":[{"id":11541,"href":"https:\/\/www.maicschulte.de\/wordpress\/index.php?rest_route=\/wp\/v2\/posts\/11204\/revisions\/11541"}],"wp:featuredmedia":[{"embeddable":true,"href":"https:\/\/www.maicschulte.de\/wordpress\/index.php?rest_route=\/wp\/v2\/media\/10491"}],"wp:attachment":[{"href":"https:\/\/www.maicschulte.de\/wordpress\/index.php?rest_route=%2Fwp%2Fv2%2Fmedia&parent=11204"}],"wp:term":[{"taxonomy":"category","embeddable":true,"href":"https:\/\/www.maicschulte.de\/wordpress\/index.php?rest_route=%2Fwp%2Fv2%2Fcategories&post=11204"},{"taxonomy":"post_tag","embeddable":true,"href":"https:\/\/www.maicschulte.de\/wordpress\/index.php?rest_route=%2Fwp%2Fv2%2Ftags&post=11204"}],"curies":[{"name":"wp","href":"https:\/\/api.w.org\/{rel}","templated":true}]}}