{"id":11222,"date":"2013-01-07T22:45:58","date_gmt":"2013-01-07T20:45:58","guid":{"rendered":"http:\/\/www.1001cars.de\/wordpress\/?p=2620"},"modified":"2021-01-17T21:38:33","modified_gmt":"2021-01-17T20:38:33","slug":"tour-de-ru-2012-foto-strecke-i","status":"publish","type":"post","link":"https:\/\/www.maicschulte.de\/wordpress\/?p=11222","title":{"rendered":"Tour de R\u00fc 2012 \u2014 Foto-Strecke 1"},"content":{"rendered":"\n<div class=\"wp-block-image\"><figure class=\"aligncenter\"><a href=\"https:\/\/www.maicschulte.de\/wordpress\/wp-content\/uploads\/2013\/01\/Forty.jpg\" data-rel=\"lightbox-gallery-0\" data-rl_title data-rl_caption title><img decoding=\"async\" src=\"https:\/\/www.maicschulte.de\/wordpress\/wp-content\/uploads\/2013\/01\/Forty.jpg\" alt=\"Forty\" class=\"wp-image-2632\"><\/a><\/figure><\/div>\n\n\n\n<p>Bei der \u201cTour de R\u00fc\u201d kann man wahr\u00adlich von einer Ver\u00adan\u00adstal\u00adtung mit langer Tra\u00addi\u00adti\u00adon spre\u00adchen, denn im April 2012 fand diese zum 9. Mal im male\u00adri\u00adschen Essen-R\u00fct\u00adten\u00adscheid statt.<\/p>\n\n\n\n<p>Als abso\u00adlut erw\u00e4h\u00adnens\u00adwert emp\u00adfand ich das dort ange\u00adtre\u00adte\u00adne Teil\u00adneh\u00admer\u00adfeld, wel\u00adches aus 139 Old\u00adti\u00admern und immer\u00adhin 9 klas\u00adsi\u00adschen Motor\u00adr\u00e4\u00addern bestand. Jedes dieser Fahr\u00adzeu\u00adge konnte an der ins\u00adge\u00adsamt \u00fcber 240 Kilo\u00adme\u00adter langen Tour teil\u00adneh\u00admen, welche sich sowohl anspruchs\u00advoll als auch idyl\u00adlisch durchs Ber\u00adgi\u00adsche Land gewun\u00adden&nbsp;hat.<\/p>\n\n\n\n<p>Aus den Gespr\u00e4\u00adchen mit den Teil\u00adneh\u00admern, konnte ich auch ganz klar heraus h\u00f6ren, dass die Aus\u00adfahrt wohl aus\u00adnahms\u00adlos allen sehr gut gefal\u00adlen hat und geschont wurden die Fahr\u00adzeu\u00adge dabei auch kei\u00adnes\u00adwegs. Davon zeug\u00adten am Ende der Tour die \u00fcber\u00adge\u00adkoch\u00adten K\u00fchler, die abge\u00adris\u00adse\u00adnen Sto\u00df\u00adstan\u00adgen bzw. Num\u00admern\u00adschil\u00adder und v\u00f6llig vom Schlamm ver\u00adschmutz\u00adte Karos\u00adse\u00adrien. Man kann also sagen, voller Ein\u00adsatz auf brei\u00adter Front und von Dr\u00fc\u00adcke\u00adber\u00adgern keine Spur und dies obwohl manche der Fahr\u00adzeu\u00adge schon knapp 80 Jahre alt sind oder abso\u00adlut selten, wie zum Bei\u00adspiel ein Por\u00adsche 356 \u201cvor A\u201d aus dem Jahre&nbsp;1953.<\/p>\n\n\n\n<!--more-->\n\n\n\n<p>Solch ein Fahr\u00adzeug w\u00fcrde ja bei manch einem im gl\u00e4\u00adser\u00adnen Sarg stehen und vor jeg\u00adli\u00adchen Umwelt\u00adein\u00adfl\u00fcs\u00adsen gesch\u00fctzt werden. Nicht so aber bei den meis\u00adten Tour-Teil\u00adneh\u00admern, die selbst die engste Kurve noch mit quiet\u00adschen\u00adden Reifen und dem Fu\u00df auf dem Gas genom\u00admen&nbsp;haben.<\/p>\n\n\n\n<p>Kurzum eine rundum gelun\u00adge\u00adne Ver\u00adan\u00adstal\u00adtung, auf deren Wie\u00adder\u00adho\u00adlung im Jahr 2013 ich mich schon jetzt sehr&nbsp;freue.<\/p>\n\n\n\n<div class=\"wp-block-image\"><figure class=\"aligncenter\"><a href=\"https:\/\/www.maicschulte.de\/wordpress\/wp-content\/uploads\/2013\/01\/Citroen-DS-I.jpg\" data-rel=\"lightbox-gallery-0\" data-rl_title data-rl_caption title><img decoding=\"async\" src=\"https:\/\/www.maicschulte.de\/wordpress\/wp-content\/uploads\/2013\/01\/Citroen-DS-I.jpg\" alt=\"Citroen DS - I\" class=\"wp-image-2630\"><\/a><\/figure><\/div>\n\n\n\n<div class=\"wp-block-image\"><figure class=\"aligncenter\"><a href=\"https:\/\/www.maicschulte.de\/wordpress\/wp-content\/uploads\/2013\/01\/BMW-1800-TiSa-1965.jpg\" data-rel=\"lightbox-gallery-0\" data-rl_title data-rl_caption title><img decoding=\"async\" src=\"https:\/\/www.maicschulte.de\/wordpress\/wp-content\/uploads\/2013\/01\/BMW-1800-TiSa-1965.jpg\" alt=\"BMW 1800 TiSa - 1965\" class=\"wp-image-2627\"><\/a><\/figure><\/div>\n\n\n\n<div class=\"wp-block-image\"><figure class=\"aligncenter\"><a href=\"https:\/\/www.maicschulte.de\/wordpress\/wp-content\/uploads\/2013\/01\/Bugatti-43-Grand-Sport.jpg\" data-rel=\"lightbox-gallery-0\" data-rl_title data-rl_caption title><img decoding=\"async\" src=\"https:\/\/www.maicschulte.de\/wordpress\/wp-content\/uploads\/2013\/01\/Bugatti-43-Grand-Sport.jpg\" alt=\"Bugatti 43 Grand Sport\" class=\"wp-image-2629\"><\/a><\/figure><\/div>\n\n\n\n<div class=\"wp-block-image\"><figure class=\"aligncenter\"><a href=\"https:\/\/www.maicschulte.de\/wordpress\/wp-content\/uploads\/2013\/01\/Alfa-Romeo-1900-Pinin-Farina.jpg\" data-rel=\"lightbox-gallery-0\" data-rl_title data-rl_caption title><img decoding=\"async\" src=\"https:\/\/www.maicschulte.de\/wordpress\/wp-content\/uploads\/2013\/01\/Alfa-Romeo-1900-Pinin-Farina.jpg\" alt=\"Alfa Romeo 1900 Pinin Farina\" class=\"wp-image-2624\"><\/a><\/figure><\/div>\n\n\n\n<div class=\"wp-block-image\"><figure class=\"aligncenter\"><a href=\"https:\/\/www.maicschulte.de\/wordpress\/wp-content\/uploads\/2013\/01\/Bonneville-Mirror.jpg\" data-rel=\"lightbox-gallery-0\" data-rl_title data-rl_caption title><img decoding=\"async\" src=\"https:\/\/www.maicschulte.de\/wordpress\/wp-content\/uploads\/2013\/01\/Bonneville-Mirror.jpg\" alt=\"Bonneville Mirror\" class=\"wp-image-2628\"><\/a><\/figure><\/div>\n\n\n\n<div class=\"wp-block-image\"><figure class=\"aligncenter\"><a href=\"https:\/\/www.maicschulte.de\/wordpress\/wp-content\/uploads\/2013\/01\/Porsche-356-Cabrio-1963.jpg\" data-rel=\"lightbox-gallery-0\" data-rl_title data-rl_caption title><img loading=\"lazy\" decoding=\"async\" width=\"1248\" height=\"742\" src=\"https:\/\/www.maicschulte.de\/wordpress\/wp-content\/uploads\/2013\/01\/Porsche-356-Cabrio-1963.jpg\" alt=\"Porsche 356 Cabrio - 1963\" class=\"wp-image-2642\" srcset=\"https:\/\/www.maicschulte.de\/wordpress\/wp-content\/uploads\/2013\/01\/Porsche-356-Cabrio-1963.jpg 1248w, https:\/\/www.maicschulte.de\/wordpress\/wp-content\/uploads\/2013\/01\/Porsche-356-Cabrio-1963-300x178.jpg 300w, https:\/\/www.maicschulte.de\/wordpress\/wp-content\/uploads\/2013\/01\/Porsche-356-Cabrio-1963-768x457.jpg 768w, https:\/\/www.maicschulte.de\/wordpress\/wp-content\/uploads\/2013\/01\/Porsche-356-Cabrio-1963-840x499.jpg 840w, https:\/\/www.maicschulte.de\/wordpress\/wp-content\/uploads\/2013\/01\/Porsche-356-Cabrio-1963-600x357.jpg 600w\" sizes=\"auto, (max-width: 1248px) 100vw, 1248px\"><\/a><\/figure><\/div>\n\n\n\n<div class=\"wp-block-image\"><figure class=\"aligncenter\"><a href=\"https:\/\/www.maicschulte.de\/wordpress\/wp-content\/uploads\/2013\/01\/Blinker-MB-300-S-Coupe-1954.jpg\" data-rel=\"lightbox-gallery-0\" data-rl_title data-rl_caption title><img decoding=\"async\" src=\"https:\/\/www.maicschulte.de\/wordpress\/wp-content\/uploads\/2013\/01\/Blinker-MB-300-S-Coupe-1954.jpg\" alt=\"Blinker - MB 300 S Coupe - 1954\" class=\"wp-image-2626\"><\/a><\/figure><\/div>\n\n\n\n<div class=\"wp-block-image\"><figure class=\"aligncenter\"><a href=\"https:\/\/www.maicschulte.de\/wordpress\/wp-content\/uploads\/2013\/01\/VW-T1-Samba-Bus-Front.jpg\" data-rel=\"lightbox-gallery-0\" data-rl_title data-rl_caption title><img decoding=\"async\" src=\"https:\/\/www.maicschulte.de\/wordpress\/wp-content\/uploads\/2013\/01\/VW-T1-Samba-Bus-Front.jpg\" alt=\"VW T1 Samba Bus - Front\" class=\"wp-image-2647\"><\/a><\/figure><\/div>\n\n\n\n<div class=\"wp-block-image\"><figure class=\"aligncenter\"><a href=\"https:\/\/www.maicschulte.de\/wordpress\/wp-content\/uploads\/2013\/01\/Super-7.jpg\" data-rel=\"lightbox-gallery-0\" data-rl_title data-rl_caption title><img decoding=\"async\" src=\"https:\/\/www.maicschulte.de\/wordpress\/wp-content\/uploads\/2013\/01\/Super-7.jpg\" alt=\"Super 7\" class=\"wp-image-2646\"><\/a><\/figure><\/div>\n\n\n\n<div class=\"wp-block-image\"><figure class=\"aligncenter\"><a href=\"https:\/\/www.maicschulte.de\/wordpress\/wp-content\/uploads\/2013\/01\/Road-Book.jpg\" data-rel=\"lightbox-gallery-0\" data-rl_title data-rl_caption title><img decoding=\"async\" src=\"https:\/\/www.maicschulte.de\/wordpress\/wp-content\/uploads\/2013\/01\/Road-Book.jpg\" alt=\"Road-Book\" class=\"wp-image-2645\"><\/a><\/figure><\/div>\n\n\n\n<div class=\"wp-block-image\"><figure class=\"aligncenter\"><a href=\"https:\/\/www.maicschulte.de\/wordpress\/wp-content\/uploads\/2013\/01\/Ready-to-jump.jpg\" data-rel=\"lightbox-gallery-0\" data-rl_title data-rl_caption title><img decoding=\"async\" src=\"https:\/\/www.maicschulte.de\/wordpress\/wp-content\/uploads\/2013\/01\/Ready-to-jump.jpg\" alt=\"Ready to jump\" class=\"wp-image-2644\"><\/a><\/figure><\/div>\n\n\n\n<div class=\"wp-block-image\"><figure class=\"aligncenter\"><a href=\"https:\/\/www.maicschulte.de\/wordpress\/wp-content\/uploads\/2013\/01\/P-O-R-S-C-H-E.jpg\" data-rel=\"lightbox-gallery-0\" data-rl_title data-rl_caption title><img decoding=\"async\" src=\"https:\/\/www.maicschulte.de\/wordpress\/wp-content\/uploads\/2013\/01\/P-O-R-S-C-H-E.jpg\" alt=\"P-O-R-S-C-H-E\" class=\"wp-image-2643\"><\/a><\/figure><\/div>\n\n\n\n<div class=\"wp-block-image\"><figure class=\"aligncenter\"><a href=\"https:\/\/www.maicschulte.de\/wordpress\/wp-content\/uploads\/2013\/01\/Overheated.jpg\" data-rel=\"lightbox-gallery-0\" data-rl_title data-rl_caption title><img loading=\"lazy\" decoding=\"async\" width=\"1248\" height=\"747\" src=\"https:\/\/www.maicschulte.de\/wordpress\/wp-content\/uploads\/2013\/01\/Overheated.jpg\" alt=\"Overheated\" class=\"wp-image-2641\" srcset=\"https:\/\/www.maicschulte.de\/wordpress\/wp-content\/uploads\/2013\/01\/Overheated.jpg 1248w, https:\/\/www.maicschulte.de\/wordpress\/wp-content\/uploads\/2013\/01\/Overheated-300x180.jpg 300w, https:\/\/www.maicschulte.de\/wordpress\/wp-content\/uploads\/2013\/01\/Overheated-768x460.jpg 768w, https:\/\/www.maicschulte.de\/wordpress\/wp-content\/uploads\/2013\/01\/Overheated-840x503.jpg 840w, https:\/\/www.maicschulte.de\/wordpress\/wp-content\/uploads\/2013\/01\/Overheated-600x359.jpg 600w\" sizes=\"auto, (max-width: 1248px) 100vw, 1248px\"><\/a><\/figure><\/div>\n\n\n\n<div class=\"wp-block-image\"><figure class=\"aligncenter\"><a href=\"https:\/\/www.maicschulte.de\/wordpress\/wp-content\/uploads\/2013\/01\/Olympia.jpg\" data-rel=\"lightbox-gallery-0\" data-rl_title data-rl_caption title><img decoding=\"async\" src=\"https:\/\/www.maicschulte.de\/wordpress\/wp-content\/uploads\/2013\/01\/Olympia.jpg\" alt=\"Olympia\" class=\"wp-image-2640\"><\/a><\/figure><\/div>\n\n\n\n<div class=\"wp-block-image\"><figure class=\"aligncenter\"><a href=\"https:\/\/www.maicschulte.de\/wordpress\/wp-content\/uploads\/2013\/01\/MB-300-SL-Roadster.jpg\" data-rel=\"lightbox-gallery-0\" data-rl_title data-rl_caption title><img decoding=\"async\" src=\"https:\/\/www.maicschulte.de\/wordpress\/wp-content\/uploads\/2013\/01\/MB-300-SL-Roadster.jpg\" alt=\"MB 300 SL Roadster\" class=\"wp-image-2639\"><\/a><\/figure><\/div>\n\n\n\n<div class=\"wp-block-image\"><figure class=\"aligncenter\"><a href=\"https:\/\/www.maicschulte.de\/wordpress\/wp-content\/uploads\/2013\/01\/MB-190-SL-1958.jpg\" data-rel=\"lightbox-gallery-0\" data-rl_title data-rl_caption title><img decoding=\"async\" src=\"https:\/\/www.maicschulte.de\/wordpress\/wp-content\/uploads\/2013\/01\/MB-190-SL-1958.jpg\" alt=\"MB 190 SL - 1958\" class=\"wp-image-2638\"><\/a><\/figure><\/div>\n\n\n\n<div class=\"wp-block-image\"><figure class=\"aligncenter\"><a href=\"https:\/\/www.maicschulte.de\/wordpress\/wp-content\/uploads\/2013\/01\/Kapitaen.jpg\" data-rel=\"lightbox-gallery-0\" data-rl_title data-rl_caption title><img decoding=\"async\" src=\"https:\/\/www.maicschulte.de\/wordpress\/wp-content\/uploads\/2013\/01\/Kapitaen.jpg\" alt=\"Kapitaen\" class=\"wp-image-2637\"><\/a><\/figure><\/div>\n\n\n\n<div class=\"wp-block-image\"><figure class=\"aligncenter\"><a href=\"https:\/\/www.maicschulte.de\/wordpress\/wp-content\/uploads\/2013\/01\/Invicta-S-Type-Low-Chassis-1930.jpg\" data-rel=\"lightbox-gallery-0\" data-rl_title data-rl_caption title><img decoding=\"async\" src=\"https:\/\/www.maicschulte.de\/wordpress\/wp-content\/uploads\/2013\/01\/Invicta-S-Type-Low-Chassis-1930.jpg\" alt=\"Invicta S Type Low Chassis - 1930\" class=\"wp-image-2636\"><\/a><\/figure><\/div>\n\n\n\n<div class=\"wp-block-image\"><figure class=\"aligncenter\"><a href=\"https:\/\/www.maicschulte.de\/wordpress\/wp-content\/uploads\/2013\/01\/Hinterm-Lenkrad.jpg\" data-rel=\"lightbox-gallery-0\" data-rl_title data-rl_caption title><img decoding=\"async\" src=\"https:\/\/www.maicschulte.de\/wordpress\/wp-content\/uploads\/2013\/01\/Hinterm-Lenkrad.jpg\" alt=\"Hinterm Lenkrad\" class=\"wp-image-2635\"><\/a><\/figure><\/div>\n\n\n\n<div class=\"wp-block-image\"><figure class=\"aligncenter\"><a href=\"https:\/\/www.maicschulte.de\/wordpress\/wp-content\/uploads\/2013\/01\/Helm-und-Sitzbank.jpg\" data-rel=\"lightbox-gallery-0\" data-rl_title data-rl_caption title><img decoding=\"async\" src=\"https:\/\/www.maicschulte.de\/wordpress\/wp-content\/uploads\/2013\/01\/Helm-und-Sitzbank.jpg\" alt=\"Helm und Sitzbank\" class=\"wp-image-2634\"><\/a><\/figure><\/div>\n\n\n\n<div class=\"wp-block-image\"><figure class=\"aligncenter\"><a href=\"https:\/\/www.maicschulte.de\/wordpress\/wp-content\/uploads\/2013\/01\/From-Above.jpg\" data-rel=\"lightbox-gallery-0\" data-rl_title data-rl_caption title><img decoding=\"async\" src=\"https:\/\/www.maicschulte.de\/wordpress\/wp-content\/uploads\/2013\/01\/From-Above.jpg\" alt=\"From Above\" class=\"wp-image-2633\"><\/a><\/figure><\/div>\n\n\n\n<div class=\"wp-block-image\"><figure class=\"aligncenter\"><a href=\"https:\/\/www.maicschulte.de\/wordpress\/wp-content\/uploads\/2013\/01\/Citroen-DS-II.jpg\" data-rel=\"lightbox-gallery-0\" data-rl_title data-rl_caption title><img decoding=\"async\" src=\"https:\/\/www.maicschulte.de\/wordpress\/wp-content\/uploads\/2013\/01\/Citroen-DS-II.jpg\" alt=\"Citroen DS - II\" class=\"wp-image-2631\"><\/a><\/figure><\/div>\n\n\n\n<div class=\"wp-block-image\"><figure class=\"aligncenter\"><a href=\"https:\/\/www.maicschulte.de\/wordpress\/wp-content\/uploads\/2013\/01\/Auto-Union-I.jpg\" data-rel=\"lightbox-gallery-0\" data-rl_title data-rl_caption title><img decoding=\"async\" src=\"https:\/\/www.maicschulte.de\/wordpress\/wp-content\/uploads\/2013\/01\/Auto-Union-I.jpg\" alt=\"Auto-Union - I\" class=\"wp-image-2625\"><\/a><\/figure><\/div>\n\n\n\n<p>P.S: Auf\u00adgrund dessen, dass das Wetter an diesem Tag so gna\u00adden\u00adlos sch\u00f6n war und das Teil\u00adneh\u00admer\u00adfeld so riesig, gibt es morgen um die glei\u00adche Zeit noch eine wei\u00adte\u00adre Foto-Stre\u00adcke von der \u201cTour de R\u00fc 2012\u201d zu&nbsp;sehen.<\/p>\n\n\n\n<p>In diesem Sinne \u2014 Stay&nbsp;tuned!<\/p>\n","protected":false},"excerpt":{"rendered":"<p>Bei der \u201cTour de R\u00fc\u201d kann man wahr\u00adlich von einer Ver\u00adan\u00adstal\u00adtung mit langer Tra\u00addi\u00adti\u00adon spre\u00adchen, denn im April 2012 fand diese zum 9. Mal im male\u00adri\u00adschen Essen-R\u00fct\u00ad\u00adten\u00ad\u00adscheid statt. Als abso\u00adlut erw\u00e4h\u00adnens\u00adwert emp\u00adfand ich das dort ange\u00adtre\u00adte\u00adne Teil\u00adneh\u00admer\u00adfeld, wel\u00adches aus 139 Old\u00adti\u00admern und immer\u00adhin 9 klas\u00adsi\u00adschen Motor\u00adr\u00e4\u00addern bestand. Jedes dieser Fahr\u00adzeu\u00adge konnte an der ins\u00adge\u00adsamt \u00fcber 240 Kilo\u00adme\u00adter langen Tour teil\u00adneh\u00admen, welche sich sowohl anspruchs\u00advoll als auch idyl\u00adlisch durchs Ber\u00adgi\u00adsche Land gewun\u00adden&nbsp;hat. Aus den Gespr\u00e4\u00adchen mit den Teil\u00adneh\u00admern, konnte ich auch ganz klar heraus h\u00f6ren, dass die Aus\u00adfahrt wohl aus\u00adnahms\u00adlos allen sehr gut gefal\u00adlen hat und geschont wurden die Fahr\u00adzeu\u00adge dabei auch kei\u00adnes\u00adwegs. Davon zeug\u00adten am Ende der Tour die \u00fcber\u00adge\u00adkoch\u00adten K\u00fchler, die abge\u00adris\u00adse\u00adnen Sto\u00df\u00adstan\u00adgen bzw. Num\u00admern\u00adschil\u00adder und v\u00f6llig vom Schlamm ver\u00adschmutz\u00adte Karos\u00adse\u00adrien. Man kann also sagen, voller Ein\u00adsatz auf brei\u00adter Front und von Dr\u00fc\u00adcke\u00adber\u00adgern keine Spur und dies obwohl manche der Fahr\u00adzeu\u00adge schon knapp 80 Jahre alt sind oder abso\u00adlut selten, wie zum Bei\u00adspiel ein Por\u00adsche 356 \u201cvor A\u201d aus dem Jahre&nbsp;1953.<\/p>\n","protected":false},"author":1,"featured_media":10753,"comment_status":"open","ping_status":"open","sticky":false,"template":"","format":"standard","meta":{"wp_typography_post_enhancements_disabled":false,"footnotes":""},"categories":[721,1279],"tags":[1152,1243,772,64,165,720,1244,1245,804],"class_list":["post-11222","post","type-post","status-publish","format-standard","has-post-thumbnail","hentry","category-automobiles","category-chronologisch","tag-1152","tag-alfa","tag-bugatti","tag-essen","tag-mercedes","tag-porsche","tag-ruttenscheid","tag-tour-de-ru","tag-vw"],"yoast_head":"<!-- This site is optimized with the Yoast SEO plugin v27.5 - https:\/\/yoast.com\/product\/yoast-seo-wordpress\/ -->\n<title>Tour de R\u00fc 2012 - Foto-Strecke 1 - Maic Schulte<\/title>\n<meta name=\"description\" content=\"Tour de R\u00fc 2012 - Foto-Strecke 1 - Automobiles - Maic Schulte - Fotografie - Ruhrgebiet - Industrie - Portrait - Events - Autos - Rockabilly - Kunst - Schwarzwei\u00df\" \/>\n<meta name=\"robots\" content=\"index, follow, max-snippet:-1, max-image-preview:large, max-video-preview:-1\" \/>\n<link rel=\"canonical\" href=\"https:\/\/www.maicschulte.de\/wordpress\/?p=11222\" \/>\n<meta property=\"og:locale\" content=\"de_DE\" \/>\n<meta property=\"og:type\" content=\"article\" \/>\n<meta property=\"og:title\" content=\"Tour de R\u00fc 2012 - Foto-Strecke 1 - Maic Schulte\" \/>\n<meta property=\"og:description\" content=\"Tour de R\u00fc 2012 - Foto-Strecke 1 - Automobiles - Maic Schulte - Fotografie - Ruhrgebiet - Industrie - Portrait - Events - Autos - Rockabilly - Kunst - Schwarzwei\u00df\" \/>\n<meta property=\"og:url\" content=\"https:\/\/www.maicschulte.de\/wordpress\/?p=11222\" \/>\n<meta property=\"og:site_name\" content=\"Maic Schulte\" \/>\n<meta property=\"article:published_time\" content=\"2013-01-07T20:45:58+00:00\" \/>\n<meta property=\"article:modified_time\" content=\"2021-01-17T20:38:33+00:00\" \/>\n<meta property=\"og:image\" content=\"https:\/\/www.maicschulte.de\/wordpress\/wp-content\/uploads\/2013\/01\/Forty.jpg\" \/>\n\t<meta property=\"og:image:width\" content=\"1248\" \/>\n\t<meta property=\"og:image:height\" content=\"625\" \/>\n\t<meta property=\"og:image:type\" content=\"image\/jpeg\" \/>\n<meta name=\"author\" content=\"Maic Schulte\" \/>\n<script type=\"application\/ld+json\" class=\"yoast-schema-graph\">{\"@context\":\"https:\\\/\\\/schema.org\",\"@graph\":[{\"@type\":\"Article\",\"@id\":\"https:\\\/\\\/www.maicschulte.de\\\/wordpress\\\/?p=11222#article\",\"isPartOf\":{\"@id\":\"https:\\\/\\\/www.maicschulte.de\\\/wordpress\\\/?p=11222\"},\"author\":{\"name\":\"Maic Schulte\",\"@id\":\"https:\\\/\\\/www.maicschulte.de\\\/wordpress\\\/#\\\/schema\\\/person\\\/809698f1c7b1655959515001723d716e\"},\"headline\":\"Tour de R\u00fc 2012 \u2014 Foto-Strecke 1\",\"datePublished\":\"2013-01-07T20:45:58+00:00\",\"dateModified\":\"2021-01-17T20:38:33+00:00\",\"mainEntityOfPage\":{\"@id\":\"https:\\\/\\\/www.maicschulte.de\\\/wordpress\\\/?p=11222\"},\"wordCount\":276,\"commentCount\":2,\"publisher\":{\"@id\":\"https:\\\/\\\/www.maicschulte.de\\\/wordpress\\\/#\\\/schema\\\/person\\\/809698f1c7b1655959515001723d716e\"},\"image\":{\"@id\":\"https:\\\/\\\/www.maicschulte.de\\\/wordpress\\\/?p=11222#primaryimage\"},\"thumbnailUrl\":\"https:\\\/\\\/www.maicschulte.de\\\/wordpress\\\/wp-content\\\/uploads\\\/2013\\\/01\\\/Forty.jpg\",\"keywords\":[\"2012\",\"Alfa\",\"Bugatti\",\"Essen\",\"Mercedes\",\"Porsche\",\"R\u00fcttenscheid\",\"Tour de R\u00fc\",\"VW\"],\"articleSection\":[\"Automobiles\",\"Chronologisch\"],\"inLanguage\":\"de\",\"potentialAction\":[{\"@type\":\"CommentAction\",\"name\":\"Comment\",\"target\":[\"https:\\\/\\\/www.maicschulte.de\\\/wordpress\\\/?p=11222#respond\"]}]},{\"@type\":\"WebPage\",\"@id\":\"https:\\\/\\\/www.maicschulte.de\\\/wordpress\\\/?p=11222\",\"url\":\"https:\\\/\\\/www.maicschulte.de\\\/wordpress\\\/?p=11222\",\"name\":\"Tour de R\u00fc 2012 - Foto-Strecke 1 - Maic Schulte\",\"isPartOf\":{\"@id\":\"https:\\\/\\\/www.maicschulte.de\\\/wordpress\\\/#website\"},\"primaryImageOfPage\":{\"@id\":\"https:\\\/\\\/www.maicschulte.de\\\/wordpress\\\/?p=11222#primaryimage\"},\"image\":{\"@id\":\"https:\\\/\\\/www.maicschulte.de\\\/wordpress\\\/?p=11222#primaryimage\"},\"thumbnailUrl\":\"https:\\\/\\\/www.maicschulte.de\\\/wordpress\\\/wp-content\\\/uploads\\\/2013\\\/01\\\/Forty.jpg\",\"datePublished\":\"2013-01-07T20:45:58+00:00\",\"dateModified\":\"2021-01-17T20:38:33+00:00\",\"description\":\"Tour de R\u00fc 2012 - Foto-Strecke 1 - Automobiles - Maic Schulte - Fotografie - Ruhrgebiet - Industrie - Portrait - Events - Autos - Rockabilly - Kunst - Schwarzwei\u00df\",\"breadcrumb\":{\"@id\":\"https:\\\/\\\/www.maicschulte.de\\\/wordpress\\\/?p=11222#breadcrumb\"},\"inLanguage\":\"de\",\"potentialAction\":[{\"@type\":\"ReadAction\",\"target\":[\"https:\\\/\\\/www.maicschulte.de\\\/wordpress\\\/?p=11222\"]}]},{\"@type\":\"ImageObject\",\"inLanguage\":\"de\",\"@id\":\"https:\\\/\\\/www.maicschulte.de\\\/wordpress\\\/?p=11222#primaryimage\",\"url\":\"https:\\\/\\\/www.maicschulte.de\\\/wordpress\\\/wp-content\\\/uploads\\\/2013\\\/01\\\/Forty.jpg\",\"contentUrl\":\"https:\\\/\\\/www.maicschulte.de\\\/wordpress\\\/wp-content\\\/uploads\\\/2013\\\/01\\\/Forty.jpg\",\"width\":1248,\"height\":625},{\"@type\":\"BreadcrumbList\",\"@id\":\"https:\\\/\\\/www.maicschulte.de\\\/wordpress\\\/?p=11222#breadcrumb\",\"itemListElement\":[{\"@type\":\"ListItem\",\"position\":1,\"name\":\"Startseite\",\"item\":\"https:\\\/\\\/www.maicschulte.de\\\/wordpress\"},{\"@type\":\"ListItem\",\"position\":2,\"name\":\"Tour de R\u00fc 2012 \u2014 Foto-Strecke 1\"}]},{\"@type\":\"WebSite\",\"@id\":\"https:\\\/\\\/www.maicschulte.de\\\/wordpress\\\/#website\",\"url\":\"https:\\\/\\\/www.maicschulte.de\\\/wordpress\\\/\",\"name\":\"Maic Schulte\",\"description\":\"Fotografie aus Leidenschaft\",\"publisher\":{\"@id\":\"https:\\\/\\\/www.maicschulte.de\\\/wordpress\\\/#\\\/schema\\\/person\\\/809698f1c7b1655959515001723d716e\"},\"potentialAction\":[{\"@type\":\"SearchAction\",\"target\":{\"@type\":\"EntryPoint\",\"urlTemplate\":\"https:\\\/\\\/www.maicschulte.de\\\/wordpress\\\/?s={search_term_string}\"},\"query-input\":{\"@type\":\"PropertyValueSpecification\",\"valueRequired\":true,\"valueName\":\"search_term_string\"}}],\"inLanguage\":\"de\"},{\"@type\":[\"Person\",\"Organization\"],\"@id\":\"https:\\\/\\\/www.maicschulte.de\\\/wordpress\\\/#\\\/schema\\\/person\\\/809698f1c7b1655959515001723d716e\",\"name\":\"Maic Schulte\",\"image\":{\"@type\":\"ImageObject\",\"inLanguage\":\"de\",\"@id\":\"https:\\\/\\\/www.maicschulte.de\\\/wordpress\\\/wp-content\\\/uploads\\\/2025\\\/05\\\/Chronus_Maic_Schulte_Logo_605px-3.png\",\"url\":\"https:\\\/\\\/www.maicschulte.de\\\/wordpress\\\/wp-content\\\/uploads\\\/2025\\\/05\\\/Chronus_Maic_Schulte_Logo_605px-3.png\",\"contentUrl\":\"https:\\\/\\\/www.maicschulte.de\\\/wordpress\\\/wp-content\\\/uploads\\\/2025\\\/05\\\/Chronus_Maic_Schulte_Logo_605px-3.png\",\"width\":605,\"height\":200,\"caption\":\"Maic Schulte\"},\"logo\":{\"@id\":\"https:\\\/\\\/www.maicschulte.de\\\/wordpress\\\/wp-content\\\/uploads\\\/2025\\\/05\\\/Chronus_Maic_Schulte_Logo_605px-3.png\"},\"description\":\"Seit dem Tag, an dem mein Vater mich mit einer Kamera, einem Objektiv und zwei Illford-Schwarzwei\u00df-Filmen auf Entdeckungs-Tour geschickt hat, begleitet mich das Thema \\\"Fotografie\\\". Basierend auf WordPress, stellt diese Webseite - jetzt und in der Zukunft - eine Heimat f\u00fcr all meine Artikel und Fotos dar, welche wiederum aus allen Themenbereichen der klassischen &amp; modernen Fotografie kommen. Sei es nun die Fotografie in Schwarz-Wei\u00df; die Erkundung ehemaliger Industriegel\u00e4nde, welche f\u00fcr mich am ehesten \u201eDas Herz des Reviers\u201c widerspiegeln; ausdrucksstarke Portraits oder farbenfrohe Naturaufnahmen. Ganz egal! Es gelingt einfach jedem fotografischen Thema, meine Neugierde darauf zu erwecken. Dar\u00fcber hinaus habe ich aber auch ein ger\u00fctteltes Ma\u00df an Benzin im Blut und mag Autos &amp; Motorr\u00e4der, ganz egal ob nun neu, alt, aufgemotzt oder vollkommen original. Du siehst, die Auswahl an Artikeln &amp; Fotos ist also genauso breit gef\u00e4chert wie meine fotografischen Interessen.\",\"sameAs\":[\"https:\\\/\\\/www.maicschulte.de\"]}]}<\/script>\n<!-- \/ Yoast SEO plugin. -->","yoast_head_json":{"title":"Tour de R\u00fc 2012 - Foto-Strecke 1 - Maic Schulte","description":"Tour de R\u00fc 2012 - Foto-Strecke 1 - Automobiles - Maic Schulte - Fotografie - Ruhrgebiet - Industrie - Portrait - Events - Autos - Rockabilly - Kunst - Schwarzwei\u00df","robots":{"index":"index","follow":"follow","max-snippet":"max-snippet:-1","max-image-preview":"max-image-preview:large","max-video-preview":"max-video-preview:-1"},"canonical":"https:\/\/www.maicschulte.de\/wordpress\/?p=11222","og_locale":"de_DE","og_type":"article","og_title":"Tour de R\u00fc 2012 - Foto-Strecke 1 - Maic Schulte","og_description":"Tour de R\u00fc 2012 - Foto-Strecke 1 - Automobiles - Maic Schulte - Fotografie - Ruhrgebiet - Industrie - Portrait - Events - Autos - Rockabilly - Kunst - Schwarzwei\u00df","og_url":"https:\/\/www.maicschulte.de\/wordpress\/?p=11222","og_site_name":"Maic Schulte","article_published_time":"2013-01-07T20:45:58+00:00","article_modified_time":"2021-01-17T20:38:33+00:00","og_image":[{"width":1248,"height":625,"url":"https:\/\/www.maicschulte.de\/wordpress\/wp-content\/uploads\/2013\/01\/Forty.jpg","type":"image\/jpeg"}],"author":"Maic Schulte","schema":{"@context":"https:\/\/schema.org","@graph":[{"@type":"Article","@id":"https:\/\/www.maicschulte.de\/wordpress\/?p=11222#article","isPartOf":{"@id":"https:\/\/www.maicschulte.de\/wordpress\/?p=11222"},"author":{"name":"Maic Schulte","@id":"https:\/\/www.maicschulte.de\/wordpress\/#\/schema\/person\/809698f1c7b1655959515001723d716e"},"headline":"Tour de R\u00fc 2012 \u2014 Foto-Strecke 1","datePublished":"2013-01-07T20:45:58+00:00","dateModified":"2021-01-17T20:38:33+00:00","mainEntityOfPage":{"@id":"https:\/\/www.maicschulte.de\/wordpress\/?p=11222"},"wordCount":276,"commentCount":2,"publisher":{"@id":"https:\/\/www.maicschulte.de\/wordpress\/#\/schema\/person\/809698f1c7b1655959515001723d716e"},"image":{"@id":"https:\/\/www.maicschulte.de\/wordpress\/?p=11222#primaryimage"},"thumbnailUrl":"https:\/\/www.maicschulte.de\/wordpress\/wp-content\/uploads\/2013\/01\/Forty.jpg","keywords":["2012","Alfa","Bugatti","Essen","Mercedes","Porsche","R\u00fcttenscheid","Tour de R\u00fc","VW"],"articleSection":["Automobiles","Chronologisch"],"inLanguage":"de","potentialAction":[{"@type":"CommentAction","name":"Comment","target":["https:\/\/www.maicschulte.de\/wordpress\/?p=11222#respond"]}]},{"@type":"WebPage","@id":"https:\/\/www.maicschulte.de\/wordpress\/?p=11222","url":"https:\/\/www.maicschulte.de\/wordpress\/?p=11222","name":"Tour de R\u00fc 2012 - Foto-Strecke 1 - Maic Schulte","isPartOf":{"@id":"https:\/\/www.maicschulte.de\/wordpress\/#website"},"primaryImageOfPage":{"@id":"https:\/\/www.maicschulte.de\/wordpress\/?p=11222#primaryimage"},"image":{"@id":"https:\/\/www.maicschulte.de\/wordpress\/?p=11222#primaryimage"},"thumbnailUrl":"https:\/\/www.maicschulte.de\/wordpress\/wp-content\/uploads\/2013\/01\/Forty.jpg","datePublished":"2013-01-07T20:45:58+00:00","dateModified":"2021-01-17T20:38:33+00:00","description":"Tour de R\u00fc 2012 - Foto-Strecke 1 - Automobiles - Maic Schulte - Fotografie - Ruhrgebiet - Industrie - Portrait - Events - Autos - Rockabilly - Kunst - Schwarzwei\u00df","breadcrumb":{"@id":"https:\/\/www.maicschulte.de\/wordpress\/?p=11222#breadcrumb"},"inLanguage":"de","potentialAction":[{"@type":"ReadAction","target":["https:\/\/www.maicschulte.de\/wordpress\/?p=11222"]}]},{"@type":"ImageObject","inLanguage":"de","@id":"https:\/\/www.maicschulte.de\/wordpress\/?p=11222#primaryimage","url":"https:\/\/www.maicschulte.de\/wordpress\/wp-content\/uploads\/2013\/01\/Forty.jpg","contentUrl":"https:\/\/www.maicschulte.de\/wordpress\/wp-content\/uploads\/2013\/01\/Forty.jpg","width":1248,"height":625},{"@type":"BreadcrumbList","@id":"https:\/\/www.maicschulte.de\/wordpress\/?p=11222#breadcrumb","itemListElement":[{"@type":"ListItem","position":1,"name":"Startseite","item":"https:\/\/www.maicschulte.de\/wordpress"},{"@type":"ListItem","position":2,"name":"Tour de R\u00fc 2012 \u2014 Foto-Strecke 1"}]},{"@type":"WebSite","@id":"https:\/\/www.maicschulte.de\/wordpress\/#website","url":"https:\/\/www.maicschulte.de\/wordpress\/","name":"Maic Schulte","description":"Fotografie aus Leidenschaft","publisher":{"@id":"https:\/\/www.maicschulte.de\/wordpress\/#\/schema\/person\/809698f1c7b1655959515001723d716e"},"potentialAction":[{"@type":"SearchAction","target":{"@type":"EntryPoint","urlTemplate":"https:\/\/www.maicschulte.de\/wordpress\/?s={search_term_string}"},"query-input":{"@type":"PropertyValueSpecification","valueRequired":true,"valueName":"search_term_string"}}],"inLanguage":"de"},{"@type":["Person","Organization"],"@id":"https:\/\/www.maicschulte.de\/wordpress\/#\/schema\/person\/809698f1c7b1655959515001723d716e","name":"Maic Schulte","image":{"@type":"ImageObject","inLanguage":"de","@id":"https:\/\/www.maicschulte.de\/wordpress\/wp-content\/uploads\/2025\/05\/Chronus_Maic_Schulte_Logo_605px-3.png","url":"https:\/\/www.maicschulte.de\/wordpress\/wp-content\/uploads\/2025\/05\/Chronus_Maic_Schulte_Logo_605px-3.png","contentUrl":"https:\/\/www.maicschulte.de\/wordpress\/wp-content\/uploads\/2025\/05\/Chronus_Maic_Schulte_Logo_605px-3.png","width":605,"height":200,"caption":"Maic Schulte"},"logo":{"@id":"https:\/\/www.maicschulte.de\/wordpress\/wp-content\/uploads\/2025\/05\/Chronus_Maic_Schulte_Logo_605px-3.png"},"description":"Seit dem Tag, an dem mein Vater mich mit einer Kamera, einem Objektiv und zwei Illford-Schwarzwei\u00df-Filmen auf Entdeckungs-Tour geschickt hat, begleitet mich das Thema \"Fotografie\". Basierend auf WordPress, stellt diese Webseite - jetzt und in der Zukunft - eine Heimat f\u00fcr all meine Artikel und Fotos dar, welche wiederum aus allen Themenbereichen der klassischen &amp; modernen Fotografie kommen. Sei es nun die Fotografie in Schwarz-Wei\u00df; die Erkundung ehemaliger Industriegel\u00e4nde, welche f\u00fcr mich am ehesten \u201eDas Herz des Reviers\u201c widerspiegeln; ausdrucksstarke Portraits oder farbenfrohe Naturaufnahmen. Ganz egal! Es gelingt einfach jedem fotografischen Thema, meine Neugierde darauf zu erwecken. Dar\u00fcber hinaus habe ich aber auch ein ger\u00fctteltes Ma\u00df an Benzin im Blut und mag Autos &amp; Motorr\u00e4der, ganz egal ob nun neu, alt, aufgemotzt oder vollkommen original. Du siehst, die Auswahl an Artikeln &amp; Fotos ist also genauso breit gef\u00e4chert wie meine fotografischen Interessen.","sameAs":["https:\/\/www.maicschulte.de"]}]}},"_links":{"self":[{"href":"https:\/\/www.maicschulte.de\/wordpress\/index.php?rest_route=\/wp\/v2\/posts\/11222","targetHints":{"allow":["GET"]}}],"collection":[{"href":"https:\/\/www.maicschulte.de\/wordpress\/index.php?rest_route=\/wp\/v2\/posts"}],"about":[{"href":"https:\/\/www.maicschulte.de\/wordpress\/index.php?rest_route=\/wp\/v2\/types\/post"}],"author":[{"embeddable":true,"href":"https:\/\/www.maicschulte.de\/wordpress\/index.php?rest_route=\/wp\/v2\/users\/1"}],"replies":[{"embeddable":true,"href":"https:\/\/www.maicschulte.de\/wordpress\/index.php?rest_route=%2Fwp%2Fv2%2Fcomments&post=11222"}],"version-history":[{"count":2,"href":"https:\/\/www.maicschulte.de\/wordpress\/index.php?rest_route=\/wp\/v2\/posts\/11222\/revisions"}],"predecessor-version":[{"id":12054,"href":"https:\/\/www.maicschulte.de\/wordpress\/index.php?rest_route=\/wp\/v2\/posts\/11222\/revisions\/12054"}],"wp:featuredmedia":[{"embeddable":true,"href":"https:\/\/www.maicschulte.de\/wordpress\/index.php?rest_route=\/wp\/v2\/media\/10753"}],"wp:attachment":[{"href":"https:\/\/www.maicschulte.de\/wordpress\/index.php?rest_route=%2Fwp%2Fv2%2Fmedia&parent=11222"}],"wp:term":[{"taxonomy":"category","embeddable":true,"href":"https:\/\/www.maicschulte.de\/wordpress\/index.php?rest_route=%2Fwp%2Fv2%2Fcategories&post=11222"},{"taxonomy":"post_tag","embeddable":true,"href":"https:\/\/www.maicschulte.de\/wordpress\/index.php?rest_route=%2Fwp%2Fv2%2Ftags&post=11222"}],"curies":[{"name":"wp","href":"https:\/\/api.w.org\/{rel}","templated":true}]}}