{"id":11223,"date":"2013-01-08T18:30:18","date_gmt":"2013-01-08T16:30:18","guid":{"rendered":"http:\/\/www.1001cars.de\/wordpress\/?p=2622"},"modified":"2021-01-17T21:38:00","modified_gmt":"2021-01-17T20:38:00","slug":"tour-de-ru-2012-foto-strecke-ii","status":"publish","type":"post","link":"https:\/\/www.maicschulte.de\/wordpress\/?p=11223","title":{"rendered":"Tour de R\u00fc 2012 \u2014 Foto-Strecke 2"},"content":{"rendered":"\n<p>Wie ges\u00adtern schon ange\u00addroht, kommt heute nun der zweite Teil der \u201cTour de R\u00fc\u201d-Serie.<\/p>\n\n\n\n<p>Geschrie\u00adben wurde ja auch schon alles, also komme ich gleich und ohne Umwege zu den&nbsp;Fotos.<\/p>\n\n\n\n<p>Viel Spa\u00df&nbsp;damit&nbsp;;)<\/p>\n\n\n\n<div class=\"wp-block-image\"><figure class=\"aligncenter\"><a href=\"https:\/\/www.maicschulte.de\/wordpress\/wp-content\/uploads\/2013\/01\/On-the-run-Alfa-Romeo-Montreal.jpg\" data-rel=\"lightbox-gallery-0\" data-rl_title data-rl_caption title><img loading=\"lazy\" decoding=\"async\" width=\"1248\" height=\"723\" src=\"https:\/\/www.maicschulte.de\/wordpress\/wp-content\/uploads\/2013\/01\/On-the-run-Alfa-Romeo-Montreal.jpg\" alt=\"On the run - Alfa Romeo Montreal\" class=\"wp-image-2664\" srcset=\"https:\/\/www.maicschulte.de\/wordpress\/wp-content\/uploads\/2013\/01\/On-the-run-Alfa-Romeo-Montreal.jpg 1248w, https:\/\/www.maicschulte.de\/wordpress\/wp-content\/uploads\/2013\/01\/On-the-run-Alfa-Romeo-Montreal-300x174.jpg 300w, https:\/\/www.maicschulte.de\/wordpress\/wp-content\/uploads\/2013\/01\/On-the-run-Alfa-Romeo-Montreal-768x445.jpg 768w, https:\/\/www.maicschulte.de\/wordpress\/wp-content\/uploads\/2013\/01\/On-the-run-Alfa-Romeo-Montreal-840x487.jpg 840w, https:\/\/www.maicschulte.de\/wordpress\/wp-content\/uploads\/2013\/01\/On-the-run-Alfa-Romeo-Montreal-600x348.jpg 600w\" sizes=\"auto, (max-width: 1248px) 100vw, 1248px\"><\/a><\/figure><\/div>\n\n\n\n<!--more-->\n\n\n\n<div class=\"wp-block-image\"><figure class=\"aligncenter\"><a href=\"https:\/\/www.maicschulte.de\/wordpress\/wp-content\/uploads\/2013\/01\/VW-T1-Samba-Bus.jpg\" data-rel=\"lightbox-gallery-0\" data-rl_title data-rl_caption title><img decoding=\"async\" src=\"https:\/\/www.maicschulte.de\/wordpress\/wp-content\/uploads\/2013\/01\/VW-T1-Samba-Bus.jpg\" alt=\"VW T1 Samba Bus\" class=\"wp-image-2671\"><\/a><\/figure><\/div>\n\n\n\n<div class=\"wp-block-image\"><figure class=\"aligncenter\"><a href=\"https:\/\/www.maicschulte.de\/wordpress\/wp-content\/uploads\/2013\/01\/Auto-Union-II.jpg\" data-rel=\"lightbox-gallery-0\" data-rl_title data-rl_caption title><img decoding=\"async\" src=\"https:\/\/www.maicschulte.de\/wordpress\/wp-content\/uploads\/2013\/01\/Auto-Union-II.jpg\" alt=\"Auto-Union - II\" class=\"wp-image-2649\"><\/a><\/figure><\/div>\n\n\n\n<div class=\"wp-block-image\"><figure class=\"aligncenter\"><a href=\"https:\/\/www.maicschulte.de\/wordpress\/wp-content\/uploads\/2013\/01\/Unter-gutem-Stern.jpg\" data-rel=\"lightbox-gallery-0\" data-rl_title data-rl_caption title><img decoding=\"async\" src=\"https:\/\/www.maicschulte.de\/wordpress\/wp-content\/uploads\/2013\/01\/Unter-gutem-Stern.jpg\" alt=\"Unter gutem Stern\" class=\"wp-image-2670\"><\/a><\/figure><\/div>\n\n\n\n<div class=\"wp-block-image\"><figure class=\"aligncenter\"><a href=\"https:\/\/www.maicschulte.de\/wordpress\/wp-content\/uploads\/2013\/01\/Ford-Motorsport.jpg\" data-rel=\"lightbox-gallery-0\" data-rl_title data-rl_caption title><img decoding=\"async\" src=\"https:\/\/www.maicschulte.de\/wordpress\/wp-content\/uploads\/2013\/01\/Ford-Motorsport.jpg\" alt=\"Ford Motorsport\" class=\"wp-image-2657\"><\/a><\/figure><\/div>\n\n\n\n<div class=\"wp-block-image\"><figure class=\"aligncenter\"><a href=\"https:\/\/www.maicschulte.de\/wordpress\/wp-content\/uploads\/2013\/01\/Under-the-bridge.jpg\" data-rel=\"lightbox-gallery-0\" data-rl_title data-rl_caption title><img decoding=\"async\" src=\"https:\/\/www.maicschulte.de\/wordpress\/wp-content\/uploads\/2013\/01\/Under-the-bridge.jpg\" alt=\"Under the bridge\" class=\"wp-image-2669\"><\/a><\/figure><\/div>\n\n\n\n<div class=\"wp-block-image\"><figure class=\"aligncenter\"><a href=\"https:\/\/www.maicschulte.de\/wordpress\/wp-content\/uploads\/2013\/01\/Porsche-356-Roadster.jpg\" data-rel=\"lightbox-gallery-0\" data-rl_title data-rl_caption title><img decoding=\"async\" src=\"https:\/\/www.maicschulte.de\/wordpress\/wp-content\/uploads\/2013\/01\/Porsche-356-Roadster.jpg\" alt=\"Porsche 356 Roadster\" class=\"wp-image-2668\"><\/a><\/figure><\/div>\n\n\n\n<div class=\"wp-block-image\"><figure class=\"aligncenter\"><a href=\"https:\/\/www.maicschulte.de\/wordpress\/wp-content\/uploads\/2013\/01\/Frontlight.jpg\" data-rel=\"lightbox-gallery-0\" data-rl_title data-rl_caption title><img decoding=\"async\" src=\"https:\/\/www.maicschulte.de\/wordpress\/wp-content\/uploads\/2013\/01\/Frontlight.jpg\" alt=\"Frontlight\" class=\"wp-image-2658\"><\/a><\/figure><\/div>\n\n\n\n<div class=\"wp-block-image\"><figure class=\"aligncenter\"><a href=\"https:\/\/www.maicschulte.de\/wordpress\/wp-content\/uploads\/2013\/01\/Porsche-356-Pre-A-1500-S-1953.jpg\" data-rel=\"lightbox-gallery-0\" data-rl_title data-rl_caption title><img decoding=\"async\" src=\"https:\/\/www.maicschulte.de\/wordpress\/wp-content\/uploads\/2013\/01\/Porsche-356-Pre-A-1500-S-1953.jpg\" alt=\"Porsche 356 Pre-A 1500 S - 1953\" class=\"wp-image-2667\"><\/a><\/figure><\/div>\n\n\n\n<div class=\"wp-block-image\"><figure class=\"aligncenter\"><a href=\"https:\/\/www.maicschulte.de\/wordpress\/wp-content\/uploads\/2013\/01\/MB-300-SC-1956.jpg\" data-rel=\"lightbox-gallery-0\" data-rl_title data-rl_caption title><img decoding=\"async\" src=\"https:\/\/www.maicschulte.de\/wordpress\/wp-content\/uploads\/2013\/01\/MB-300-SC-1956.jpg\" alt=\"MB 300 SC - 1956\" class=\"wp-image-2661\"><\/a><\/figure><\/div>\n\n\n\n<div class=\"wp-block-image\"><figure class=\"aligncenter\"><a href=\"https:\/\/www.maicschulte.de\/wordpress\/wp-content\/uploads\/2013\/01\/B-wie-Bugatti.jpg\" data-rel=\"lightbox-gallery-0\" data-rl_title data-rl_caption title><img decoding=\"async\" src=\"https:\/\/www.maicschulte.de\/wordpress\/wp-content\/uploads\/2013\/01\/B-wie-Bugatti.jpg\" alt=\"B wie Bugatti\" class=\"wp-image-2650\"><\/a><\/figure><\/div>\n\n\n\n<div class=\"wp-block-image\"><figure class=\"aligncenter\"><a href=\"https:\/\/www.maicschulte.de\/wordpress\/wp-content\/uploads\/2013\/01\/Porsche-356-C-1964.jpg\" data-rel=\"lightbox-gallery-0\" data-rl_title data-rl_caption title><img decoding=\"async\" src=\"https:\/\/www.maicschulte.de\/wordpress\/wp-content\/uploads\/2013\/01\/Porsche-356-C-1964.jpg\" alt=\"Porsche 356 C - 1964\" class=\"wp-image-2666\"><\/a><\/figure><\/div>\n\n\n\n<div class=\"wp-block-image\"><figure class=\"aligncenter\"><a href=\"https:\/\/www.maicschulte.de\/wordpress\/wp-content\/uploads\/2013\/01\/Pontiac-Bonneville-455-1965.jpg\" data-rel=\"lightbox-gallery-0\" data-rl_title data-rl_caption title><img decoding=\"async\" src=\"https:\/\/www.maicschulte.de\/wordpress\/wp-content\/uploads\/2013\/01\/Pontiac-Bonneville-455-1965.jpg\" alt=\"Pontiac Bonneville 455 - 1965\" class=\"wp-image-2665\"><\/a><\/figure><\/div>\n\n\n\n<div class=\"wp-block-image\"><figure class=\"aligncenter\"><a href=\"https:\/\/www.maicschulte.de\/wordpress\/wp-content\/uploads\/2013\/01\/Mirror.jpg\" data-rel=\"lightbox-gallery-0\" data-rl_title data-rl_caption title><img decoding=\"async\" src=\"https:\/\/www.maicschulte.de\/wordpress\/wp-content\/uploads\/2013\/01\/Mirror.jpg\" alt=\"Mirror\" class=\"wp-image-2663\"><\/a><\/figure><\/div>\n\n\n\n<div class=\"wp-block-image\"><figure class=\"aligncenter\"><a href=\"https:\/\/www.maicschulte.de\/wordpress\/wp-content\/uploads\/2013\/01\/Blinker.jpg\" data-rel=\"lightbox-gallery-0\" data-rl_title data-rl_caption title><img decoding=\"async\" src=\"https:\/\/www.maicschulte.de\/wordpress\/wp-content\/uploads\/2013\/01\/Blinker.jpg\" alt=\"Blinker\" class=\"wp-image-2651\"><\/a><\/figure><\/div>\n\n\n\n<div class=\"wp-block-image\"><figure class=\"aligncenter\"><a href=\"https:\/\/www.maicschulte.de\/wordpress\/wp-content\/uploads\/2013\/01\/MG-Midget-MK-II.jpg\" data-rel=\"lightbox-gallery-0\" data-rl_title data-rl_caption title><img decoding=\"async\" src=\"https:\/\/www.maicschulte.de\/wordpress\/wp-content\/uploads\/2013\/01\/MG-Midget-MK-II.jpg\" alt=\"MG Midget MK II\" class=\"wp-image-2662\"><\/a><\/figure><\/div>\n\n\n\n<div class=\"wp-block-image\"><figure class=\"aligncenter\"><a href=\"https:\/\/www.maicschulte.de\/wordpress\/wp-content\/uploads\/2013\/01\/MB-280-SE-Cabrio.jpg\" data-rel=\"lightbox-gallery-0\" data-rl_title data-rl_caption title><img decoding=\"async\" src=\"https:\/\/www.maicschulte.de\/wordpress\/wp-content\/uploads\/2013\/01\/MB-280-SE-Cabrio.jpg\" alt=\"MB 280 SE Cabrio\" class=\"wp-image-2660\"><\/a><\/figure><\/div>\n\n\n\n<div class=\"wp-block-image\"><figure class=\"aligncenter\"><a href=\"https:\/\/www.maicschulte.de\/wordpress\/wp-content\/uploads\/2013\/01\/Detail.jpg\" data-rel=\"lightbox-gallery-0\" data-rl_title data-rl_caption title><img decoding=\"async\" src=\"https:\/\/www.maicschulte.de\/wordpress\/wp-content\/uploads\/2013\/01\/Detail.jpg\" alt=\"Detail\" class=\"wp-image-2655\"><\/a><\/figure><\/div>\n\n\n\n<div class=\"wp-block-image\"><figure class=\"aligncenter\"><a href=\"https:\/\/www.maicschulte.de\/wordpress\/wp-content\/uploads\/2013\/01\/MB-190-SL-Baujahr-1959.jpg\" data-rel=\"lightbox-gallery-0\" data-rl_title data-rl_caption title><img loading=\"lazy\" decoding=\"async\" width=\"1248\" height=\"791\" src=\"https:\/\/www.maicschulte.de\/wordpress\/wp-content\/uploads\/2013\/01\/MB-190-SL-Baujahr-1959.jpg\" alt=\"MB 190 SL - Baujahr 1959\" class=\"wp-image-2659\" srcset=\"https:\/\/www.maicschulte.de\/wordpress\/wp-content\/uploads\/2013\/01\/MB-190-SL-Baujahr-1959.jpg 1248w, https:\/\/www.maicschulte.de\/wordpress\/wp-content\/uploads\/2013\/01\/MB-190-SL-Baujahr-1959-300x190.jpg 300w, https:\/\/www.maicschulte.de\/wordpress\/wp-content\/uploads\/2013\/01\/MB-190-SL-Baujahr-1959-768x487.jpg 768w, https:\/\/www.maicschulte.de\/wordpress\/wp-content\/uploads\/2013\/01\/MB-190-SL-Baujahr-1959-828x525.jpg 828w, https:\/\/www.maicschulte.de\/wordpress\/wp-content\/uploads\/2013\/01\/MB-190-SL-Baujahr-1959-592x375.jpg 592w\" sizes=\"auto, (max-width: 1248px) 100vw, 1248px\"><\/a><\/figure><\/div>\n\n\n\n<div class=\"wp-block-image\"><figure class=\"aligncenter\"><a href=\"https:\/\/www.maicschulte.de\/wordpress\/wp-content\/uploads\/2013\/01\/Excalibur-Serie-I-Roadster-1965.jpg\" data-rel=\"lightbox-gallery-0\" data-rl_title data-rl_caption title><img loading=\"lazy\" decoding=\"async\" width=\"1248\" height=\"744\" src=\"https:\/\/www.maicschulte.de\/wordpress\/wp-content\/uploads\/2013\/01\/Excalibur-Serie-I-Roadster-1965.jpg\" alt=\"Excalibur Serie I Roadster - 1965\" class=\"wp-image-2656\" srcset=\"https:\/\/www.maicschulte.de\/wordpress\/wp-content\/uploads\/2013\/01\/Excalibur-Serie-I-Roadster-1965.jpg 1248w, https:\/\/www.maicschulte.de\/wordpress\/wp-content\/uploads\/2013\/01\/Excalibur-Serie-I-Roadster-1965-300x179.jpg 300w, https:\/\/www.maicschulte.de\/wordpress\/wp-content\/uploads\/2013\/01\/Excalibur-Serie-I-Roadster-1965-768x458.jpg 768w, https:\/\/www.maicschulte.de\/wordpress\/wp-content\/uploads\/2013\/01\/Excalibur-Serie-I-Roadster-1965-840x501.jpg 840w, https:\/\/www.maicschulte.de\/wordpress\/wp-content\/uploads\/2013\/01\/Excalibur-Serie-I-Roadster-1965-600x358.jpg 600w\" sizes=\"auto, (max-width: 1248px) 100vw, 1248px\"><\/a><\/figure><\/div>\n\n\n\n<div class=\"wp-block-image\"><figure class=\"aligncenter\"><a href=\"https:\/\/www.maicschulte.de\/wordpress\/wp-content\/uploads\/2013\/01\/Citroen-DS-III.jpg\" data-rel=\"lightbox-gallery-0\" data-rl_title data-rl_caption title><img decoding=\"async\" src=\"https:\/\/www.maicschulte.de\/wordpress\/wp-content\/uploads\/2013\/01\/Citroen-DS-III.jpg\" alt=\"Citroen DS - III\" class=\"wp-image-2654\"><\/a><\/figure><\/div>\n\n\n\n<div class=\"wp-block-image\"><figure class=\"aligncenter\"><a href=\"https:\/\/www.maicschulte.de\/wordpress\/wp-content\/uploads\/2013\/01\/Captains-Emblem.jpg\" data-rel=\"lightbox-gallery-0\" data-rl_title data-rl_caption title><img decoding=\"async\" src=\"https:\/\/www.maicschulte.de\/wordpress\/wp-content\/uploads\/2013\/01\/Captains-Emblem.jpg\" alt=\"Captains Emblem\" class=\"wp-image-2653\"><\/a><\/figure><\/div>\n\n\n\n<div class=\"wp-block-image\"><figure class=\"aligncenter\"><a href=\"https:\/\/www.maicschulte.de\/wordpress\/wp-content\/uploads\/2013\/01\/Boyce-Moto-Meter.jpg\" data-rel=\"lightbox-gallery-0\" data-rl_title data-rl_caption title><img loading=\"lazy\" decoding=\"async\" width=\"581\" height=\"860\" src=\"https:\/\/www.maicschulte.de\/wordpress\/wp-content\/uploads\/2013\/01\/Boyce-Moto-Meter.jpg\" alt=\"Boyce Moto-Meter\" class=\"wp-image-2652\" srcset=\"https:\/\/www.maicschulte.de\/wordpress\/wp-content\/uploads\/2013\/01\/Boyce-Moto-Meter.jpg 581w, https:\/\/www.maicschulte.de\/wordpress\/wp-content\/uploads\/2013\/01\/Boyce-Moto-Meter-203x300.jpg 203w, https:\/\/www.maicschulte.de\/wordpress\/wp-content\/uploads\/2013\/01\/Boyce-Moto-Meter-355x525.jpg 355w, https:\/\/www.maicschulte.de\/wordpress\/wp-content\/uploads\/2013\/01\/Boyce-Moto-Meter-253x375.jpg 253w\" sizes=\"auto, (max-width: 581px) 100vw, 581px\"><\/a><\/figure><\/div>\n\n\n\n<p class=\"has-text-align-center\">Teil 1 der Foto\u00adstre\u00adcke \u201cTour de R\u00fc \u2014 2012\u201d findet Ihr&nbsp;hier:<\/p>\n\n\n\n<p class=\"has-text-align-center\">&nbsp;<a href=\"https:\/\/www.maicschulte.de\/wordpress\/?p=11222\" target=\"_blank\" rel=\"noreferrer noopener\">Tour de R\u00fc \u2014 Foto-Stre\u00adcke&nbsp;1<\/a><\/p>\n","protected":false},"excerpt":{"rendered":"<p>Wie ges\u00adtern schon ange\u00addroht, kommt heute nun der zweite Teil der \u201cTour de R\u00fc\u201d-Serie. Geschrie\u00adben wurde ja auch schon alles, also komme ich gleich und ohne Umwege zu den&nbsp;Fotos. Viel Spa\u00df&nbsp;damit&nbsp;;)<\/p>\n","protected":false},"author":1,"featured_media":2664,"comment_status":"open","ping_status":"open","sticky":false,"template":"","format":"standard","meta":{"wp_typography_post_enhancements_disabled":false,"footnotes":""},"categories":[721,1279],"tags":[1152,1243,772,64,165,720,1244,1245,804],"class_list":["post-11223","post","type-post","status-publish","format-standard","has-post-thumbnail","hentry","category-automobiles","category-chronologisch","tag-1152","tag-alfa","tag-bugatti","tag-essen","tag-mercedes","tag-porsche","tag-ruttenscheid","tag-tour-de-ru","tag-vw"],"yoast_head":"<!-- This site is optimized with the Yoast SEO plugin v27.5 - https:\/\/yoast.com\/product\/yoast-seo-wordpress\/ -->\n<title>Tour de R\u00fc 2012 - Foto-Strecke 2 - Maic Schulte<\/title>\n<meta name=\"description\" content=\"Tour de R\u00fc 2012 - Foto-Strecke 2 - Automobiles - Maic Schulte - Fotografie - Ruhrgebiet - Industrie - Portrait - Events - Autos - Rockabilly - Kunst - Schwarzwei\u00df\" \/>\n<meta name=\"robots\" content=\"index, follow, max-snippet:-1, max-image-preview:large, max-video-preview:-1\" \/>\n<link rel=\"canonical\" href=\"https:\/\/www.maicschulte.de\/wordpress\/?p=11223\" \/>\n<meta property=\"og:locale\" content=\"de_DE\" \/>\n<meta property=\"og:type\" content=\"article\" \/>\n<meta property=\"og:title\" content=\"Tour de R\u00fc 2012 - Foto-Strecke 2 - Maic Schulte\" \/>\n<meta property=\"og:description\" content=\"Tour de R\u00fc 2012 - Foto-Strecke 2 - Automobiles - Maic Schulte - Fotografie - Ruhrgebiet - Industrie - Portrait - Events - Autos - Rockabilly - Kunst - Schwarzwei\u00df\" \/>\n<meta property=\"og:url\" content=\"https:\/\/www.maicschulte.de\/wordpress\/?p=11223\" \/>\n<meta property=\"og:site_name\" content=\"Maic Schulte\" \/>\n<meta property=\"article:published_time\" content=\"2013-01-08T16:30:18+00:00\" \/>\n<meta property=\"article:modified_time\" content=\"2021-01-17T20:38:00+00:00\" \/>\n<meta property=\"og:image\" content=\"https:\/\/www.maicschulte.de\/wordpress\/wp-content\/uploads\/2013\/01\/On-the-run-Alfa-Romeo-Montreal.jpg\" \/>\n\t<meta property=\"og:image:width\" content=\"1248\" \/>\n\t<meta property=\"og:image:height\" content=\"723\" \/>\n\t<meta property=\"og:image:type\" content=\"image\/jpeg\" \/>\n<meta name=\"author\" content=\"Maic Schulte\" \/>\n<script type=\"application\/ld+json\" class=\"yoast-schema-graph\">{\"@context\":\"https:\\\/\\\/schema.org\",\"@graph\":[{\"@type\":\"Article\",\"@id\":\"https:\\\/\\\/www.maicschulte.de\\\/wordpress\\\/?p=11223#article\",\"isPartOf\":{\"@id\":\"https:\\\/\\\/www.maicschulte.de\\\/wordpress\\\/?p=11223\"},\"author\":{\"name\":\"Maic Schulte\",\"@id\":\"https:\\\/\\\/www.maicschulte.de\\\/wordpress\\\/#\\\/schema\\\/person\\\/809698f1c7b1655959515001723d716e\"},\"headline\":\"Tour de R\u00fc 2012 \u2014 Foto-Strecke 2\",\"datePublished\":\"2013-01-08T16:30:18+00:00\",\"dateModified\":\"2021-01-17T20:38:00+00:00\",\"mainEntityOfPage\":{\"@id\":\"https:\\\/\\\/www.maicschulte.de\\\/wordpress\\\/?p=11223\"},\"wordCount\":54,\"commentCount\":0,\"publisher\":{\"@id\":\"https:\\\/\\\/www.maicschulte.de\\\/wordpress\\\/#\\\/schema\\\/person\\\/809698f1c7b1655959515001723d716e\"},\"image\":{\"@id\":\"https:\\\/\\\/www.maicschulte.de\\\/wordpress\\\/?p=11223#primaryimage\"},\"thumbnailUrl\":\"https:\\\/\\\/www.maicschulte.de\\\/wordpress\\\/wp-content\\\/uploads\\\/2013\\\/01\\\/On-the-run-Alfa-Romeo-Montreal.jpg\",\"keywords\":[\"2012\",\"Alfa\",\"Bugatti\",\"Essen\",\"Mercedes\",\"Porsche\",\"R\u00fcttenscheid\",\"Tour de R\u00fc\",\"VW\"],\"articleSection\":[\"Automobiles\",\"Chronologisch\"],\"inLanguage\":\"de\",\"potentialAction\":[{\"@type\":\"CommentAction\",\"name\":\"Comment\",\"target\":[\"https:\\\/\\\/www.maicschulte.de\\\/wordpress\\\/?p=11223#respond\"]}]},{\"@type\":\"WebPage\",\"@id\":\"https:\\\/\\\/www.maicschulte.de\\\/wordpress\\\/?p=11223\",\"url\":\"https:\\\/\\\/www.maicschulte.de\\\/wordpress\\\/?p=11223\",\"name\":\"Tour de R\u00fc 2012 - Foto-Strecke 2 - Maic Schulte\",\"isPartOf\":{\"@id\":\"https:\\\/\\\/www.maicschulte.de\\\/wordpress\\\/#website\"},\"primaryImageOfPage\":{\"@id\":\"https:\\\/\\\/www.maicschulte.de\\\/wordpress\\\/?p=11223#primaryimage\"},\"image\":{\"@id\":\"https:\\\/\\\/www.maicschulte.de\\\/wordpress\\\/?p=11223#primaryimage\"},\"thumbnailUrl\":\"https:\\\/\\\/www.maicschulte.de\\\/wordpress\\\/wp-content\\\/uploads\\\/2013\\\/01\\\/On-the-run-Alfa-Romeo-Montreal.jpg\",\"datePublished\":\"2013-01-08T16:30:18+00:00\",\"dateModified\":\"2021-01-17T20:38:00+00:00\",\"description\":\"Tour de R\u00fc 2012 - Foto-Strecke 2 - Automobiles - Maic Schulte - Fotografie - Ruhrgebiet - Industrie - Portrait - Events - Autos - Rockabilly - Kunst - Schwarzwei\u00df\",\"breadcrumb\":{\"@id\":\"https:\\\/\\\/www.maicschulte.de\\\/wordpress\\\/?p=11223#breadcrumb\"},\"inLanguage\":\"de\",\"potentialAction\":[{\"@type\":\"ReadAction\",\"target\":[\"https:\\\/\\\/www.maicschulte.de\\\/wordpress\\\/?p=11223\"]}]},{\"@type\":\"ImageObject\",\"inLanguage\":\"de\",\"@id\":\"https:\\\/\\\/www.maicschulte.de\\\/wordpress\\\/?p=11223#primaryimage\",\"url\":\"https:\\\/\\\/www.maicschulte.de\\\/wordpress\\\/wp-content\\\/uploads\\\/2013\\\/01\\\/On-the-run-Alfa-Romeo-Montreal.jpg\",\"contentUrl\":\"https:\\\/\\\/www.maicschulte.de\\\/wordpress\\\/wp-content\\\/uploads\\\/2013\\\/01\\\/On-the-run-Alfa-Romeo-Montreal.jpg\",\"width\":1248,\"height\":723},{\"@type\":\"BreadcrumbList\",\"@id\":\"https:\\\/\\\/www.maicschulte.de\\\/wordpress\\\/?p=11223#breadcrumb\",\"itemListElement\":[{\"@type\":\"ListItem\",\"position\":1,\"name\":\"Startseite\",\"item\":\"https:\\\/\\\/www.maicschulte.de\\\/wordpress\"},{\"@type\":\"ListItem\",\"position\":2,\"name\":\"Tour de R\u00fc 2012 \u2014 Foto-Strecke 2\"}]},{\"@type\":\"WebSite\",\"@id\":\"https:\\\/\\\/www.maicschulte.de\\\/wordpress\\\/#website\",\"url\":\"https:\\\/\\\/www.maicschulte.de\\\/wordpress\\\/\",\"name\":\"Maic Schulte\",\"description\":\"Fotografie aus Leidenschaft\",\"publisher\":{\"@id\":\"https:\\\/\\\/www.maicschulte.de\\\/wordpress\\\/#\\\/schema\\\/person\\\/809698f1c7b1655959515001723d716e\"},\"potentialAction\":[{\"@type\":\"SearchAction\",\"target\":{\"@type\":\"EntryPoint\",\"urlTemplate\":\"https:\\\/\\\/www.maicschulte.de\\\/wordpress\\\/?s={search_term_string}\"},\"query-input\":{\"@type\":\"PropertyValueSpecification\",\"valueRequired\":true,\"valueName\":\"search_term_string\"}}],\"inLanguage\":\"de\"},{\"@type\":[\"Person\",\"Organization\"],\"@id\":\"https:\\\/\\\/www.maicschulte.de\\\/wordpress\\\/#\\\/schema\\\/person\\\/809698f1c7b1655959515001723d716e\",\"name\":\"Maic Schulte\",\"image\":{\"@type\":\"ImageObject\",\"inLanguage\":\"de\",\"@id\":\"https:\\\/\\\/www.maicschulte.de\\\/wordpress\\\/wp-content\\\/uploads\\\/2025\\\/05\\\/Chronus_Maic_Schulte_Logo_605px-3.png\",\"url\":\"https:\\\/\\\/www.maicschulte.de\\\/wordpress\\\/wp-content\\\/uploads\\\/2025\\\/05\\\/Chronus_Maic_Schulte_Logo_605px-3.png\",\"contentUrl\":\"https:\\\/\\\/www.maicschulte.de\\\/wordpress\\\/wp-content\\\/uploads\\\/2025\\\/05\\\/Chronus_Maic_Schulte_Logo_605px-3.png\",\"width\":605,\"height\":200,\"caption\":\"Maic Schulte\"},\"logo\":{\"@id\":\"https:\\\/\\\/www.maicschulte.de\\\/wordpress\\\/wp-content\\\/uploads\\\/2025\\\/05\\\/Chronus_Maic_Schulte_Logo_605px-3.png\"},\"description\":\"Seit dem Tag, an dem mein Vater mich mit einer Kamera, einem Objektiv und zwei Illford-Schwarzwei\u00df-Filmen auf Entdeckungs-Tour geschickt hat, begleitet mich das Thema \\\"Fotografie\\\". Basierend auf WordPress, stellt diese Webseite - jetzt und in der Zukunft - eine Heimat f\u00fcr all meine Artikel und Fotos dar, welche wiederum aus allen Themenbereichen der klassischen &amp; modernen Fotografie kommen. Sei es nun die Fotografie in Schwarz-Wei\u00df; die Erkundung ehemaliger Industriegel\u00e4nde, welche f\u00fcr mich am ehesten \u201eDas Herz des Reviers\u201c widerspiegeln; ausdrucksstarke Portraits oder farbenfrohe Naturaufnahmen. Ganz egal! Es gelingt einfach jedem fotografischen Thema, meine Neugierde darauf zu erwecken. Dar\u00fcber hinaus habe ich aber auch ein ger\u00fctteltes Ma\u00df an Benzin im Blut und mag Autos &amp; Motorr\u00e4der, ganz egal ob nun neu, alt, aufgemotzt oder vollkommen original. Du siehst, die Auswahl an Artikeln &amp; Fotos ist also genauso breit gef\u00e4chert wie meine fotografischen Interessen.\",\"sameAs\":[\"https:\\\/\\\/www.maicschulte.de\"]}]}<\/script>\n<!-- \/ Yoast SEO plugin. -->","yoast_head_json":{"title":"Tour de R\u00fc 2012 - Foto-Strecke 2 - Maic Schulte","description":"Tour de R\u00fc 2012 - Foto-Strecke 2 - Automobiles - Maic Schulte - Fotografie - Ruhrgebiet - Industrie - Portrait - Events - Autos - Rockabilly - Kunst - Schwarzwei\u00df","robots":{"index":"index","follow":"follow","max-snippet":"max-snippet:-1","max-image-preview":"max-image-preview:large","max-video-preview":"max-video-preview:-1"},"canonical":"https:\/\/www.maicschulte.de\/wordpress\/?p=11223","og_locale":"de_DE","og_type":"article","og_title":"Tour de R\u00fc 2012 - Foto-Strecke 2 - Maic Schulte","og_description":"Tour de R\u00fc 2012 - Foto-Strecke 2 - Automobiles - Maic Schulte - Fotografie - Ruhrgebiet - Industrie - Portrait - Events - Autos - Rockabilly - Kunst - Schwarzwei\u00df","og_url":"https:\/\/www.maicschulte.de\/wordpress\/?p=11223","og_site_name":"Maic Schulte","article_published_time":"2013-01-08T16:30:18+00:00","article_modified_time":"2021-01-17T20:38:00+00:00","og_image":[{"width":1248,"height":723,"url":"https:\/\/www.maicschulte.de\/wordpress\/wp-content\/uploads\/2013\/01\/On-the-run-Alfa-Romeo-Montreal.jpg","type":"image\/jpeg"}],"author":"Maic Schulte","schema":{"@context":"https:\/\/schema.org","@graph":[{"@type":"Article","@id":"https:\/\/www.maicschulte.de\/wordpress\/?p=11223#article","isPartOf":{"@id":"https:\/\/www.maicschulte.de\/wordpress\/?p=11223"},"author":{"name":"Maic Schulte","@id":"https:\/\/www.maicschulte.de\/wordpress\/#\/schema\/person\/809698f1c7b1655959515001723d716e"},"headline":"Tour de R\u00fc 2012 \u2014 Foto-Strecke 2","datePublished":"2013-01-08T16:30:18+00:00","dateModified":"2021-01-17T20:38:00+00:00","mainEntityOfPage":{"@id":"https:\/\/www.maicschulte.de\/wordpress\/?p=11223"},"wordCount":54,"commentCount":0,"publisher":{"@id":"https:\/\/www.maicschulte.de\/wordpress\/#\/schema\/person\/809698f1c7b1655959515001723d716e"},"image":{"@id":"https:\/\/www.maicschulte.de\/wordpress\/?p=11223#primaryimage"},"thumbnailUrl":"https:\/\/www.maicschulte.de\/wordpress\/wp-content\/uploads\/2013\/01\/On-the-run-Alfa-Romeo-Montreal.jpg","keywords":["2012","Alfa","Bugatti","Essen","Mercedes","Porsche","R\u00fcttenscheid","Tour de R\u00fc","VW"],"articleSection":["Automobiles","Chronologisch"],"inLanguage":"de","potentialAction":[{"@type":"CommentAction","name":"Comment","target":["https:\/\/www.maicschulte.de\/wordpress\/?p=11223#respond"]}]},{"@type":"WebPage","@id":"https:\/\/www.maicschulte.de\/wordpress\/?p=11223","url":"https:\/\/www.maicschulte.de\/wordpress\/?p=11223","name":"Tour de R\u00fc 2012 - Foto-Strecke 2 - Maic Schulte","isPartOf":{"@id":"https:\/\/www.maicschulte.de\/wordpress\/#website"},"primaryImageOfPage":{"@id":"https:\/\/www.maicschulte.de\/wordpress\/?p=11223#primaryimage"},"image":{"@id":"https:\/\/www.maicschulte.de\/wordpress\/?p=11223#primaryimage"},"thumbnailUrl":"https:\/\/www.maicschulte.de\/wordpress\/wp-content\/uploads\/2013\/01\/On-the-run-Alfa-Romeo-Montreal.jpg","datePublished":"2013-01-08T16:30:18+00:00","dateModified":"2021-01-17T20:38:00+00:00","description":"Tour de R\u00fc 2012 - Foto-Strecke 2 - Automobiles - Maic Schulte - Fotografie - Ruhrgebiet - Industrie - Portrait - Events - Autos - Rockabilly - Kunst - Schwarzwei\u00df","breadcrumb":{"@id":"https:\/\/www.maicschulte.de\/wordpress\/?p=11223#breadcrumb"},"inLanguage":"de","potentialAction":[{"@type":"ReadAction","target":["https:\/\/www.maicschulte.de\/wordpress\/?p=11223"]}]},{"@type":"ImageObject","inLanguage":"de","@id":"https:\/\/www.maicschulte.de\/wordpress\/?p=11223#primaryimage","url":"https:\/\/www.maicschulte.de\/wordpress\/wp-content\/uploads\/2013\/01\/On-the-run-Alfa-Romeo-Montreal.jpg","contentUrl":"https:\/\/www.maicschulte.de\/wordpress\/wp-content\/uploads\/2013\/01\/On-the-run-Alfa-Romeo-Montreal.jpg","width":1248,"height":723},{"@type":"BreadcrumbList","@id":"https:\/\/www.maicschulte.de\/wordpress\/?p=11223#breadcrumb","itemListElement":[{"@type":"ListItem","position":1,"name":"Startseite","item":"https:\/\/www.maicschulte.de\/wordpress"},{"@type":"ListItem","position":2,"name":"Tour de R\u00fc 2012 \u2014 Foto-Strecke 2"}]},{"@type":"WebSite","@id":"https:\/\/www.maicschulte.de\/wordpress\/#website","url":"https:\/\/www.maicschulte.de\/wordpress\/","name":"Maic Schulte","description":"Fotografie aus Leidenschaft","publisher":{"@id":"https:\/\/www.maicschulte.de\/wordpress\/#\/schema\/person\/809698f1c7b1655959515001723d716e"},"potentialAction":[{"@type":"SearchAction","target":{"@type":"EntryPoint","urlTemplate":"https:\/\/www.maicschulte.de\/wordpress\/?s={search_term_string}"},"query-input":{"@type":"PropertyValueSpecification","valueRequired":true,"valueName":"search_term_string"}}],"inLanguage":"de"},{"@type":["Person","Organization"],"@id":"https:\/\/www.maicschulte.de\/wordpress\/#\/schema\/person\/809698f1c7b1655959515001723d716e","name":"Maic Schulte","image":{"@type":"ImageObject","inLanguage":"de","@id":"https:\/\/www.maicschulte.de\/wordpress\/wp-content\/uploads\/2025\/05\/Chronus_Maic_Schulte_Logo_605px-3.png","url":"https:\/\/www.maicschulte.de\/wordpress\/wp-content\/uploads\/2025\/05\/Chronus_Maic_Schulte_Logo_605px-3.png","contentUrl":"https:\/\/www.maicschulte.de\/wordpress\/wp-content\/uploads\/2025\/05\/Chronus_Maic_Schulte_Logo_605px-3.png","width":605,"height":200,"caption":"Maic Schulte"},"logo":{"@id":"https:\/\/www.maicschulte.de\/wordpress\/wp-content\/uploads\/2025\/05\/Chronus_Maic_Schulte_Logo_605px-3.png"},"description":"Seit dem Tag, an dem mein Vater mich mit einer Kamera, einem Objektiv und zwei Illford-Schwarzwei\u00df-Filmen auf Entdeckungs-Tour geschickt hat, begleitet mich das Thema \"Fotografie\". Basierend auf WordPress, stellt diese Webseite - jetzt und in der Zukunft - eine Heimat f\u00fcr all meine Artikel und Fotos dar, welche wiederum aus allen Themenbereichen der klassischen &amp; modernen Fotografie kommen. Sei es nun die Fotografie in Schwarz-Wei\u00df; die Erkundung ehemaliger Industriegel\u00e4nde, welche f\u00fcr mich am ehesten \u201eDas Herz des Reviers\u201c widerspiegeln; ausdrucksstarke Portraits oder farbenfrohe Naturaufnahmen. Ganz egal! Es gelingt einfach jedem fotografischen Thema, meine Neugierde darauf zu erwecken. Dar\u00fcber hinaus habe ich aber auch ein ger\u00fctteltes Ma\u00df an Benzin im Blut und mag Autos &amp; Motorr\u00e4der, ganz egal ob nun neu, alt, aufgemotzt oder vollkommen original. Du siehst, die Auswahl an Artikeln &amp; Fotos ist also genauso breit gef\u00e4chert wie meine fotografischen Interessen.","sameAs":["https:\/\/www.maicschulte.de"]}]}},"_links":{"self":[{"href":"https:\/\/www.maicschulte.de\/wordpress\/index.php?rest_route=\/wp\/v2\/posts\/11223","targetHints":{"allow":["GET"]}}],"collection":[{"href":"https:\/\/www.maicschulte.de\/wordpress\/index.php?rest_route=\/wp\/v2\/posts"}],"about":[{"href":"https:\/\/www.maicschulte.de\/wordpress\/index.php?rest_route=\/wp\/v2\/types\/post"}],"author":[{"embeddable":true,"href":"https:\/\/www.maicschulte.de\/wordpress\/index.php?rest_route=\/wp\/v2\/users\/1"}],"replies":[{"embeddable":true,"href":"https:\/\/www.maicschulte.de\/wordpress\/index.php?rest_route=%2Fwp%2Fv2%2Fcomments&post=11223"}],"version-history":[{"count":2,"href":"https:\/\/www.maicschulte.de\/wordpress\/index.php?rest_route=\/wp\/v2\/posts\/11223\/revisions"}],"predecessor-version":[{"id":12052,"href":"https:\/\/www.maicschulte.de\/wordpress\/index.php?rest_route=\/wp\/v2\/posts\/11223\/revisions\/12052"}],"wp:featuredmedia":[{"embeddable":true,"href":"https:\/\/www.maicschulte.de\/wordpress\/index.php?rest_route=\/wp\/v2\/media\/2664"}],"wp:attachment":[{"href":"https:\/\/www.maicschulte.de\/wordpress\/index.php?rest_route=%2Fwp%2Fv2%2Fmedia&parent=11223"}],"wp:term":[{"taxonomy":"category","embeddable":true,"href":"https:\/\/www.maicschulte.de\/wordpress\/index.php?rest_route=%2Fwp%2Fv2%2Fcategories&post=11223"},{"taxonomy":"post_tag","embeddable":true,"href":"https:\/\/www.maicschulte.de\/wordpress\/index.php?rest_route=%2Fwp%2Fv2%2Ftags&post=11223"}],"curies":[{"name":"wp","href":"https:\/\/api.w.org\/{rel}","templated":true}]}}