{"id":1214,"date":"2012-04-17T16:14:42","date_gmt":"2012-04-17T15:14:42","guid":{"rendered":"https:\/\/www.maicschulte.de\/?p=1214"},"modified":"2021-01-17T20:45:01","modified_gmt":"2021-01-17T19:45:01","slug":"schloss-moyland","status":"publish","type":"post","link":"https:\/\/www.maicschulte.de\/wordpress\/?p=1214","title":{"rendered":"Schloss Moyland"},"content":{"rendered":"\n<p>Schloss Moy\u00adland \u2014 gele\u00adgen im wun\u00adder\u00adsch\u00f6\u00adnen Kreis Kleve \u2014 ist eines der wich\u00adtigs\u00adten neu\u00adgo\u00adti\u00adschen Bau\u00adwer\u00adke in der Land\u00adschaft zwi\u00adschen dem Ruhr\u00adge\u00adbiet und den Nie\u00adder\u00adlan\u00adden und aus dem nie\u00adder\u00adl\u00e4n\u00addi\u00adschen leitet sich letzt\u00adend\u00adlich auch der Name ab, denn \u201cMoi\u00adland\u201d bedeu\u00adtet dort nicht viel weni\u00adger als \u201cSch\u00f6\u00adnes&nbsp;Land\u201d<\/p>\n\n\n\n<p>(<em>mooi<\/em> = <em>sch\u00f6n, h\u00fcbsch oder pr\u00e4ch\u00adtig<\/em> \/ <em>het land<\/em> = <em>das Land<\/em>).<\/p>\n\n\n\n<p>Eine erste urkund\u00adli\u00adche Erw\u00e4h\u00adnung l\u00e4sst sich auf das Jahr 1307 datie\u00adren, damals bestand Schloss Moy\u00adland aber nur aus einem mit Gr\u00e4ben und W\u00e4llen befes\u00adtig\u00adten Hof und erst in den fol\u00adgen\u00adden Jahr\u00adhun\u00adder\u00adten wurde aus dem ehe\u00adma\u00adli\u00adgen Geh\u00f6ft das heu\u00adti\u00adge Schloss.<\/p>\n\n\n\n<!--more-->\n\n\n\n<p>In der Mitte des 14. Jahr\u00adhun\u00adderts wurde die Anlage zu einem goti\u00adschen Kas\u00adtell mit dem damals \u00fcbli\u00adchen qua\u00addra\u00adti\u00adschen Grund\u00adriss umge\u00adstal\u00adtet. Neben drei Eck\u00adt\u00fcr\u00admen wurde damals auch ein vier\u00adter Rund\u00adturm errich\u00adtet \u2014 der soge\u00adnann\u00adte Berg\u00adfried \u2014 wel\u00adcher den Bewoh\u00adnern schon damals so manche Annehm\u00adlich\u00adkeit bot. Unter ande\u00adrem Kamine, Abort\u00adni\u00adschen und einen Brun\u00adnen. Die ver\u00adbin\u00adden\u00adden Burg\u00admau\u00adern waren mit Wehr\u00adg\u00e4n\u00adgen versehen.<\/p>\n\n\n\n<p>In den fol\u00adgen\u00adden Jahr\u00adhun\u00adder\u00adten wurde das Schloss immer mal wieder erwei\u00adtert oder umge\u00adstal\u00adtet und selbst den zwei\u00adten Welt\u00adkrieg hatte es nahezu unbe\u00adscha\u00addet \u00fcber\u00adstan\u00adden, da sich in der n\u00e4he\u00adren Umge\u00adbung keine kriegs\u00adwich\u00adti\u00adgen Anla\u00adgen befan\u00adden. Nach dem Ein\u00admarsch der Alli\u00adier\u00adten im Febru\u00adar 1945, diente es dem Feld\u00admar\u00adschall Mont\u00adgo\u00adme\u00adry und dessen Stab als Quar\u00adtier. Win\u00ads\u00adton Chur\u00adchill soll sich zu dieser Zeit auch auf Moy\u00adland auf\u00adge\u00adhal\u00adten&nbsp;haben.<\/p>\n\n\n\n<p>Leider wurde das Schloss durch Raub &amp; Van\u00adda\u00adlis\u00admus \u2014 ver\u00fcbt durch die abr\u00fc\u00adcken\u00adden kana\u00addi\u00adschen Sol\u00adda\u00adten \u2014 schwer besch\u00e4\u00addigt und die wert\u00advol\u00adle Innen\u00adaus\u00adstat\u00adtung ging nahezu kom\u00adplett ver\u00adlo\u00adren. Der dama\u00adli\u00adge Schloss\u00adherr war Gustav Adolf Steen\u00adgracht von Moy\u00adland, seines Zei\u00adchens Rib\u00adben\u00adtrops Staats\u00adse\u00adkre\u00adt\u00e4r,&nbsp; wurde w\u00e4h\u00adrend der N\u00fcr\u00adber\u00adger Pro\u00adzes\u00adse eben\u00adfalls als Kriegs\u00adver\u00adbre\u00adcher verurteilt.<\/p>\n\n\n\n<p>Anf\u00e4ng\u00adli\u00adche Repa\u00adra\u00adtur\u00adar\u00adbei\u00adten zu Beginn der 1950er Jahre wurden durch einen ver\u00adhee\u00adren\u00adden Brand im Jahr 1956 voll\u00adst\u00e4n\u00addig zunich\u00adte gemacht und das Schloss war somit dem Ver\u00adfall preis gege\u00adben. Erst 1987 began\u00adnen zag\u00adhaf\u00adte Sanie\u00adrungs- und Ent\u00adschutt\u00adungs\u00adar\u00adbei\u00adten, die zumin\u00addest den kom\u00adplet\u00adte Ver\u00adfall der Burg ver\u00adhin\u00addern sollten.<\/p>\n\n\n\n<p>In den Jahren 1990 bis 1997 wurde das Schloss dann kom\u00adplett saniert, restau\u00adriert und eben\u00adfalls mit einem neuen Innen\u00adaus\u00adbau ver\u00adse\u00adhen. Dieser rich\u00adtet sich aber eher an moder\u00adnen Gege\u00adben\u00adhei\u00adten aus, da die neuen R\u00e4um\u00adlich\u00adkei\u00adten musea\u00adlen Zwe\u00adcken zuge\u00adf\u00fchrt wurden. Einer der Gr\u00fcnde daf\u00fcr, ist ganz sicher der nahezu kom\u00adplet\u00adte Ver\u00adlust des his\u00adto\u00adri\u00adschen Innen\u00adaus\u00adbaus in den Kriegs\u00adwir\u00adren des Zwei\u00adten Weltkriegs.<\/p>\n\n\n\n<p>Bis zum heu\u00adti\u00adgen Tage bietet das Schloss den Kunst\u00adsamm\u00adlun\u00adgen der Gebr\u00fc\u00adder Grin\u00adten eine Zuhau\u00adse, welche von diesen in \u00fcber 50 Jahren zusam\u00admen\u00adge\u00adtra\u00adgen worden sind. Eben\u00adfalls auf dem Schloss\u00adge\u00adl\u00e4n\u00adde behei\u00adma\u00adtet ist das Joseph Beuys Archiv, zuge\u00adh\u00f6\u00adrig zur Kunst\u00adaka\u00adde\u00admie D\u00fcs\u00adsel\u00addorf, wel\u00adches dort \u00fcber 200.000 Archi\u00adva\u00adli\u00aden aus dem Leben des K\u00fcnst\u00adlers aufbewahrt.<\/p>\n\n\n\n<p>Nicht uner\u00adw\u00e4hnt blei\u00adben d\u00fcrfen die park\u00ad\u00e4hn\u00adlich und mit ganz viel Liebe ange\u00adleg\u00adten G\u00e4rten und Anla\u00adgen rund um Schloss Moy\u00adland. Der Skulp\u00adtu\u00adren\u00adgar\u00adten, die weit\u00adl\u00e4u\u00adfi\u00adgen Wie\u00adsen\u00adfl\u00e4\u00adchen und die zahl\u00adrei\u00adchen Blu\u00admen\u00adbee\u00adte stel\u00adlen nicht nur die gr\u00fcne Lunge des Schlos\u00adses dar, son\u00addern bieten auch jede Menge Gele\u00adgen\u00adheit f\u00fcr Zer\u00adstreu\u00adung und um Ruhe vor dem Alltag zu finden.<\/p>\n\n\n\n<p>Die ein oder andere Impres\u00adsi\u00adon von Schloss Moy\u00adland findet sich nun auch in diesem Arti\u00adkel wieder&nbsp;;-)<\/p>\n\n\n\n<p>Die offi\u00adzi\u00adel\u00adle Home\u00adpage von Schloss Moy\u00adland findet man im Web unter fol\u00adgen\u00addem Link: <a href=\"http:\/\/www.moyland.de\/\" target=\"_blank\" rel=\"noopener noreferrer\">http:\/\/www.moyland.de\/<\/a><\/p>\n\n\n\n<div class=\"wp-block-image\"><figure class=\"aligncenter\"><a href=\"https:\/\/www.maicschulte.de\/wordpress\/wp-content\/uploads\/2012\/04\/am_burggraben.jpg\" data-rel=\"lightbox-gallery-0\" data-rl_title data-rl_caption title><img loading=\"lazy\" decoding=\"async\" width=\"1248\" height=\"727\" src=\"https:\/\/www.maicschulte.de\/wordpress\/wp-content\/uploads\/2012\/04\/am_burggraben.jpg\" alt=\"am_burggraben\" class=\"wp-image-2890\" srcset=\"https:\/\/www.maicschulte.de\/wordpress\/wp-content\/uploads\/2012\/04\/am_burggraben.jpg 1248w, https:\/\/www.maicschulte.de\/wordpress\/wp-content\/uploads\/2012\/04\/am_burggraben-300x175.jpg 300w, https:\/\/www.maicschulte.de\/wordpress\/wp-content\/uploads\/2012\/04\/am_burggraben-768x447.jpg 768w, https:\/\/www.maicschulte.de\/wordpress\/wp-content\/uploads\/2012\/04\/am_burggraben-840x489.jpg 840w, https:\/\/www.maicschulte.de\/wordpress\/wp-content\/uploads\/2012\/04\/am_burggraben-600x350.jpg 600w\" sizes=\"auto, (max-width: 1248px) 100vw, 1248px\"><\/a><\/figure><\/div>\n\n\n\n<div class=\"wp-block-image\"><figure class=\"aligncenter\"><a href=\"https:\/\/www.maicschulte.de\/wordpress\/wp-content\/uploads\/2012\/04\/arg_stachelig.jpg\" data-rel=\"lightbox-gallery-0\" data-rl_title data-rl_caption title><img loading=\"lazy\" decoding=\"async\" width=\"581\" height=\"860\" src=\"https:\/\/www.maicschulte.de\/wordpress\/wp-content\/uploads\/2012\/04\/arg_stachelig.jpg\" alt=\"arg_stachelig\" class=\"wp-image-2891\" srcset=\"https:\/\/www.maicschulte.de\/wordpress\/wp-content\/uploads\/2012\/04\/arg_stachelig.jpg 581w, https:\/\/www.maicschulte.de\/wordpress\/wp-content\/uploads\/2012\/04\/arg_stachelig-203x300.jpg 203w, https:\/\/www.maicschulte.de\/wordpress\/wp-content\/uploads\/2012\/04\/arg_stachelig-355x525.jpg 355w, https:\/\/www.maicschulte.de\/wordpress\/wp-content\/uploads\/2012\/04\/arg_stachelig-253x375.jpg 253w\" sizes=\"auto, (max-width: 581px) 100vw, 581px\"><\/a><\/figure><\/div>\n\n\n\n<div class=\"wp-block-image\"><figure class=\"aligncenter\"><a href=\"https:\/\/www.maicschulte.de\/wordpress\/wp-content\/uploads\/2012\/04\/brcke.jpg\" data-rel=\"lightbox-gallery-0\" data-rl_title data-rl_caption title><img loading=\"lazy\" decoding=\"async\" width=\"1248\" height=\"605\" src=\"https:\/\/www.maicschulte.de\/wordpress\/wp-content\/uploads\/2012\/04\/brcke.jpg\" alt=\"brcke\" class=\"wp-image-2892\" srcset=\"https:\/\/www.maicschulte.de\/wordpress\/wp-content\/uploads\/2012\/04\/brcke.jpg 1248w, https:\/\/www.maicschulte.de\/wordpress\/wp-content\/uploads\/2012\/04\/brcke-300x145.jpg 300w, https:\/\/www.maicschulte.de\/wordpress\/wp-content\/uploads\/2012\/04\/brcke-768x372.jpg 768w, https:\/\/www.maicschulte.de\/wordpress\/wp-content\/uploads\/2012\/04\/brcke-840x407.jpg 840w, https:\/\/www.maicschulte.de\/wordpress\/wp-content\/uploads\/2012\/04\/brcke-600x291.jpg 600w\" sizes=\"auto, (max-width: 1248px) 100vw, 1248px\"><\/a><\/figure><\/div>\n\n\n\n<div class=\"wp-block-image\"><figure class=\"aligncenter\"><a href=\"https:\/\/www.maicschulte.de\/wordpress\/wp-content\/uploads\/2012\/04\/die_taube_in_der_hand.jpg\" data-rel=\"lightbox-gallery-0\" data-rl_title data-rl_caption title><img loading=\"lazy\" decoding=\"async\" width=\"581\" height=\"860\" src=\"https:\/\/www.maicschulte.de\/wordpress\/wp-content\/uploads\/2012\/04\/die_taube_in_der_hand.jpg\" alt=\"die_taube_in_der_hand\" class=\"wp-image-2893\" srcset=\"https:\/\/www.maicschulte.de\/wordpress\/wp-content\/uploads\/2012\/04\/die_taube_in_der_hand.jpg 581w, https:\/\/www.maicschulte.de\/wordpress\/wp-content\/uploads\/2012\/04\/die_taube_in_der_hand-203x300.jpg 203w, https:\/\/www.maicschulte.de\/wordpress\/wp-content\/uploads\/2012\/04\/die_taube_in_der_hand-355x525.jpg 355w, https:\/\/www.maicschulte.de\/wordpress\/wp-content\/uploads\/2012\/04\/die_taube_in_der_hand-253x375.jpg 253w\" sizes=\"auto, (max-width: 581px) 100vw, 581px\"><\/a><\/figure><\/div>\n\n\n\n<div class=\"wp-block-image\"><figure class=\"aligncenter\"><a href=\"https:\/\/www.maicschulte.de\/wordpress\/wp-content\/uploads\/2012\/04\/durchblick.jpg\" data-rel=\"lightbox-gallery-0\" data-rl_title data-rl_caption title><img loading=\"lazy\" decoding=\"async\" width=\"581\" height=\"860\" src=\"https:\/\/www.maicschulte.de\/wordpress\/wp-content\/uploads\/2012\/04\/durchblick.jpg\" alt=\"durchblick\" class=\"wp-image-2894\" srcset=\"https:\/\/www.maicschulte.de\/wordpress\/wp-content\/uploads\/2012\/04\/durchblick.jpg 581w, https:\/\/www.maicschulte.de\/wordpress\/wp-content\/uploads\/2012\/04\/durchblick-203x300.jpg 203w, https:\/\/www.maicschulte.de\/wordpress\/wp-content\/uploads\/2012\/04\/durchblick-355x525.jpg 355w, https:\/\/www.maicschulte.de\/wordpress\/wp-content\/uploads\/2012\/04\/durchblick-253x375.jpg 253w\" sizes=\"auto, (max-width: 581px) 100vw, 581px\"><\/a><\/figure><\/div>\n\n\n\n<div class=\"wp-block-image\"><figure class=\"aligncenter\"><a href=\"https:\/\/www.maicschulte.de\/wordpress\/wp-content\/uploads\/2012\/04\/efeu.jpg\" data-rel=\"lightbox-gallery-0\" data-rl_title data-rl_caption title><img loading=\"lazy\" decoding=\"async\" width=\"594\" height=\"860\" src=\"https:\/\/www.maicschulte.de\/wordpress\/wp-content\/uploads\/2012\/04\/efeu.jpg\" alt=\"efeu\" class=\"wp-image-2895\" srcset=\"https:\/\/www.maicschulte.de\/wordpress\/wp-content\/uploads\/2012\/04\/efeu.jpg 594w, https:\/\/www.maicschulte.de\/wordpress\/wp-content\/uploads\/2012\/04\/efeu-207x300.jpg 207w, https:\/\/www.maicschulte.de\/wordpress\/wp-content\/uploads\/2012\/04\/efeu-363x525.jpg 363w, https:\/\/www.maicschulte.de\/wordpress\/wp-content\/uploads\/2012\/04\/efeu-259x375.jpg 259w\" sizes=\"auto, (max-width: 594px) 100vw, 594px\"><\/a><\/figure><\/div>\n\n\n\n<div class=\"wp-block-image\"><figure class=\"aligncenter\"><a href=\"https:\/\/www.maicschulte.de\/wordpress\/wp-content\/uploads\/2012\/04\/flieg.jpg\" data-rel=\"lightbox-gallery-0\" data-rl_title data-rl_caption title><img loading=\"lazy\" decoding=\"async\" width=\"581\" height=\"860\" src=\"https:\/\/www.maicschulte.de\/wordpress\/wp-content\/uploads\/2012\/04\/flieg.jpg\" alt=\"flieg\" class=\"wp-image-2896\" srcset=\"https:\/\/www.maicschulte.de\/wordpress\/wp-content\/uploads\/2012\/04\/flieg.jpg 581w, https:\/\/www.maicschulte.de\/wordpress\/wp-content\/uploads\/2012\/04\/flieg-203x300.jpg 203w, https:\/\/www.maicschulte.de\/wordpress\/wp-content\/uploads\/2012\/04\/flieg-355x525.jpg 355w, https:\/\/www.maicschulte.de\/wordpress\/wp-content\/uploads\/2012\/04\/flieg-253x375.jpg 253w\" sizes=\"auto, (max-width: 581px) 100vw, 581px\"><\/a><\/figure><\/div>\n\n\n\n<div class=\"wp-block-image\"><figure class=\"aligncenter\"><a href=\"https:\/\/www.maicschulte.de\/wordpress\/wp-content\/uploads\/2012\/04\/gut_verpackt.jpg\" data-rel=\"lightbox-gallery-0\" data-rl_title data-rl_caption title><img loading=\"lazy\" decoding=\"async\" width=\"581\" height=\"860\" src=\"https:\/\/www.maicschulte.de\/wordpress\/wp-content\/uploads\/2012\/04\/gut_verpackt.jpg\" alt=\"gut_verpackt\" class=\"wp-image-2897\" srcset=\"https:\/\/www.maicschulte.de\/wordpress\/wp-content\/uploads\/2012\/04\/gut_verpackt.jpg 581w, https:\/\/www.maicschulte.de\/wordpress\/wp-content\/uploads\/2012\/04\/gut_verpackt-203x300.jpg 203w, https:\/\/www.maicschulte.de\/wordpress\/wp-content\/uploads\/2012\/04\/gut_verpackt-355x525.jpg 355w, https:\/\/www.maicschulte.de\/wordpress\/wp-content\/uploads\/2012\/04\/gut_verpackt-253x375.jpg 253w\" sizes=\"auto, (max-width: 581px) 100vw, 581px\"><\/a><\/figure><\/div>\n\n\n\n<div class=\"wp-block-image\"><figure class=\"aligncenter\"><a href=\"https:\/\/www.maicschulte.de\/wordpress\/wp-content\/uploads\/2012\/04\/mittendrin.jpg\" data-rel=\"lightbox-gallery-0\" data-rl_title data-rl_caption title><img loading=\"lazy\" decoding=\"async\" width=\"581\" height=\"860\" src=\"https:\/\/www.maicschulte.de\/wordpress\/wp-content\/uploads\/2012\/04\/mittendrin.jpg\" alt=\"mittendrin\" class=\"wp-image-2898\" srcset=\"https:\/\/www.maicschulte.de\/wordpress\/wp-content\/uploads\/2012\/04\/mittendrin.jpg 581w, https:\/\/www.maicschulte.de\/wordpress\/wp-content\/uploads\/2012\/04\/mittendrin-203x300.jpg 203w, https:\/\/www.maicschulte.de\/wordpress\/wp-content\/uploads\/2012\/04\/mittendrin-355x525.jpg 355w, https:\/\/www.maicschulte.de\/wordpress\/wp-content\/uploads\/2012\/04\/mittendrin-253x375.jpg 253w\" sizes=\"auto, (max-width: 581px) 100vw, 581px\"><\/a><\/figure><\/div>\n\n\n\n<div class=\"wp-block-image\"><figure class=\"aligncenter\"><a href=\"https:\/\/www.maicschulte.de\/wordpress\/wp-content\/uploads\/2012\/04\/pilze.jpg\" data-rel=\"lightbox-gallery-0\" data-rl_title data-rl_caption title><img loading=\"lazy\" decoding=\"async\" width=\"581\" height=\"860\" src=\"https:\/\/www.maicschulte.de\/wordpress\/wp-content\/uploads\/2012\/04\/pilze.jpg\" alt=\"pilze\" class=\"wp-image-2899\" srcset=\"https:\/\/www.maicschulte.de\/wordpress\/wp-content\/uploads\/2012\/04\/pilze.jpg 581w, https:\/\/www.maicschulte.de\/wordpress\/wp-content\/uploads\/2012\/04\/pilze-203x300.jpg 203w, https:\/\/www.maicschulte.de\/wordpress\/wp-content\/uploads\/2012\/04\/pilze-355x525.jpg 355w, https:\/\/www.maicschulte.de\/wordpress\/wp-content\/uploads\/2012\/04\/pilze-253x375.jpg 253w\" sizes=\"auto, (max-width: 581px) 100vw, 581px\"><\/a><\/figure><\/div>\n\n\n\n<div class=\"wp-block-image\"><figure class=\"aligncenter\"><a href=\"https:\/\/www.maicschulte.de\/wordpress\/wp-content\/uploads\/2012\/04\/rote_frchte.jpg\" data-rel=\"lightbox-gallery-0\" data-rl_title data-rl_caption title><img loading=\"lazy\" decoding=\"async\" width=\"581\" height=\"860\" src=\"https:\/\/www.maicschulte.de\/wordpress\/wp-content\/uploads\/2012\/04\/rote_frchte.jpg\" alt=\"rote_frchte\" class=\"wp-image-2900\" srcset=\"https:\/\/www.maicschulte.de\/wordpress\/wp-content\/uploads\/2012\/04\/rote_frchte.jpg 581w, https:\/\/www.maicschulte.de\/wordpress\/wp-content\/uploads\/2012\/04\/rote_frchte-203x300.jpg 203w, https:\/\/www.maicschulte.de\/wordpress\/wp-content\/uploads\/2012\/04\/rote_frchte-355x525.jpg 355w, https:\/\/www.maicschulte.de\/wordpress\/wp-content\/uploads\/2012\/04\/rote_frchte-253x375.jpg 253w\" sizes=\"auto, (max-width: 581px) 100vw, 581px\"><\/a><\/figure><\/div>\n\n\n\n<div class=\"wp-block-image\"><figure class=\"aligncenter\"><a href=\"https:\/\/www.maicschulte.de\/wordpress\/wp-content\/uploads\/2012\/04\/schloss_moyland_anno_1926.jpg\" data-rel=\"lightbox-gallery-0\" data-rl_title data-rl_caption title><img loading=\"lazy\" decoding=\"async\" width=\"1000\" height=\"542\" src=\"https:\/\/www.maicschulte.de\/wordpress\/wp-content\/uploads\/2012\/04\/schloss_moyland_anno_1926.jpg\" alt=\"schloss_moyland_anno_1926\" class=\"wp-image-2901\" srcset=\"https:\/\/www.maicschulte.de\/wordpress\/wp-content\/uploads\/2012\/04\/schloss_moyland_anno_1926.jpg 1000w, https:\/\/www.maicschulte.de\/wordpress\/wp-content\/uploads\/2012\/04\/schloss_moyland_anno_1926-300x163.jpg 300w, https:\/\/www.maicschulte.de\/wordpress\/wp-content\/uploads\/2012\/04\/schloss_moyland_anno_1926-768x416.jpg 768w, https:\/\/www.maicschulte.de\/wordpress\/wp-content\/uploads\/2012\/04\/schloss_moyland_anno_1926-840x455.jpg 840w, https:\/\/www.maicschulte.de\/wordpress\/wp-content\/uploads\/2012\/04\/schloss_moyland_anno_1926-600x325.jpg 600w\" sizes=\"auto, (max-width: 1000px) 100vw, 1000px\"><\/a><\/figure><\/div>\n\n\n\n<div class=\"wp-block-image\"><figure class=\"aligncenter\"><a href=\"https:\/\/www.maicschulte.de\/wordpress\/wp-content\/uploads\/2012\/04\/seitenansicht.jpg\" data-rel=\"lightbox-gallery-0\" data-rl_title data-rl_caption title><img loading=\"lazy\" decoding=\"async\" width=\"1248\" height=\"860\" src=\"https:\/\/www.maicschulte.de\/wordpress\/wp-content\/uploads\/2012\/04\/seitenansicht.jpg\" alt=\"seitenansicht\" class=\"wp-image-2902\" srcset=\"https:\/\/www.maicschulte.de\/wordpress\/wp-content\/uploads\/2012\/04\/seitenansicht.jpg 1248w, https:\/\/www.maicschulte.de\/wordpress\/wp-content\/uploads\/2012\/04\/seitenansicht-300x207.jpg 300w, https:\/\/www.maicschulte.de\/wordpress\/wp-content\/uploads\/2012\/04\/seitenansicht-768x529.jpg 768w, https:\/\/www.maicschulte.de\/wordpress\/wp-content\/uploads\/2012\/04\/seitenansicht-762x525.jpg 762w, https:\/\/www.maicschulte.de\/wordpress\/wp-content\/uploads\/2012\/04\/seitenansicht-544x375.jpg 544w\" sizes=\"auto, (max-width: 1248px) 100vw, 1248px\"><\/a><\/figure><\/div>\n\n\n\n<div class=\"wp-block-image\"><figure class=\"aligncenter\"><a href=\"https:\/\/www.maicschulte.de\/wordpress\/wp-content\/uploads\/2012\/04\/trme.jpg\" data-rel=\"lightbox-gallery-0\" data-rl_title data-rl_caption title><img loading=\"lazy\" decoding=\"async\" width=\"581\" height=\"860\" src=\"https:\/\/www.maicschulte.de\/wordpress\/wp-content\/uploads\/2012\/04\/trme.jpg\" alt=\"trme\" class=\"wp-image-2903\" srcset=\"https:\/\/www.maicschulte.de\/wordpress\/wp-content\/uploads\/2012\/04\/trme.jpg 581w, https:\/\/www.maicschulte.de\/wordpress\/wp-content\/uploads\/2012\/04\/trme-203x300.jpg 203w, https:\/\/www.maicschulte.de\/wordpress\/wp-content\/uploads\/2012\/04\/trme-355x525.jpg 355w, https:\/\/www.maicschulte.de\/wordpress\/wp-content\/uploads\/2012\/04\/trme-253x375.jpg 253w\" sizes=\"auto, (max-width: 581px) 100vw, 581px\"><\/a><\/figure><\/div>\n\n\n\n<div class=\"wp-block-image\"><figure class=\"aligncenter\"><a href=\"https:\/\/www.maicschulte.de\/wordpress\/wp-content\/uploads\/2012\/04\/zartrosa.jpg\" data-rel=\"lightbox-gallery-0\" data-rl_title data-rl_caption title><img loading=\"lazy\" decoding=\"async\" width=\"581\" height=\"860\" src=\"https:\/\/www.maicschulte.de\/wordpress\/wp-content\/uploads\/2012\/04\/zartrosa.jpg\" alt=\"zartrosa\" class=\"wp-image-2904\" srcset=\"https:\/\/www.maicschulte.de\/wordpress\/wp-content\/uploads\/2012\/04\/zartrosa.jpg 581w, https:\/\/www.maicschulte.de\/wordpress\/wp-content\/uploads\/2012\/04\/zartrosa-203x300.jpg 203w, https:\/\/www.maicschulte.de\/wordpress\/wp-content\/uploads\/2012\/04\/zartrosa-355x525.jpg 355w, https:\/\/www.maicschulte.de\/wordpress\/wp-content\/uploads\/2012\/04\/zartrosa-253x375.jpg 253w\" sizes=\"auto, (max-width: 581px) 100vw, 581px\"><\/a><\/figure><\/div>\n\n\n\n<div class=\"wp-block-image\"><figure class=\"aligncenter\"><a href=\"https:\/\/www.maicschulte.de\/wordpress\/wp-content\/uploads\/2012\/04\/Schloss-Moyland.jpg\" data-rel=\"lightbox-gallery-0\" data-rl_title data-rl_caption title><img loading=\"lazy\" decoding=\"async\" width=\"1048\" height=\"602\" src=\"https:\/\/www.maicschulte.de\/wordpress\/wp-content\/uploads\/2012\/04\/Schloss-Moyland.jpg\" alt=\"Schloss Moyland\" class=\"wp-image-1215\" srcset=\"https:\/\/www.maicschulte.de\/wordpress\/wp-content\/uploads\/2012\/04\/Schloss-Moyland.jpg 1048w, https:\/\/www.maicschulte.de\/wordpress\/wp-content\/uploads\/2012\/04\/Schloss-Moyland-300x172.jpg 300w, https:\/\/www.maicschulte.de\/wordpress\/wp-content\/uploads\/2012\/04\/Schloss-Moyland-768x441.jpg 768w, https:\/\/www.maicschulte.de\/wordpress\/wp-content\/uploads\/2012\/04\/Schloss-Moyland-840x483.jpg 840w, https:\/\/www.maicschulte.de\/wordpress\/wp-content\/uploads\/2012\/04\/Schloss-Moyland-600x345.jpg 600w\" sizes=\"auto, (max-width: 1048px) 100vw, 1048px\"><\/a><\/figure><\/div>\n","protected":false},"excerpt":{"rendered":"<p>Schloss Moy\u00adland \u2014 gele\u00adgen im wun\u00adder\u00adsch\u00f6\u00adnen Kreis Kleve \u2014 ist eines der wich\u00adtigs\u00adten neu\u00adgo\u00adti\u00adschen Bau\u00adwer\u00adke in der Land\u00adschaft zwi\u00adschen dem Ruhr\u00adge\u00adbiet und den Nie\u00adder\u00adlan\u00adden und aus dem nie\u00adder\u00adl\u00e4n\u00addi\u00adschen leitet sich letzt\u00adend\u00adlich auch der Name ab, denn \u201cMoi\u00adland\u201d bedeu\u00adtet dort nicht viel weni\u00adger als \u201cSch\u00f6\u00adnes&nbsp;Land\u201d (mooi = sch\u00f6n, h\u00fcbsch oder pr\u00e4ch\u00adtig \/ het land = das Land). Eine erste urkund\u00adli\u00adche Erw\u00e4h\u00adnung l\u00e4sst sich auf das Jahr 1307 datie\u00adren, damals bestand Schloss Moy\u00adland aber nur aus einem mit Gr\u00e4ben und W\u00e4llen befes\u00adtig\u00adten Hof und erst in den fol\u00adgen\u00adden Jahr\u00adhun\u00adder\u00adten wurde aus dem ehe\u00adma\u00adli\u00adgen Geh\u00f6ft das heu\u00adti\u00adge Schloss.<\/p>\n","protected":false},"author":1,"featured_media":1215,"comment_status":"open","ping_status":"open","sticky":false,"template":"","format":"standard","meta":{"wp_typography_post_enhancements_disabled":false,"footnotes":""},"categories":[1,1279],"tags":[255,258,254,259,257,253,256,252],"class_list":["post-1214","post","type-post","status-publish","format-standard","has-post-thumbnail","hentry","category-artikel","category-chronologisch","tag-architektur","tag-beuys","tag-garten","tag-grinten","tag-kastell","tag-moyland","tag-neugotisch","tag-schloss"],"yoast_head":"<!-- This site is optimized with the Yoast SEO plugin v27.4 - https:\/\/yoast.com\/product\/yoast-seo-wordpress\/ -->\n<title>Schloss Moyland - Maic Schulte<\/title>\n<meta name=\"description\" content=\"Schloss Moyland - Artikel - Maic Schulte - Fotografie - Ruhrgebiet - Industrie - Portrait - Events - Autos - Rockabilly - Kunst - Schwarzwei\u00df\" \/>\n<meta name=\"robots\" content=\"index, follow, max-snippet:-1, max-image-preview:large, max-video-preview:-1\" \/>\n<link rel=\"canonical\" href=\"https:\/\/www.maicschulte.de\/wordpress\/?p=1214\" \/>\n<meta property=\"og:locale\" content=\"de_DE\" \/>\n<meta property=\"og:type\" content=\"article\" \/>\n<meta property=\"og:title\" content=\"Schloss Moyland - Maic Schulte\" \/>\n<meta property=\"og:description\" content=\"Schloss Moyland - Artikel - Maic Schulte - Fotografie - Ruhrgebiet - Industrie - Portrait - Events - Autos - Rockabilly - Kunst - Schwarzwei\u00df\" \/>\n<meta property=\"og:url\" content=\"https:\/\/www.maicschulte.de\/wordpress\/?p=1214\" \/>\n<meta property=\"og:site_name\" content=\"Maic Schulte\" \/>\n<meta property=\"article:published_time\" content=\"2012-04-17T15:14:42+00:00\" \/>\n<meta property=\"article:modified_time\" content=\"2021-01-17T19:45:01+00:00\" \/>\n<meta property=\"og:image\" content=\"https:\/\/www.maicschulte.de\/wordpress\/wp-content\/uploads\/2012\/04\/Schloss-Moyland.jpg\" \/>\n\t<meta property=\"og:image:width\" content=\"1048\" \/>\n\t<meta property=\"og:image:height\" content=\"602\" \/>\n\t<meta property=\"og:image:type\" content=\"image\/jpeg\" \/>\n<meta name=\"author\" content=\"Maic Schulte\" \/>\n<script type=\"application\/ld+json\" class=\"yoast-schema-graph\">{\"@context\":\"https:\\\/\\\/schema.org\",\"@graph\":[{\"@type\":\"Article\",\"@id\":\"https:\\\/\\\/www.maicschulte.de\\\/wordpress\\\/?p=1214#article\",\"isPartOf\":{\"@id\":\"https:\\\/\\\/www.maicschulte.de\\\/wordpress\\\/?p=1214\"},\"author\":{\"name\":\"Maic Schulte\",\"@id\":\"https:\\\/\\\/www.maicschulte.de\\\/wordpress\\\/#\\\/schema\\\/person\\\/809698f1c7b1655959515001723d716e\"},\"headline\":\"Schloss Moyland\",\"datePublished\":\"2012-04-17T15:14:42+00:00\",\"dateModified\":\"2021-01-17T19:45:01+00:00\",\"mainEntityOfPage\":{\"@id\":\"https:\\\/\\\/www.maicschulte.de\\\/wordpress\\\/?p=1214\"},\"wordCount\":531,\"commentCount\":4,\"publisher\":{\"@id\":\"https:\\\/\\\/www.maicschulte.de\\\/wordpress\\\/#\\\/schema\\\/person\\\/809698f1c7b1655959515001723d716e\"},\"image\":{\"@id\":\"https:\\\/\\\/www.maicschulte.de\\\/wordpress\\\/?p=1214#primaryimage\"},\"thumbnailUrl\":\"https:\\\/\\\/www.maicschulte.de\\\/wordpress\\\/wp-content\\\/uploads\\\/2012\\\/04\\\/Schloss-Moyland.jpg\",\"keywords\":[\"Architektur\",\"Beuys\",\"Garten\",\"Grinten\",\"Kastell\",\"Moyland\",\"neugotisch\",\"Schloss\"],\"articleSection\":[\"Artikel\",\"Chronologisch\"],\"inLanguage\":\"de\",\"potentialAction\":[{\"@type\":\"CommentAction\",\"name\":\"Comment\",\"target\":[\"https:\\\/\\\/www.maicschulte.de\\\/wordpress\\\/?p=1214#respond\"]}]},{\"@type\":\"WebPage\",\"@id\":\"https:\\\/\\\/www.maicschulte.de\\\/wordpress\\\/?p=1214\",\"url\":\"https:\\\/\\\/www.maicschulte.de\\\/wordpress\\\/?p=1214\",\"name\":\"Schloss Moyland - Maic Schulte\",\"isPartOf\":{\"@id\":\"https:\\\/\\\/www.maicschulte.de\\\/wordpress\\\/#website\"},\"primaryImageOfPage\":{\"@id\":\"https:\\\/\\\/www.maicschulte.de\\\/wordpress\\\/?p=1214#primaryimage\"},\"image\":{\"@id\":\"https:\\\/\\\/www.maicschulte.de\\\/wordpress\\\/?p=1214#primaryimage\"},\"thumbnailUrl\":\"https:\\\/\\\/www.maicschulte.de\\\/wordpress\\\/wp-content\\\/uploads\\\/2012\\\/04\\\/Schloss-Moyland.jpg\",\"datePublished\":\"2012-04-17T15:14:42+00:00\",\"dateModified\":\"2021-01-17T19:45:01+00:00\",\"description\":\"Schloss Moyland - Artikel - Maic Schulte - Fotografie - Ruhrgebiet - Industrie - Portrait - Events - Autos - Rockabilly - Kunst - Schwarzwei\u00df\",\"breadcrumb\":{\"@id\":\"https:\\\/\\\/www.maicschulte.de\\\/wordpress\\\/?p=1214#breadcrumb\"},\"inLanguage\":\"de\",\"potentialAction\":[{\"@type\":\"ReadAction\",\"target\":[\"https:\\\/\\\/www.maicschulte.de\\\/wordpress\\\/?p=1214\"]}]},{\"@type\":\"ImageObject\",\"inLanguage\":\"de\",\"@id\":\"https:\\\/\\\/www.maicschulte.de\\\/wordpress\\\/?p=1214#primaryimage\",\"url\":\"https:\\\/\\\/www.maicschulte.de\\\/wordpress\\\/wp-content\\\/uploads\\\/2012\\\/04\\\/Schloss-Moyland.jpg\",\"contentUrl\":\"https:\\\/\\\/www.maicschulte.de\\\/wordpress\\\/wp-content\\\/uploads\\\/2012\\\/04\\\/Schloss-Moyland.jpg\",\"width\":1048,\"height\":602},{\"@type\":\"BreadcrumbList\",\"@id\":\"https:\\\/\\\/www.maicschulte.de\\\/wordpress\\\/?p=1214#breadcrumb\",\"itemListElement\":[{\"@type\":\"ListItem\",\"position\":1,\"name\":\"Startseite\",\"item\":\"https:\\\/\\\/www.maicschulte.de\\\/wordpress\"},{\"@type\":\"ListItem\",\"position\":2,\"name\":\"Schloss Moyland\"}]},{\"@type\":\"WebSite\",\"@id\":\"https:\\\/\\\/www.maicschulte.de\\\/wordpress\\\/#website\",\"url\":\"https:\\\/\\\/www.maicschulte.de\\\/wordpress\\\/\",\"name\":\"Maic Schulte\",\"description\":\"Fotografie aus Leidenschaft\",\"publisher\":{\"@id\":\"https:\\\/\\\/www.maicschulte.de\\\/wordpress\\\/#\\\/schema\\\/person\\\/809698f1c7b1655959515001723d716e\"},\"potentialAction\":[{\"@type\":\"SearchAction\",\"target\":{\"@type\":\"EntryPoint\",\"urlTemplate\":\"https:\\\/\\\/www.maicschulte.de\\\/wordpress\\\/?s={search_term_string}\"},\"query-input\":{\"@type\":\"PropertyValueSpecification\",\"valueRequired\":true,\"valueName\":\"search_term_string\"}}],\"inLanguage\":\"de\"},{\"@type\":[\"Person\",\"Organization\"],\"@id\":\"https:\\\/\\\/www.maicschulte.de\\\/wordpress\\\/#\\\/schema\\\/person\\\/809698f1c7b1655959515001723d716e\",\"name\":\"Maic Schulte\",\"image\":{\"@type\":\"ImageObject\",\"inLanguage\":\"de\",\"@id\":\"https:\\\/\\\/www.maicschulte.de\\\/wordpress\\\/wp-content\\\/uploads\\\/2025\\\/05\\\/Chronus_Maic_Schulte_Logo_605px-3.png\",\"url\":\"https:\\\/\\\/www.maicschulte.de\\\/wordpress\\\/wp-content\\\/uploads\\\/2025\\\/05\\\/Chronus_Maic_Schulte_Logo_605px-3.png\",\"contentUrl\":\"https:\\\/\\\/www.maicschulte.de\\\/wordpress\\\/wp-content\\\/uploads\\\/2025\\\/05\\\/Chronus_Maic_Schulte_Logo_605px-3.png\",\"width\":605,\"height\":200,\"caption\":\"Maic Schulte\"},\"logo\":{\"@id\":\"https:\\\/\\\/www.maicschulte.de\\\/wordpress\\\/wp-content\\\/uploads\\\/2025\\\/05\\\/Chronus_Maic_Schulte_Logo_605px-3.png\"},\"description\":\"Seit dem Tag, an dem mein Vater mich mit einer Kamera, einem Objektiv und zwei Illford-Schwarzwei\u00df-Filmen auf Entdeckungs-Tour geschickt hat, begleitet mich das Thema \\\"Fotografie\\\". Basierend auf WordPress, stellt diese Webseite - jetzt und in der Zukunft - eine Heimat f\u00fcr all meine Artikel und Fotos dar, welche wiederum aus allen Themenbereichen der klassischen &amp; modernen Fotografie kommen. Sei es nun die Fotografie in Schwarz-Wei\u00df; die Erkundung ehemaliger Industriegel\u00e4nde, welche f\u00fcr mich am ehesten \u201eDas Herz des Reviers\u201c widerspiegeln; ausdrucksstarke Portraits oder farbenfrohe Naturaufnahmen. Ganz egal! Es gelingt einfach jedem fotografischen Thema, meine Neugierde darauf zu erwecken. Dar\u00fcber hinaus habe ich aber auch ein ger\u00fctteltes Ma\u00df an Benzin im Blut und mag Autos &amp; Motorr\u00e4der, ganz egal ob nun neu, alt, aufgemotzt oder vollkommen original. Du siehst, die Auswahl an Artikeln &amp; Fotos ist also genauso breit gef\u00e4chert wie meine fotografischen Interessen.\",\"sameAs\":[\"https:\\\/\\\/www.maicschulte.de\"]}]}<\/script>\n<!-- \/ Yoast SEO plugin. -->","yoast_head_json":{"title":"Schloss Moyland - Maic Schulte","description":"Schloss Moyland - Artikel - Maic Schulte - Fotografie - Ruhrgebiet - Industrie - Portrait - Events - Autos - Rockabilly - Kunst - Schwarzwei\u00df","robots":{"index":"index","follow":"follow","max-snippet":"max-snippet:-1","max-image-preview":"max-image-preview:large","max-video-preview":"max-video-preview:-1"},"canonical":"https:\/\/www.maicschulte.de\/wordpress\/?p=1214","og_locale":"de_DE","og_type":"article","og_title":"Schloss Moyland - Maic Schulte","og_description":"Schloss Moyland - Artikel - Maic Schulte - Fotografie - Ruhrgebiet - Industrie - Portrait - Events - Autos - Rockabilly - Kunst - Schwarzwei\u00df","og_url":"https:\/\/www.maicschulte.de\/wordpress\/?p=1214","og_site_name":"Maic Schulte","article_published_time":"2012-04-17T15:14:42+00:00","article_modified_time":"2021-01-17T19:45:01+00:00","og_image":[{"width":1048,"height":602,"url":"https:\/\/www.maicschulte.de\/wordpress\/wp-content\/uploads\/2012\/04\/Schloss-Moyland.jpg","type":"image\/jpeg"}],"author":"Maic Schulte","schema":{"@context":"https:\/\/schema.org","@graph":[{"@type":"Article","@id":"https:\/\/www.maicschulte.de\/wordpress\/?p=1214#article","isPartOf":{"@id":"https:\/\/www.maicschulte.de\/wordpress\/?p=1214"},"author":{"name":"Maic Schulte","@id":"https:\/\/www.maicschulte.de\/wordpress\/#\/schema\/person\/809698f1c7b1655959515001723d716e"},"headline":"Schloss Moyland","datePublished":"2012-04-17T15:14:42+00:00","dateModified":"2021-01-17T19:45:01+00:00","mainEntityOfPage":{"@id":"https:\/\/www.maicschulte.de\/wordpress\/?p=1214"},"wordCount":531,"commentCount":4,"publisher":{"@id":"https:\/\/www.maicschulte.de\/wordpress\/#\/schema\/person\/809698f1c7b1655959515001723d716e"},"image":{"@id":"https:\/\/www.maicschulte.de\/wordpress\/?p=1214#primaryimage"},"thumbnailUrl":"https:\/\/www.maicschulte.de\/wordpress\/wp-content\/uploads\/2012\/04\/Schloss-Moyland.jpg","keywords":["Architektur","Beuys","Garten","Grinten","Kastell","Moyland","neugotisch","Schloss"],"articleSection":["Artikel","Chronologisch"],"inLanguage":"de","potentialAction":[{"@type":"CommentAction","name":"Comment","target":["https:\/\/www.maicschulte.de\/wordpress\/?p=1214#respond"]}]},{"@type":"WebPage","@id":"https:\/\/www.maicschulte.de\/wordpress\/?p=1214","url":"https:\/\/www.maicschulte.de\/wordpress\/?p=1214","name":"Schloss Moyland - Maic Schulte","isPartOf":{"@id":"https:\/\/www.maicschulte.de\/wordpress\/#website"},"primaryImageOfPage":{"@id":"https:\/\/www.maicschulte.de\/wordpress\/?p=1214#primaryimage"},"image":{"@id":"https:\/\/www.maicschulte.de\/wordpress\/?p=1214#primaryimage"},"thumbnailUrl":"https:\/\/www.maicschulte.de\/wordpress\/wp-content\/uploads\/2012\/04\/Schloss-Moyland.jpg","datePublished":"2012-04-17T15:14:42+00:00","dateModified":"2021-01-17T19:45:01+00:00","description":"Schloss Moyland - Artikel - Maic Schulte - Fotografie - Ruhrgebiet - Industrie - Portrait - Events - Autos - Rockabilly - Kunst - Schwarzwei\u00df","breadcrumb":{"@id":"https:\/\/www.maicschulte.de\/wordpress\/?p=1214#breadcrumb"},"inLanguage":"de","potentialAction":[{"@type":"ReadAction","target":["https:\/\/www.maicschulte.de\/wordpress\/?p=1214"]}]},{"@type":"ImageObject","inLanguage":"de","@id":"https:\/\/www.maicschulte.de\/wordpress\/?p=1214#primaryimage","url":"https:\/\/www.maicschulte.de\/wordpress\/wp-content\/uploads\/2012\/04\/Schloss-Moyland.jpg","contentUrl":"https:\/\/www.maicschulte.de\/wordpress\/wp-content\/uploads\/2012\/04\/Schloss-Moyland.jpg","width":1048,"height":602},{"@type":"BreadcrumbList","@id":"https:\/\/www.maicschulte.de\/wordpress\/?p=1214#breadcrumb","itemListElement":[{"@type":"ListItem","position":1,"name":"Startseite","item":"https:\/\/www.maicschulte.de\/wordpress"},{"@type":"ListItem","position":2,"name":"Schloss Moyland"}]},{"@type":"WebSite","@id":"https:\/\/www.maicschulte.de\/wordpress\/#website","url":"https:\/\/www.maicschulte.de\/wordpress\/","name":"Maic Schulte","description":"Fotografie aus Leidenschaft","publisher":{"@id":"https:\/\/www.maicschulte.de\/wordpress\/#\/schema\/person\/809698f1c7b1655959515001723d716e"},"potentialAction":[{"@type":"SearchAction","target":{"@type":"EntryPoint","urlTemplate":"https:\/\/www.maicschulte.de\/wordpress\/?s={search_term_string}"},"query-input":{"@type":"PropertyValueSpecification","valueRequired":true,"valueName":"search_term_string"}}],"inLanguage":"de"},{"@type":["Person","Organization"],"@id":"https:\/\/www.maicschulte.de\/wordpress\/#\/schema\/person\/809698f1c7b1655959515001723d716e","name":"Maic Schulte","image":{"@type":"ImageObject","inLanguage":"de","@id":"https:\/\/www.maicschulte.de\/wordpress\/wp-content\/uploads\/2025\/05\/Chronus_Maic_Schulte_Logo_605px-3.png","url":"https:\/\/www.maicschulte.de\/wordpress\/wp-content\/uploads\/2025\/05\/Chronus_Maic_Schulte_Logo_605px-3.png","contentUrl":"https:\/\/www.maicschulte.de\/wordpress\/wp-content\/uploads\/2025\/05\/Chronus_Maic_Schulte_Logo_605px-3.png","width":605,"height":200,"caption":"Maic Schulte"},"logo":{"@id":"https:\/\/www.maicschulte.de\/wordpress\/wp-content\/uploads\/2025\/05\/Chronus_Maic_Schulte_Logo_605px-3.png"},"description":"Seit dem Tag, an dem mein Vater mich mit einer Kamera, einem Objektiv und zwei Illford-Schwarzwei\u00df-Filmen auf Entdeckungs-Tour geschickt hat, begleitet mich das Thema \"Fotografie\". Basierend auf WordPress, stellt diese Webseite - jetzt und in der Zukunft - eine Heimat f\u00fcr all meine Artikel und Fotos dar, welche wiederum aus allen Themenbereichen der klassischen &amp; modernen Fotografie kommen. Sei es nun die Fotografie in Schwarz-Wei\u00df; die Erkundung ehemaliger Industriegel\u00e4nde, welche f\u00fcr mich am ehesten \u201eDas Herz des Reviers\u201c widerspiegeln; ausdrucksstarke Portraits oder farbenfrohe Naturaufnahmen. Ganz egal! Es gelingt einfach jedem fotografischen Thema, meine Neugierde darauf zu erwecken. Dar\u00fcber hinaus habe ich aber auch ein ger\u00fctteltes Ma\u00df an Benzin im Blut und mag Autos &amp; Motorr\u00e4der, ganz egal ob nun neu, alt, aufgemotzt oder vollkommen original. Du siehst, die Auswahl an Artikeln &amp; Fotos ist also genauso breit gef\u00e4chert wie meine fotografischen Interessen.","sameAs":["https:\/\/www.maicschulte.de"]}]}},"_links":{"self":[{"href":"https:\/\/www.maicschulte.de\/wordpress\/index.php?rest_route=\/wp\/v2\/posts\/1214","targetHints":{"allow":["GET"]}}],"collection":[{"href":"https:\/\/www.maicschulte.de\/wordpress\/index.php?rest_route=\/wp\/v2\/posts"}],"about":[{"href":"https:\/\/www.maicschulte.de\/wordpress\/index.php?rest_route=\/wp\/v2\/types\/post"}],"author":[{"embeddable":true,"href":"https:\/\/www.maicschulte.de\/wordpress\/index.php?rest_route=\/wp\/v2\/users\/1"}],"replies":[{"embeddable":true,"href":"https:\/\/www.maicschulte.de\/wordpress\/index.php?rest_route=%2Fwp%2Fv2%2Fcomments&post=1214"}],"version-history":[{"count":5,"href":"https:\/\/www.maicschulte.de\/wordpress\/index.php?rest_route=\/wp\/v2\/posts\/1214\/revisions"}],"predecessor-version":[{"id":11936,"href":"https:\/\/www.maicschulte.de\/wordpress\/index.php?rest_route=\/wp\/v2\/posts\/1214\/revisions\/11936"}],"wp:featuredmedia":[{"embeddable":true,"href":"https:\/\/www.maicschulte.de\/wordpress\/index.php?rest_route=\/wp\/v2\/media\/1215"}],"wp:attachment":[{"href":"https:\/\/www.maicschulte.de\/wordpress\/index.php?rest_route=%2Fwp%2Fv2%2Fmedia&parent=1214"}],"wp:term":[{"taxonomy":"category","embeddable":true,"href":"https:\/\/www.maicschulte.de\/wordpress\/index.php?rest_route=%2Fwp%2Fv2%2Fcategories&post=1214"},{"taxonomy":"post_tag","embeddable":true,"href":"https:\/\/www.maicschulte.de\/wordpress\/index.php?rest_route=%2Fwp%2Fv2%2Ftags&post=1214"}],"curies":[{"name":"wp","href":"https:\/\/api.w.org\/{rel}","templated":true}]}}