{"id":12408,"date":"2021-03-09T22:31:25","date_gmt":"2021-03-09T21:31:25","guid":{"rendered":"https:\/\/www.maicschulte.de\/wordpress\/?p=12408"},"modified":"2021-03-09T22:34:12","modified_gmt":"2021-03-09T21:34:12","slug":"sleeper","status":"publish","type":"post","link":"https:\/\/www.maicschulte.de\/wordpress\/?p=12408","title":{"rendered":"\u201cSleeper\u201d"},"content":{"rendered":"\n<figure class=\"wp-block-image size-large\"><a href=\"https:\/\/www.maicschulte.de\/wordpress\/wp-content\/uploads\/2021\/03\/Opel_Astra_G_02.jpg\" data-rel=\"lightbox-gallery-0\" data-rl_title data-rl_caption title><img loading=\"lazy\" decoding=\"async\" width=\"1600\" height=\"875\" src=\"https:\/\/www.maicschulte.de\/wordpress\/wp-content\/uploads\/2021\/03\/Opel_Astra_G_02.jpg\" alt class=\"wp-image-12412\" srcset=\"https:\/\/www.maicschulte.de\/wordpress\/wp-content\/uploads\/2021\/03\/Opel_Astra_G_02.jpg 1600w, https:\/\/www.maicschulte.de\/wordpress\/wp-content\/uploads\/2021\/03\/Opel_Astra_G_02-300x164.jpg 300w, https:\/\/www.maicschulte.de\/wordpress\/wp-content\/uploads\/2021\/03\/Opel_Astra_G_02-768x420.jpg 768w, https:\/\/www.maicschulte.de\/wordpress\/wp-content\/uploads\/2021\/03\/Opel_Astra_G_02-1536x840.jpg 1536w, https:\/\/www.maicschulte.de\/wordpress\/wp-content\/uploads\/2021\/03\/Opel_Astra_G_02-840x459.jpg 840w, https:\/\/www.maicschulte.de\/wordpress\/wp-content\/uploads\/2021\/03\/Opel_Astra_G_02-600x328.jpg 600w\" sizes=\"auto, (max-width: 1600px) 100vw, 1600px\"><\/a><\/figure>\n\n\n\n<p>Von Zeit zu Zeit habe ich das Gl\u00fcck, dieses Fahr\u00adzeug hier fahren zu d\u00fcrfen. Einen total unschein\u00adba\u00adren, knapp 22 Jahre alten Astra G Cara\u00advan, der aber schon seri\u00aden\u00adm\u00e4\u00ad\u00dfig von dem legen\u00add\u00e4\u00adren Z22SE-Motor befeu\u00adert&nbsp;wurde.<\/p>\n\n\n\n<!--more-->\n\n\n\n<p>Dieser als unver\u00adw\u00fcst\u00adlich gel\u00adten\u00adde Motor \u2013 dank Steu\u00ader\u00adket\u00adte und viel mehr Hub\u00adraum als f\u00fcr die Leis\u00adtung von 147 PS eigent\u00adlich n\u00f6tig \u2013 birgt gran\u00addio\u00adses Opti\u00admie\u00adrungs-Poten\u00adti\u00adal. Ver\u00admut\u00adlich einer der Gr\u00fcnde, warum diese Maschi\u00adne unter Opel-Schrau\u00adbern sehr beliebt ist und selbst mit hohen Lauf\u00adleis\u00adtun\u00adgen immer noch f\u00fcr \u00b4ne gute Mark den Besit\u00adzer wechselt.<\/p>\n\n\n\n<p>Das ganze gepaart mit der Opel-Bie\u00adder\u00admann-Optik aus den 1990ern, lackiert in der Werks\u00adfar\u00adbe Silber, nied\u00adli\u00adchen N\u2011Joy-Emble\u00admen auf den T\u00fcren, den Serien-Alus und getoppt durch ein Hun\u00adde\u00adgit\u00adter im Gep\u00e4ck\u00adraum, macht aus diesem Fahr\u00adzeug einen ganz netten Sleeper.<\/p>\n\n\n\n<p>Diese Gesamt-Optik ist dann auch der Grund, warum in den letz\u00adten Jahren schon so man\u00adcher Audi, BMW oder \u201esetze hier eine Auto\u00admar\u00adke deiner Wahl ein\u201c-Fahrer bl\u00f6d aus der W\u00e4sche geguckt hat. Bleibt der kleine Cara\u00advan doch bei Bedarf auch gerne mal bis 220 Km\/h und mehr an der Sto\u00df\u00adstan\u00adge kleben, nur um dann auch noch die Licht\u00adhu\u00adpe zu&nbsp;geben&nbsp;:-)<\/p>\n\n\n\n<figure class=\"wp-block-gallery columns-3 is-cropped wp-block-gallery-2 is-layout-flex wp-block-gallery-is-layout-flex\"><ul class=\"blocks-gallery-grid\"><li class=\"blocks-gallery-item\"><figure><a href=\"https:\/\/www.maicschulte.de\/wordpress\/wp-content\/uploads\/2021\/03\/Opel_Astra_G_08.jpg\" data-rel=\"lightbox-gallery-0\" data-rl_title data-rl_caption title><img loading=\"lazy\" decoding=\"async\" width=\"1600\" height=\"915\" src=\"https:\/\/www.maicschulte.de\/wordpress\/wp-content\/uploads\/2021\/03\/Opel_Astra_G_08.jpg\" alt data-id=\"12418\" data-full-url=\"https:\/\/www.maicschulte.de\/wordpress\/wp-content\/uploads\/2021\/03\/Opel_Astra_G_08.jpg\" data-link=\"https:\/\/www.maicschulte.de\/wordpress\/?attachment_id=12418\" class=\"wp-image-12418\" srcset=\"https:\/\/www.maicschulte.de\/wordpress\/wp-content\/uploads\/2021\/03\/Opel_Astra_G_08.jpg 1600w, https:\/\/www.maicschulte.de\/wordpress\/wp-content\/uploads\/2021\/03\/Opel_Astra_G_08-300x172.jpg 300w, https:\/\/www.maicschulte.de\/wordpress\/wp-content\/uploads\/2021\/03\/Opel_Astra_G_08-768x439.jpg 768w, https:\/\/www.maicschulte.de\/wordpress\/wp-content\/uploads\/2021\/03\/Opel_Astra_G_08-1536x878.jpg 1536w, https:\/\/www.maicschulte.de\/wordpress\/wp-content\/uploads\/2021\/03\/Opel_Astra_G_08-840x480.jpg 840w, https:\/\/www.maicschulte.de\/wordpress\/wp-content\/uploads\/2021\/03\/Opel_Astra_G_08-600x343.jpg 600w\" sizes=\"auto, (max-width: 1600px) 100vw, 1600px\"><\/a><\/figure><\/li><li class=\"blocks-gallery-item\"><figure><a href=\"https:\/\/www.maicschulte.de\/wordpress\/wp-content\/uploads\/2021\/03\/Opel_Astra_G_04.jpg\" data-rel=\"lightbox-gallery-0\" data-rl_title data-rl_caption title><img loading=\"lazy\" decoding=\"async\" width=\"1200\" height=\"1596\" src=\"https:\/\/www.maicschulte.de\/wordpress\/wp-content\/uploads\/2021\/03\/Opel_Astra_G_04.jpg\" alt data-id=\"12414\" data-full-url=\"https:\/\/www.maicschulte.de\/wordpress\/wp-content\/uploads\/2021\/03\/Opel_Astra_G_04.jpg\" data-link=\"https:\/\/www.maicschulte.de\/wordpress\/?attachment_id=12414\" class=\"wp-image-12414\" srcset=\"https:\/\/www.maicschulte.de\/wordpress\/wp-content\/uploads\/2021\/03\/Opel_Astra_G_04.jpg 1200w, https:\/\/www.maicschulte.de\/wordpress\/wp-content\/uploads\/2021\/03\/Opel_Astra_G_04-226x300.jpg 226w, https:\/\/www.maicschulte.de\/wordpress\/wp-content\/uploads\/2021\/03\/Opel_Astra_G_04-768x1021.jpg 768w, https:\/\/www.maicschulte.de\/wordpress\/wp-content\/uploads\/2021\/03\/Opel_Astra_G_04-1155x1536.jpg 1155w, https:\/\/www.maicschulte.de\/wordpress\/wp-content\/uploads\/2021\/03\/Opel_Astra_G_04-395x525.jpg 395w, https:\/\/www.maicschulte.de\/wordpress\/wp-content\/uploads\/2021\/03\/Opel_Astra_G_04-282x375.jpg 282w\" sizes=\"auto, (max-width: 1200px) 100vw, 1200px\"><\/a><\/figure><\/li><li class=\"blocks-gallery-item\"><figure><a href=\"https:\/\/www.maicschulte.de\/wordpress\/wp-content\/uploads\/2021\/03\/Opel_Astra_G_01.jpg\" data-rel=\"lightbox-gallery-0\" data-rl_title data-rl_caption title><img loading=\"lazy\" decoding=\"async\" width=\"1600\" height=\"915\" src=\"https:\/\/www.maicschulte.de\/wordpress\/wp-content\/uploads\/2021\/03\/Opel_Astra_G_01.jpg\" alt data-id=\"12411\" data-full-url=\"https:\/\/www.maicschulte.de\/wordpress\/wp-content\/uploads\/2021\/03\/Opel_Astra_G_01.jpg\" data-link=\"https:\/\/www.maicschulte.de\/wordpress\/?attachment_id=12411\" class=\"wp-image-12411\" srcset=\"https:\/\/www.maicschulte.de\/wordpress\/wp-content\/uploads\/2021\/03\/Opel_Astra_G_01.jpg 1600w, https:\/\/www.maicschulte.de\/wordpress\/wp-content\/uploads\/2021\/03\/Opel_Astra_G_01-300x172.jpg 300w, https:\/\/www.maicschulte.de\/wordpress\/wp-content\/uploads\/2021\/03\/Opel_Astra_G_01-768x439.jpg 768w, https:\/\/www.maicschulte.de\/wordpress\/wp-content\/uploads\/2021\/03\/Opel_Astra_G_01-1536x878.jpg 1536w, https:\/\/www.maicschulte.de\/wordpress\/wp-content\/uploads\/2021\/03\/Opel_Astra_G_01-840x480.jpg 840w, https:\/\/www.maicschulte.de\/wordpress\/wp-content\/uploads\/2021\/03\/Opel_Astra_G_01-600x343.jpg 600w\" sizes=\"auto, (max-width: 1600px) 100vw, 1600px\"><\/a><\/figure><\/li><li class=\"blocks-gallery-item\"><figure><a href=\"https:\/\/www.maicschulte.de\/wordpress\/wp-content\/uploads\/2021\/03\/Opel_Astra_G_06.jpg\" data-rel=\"lightbox-gallery-0\" data-rl_title data-rl_caption title><img loading=\"lazy\" decoding=\"async\" width=\"1600\" height=\"934\" src=\"https:\/\/www.maicschulte.de\/wordpress\/wp-content\/uploads\/2021\/03\/Opel_Astra_G_06.jpg\" alt data-id=\"12416\" data-full-url=\"https:\/\/www.maicschulte.de\/wordpress\/wp-content\/uploads\/2021\/03\/Opel_Astra_G_06.jpg\" data-link=\"https:\/\/www.maicschulte.de\/wordpress\/?attachment_id=12416\" class=\"wp-image-12416\" srcset=\"https:\/\/www.maicschulte.de\/wordpress\/wp-content\/uploads\/2021\/03\/Opel_Astra_G_06.jpg 1600w, https:\/\/www.maicschulte.de\/wordpress\/wp-content\/uploads\/2021\/03\/Opel_Astra_G_06-300x175.jpg 300w, https:\/\/www.maicschulte.de\/wordpress\/wp-content\/uploads\/2021\/03\/Opel_Astra_G_06-768x448.jpg 768w, https:\/\/www.maicschulte.de\/wordpress\/wp-content\/uploads\/2021\/03\/Opel_Astra_G_06-1536x897.jpg 1536w, https:\/\/www.maicschulte.de\/wordpress\/wp-content\/uploads\/2021\/03\/Opel_Astra_G_06-840x490.jpg 840w, https:\/\/www.maicschulte.de\/wordpress\/wp-content\/uploads\/2021\/03\/Opel_Astra_G_06-600x350.jpg 600w\" sizes=\"auto, (max-width: 1600px) 100vw, 1600px\"><\/a><\/figure><\/li><li class=\"blocks-gallery-item\"><figure><a href=\"https:\/\/www.maicschulte.de\/wordpress\/wp-content\/uploads\/2021\/03\/Opel_Astra_G_03.jpg\" data-rel=\"lightbox-gallery-0\" data-rl_title data-rl_caption title><img loading=\"lazy\" decoding=\"async\" width=\"1600\" height=\"1049\" src=\"https:\/\/www.maicschulte.de\/wordpress\/wp-content\/uploads\/2021\/03\/Opel_Astra_G_03.jpg\" alt data-id=\"12413\" data-full-url=\"https:\/\/www.maicschulte.de\/wordpress\/wp-content\/uploads\/2021\/03\/Opel_Astra_G_03.jpg\" data-link=\"https:\/\/www.maicschulte.de\/wordpress\/?attachment_id=12413\" class=\"wp-image-12413\" srcset=\"https:\/\/www.maicschulte.de\/wordpress\/wp-content\/uploads\/2021\/03\/Opel_Astra_G_03.jpg 1600w, https:\/\/www.maicschulte.de\/wordpress\/wp-content\/uploads\/2021\/03\/Opel_Astra_G_03-300x197.jpg 300w, https:\/\/www.maicschulte.de\/wordpress\/wp-content\/uploads\/2021\/03\/Opel_Astra_G_03-768x504.jpg 768w, https:\/\/www.maicschulte.de\/wordpress\/wp-content\/uploads\/2021\/03\/Opel_Astra_G_03-1536x1007.jpg 1536w, https:\/\/www.maicschulte.de\/wordpress\/wp-content\/uploads\/2021\/03\/Opel_Astra_G_03-801x525.jpg 801w, https:\/\/www.maicschulte.de\/wordpress\/wp-content\/uploads\/2021\/03\/Opel_Astra_G_03-120x80.jpg 120w, https:\/\/www.maicschulte.de\/wordpress\/wp-content\/uploads\/2021\/03\/Opel_Astra_G_03-572x375.jpg 572w\" sizes=\"auto, (max-width: 1600px) 100vw, 1600px\"><\/a><\/figure><\/li><li class=\"blocks-gallery-item\"><figure><a href=\"https:\/\/www.maicschulte.de\/wordpress\/wp-content\/uploads\/2021\/03\/Opel_Astra_G_07.jpg\" data-rel=\"lightbox-gallery-0\" data-rl_title data-rl_caption title><img loading=\"lazy\" decoding=\"async\" width=\"1600\" height=\"880\" src=\"https:\/\/www.maicschulte.de\/wordpress\/wp-content\/uploads\/2021\/03\/Opel_Astra_G_07.jpg\" alt data-id=\"12417\" data-full-url=\"https:\/\/www.maicschulte.de\/wordpress\/wp-content\/uploads\/2021\/03\/Opel_Astra_G_07.jpg\" data-link=\"https:\/\/www.maicschulte.de\/wordpress\/?attachment_id=12417\" class=\"wp-image-12417\" srcset=\"https:\/\/www.maicschulte.de\/wordpress\/wp-content\/uploads\/2021\/03\/Opel_Astra_G_07.jpg 1600w, https:\/\/www.maicschulte.de\/wordpress\/wp-content\/uploads\/2021\/03\/Opel_Astra_G_07-300x165.jpg 300w, https:\/\/www.maicschulte.de\/wordpress\/wp-content\/uploads\/2021\/03\/Opel_Astra_G_07-768x422.jpg 768w, https:\/\/www.maicschulte.de\/wordpress\/wp-content\/uploads\/2021\/03\/Opel_Astra_G_07-1536x845.jpg 1536w, https:\/\/www.maicschulte.de\/wordpress\/wp-content\/uploads\/2021\/03\/Opel_Astra_G_07-840x462.jpg 840w, https:\/\/www.maicschulte.de\/wordpress\/wp-content\/uploads\/2021\/03\/Opel_Astra_G_07-600x330.jpg 600w\" sizes=\"auto, (max-width: 1600px) 100vw, 1600px\"><\/a><\/figure><\/li><li class=\"blocks-gallery-item\"><figure><a href=\"https:\/\/www.maicschulte.de\/wordpress\/wp-content\/uploads\/2021\/03\/Opel_Astra_G_09.jpg\" data-rel=\"lightbox-gallery-0\" data-rl_title data-rl_caption title><img loading=\"lazy\" decoding=\"async\" width=\"1600\" height=\"915\" src=\"https:\/\/www.maicschulte.de\/wordpress\/wp-content\/uploads\/2021\/03\/Opel_Astra_G_09.jpg\" alt data-id=\"12419\" data-full-url=\"https:\/\/www.maicschulte.de\/wordpress\/wp-content\/uploads\/2021\/03\/Opel_Astra_G_09.jpg\" data-link=\"https:\/\/www.maicschulte.de\/wordpress\/?attachment_id=12419\" class=\"wp-image-12419\" srcset=\"https:\/\/www.maicschulte.de\/wordpress\/wp-content\/uploads\/2021\/03\/Opel_Astra_G_09.jpg 1600w, https:\/\/www.maicschulte.de\/wordpress\/wp-content\/uploads\/2021\/03\/Opel_Astra_G_09-300x172.jpg 300w, https:\/\/www.maicschulte.de\/wordpress\/wp-content\/uploads\/2021\/03\/Opel_Astra_G_09-768x439.jpg 768w, https:\/\/www.maicschulte.de\/wordpress\/wp-content\/uploads\/2021\/03\/Opel_Astra_G_09-1536x878.jpg 1536w, https:\/\/www.maicschulte.de\/wordpress\/wp-content\/uploads\/2021\/03\/Opel_Astra_G_09-840x480.jpg 840w, https:\/\/www.maicschulte.de\/wordpress\/wp-content\/uploads\/2021\/03\/Opel_Astra_G_09-600x343.jpg 600w\" sizes=\"auto, (max-width: 1600px) 100vw, 1600px\"><\/a><\/figure><\/li><li class=\"blocks-gallery-item\"><figure><a href=\"https:\/\/www.maicschulte.de\/wordpress\/wp-content\/uploads\/2021\/03\/Opel_Astra_G_05.jpg\" data-rel=\"lightbox-gallery-0\" data-rl_title data-rl_caption title><img loading=\"lazy\" decoding=\"async\" width=\"1600\" height=\"1011\" src=\"https:\/\/www.maicschulte.de\/wordpress\/wp-content\/uploads\/2021\/03\/Opel_Astra_G_05.jpg\" alt data-id=\"12415\" data-full-url=\"https:\/\/www.maicschulte.de\/wordpress\/wp-content\/uploads\/2021\/03\/Opel_Astra_G_05.jpg\" data-link=\"https:\/\/www.maicschulte.de\/wordpress\/?attachment_id=12415\" class=\"wp-image-12415\" srcset=\"https:\/\/www.maicschulte.de\/wordpress\/wp-content\/uploads\/2021\/03\/Opel_Astra_G_05.jpg 1600w, https:\/\/www.maicschulte.de\/wordpress\/wp-content\/uploads\/2021\/03\/Opel_Astra_G_05-300x190.jpg 300w, https:\/\/www.maicschulte.de\/wordpress\/wp-content\/uploads\/2021\/03\/Opel_Astra_G_05-768x485.jpg 768w, https:\/\/www.maicschulte.de\/wordpress\/wp-content\/uploads\/2021\/03\/Opel_Astra_G_05-1536x971.jpg 1536w, https:\/\/www.maicschulte.de\/wordpress\/wp-content\/uploads\/2021\/03\/Opel_Astra_G_05-831x525.jpg 831w, https:\/\/www.maicschulte.de\/wordpress\/wp-content\/uploads\/2021\/03\/Opel_Astra_G_05-593x375.jpg 593w\" sizes=\"auto, (max-width: 1600px) 100vw, 1600px\"><\/a><\/figure><\/li><li class=\"blocks-gallery-item\"><figure><a href=\"https:\/\/www.maicschulte.de\/wordpress\/wp-content\/uploads\/2021\/03\/Opel_Astra_G_10.jpg\" data-rel=\"lightbox-gallery-0\" data-rl_title data-rl_caption title><img loading=\"lazy\" decoding=\"async\" width=\"1600\" height=\"915\" src=\"https:\/\/www.maicschulte.de\/wordpress\/wp-content\/uploads\/2021\/03\/Opel_Astra_G_10.jpg\" alt data-id=\"12420\" data-full-url=\"https:\/\/www.maicschulte.de\/wordpress\/wp-content\/uploads\/2021\/03\/Opel_Astra_G_10.jpg\" data-link=\"https:\/\/www.maicschulte.de\/wordpress\/?attachment_id=12420\" class=\"wp-image-12420\" srcset=\"https:\/\/www.maicschulte.de\/wordpress\/wp-content\/uploads\/2021\/03\/Opel_Astra_G_10.jpg 1600w, https:\/\/www.maicschulte.de\/wordpress\/wp-content\/uploads\/2021\/03\/Opel_Astra_G_10-300x172.jpg 300w, https:\/\/www.maicschulte.de\/wordpress\/wp-content\/uploads\/2021\/03\/Opel_Astra_G_10-768x439.jpg 768w, https:\/\/www.maicschulte.de\/wordpress\/wp-content\/uploads\/2021\/03\/Opel_Astra_G_10-1536x878.jpg 1536w, https:\/\/www.maicschulte.de\/wordpress\/wp-content\/uploads\/2021\/03\/Opel_Astra_G_10-840x480.jpg 840w, https:\/\/www.maicschulte.de\/wordpress\/wp-content\/uploads\/2021\/03\/Opel_Astra_G_10-600x343.jpg 600w\" sizes=\"auto, (max-width: 1600px) 100vw, 1600px\"><\/a><\/figure><\/li><li class=\"blocks-gallery-item\"><figure><a href=\"https:\/\/www.maicschulte.de\/wordpress\/wp-content\/uploads\/2021\/03\/Opel_Astra_G_02.jpg\" data-rel=\"lightbox-gallery-0\" data-rl_title data-rl_caption title><img loading=\"lazy\" decoding=\"async\" width=\"1600\" height=\"875\" src=\"https:\/\/www.maicschulte.de\/wordpress\/wp-content\/uploads\/2021\/03\/Opel_Astra_G_02.jpg\" alt data-id=\"12412\" data-full-url=\"https:\/\/www.maicschulte.de\/wordpress\/wp-content\/uploads\/2021\/03\/Opel_Astra_G_02.jpg\" data-link=\"https:\/\/www.maicschulte.de\/wordpress\/?attachment_id=12412\" class=\"wp-image-12412\" srcset=\"https:\/\/www.maicschulte.de\/wordpress\/wp-content\/uploads\/2021\/03\/Opel_Astra_G_02.jpg 1600w, https:\/\/www.maicschulte.de\/wordpress\/wp-content\/uploads\/2021\/03\/Opel_Astra_G_02-300x164.jpg 300w, https:\/\/www.maicschulte.de\/wordpress\/wp-content\/uploads\/2021\/03\/Opel_Astra_G_02-768x420.jpg 768w, https:\/\/www.maicschulte.de\/wordpress\/wp-content\/uploads\/2021\/03\/Opel_Astra_G_02-1536x840.jpg 1536w, https:\/\/www.maicschulte.de\/wordpress\/wp-content\/uploads\/2021\/03\/Opel_Astra_G_02-840x459.jpg 840w, https:\/\/www.maicschulte.de\/wordpress\/wp-content\/uploads\/2021\/03\/Opel_Astra_G_02-600x328.jpg 600w\" sizes=\"auto, (max-width: 1600px) 100vw, 1600px\"><\/a><\/figure><\/li><\/ul><\/figure>\n","protected":false},"excerpt":{"rendered":"<p>Von Zeit zu Zeit habe ich das Gl\u00fcck, dieses Fahr\u00adzeug hier fahren zu d\u00fcrfen. Einen total unschein\u00adba\u00adren, knapp 22 Jahre alten Astra G Cara\u00advan, der aber schon seri\u00aden\u00adm\u00e4\u00ad\u00dfig von dem legen\u00add\u00e4\u00adren Z22SE-Motor befeu\u00adert&nbsp;wurde.<\/p>\n","protected":false},"author":1,"featured_media":12412,"comment_status":"open","ping_status":"open","sticky":false,"template":"","format":"standard","meta":{"wp_typography_post_enhancements_disabled":false,"footnotes":""},"categories":[721,1279],"tags":[935,1292,1295,1294,1293,55,760],"class_list":["post-12408","post","type-post","status-publish","format-standard","has-post-thumbnail","hentry","category-automobiles","category-chronologisch","tag-opel","tag-opel-astra-caravan","tag-opel-classic","tag-opel-fahren-is-wie-wense-fliechs","tag-sleeper","tag-tuning","tag-youngtimer"],"yoast_head":"<!-- This site is optimized with the Yoast SEO plugin v27.5 - https:\/\/yoast.com\/product\/yoast-seo-wordpress\/ -->\n<title>&quot;Sleeper&quot; - Maic Schulte<\/title>\n<meta name=\"description\" content=\"&quot;Sleeper&quot; - Automobiles - Maic Schulte - Fotografie - Ruhrgebiet - Industrie - Portrait - Events - Autos - Rockabilly - Kunst - Schwarzwei\u00df\" \/>\n<meta name=\"robots\" content=\"index, follow, max-snippet:-1, max-image-preview:large, max-video-preview:-1\" \/>\n<link rel=\"canonical\" href=\"https:\/\/www.maicschulte.de\/wordpress\/?p=12408\" \/>\n<meta property=\"og:locale\" content=\"de_DE\" \/>\n<meta property=\"og:type\" content=\"article\" \/>\n<meta property=\"og:title\" content=\"&quot;Sleeper&quot; - Maic Schulte\" \/>\n<meta property=\"og:description\" content=\"&quot;Sleeper&quot; - Automobiles - Maic Schulte - Fotografie - Ruhrgebiet - Industrie - Portrait - Events - Autos - Rockabilly - Kunst - Schwarzwei\u00df\" \/>\n<meta property=\"og:url\" content=\"https:\/\/www.maicschulte.de\/wordpress\/?p=12408\" \/>\n<meta property=\"og:site_name\" content=\"Maic Schulte\" \/>\n<meta property=\"article:published_time\" content=\"2021-03-09T21:31:25+00:00\" \/>\n<meta property=\"article:modified_time\" content=\"2021-03-09T21:34:12+00:00\" \/>\n<meta property=\"og:image\" content=\"https:\/\/www.maicschulte.de\/wordpress\/wp-content\/uploads\/2021\/03\/Opel_Astra_G_02.jpg\" \/>\n\t<meta property=\"og:image:width\" content=\"1600\" \/>\n\t<meta property=\"og:image:height\" content=\"875\" \/>\n\t<meta property=\"og:image:type\" content=\"image\/jpeg\" \/>\n<meta name=\"author\" content=\"Maic Schulte\" \/>\n<script type=\"application\/ld+json\" class=\"yoast-schema-graph\">{\"@context\":\"https:\\\/\\\/schema.org\",\"@graph\":[{\"@type\":\"Article\",\"@id\":\"https:\\\/\\\/www.maicschulte.de\\\/wordpress\\\/?p=12408#article\",\"isPartOf\":{\"@id\":\"https:\\\/\\\/www.maicschulte.de\\\/wordpress\\\/?p=12408\"},\"author\":{\"name\":\"Maic Schulte\",\"@id\":\"https:\\\/\\\/www.maicschulte.de\\\/wordpress\\\/#\\\/schema\\\/person\\\/809698f1c7b1655959515001723d716e\"},\"headline\":\"\u201cSleeper\u201d\",\"datePublished\":\"2021-03-09T21:31:25+00:00\",\"dateModified\":\"2021-03-09T21:34:12+00:00\",\"mainEntityOfPage\":{\"@id\":\"https:\\\/\\\/www.maicschulte.de\\\/wordpress\\\/?p=12408\"},\"wordCount\":194,\"commentCount\":0,\"publisher\":{\"@id\":\"https:\\\/\\\/www.maicschulte.de\\\/wordpress\\\/#\\\/schema\\\/person\\\/809698f1c7b1655959515001723d716e\"},\"image\":{\"@id\":\"https:\\\/\\\/www.maicschulte.de\\\/wordpress\\\/?p=12408#primaryimage\"},\"thumbnailUrl\":\"https:\\\/\\\/www.maicschulte.de\\\/wordpress\\\/wp-content\\\/uploads\\\/2021\\\/03\\\/Opel_Astra_G_02.jpg\",\"keywords\":[\"Opel\",\"Opel Astra Caravan\",\"Opel Classic\",\"Opel fahren is wie wense fliechs\",\"Sleeper\",\"Tuning\",\"Youngtimer\"],\"articleSection\":[\"Automobiles\",\"Chronologisch\"],\"inLanguage\":\"de\",\"potentialAction\":[{\"@type\":\"CommentAction\",\"name\":\"Comment\",\"target\":[\"https:\\\/\\\/www.maicschulte.de\\\/wordpress\\\/?p=12408#respond\"]}]},{\"@type\":\"WebPage\",\"@id\":\"https:\\\/\\\/www.maicschulte.de\\\/wordpress\\\/?p=12408\",\"url\":\"https:\\\/\\\/www.maicschulte.de\\\/wordpress\\\/?p=12408\",\"name\":\"\\\"Sleeper\\\" - Maic Schulte\",\"isPartOf\":{\"@id\":\"https:\\\/\\\/www.maicschulte.de\\\/wordpress\\\/#website\"},\"primaryImageOfPage\":{\"@id\":\"https:\\\/\\\/www.maicschulte.de\\\/wordpress\\\/?p=12408#primaryimage\"},\"image\":{\"@id\":\"https:\\\/\\\/www.maicschulte.de\\\/wordpress\\\/?p=12408#primaryimage\"},\"thumbnailUrl\":\"https:\\\/\\\/www.maicschulte.de\\\/wordpress\\\/wp-content\\\/uploads\\\/2021\\\/03\\\/Opel_Astra_G_02.jpg\",\"datePublished\":\"2021-03-09T21:31:25+00:00\",\"dateModified\":\"2021-03-09T21:34:12+00:00\",\"description\":\"\\\"Sleeper\\\" - Automobiles - Maic Schulte - Fotografie - Ruhrgebiet - Industrie - Portrait - Events - Autos - Rockabilly - Kunst - Schwarzwei\u00df\",\"breadcrumb\":{\"@id\":\"https:\\\/\\\/www.maicschulte.de\\\/wordpress\\\/?p=12408#breadcrumb\"},\"inLanguage\":\"de\",\"potentialAction\":[{\"@type\":\"ReadAction\",\"target\":[\"https:\\\/\\\/www.maicschulte.de\\\/wordpress\\\/?p=12408\"]}]},{\"@type\":\"ImageObject\",\"inLanguage\":\"de\",\"@id\":\"https:\\\/\\\/www.maicschulte.de\\\/wordpress\\\/?p=12408#primaryimage\",\"url\":\"https:\\\/\\\/www.maicschulte.de\\\/wordpress\\\/wp-content\\\/uploads\\\/2021\\\/03\\\/Opel_Astra_G_02.jpg\",\"contentUrl\":\"https:\\\/\\\/www.maicschulte.de\\\/wordpress\\\/wp-content\\\/uploads\\\/2021\\\/03\\\/Opel_Astra_G_02.jpg\",\"width\":1600,\"height\":875},{\"@type\":\"BreadcrumbList\",\"@id\":\"https:\\\/\\\/www.maicschulte.de\\\/wordpress\\\/?p=12408#breadcrumb\",\"itemListElement\":[{\"@type\":\"ListItem\",\"position\":1,\"name\":\"Startseite\",\"item\":\"https:\\\/\\\/www.maicschulte.de\\\/wordpress\"},{\"@type\":\"ListItem\",\"position\":2,\"name\":\"\u201cSleeper\u201d\"}]},{\"@type\":\"WebSite\",\"@id\":\"https:\\\/\\\/www.maicschulte.de\\\/wordpress\\\/#website\",\"url\":\"https:\\\/\\\/www.maicschulte.de\\\/wordpress\\\/\",\"name\":\"Maic Schulte\",\"description\":\"Fotografie aus Leidenschaft\",\"publisher\":{\"@id\":\"https:\\\/\\\/www.maicschulte.de\\\/wordpress\\\/#\\\/schema\\\/person\\\/809698f1c7b1655959515001723d716e\"},\"potentialAction\":[{\"@type\":\"SearchAction\",\"target\":{\"@type\":\"EntryPoint\",\"urlTemplate\":\"https:\\\/\\\/www.maicschulte.de\\\/wordpress\\\/?s={search_term_string}\"},\"query-input\":{\"@type\":\"PropertyValueSpecification\",\"valueRequired\":true,\"valueName\":\"search_term_string\"}}],\"inLanguage\":\"de\"},{\"@type\":[\"Person\",\"Organization\"],\"@id\":\"https:\\\/\\\/www.maicschulte.de\\\/wordpress\\\/#\\\/schema\\\/person\\\/809698f1c7b1655959515001723d716e\",\"name\":\"Maic Schulte\",\"image\":{\"@type\":\"ImageObject\",\"inLanguage\":\"de\",\"@id\":\"https:\\\/\\\/www.maicschulte.de\\\/wordpress\\\/wp-content\\\/uploads\\\/2025\\\/05\\\/Chronus_Maic_Schulte_Logo_605px-3.png\",\"url\":\"https:\\\/\\\/www.maicschulte.de\\\/wordpress\\\/wp-content\\\/uploads\\\/2025\\\/05\\\/Chronus_Maic_Schulte_Logo_605px-3.png\",\"contentUrl\":\"https:\\\/\\\/www.maicschulte.de\\\/wordpress\\\/wp-content\\\/uploads\\\/2025\\\/05\\\/Chronus_Maic_Schulte_Logo_605px-3.png\",\"width\":605,\"height\":200,\"caption\":\"Maic Schulte\"},\"logo\":{\"@id\":\"https:\\\/\\\/www.maicschulte.de\\\/wordpress\\\/wp-content\\\/uploads\\\/2025\\\/05\\\/Chronus_Maic_Schulte_Logo_605px-3.png\"},\"description\":\"Seit dem Tag, an dem mein Vater mich mit einer Kamera, einem Objektiv und zwei Illford-Schwarzwei\u00df-Filmen auf Entdeckungs-Tour geschickt hat, begleitet mich das Thema \\\"Fotografie\\\". Basierend auf WordPress, stellt diese Webseite - jetzt und in der Zukunft - eine Heimat f\u00fcr all meine Artikel und Fotos dar, welche wiederum aus allen Themenbereichen der klassischen &amp; modernen Fotografie kommen. Sei es nun die Fotografie in Schwarz-Wei\u00df; die Erkundung ehemaliger Industriegel\u00e4nde, welche f\u00fcr mich am ehesten \u201eDas Herz des Reviers\u201c widerspiegeln; ausdrucksstarke Portraits oder farbenfrohe Naturaufnahmen. Ganz egal! Es gelingt einfach jedem fotografischen Thema, meine Neugierde darauf zu erwecken. Dar\u00fcber hinaus habe ich aber auch ein ger\u00fctteltes Ma\u00df an Benzin im Blut und mag Autos &amp; Motorr\u00e4der, ganz egal ob nun neu, alt, aufgemotzt oder vollkommen original. Du siehst, die Auswahl an Artikeln &amp; Fotos ist also genauso breit gef\u00e4chert wie meine fotografischen Interessen.\",\"sameAs\":[\"https:\\\/\\\/www.maicschulte.de\"]}]}<\/script>\n<!-- \/ Yoast SEO plugin. -->","yoast_head_json":{"title":"\"Sleeper\" - Maic Schulte","description":"\"Sleeper\" - Automobiles - Maic Schulte - Fotografie - Ruhrgebiet - Industrie - Portrait - Events - Autos - Rockabilly - Kunst - Schwarzwei\u00df","robots":{"index":"index","follow":"follow","max-snippet":"max-snippet:-1","max-image-preview":"max-image-preview:large","max-video-preview":"max-video-preview:-1"},"canonical":"https:\/\/www.maicschulte.de\/wordpress\/?p=12408","og_locale":"de_DE","og_type":"article","og_title":"\"Sleeper\" - Maic Schulte","og_description":"\"Sleeper\" - Automobiles - Maic Schulte - Fotografie - Ruhrgebiet - Industrie - Portrait - Events - Autos - Rockabilly - Kunst - Schwarzwei\u00df","og_url":"https:\/\/www.maicschulte.de\/wordpress\/?p=12408","og_site_name":"Maic Schulte","article_published_time":"2021-03-09T21:31:25+00:00","article_modified_time":"2021-03-09T21:34:12+00:00","og_image":[{"width":1600,"height":875,"url":"https:\/\/www.maicschulte.de\/wordpress\/wp-content\/uploads\/2021\/03\/Opel_Astra_G_02.jpg","type":"image\/jpeg"}],"author":"Maic Schulte","schema":{"@context":"https:\/\/schema.org","@graph":[{"@type":"Article","@id":"https:\/\/www.maicschulte.de\/wordpress\/?p=12408#article","isPartOf":{"@id":"https:\/\/www.maicschulte.de\/wordpress\/?p=12408"},"author":{"name":"Maic Schulte","@id":"https:\/\/www.maicschulte.de\/wordpress\/#\/schema\/person\/809698f1c7b1655959515001723d716e"},"headline":"\u201cSleeper\u201d","datePublished":"2021-03-09T21:31:25+00:00","dateModified":"2021-03-09T21:34:12+00:00","mainEntityOfPage":{"@id":"https:\/\/www.maicschulte.de\/wordpress\/?p=12408"},"wordCount":194,"commentCount":0,"publisher":{"@id":"https:\/\/www.maicschulte.de\/wordpress\/#\/schema\/person\/809698f1c7b1655959515001723d716e"},"image":{"@id":"https:\/\/www.maicschulte.de\/wordpress\/?p=12408#primaryimage"},"thumbnailUrl":"https:\/\/www.maicschulte.de\/wordpress\/wp-content\/uploads\/2021\/03\/Opel_Astra_G_02.jpg","keywords":["Opel","Opel Astra Caravan","Opel Classic","Opel fahren is wie wense fliechs","Sleeper","Tuning","Youngtimer"],"articleSection":["Automobiles","Chronologisch"],"inLanguage":"de","potentialAction":[{"@type":"CommentAction","name":"Comment","target":["https:\/\/www.maicschulte.de\/wordpress\/?p=12408#respond"]}]},{"@type":"WebPage","@id":"https:\/\/www.maicschulte.de\/wordpress\/?p=12408","url":"https:\/\/www.maicschulte.de\/wordpress\/?p=12408","name":"\"Sleeper\" - Maic Schulte","isPartOf":{"@id":"https:\/\/www.maicschulte.de\/wordpress\/#website"},"primaryImageOfPage":{"@id":"https:\/\/www.maicschulte.de\/wordpress\/?p=12408#primaryimage"},"image":{"@id":"https:\/\/www.maicschulte.de\/wordpress\/?p=12408#primaryimage"},"thumbnailUrl":"https:\/\/www.maicschulte.de\/wordpress\/wp-content\/uploads\/2021\/03\/Opel_Astra_G_02.jpg","datePublished":"2021-03-09T21:31:25+00:00","dateModified":"2021-03-09T21:34:12+00:00","description":"\"Sleeper\" - Automobiles - Maic Schulte - Fotografie - Ruhrgebiet - Industrie - Portrait - Events - Autos - Rockabilly - Kunst - Schwarzwei\u00df","breadcrumb":{"@id":"https:\/\/www.maicschulte.de\/wordpress\/?p=12408#breadcrumb"},"inLanguage":"de","potentialAction":[{"@type":"ReadAction","target":["https:\/\/www.maicschulte.de\/wordpress\/?p=12408"]}]},{"@type":"ImageObject","inLanguage":"de","@id":"https:\/\/www.maicschulte.de\/wordpress\/?p=12408#primaryimage","url":"https:\/\/www.maicschulte.de\/wordpress\/wp-content\/uploads\/2021\/03\/Opel_Astra_G_02.jpg","contentUrl":"https:\/\/www.maicschulte.de\/wordpress\/wp-content\/uploads\/2021\/03\/Opel_Astra_G_02.jpg","width":1600,"height":875},{"@type":"BreadcrumbList","@id":"https:\/\/www.maicschulte.de\/wordpress\/?p=12408#breadcrumb","itemListElement":[{"@type":"ListItem","position":1,"name":"Startseite","item":"https:\/\/www.maicschulte.de\/wordpress"},{"@type":"ListItem","position":2,"name":"\u201cSleeper\u201d"}]},{"@type":"WebSite","@id":"https:\/\/www.maicschulte.de\/wordpress\/#website","url":"https:\/\/www.maicschulte.de\/wordpress\/","name":"Maic Schulte","description":"Fotografie aus Leidenschaft","publisher":{"@id":"https:\/\/www.maicschulte.de\/wordpress\/#\/schema\/person\/809698f1c7b1655959515001723d716e"},"potentialAction":[{"@type":"SearchAction","target":{"@type":"EntryPoint","urlTemplate":"https:\/\/www.maicschulte.de\/wordpress\/?s={search_term_string}"},"query-input":{"@type":"PropertyValueSpecification","valueRequired":true,"valueName":"search_term_string"}}],"inLanguage":"de"},{"@type":["Person","Organization"],"@id":"https:\/\/www.maicschulte.de\/wordpress\/#\/schema\/person\/809698f1c7b1655959515001723d716e","name":"Maic Schulte","image":{"@type":"ImageObject","inLanguage":"de","@id":"https:\/\/www.maicschulte.de\/wordpress\/wp-content\/uploads\/2025\/05\/Chronus_Maic_Schulte_Logo_605px-3.png","url":"https:\/\/www.maicschulte.de\/wordpress\/wp-content\/uploads\/2025\/05\/Chronus_Maic_Schulte_Logo_605px-3.png","contentUrl":"https:\/\/www.maicschulte.de\/wordpress\/wp-content\/uploads\/2025\/05\/Chronus_Maic_Schulte_Logo_605px-3.png","width":605,"height":200,"caption":"Maic Schulte"},"logo":{"@id":"https:\/\/www.maicschulte.de\/wordpress\/wp-content\/uploads\/2025\/05\/Chronus_Maic_Schulte_Logo_605px-3.png"},"description":"Seit dem Tag, an dem mein Vater mich mit einer Kamera, einem Objektiv und zwei Illford-Schwarzwei\u00df-Filmen auf Entdeckungs-Tour geschickt hat, begleitet mich das Thema \"Fotografie\". Basierend auf WordPress, stellt diese Webseite - jetzt und in der Zukunft - eine Heimat f\u00fcr all meine Artikel und Fotos dar, welche wiederum aus allen Themenbereichen der klassischen &amp; modernen Fotografie kommen. Sei es nun die Fotografie in Schwarz-Wei\u00df; die Erkundung ehemaliger Industriegel\u00e4nde, welche f\u00fcr mich am ehesten \u201eDas Herz des Reviers\u201c widerspiegeln; ausdrucksstarke Portraits oder farbenfrohe Naturaufnahmen. Ganz egal! Es gelingt einfach jedem fotografischen Thema, meine Neugierde darauf zu erwecken. Dar\u00fcber hinaus habe ich aber auch ein ger\u00fctteltes Ma\u00df an Benzin im Blut und mag Autos &amp; Motorr\u00e4der, ganz egal ob nun neu, alt, aufgemotzt oder vollkommen original. Du siehst, die Auswahl an Artikeln &amp; Fotos ist also genauso breit gef\u00e4chert wie meine fotografischen Interessen.","sameAs":["https:\/\/www.maicschulte.de"]}]}},"_links":{"self":[{"href":"https:\/\/www.maicschulte.de\/wordpress\/index.php?rest_route=\/wp\/v2\/posts\/12408","targetHints":{"allow":["GET"]}}],"collection":[{"href":"https:\/\/www.maicschulte.de\/wordpress\/index.php?rest_route=\/wp\/v2\/posts"}],"about":[{"href":"https:\/\/www.maicschulte.de\/wordpress\/index.php?rest_route=\/wp\/v2\/types\/post"}],"author":[{"embeddable":true,"href":"https:\/\/www.maicschulte.de\/wordpress\/index.php?rest_route=\/wp\/v2\/users\/1"}],"replies":[{"embeddable":true,"href":"https:\/\/www.maicschulte.de\/wordpress\/index.php?rest_route=%2Fwp%2Fv2%2Fcomments&post=12408"}],"version-history":[{"count":8,"href":"https:\/\/www.maicschulte.de\/wordpress\/index.php?rest_route=\/wp\/v2\/posts\/12408\/revisions"}],"predecessor-version":[{"id":12426,"href":"https:\/\/www.maicschulte.de\/wordpress\/index.php?rest_route=\/wp\/v2\/posts\/12408\/revisions\/12426"}],"wp:featuredmedia":[{"embeddable":true,"href":"https:\/\/www.maicschulte.de\/wordpress\/index.php?rest_route=\/wp\/v2\/media\/12412"}],"wp:attachment":[{"href":"https:\/\/www.maicschulte.de\/wordpress\/index.php?rest_route=%2Fwp%2Fv2%2Fmedia&parent=12408"}],"wp:term":[{"taxonomy":"category","embeddable":true,"href":"https:\/\/www.maicschulte.de\/wordpress\/index.php?rest_route=%2Fwp%2Fv2%2Fcategories&post=12408"},{"taxonomy":"post_tag","embeddable":true,"href":"https:\/\/www.maicschulte.de\/wordpress\/index.php?rest_route=%2Fwp%2Fv2%2Ftags&post=12408"}],"curies":[{"name":"wp","href":"https:\/\/api.w.org\/{rel}","templated":true}]}}