{"id":12796,"date":"2021-06-11T12:00:15","date_gmt":"2021-06-11T11:00:15","guid":{"rendered":"https:\/\/www.maicschulte.de\/wordpress\/?p=12796"},"modified":"2021-10-12T13:04:03","modified_gmt":"2021-10-12T12:04:03","slug":"emmerich-am-rhein","status":"publish","type":"post","link":"https:\/\/www.maicschulte.de\/wordpress\/?p=12796","title":{"rendered":"\u201cEmmerich am&nbsp;Rhein\u201d"},"content":{"rendered":"\n<p>Darf man von einer St\u00e4dte-Tour nur Schwarz\u00adwei\u00df-Fotos zeigen und hat es einem dann dort viel\u00adleicht gar nicht gefallen?<\/p>\n\n\n\n<!--more-->\n\n\n\n<p>Ich w\u00fcrde sagen, das eine hat abso\u00adlut nichts mit dem ande\u00adren zu tun. Schwarz\u00adwei\u00df-Foto\u00adgra\u00adfie ist f\u00fcr mich eine totale Stim\u00admungs\u00adge\u00adschich\u00adte; kom\u00adplett abh\u00e4n\u00adgig von meiner men\u00adta\u00adlen Tagesform.<\/p>\n\n\n\n<p>Bin ich eher manisch unter\u00adwegs, wird es bunt und fr\u00f6h\u00adlich, bin ich eher depres\u00adsiv ein\u00adge\u00adstimmt, wird es halt dunkel, d\u00fcster, rau und mit viel Struk\u00adtur. So einfach&nbsp;;-)<\/p>\n\n\n\n<p>P.S: Emme\u00adrich ist wirk\u00adlich schick und abso\u00adlut eine Reise wert, auch wenn es auf meinen Bil\u00addern teil\u00adwei\u00adse wie nach dem Krieg aus\u00adsieht. Fahrt hin, macht Euch selbst ein Bild und bringt ganz viele bunte Fotos&nbsp;mit.<\/p>\n\n\n\n<div style=\"height:40px\" aria-hidden=\"true\" class=\"wp-block-spacer\"><\/div>\n\n\n\n<figure class=\"wp-block-gallery columns-3 is-cropped wp-block-gallery-2 is-layout-flex wp-block-gallery-is-layout-flex\"><ul class=\"blocks-gallery-grid\"><li class=\"blocks-gallery-item\"><figure><a href=\"https:\/\/www.maicschulte.de\/wordpress\/wp-content\/uploads\/2021\/10\/Emmerich_am_Rhein_03.jpg\" data-rel=\"lightbox-gallery-0\" data-rl_title data-rl_caption title><img loading=\"lazy\" decoding=\"async\" width=\"1600\" height=\"905\" src=\"https:\/\/www.maicschulte.de\/wordpress\/wp-content\/uploads\/2021\/10\/Emmerich_am_Rhein_03.jpg\" alt data-id=\"12799\" data-full-url=\"https:\/\/www.maicschulte.de\/wordpress\/wp-content\/uploads\/2021\/10\/Emmerich_am_Rhein_03.jpg\" data-link=\"https:\/\/www.maicschulte.de\/wordpress\/?attachment_id=12799\" class=\"wp-image-12799\" srcset=\"https:\/\/www.maicschulte.de\/wordpress\/wp-content\/uploads\/2021\/10\/Emmerich_am_Rhein_03.jpg 1600w, https:\/\/www.maicschulte.de\/wordpress\/wp-content\/uploads\/2021\/10\/Emmerich_am_Rhein_03-300x170.jpg 300w, https:\/\/www.maicschulte.de\/wordpress\/wp-content\/uploads\/2021\/10\/Emmerich_am_Rhein_03-768x434.jpg 768w, https:\/\/www.maicschulte.de\/wordpress\/wp-content\/uploads\/2021\/10\/Emmerich_am_Rhein_03-1536x869.jpg 1536w, https:\/\/www.maicschulte.de\/wordpress\/wp-content\/uploads\/2021\/10\/Emmerich_am_Rhein_03-840x475.jpg 840w, https:\/\/www.maicschulte.de\/wordpress\/wp-content\/uploads\/2021\/10\/Emmerich_am_Rhein_03-600x339.jpg 600w\" sizes=\"auto, (max-width: 1600px) 100vw, 1600px\"><\/a><\/figure><\/li><li class=\"blocks-gallery-item\"><figure><a href=\"https:\/\/www.maicschulte.de\/wordpress\/wp-content\/uploads\/2021\/10\/Emmerich_am_Rhein_01.jpg\" data-rel=\"lightbox-gallery-0\" data-rl_title data-rl_caption title><img loading=\"lazy\" decoding=\"async\" width=\"1600\" height=\"1083\" src=\"https:\/\/www.maicschulte.de\/wordpress\/wp-content\/uploads\/2021\/10\/Emmerich_am_Rhein_01.jpg\" alt data-id=\"12797\" data-full-url=\"https:\/\/www.maicschulte.de\/wordpress\/wp-content\/uploads\/2021\/10\/Emmerich_am_Rhein_01.jpg\" data-link=\"https:\/\/www.maicschulte.de\/wordpress\/?attachment_id=12797\" class=\"wp-image-12797\" srcset=\"https:\/\/www.maicschulte.de\/wordpress\/wp-content\/uploads\/2021\/10\/Emmerich_am_Rhein_01.jpg 1600w, https:\/\/www.maicschulte.de\/wordpress\/wp-content\/uploads\/2021\/10\/Emmerich_am_Rhein_01-300x203.jpg 300w, https:\/\/www.maicschulte.de\/wordpress\/wp-content\/uploads\/2021\/10\/Emmerich_am_Rhein_01-768x520.jpg 768w, https:\/\/www.maicschulte.de\/wordpress\/wp-content\/uploads\/2021\/10\/Emmerich_am_Rhein_01-1536x1040.jpg 1536w, https:\/\/www.maicschulte.de\/wordpress\/wp-content\/uploads\/2021\/10\/Emmerich_am_Rhein_01-776x525.jpg 776w, https:\/\/www.maicschulte.de\/wordpress\/wp-content\/uploads\/2021\/10\/Emmerich_am_Rhein_01-120x80.jpg 120w, https:\/\/www.maicschulte.de\/wordpress\/wp-content\/uploads\/2021\/10\/Emmerich_am_Rhein_01-554x375.jpg 554w\" sizes=\"auto, (max-width: 1600px) 100vw, 1600px\"><\/a><\/figure><\/li><li class=\"blocks-gallery-item\"><figure><a href=\"https:\/\/www.maicschulte.de\/wordpress\/wp-content\/uploads\/2021\/10\/Emmerich_am_Rhein_02.jpg\" data-rel=\"lightbox-gallery-0\" data-rl_title data-rl_caption title><img loading=\"lazy\" decoding=\"async\" width=\"1600\" height=\"921\" src=\"https:\/\/www.maicschulte.de\/wordpress\/wp-content\/uploads\/2021\/10\/Emmerich_am_Rhein_02.jpg\" alt data-id=\"12798\" data-full-url=\"https:\/\/www.maicschulte.de\/wordpress\/wp-content\/uploads\/2021\/10\/Emmerich_am_Rhein_02.jpg\" data-link=\"https:\/\/www.maicschulte.de\/wordpress\/?attachment_id=12798\" class=\"wp-image-12798\" srcset=\"https:\/\/www.maicschulte.de\/wordpress\/wp-content\/uploads\/2021\/10\/Emmerich_am_Rhein_02.jpg 1600w, https:\/\/www.maicschulte.de\/wordpress\/wp-content\/uploads\/2021\/10\/Emmerich_am_Rhein_02-300x173.jpg 300w, https:\/\/www.maicschulte.de\/wordpress\/wp-content\/uploads\/2021\/10\/Emmerich_am_Rhein_02-768x442.jpg 768w, https:\/\/www.maicschulte.de\/wordpress\/wp-content\/uploads\/2021\/10\/Emmerich_am_Rhein_02-1536x884.jpg 1536w, https:\/\/www.maicschulte.de\/wordpress\/wp-content\/uploads\/2021\/10\/Emmerich_am_Rhein_02-840x484.jpg 840w, https:\/\/www.maicschulte.de\/wordpress\/wp-content\/uploads\/2021\/10\/Emmerich_am_Rhein_02-600x345.jpg 600w\" sizes=\"auto, (max-width: 1600px) 100vw, 1600px\"><\/a><\/figure><\/li><li class=\"blocks-gallery-item\"><figure><a href=\"https:\/\/www.maicschulte.de\/wordpress\/wp-content\/uploads\/2021\/10\/Emmerich_am_Rhein_04.jpg\" data-rel=\"lightbox-gallery-0\" data-rl_title data-rl_caption title><img loading=\"lazy\" decoding=\"async\" width=\"1020\" height=\"1600\" src=\"https:\/\/www.maicschulte.de\/wordpress\/wp-content\/uploads\/2021\/10\/Emmerich_am_Rhein_04.jpg\" alt data-id=\"12800\" data-full-url=\"https:\/\/www.maicschulte.de\/wordpress\/wp-content\/uploads\/2021\/10\/Emmerich_am_Rhein_04.jpg\" data-link=\"https:\/\/www.maicschulte.de\/wordpress\/?attachment_id=12800\" class=\"wp-image-12800\" srcset=\"https:\/\/www.maicschulte.de\/wordpress\/wp-content\/uploads\/2021\/10\/Emmerich_am_Rhein_04.jpg 1020w, https:\/\/www.maicschulte.de\/wordpress\/wp-content\/uploads\/2021\/10\/Emmerich_am_Rhein_04-191x300.jpg 191w, https:\/\/www.maicschulte.de\/wordpress\/wp-content\/uploads\/2021\/10\/Emmerich_am_Rhein_04-768x1205.jpg 768w, https:\/\/www.maicschulte.de\/wordpress\/wp-content\/uploads\/2021\/10\/Emmerich_am_Rhein_04-979x1536.jpg 979w, https:\/\/www.maicschulte.de\/wordpress\/wp-content\/uploads\/2021\/10\/Emmerich_am_Rhein_04-335x525.jpg 335w, https:\/\/www.maicschulte.de\/wordpress\/wp-content\/uploads\/2021\/10\/Emmerich_am_Rhein_04-239x375.jpg 239w\" sizes=\"auto, (max-width: 1020px) 100vw, 1020px\"><\/a><\/figure><\/li><li class=\"blocks-gallery-item\"><figure><a href=\"https:\/\/www.maicschulte.de\/wordpress\/wp-content\/uploads\/2021\/10\/Emmerich_am_Rhein_05.jpg\" data-rel=\"lightbox-gallery-0\" data-rl_title data-rl_caption title><img loading=\"lazy\" decoding=\"async\" width=\"1080\" height=\"1600\" src=\"https:\/\/www.maicschulte.de\/wordpress\/wp-content\/uploads\/2021\/10\/Emmerich_am_Rhein_05.jpg\" alt data-id=\"12801\" data-full-url=\"https:\/\/www.maicschulte.de\/wordpress\/wp-content\/uploads\/2021\/10\/Emmerich_am_Rhein_05.jpg\" data-link=\"https:\/\/www.maicschulte.de\/wordpress\/?attachment_id=12801\" class=\"wp-image-12801\" srcset=\"https:\/\/www.maicschulte.de\/wordpress\/wp-content\/uploads\/2021\/10\/Emmerich_am_Rhein_05.jpg 1080w, https:\/\/www.maicschulte.de\/wordpress\/wp-content\/uploads\/2021\/10\/Emmerich_am_Rhein_05-203x300.jpg 203w, https:\/\/www.maicschulte.de\/wordpress\/wp-content\/uploads\/2021\/10\/Emmerich_am_Rhein_05-768x1138.jpg 768w, https:\/\/www.maicschulte.de\/wordpress\/wp-content\/uploads\/2021\/10\/Emmerich_am_Rhein_05-1037x1536.jpg 1037w, https:\/\/www.maicschulte.de\/wordpress\/wp-content\/uploads\/2021\/10\/Emmerich_am_Rhein_05-354x525.jpg 354w, https:\/\/www.maicschulte.de\/wordpress\/wp-content\/uploads\/2021\/10\/Emmerich_am_Rhein_05-253x375.jpg 253w\" sizes=\"auto, (max-width: 1080px) 100vw, 1080px\"><\/a><\/figure><\/li><li class=\"blocks-gallery-item\"><figure><a href=\"https:\/\/www.maicschulte.de\/wordpress\/wp-content\/uploads\/2021\/10\/Emmerich_am_Rhein_06.jpg\" data-rel=\"lightbox-gallery-0\" data-rl_title data-rl_caption title><img loading=\"lazy\" decoding=\"async\" width=\"1600\" height=\"1031\" src=\"https:\/\/www.maicschulte.de\/wordpress\/wp-content\/uploads\/2021\/10\/Emmerich_am_Rhein_06.jpg\" alt data-id=\"12802\" data-full-url=\"https:\/\/www.maicschulte.de\/wordpress\/wp-content\/uploads\/2021\/10\/Emmerich_am_Rhein_06.jpg\" data-link=\"https:\/\/www.maicschulte.de\/wordpress\/?attachment_id=12802\" class=\"wp-image-12802\" srcset=\"https:\/\/www.maicschulte.de\/wordpress\/wp-content\/uploads\/2021\/10\/Emmerich_am_Rhein_06.jpg 1600w, https:\/\/www.maicschulte.de\/wordpress\/wp-content\/uploads\/2021\/10\/Emmerich_am_Rhein_06-300x193.jpg 300w, https:\/\/www.maicschulte.de\/wordpress\/wp-content\/uploads\/2021\/10\/Emmerich_am_Rhein_06-768x495.jpg 768w, https:\/\/www.maicschulte.de\/wordpress\/wp-content\/uploads\/2021\/10\/Emmerich_am_Rhein_06-1536x990.jpg 1536w, https:\/\/www.maicschulte.de\/wordpress\/wp-content\/uploads\/2021\/10\/Emmerich_am_Rhein_06-815x525.jpg 815w, https:\/\/www.maicschulte.de\/wordpress\/wp-content\/uploads\/2021\/10\/Emmerich_am_Rhein_06-582x375.jpg 582w\" sizes=\"auto, (max-width: 1600px) 100vw, 1600px\"><\/a><\/figure><\/li><li class=\"blocks-gallery-item\"><figure><a href=\"https:\/\/www.maicschulte.de\/wordpress\/wp-content\/uploads\/2021\/10\/Emmerich_am_Rhein_07.jpg\" data-rel=\"lightbox-gallery-0\" data-rl_title data-rl_caption title><img loading=\"lazy\" decoding=\"async\" width=\"1600\" height=\"1067\" src=\"https:\/\/www.maicschulte.de\/wordpress\/wp-content\/uploads\/2021\/10\/Emmerich_am_Rhein_07.jpg\" alt data-id=\"12803\" data-full-url=\"https:\/\/www.maicschulte.de\/wordpress\/wp-content\/uploads\/2021\/10\/Emmerich_am_Rhein_07.jpg\" data-link=\"https:\/\/www.maicschulte.de\/wordpress\/?attachment_id=12803\" class=\"wp-image-12803\" srcset=\"https:\/\/www.maicschulte.de\/wordpress\/wp-content\/uploads\/2021\/10\/Emmerich_am_Rhein_07.jpg 1600w, https:\/\/www.maicschulte.de\/wordpress\/wp-content\/uploads\/2021\/10\/Emmerich_am_Rhein_07-300x200.jpg 300w, https:\/\/www.maicschulte.de\/wordpress\/wp-content\/uploads\/2021\/10\/Emmerich_am_Rhein_07-768x512.jpg 768w, https:\/\/www.maicschulte.de\/wordpress\/wp-content\/uploads\/2021\/10\/Emmerich_am_Rhein_07-1536x1024.jpg 1536w, https:\/\/www.maicschulte.de\/wordpress\/wp-content\/uploads\/2021\/10\/Emmerich_am_Rhein_07-787x525.jpg 787w, https:\/\/www.maicschulte.de\/wordpress\/wp-content\/uploads\/2021\/10\/Emmerich_am_Rhein_07-120x80.jpg 120w, https:\/\/www.maicschulte.de\/wordpress\/wp-content\/uploads\/2021\/10\/Emmerich_am_Rhein_07-562x375.jpg 562w\" sizes=\"auto, (max-width: 1600px) 100vw, 1600px\"><\/a><\/figure><\/li><li class=\"blocks-gallery-item\"><figure><a href=\"https:\/\/www.maicschulte.de\/wordpress\/wp-content\/uploads\/2021\/10\/Emmerich_am_Rhein_08.jpg\" data-rel=\"lightbox-gallery-0\" data-rl_title data-rl_caption title><img loading=\"lazy\" decoding=\"async\" width=\"1600\" height=\"1072\" src=\"https:\/\/www.maicschulte.de\/wordpress\/wp-content\/uploads\/2021\/10\/Emmerich_am_Rhein_08.jpg\" alt data-id=\"12804\" data-full-url=\"https:\/\/www.maicschulte.de\/wordpress\/wp-content\/uploads\/2021\/10\/Emmerich_am_Rhein_08.jpg\" data-link=\"https:\/\/www.maicschulte.de\/wordpress\/?attachment_id=12804\" class=\"wp-image-12804\" srcset=\"https:\/\/www.maicschulte.de\/wordpress\/wp-content\/uploads\/2021\/10\/Emmerich_am_Rhein_08.jpg 1600w, https:\/\/www.maicschulte.de\/wordpress\/wp-content\/uploads\/2021\/10\/Emmerich_am_Rhein_08-300x201.jpg 300w, https:\/\/www.maicschulte.de\/wordpress\/wp-content\/uploads\/2021\/10\/Emmerich_am_Rhein_08-768x515.jpg 768w, https:\/\/www.maicschulte.de\/wordpress\/wp-content\/uploads\/2021\/10\/Emmerich_am_Rhein_08-1536x1029.jpg 1536w, https:\/\/www.maicschulte.de\/wordpress\/wp-content\/uploads\/2021\/10\/Emmerich_am_Rhein_08-784x525.jpg 784w, https:\/\/www.maicschulte.de\/wordpress\/wp-content\/uploads\/2021\/10\/Emmerich_am_Rhein_08-120x80.jpg 120w, https:\/\/www.maicschulte.de\/wordpress\/wp-content\/uploads\/2021\/10\/Emmerich_am_Rhein_08-560x375.jpg 560w\" sizes=\"auto, (max-width: 1600px) 100vw, 1600px\"><\/a><\/figure><\/li><li class=\"blocks-gallery-item\"><figure><a href=\"https:\/\/www.maicschulte.de\/wordpress\/wp-content\/uploads\/2021\/10\/Emmerich_am_Rhein_09.jpg\" data-rel=\"lightbox-gallery-0\" data-rl_title data-rl_caption title><img loading=\"lazy\" decoding=\"async\" width=\"1067\" height=\"1600\" src=\"https:\/\/www.maicschulte.de\/wordpress\/wp-content\/uploads\/2021\/10\/Emmerich_am_Rhein_09.jpg\" alt data-id=\"12805\" data-full-url=\"https:\/\/www.maicschulte.de\/wordpress\/wp-content\/uploads\/2021\/10\/Emmerich_am_Rhein_09.jpg\" data-link=\"https:\/\/www.maicschulte.de\/wordpress\/?attachment_id=12805\" class=\"wp-image-12805\" srcset=\"https:\/\/www.maicschulte.de\/wordpress\/wp-content\/uploads\/2021\/10\/Emmerich_am_Rhein_09.jpg 1067w, https:\/\/www.maicschulte.de\/wordpress\/wp-content\/uploads\/2021\/10\/Emmerich_am_Rhein_09-200x300.jpg 200w, https:\/\/www.maicschulte.de\/wordpress\/wp-content\/uploads\/2021\/10\/Emmerich_am_Rhein_09-768x1152.jpg 768w, https:\/\/www.maicschulte.de\/wordpress\/wp-content\/uploads\/2021\/10\/Emmerich_am_Rhein_09-1024x1536.jpg 1024w, https:\/\/www.maicschulte.de\/wordpress\/wp-content\/uploads\/2021\/10\/Emmerich_am_Rhein_09-350x525.jpg 350w, https:\/\/www.maicschulte.de\/wordpress\/wp-content\/uploads\/2021\/10\/Emmerich_am_Rhein_09-250x375.jpg 250w\" sizes=\"auto, (max-width: 1067px) 100vw, 1067px\"><\/a><\/figure><\/li><li class=\"blocks-gallery-item\"><figure><a href=\"https:\/\/www.maicschulte.de\/wordpress\/wp-content\/uploads\/2021\/10\/Emmerich_am_Rhein_10.jpg\" data-rel=\"lightbox-gallery-0\" data-rl_title data-rl_caption title><img loading=\"lazy\" decoding=\"async\" width=\"1600\" height=\"1035\" src=\"https:\/\/www.maicschulte.de\/wordpress\/wp-content\/uploads\/2021\/10\/Emmerich_am_Rhein_10.jpg\" alt data-id=\"12806\" data-full-url=\"https:\/\/www.maicschulte.de\/wordpress\/wp-content\/uploads\/2021\/10\/Emmerich_am_Rhein_10.jpg\" data-link=\"https:\/\/www.maicschulte.de\/wordpress\/?attachment_id=12806\" class=\"wp-image-12806\" srcset=\"https:\/\/www.maicschulte.de\/wordpress\/wp-content\/uploads\/2021\/10\/Emmerich_am_Rhein_10.jpg 1600w, https:\/\/www.maicschulte.de\/wordpress\/wp-content\/uploads\/2021\/10\/Emmerich_am_Rhein_10-300x194.jpg 300w, https:\/\/www.maicschulte.de\/wordpress\/wp-content\/uploads\/2021\/10\/Emmerich_am_Rhein_10-768x497.jpg 768w, https:\/\/www.maicschulte.de\/wordpress\/wp-content\/uploads\/2021\/10\/Emmerich_am_Rhein_10-1536x994.jpg 1536w, https:\/\/www.maicschulte.de\/wordpress\/wp-content\/uploads\/2021\/10\/Emmerich_am_Rhein_10-812x525.jpg 812w, https:\/\/www.maicschulte.de\/wordpress\/wp-content\/uploads\/2021\/10\/Emmerich_am_Rhein_10-580x375.jpg 580w\" sizes=\"auto, (max-width: 1600px) 100vw, 1600px\"><\/a><\/figure><\/li><li class=\"blocks-gallery-item\"><figure><a href=\"https:\/\/www.maicschulte.de\/wordpress\/wp-content\/uploads\/2021\/10\/Emmerich_am_Rhein_11.jpg\" data-rel=\"lightbox-gallery-0\" data-rl_title data-rl_caption title><img loading=\"lazy\" decoding=\"async\" width=\"1067\" height=\"1600\" src=\"https:\/\/www.maicschulte.de\/wordpress\/wp-content\/uploads\/2021\/10\/Emmerich_am_Rhein_11.jpg\" alt data-id=\"12807\" data-full-url=\"https:\/\/www.maicschulte.de\/wordpress\/wp-content\/uploads\/2021\/10\/Emmerich_am_Rhein_11.jpg\" data-link=\"https:\/\/www.maicschulte.de\/wordpress\/?attachment_id=12807\" class=\"wp-image-12807\" srcset=\"https:\/\/www.maicschulte.de\/wordpress\/wp-content\/uploads\/2021\/10\/Emmerich_am_Rhein_11.jpg 1067w, https:\/\/www.maicschulte.de\/wordpress\/wp-content\/uploads\/2021\/10\/Emmerich_am_Rhein_11-200x300.jpg 200w, https:\/\/www.maicschulte.de\/wordpress\/wp-content\/uploads\/2021\/10\/Emmerich_am_Rhein_11-768x1152.jpg 768w, https:\/\/www.maicschulte.de\/wordpress\/wp-content\/uploads\/2021\/10\/Emmerich_am_Rhein_11-1024x1536.jpg 1024w, https:\/\/www.maicschulte.de\/wordpress\/wp-content\/uploads\/2021\/10\/Emmerich_am_Rhein_11-350x525.jpg 350w, https:\/\/www.maicschulte.de\/wordpress\/wp-content\/uploads\/2021\/10\/Emmerich_am_Rhein_11-250x375.jpg 250w\" sizes=\"auto, (max-width: 1067px) 100vw, 1067px\"><\/a><\/figure><\/li><li class=\"blocks-gallery-item\"><figure><a href=\"https:\/\/www.maicschulte.de\/wordpress\/wp-content\/uploads\/2021\/10\/Emmerich_am_Rhein_12.jpg\" data-rel=\"lightbox-gallery-0\" data-rl_title data-rl_caption title><img loading=\"lazy\" decoding=\"async\" width=\"1067\" height=\"1600\" src=\"https:\/\/www.maicschulte.de\/wordpress\/wp-content\/uploads\/2021\/10\/Emmerich_am_Rhein_12.jpg\" alt data-id=\"12808\" data-full-url=\"https:\/\/www.maicschulte.de\/wordpress\/wp-content\/uploads\/2021\/10\/Emmerich_am_Rhein_12.jpg\" data-link=\"https:\/\/www.maicschulte.de\/wordpress\/?attachment_id=12808\" class=\"wp-image-12808\" srcset=\"https:\/\/www.maicschulte.de\/wordpress\/wp-content\/uploads\/2021\/10\/Emmerich_am_Rhein_12.jpg 1067w, https:\/\/www.maicschulte.de\/wordpress\/wp-content\/uploads\/2021\/10\/Emmerich_am_Rhein_12-200x300.jpg 200w, https:\/\/www.maicschulte.de\/wordpress\/wp-content\/uploads\/2021\/10\/Emmerich_am_Rhein_12-768x1152.jpg 768w, https:\/\/www.maicschulte.de\/wordpress\/wp-content\/uploads\/2021\/10\/Emmerich_am_Rhein_12-1024x1536.jpg 1024w, https:\/\/www.maicschulte.de\/wordpress\/wp-content\/uploads\/2021\/10\/Emmerich_am_Rhein_12-350x525.jpg 350w, https:\/\/www.maicschulte.de\/wordpress\/wp-content\/uploads\/2021\/10\/Emmerich_am_Rhein_12-250x375.jpg 250w\" sizes=\"auto, (max-width: 1067px) 100vw, 1067px\"><\/a><\/figure><\/li><li class=\"blocks-gallery-item\"><figure><a href=\"https:\/\/www.maicschulte.de\/wordpress\/wp-content\/uploads\/2021\/10\/Emmerich_am_Rhein_13.jpg\" data-rel=\"lightbox-gallery-0\" data-rl_title data-rl_caption title><img loading=\"lazy\" decoding=\"async\" width=\"1600\" height=\"901\" src=\"https:\/\/www.maicschulte.de\/wordpress\/wp-content\/uploads\/2021\/10\/Emmerich_am_Rhein_13.jpg\" alt data-id=\"12809\" data-full-url=\"https:\/\/www.maicschulte.de\/wordpress\/wp-content\/uploads\/2021\/10\/Emmerich_am_Rhein_13.jpg\" data-link=\"https:\/\/www.maicschulte.de\/wordpress\/?attachment_id=12809\" class=\"wp-image-12809\" srcset=\"https:\/\/www.maicschulte.de\/wordpress\/wp-content\/uploads\/2021\/10\/Emmerich_am_Rhein_13.jpg 1600w, https:\/\/www.maicschulte.de\/wordpress\/wp-content\/uploads\/2021\/10\/Emmerich_am_Rhein_13-300x169.jpg 300w, https:\/\/www.maicschulte.de\/wordpress\/wp-content\/uploads\/2021\/10\/Emmerich_am_Rhein_13-768x432.jpg 768w, https:\/\/www.maicschulte.de\/wordpress\/wp-content\/uploads\/2021\/10\/Emmerich_am_Rhein_13-1536x865.jpg 1536w, https:\/\/www.maicschulte.de\/wordpress\/wp-content\/uploads\/2021\/10\/Emmerich_am_Rhein_13-840x473.jpg 840w, https:\/\/www.maicschulte.de\/wordpress\/wp-content\/uploads\/2021\/10\/Emmerich_am_Rhein_13-600x338.jpg 600w\" sizes=\"auto, (max-width: 1600px) 100vw, 1600px\"><\/a><\/figure><\/li><li class=\"blocks-gallery-item\"><figure><a href=\"https:\/\/www.maicschulte.de\/wordpress\/wp-content\/uploads\/2021\/10\/Emmerich_am_Rhein_14.jpg\" data-rel=\"lightbox-gallery-0\" data-rl_title data-rl_caption title><img loading=\"lazy\" decoding=\"async\" width=\"1600\" height=\"1116\" src=\"https:\/\/www.maicschulte.de\/wordpress\/wp-content\/uploads\/2021\/10\/Emmerich_am_Rhein_14.jpg\" alt data-id=\"12810\" data-full-url=\"https:\/\/www.maicschulte.de\/wordpress\/wp-content\/uploads\/2021\/10\/Emmerich_am_Rhein_14.jpg\" data-link=\"https:\/\/www.maicschulte.de\/wordpress\/?attachment_id=12810\" class=\"wp-image-12810\" srcset=\"https:\/\/www.maicschulte.de\/wordpress\/wp-content\/uploads\/2021\/10\/Emmerich_am_Rhein_14.jpg 1600w, https:\/\/www.maicschulte.de\/wordpress\/wp-content\/uploads\/2021\/10\/Emmerich_am_Rhein_14-300x209.jpg 300w, https:\/\/www.maicschulte.de\/wordpress\/wp-content\/uploads\/2021\/10\/Emmerich_am_Rhein_14-768x536.jpg 768w, https:\/\/www.maicschulte.de\/wordpress\/wp-content\/uploads\/2021\/10\/Emmerich_am_Rhein_14-1536x1071.jpg 1536w, https:\/\/www.maicschulte.de\/wordpress\/wp-content\/uploads\/2021\/10\/Emmerich_am_Rhein_14-753x525.jpg 753w, https:\/\/www.maicschulte.de\/wordpress\/wp-content\/uploads\/2021\/10\/Emmerich_am_Rhein_14-538x375.jpg 538w\" sizes=\"auto, (max-width: 1600px) 100vw, 1600px\"><\/a><\/figure><\/li><li class=\"blocks-gallery-item\"><figure><a href=\"https:\/\/www.maicschulte.de\/wordpress\/wp-content\/uploads\/2021\/10\/Emmerich_am_Rhein_15.jpg\" data-rel=\"lightbox-gallery-0\" data-rl_title data-rl_caption title><img loading=\"lazy\" decoding=\"async\" width=\"1600\" height=\"919\" src=\"https:\/\/www.maicschulte.de\/wordpress\/wp-content\/uploads\/2021\/10\/Emmerich_am_Rhein_15.jpg\" alt data-id=\"12811\" data-full-url=\"https:\/\/www.maicschulte.de\/wordpress\/wp-content\/uploads\/2021\/10\/Emmerich_am_Rhein_15.jpg\" data-link=\"https:\/\/www.maicschulte.de\/wordpress\/?attachment_id=12811\" class=\"wp-image-12811\" srcset=\"https:\/\/www.maicschulte.de\/wordpress\/wp-content\/uploads\/2021\/10\/Emmerich_am_Rhein_15.jpg 1600w, https:\/\/www.maicschulte.de\/wordpress\/wp-content\/uploads\/2021\/10\/Emmerich_am_Rhein_15-300x172.jpg 300w, https:\/\/www.maicschulte.de\/wordpress\/wp-content\/uploads\/2021\/10\/Emmerich_am_Rhein_15-768x441.jpg 768w, https:\/\/www.maicschulte.de\/wordpress\/wp-content\/uploads\/2021\/10\/Emmerich_am_Rhein_15-1536x882.jpg 1536w, https:\/\/www.maicschulte.de\/wordpress\/wp-content\/uploads\/2021\/10\/Emmerich_am_Rhein_15-840x482.jpg 840w, https:\/\/www.maicschulte.de\/wordpress\/wp-content\/uploads\/2021\/10\/Emmerich_am_Rhein_15-600x345.jpg 600w\" sizes=\"auto, (max-width: 1600px) 100vw, 1600px\"><\/a><\/figure><\/li><li class=\"blocks-gallery-item\"><figure><a href=\"https:\/\/www.maicschulte.de\/wordpress\/wp-content\/uploads\/2021\/10\/Emmerich_am_Rhein_16.jpg\" data-rel=\"lightbox-gallery-0\" data-rl_title data-rl_caption title><img loading=\"lazy\" decoding=\"async\" width=\"1125\" height=\"1600\" src=\"https:\/\/www.maicschulte.de\/wordpress\/wp-content\/uploads\/2021\/10\/Emmerich_am_Rhein_16.jpg\" alt data-id=\"12812\" data-full-url=\"https:\/\/www.maicschulte.de\/wordpress\/wp-content\/uploads\/2021\/10\/Emmerich_am_Rhein_16.jpg\" data-link=\"https:\/\/www.maicschulte.de\/wordpress\/?attachment_id=12812\" class=\"wp-image-12812\" srcset=\"https:\/\/www.maicschulte.de\/wordpress\/wp-content\/uploads\/2021\/10\/Emmerich_am_Rhein_16.jpg 1125w, https:\/\/www.maicschulte.de\/wordpress\/wp-content\/uploads\/2021\/10\/Emmerich_am_Rhein_16-211x300.jpg 211w, https:\/\/www.maicschulte.de\/wordpress\/wp-content\/uploads\/2021\/10\/Emmerich_am_Rhein_16-768x1092.jpg 768w, https:\/\/www.maicschulte.de\/wordpress\/wp-content\/uploads\/2021\/10\/Emmerich_am_Rhein_16-1080x1536.jpg 1080w, https:\/\/www.maicschulte.de\/wordpress\/wp-content\/uploads\/2021\/10\/Emmerich_am_Rhein_16-369x525.jpg 369w, https:\/\/www.maicschulte.de\/wordpress\/wp-content\/uploads\/2021\/10\/Emmerich_am_Rhein_16-264x375.jpg 264w\" sizes=\"auto, (max-width: 1125px) 100vw, 1125px\"><\/a><\/figure><\/li><li class=\"blocks-gallery-item\"><figure><a href=\"https:\/\/www.maicschulte.de\/wordpress\/wp-content\/uploads\/2021\/10\/Emmerich_am_Rhein_17.jpg\" data-rel=\"lightbox-gallery-0\" data-rl_title data-rl_caption title><img loading=\"lazy\" decoding=\"async\" width=\"1600\" height=\"919\" src=\"https:\/\/www.maicschulte.de\/wordpress\/wp-content\/uploads\/2021\/10\/Emmerich_am_Rhein_17.jpg\" alt data-id=\"12813\" data-full-url=\"https:\/\/www.maicschulte.de\/wordpress\/wp-content\/uploads\/2021\/10\/Emmerich_am_Rhein_17.jpg\" data-link=\"https:\/\/www.maicschulte.de\/wordpress\/?attachment_id=12813\" class=\"wp-image-12813\" srcset=\"https:\/\/www.maicschulte.de\/wordpress\/wp-content\/uploads\/2021\/10\/Emmerich_am_Rhein_17.jpg 1600w, https:\/\/www.maicschulte.de\/wordpress\/wp-content\/uploads\/2021\/10\/Emmerich_am_Rhein_17-300x172.jpg 300w, https:\/\/www.maicschulte.de\/wordpress\/wp-content\/uploads\/2021\/10\/Emmerich_am_Rhein_17-768x441.jpg 768w, https:\/\/www.maicschulte.de\/wordpress\/wp-content\/uploads\/2021\/10\/Emmerich_am_Rhein_17-1536x882.jpg 1536w, https:\/\/www.maicschulte.de\/wordpress\/wp-content\/uploads\/2021\/10\/Emmerich_am_Rhein_17-840x482.jpg 840w, https:\/\/www.maicschulte.de\/wordpress\/wp-content\/uploads\/2021\/10\/Emmerich_am_Rhein_17-600x345.jpg 600w\" sizes=\"auto, (max-width: 1600px) 100vw, 1600px\"><\/a><\/figure><\/li><li class=\"blocks-gallery-item\"><figure><a href=\"https:\/\/www.maicschulte.de\/wordpress\/wp-content\/uploads\/2021\/10\/Emmerich_am_Rhein_18.jpg\" data-rel=\"lightbox-gallery-0\" data-rl_title data-rl_caption title><img loading=\"lazy\" decoding=\"async\" width=\"1067\" height=\"1600\" src=\"https:\/\/www.maicschulte.de\/wordpress\/wp-content\/uploads\/2021\/10\/Emmerich_am_Rhein_18.jpg\" alt data-id=\"12814\" data-full-url=\"https:\/\/www.maicschulte.de\/wordpress\/wp-content\/uploads\/2021\/10\/Emmerich_am_Rhein_18.jpg\" data-link=\"https:\/\/www.maicschulte.de\/wordpress\/?attachment_id=12814\" class=\"wp-image-12814\" srcset=\"https:\/\/www.maicschulte.de\/wordpress\/wp-content\/uploads\/2021\/10\/Emmerich_am_Rhein_18.jpg 1067w, https:\/\/www.maicschulte.de\/wordpress\/wp-content\/uploads\/2021\/10\/Emmerich_am_Rhein_18-200x300.jpg 200w, https:\/\/www.maicschulte.de\/wordpress\/wp-content\/uploads\/2021\/10\/Emmerich_am_Rhein_18-768x1152.jpg 768w, https:\/\/www.maicschulte.de\/wordpress\/wp-content\/uploads\/2021\/10\/Emmerich_am_Rhein_18-1024x1536.jpg 1024w, https:\/\/www.maicschulte.de\/wordpress\/wp-content\/uploads\/2021\/10\/Emmerich_am_Rhein_18-350x525.jpg 350w, https:\/\/www.maicschulte.de\/wordpress\/wp-content\/uploads\/2021\/10\/Emmerich_am_Rhein_18-250x375.jpg 250w\" sizes=\"auto, (max-width: 1067px) 100vw, 1067px\"><\/a><\/figure><\/li><li class=\"blocks-gallery-item\"><figure><a href=\"https:\/\/www.maicschulte.de\/wordpress\/wp-content\/uploads\/2021\/10\/Emmerich_am_Rhein_19.jpg\" data-rel=\"lightbox-gallery-0\" data-rl_title data-rl_caption title><img loading=\"lazy\" decoding=\"async\" width=\"1260\" height=\"1600\" src=\"https:\/\/www.maicschulte.de\/wordpress\/wp-content\/uploads\/2021\/10\/Emmerich_am_Rhein_19.jpg\" alt data-id=\"12815\" data-full-url=\"https:\/\/www.maicschulte.de\/wordpress\/wp-content\/uploads\/2021\/10\/Emmerich_am_Rhein_19.jpg\" data-link=\"https:\/\/www.maicschulte.de\/wordpress\/?attachment_id=12815\" class=\"wp-image-12815\" srcset=\"https:\/\/www.maicschulte.de\/wordpress\/wp-content\/uploads\/2021\/10\/Emmerich_am_Rhein_19.jpg 1260w, https:\/\/www.maicschulte.de\/wordpress\/wp-content\/uploads\/2021\/10\/Emmerich_am_Rhein_19-236x300.jpg 236w, https:\/\/www.maicschulte.de\/wordpress\/wp-content\/uploads\/2021\/10\/Emmerich_am_Rhein_19-768x975.jpg 768w, https:\/\/www.maicschulte.de\/wordpress\/wp-content\/uploads\/2021\/10\/Emmerich_am_Rhein_19-1210x1536.jpg 1210w, https:\/\/www.maicschulte.de\/wordpress\/wp-content\/uploads\/2021\/10\/Emmerich_am_Rhein_19-413x525.jpg 413w, https:\/\/www.maicschulte.de\/wordpress\/wp-content\/uploads\/2021\/10\/Emmerich_am_Rhein_19-295x375.jpg 295w\" sizes=\"auto, (max-width: 1260px) 100vw, 1260px\"><\/a><\/figure><\/li><li class=\"blocks-gallery-item\"><figure><a href=\"https:\/\/www.maicschulte.de\/wordpress\/wp-content\/uploads\/2021\/10\/Emmerich_am_Rhein_20.jpg\" data-rel=\"lightbox-gallery-0\" data-rl_title data-rl_caption title><img loading=\"lazy\" decoding=\"async\" width=\"1600\" height=\"1078\" src=\"https:\/\/www.maicschulte.de\/wordpress\/wp-content\/uploads\/2021\/10\/Emmerich_am_Rhein_20.jpg\" alt data-id=\"12816\" data-full-url=\"https:\/\/www.maicschulte.de\/wordpress\/wp-content\/uploads\/2021\/10\/Emmerich_am_Rhein_20.jpg\" data-link=\"https:\/\/www.maicschulte.de\/wordpress\/?attachment_id=12816\" class=\"wp-image-12816\" srcset=\"https:\/\/www.maicschulte.de\/wordpress\/wp-content\/uploads\/2021\/10\/Emmerich_am_Rhein_20.jpg 1600w, https:\/\/www.maicschulte.de\/wordpress\/wp-content\/uploads\/2021\/10\/Emmerich_am_Rhein_20-300x202.jpg 300w, https:\/\/www.maicschulte.de\/wordpress\/wp-content\/uploads\/2021\/10\/Emmerich_am_Rhein_20-768x517.jpg 768w, https:\/\/www.maicschulte.de\/wordpress\/wp-content\/uploads\/2021\/10\/Emmerich_am_Rhein_20-1536x1035.jpg 1536w, https:\/\/www.maicschulte.de\/wordpress\/wp-content\/uploads\/2021\/10\/Emmerich_am_Rhein_20-779x525.jpg 779w, https:\/\/www.maicschulte.de\/wordpress\/wp-content\/uploads\/2021\/10\/Emmerich_am_Rhein_20-120x80.jpg 120w, https:\/\/www.maicschulte.de\/wordpress\/wp-content\/uploads\/2021\/10\/Emmerich_am_Rhein_20-557x375.jpg 557w\" sizes=\"auto, (max-width: 1600px) 100vw, 1600px\"><\/a><\/figure><\/li><li class=\"blocks-gallery-item\"><figure><a href=\"https:\/\/www.maicschulte.de\/wordpress\/wp-content\/uploads\/2021\/10\/Emmerich_am_Rhein_21.jpg\" data-rel=\"lightbox-gallery-0\" data-rl_title data-rl_caption title><img loading=\"lazy\" decoding=\"async\" width=\"992\" height=\"1600\" src=\"https:\/\/www.maicschulte.de\/wordpress\/wp-content\/uploads\/2021\/10\/Emmerich_am_Rhein_21.jpg\" alt data-id=\"12817\" data-full-url=\"https:\/\/www.maicschulte.de\/wordpress\/wp-content\/uploads\/2021\/10\/Emmerich_am_Rhein_21.jpg\" data-link=\"https:\/\/www.maicschulte.de\/wordpress\/?attachment_id=12817\" class=\"wp-image-12817\" srcset=\"https:\/\/www.maicschulte.de\/wordpress\/wp-content\/uploads\/2021\/10\/Emmerich_am_Rhein_21.jpg 992w, https:\/\/www.maicschulte.de\/wordpress\/wp-content\/uploads\/2021\/10\/Emmerich_am_Rhein_21-186x300.jpg 186w, https:\/\/www.maicschulte.de\/wordpress\/wp-content\/uploads\/2021\/10\/Emmerich_am_Rhein_21-768x1239.jpg 768w, https:\/\/www.maicschulte.de\/wordpress\/wp-content\/uploads\/2021\/10\/Emmerich_am_Rhein_21-952x1536.jpg 952w, https:\/\/www.maicschulte.de\/wordpress\/wp-content\/uploads\/2021\/10\/Emmerich_am_Rhein_21-326x525.jpg 326w, https:\/\/www.maicschulte.de\/wordpress\/wp-content\/uploads\/2021\/10\/Emmerich_am_Rhein_21-233x375.jpg 233w\" sizes=\"auto, (max-width: 992px) 100vw, 992px\"><\/a><\/figure><\/li><li class=\"blocks-gallery-item\"><figure><a href=\"https:\/\/www.maicschulte.de\/wordpress\/wp-content\/uploads\/2021\/10\/Emmerich_am_Rhein_22.jpg\" data-rel=\"lightbox-gallery-0\" data-rl_title data-rl_caption title><img loading=\"lazy\" decoding=\"async\" width=\"1067\" height=\"1600\" src=\"https:\/\/www.maicschulte.de\/wordpress\/wp-content\/uploads\/2021\/10\/Emmerich_am_Rhein_22.jpg\" alt data-id=\"12818\" data-full-url=\"https:\/\/www.maicschulte.de\/wordpress\/wp-content\/uploads\/2021\/10\/Emmerich_am_Rhein_22.jpg\" data-link=\"https:\/\/www.maicschulte.de\/wordpress\/?attachment_id=12818\" class=\"wp-image-12818\" srcset=\"https:\/\/www.maicschulte.de\/wordpress\/wp-content\/uploads\/2021\/10\/Emmerich_am_Rhein_22.jpg 1067w, https:\/\/www.maicschulte.de\/wordpress\/wp-content\/uploads\/2021\/10\/Emmerich_am_Rhein_22-200x300.jpg 200w, https:\/\/www.maicschulte.de\/wordpress\/wp-content\/uploads\/2021\/10\/Emmerich_am_Rhein_22-768x1152.jpg 768w, https:\/\/www.maicschulte.de\/wordpress\/wp-content\/uploads\/2021\/10\/Emmerich_am_Rhein_22-1024x1536.jpg 1024w, https:\/\/www.maicschulte.de\/wordpress\/wp-content\/uploads\/2021\/10\/Emmerich_am_Rhein_22-350x525.jpg 350w, https:\/\/www.maicschulte.de\/wordpress\/wp-content\/uploads\/2021\/10\/Emmerich_am_Rhein_22-250x375.jpg 250w\" sizes=\"auto, (max-width: 1067px) 100vw, 1067px\"><\/a><\/figure><\/li><li class=\"blocks-gallery-item\"><figure><a href=\"https:\/\/www.maicschulte.de\/wordpress\/wp-content\/uploads\/2021\/10\/Emmerich_am_Rhein_23.jpg\" data-rel=\"lightbox-gallery-0\" data-rl_title data-rl_caption title><img loading=\"lazy\" decoding=\"async\" width=\"1600\" height=\"942\" src=\"https:\/\/www.maicschulte.de\/wordpress\/wp-content\/uploads\/2021\/10\/Emmerich_am_Rhein_23.jpg\" alt data-id=\"12819\" data-full-url=\"https:\/\/www.maicschulte.de\/wordpress\/wp-content\/uploads\/2021\/10\/Emmerich_am_Rhein_23.jpg\" data-link=\"https:\/\/www.maicschulte.de\/wordpress\/?attachment_id=12819\" class=\"wp-image-12819\" srcset=\"https:\/\/www.maicschulte.de\/wordpress\/wp-content\/uploads\/2021\/10\/Emmerich_am_Rhein_23.jpg 1600w, https:\/\/www.maicschulte.de\/wordpress\/wp-content\/uploads\/2021\/10\/Emmerich_am_Rhein_23-300x177.jpg 300w, https:\/\/www.maicschulte.de\/wordpress\/wp-content\/uploads\/2021\/10\/Emmerich_am_Rhein_23-768x452.jpg 768w, https:\/\/www.maicschulte.de\/wordpress\/wp-content\/uploads\/2021\/10\/Emmerich_am_Rhein_23-1536x904.jpg 1536w, https:\/\/www.maicschulte.de\/wordpress\/wp-content\/uploads\/2021\/10\/Emmerich_am_Rhein_23-840x495.jpg 840w, https:\/\/www.maicschulte.de\/wordpress\/wp-content\/uploads\/2021\/10\/Emmerich_am_Rhein_23-600x353.jpg 600w\" sizes=\"auto, (max-width: 1600px) 100vw, 1600px\"><\/a><\/figure><\/li><li class=\"blocks-gallery-item\"><figure><a href=\"https:\/\/www.maicschulte.de\/wordpress\/wp-content\/uploads\/2021\/10\/Emmerich_am_Rhein_24.jpg\" data-rel=\"lightbox-gallery-0\" data-rl_title data-rl_caption title><img loading=\"lazy\" decoding=\"async\" width=\"1071\" height=\"1600\" src=\"https:\/\/www.maicschulte.de\/wordpress\/wp-content\/uploads\/2021\/10\/Emmerich_am_Rhein_24.jpg\" alt data-id=\"12820\" data-full-url=\"https:\/\/www.maicschulte.de\/wordpress\/wp-content\/uploads\/2021\/10\/Emmerich_am_Rhein_24.jpg\" data-link=\"https:\/\/www.maicschulte.de\/wordpress\/?attachment_id=12820\" class=\"wp-image-12820\" srcset=\"https:\/\/www.maicschulte.de\/wordpress\/wp-content\/uploads\/2021\/10\/Emmerich_am_Rhein_24.jpg 1071w, https:\/\/www.maicschulte.de\/wordpress\/wp-content\/uploads\/2021\/10\/Emmerich_am_Rhein_24-201x300.jpg 201w, https:\/\/www.maicschulte.de\/wordpress\/wp-content\/uploads\/2021\/10\/Emmerich_am_Rhein_24-768x1147.jpg 768w, https:\/\/www.maicschulte.de\/wordpress\/wp-content\/uploads\/2021\/10\/Emmerich_am_Rhein_24-1028x1536.jpg 1028w, https:\/\/www.maicschulte.de\/wordpress\/wp-content\/uploads\/2021\/10\/Emmerich_am_Rhein_24-351x525.jpg 351w, https:\/\/www.maicschulte.de\/wordpress\/wp-content\/uploads\/2021\/10\/Emmerich_am_Rhein_24-251x375.jpg 251w\" sizes=\"auto, (max-width: 1071px) 100vw, 1071px\"><\/a><\/figure><\/li><li class=\"blocks-gallery-item\"><figure><a href=\"https:\/\/www.maicschulte.de\/wordpress\/wp-content\/uploads\/2021\/10\/Emmerich_am_Rhein_25.jpg\" data-rel=\"lightbox-gallery-0\" data-rl_title data-rl_caption title><img loading=\"lazy\" decoding=\"async\" width=\"1067\" height=\"1600\" src=\"https:\/\/www.maicschulte.de\/wordpress\/wp-content\/uploads\/2021\/10\/Emmerich_am_Rhein_25.jpg\" alt data-id=\"12821\" data-full-url=\"https:\/\/www.maicschulte.de\/wordpress\/wp-content\/uploads\/2021\/10\/Emmerich_am_Rhein_25.jpg\" data-link=\"https:\/\/www.maicschulte.de\/wordpress\/?attachment_id=12821\" class=\"wp-image-12821\" srcset=\"https:\/\/www.maicschulte.de\/wordpress\/wp-content\/uploads\/2021\/10\/Emmerich_am_Rhein_25.jpg 1067w, https:\/\/www.maicschulte.de\/wordpress\/wp-content\/uploads\/2021\/10\/Emmerich_am_Rhein_25-200x300.jpg 200w, https:\/\/www.maicschulte.de\/wordpress\/wp-content\/uploads\/2021\/10\/Emmerich_am_Rhein_25-768x1152.jpg 768w, https:\/\/www.maicschulte.de\/wordpress\/wp-content\/uploads\/2021\/10\/Emmerich_am_Rhein_25-1024x1536.jpg 1024w, https:\/\/www.maicschulte.de\/wordpress\/wp-content\/uploads\/2021\/10\/Emmerich_am_Rhein_25-350x525.jpg 350w, https:\/\/www.maicschulte.de\/wordpress\/wp-content\/uploads\/2021\/10\/Emmerich_am_Rhein_25-250x375.jpg 250w\" sizes=\"auto, (max-width: 1067px) 100vw, 1067px\"><\/a><\/figure><\/li><li class=\"blocks-gallery-item\"><figure><a href=\"https:\/\/www.maicschulte.de\/wordpress\/wp-content\/uploads\/2021\/10\/Emmerich_am_Rhein_26.jpg\" data-rel=\"lightbox-gallery-0\" data-rl_title data-rl_caption title><img loading=\"lazy\" decoding=\"async\" width=\"1600\" height=\"964\" src=\"https:\/\/www.maicschulte.de\/wordpress\/wp-content\/uploads\/2021\/10\/Emmerich_am_Rhein_26.jpg\" alt data-id=\"12822\" data-full-url=\"https:\/\/www.maicschulte.de\/wordpress\/wp-content\/uploads\/2021\/10\/Emmerich_am_Rhein_26.jpg\" data-link=\"https:\/\/www.maicschulte.de\/wordpress\/?attachment_id=12822\" class=\"wp-image-12822\" srcset=\"https:\/\/www.maicschulte.de\/wordpress\/wp-content\/uploads\/2021\/10\/Emmerich_am_Rhein_26.jpg 1600w, https:\/\/www.maicschulte.de\/wordpress\/wp-content\/uploads\/2021\/10\/Emmerich_am_Rhein_26-300x181.jpg 300w, https:\/\/www.maicschulte.de\/wordpress\/wp-content\/uploads\/2021\/10\/Emmerich_am_Rhein_26-768x463.jpg 768w, https:\/\/www.maicschulte.de\/wordpress\/wp-content\/uploads\/2021\/10\/Emmerich_am_Rhein_26-1536x925.jpg 1536w, https:\/\/www.maicschulte.de\/wordpress\/wp-content\/uploads\/2021\/10\/Emmerich_am_Rhein_26-840x506.jpg 840w, https:\/\/www.maicschulte.de\/wordpress\/wp-content\/uploads\/2021\/10\/Emmerich_am_Rhein_26-600x362.jpg 600w\" sizes=\"auto, (max-width: 1600px) 100vw, 1600px\"><\/a><\/figure><\/li><li class=\"blocks-gallery-item\"><figure><a href=\"https:\/\/www.maicschulte.de\/wordpress\/wp-content\/uploads\/2021\/10\/Emmerich_am_Rhein_27.jpg\" data-rel=\"lightbox-gallery-0\" data-rl_title data-rl_caption title><img loading=\"lazy\" decoding=\"async\" width=\"1084\" height=\"1600\" src=\"https:\/\/www.maicschulte.de\/wordpress\/wp-content\/uploads\/2021\/10\/Emmerich_am_Rhein_27.jpg\" alt data-id=\"12823\" data-full-url=\"https:\/\/www.maicschulte.de\/wordpress\/wp-content\/uploads\/2021\/10\/Emmerich_am_Rhein_27.jpg\" data-link=\"https:\/\/www.maicschulte.de\/wordpress\/?attachment_id=12823\" class=\"wp-image-12823\" srcset=\"https:\/\/www.maicschulte.de\/wordpress\/wp-content\/uploads\/2021\/10\/Emmerich_am_Rhein_27.jpg 1084w, https:\/\/www.maicschulte.de\/wordpress\/wp-content\/uploads\/2021\/10\/Emmerich_am_Rhein_27-203x300.jpg 203w, https:\/\/www.maicschulte.de\/wordpress\/wp-content\/uploads\/2021\/10\/Emmerich_am_Rhein_27-768x1134.jpg 768w, https:\/\/www.maicschulte.de\/wordpress\/wp-content\/uploads\/2021\/10\/Emmerich_am_Rhein_27-1041x1536.jpg 1041w, https:\/\/www.maicschulte.de\/wordpress\/wp-content\/uploads\/2021\/10\/Emmerich_am_Rhein_27-356x525.jpg 356w, https:\/\/www.maicschulte.de\/wordpress\/wp-content\/uploads\/2021\/10\/Emmerich_am_Rhein_27-254x375.jpg 254w\" sizes=\"auto, (max-width: 1084px) 100vw, 1084px\"><\/a><\/figure><\/li><li class=\"blocks-gallery-item\"><figure><a href=\"https:\/\/www.maicschulte.de\/wordpress\/wp-content\/uploads\/2021\/10\/Emmerich_am_Rhein_28.jpg\" data-rel=\"lightbox-gallery-0\" data-rl_title data-rl_caption title><img loading=\"lazy\" decoding=\"async\" width=\"1093\" height=\"1600\" src=\"https:\/\/www.maicschulte.de\/wordpress\/wp-content\/uploads\/2021\/10\/Emmerich_am_Rhein_28.jpg\" alt data-id=\"12824\" data-full-url=\"https:\/\/www.maicschulte.de\/wordpress\/wp-content\/uploads\/2021\/10\/Emmerich_am_Rhein_28.jpg\" data-link=\"https:\/\/www.maicschulte.de\/wordpress\/?attachment_id=12824\" class=\"wp-image-12824\" srcset=\"https:\/\/www.maicschulte.de\/wordpress\/wp-content\/uploads\/2021\/10\/Emmerich_am_Rhein_28.jpg 1093w, https:\/\/www.maicschulte.de\/wordpress\/wp-content\/uploads\/2021\/10\/Emmerich_am_Rhein_28-205x300.jpg 205w, https:\/\/www.maicschulte.de\/wordpress\/wp-content\/uploads\/2021\/10\/Emmerich_am_Rhein_28-768x1124.jpg 768w, https:\/\/www.maicschulte.de\/wordpress\/wp-content\/uploads\/2021\/10\/Emmerich_am_Rhein_28-1049x1536.jpg 1049w, https:\/\/www.maicschulte.de\/wordpress\/wp-content\/uploads\/2021\/10\/Emmerich_am_Rhein_28-359x525.jpg 359w, https:\/\/www.maicschulte.de\/wordpress\/wp-content\/uploads\/2021\/10\/Emmerich_am_Rhein_28-256x375.jpg 256w\" sizes=\"auto, (max-width: 1093px) 100vw, 1093px\"><\/a><\/figure><\/li><\/ul><\/figure>\n","protected":false},"excerpt":{"rendered":"<p>Darf man von einer St\u00e4dte-Tour nur Schwar\u00adz\u00ad\u00adwei\u00df-Fotos zeigen und hat es einem dann dort viel\u00adleicht gar nicht gefallen?<\/p>\n","protected":false},"author":1,"featured_media":12799,"comment_status":"open","ping_status":"open","sticky":false,"template":"","format":"standard","meta":{"wp_typography_post_enhancements_disabled":false,"footnotes":""},"categories":[1,1279],"tags":[1350,244,328,1353,355,1351,1352],"class_list":["post-12796","post","type-post","status-publish","format-standard","has-post-thumbnail","hentry","category-artikel","category-chronologisch","tag-kleve","tag-niederrhein","tag-nrw","tag-ohne-farbe","tag-schwarzweiss","tag-staedtetour","tag-street-photography-2"],"yoast_head":"<!-- This site is optimized with the Yoast SEO plugin v27.5 - https:\/\/yoast.com\/product\/yoast-seo-wordpress\/ -->\n<title>&quot;Emmerich am Rhein&quot; - Maic Schulte<\/title>\n<meta name=\"description\" content=\"&quot;Emmerich am Rhein&quot; - Artikel - Maic Schulte - Fotografie - Ruhrgebiet - Industrie - Portrait - Events - Autos - Rockabilly - Kunst - Schwarzwei\u00df\" \/>\n<meta name=\"robots\" content=\"index, follow, max-snippet:-1, max-image-preview:large, max-video-preview:-1\" \/>\n<link rel=\"canonical\" href=\"https:\/\/www.maicschulte.de\/wordpress\/?p=12796\" \/>\n<meta property=\"og:locale\" content=\"de_DE\" \/>\n<meta property=\"og:type\" content=\"article\" \/>\n<meta property=\"og:title\" content=\"&quot;Emmerich am Rhein&quot; - Maic Schulte\" \/>\n<meta property=\"og:description\" content=\"&quot;Emmerich am Rhein&quot; - Artikel - Maic Schulte - Fotografie - Ruhrgebiet - Industrie - Portrait - Events - Autos - Rockabilly - Kunst - Schwarzwei\u00df\" \/>\n<meta property=\"og:url\" content=\"https:\/\/www.maicschulte.de\/wordpress\/?p=12796\" \/>\n<meta property=\"og:site_name\" content=\"Maic Schulte\" \/>\n<meta property=\"article:published_time\" content=\"2021-06-11T11:00:15+00:00\" \/>\n<meta property=\"article:modified_time\" content=\"2021-10-12T12:04:03+00:00\" \/>\n<meta property=\"og:image\" content=\"https:\/\/www.maicschulte.de\/wordpress\/wp-content\/uploads\/2021\/10\/Emmerich_am_Rhein_03.jpg\" \/>\n\t<meta property=\"og:image:width\" content=\"1600\" \/>\n\t<meta property=\"og:image:height\" content=\"905\" \/>\n\t<meta property=\"og:image:type\" content=\"image\/jpeg\" \/>\n<meta name=\"author\" content=\"Maic Schulte\" \/>\n<script type=\"application\/ld+json\" class=\"yoast-schema-graph\">{\"@context\":\"https:\\\/\\\/schema.org\",\"@graph\":[{\"@type\":\"Article\",\"@id\":\"https:\\\/\\\/www.maicschulte.de\\\/wordpress\\\/?p=12796#article\",\"isPartOf\":{\"@id\":\"https:\\\/\\\/www.maicschulte.de\\\/wordpress\\\/?p=12796\"},\"author\":{\"name\":\"Maic Schulte\",\"@id\":\"https:\\\/\\\/www.maicschulte.de\\\/wordpress\\\/#\\\/schema\\\/person\\\/809698f1c7b1655959515001723d716e\"},\"headline\":\"\u201cEmmerich am&nbsp;Rhein\u201d\",\"datePublished\":\"2021-06-11T11:00:15+00:00\",\"dateModified\":\"2021-10-12T12:04:03+00:00\",\"mainEntityOfPage\":{\"@id\":\"https:\\\/\\\/www.maicschulte.de\\\/wordpress\\\/?p=12796\"},\"wordCount\":120,\"commentCount\":0,\"publisher\":{\"@id\":\"https:\\\/\\\/www.maicschulte.de\\\/wordpress\\\/#\\\/schema\\\/person\\\/809698f1c7b1655959515001723d716e\"},\"image\":{\"@id\":\"https:\\\/\\\/www.maicschulte.de\\\/wordpress\\\/?p=12796#primaryimage\"},\"thumbnailUrl\":\"https:\\\/\\\/www.maicschulte.de\\\/wordpress\\\/wp-content\\\/uploads\\\/2021\\\/10\\\/Emmerich_am_Rhein_03.jpg\",\"keywords\":[\"Kleve\",\"Niederrhein\",\"NRW\",\"ohne Farbe\",\"Schwarzweiss\",\"St\u00e4dtetour\",\"Street Photography\"],\"articleSection\":[\"Artikel\",\"Chronologisch\"],\"inLanguage\":\"de\",\"potentialAction\":[{\"@type\":\"CommentAction\",\"name\":\"Comment\",\"target\":[\"https:\\\/\\\/www.maicschulte.de\\\/wordpress\\\/?p=12796#respond\"]}]},{\"@type\":\"WebPage\",\"@id\":\"https:\\\/\\\/www.maicschulte.de\\\/wordpress\\\/?p=12796\",\"url\":\"https:\\\/\\\/www.maicschulte.de\\\/wordpress\\\/?p=12796\",\"name\":\"\\\"Emmerich am Rhein\\\" - Maic Schulte\",\"isPartOf\":{\"@id\":\"https:\\\/\\\/www.maicschulte.de\\\/wordpress\\\/#website\"},\"primaryImageOfPage\":{\"@id\":\"https:\\\/\\\/www.maicschulte.de\\\/wordpress\\\/?p=12796#primaryimage\"},\"image\":{\"@id\":\"https:\\\/\\\/www.maicschulte.de\\\/wordpress\\\/?p=12796#primaryimage\"},\"thumbnailUrl\":\"https:\\\/\\\/www.maicschulte.de\\\/wordpress\\\/wp-content\\\/uploads\\\/2021\\\/10\\\/Emmerich_am_Rhein_03.jpg\",\"datePublished\":\"2021-06-11T11:00:15+00:00\",\"dateModified\":\"2021-10-12T12:04:03+00:00\",\"description\":\"\\\"Emmerich am Rhein\\\" - Artikel - Maic Schulte - Fotografie - Ruhrgebiet - Industrie - Portrait - Events - Autos - Rockabilly - Kunst - Schwarzwei\u00df\",\"breadcrumb\":{\"@id\":\"https:\\\/\\\/www.maicschulte.de\\\/wordpress\\\/?p=12796#breadcrumb\"},\"inLanguage\":\"de\",\"potentialAction\":[{\"@type\":\"ReadAction\",\"target\":[\"https:\\\/\\\/www.maicschulte.de\\\/wordpress\\\/?p=12796\"]}]},{\"@type\":\"ImageObject\",\"inLanguage\":\"de\",\"@id\":\"https:\\\/\\\/www.maicschulte.de\\\/wordpress\\\/?p=12796#primaryimage\",\"url\":\"https:\\\/\\\/www.maicschulte.de\\\/wordpress\\\/wp-content\\\/uploads\\\/2021\\\/10\\\/Emmerich_am_Rhein_03.jpg\",\"contentUrl\":\"https:\\\/\\\/www.maicschulte.de\\\/wordpress\\\/wp-content\\\/uploads\\\/2021\\\/10\\\/Emmerich_am_Rhein_03.jpg\",\"width\":1600,\"height\":905},{\"@type\":\"BreadcrumbList\",\"@id\":\"https:\\\/\\\/www.maicschulte.de\\\/wordpress\\\/?p=12796#breadcrumb\",\"itemListElement\":[{\"@type\":\"ListItem\",\"position\":1,\"name\":\"Startseite\",\"item\":\"https:\\\/\\\/www.maicschulte.de\\\/wordpress\"},{\"@type\":\"ListItem\",\"position\":2,\"name\":\"\u201cEmmerich am&nbsp;Rhein\u201d\"}]},{\"@type\":\"WebSite\",\"@id\":\"https:\\\/\\\/www.maicschulte.de\\\/wordpress\\\/#website\",\"url\":\"https:\\\/\\\/www.maicschulte.de\\\/wordpress\\\/\",\"name\":\"Maic Schulte\",\"description\":\"Fotografie aus Leidenschaft\",\"publisher\":{\"@id\":\"https:\\\/\\\/www.maicschulte.de\\\/wordpress\\\/#\\\/schema\\\/person\\\/809698f1c7b1655959515001723d716e\"},\"potentialAction\":[{\"@type\":\"SearchAction\",\"target\":{\"@type\":\"EntryPoint\",\"urlTemplate\":\"https:\\\/\\\/www.maicschulte.de\\\/wordpress\\\/?s={search_term_string}\"},\"query-input\":{\"@type\":\"PropertyValueSpecification\",\"valueRequired\":true,\"valueName\":\"search_term_string\"}}],\"inLanguage\":\"de\"},{\"@type\":[\"Person\",\"Organization\"],\"@id\":\"https:\\\/\\\/www.maicschulte.de\\\/wordpress\\\/#\\\/schema\\\/person\\\/809698f1c7b1655959515001723d716e\",\"name\":\"Maic Schulte\",\"image\":{\"@type\":\"ImageObject\",\"inLanguage\":\"de\",\"@id\":\"https:\\\/\\\/www.maicschulte.de\\\/wordpress\\\/wp-content\\\/uploads\\\/2025\\\/05\\\/Chronus_Maic_Schulte_Logo_605px-3.png\",\"url\":\"https:\\\/\\\/www.maicschulte.de\\\/wordpress\\\/wp-content\\\/uploads\\\/2025\\\/05\\\/Chronus_Maic_Schulte_Logo_605px-3.png\",\"contentUrl\":\"https:\\\/\\\/www.maicschulte.de\\\/wordpress\\\/wp-content\\\/uploads\\\/2025\\\/05\\\/Chronus_Maic_Schulte_Logo_605px-3.png\",\"width\":605,\"height\":200,\"caption\":\"Maic Schulte\"},\"logo\":{\"@id\":\"https:\\\/\\\/www.maicschulte.de\\\/wordpress\\\/wp-content\\\/uploads\\\/2025\\\/05\\\/Chronus_Maic_Schulte_Logo_605px-3.png\"},\"description\":\"Seit dem Tag, an dem mein Vater mich mit einer Kamera, einem Objektiv und zwei Illford-Schwarzwei\u00df-Filmen auf Entdeckungs-Tour geschickt hat, begleitet mich das Thema \\\"Fotografie\\\". Basierend auf WordPress, stellt diese Webseite - jetzt und in der Zukunft - eine Heimat f\u00fcr all meine Artikel und Fotos dar, welche wiederum aus allen Themenbereichen der klassischen &amp; modernen Fotografie kommen. Sei es nun die Fotografie in Schwarz-Wei\u00df; die Erkundung ehemaliger Industriegel\u00e4nde, welche f\u00fcr mich am ehesten \u201eDas Herz des Reviers\u201c widerspiegeln; ausdrucksstarke Portraits oder farbenfrohe Naturaufnahmen. Ganz egal! Es gelingt einfach jedem fotografischen Thema, meine Neugierde darauf zu erwecken. Dar\u00fcber hinaus habe ich aber auch ein ger\u00fctteltes Ma\u00df an Benzin im Blut und mag Autos &amp; Motorr\u00e4der, ganz egal ob nun neu, alt, aufgemotzt oder vollkommen original. Du siehst, die Auswahl an Artikeln &amp; Fotos ist also genauso breit gef\u00e4chert wie meine fotografischen Interessen.\",\"sameAs\":[\"https:\\\/\\\/www.maicschulte.de\"]}]}<\/script>\n<!-- \/ Yoast SEO plugin. -->","yoast_head_json":{"title":"\"Emmerich am Rhein\" - Maic Schulte","description":"\"Emmerich am Rhein\" - Artikel - Maic Schulte - Fotografie - Ruhrgebiet - Industrie - Portrait - Events - Autos - Rockabilly - Kunst - Schwarzwei\u00df","robots":{"index":"index","follow":"follow","max-snippet":"max-snippet:-1","max-image-preview":"max-image-preview:large","max-video-preview":"max-video-preview:-1"},"canonical":"https:\/\/www.maicschulte.de\/wordpress\/?p=12796","og_locale":"de_DE","og_type":"article","og_title":"\"Emmerich am Rhein\" - Maic Schulte","og_description":"\"Emmerich am Rhein\" - Artikel - Maic Schulte - Fotografie - Ruhrgebiet - Industrie - Portrait - Events - Autos - Rockabilly - Kunst - Schwarzwei\u00df","og_url":"https:\/\/www.maicschulte.de\/wordpress\/?p=12796","og_site_name":"Maic Schulte","article_published_time":"2021-06-11T11:00:15+00:00","article_modified_time":"2021-10-12T12:04:03+00:00","og_image":[{"width":1600,"height":905,"url":"https:\/\/www.maicschulte.de\/wordpress\/wp-content\/uploads\/2021\/10\/Emmerich_am_Rhein_03.jpg","type":"image\/jpeg"}],"author":"Maic Schulte","schema":{"@context":"https:\/\/schema.org","@graph":[{"@type":"Article","@id":"https:\/\/www.maicschulte.de\/wordpress\/?p=12796#article","isPartOf":{"@id":"https:\/\/www.maicschulte.de\/wordpress\/?p=12796"},"author":{"name":"Maic Schulte","@id":"https:\/\/www.maicschulte.de\/wordpress\/#\/schema\/person\/809698f1c7b1655959515001723d716e"},"headline":"\u201cEmmerich am&nbsp;Rhein\u201d","datePublished":"2021-06-11T11:00:15+00:00","dateModified":"2021-10-12T12:04:03+00:00","mainEntityOfPage":{"@id":"https:\/\/www.maicschulte.de\/wordpress\/?p=12796"},"wordCount":120,"commentCount":0,"publisher":{"@id":"https:\/\/www.maicschulte.de\/wordpress\/#\/schema\/person\/809698f1c7b1655959515001723d716e"},"image":{"@id":"https:\/\/www.maicschulte.de\/wordpress\/?p=12796#primaryimage"},"thumbnailUrl":"https:\/\/www.maicschulte.de\/wordpress\/wp-content\/uploads\/2021\/10\/Emmerich_am_Rhein_03.jpg","keywords":["Kleve","Niederrhein","NRW","ohne Farbe","Schwarzweiss","St\u00e4dtetour","Street Photography"],"articleSection":["Artikel","Chronologisch"],"inLanguage":"de","potentialAction":[{"@type":"CommentAction","name":"Comment","target":["https:\/\/www.maicschulte.de\/wordpress\/?p=12796#respond"]}]},{"@type":"WebPage","@id":"https:\/\/www.maicschulte.de\/wordpress\/?p=12796","url":"https:\/\/www.maicschulte.de\/wordpress\/?p=12796","name":"\"Emmerich am Rhein\" - Maic Schulte","isPartOf":{"@id":"https:\/\/www.maicschulte.de\/wordpress\/#website"},"primaryImageOfPage":{"@id":"https:\/\/www.maicschulte.de\/wordpress\/?p=12796#primaryimage"},"image":{"@id":"https:\/\/www.maicschulte.de\/wordpress\/?p=12796#primaryimage"},"thumbnailUrl":"https:\/\/www.maicschulte.de\/wordpress\/wp-content\/uploads\/2021\/10\/Emmerich_am_Rhein_03.jpg","datePublished":"2021-06-11T11:00:15+00:00","dateModified":"2021-10-12T12:04:03+00:00","description":"\"Emmerich am Rhein\" - Artikel - Maic Schulte - Fotografie - Ruhrgebiet - Industrie - Portrait - Events - Autos - Rockabilly - Kunst - Schwarzwei\u00df","breadcrumb":{"@id":"https:\/\/www.maicschulte.de\/wordpress\/?p=12796#breadcrumb"},"inLanguage":"de","potentialAction":[{"@type":"ReadAction","target":["https:\/\/www.maicschulte.de\/wordpress\/?p=12796"]}]},{"@type":"ImageObject","inLanguage":"de","@id":"https:\/\/www.maicschulte.de\/wordpress\/?p=12796#primaryimage","url":"https:\/\/www.maicschulte.de\/wordpress\/wp-content\/uploads\/2021\/10\/Emmerich_am_Rhein_03.jpg","contentUrl":"https:\/\/www.maicschulte.de\/wordpress\/wp-content\/uploads\/2021\/10\/Emmerich_am_Rhein_03.jpg","width":1600,"height":905},{"@type":"BreadcrumbList","@id":"https:\/\/www.maicschulte.de\/wordpress\/?p=12796#breadcrumb","itemListElement":[{"@type":"ListItem","position":1,"name":"Startseite","item":"https:\/\/www.maicschulte.de\/wordpress"},{"@type":"ListItem","position":2,"name":"\u201cEmmerich am&nbsp;Rhein\u201d"}]},{"@type":"WebSite","@id":"https:\/\/www.maicschulte.de\/wordpress\/#website","url":"https:\/\/www.maicschulte.de\/wordpress\/","name":"Maic Schulte","description":"Fotografie aus Leidenschaft","publisher":{"@id":"https:\/\/www.maicschulte.de\/wordpress\/#\/schema\/person\/809698f1c7b1655959515001723d716e"},"potentialAction":[{"@type":"SearchAction","target":{"@type":"EntryPoint","urlTemplate":"https:\/\/www.maicschulte.de\/wordpress\/?s={search_term_string}"},"query-input":{"@type":"PropertyValueSpecification","valueRequired":true,"valueName":"search_term_string"}}],"inLanguage":"de"},{"@type":["Person","Organization"],"@id":"https:\/\/www.maicschulte.de\/wordpress\/#\/schema\/person\/809698f1c7b1655959515001723d716e","name":"Maic Schulte","image":{"@type":"ImageObject","inLanguage":"de","@id":"https:\/\/www.maicschulte.de\/wordpress\/wp-content\/uploads\/2025\/05\/Chronus_Maic_Schulte_Logo_605px-3.png","url":"https:\/\/www.maicschulte.de\/wordpress\/wp-content\/uploads\/2025\/05\/Chronus_Maic_Schulte_Logo_605px-3.png","contentUrl":"https:\/\/www.maicschulte.de\/wordpress\/wp-content\/uploads\/2025\/05\/Chronus_Maic_Schulte_Logo_605px-3.png","width":605,"height":200,"caption":"Maic Schulte"},"logo":{"@id":"https:\/\/www.maicschulte.de\/wordpress\/wp-content\/uploads\/2025\/05\/Chronus_Maic_Schulte_Logo_605px-3.png"},"description":"Seit dem Tag, an dem mein Vater mich mit einer Kamera, einem Objektiv und zwei Illford-Schwarzwei\u00df-Filmen auf Entdeckungs-Tour geschickt hat, begleitet mich das Thema \"Fotografie\". Basierend auf WordPress, stellt diese Webseite - jetzt und in der Zukunft - eine Heimat f\u00fcr all meine Artikel und Fotos dar, welche wiederum aus allen Themenbereichen der klassischen &amp; modernen Fotografie kommen. Sei es nun die Fotografie in Schwarz-Wei\u00df; die Erkundung ehemaliger Industriegel\u00e4nde, welche f\u00fcr mich am ehesten \u201eDas Herz des Reviers\u201c widerspiegeln; ausdrucksstarke Portraits oder farbenfrohe Naturaufnahmen. Ganz egal! Es gelingt einfach jedem fotografischen Thema, meine Neugierde darauf zu erwecken. Dar\u00fcber hinaus habe ich aber auch ein ger\u00fctteltes Ma\u00df an Benzin im Blut und mag Autos &amp; Motorr\u00e4der, ganz egal ob nun neu, alt, aufgemotzt oder vollkommen original. Du siehst, die Auswahl an Artikeln &amp; Fotos ist also genauso breit gef\u00e4chert wie meine fotografischen Interessen.","sameAs":["https:\/\/www.maicschulte.de"]}]}},"_links":{"self":[{"href":"https:\/\/www.maicschulte.de\/wordpress\/index.php?rest_route=\/wp\/v2\/posts\/12796","targetHints":{"allow":["GET"]}}],"collection":[{"href":"https:\/\/www.maicschulte.de\/wordpress\/index.php?rest_route=\/wp\/v2\/posts"}],"about":[{"href":"https:\/\/www.maicschulte.de\/wordpress\/index.php?rest_route=\/wp\/v2\/types\/post"}],"author":[{"embeddable":true,"href":"https:\/\/www.maicschulte.de\/wordpress\/index.php?rest_route=\/wp\/v2\/users\/1"}],"replies":[{"embeddable":true,"href":"https:\/\/www.maicschulte.de\/wordpress\/index.php?rest_route=%2Fwp%2Fv2%2Fcomments&post=12796"}],"version-history":[{"count":2,"href":"https:\/\/www.maicschulte.de\/wordpress\/index.php?rest_route=\/wp\/v2\/posts\/12796\/revisions"}],"predecessor-version":[{"id":12826,"href":"https:\/\/www.maicschulte.de\/wordpress\/index.php?rest_route=\/wp\/v2\/posts\/12796\/revisions\/12826"}],"wp:featuredmedia":[{"embeddable":true,"href":"https:\/\/www.maicschulte.de\/wordpress\/index.php?rest_route=\/wp\/v2\/media\/12799"}],"wp:attachment":[{"href":"https:\/\/www.maicschulte.de\/wordpress\/index.php?rest_route=%2Fwp%2Fv2%2Fmedia&parent=12796"}],"wp:term":[{"taxonomy":"category","embeddable":true,"href":"https:\/\/www.maicschulte.de\/wordpress\/index.php?rest_route=%2Fwp%2Fv2%2Fcategories&post=12796"},{"taxonomy":"post_tag","embeddable":true,"href":"https:\/\/www.maicschulte.de\/wordpress\/index.php?rest_route=%2Fwp%2Fv2%2Ftags&post=12796"}],"curies":[{"name":"wp","href":"https:\/\/api.w.org\/{rel}","templated":true}]}}