{"id":14058,"date":"2023-04-12T19:06:17","date_gmt":"2023-04-12T18:06:17","guid":{"rendered":"https:\/\/www.maicschulte.de\/wordpress\/?p=14058"},"modified":"2023-04-12T19:14:31","modified_gmt":"2023-04-12T18:14:31","slug":"lautobus-jaune","status":"publish","type":"post","link":"https:\/\/www.maicschulte.de\/wordpress\/?p=14058","title":{"rendered":"\u201cL\u2019autobus Jaune\u201d"},"content":{"rendered":"\n<figure class=\"wp-block-image size-full\"><a href=\"https:\/\/www.maicschulte.de\/wordpress\/wp-content\/uploads\/2023\/04\/The_yellow_bus.jpg\" data-rel=\"lightbox-gallery-0\" data-rl_title data-rl_caption title><img loading=\"lazy\" decoding=\"async\" width=\"1600\" height=\"762\" src=\"https:\/\/www.maicschulte.de\/wordpress\/wp-content\/uploads\/2023\/04\/The_yellow_bus.jpg\" alt class=\"wp-image-14061\" srcset=\"https:\/\/www.maicschulte.de\/wordpress\/wp-content\/uploads\/2023\/04\/The_yellow_bus.jpg 1600w, https:\/\/www.maicschulte.de\/wordpress\/wp-content\/uploads\/2023\/04\/The_yellow_bus-300x143.jpg 300w, https:\/\/www.maicschulte.de\/wordpress\/wp-content\/uploads\/2023\/04\/The_yellow_bus-768x366.jpg 768w, https:\/\/www.maicschulte.de\/wordpress\/wp-content\/uploads\/2023\/04\/The_yellow_bus-1536x732.jpg 1536w, https:\/\/www.maicschulte.de\/wordpress\/wp-content\/uploads\/2023\/04\/The_yellow_bus-840x400.jpg 840w, https:\/\/www.maicschulte.de\/wordpress\/wp-content\/uploads\/2023\/04\/The_yellow_bus-600x286.jpg 600w\" sizes=\"auto, (max-width: 1600px) 100vw, 1600px\"><\/a><\/figure>\n\n\n\n<!--more-->\n\n\n\n<p><em>En fait, nous vouli\u00adons voir beau\u00adcoup plus de choses \u00e0 Li\u00e8ge. Mais pour l\u2019in\u00adstant, cette ville semble \u00eatre un grand chan\u00adtier. Place St-Lam\u00adbert \u2014 chan\u00adtier. Quai Roo\u00adse\u00advelt \u2014 chan\u00adtier. Col\u00adl\u00e9\u00adgia\u00adle Saint-Denis \u2014 chan\u00adtier. Il vaut mieux ne pas parler des pro\u00adbl\u00e8\u00admes pour trou\u00adver une place de par\u00adking\u2026 Une catastrophe!<\/em><\/p>\n\n\n\n<p><em>Je n\u2019ai donc pu pho\u00adto\u00adgra\u00adphier qu\u2019un seul des motifs que j\u2019a\u00advais en t\u00eate \u00e0 l\u2019a\u00advan\u00adce. Une photo prise depuis la Pas\u00adse\u00adrel\u00adle de la R\u00e9gence, en direc\u00adtion de la Tour Para\u00addis (Tour des Finan\u00adces de Li\u00e8ge). En guise de petite touche de cou\u00adleur, j\u2019ai \u00e9ga\u00adle\u00adment pu pho\u00adto\u00adgra\u00adphier un bus jaune dans la m\u00eame&nbsp;photo.<\/em><\/p>\n\n\n\n<p><em>Nor\u00adma\u00adle\u00adment, je n\u2019aime pas les Color\u00adkeys, mais ici, cela me va comme un&nbsp;gant&nbsp;;-)<\/em><\/p>\n\n\n\n<div style=\"height:40px\" aria-hidden=\"true\" class=\"wp-block-spacer\"><\/div>\n\n\n\n<p><strong>Alles ver\u00adstan\u00adden? Nein? Kein Pro\u00adblem! Hier kommt die \u00dcbersetzung:<\/strong><\/p>\n\n\n\n<div style=\"height:40px\" aria-hidden=\"true\" class=\"wp-block-spacer\"><\/div>\n\n\n\n<p><em>Eigent\u00adlich woll\u00adten wir in L\u00fct\u00adtich viel mehr von der Stadt sehen. Aber im Moment scheint die Stadt eine gro\u00dfe Bau\u00adstel\u00adle zu sein. Place St-Lam\u00adbert \u2014 Bau\u00adstel\u00adle. Quai Roo\u00adse\u00advelt \u2014 Bau\u00adstel\u00adle. Stifts\u00adkir\u00adche Saint-Denis \u2014 Bau\u00adstel\u00adle. \u00dcber die Pro\u00adble\u00adme, einen Park\u00adplatz zu finden, spre\u00adchen wir besser nicht \u2026 Eine Katastrophe!<\/em><\/p>\n\n\n\n<p><em>Ich konnte also nur eines der Motive foto\u00adgra\u00adfie\u00adren, die ich im Vor\u00adfeld im Kopf hatte. Ein Foto, das von der (Fu\u00df\u00adg\u00e4n\u00adger\u00adbr\u00fc\u00adcke) Pas\u00adse\u00adrel\u00adle de la R\u00e9gence aus in Rich\u00adtung Tour Para\u00addis (Turm der Finanz\u00adver\u00adwal\u00adtung von L\u00fct\u00adtich) auf\u00adge\u00adnom\u00admen wurde. Als klei\u00adnen Farb\u00adtup\u00adfer konnte ich auf dem\u00adsel\u00adben Foto auch einen gelben Bus fotografieren.<\/em><\/p>\n\n\n\n<p><em>Nor\u00adma\u00adler\u00adwei\u00adse mag ich keine Color\u00adkeys, aber hier passte es wie die Faust aufs&nbsp;Auge.<\/em><\/p>\n\n\n\n<div style=\"height:40px\" aria-hidden=\"true\" class=\"wp-block-spacer\"><\/div>\n\n\n\n<p>Okay! Ich kann die n\u00e4chs\u00adte Frage schon f\u00f6rm\u00adlich erah\u00adnen: \u201cWarum in aller Welt werden hier Arti\u00adkel auf Fran\u00adz\u00f6\u00adsisch verfasst?\u201d<\/p>\n\n\n\n<p>Eine berech\u00adtig\u00adte Frage, die jedoch schnell beant\u00adwor\u00adtet ist: reines Inter\u00ades\u00adse an der fran\u00adz\u00f6\u00adsi\u00adschen Sprache!<\/p>\n\n\n\n<p>Als ich noch zur Schule gegan\u00adgen bin, hatte ich keine M\u00f6g\u00adlich\u00adkeit diese Spra\u00adche \u2014 und viele andere auch nicht \u2014 \u201coffi\u00adzi\u00adell\u201d zu lernen. Ein gene\u00adrel\u00adles Inter\u00ades\u00adse an Fremd\u00adspra\u00adchen hat aber letzt\u00adend\u00adlich dazu gef\u00fchrt, dass ich schon immer Comics in den unter\u00adschied\u00adlichs\u00adten Spra\u00adchen gele\u00adsen oder unsyn\u00adchro\u00adni\u00adsier\u00adte Fern\u00adseh\u00adse\u00adri\u00aden kon\u00adsu\u00admiert habe. Dar\u00adun\u00adter halt auch ganz viele von den soge\u00adnann\u00adten Frank\u00ado\u00adbel\u00adgi\u00adschen Comics, wie zum Bei\u00adspiel Gaston, Michel Vail\u00adlant, Yakari,&nbsp;\u2026<\/p>\n\n\n\n<p>Auf\u00adgrund der schie\u00adren N\u00e4he \u2014 Bel\u00adgi\u00aden &amp; Frank\u00adreich sind ja nicht wirk\u00adlich weit weg von Nord\u00adrhein-West\u00adfa\u00adlen\u2011, habe ich mich in den letz\u00adten Jahren immer mal wieder in diesen L\u00e4n\u00addern auf\u00adge\u00adhal\u00adten. Einmal vor Ort, war ich immer bem\u00fcht, mich halb\u00adwegs pas\u00adsa\u00adbel in der Lan\u00addes\u00adspra\u00adche ver\u00adst\u00e4n\u00addi\u00adgen zu k\u00f6nnen. Letz\u00adte\u00adres hat aber nicht immer wie gew\u00fcnscht funk\u00adtio\u00adniert, so dass ich nun beschlos\u00adsen habe, meine Sprach\u00adkennt\u00adnis\u00adse auf diesem Gebiet zu vertiefen.&nbsp;<\/p>\n\n\n\n<p>Dass ich gleich einen ganzen Arti\u00adkel auf Fran\u00adz\u00f6\u00adsisch ver\u00adfas\u00adse, ist eher nur ein Gag gewe\u00adsen. Den\u00adnoch hat es mir viel Freude berei\u00adtet diesen zu schrei\u00adben. Und wer wei\u00df. Viel\u00adleicht habe ich ja damit den einen oder ande\u00adren auch wieder auf den Geschmack gebracht, mal wieder seine Sprach\u00adkennt\u00adnis\u00adse etwas auf\u00adzu\u00adpo\u00adlie\u00adren. In wel\u00adcher Spra\u00adche auf&nbsp;immer&nbsp;;-)<\/p>\n","protected":false},"excerpt":{"rendered":"","protected":false},"author":1,"featured_media":14061,"comment_status":"open","ping_status":"open","sticky":false,"template":"","format":"standard","meta":{"wp_typography_post_enhancements_disabled":false,"footnotes":""},"categories":[1279,295],"tags":[1636,1646,1638,1641,1647,1422,1642,1644,1645,1640,1637,1643,1598,1639],"class_list":["post-14058","post","type-post","status-publish","format-standard","has-post-thumbnail","hentry","category-chronologisch","category-dies_das","tag-autobus","tag-belgien","tag-bus","tag-colorkey","tag-dramatic-clouds","tag-dramatische-wolken","tag-gelb","tag-liege","tag-luettich","tag-oeffentlicher-nahverkehr","tag-omnibus","tag-signalfarbe","tag-superweitwinkel","tag-transportation"],"yoast_head":"<!-- This site is optimized with the Yoast SEO plugin v27.5 - https:\/\/yoast.com\/product\/yoast-seo-wordpress\/ -->\n<title>&quot;L\u2019autobus Jaune&quot; - Maic Schulte<\/title>\n<meta name=\"description\" content=\"&quot;L\u2019autobus Jaune&quot; - Chronologisch - Maic Schulte - Fotografie - Ruhrgebiet - Industrie - Portrait - Events - Autos - Rockabilly - Kunst - Schwarzwei\u00df\" \/>\n<meta name=\"robots\" content=\"index, follow, max-snippet:-1, max-image-preview:large, max-video-preview:-1\" \/>\n<link rel=\"canonical\" href=\"https:\/\/www.maicschulte.de\/wordpress\/?p=14058\" \/>\n<meta property=\"og:locale\" content=\"de_DE\" \/>\n<meta property=\"og:type\" content=\"article\" \/>\n<meta property=\"og:title\" content=\"&quot;L\u2019autobus Jaune&quot; - Maic Schulte\" \/>\n<meta property=\"og:description\" content=\"&quot;L\u2019autobus Jaune&quot; - Chronologisch - Maic Schulte - Fotografie - Ruhrgebiet - Industrie - Portrait - Events - Autos - Rockabilly - Kunst - Schwarzwei\u00df\" \/>\n<meta property=\"og:url\" content=\"https:\/\/www.maicschulte.de\/wordpress\/?p=14058\" \/>\n<meta property=\"og:site_name\" content=\"Maic Schulte\" \/>\n<meta property=\"article:published_time\" content=\"2023-04-12T18:06:17+00:00\" \/>\n<meta property=\"article:modified_time\" content=\"2023-04-12T18:14:31+00:00\" \/>\n<meta property=\"og:image\" content=\"https:\/\/www.maicschulte.de\/wordpress\/wp-content\/uploads\/2023\/04\/The_yellow_bus.jpg\" \/>\n\t<meta property=\"og:image:width\" content=\"1600\" \/>\n\t<meta property=\"og:image:height\" content=\"762\" \/>\n\t<meta property=\"og:image:type\" content=\"image\/jpeg\" \/>\n<meta name=\"author\" content=\"Maic Schulte\" \/>\n<script type=\"application\/ld+json\" class=\"yoast-schema-graph\">{\"@context\":\"https:\\\/\\\/schema.org\",\"@graph\":[{\"@type\":\"Article\",\"@id\":\"https:\\\/\\\/www.maicschulte.de\\\/wordpress\\\/?p=14058#article\",\"isPartOf\":{\"@id\":\"https:\\\/\\\/www.maicschulte.de\\\/wordpress\\\/?p=14058\"},\"author\":{\"name\":\"Maic Schulte\",\"@id\":\"https:\\\/\\\/www.maicschulte.de\\\/wordpress\\\/#\\\/schema\\\/person\\\/809698f1c7b1655959515001723d716e\"},\"headline\":\"\u201cL\u2019autobus Jaune\u201d\",\"datePublished\":\"2023-04-12T18:06:17+00:00\",\"dateModified\":\"2023-04-12T18:14:31+00:00\",\"mainEntityOfPage\":{\"@id\":\"https:\\\/\\\/www.maicschulte.de\\\/wordpress\\\/?p=14058\"},\"wordCount\":492,\"commentCount\":0,\"publisher\":{\"@id\":\"https:\\\/\\\/www.maicschulte.de\\\/wordpress\\\/#\\\/schema\\\/person\\\/809698f1c7b1655959515001723d716e\"},\"image\":{\"@id\":\"https:\\\/\\\/www.maicschulte.de\\\/wordpress\\\/?p=14058#primaryimage\"},\"thumbnailUrl\":\"https:\\\/\\\/www.maicschulte.de\\\/wordpress\\\/wp-content\\\/uploads\\\/2023\\\/04\\\/The_yellow_bus.jpg\",\"keywords\":[\"Autobus\",\"Belgien\",\"Bus\",\"Colorkey\",\"Dramatic Clouds\",\"Dramatische Wolken\",\"Gelb\",\"Li\u00e8ge\",\"L\u00fcttich\",\"\u00d6ffentlicher Nahverkehr\",\"Omnibus\",\"Signalfarbe\",\"Superweitwinkel\",\"Transportation\"],\"articleSection\":[\"Chronologisch\",\"Dies &amp; Das\"],\"inLanguage\":\"de\",\"potentialAction\":[{\"@type\":\"CommentAction\",\"name\":\"Comment\",\"target\":[\"https:\\\/\\\/www.maicschulte.de\\\/wordpress\\\/?p=14058#respond\"]}]},{\"@type\":\"WebPage\",\"@id\":\"https:\\\/\\\/www.maicschulte.de\\\/wordpress\\\/?p=14058\",\"url\":\"https:\\\/\\\/www.maicschulte.de\\\/wordpress\\\/?p=14058\",\"name\":\"\\\"L\u2019autobus Jaune\\\" - Maic Schulte\",\"isPartOf\":{\"@id\":\"https:\\\/\\\/www.maicschulte.de\\\/wordpress\\\/#website\"},\"primaryImageOfPage\":{\"@id\":\"https:\\\/\\\/www.maicschulte.de\\\/wordpress\\\/?p=14058#primaryimage\"},\"image\":{\"@id\":\"https:\\\/\\\/www.maicschulte.de\\\/wordpress\\\/?p=14058#primaryimage\"},\"thumbnailUrl\":\"https:\\\/\\\/www.maicschulte.de\\\/wordpress\\\/wp-content\\\/uploads\\\/2023\\\/04\\\/The_yellow_bus.jpg\",\"datePublished\":\"2023-04-12T18:06:17+00:00\",\"dateModified\":\"2023-04-12T18:14:31+00:00\",\"description\":\"\\\"L\u2019autobus Jaune\\\" - Chronologisch - Maic Schulte - Fotografie - Ruhrgebiet - Industrie - Portrait - Events - Autos - Rockabilly - Kunst - Schwarzwei\u00df\",\"breadcrumb\":{\"@id\":\"https:\\\/\\\/www.maicschulte.de\\\/wordpress\\\/?p=14058#breadcrumb\"},\"inLanguage\":\"de\",\"potentialAction\":[{\"@type\":\"ReadAction\",\"target\":[\"https:\\\/\\\/www.maicschulte.de\\\/wordpress\\\/?p=14058\"]}]},{\"@type\":\"ImageObject\",\"inLanguage\":\"de\",\"@id\":\"https:\\\/\\\/www.maicschulte.de\\\/wordpress\\\/?p=14058#primaryimage\",\"url\":\"https:\\\/\\\/www.maicschulte.de\\\/wordpress\\\/wp-content\\\/uploads\\\/2023\\\/04\\\/The_yellow_bus.jpg\",\"contentUrl\":\"https:\\\/\\\/www.maicschulte.de\\\/wordpress\\\/wp-content\\\/uploads\\\/2023\\\/04\\\/The_yellow_bus.jpg\",\"width\":1600,\"height\":762},{\"@type\":\"BreadcrumbList\",\"@id\":\"https:\\\/\\\/www.maicschulte.de\\\/wordpress\\\/?p=14058#breadcrumb\",\"itemListElement\":[{\"@type\":\"ListItem\",\"position\":1,\"name\":\"Startseite\",\"item\":\"https:\\\/\\\/www.maicschulte.de\\\/wordpress\"},{\"@type\":\"ListItem\",\"position\":2,\"name\":\"&#8220;L\u2019autobus Jaune&#8221;\"}]},{\"@type\":\"WebSite\",\"@id\":\"https:\\\/\\\/www.maicschulte.de\\\/wordpress\\\/#website\",\"url\":\"https:\\\/\\\/www.maicschulte.de\\\/wordpress\\\/\",\"name\":\"Maic Schulte\",\"description\":\"Fotografie aus Leidenschaft\",\"publisher\":{\"@id\":\"https:\\\/\\\/www.maicschulte.de\\\/wordpress\\\/#\\\/schema\\\/person\\\/809698f1c7b1655959515001723d716e\"},\"potentialAction\":[{\"@type\":\"SearchAction\",\"target\":{\"@type\":\"EntryPoint\",\"urlTemplate\":\"https:\\\/\\\/www.maicschulte.de\\\/wordpress\\\/?s={search_term_string}\"},\"query-input\":{\"@type\":\"PropertyValueSpecification\",\"valueRequired\":true,\"valueName\":\"search_term_string\"}}],\"inLanguage\":\"de\"},{\"@type\":[\"Person\",\"Organization\"],\"@id\":\"https:\\\/\\\/www.maicschulte.de\\\/wordpress\\\/#\\\/schema\\\/person\\\/809698f1c7b1655959515001723d716e\",\"name\":\"Maic Schulte\",\"image\":{\"@type\":\"ImageObject\",\"inLanguage\":\"de\",\"@id\":\"https:\\\/\\\/www.maicschulte.de\\\/wordpress\\\/wp-content\\\/uploads\\\/2025\\\/05\\\/Chronus_Maic_Schulte_Logo_605px-3.png\",\"url\":\"https:\\\/\\\/www.maicschulte.de\\\/wordpress\\\/wp-content\\\/uploads\\\/2025\\\/05\\\/Chronus_Maic_Schulte_Logo_605px-3.png\",\"contentUrl\":\"https:\\\/\\\/www.maicschulte.de\\\/wordpress\\\/wp-content\\\/uploads\\\/2025\\\/05\\\/Chronus_Maic_Schulte_Logo_605px-3.png\",\"width\":605,\"height\":200,\"caption\":\"Maic Schulte\"},\"logo\":{\"@id\":\"https:\\\/\\\/www.maicschulte.de\\\/wordpress\\\/wp-content\\\/uploads\\\/2025\\\/05\\\/Chronus_Maic_Schulte_Logo_605px-3.png\"},\"description\":\"Seit dem Tag, an dem mein Vater mich mit einer Kamera, einem Objektiv und zwei Illford-Schwarzwei\u00df-Filmen auf Entdeckungs-Tour geschickt hat, begleitet mich das Thema \\\"Fotografie\\\". Basierend auf WordPress, stellt diese Webseite - jetzt und in der Zukunft - eine Heimat f\u00fcr all meine Artikel und Fotos dar, welche wiederum aus allen Themenbereichen der klassischen &amp; modernen Fotografie kommen. Sei es nun die Fotografie in Schwarz-Wei\u00df; die Erkundung ehemaliger Industriegel\u00e4nde, welche f\u00fcr mich am ehesten \u201eDas Herz des Reviers\u201c widerspiegeln; ausdrucksstarke Portraits oder farbenfrohe Naturaufnahmen. Ganz egal! Es gelingt einfach jedem fotografischen Thema, meine Neugierde darauf zu erwecken. Dar\u00fcber hinaus habe ich aber auch ein ger\u00fctteltes Ma\u00df an Benzin im Blut und mag Autos &amp; Motorr\u00e4der, ganz egal ob nun neu, alt, aufgemotzt oder vollkommen original. Du siehst, die Auswahl an Artikeln &amp; Fotos ist also genauso breit gef\u00e4chert wie meine fotografischen Interessen.\",\"sameAs\":[\"https:\\\/\\\/www.maicschulte.de\"]}]}<\/script>\n<!-- \/ Yoast SEO plugin. -->","yoast_head_json":{"title":"\"L\u2019autobus Jaune\" - Maic Schulte","description":"\"L\u2019autobus Jaune\" - Chronologisch - Maic Schulte - Fotografie - Ruhrgebiet - Industrie - Portrait - Events - Autos - Rockabilly - Kunst - Schwarzwei\u00df","robots":{"index":"index","follow":"follow","max-snippet":"max-snippet:-1","max-image-preview":"max-image-preview:large","max-video-preview":"max-video-preview:-1"},"canonical":"https:\/\/www.maicschulte.de\/wordpress\/?p=14058","og_locale":"de_DE","og_type":"article","og_title":"\"L\u2019autobus Jaune\" - Maic Schulte","og_description":"\"L\u2019autobus Jaune\" - Chronologisch - Maic Schulte - Fotografie - Ruhrgebiet - Industrie - Portrait - Events - Autos - Rockabilly - Kunst - Schwarzwei\u00df","og_url":"https:\/\/www.maicschulte.de\/wordpress\/?p=14058","og_site_name":"Maic Schulte","article_published_time":"2023-04-12T18:06:17+00:00","article_modified_time":"2023-04-12T18:14:31+00:00","og_image":[{"width":1600,"height":762,"url":"https:\/\/www.maicschulte.de\/wordpress\/wp-content\/uploads\/2023\/04\/The_yellow_bus.jpg","type":"image\/jpeg"}],"author":"Maic Schulte","schema":{"@context":"https:\/\/schema.org","@graph":[{"@type":"Article","@id":"https:\/\/www.maicschulte.de\/wordpress\/?p=14058#article","isPartOf":{"@id":"https:\/\/www.maicschulte.de\/wordpress\/?p=14058"},"author":{"name":"Maic Schulte","@id":"https:\/\/www.maicschulte.de\/wordpress\/#\/schema\/person\/809698f1c7b1655959515001723d716e"},"headline":"\u201cL\u2019autobus Jaune\u201d","datePublished":"2023-04-12T18:06:17+00:00","dateModified":"2023-04-12T18:14:31+00:00","mainEntityOfPage":{"@id":"https:\/\/www.maicschulte.de\/wordpress\/?p=14058"},"wordCount":492,"commentCount":0,"publisher":{"@id":"https:\/\/www.maicschulte.de\/wordpress\/#\/schema\/person\/809698f1c7b1655959515001723d716e"},"image":{"@id":"https:\/\/www.maicschulte.de\/wordpress\/?p=14058#primaryimage"},"thumbnailUrl":"https:\/\/www.maicschulte.de\/wordpress\/wp-content\/uploads\/2023\/04\/The_yellow_bus.jpg","keywords":["Autobus","Belgien","Bus","Colorkey","Dramatic Clouds","Dramatische Wolken","Gelb","Li\u00e8ge","L\u00fcttich","\u00d6ffentlicher Nahverkehr","Omnibus","Signalfarbe","Superweitwinkel","Transportation"],"articleSection":["Chronologisch","Dies &amp; Das"],"inLanguage":"de","potentialAction":[{"@type":"CommentAction","name":"Comment","target":["https:\/\/www.maicschulte.de\/wordpress\/?p=14058#respond"]}]},{"@type":"WebPage","@id":"https:\/\/www.maicschulte.de\/wordpress\/?p=14058","url":"https:\/\/www.maicschulte.de\/wordpress\/?p=14058","name":"\"L\u2019autobus Jaune\" - Maic Schulte","isPartOf":{"@id":"https:\/\/www.maicschulte.de\/wordpress\/#website"},"primaryImageOfPage":{"@id":"https:\/\/www.maicschulte.de\/wordpress\/?p=14058#primaryimage"},"image":{"@id":"https:\/\/www.maicschulte.de\/wordpress\/?p=14058#primaryimage"},"thumbnailUrl":"https:\/\/www.maicschulte.de\/wordpress\/wp-content\/uploads\/2023\/04\/The_yellow_bus.jpg","datePublished":"2023-04-12T18:06:17+00:00","dateModified":"2023-04-12T18:14:31+00:00","description":"\"L\u2019autobus Jaune\" - Chronologisch - Maic Schulte - Fotografie - Ruhrgebiet - Industrie - Portrait - Events - Autos - Rockabilly - Kunst - Schwarzwei\u00df","breadcrumb":{"@id":"https:\/\/www.maicschulte.de\/wordpress\/?p=14058#breadcrumb"},"inLanguage":"de","potentialAction":[{"@type":"ReadAction","target":["https:\/\/www.maicschulte.de\/wordpress\/?p=14058"]}]},{"@type":"ImageObject","inLanguage":"de","@id":"https:\/\/www.maicschulte.de\/wordpress\/?p=14058#primaryimage","url":"https:\/\/www.maicschulte.de\/wordpress\/wp-content\/uploads\/2023\/04\/The_yellow_bus.jpg","contentUrl":"https:\/\/www.maicschulte.de\/wordpress\/wp-content\/uploads\/2023\/04\/The_yellow_bus.jpg","width":1600,"height":762},{"@type":"BreadcrumbList","@id":"https:\/\/www.maicschulte.de\/wordpress\/?p=14058#breadcrumb","itemListElement":[{"@type":"ListItem","position":1,"name":"Startseite","item":"https:\/\/www.maicschulte.de\/wordpress"},{"@type":"ListItem","position":2,"name":"&#8220;L\u2019autobus Jaune&#8221;"}]},{"@type":"WebSite","@id":"https:\/\/www.maicschulte.de\/wordpress\/#website","url":"https:\/\/www.maicschulte.de\/wordpress\/","name":"Maic Schulte","description":"Fotografie aus Leidenschaft","publisher":{"@id":"https:\/\/www.maicschulte.de\/wordpress\/#\/schema\/person\/809698f1c7b1655959515001723d716e"},"potentialAction":[{"@type":"SearchAction","target":{"@type":"EntryPoint","urlTemplate":"https:\/\/www.maicschulte.de\/wordpress\/?s={search_term_string}"},"query-input":{"@type":"PropertyValueSpecification","valueRequired":true,"valueName":"search_term_string"}}],"inLanguage":"de"},{"@type":["Person","Organization"],"@id":"https:\/\/www.maicschulte.de\/wordpress\/#\/schema\/person\/809698f1c7b1655959515001723d716e","name":"Maic Schulte","image":{"@type":"ImageObject","inLanguage":"de","@id":"https:\/\/www.maicschulte.de\/wordpress\/wp-content\/uploads\/2025\/05\/Chronus_Maic_Schulte_Logo_605px-3.png","url":"https:\/\/www.maicschulte.de\/wordpress\/wp-content\/uploads\/2025\/05\/Chronus_Maic_Schulte_Logo_605px-3.png","contentUrl":"https:\/\/www.maicschulte.de\/wordpress\/wp-content\/uploads\/2025\/05\/Chronus_Maic_Schulte_Logo_605px-3.png","width":605,"height":200,"caption":"Maic Schulte"},"logo":{"@id":"https:\/\/www.maicschulte.de\/wordpress\/wp-content\/uploads\/2025\/05\/Chronus_Maic_Schulte_Logo_605px-3.png"},"description":"Seit dem Tag, an dem mein Vater mich mit einer Kamera, einem Objektiv und zwei Illford-Schwarzwei\u00df-Filmen auf Entdeckungs-Tour geschickt hat, begleitet mich das Thema \"Fotografie\". Basierend auf WordPress, stellt diese Webseite - jetzt und in der Zukunft - eine Heimat f\u00fcr all meine Artikel und Fotos dar, welche wiederum aus allen Themenbereichen der klassischen &amp; modernen Fotografie kommen. Sei es nun die Fotografie in Schwarz-Wei\u00df; die Erkundung ehemaliger Industriegel\u00e4nde, welche f\u00fcr mich am ehesten \u201eDas Herz des Reviers\u201c widerspiegeln; ausdrucksstarke Portraits oder farbenfrohe Naturaufnahmen. Ganz egal! Es gelingt einfach jedem fotografischen Thema, meine Neugierde darauf zu erwecken. Dar\u00fcber hinaus habe ich aber auch ein ger\u00fctteltes Ma\u00df an Benzin im Blut und mag Autos &amp; Motorr\u00e4der, ganz egal ob nun neu, alt, aufgemotzt oder vollkommen original. Du siehst, die Auswahl an Artikeln &amp; Fotos ist also genauso breit gef\u00e4chert wie meine fotografischen Interessen.","sameAs":["https:\/\/www.maicschulte.de"]}]}},"_links":{"self":[{"href":"https:\/\/www.maicschulte.de\/wordpress\/index.php?rest_route=\/wp\/v2\/posts\/14058","targetHints":{"allow":["GET"]}}],"collection":[{"href":"https:\/\/www.maicschulte.de\/wordpress\/index.php?rest_route=\/wp\/v2\/posts"}],"about":[{"href":"https:\/\/www.maicschulte.de\/wordpress\/index.php?rest_route=\/wp\/v2\/types\/post"}],"author":[{"embeddable":true,"href":"https:\/\/www.maicschulte.de\/wordpress\/index.php?rest_route=\/wp\/v2\/users\/1"}],"replies":[{"embeddable":true,"href":"https:\/\/www.maicschulte.de\/wordpress\/index.php?rest_route=%2Fwp%2Fv2%2Fcomments&post=14058"}],"version-history":[{"count":13,"href":"https:\/\/www.maicschulte.de\/wordpress\/index.php?rest_route=\/wp\/v2\/posts\/14058\/revisions"}],"predecessor-version":[{"id":14076,"href":"https:\/\/www.maicschulte.de\/wordpress\/index.php?rest_route=\/wp\/v2\/posts\/14058\/revisions\/14076"}],"wp:featuredmedia":[{"embeddable":true,"href":"https:\/\/www.maicschulte.de\/wordpress\/index.php?rest_route=\/wp\/v2\/media\/14061"}],"wp:attachment":[{"href":"https:\/\/www.maicschulte.de\/wordpress\/index.php?rest_route=%2Fwp%2Fv2%2Fmedia&parent=14058"}],"wp:term":[{"taxonomy":"category","embeddable":true,"href":"https:\/\/www.maicschulte.de\/wordpress\/index.php?rest_route=%2Fwp%2Fv2%2Fcategories&post=14058"},{"taxonomy":"post_tag","embeddable":true,"href":"https:\/\/www.maicschulte.de\/wordpress\/index.php?rest_route=%2Fwp%2Fv2%2Ftags&post=14058"}],"curies":[{"name":"wp","href":"https:\/\/api.w.org\/{rel}","templated":true}]}}