{"id":1409,"date":"2012-10-10T13:31:57","date_gmt":"2012-10-10T12:31:57","guid":{"rendered":"https:\/\/www.maicschulte.de\/?p=1409"},"modified":"2023-03-20T18:19:36","modified_gmt":"2023-03-20T17:19:36","slug":"melancholie-melanko%cb%88li%cb%90","status":"publish","type":"post","link":"https:\/\/www.maicschulte.de\/wordpress\/?p=1409","title":{"rendered":"Melancholie [mela\u014bko\u02c8li\u02d0]"},"content":{"rendered":"\n<p>Das Ph\u00e4\u00adno\u00admen, dass die geschaf\u00adfe\u00adnen Werke je nach der gerade vor\u00adhan\u00adde\u00adnen Stim\u00admungs\u00adla\u00adge aus\u00adfal\u00adlen, kennt bestimmt jeder k\u00fcnst\u00adle\u00adrisch t\u00e4tige Mensch,&nbsp; denn schlie\u00df\u00adlich geht es mir als Foto\u00adgraf auch immer wieder so.<\/p>\n\n\n\n<p>Wenn ich an einem son\u00adni\u00adgen Tag mit guter Laune unter\u00adwegs bin, dann ent\u00adste\u00adhen auch garan\u00adtiert Auf\u00adnah\u00admen, die dieses Gef\u00fchl und die W\u00e4rme des Tages widerspiegeln.<\/p>\n\n\n\n<p>Beginnt der Tag jedoch schon tr\u00fcbe und ist die Grund\u00adstim\u00admung eher melan\u00adcho\u00adlisch, dann ent\u00adste\u00adhen halt auch dunk\u00adle\u00adre, mor\u00adbi\u00adde\u00adre oder bedr\u00fc\u00adcken\u00adde\u00adre Bilder als an den \u201cHappy Days\u201d.<\/p>\n\n\n\n<!--more-->\n\n\n\n<p>Schon der ber\u00fchm\u00adte K\u00fcnst\u00adler Albrecht D\u00fcrer muss solche Phasen gekannt haben, denn anders kann man sich die Ent\u00adste\u00adhung von so Werken wie \u201cMelan\u00adcho\u00adlia I\u201d kaum erkl\u00e4\u00adren.&nbsp; Dieser 1514 geschaf\u00adfe\u00adne Kup\u00adfer\u00adstich \u2014 mit seiner trau\u00adri\u00adgen und nach\u00addenk\u00adli\u00adchen Engels\u00addar\u00adstel\u00adlung \u2014 ist so beein\u00addru\u00adckend, dass er sogar \u00fcber 300 Jahre sp\u00e4ter noch den K\u00fcnst\u00adler Victor Hugo zu seinem epony\u00admen Gedicht \u201cMelan\u00adcho\u00adlia\u201d inspi\u00adriert&nbsp;hat.<\/p>\n\n\n\n<p>Ich muss zuge\u00adben, dass ich bei meiner Foto-Tour weder an das Bild D\u00fcrers noch an das Gedicht von Hugo gedacht habe, aber die melan\u00adcho\u00adli\u00adsche Stim\u00admung war auf jeden Fall die gleiche.<\/p>\n\n\n\n<p>Nicht umsonst, spricht man ja im Zusam\u00admen\u00adhang mit der Melan\u00adcho\u00adlie auch von den \u201cMoll\u00adt\u00f6\u00adnen der Seele\u201d und genau so wie in der Musik, sind die fol\u00adgen\u00adden Bilder etwas wei\u00adcher, ent\u00ads\u00e4t\u00adtig\u00adter und farb\u00adlo\u00adser als viel\u00adleicht von Natur-Auf\u00adnah\u00admen her gewohnt.<\/p>\n\n\n\n<div class=\"wp-block-image\"><figure class=\"aligncenter\"><a href=\"https:\/\/www.maicschulte.de\/wordpress\/wp-content\/uploads\/2012\/10\/Struktur.jpg\" data-rel=\"lightbox-gallery-0\" data-rl_title data-rl_caption title><img loading=\"lazy\" decoding=\"async\" width=\"848\" height=\"842\" src=\"https:\/\/www.maicschulte.de\/wordpress\/wp-content\/uploads\/2012\/10\/Struktur.jpg\" alt class=\"wp-image-1412\" srcset=\"https:\/\/www.maicschulte.de\/wordpress\/wp-content\/uploads\/2012\/10\/Struktur.jpg 848w, https:\/\/www.maicschulte.de\/wordpress\/wp-content\/uploads\/2012\/10\/Struktur-150x150.jpg 150w, https:\/\/www.maicschulte.de\/wordpress\/wp-content\/uploads\/2012\/10\/Struktur-300x298.jpg 300w, https:\/\/www.maicschulte.de\/wordpress\/wp-content\/uploads\/2012\/10\/Struktur-768x763.jpg 768w, https:\/\/www.maicschulte.de\/wordpress\/wp-content\/uploads\/2012\/10\/Struktur-529x525.jpg 529w, https:\/\/www.maicschulte.de\/wordpress\/wp-content\/uploads\/2012\/10\/Struktur-378x375.jpg 378w\" sizes=\"auto, (max-width: 848px) 100vw, 848px\"><\/a><\/figure><\/div>\n\n\n\n<div class=\"wp-block-image\"><figure class=\"aligncenter\"><a href=\"https:\/\/www.maicschulte.de\/wordpress\/wp-content\/uploads\/2012\/10\/Gelb.jpg\" data-rel=\"lightbox-gallery-0\" data-rl_title data-rl_caption title><img loading=\"lazy\" decoding=\"async\" width=\"1048\" height=\"726\" src=\"https:\/\/www.maicschulte.de\/wordpress\/wp-content\/uploads\/2012\/10\/Gelb.jpg\" alt class=\"wp-image-1410\" srcset=\"https:\/\/www.maicschulte.de\/wordpress\/wp-content\/uploads\/2012\/10\/Gelb.jpg 1048w, https:\/\/www.maicschulte.de\/wordpress\/wp-content\/uploads\/2012\/10\/Gelb-300x208.jpg 300w, https:\/\/www.maicschulte.de\/wordpress\/wp-content\/uploads\/2012\/10\/Gelb-768x532.jpg 768w, https:\/\/www.maicschulte.de\/wordpress\/wp-content\/uploads\/2012\/10\/Gelb-758x525.jpg 758w, https:\/\/www.maicschulte.de\/wordpress\/wp-content\/uploads\/2012\/10\/Gelb-541x375.jpg 541w\" sizes=\"auto, (max-width: 1048px) 100vw, 1048px\"><\/a><\/figure><\/div>\n\n\n\n<div class=\"wp-block-image\"><figure class=\"aligncenter\"><a href=\"https:\/\/www.maicschulte.de\/wordpress\/wp-content\/uploads\/2012\/10\/Zentrum.jpg\" data-rel=\"lightbox-gallery-0\" data-rl_title data-rl_caption title><img loading=\"lazy\" decoding=\"async\" width=\"1048\" height=\"727\" src=\"https:\/\/www.maicschulte.de\/wordpress\/wp-content\/uploads\/2012\/10\/Zentrum.jpg\" alt class=\"wp-image-1414\" srcset=\"https:\/\/www.maicschulte.de\/wordpress\/wp-content\/uploads\/2012\/10\/Zentrum.jpg 1048w, https:\/\/www.maicschulte.de\/wordpress\/wp-content\/uploads\/2012\/10\/Zentrum-300x208.jpg 300w, https:\/\/www.maicschulte.de\/wordpress\/wp-content\/uploads\/2012\/10\/Zentrum-768x533.jpg 768w, https:\/\/www.maicschulte.de\/wordpress\/wp-content\/uploads\/2012\/10\/Zentrum-757x525.jpg 757w, https:\/\/www.maicschulte.de\/wordpress\/wp-content\/uploads\/2012\/10\/Zentrum-541x375.jpg 541w\" sizes=\"auto, (max-width: 1048px) 100vw, 1048px\"><\/a><\/figure><\/div>\n\n\n\n<div class=\"wp-block-image\"><figure class=\"aligncenter\"><a href=\"https:\/\/www.maicschulte.de\/wordpress\/wp-content\/uploads\/2012\/10\/Zart.jpg\" data-rel=\"lightbox-gallery-0\" data-rl_title data-rl_caption title><img loading=\"lazy\" decoding=\"async\" width=\"1048\" height=\"727\" src=\"https:\/\/www.maicschulte.de\/wordpress\/wp-content\/uploads\/2012\/10\/Zart.jpg\" alt class=\"wp-image-1413\" srcset=\"https:\/\/www.maicschulte.de\/wordpress\/wp-content\/uploads\/2012\/10\/Zart.jpg 1048w, https:\/\/www.maicschulte.de\/wordpress\/wp-content\/uploads\/2012\/10\/Zart-300x208.jpg 300w, https:\/\/www.maicschulte.de\/wordpress\/wp-content\/uploads\/2012\/10\/Zart-768x533.jpg 768w, https:\/\/www.maicschulte.de\/wordpress\/wp-content\/uploads\/2012\/10\/Zart-757x525.jpg 757w, https:\/\/www.maicschulte.de\/wordpress\/wp-content\/uploads\/2012\/10\/Zart-541x375.jpg 541w\" sizes=\"auto, (max-width: 1048px) 100vw, 1048px\"><\/a><\/figure><\/div>\n\n\n\n<div class=\"wp-block-image\"><figure class=\"aligncenter\"><a href=\"https:\/\/www.maicschulte.de\/wordpress\/wp-content\/uploads\/2012\/10\/Rose.jpg\" data-rel=\"lightbox-gallery-0\" data-rl_title data-rl_caption title><img loading=\"lazy\" decoding=\"async\" width=\"1048\" height=\"708\" src=\"https:\/\/www.maicschulte.de\/wordpress\/wp-content\/uploads\/2012\/10\/Rose.jpg\" alt class=\"wp-image-1411\" srcset=\"https:\/\/www.maicschulte.de\/wordpress\/wp-content\/uploads\/2012\/10\/Rose.jpg 1048w, https:\/\/www.maicschulte.de\/wordpress\/wp-content\/uploads\/2012\/10\/Rose-300x203.jpg 300w, https:\/\/www.maicschulte.de\/wordpress\/wp-content\/uploads\/2012\/10\/Rose-768x519.jpg 768w, https:\/\/www.maicschulte.de\/wordpress\/wp-content\/uploads\/2012\/10\/Rose-777x525.jpg 777w, https:\/\/www.maicschulte.de\/wordpress\/wp-content\/uploads\/2012\/10\/Rose-120x80.jpg 120w, https:\/\/www.maicschulte.de\/wordpress\/wp-content\/uploads\/2012\/10\/Rose-555x375.jpg 555w\" sizes=\"auto, (max-width: 1048px) 100vw, 1048px\"><\/a><\/figure><\/div>\n","protected":false},"excerpt":{"rendered":"<p>Das Ph\u00e4\u00adno\u00admen, dass die geschaf\u00adfe\u00adnen Werke je nach der gerade vor\u00adhan\u00adde\u00adnen Stim\u00admungs\u00adla\u00adge aus\u00adfal\u00adlen, kennt bestimmt jeder k\u00fcnst\u00adle\u00adrisch t\u00e4tige Mensch,&nbsp; denn schlie\u00df\u00adlich geht es mir als Foto\u00adgraf auch immer wieder so. Wenn ich an einem son\u00adni\u00adgen Tag mit guter Laune unter\u00adwegs bin, dann ent\u00adste\u00adhen auch garan\u00adtiert Auf\u00adnah\u00admen, die dieses Gef\u00fchl und die W\u00e4rme des Tages wider\u00adspie\u00adgeln. Beginnt der Tag jedoch schon tr\u00fcbe und ist die Grund\u00adstim\u00admung eher melan\u00adcho\u00adlisch, dann ent\u00adste\u00adhen halt auch dunk\u00adle\u00adre, mor\u00adbi\u00adde\u00adre oder bedr\u00fc\u00adcken\u00adde\u00adre Bilder als an den \u201cHappy Days\u201d.<\/p>\n","protected":false},"author":1,"featured_media":1412,"comment_status":"open","ping_status":"open","sticky":false,"template":"","format":"standard","meta":{"wp_typography_post_enhancements_disabled":false,"footnotes":""},"categories":[1279,1476],"tags":[129,250,283],"class_list":["post-1409","post","type-post","status-publish","format-standard","has-post-thumbnail","hentry","category-chronologisch","category-flora","tag-blumen","tag-bluten","tag-melancholie"],"yoast_head":"<!-- This site is optimized with the Yoast SEO plugin v27.5 - https:\/\/yoast.com\/product\/yoast-seo-wordpress\/ -->\n<title>Melancholie [mela\u014bko\u02c8li\u02d0] - Maic Schulte<\/title>\n<meta name=\"description\" content=\"Melancholie [mela\u014bko\u02c8li\u02d0] - Maic Schulte - Fotografie - Ruhrgebiet - Industrie - Portrait - Events - Autos - Rockabilly - Kunst - Schwarzwei\u00df\" \/>\n<meta name=\"robots\" content=\"index, follow, max-snippet:-1, max-image-preview:large, max-video-preview:-1\" \/>\n<link rel=\"canonical\" href=\"https:\/\/www.maicschulte.de\/wordpress\/?p=1409\" \/>\n<meta property=\"og:locale\" content=\"de_DE\" \/>\n<meta property=\"og:type\" content=\"article\" \/>\n<meta property=\"og:title\" content=\"Melancholie [mela\u014bko\u02c8li\u02d0] - Maic Schulte\" \/>\n<meta property=\"og:description\" content=\"Melancholie [mela\u014bko\u02c8li\u02d0] - Maic Schulte - Fotografie - Ruhrgebiet - Industrie - Portrait - Events - Autos - Rockabilly - Kunst - Schwarzwei\u00df\" \/>\n<meta property=\"og:url\" content=\"https:\/\/www.maicschulte.de\/wordpress\/?p=1409\" \/>\n<meta property=\"og:site_name\" content=\"Maic Schulte\" \/>\n<meta property=\"article:published_time\" content=\"2012-10-10T12:31:57+00:00\" \/>\n<meta property=\"article:modified_time\" content=\"2023-03-20T17:19:36+00:00\" \/>\n<meta property=\"og:image\" content=\"https:\/\/www.maicschulte.de\/wordpress\/wp-content\/uploads\/2012\/10\/Struktur.jpg\" \/>\n\t<meta property=\"og:image:width\" content=\"848\" \/>\n\t<meta property=\"og:image:height\" content=\"842\" \/>\n\t<meta property=\"og:image:type\" content=\"image\/jpeg\" \/>\n<meta name=\"author\" content=\"Maic Schulte\" \/>\n<script type=\"application\/ld+json\" class=\"yoast-schema-graph\">{\"@context\":\"https:\\\/\\\/schema.org\",\"@graph\":[{\"@type\":\"Article\",\"@id\":\"https:\\\/\\\/www.maicschulte.de\\\/wordpress\\\/?p=1409#article\",\"isPartOf\":{\"@id\":\"https:\\\/\\\/www.maicschulte.de\\\/wordpress\\\/?p=1409\"},\"author\":{\"name\":\"Maic Schulte\",\"@id\":\"https:\\\/\\\/www.maicschulte.de\\\/wordpress\\\/#\\\/schema\\\/person\\\/809698f1c7b1655959515001723d716e\"},\"headline\":\"Melancholie [mela\u014bko\u02c8li\u02d0]\",\"datePublished\":\"2012-10-10T12:31:57+00:00\",\"dateModified\":\"2023-03-20T17:19:36+00:00\",\"mainEntityOfPage\":{\"@id\":\"https:\\\/\\\/www.maicschulte.de\\\/wordpress\\\/?p=1409\"},\"wordCount\":231,\"commentCount\":0,\"publisher\":{\"@id\":\"https:\\\/\\\/www.maicschulte.de\\\/wordpress\\\/#\\\/schema\\\/person\\\/809698f1c7b1655959515001723d716e\"},\"image\":{\"@id\":\"https:\\\/\\\/www.maicschulte.de\\\/wordpress\\\/?p=1409#primaryimage\"},\"thumbnailUrl\":\"https:\\\/\\\/www.maicschulte.de\\\/wordpress\\\/wp-content\\\/uploads\\\/2012\\\/10\\\/Struktur.jpg\",\"keywords\":[\"Blumen\",\"Bl\u00fcten\",\"Melancholie\"],\"articleSection\":[\"Chronologisch\",\"Flora\"],\"inLanguage\":\"de\",\"potentialAction\":[{\"@type\":\"CommentAction\",\"name\":\"Comment\",\"target\":[\"https:\\\/\\\/www.maicschulte.de\\\/wordpress\\\/?p=1409#respond\"]}]},{\"@type\":\"WebPage\",\"@id\":\"https:\\\/\\\/www.maicschulte.de\\\/wordpress\\\/?p=1409\",\"url\":\"https:\\\/\\\/www.maicschulte.de\\\/wordpress\\\/?p=1409\",\"name\":\"Melancholie [mela\u014bko\u02c8li\u02d0] - Maic Schulte\",\"isPartOf\":{\"@id\":\"https:\\\/\\\/www.maicschulte.de\\\/wordpress\\\/#website\"},\"primaryImageOfPage\":{\"@id\":\"https:\\\/\\\/www.maicschulte.de\\\/wordpress\\\/?p=1409#primaryimage\"},\"image\":{\"@id\":\"https:\\\/\\\/www.maicschulte.de\\\/wordpress\\\/?p=1409#primaryimage\"},\"thumbnailUrl\":\"https:\\\/\\\/www.maicschulte.de\\\/wordpress\\\/wp-content\\\/uploads\\\/2012\\\/10\\\/Struktur.jpg\",\"datePublished\":\"2012-10-10T12:31:57+00:00\",\"dateModified\":\"2023-03-20T17:19:36+00:00\",\"description\":\"Melancholie [mela\u014bko\u02c8li\u02d0] - Maic Schulte - Fotografie - Ruhrgebiet - Industrie - Portrait - Events - Autos - Rockabilly - Kunst - Schwarzwei\u00df\",\"breadcrumb\":{\"@id\":\"https:\\\/\\\/www.maicschulte.de\\\/wordpress\\\/?p=1409#breadcrumb\"},\"inLanguage\":\"de\",\"potentialAction\":[{\"@type\":\"ReadAction\",\"target\":[\"https:\\\/\\\/www.maicschulte.de\\\/wordpress\\\/?p=1409\"]}]},{\"@type\":\"ImageObject\",\"inLanguage\":\"de\",\"@id\":\"https:\\\/\\\/www.maicschulte.de\\\/wordpress\\\/?p=1409#primaryimage\",\"url\":\"https:\\\/\\\/www.maicschulte.de\\\/wordpress\\\/wp-content\\\/uploads\\\/2012\\\/10\\\/Struktur.jpg\",\"contentUrl\":\"https:\\\/\\\/www.maicschulte.de\\\/wordpress\\\/wp-content\\\/uploads\\\/2012\\\/10\\\/Struktur.jpg\",\"width\":848,\"height\":842},{\"@type\":\"BreadcrumbList\",\"@id\":\"https:\\\/\\\/www.maicschulte.de\\\/wordpress\\\/?p=1409#breadcrumb\",\"itemListElement\":[{\"@type\":\"ListItem\",\"position\":1,\"name\":\"Startseite\",\"item\":\"https:\\\/\\\/www.maicschulte.de\\\/wordpress\"},{\"@type\":\"ListItem\",\"position\":2,\"name\":\"Melancholie [mela\u014bko\u02c8li\u02d0]\"}]},{\"@type\":\"WebSite\",\"@id\":\"https:\\\/\\\/www.maicschulte.de\\\/wordpress\\\/#website\",\"url\":\"https:\\\/\\\/www.maicschulte.de\\\/wordpress\\\/\",\"name\":\"Maic Schulte\",\"description\":\"Fotografie aus Leidenschaft\",\"publisher\":{\"@id\":\"https:\\\/\\\/www.maicschulte.de\\\/wordpress\\\/#\\\/schema\\\/person\\\/809698f1c7b1655959515001723d716e\"},\"potentialAction\":[{\"@type\":\"SearchAction\",\"target\":{\"@type\":\"EntryPoint\",\"urlTemplate\":\"https:\\\/\\\/www.maicschulte.de\\\/wordpress\\\/?s={search_term_string}\"},\"query-input\":{\"@type\":\"PropertyValueSpecification\",\"valueRequired\":true,\"valueName\":\"search_term_string\"}}],\"inLanguage\":\"de\"},{\"@type\":[\"Person\",\"Organization\"],\"@id\":\"https:\\\/\\\/www.maicschulte.de\\\/wordpress\\\/#\\\/schema\\\/person\\\/809698f1c7b1655959515001723d716e\",\"name\":\"Maic Schulte\",\"image\":{\"@type\":\"ImageObject\",\"inLanguage\":\"de\",\"@id\":\"https:\\\/\\\/www.maicschulte.de\\\/wordpress\\\/wp-content\\\/uploads\\\/2025\\\/05\\\/Chronus_Maic_Schulte_Logo_605px-3.png\",\"url\":\"https:\\\/\\\/www.maicschulte.de\\\/wordpress\\\/wp-content\\\/uploads\\\/2025\\\/05\\\/Chronus_Maic_Schulte_Logo_605px-3.png\",\"contentUrl\":\"https:\\\/\\\/www.maicschulte.de\\\/wordpress\\\/wp-content\\\/uploads\\\/2025\\\/05\\\/Chronus_Maic_Schulte_Logo_605px-3.png\",\"width\":605,\"height\":200,\"caption\":\"Maic Schulte\"},\"logo\":{\"@id\":\"https:\\\/\\\/www.maicschulte.de\\\/wordpress\\\/wp-content\\\/uploads\\\/2025\\\/05\\\/Chronus_Maic_Schulte_Logo_605px-3.png\"},\"description\":\"Seit dem Tag, an dem mein Vater mich mit einer Kamera, einem Objektiv und zwei Illford-Schwarzwei\u00df-Filmen auf Entdeckungs-Tour geschickt hat, begleitet mich das Thema \\\"Fotografie\\\". Basierend auf WordPress, stellt diese Webseite - jetzt und in der Zukunft - eine Heimat f\u00fcr all meine Artikel und Fotos dar, welche wiederum aus allen Themenbereichen der klassischen &amp; modernen Fotografie kommen. Sei es nun die Fotografie in Schwarz-Wei\u00df; die Erkundung ehemaliger Industriegel\u00e4nde, welche f\u00fcr mich am ehesten \u201eDas Herz des Reviers\u201c widerspiegeln; ausdrucksstarke Portraits oder farbenfrohe Naturaufnahmen. Ganz egal! Es gelingt einfach jedem fotografischen Thema, meine Neugierde darauf zu erwecken. Dar\u00fcber hinaus habe ich aber auch ein ger\u00fctteltes Ma\u00df an Benzin im Blut und mag Autos &amp; Motorr\u00e4der, ganz egal ob nun neu, alt, aufgemotzt oder vollkommen original. Du siehst, die Auswahl an Artikeln &amp; Fotos ist also genauso breit gef\u00e4chert wie meine fotografischen Interessen.\",\"sameAs\":[\"https:\\\/\\\/www.maicschulte.de\"]}]}<\/script>\n<!-- \/ Yoast SEO plugin. -->","yoast_head_json":{"title":"Melancholie [mela\u014bko\u02c8li\u02d0] - Maic Schulte","description":"Melancholie [mela\u014bko\u02c8li\u02d0] - Maic Schulte - Fotografie - Ruhrgebiet - Industrie - Portrait - Events - Autos - Rockabilly - Kunst - Schwarzwei\u00df","robots":{"index":"index","follow":"follow","max-snippet":"max-snippet:-1","max-image-preview":"max-image-preview:large","max-video-preview":"max-video-preview:-1"},"canonical":"https:\/\/www.maicschulte.de\/wordpress\/?p=1409","og_locale":"de_DE","og_type":"article","og_title":"Melancholie [mela\u014bko\u02c8li\u02d0] - Maic Schulte","og_description":"Melancholie [mela\u014bko\u02c8li\u02d0] - Maic Schulte - Fotografie - Ruhrgebiet - Industrie - Portrait - Events - Autos - Rockabilly - Kunst - Schwarzwei\u00df","og_url":"https:\/\/www.maicschulte.de\/wordpress\/?p=1409","og_site_name":"Maic Schulte","article_published_time":"2012-10-10T12:31:57+00:00","article_modified_time":"2023-03-20T17:19:36+00:00","og_image":[{"width":848,"height":842,"url":"https:\/\/www.maicschulte.de\/wordpress\/wp-content\/uploads\/2012\/10\/Struktur.jpg","type":"image\/jpeg"}],"author":"Maic Schulte","schema":{"@context":"https:\/\/schema.org","@graph":[{"@type":"Article","@id":"https:\/\/www.maicschulte.de\/wordpress\/?p=1409#article","isPartOf":{"@id":"https:\/\/www.maicschulte.de\/wordpress\/?p=1409"},"author":{"name":"Maic Schulte","@id":"https:\/\/www.maicschulte.de\/wordpress\/#\/schema\/person\/809698f1c7b1655959515001723d716e"},"headline":"Melancholie [mela\u014bko\u02c8li\u02d0]","datePublished":"2012-10-10T12:31:57+00:00","dateModified":"2023-03-20T17:19:36+00:00","mainEntityOfPage":{"@id":"https:\/\/www.maicschulte.de\/wordpress\/?p=1409"},"wordCount":231,"commentCount":0,"publisher":{"@id":"https:\/\/www.maicschulte.de\/wordpress\/#\/schema\/person\/809698f1c7b1655959515001723d716e"},"image":{"@id":"https:\/\/www.maicschulte.de\/wordpress\/?p=1409#primaryimage"},"thumbnailUrl":"https:\/\/www.maicschulte.de\/wordpress\/wp-content\/uploads\/2012\/10\/Struktur.jpg","keywords":["Blumen","Bl\u00fcten","Melancholie"],"articleSection":["Chronologisch","Flora"],"inLanguage":"de","potentialAction":[{"@type":"CommentAction","name":"Comment","target":["https:\/\/www.maicschulte.de\/wordpress\/?p=1409#respond"]}]},{"@type":"WebPage","@id":"https:\/\/www.maicschulte.de\/wordpress\/?p=1409","url":"https:\/\/www.maicschulte.de\/wordpress\/?p=1409","name":"Melancholie [mela\u014bko\u02c8li\u02d0] - Maic Schulte","isPartOf":{"@id":"https:\/\/www.maicschulte.de\/wordpress\/#website"},"primaryImageOfPage":{"@id":"https:\/\/www.maicschulte.de\/wordpress\/?p=1409#primaryimage"},"image":{"@id":"https:\/\/www.maicschulte.de\/wordpress\/?p=1409#primaryimage"},"thumbnailUrl":"https:\/\/www.maicschulte.de\/wordpress\/wp-content\/uploads\/2012\/10\/Struktur.jpg","datePublished":"2012-10-10T12:31:57+00:00","dateModified":"2023-03-20T17:19:36+00:00","description":"Melancholie [mela\u014bko\u02c8li\u02d0] - Maic Schulte - Fotografie - Ruhrgebiet - Industrie - Portrait - Events - Autos - Rockabilly - Kunst - Schwarzwei\u00df","breadcrumb":{"@id":"https:\/\/www.maicschulte.de\/wordpress\/?p=1409#breadcrumb"},"inLanguage":"de","potentialAction":[{"@type":"ReadAction","target":["https:\/\/www.maicschulte.de\/wordpress\/?p=1409"]}]},{"@type":"ImageObject","inLanguage":"de","@id":"https:\/\/www.maicschulte.de\/wordpress\/?p=1409#primaryimage","url":"https:\/\/www.maicschulte.de\/wordpress\/wp-content\/uploads\/2012\/10\/Struktur.jpg","contentUrl":"https:\/\/www.maicschulte.de\/wordpress\/wp-content\/uploads\/2012\/10\/Struktur.jpg","width":848,"height":842},{"@type":"BreadcrumbList","@id":"https:\/\/www.maicschulte.de\/wordpress\/?p=1409#breadcrumb","itemListElement":[{"@type":"ListItem","position":1,"name":"Startseite","item":"https:\/\/www.maicschulte.de\/wordpress"},{"@type":"ListItem","position":2,"name":"Melancholie [mela\u014bko\u02c8li\u02d0]"}]},{"@type":"WebSite","@id":"https:\/\/www.maicschulte.de\/wordpress\/#website","url":"https:\/\/www.maicschulte.de\/wordpress\/","name":"Maic Schulte","description":"Fotografie aus Leidenschaft","publisher":{"@id":"https:\/\/www.maicschulte.de\/wordpress\/#\/schema\/person\/809698f1c7b1655959515001723d716e"},"potentialAction":[{"@type":"SearchAction","target":{"@type":"EntryPoint","urlTemplate":"https:\/\/www.maicschulte.de\/wordpress\/?s={search_term_string}"},"query-input":{"@type":"PropertyValueSpecification","valueRequired":true,"valueName":"search_term_string"}}],"inLanguage":"de"},{"@type":["Person","Organization"],"@id":"https:\/\/www.maicschulte.de\/wordpress\/#\/schema\/person\/809698f1c7b1655959515001723d716e","name":"Maic Schulte","image":{"@type":"ImageObject","inLanguage":"de","@id":"https:\/\/www.maicschulte.de\/wordpress\/wp-content\/uploads\/2025\/05\/Chronus_Maic_Schulte_Logo_605px-3.png","url":"https:\/\/www.maicschulte.de\/wordpress\/wp-content\/uploads\/2025\/05\/Chronus_Maic_Schulte_Logo_605px-3.png","contentUrl":"https:\/\/www.maicschulte.de\/wordpress\/wp-content\/uploads\/2025\/05\/Chronus_Maic_Schulte_Logo_605px-3.png","width":605,"height":200,"caption":"Maic Schulte"},"logo":{"@id":"https:\/\/www.maicschulte.de\/wordpress\/wp-content\/uploads\/2025\/05\/Chronus_Maic_Schulte_Logo_605px-3.png"},"description":"Seit dem Tag, an dem mein Vater mich mit einer Kamera, einem Objektiv und zwei Illford-Schwarzwei\u00df-Filmen auf Entdeckungs-Tour geschickt hat, begleitet mich das Thema \"Fotografie\". Basierend auf WordPress, stellt diese Webseite - jetzt und in der Zukunft - eine Heimat f\u00fcr all meine Artikel und Fotos dar, welche wiederum aus allen Themenbereichen der klassischen &amp; modernen Fotografie kommen. Sei es nun die Fotografie in Schwarz-Wei\u00df; die Erkundung ehemaliger Industriegel\u00e4nde, welche f\u00fcr mich am ehesten \u201eDas Herz des Reviers\u201c widerspiegeln; ausdrucksstarke Portraits oder farbenfrohe Naturaufnahmen. Ganz egal! Es gelingt einfach jedem fotografischen Thema, meine Neugierde darauf zu erwecken. Dar\u00fcber hinaus habe ich aber auch ein ger\u00fctteltes Ma\u00df an Benzin im Blut und mag Autos &amp; Motorr\u00e4der, ganz egal ob nun neu, alt, aufgemotzt oder vollkommen original. Du siehst, die Auswahl an Artikeln &amp; Fotos ist also genauso breit gef\u00e4chert wie meine fotografischen Interessen.","sameAs":["https:\/\/www.maicschulte.de"]}]}},"_links":{"self":[{"href":"https:\/\/www.maicschulte.de\/wordpress\/index.php?rest_route=\/wp\/v2\/posts\/1409","targetHints":{"allow":["GET"]}}],"collection":[{"href":"https:\/\/www.maicschulte.de\/wordpress\/index.php?rest_route=\/wp\/v2\/posts"}],"about":[{"href":"https:\/\/www.maicschulte.de\/wordpress\/index.php?rest_route=\/wp\/v2\/types\/post"}],"author":[{"embeddable":true,"href":"https:\/\/www.maicschulte.de\/wordpress\/index.php?rest_route=\/wp\/v2\/users\/1"}],"replies":[{"embeddable":true,"href":"https:\/\/www.maicschulte.de\/wordpress\/index.php?rest_route=%2Fwp%2Fv2%2Fcomments&post=1409"}],"version-history":[{"count":4,"href":"https:\/\/www.maicschulte.de\/wordpress\/index.php?rest_route=\/wp\/v2\/posts\/1409\/revisions"}],"predecessor-version":[{"id":12107,"href":"https:\/\/www.maicschulte.de\/wordpress\/index.php?rest_route=\/wp\/v2\/posts\/1409\/revisions\/12107"}],"wp:featuredmedia":[{"embeddable":true,"href":"https:\/\/www.maicschulte.de\/wordpress\/index.php?rest_route=\/wp\/v2\/media\/1412"}],"wp:attachment":[{"href":"https:\/\/www.maicschulte.de\/wordpress\/index.php?rest_route=%2Fwp%2Fv2%2Fmedia&parent=1409"}],"wp:term":[{"taxonomy":"category","embeddable":true,"href":"https:\/\/www.maicschulte.de\/wordpress\/index.php?rest_route=%2Fwp%2Fv2%2Fcategories&post=1409"},{"taxonomy":"post_tag","embeddable":true,"href":"https:\/\/www.maicschulte.de\/wordpress\/index.php?rest_route=%2Fwp%2Fv2%2Ftags&post=1409"}],"curies":[{"name":"wp","href":"https:\/\/api.w.org\/{rel}","templated":true}]}}