{"id":1555,"date":"2012-08-29T14:00:07","date_gmt":"2012-08-29T12:00:07","guid":{"rendered":"http:\/\/www.1001cars.de\/wordpress\/?p=1555"},"modified":"2021-03-01T12:32:40","modified_gmt":"2021-03-01T11:32:40","slug":"walter-rohrl-der-grandseigneur-des-motorsports","status":"publish","type":"post","link":"https:\/\/www.maicschulte.de\/wordpress\/?p=1555","title":{"rendered":"Walter R\u00f6hrl \u2014 der Grandseigneur des Motorsports"},"content":{"rendered":"\n<div class=\"wp-block-image\"><figure class=\"aligncenter\"><a href=\"https:\/\/www.maicschulte.de\/wordpress\/wp-content\/uploads\/2012\/08\/Walter-Roehrl.jpg\" data-rel=\"lightbox-gallery-0\" data-rl_title data-rl_caption><img loading=\"lazy\" decoding=\"async\" width=\"1048\" height=\"835\" src=\"https:\/\/www.maicschulte.de\/wordpress\/wp-content\/uploads\/2012\/08\/Walter-Roehrl.jpg\" alt class=\"wp-image-1562\" title srcset=\"https:\/\/www.maicschulte.de\/wordpress\/wp-content\/uploads\/2012\/08\/Walter-Roehrl.jpg 1048w, https:\/\/www.maicschulte.de\/wordpress\/wp-content\/uploads\/2012\/08\/Walter-Roehrl-300x239.jpg 300w, https:\/\/www.maicschulte.de\/wordpress\/wp-content\/uploads\/2012\/08\/Walter-Roehrl-768x612.jpg 768w, https:\/\/www.maicschulte.de\/wordpress\/wp-content\/uploads\/2012\/08\/Walter-Roehrl-659x525.jpg 659w, https:\/\/www.maicschulte.de\/wordpress\/wp-content\/uploads\/2012\/08\/Walter-Roehrl-471x375.jpg 471w\" sizes=\"auto, (max-width: 1048px) 100vw, 1048px\"><\/a><\/figure><\/div>\n\n\n\n<p>Wel\u00adcher Motor\u00adsport\u00adbe\u00adgeis\u00adter\u00adte kennt Ihn&nbsp;nicht?<\/p>\n\n\n\n<p>Walter R\u00f6hrl \u2014 der Mann, der so Zitate wie das fol\u00adgen\u00adde gepr\u00e4gt hat: <em>\u201cBeschleu\u00adni\u00adgung ist, wenn die Tr\u00e4nen der Ergrif\u00adfen\u00adheit waag\u00adrecht zum Ohr hin abfliessen.\u201d<\/em><\/p>\n\n\n\n<p>Walter R\u00f6hrl \u2014 der Grand\u00adsei\u00adgneur des Motor\u00adsports \u2014 der von seinen Freun\u00adden und Fans lie\u00adbe\u00advoll nur \u201cDer Lange\u201d genannt wird.<\/p>\n\n\n\n<p>Letz\u00adte\u00adres ver\u00adwun\u00addert auch nicht wirk\u00adlich, denn immer\u00adhin ist er mit einer K\u00f6r\u00adper\u00adgr\u00f6\u00ad\u00dfe von 1,96 Metern nicht wirk\u00adlich als klein zu bezeichnen&nbsp;;-).<\/p>\n\n\n\n<p>Gebo\u00adren am 7. M\u00e4rz 1947 in Regens\u00adburg, konnte er schon fr\u00fch gro\u00dfe Erfol\u00adge im Motor\u00adsport f\u00fcr sich ver\u00adbu\u00adchen. Genau genom\u00admen begann seine Kar\u00adrie\u00adre 1968 mit der Teil\u00adnah\u00adme an der Bava\u00adria-Rallye auf einem Fiat 850 Coup\u00e9. Sein dama\u00adli\u00adger Bei\u00adfah\u00adrer war Her\u00adbert Marecek.<\/p>\n\n\n\n<!--more-->\n\n\n\n<p>Die Liste seiner Erfol\u00adge scheint endlos, von daher beschr\u00e4n\u00adke ich mich an dieser Stelle auf seine gr\u00f6\u00df\u00adten motor\u00adsport\u00adli\u00adchen Erfolge.<\/p>\n\n\n\n<p><strong>Rallye WM:<\/strong><br>1973 Erster WM-Start in der Rallye Monte Carlo auf Opel Com\u00admo\u00addo\u00adre<br>1975 Erster WM-Sieg in der Akro\u00adpo\u00adlis Rallye auf Opel Ascona<br>1980 Fah\u00adrer\u00adwelt\u00admeis\u00adter auf Fiat 131 Abarth<br>1982 Fah\u00adrer\u00adwelt\u00admeis\u00adter auf Opel Ascona 400<br>1983 Fahrer-Vize\u00adwelt\u00admeis\u00adter auf Lancia 037 Rallye<br>1985 Letz\u00adter WM-Sieg bei der San Remo Rallye auf Audi Quat\u00adtro&nbsp;E2<\/p>\n\n\n\n<p><strong>Rallye EM:<\/strong><br>1974 Euro\u00adpa\u00admeis\u00adter auf Opel Ascona<br>Ins\u00adge\u00adsamt konnte er bei 30 Starts 25 Siege f\u00fcr sich verbuchen.<\/p>\n\n\n\n<p><strong>Rallye DM:<\/strong><br>1968 Erste Rallye auf Fiat 850 Coupe w\u00e4h\u00adrend der Bava\u00adria Rallye (been\u00addet mit Auf\u00adga\u00adbe)<br>1987 Sieg bei der 3\u2011St\u00e4d\u00adte-Rallye auf Audi 200 Quattro<\/p>\n\n\n\n<p><strong>Sport\u00adwa\u00adgen-Mar\u00adken\u00adwelt\u00admeis\u00adter\u00adschaft:<\/strong><br>1980 Mar\u00adken\u00adwelt\u00admeis\u00adter auf Lancia Beta Turbo, Gruppe 5<\/p>\n\n\n\n<p><strong>Pikes Peak Race to the Clouds (USA):<\/strong><br>1987 Sieg auf einen Audi Quat\u00adtro Pikes&nbsp;Peak<\/p>\n\n\n\n<p>Gerade der letzte Sieg beim Pikes Peak Race, kann bis heute getrost als spek\u00adta\u00adku\u00adl\u00e4r bezeich\u00adnet werden. Immer\u00adhin stell\u00adte er damals einen neuen Rekord f\u00fcr die knapp 20 Kilo\u00adme\u00adter lange Berg\u00adstre\u00adcke auf, welche hoch hinauf zum Gipfel des Pikes Peak f\u00fchrt. Sein knapp 600 PS star\u00adker Audi ver\u00adhalf Ihm zu einer Rekord\u00adzeit von 10:47,85 Minu\u00adten. Er war damit der erste Fahrer, der die Stre\u00adcke zum Gipfel in weni\u00adger als 11 Minu\u00adten bew\u00e4l\u00adtigt&nbsp;hat!<\/p>\n\n\n\n<p>Ein Bild dieses Fahr\u00adzeu\u00adges kann ich Euch auch zeigen, da mir dieses auf der letz\u00adten Techno Clas\u00adsi\u00adca in Essen vor die Linse gekom\u00admen&nbsp;ist.<\/p>\n\n\n\n<div class=\"wp-block-image\"><figure class=\"aligncenter\"><a href=\"https:\/\/www.maicschulte.de\/wordpress\/wp-content\/uploads\/2012\/08\/pikes_peak.jpg\" data-rel=\"lightbox-gallery-0\" data-rl_title data-rl_caption><img loading=\"lazy\" decoding=\"async\" width=\"1048\" height=\"556\" src=\"https:\/\/www.maicschulte.de\/wordpress\/wp-content\/uploads\/2012\/08\/pikes_peak.jpg\" alt class=\"wp-image-1561\" title srcset=\"https:\/\/www.maicschulte.de\/wordpress\/wp-content\/uploads\/2012\/08\/pikes_peak.jpg 1048w, https:\/\/www.maicschulte.de\/wordpress\/wp-content\/uploads\/2012\/08\/pikes_peak-300x159.jpg 300w, https:\/\/www.maicschulte.de\/wordpress\/wp-content\/uploads\/2012\/08\/pikes_peak-768x407.jpg 768w, https:\/\/www.maicschulte.de\/wordpress\/wp-content\/uploads\/2012\/08\/pikes_peak-840x446.jpg 840w, https:\/\/www.maicschulte.de\/wordpress\/wp-content\/uploads\/2012\/08\/pikes_peak-600x318.jpg 600w\" sizes=\"auto, (max-width: 1048px) 100vw, 1048px\"><\/a><\/figure><\/div>\n\n\n\n<p><strong>Warum nun ist Walter R\u00f6hrl f\u00fcr mich der sym\u00adpa\u00adthischs\u00adte Motor\u00adsport\u00adler aller Zeiten?<\/strong><\/p>\n\n\n\n<p>Weil er immer freund\u00adlich, authen\u00adtisch. ehr\u00adlich und fair gewe\u00adsen ist und dies sowohl zu seinen Fans sowie auch zu seinen Geg\u00adnern im Motorsport!<\/p>\n\n\n\n<p>Zu guter Letzt aber auch ein\u00adfach daf\u00fcr, dass er immer Mensch geblie\u00adben&nbsp;ist.<\/p>\n\n\n\n<p>Zuletzt durfte ich Herrn R\u00f6hrl auf der Techno Clas\u00adsi\u00adca 2012 in Essen erle\u00adben und das Foto ganz oben in diesem Arti\u00adkel spricht B\u00e4nde. Eine total warme Aus\u00adstel\u00adlungs\u00adhal\u00adle mit Tem\u00adpe\u00adra\u00adtu\u00adren nahe der 40\u00b0 Cel\u00adsi\u00adus; tau\u00adsen\u00adde von Besu\u00adchern, die an diesem Tag den Bil\u00adstein-Mes\u00adse\u00adstand besucht haben und trotz\u00addem posiert ein Walter R\u00f6hrl l\u00e4chelnd f\u00fcr meine Kamera. Wie selbst\u00adver\u00adst\u00e4nd\u00adlich, habe ich anschlie\u00ad\u00dfend noch eine hand\u00adsi\u00adgnier\u00adte Auto\u00adgramm\u00adkar\u00adte erhal\u00adten und ein freund\u00adli\u00adcher H\u00e4n\u00adde\u00addruck zum Abschied war Ihm eben\u00adfalls nicht zu viel.&nbsp;Top!<\/p>\n\n\n\n<p>Walter, Du bist und bleibst der sym\u00adpa\u00adthischs\u00adte Motor\u00adsport\u00adler aller Zeiten. Danke!<\/p>\n\n\n\n<div class=\"wp-block-image\"><figure class=\"aligncenter\"><a href=\"https:\/\/www.maicschulte.de\/wordpress\/wp-content\/uploads\/2012\/08\/Autogramm-Roehrl.jpg\" data-rel=\"lightbox-gallery-0\" data-rl_title data-rl_caption><img loading=\"lazy\" decoding=\"async\" width=\"1000\" height=\"697\" src=\"https:\/\/www.maicschulte.de\/wordpress\/wp-content\/uploads\/2012\/08\/Autogramm-Roehrl.jpg\" alt class=\"wp-image-1560\" title srcset=\"https:\/\/www.maicschulte.de\/wordpress\/wp-content\/uploads\/2012\/08\/Autogramm-Roehrl.jpg 1000w, https:\/\/www.maicschulte.de\/wordpress\/wp-content\/uploads\/2012\/08\/Autogramm-Roehrl-300x209.jpg 300w, https:\/\/www.maicschulte.de\/wordpress\/wp-content\/uploads\/2012\/08\/Autogramm-Roehrl-768x535.jpg 768w, https:\/\/www.maicschulte.de\/wordpress\/wp-content\/uploads\/2012\/08\/Autogramm-Roehrl-753x525.jpg 753w, https:\/\/www.maicschulte.de\/wordpress\/wp-content\/uploads\/2012\/08\/Autogramm-Roehrl-538x375.jpg 538w\" sizes=\"auto, (max-width: 1000px) 100vw, 1000px\"><\/a><\/figure><\/div>\n\n\n\n<p>Wer mag, kann sich unter den fol\u00adgen\u00adden Adres\u00adsen im Web noch weiter \u00fcber die \u201cLegen\u00adde\u201d Walter R\u00f6hrl informieren:<\/p>\n\n\n\n<p>- <a href=\"http:\/\/de.wikipedia.org\/wiki\/Walter_R%C3%B6hrl\" target=\"_blank\" rel=\"noopener\">Walter R\u00f6hrl in der deut\u00adschen Wiki\u00adpe\u00addia<\/a><br>- <a href=\"http:\/\/www.motor-talk.de\/blogs\/blabe\/die-besten-zitate-von-walter-roehrl-t2697439.html\" target=\"_blank\" rel=\"noopener\">Die besten Zitate von Walter R\u00f6hrl<\/a><br>- <a href=\"http:\/\/www.roehrl-walter.de\" target=\"_blank\" rel=\"noopener\">Die offi\u00adzi\u00adel\u00adle Walter R\u00f6hrl-Homepage<\/a><\/p>\n","protected":false},"excerpt":{"rendered":"<p>Wel\u00adcher Motor\u00adsport\u00adbe\u00adgeis\u00adter\u00adte kennt Ihn&nbsp;nicht? Walter R\u00f6hrl \u2014 der Mann, der so Zitate wie das fol\u00adgen\u00adde gepr\u00e4gt hat: \u201cBeschleu\u00adni\u00adgung ist, wenn die Tr\u00e4nen der Ergrif\u00adfen\u00adheit waag\u00adrecht zum Ohr hin abflies\u00adsen.\u201d Walter R\u00f6hrl \u2014 der Grand\u00adsei\u00adgneur des Motor\u00adsports \u2014 der von seinen Freun\u00adden und Fans lie\u00adbe\u00advoll nur \u201cDer Lange\u201d genannt wird. Letz\u00adte\u00adres ver\u00adwun\u00addert auch nicht wirk\u00adlich, denn immer\u00adhin ist er mit einer K\u00f6r\u00adper\u00adgr\u00f6\u00ad\u00dfe von 1,96 Metern nicht wirk\u00adlich als klein zu bezeich\u00adnen&nbsp;;-). Gebo\u00adren am 7. M\u00e4rz 1947 in Regens\u00adburg, konnte er schon fr\u00fch gro\u00dfe Erfol\u00adge im Motor\u00adsport f\u00fcr sich ver\u00adbu\u00adchen. Genau genom\u00admen begann seine Kar\u00adrie\u00adre 1968 mit der Teil\u00adnah\u00adme an der Bava\u00adria-Rallye auf einem Fiat 850 Coup\u00e9. Sein dama\u00adli\u00adger Bei\u00adfah\u00adrer war Her\u00adbert Marecek.<\/p>\n","protected":false},"author":1,"featured_media":1562,"comment_status":"open","ping_status":"open","sticky":false,"template":"","format":"standard","meta":{"wp_typography_post_enhancements_disabled":false,"footnotes":""},"categories":[721,1279],"tags":[846,766,1213],"class_list":["post-1555","post","type-post","status-publish","format-standard","has-post-thumbnail","hentry","category-automobiles","category-chronologisch","tag-rallye","tag-techno-classica","tag-walter-rohrl"],"yoast_head":"<!-- This site is optimized with the Yoast SEO plugin v27.5 - https:\/\/yoast.com\/product\/yoast-seo-wordpress\/ -->\n<title>Walter R\u00f6hrl - der Grandseigneur des Motorsports - Maic Schulte<\/title>\n<meta name=\"description\" content=\"Walter R\u00f6hrl - der Grandseigneur des Motorsports - Automobiles - Maic Schulte - Fotografie - Ruhrgebiet - Industrie - Portrait - Events - Autos - Rockabilly - Kunst - Schwarzwei\u00df\" \/>\n<meta name=\"robots\" content=\"index, follow, max-snippet:-1, max-image-preview:large, max-video-preview:-1\" \/>\n<link rel=\"canonical\" href=\"https:\/\/www.maicschulte.de\/wordpress\/?p=1555\" \/>\n<meta property=\"og:locale\" content=\"de_DE\" \/>\n<meta property=\"og:type\" content=\"article\" \/>\n<meta property=\"og:title\" content=\"Walter R\u00f6hrl - der Grandseigneur des Motorsports - Maic Schulte\" \/>\n<meta property=\"og:description\" content=\"Walter R\u00f6hrl - der Grandseigneur des Motorsports - Automobiles - Maic Schulte - Fotografie - Ruhrgebiet - Industrie - Portrait - Events - Autos - Rockabilly - Kunst - Schwarzwei\u00df\" \/>\n<meta property=\"og:url\" content=\"https:\/\/www.maicschulte.de\/wordpress\/?p=1555\" \/>\n<meta property=\"og:site_name\" content=\"Maic Schulte\" \/>\n<meta property=\"article:published_time\" content=\"2012-08-29T12:00:07+00:00\" \/>\n<meta property=\"article:modified_time\" content=\"2021-03-01T11:32:40+00:00\" \/>\n<meta property=\"og:image\" content=\"https:\/\/www.maicschulte.de\/wordpress\/wp-content\/uploads\/2012\/08\/Walter-Roehrl.jpg\" \/>\n\t<meta property=\"og:image:width\" content=\"1048\" \/>\n\t<meta property=\"og:image:height\" content=\"835\" \/>\n\t<meta property=\"og:image:type\" content=\"image\/jpeg\" \/>\n<meta name=\"author\" content=\"Maic Schulte\" \/>\n<script type=\"application\/ld+json\" class=\"yoast-schema-graph\">{\"@context\":\"https:\\\/\\\/schema.org\",\"@graph\":[{\"@type\":\"Article\",\"@id\":\"https:\\\/\\\/www.maicschulte.de\\\/wordpress\\\/?p=1555#article\",\"isPartOf\":{\"@id\":\"https:\\\/\\\/www.maicschulte.de\\\/wordpress\\\/?p=1555\"},\"author\":{\"name\":\"Maic Schulte\",\"@id\":\"https:\\\/\\\/www.maicschulte.de\\\/wordpress\\\/#\\\/schema\\\/person\\\/809698f1c7b1655959515001723d716e\"},\"headline\":\"Walter R\u00f6hrl \u2014 der Grandseigneur des Motorsports\",\"datePublished\":\"2012-08-29T12:00:07+00:00\",\"dateModified\":\"2021-03-01T11:32:40+00:00\",\"mainEntityOfPage\":{\"@id\":\"https:\\\/\\\/www.maicschulte.de\\\/wordpress\\\/?p=1555\"},\"wordCount\":532,\"commentCount\":8,\"publisher\":{\"@id\":\"https:\\\/\\\/www.maicschulte.de\\\/wordpress\\\/#\\\/schema\\\/person\\\/809698f1c7b1655959515001723d716e\"},\"image\":{\"@id\":\"https:\\\/\\\/www.maicschulte.de\\\/wordpress\\\/?p=1555#primaryimage\"},\"thumbnailUrl\":\"https:\\\/\\\/www.maicschulte.de\\\/wordpress\\\/wp-content\\\/uploads\\\/2012\\\/08\\\/Walter-Roehrl.jpg\",\"keywords\":[\"Rallye\",\"Techno Classica\",\"Walter R\u00f6hrl\"],\"articleSection\":[\"Automobiles\",\"Chronologisch\"],\"inLanguage\":\"de\",\"potentialAction\":[{\"@type\":\"CommentAction\",\"name\":\"Comment\",\"target\":[\"https:\\\/\\\/www.maicschulte.de\\\/wordpress\\\/?p=1555#respond\"]}]},{\"@type\":\"WebPage\",\"@id\":\"https:\\\/\\\/www.maicschulte.de\\\/wordpress\\\/?p=1555\",\"url\":\"https:\\\/\\\/www.maicschulte.de\\\/wordpress\\\/?p=1555\",\"name\":\"Walter R\u00f6hrl - der Grandseigneur des Motorsports - Maic Schulte\",\"isPartOf\":{\"@id\":\"https:\\\/\\\/www.maicschulte.de\\\/wordpress\\\/#website\"},\"primaryImageOfPage\":{\"@id\":\"https:\\\/\\\/www.maicschulte.de\\\/wordpress\\\/?p=1555#primaryimage\"},\"image\":{\"@id\":\"https:\\\/\\\/www.maicschulte.de\\\/wordpress\\\/?p=1555#primaryimage\"},\"thumbnailUrl\":\"https:\\\/\\\/www.maicschulte.de\\\/wordpress\\\/wp-content\\\/uploads\\\/2012\\\/08\\\/Walter-Roehrl.jpg\",\"datePublished\":\"2012-08-29T12:00:07+00:00\",\"dateModified\":\"2021-03-01T11:32:40+00:00\",\"description\":\"Walter R\u00f6hrl - der Grandseigneur des Motorsports - Automobiles - Maic Schulte - Fotografie - Ruhrgebiet - Industrie - Portrait - Events - Autos - Rockabilly - Kunst - Schwarzwei\u00df\",\"breadcrumb\":{\"@id\":\"https:\\\/\\\/www.maicschulte.de\\\/wordpress\\\/?p=1555#breadcrumb\"},\"inLanguage\":\"de\",\"potentialAction\":[{\"@type\":\"ReadAction\",\"target\":[\"https:\\\/\\\/www.maicschulte.de\\\/wordpress\\\/?p=1555\"]}]},{\"@type\":\"ImageObject\",\"inLanguage\":\"de\",\"@id\":\"https:\\\/\\\/www.maicschulte.de\\\/wordpress\\\/?p=1555#primaryimage\",\"url\":\"https:\\\/\\\/www.maicschulte.de\\\/wordpress\\\/wp-content\\\/uploads\\\/2012\\\/08\\\/Walter-Roehrl.jpg\",\"contentUrl\":\"https:\\\/\\\/www.maicschulte.de\\\/wordpress\\\/wp-content\\\/uploads\\\/2012\\\/08\\\/Walter-Roehrl.jpg\",\"width\":1048,\"height\":835},{\"@type\":\"BreadcrumbList\",\"@id\":\"https:\\\/\\\/www.maicschulte.de\\\/wordpress\\\/?p=1555#breadcrumb\",\"itemListElement\":[{\"@type\":\"ListItem\",\"position\":1,\"name\":\"Startseite\",\"item\":\"https:\\\/\\\/www.maicschulte.de\\\/wordpress\"},{\"@type\":\"ListItem\",\"position\":2,\"name\":\"Walter R\u00f6hrl \u2014 der Grandseigneur des Motorsports\"}]},{\"@type\":\"WebSite\",\"@id\":\"https:\\\/\\\/www.maicschulte.de\\\/wordpress\\\/#website\",\"url\":\"https:\\\/\\\/www.maicschulte.de\\\/wordpress\\\/\",\"name\":\"Maic Schulte\",\"description\":\"Fotografie aus Leidenschaft\",\"publisher\":{\"@id\":\"https:\\\/\\\/www.maicschulte.de\\\/wordpress\\\/#\\\/schema\\\/person\\\/809698f1c7b1655959515001723d716e\"},\"potentialAction\":[{\"@type\":\"SearchAction\",\"target\":{\"@type\":\"EntryPoint\",\"urlTemplate\":\"https:\\\/\\\/www.maicschulte.de\\\/wordpress\\\/?s={search_term_string}\"},\"query-input\":{\"@type\":\"PropertyValueSpecification\",\"valueRequired\":true,\"valueName\":\"search_term_string\"}}],\"inLanguage\":\"de\"},{\"@type\":[\"Person\",\"Organization\"],\"@id\":\"https:\\\/\\\/www.maicschulte.de\\\/wordpress\\\/#\\\/schema\\\/person\\\/809698f1c7b1655959515001723d716e\",\"name\":\"Maic Schulte\",\"image\":{\"@type\":\"ImageObject\",\"inLanguage\":\"de\",\"@id\":\"https:\\\/\\\/www.maicschulte.de\\\/wordpress\\\/wp-content\\\/uploads\\\/2025\\\/05\\\/Chronus_Maic_Schulte_Logo_605px-3.png\",\"url\":\"https:\\\/\\\/www.maicschulte.de\\\/wordpress\\\/wp-content\\\/uploads\\\/2025\\\/05\\\/Chronus_Maic_Schulte_Logo_605px-3.png\",\"contentUrl\":\"https:\\\/\\\/www.maicschulte.de\\\/wordpress\\\/wp-content\\\/uploads\\\/2025\\\/05\\\/Chronus_Maic_Schulte_Logo_605px-3.png\",\"width\":605,\"height\":200,\"caption\":\"Maic Schulte\"},\"logo\":{\"@id\":\"https:\\\/\\\/www.maicschulte.de\\\/wordpress\\\/wp-content\\\/uploads\\\/2025\\\/05\\\/Chronus_Maic_Schulte_Logo_605px-3.png\"},\"description\":\"Seit dem Tag, an dem mein Vater mich mit einer Kamera, einem Objektiv und zwei Illford-Schwarzwei\u00df-Filmen auf Entdeckungs-Tour geschickt hat, begleitet mich das Thema \\\"Fotografie\\\". Basierend auf WordPress, stellt diese Webseite - jetzt und in der Zukunft - eine Heimat f\u00fcr all meine Artikel und Fotos dar, welche wiederum aus allen Themenbereichen der klassischen &amp; modernen Fotografie kommen. Sei es nun die Fotografie in Schwarz-Wei\u00df; die Erkundung ehemaliger Industriegel\u00e4nde, welche f\u00fcr mich am ehesten \u201eDas Herz des Reviers\u201c widerspiegeln; ausdrucksstarke Portraits oder farbenfrohe Naturaufnahmen. Ganz egal! Es gelingt einfach jedem fotografischen Thema, meine Neugierde darauf zu erwecken. Dar\u00fcber hinaus habe ich aber auch ein ger\u00fctteltes Ma\u00df an Benzin im Blut und mag Autos &amp; Motorr\u00e4der, ganz egal ob nun neu, alt, aufgemotzt oder vollkommen original. Du siehst, die Auswahl an Artikeln &amp; Fotos ist also genauso breit gef\u00e4chert wie meine fotografischen Interessen.\",\"sameAs\":[\"https:\\\/\\\/www.maicschulte.de\"]}]}<\/script>\n<!-- \/ Yoast SEO plugin. -->","yoast_head_json":{"title":"Walter R\u00f6hrl - der Grandseigneur des Motorsports - Maic Schulte","description":"Walter R\u00f6hrl - der Grandseigneur des Motorsports - Automobiles - Maic Schulte - Fotografie - Ruhrgebiet - Industrie - Portrait - Events - Autos - Rockabilly - Kunst - Schwarzwei\u00df","robots":{"index":"index","follow":"follow","max-snippet":"max-snippet:-1","max-image-preview":"max-image-preview:large","max-video-preview":"max-video-preview:-1"},"canonical":"https:\/\/www.maicschulte.de\/wordpress\/?p=1555","og_locale":"de_DE","og_type":"article","og_title":"Walter R\u00f6hrl - der Grandseigneur des Motorsports - Maic Schulte","og_description":"Walter R\u00f6hrl - der Grandseigneur des Motorsports - Automobiles - Maic Schulte - Fotografie - Ruhrgebiet - Industrie - Portrait - Events - Autos - Rockabilly - Kunst - Schwarzwei\u00df","og_url":"https:\/\/www.maicschulte.de\/wordpress\/?p=1555","og_site_name":"Maic Schulte","article_published_time":"2012-08-29T12:00:07+00:00","article_modified_time":"2021-03-01T11:32:40+00:00","og_image":[{"width":1048,"height":835,"url":"https:\/\/www.maicschulte.de\/wordpress\/wp-content\/uploads\/2012\/08\/Walter-Roehrl.jpg","type":"image\/jpeg"}],"author":"Maic Schulte","schema":{"@context":"https:\/\/schema.org","@graph":[{"@type":"Article","@id":"https:\/\/www.maicschulte.de\/wordpress\/?p=1555#article","isPartOf":{"@id":"https:\/\/www.maicschulte.de\/wordpress\/?p=1555"},"author":{"name":"Maic Schulte","@id":"https:\/\/www.maicschulte.de\/wordpress\/#\/schema\/person\/809698f1c7b1655959515001723d716e"},"headline":"Walter R\u00f6hrl \u2014 der Grandseigneur des Motorsports","datePublished":"2012-08-29T12:00:07+00:00","dateModified":"2021-03-01T11:32:40+00:00","mainEntityOfPage":{"@id":"https:\/\/www.maicschulte.de\/wordpress\/?p=1555"},"wordCount":532,"commentCount":8,"publisher":{"@id":"https:\/\/www.maicschulte.de\/wordpress\/#\/schema\/person\/809698f1c7b1655959515001723d716e"},"image":{"@id":"https:\/\/www.maicschulte.de\/wordpress\/?p=1555#primaryimage"},"thumbnailUrl":"https:\/\/www.maicschulte.de\/wordpress\/wp-content\/uploads\/2012\/08\/Walter-Roehrl.jpg","keywords":["Rallye","Techno Classica","Walter R\u00f6hrl"],"articleSection":["Automobiles","Chronologisch"],"inLanguage":"de","potentialAction":[{"@type":"CommentAction","name":"Comment","target":["https:\/\/www.maicschulte.de\/wordpress\/?p=1555#respond"]}]},{"@type":"WebPage","@id":"https:\/\/www.maicschulte.de\/wordpress\/?p=1555","url":"https:\/\/www.maicschulte.de\/wordpress\/?p=1555","name":"Walter R\u00f6hrl - der Grandseigneur des Motorsports - Maic Schulte","isPartOf":{"@id":"https:\/\/www.maicschulte.de\/wordpress\/#website"},"primaryImageOfPage":{"@id":"https:\/\/www.maicschulte.de\/wordpress\/?p=1555#primaryimage"},"image":{"@id":"https:\/\/www.maicschulte.de\/wordpress\/?p=1555#primaryimage"},"thumbnailUrl":"https:\/\/www.maicschulte.de\/wordpress\/wp-content\/uploads\/2012\/08\/Walter-Roehrl.jpg","datePublished":"2012-08-29T12:00:07+00:00","dateModified":"2021-03-01T11:32:40+00:00","description":"Walter R\u00f6hrl - der Grandseigneur des Motorsports - Automobiles - Maic Schulte - Fotografie - Ruhrgebiet - Industrie - Portrait - Events - Autos - Rockabilly - Kunst - Schwarzwei\u00df","breadcrumb":{"@id":"https:\/\/www.maicschulte.de\/wordpress\/?p=1555#breadcrumb"},"inLanguage":"de","potentialAction":[{"@type":"ReadAction","target":["https:\/\/www.maicschulte.de\/wordpress\/?p=1555"]}]},{"@type":"ImageObject","inLanguage":"de","@id":"https:\/\/www.maicschulte.de\/wordpress\/?p=1555#primaryimage","url":"https:\/\/www.maicschulte.de\/wordpress\/wp-content\/uploads\/2012\/08\/Walter-Roehrl.jpg","contentUrl":"https:\/\/www.maicschulte.de\/wordpress\/wp-content\/uploads\/2012\/08\/Walter-Roehrl.jpg","width":1048,"height":835},{"@type":"BreadcrumbList","@id":"https:\/\/www.maicschulte.de\/wordpress\/?p=1555#breadcrumb","itemListElement":[{"@type":"ListItem","position":1,"name":"Startseite","item":"https:\/\/www.maicschulte.de\/wordpress"},{"@type":"ListItem","position":2,"name":"Walter R\u00f6hrl \u2014 der Grandseigneur des Motorsports"}]},{"@type":"WebSite","@id":"https:\/\/www.maicschulte.de\/wordpress\/#website","url":"https:\/\/www.maicschulte.de\/wordpress\/","name":"Maic Schulte","description":"Fotografie aus Leidenschaft","publisher":{"@id":"https:\/\/www.maicschulte.de\/wordpress\/#\/schema\/person\/809698f1c7b1655959515001723d716e"},"potentialAction":[{"@type":"SearchAction","target":{"@type":"EntryPoint","urlTemplate":"https:\/\/www.maicschulte.de\/wordpress\/?s={search_term_string}"},"query-input":{"@type":"PropertyValueSpecification","valueRequired":true,"valueName":"search_term_string"}}],"inLanguage":"de"},{"@type":["Person","Organization"],"@id":"https:\/\/www.maicschulte.de\/wordpress\/#\/schema\/person\/809698f1c7b1655959515001723d716e","name":"Maic Schulte","image":{"@type":"ImageObject","inLanguage":"de","@id":"https:\/\/www.maicschulte.de\/wordpress\/wp-content\/uploads\/2025\/05\/Chronus_Maic_Schulte_Logo_605px-3.png","url":"https:\/\/www.maicschulte.de\/wordpress\/wp-content\/uploads\/2025\/05\/Chronus_Maic_Schulte_Logo_605px-3.png","contentUrl":"https:\/\/www.maicschulte.de\/wordpress\/wp-content\/uploads\/2025\/05\/Chronus_Maic_Schulte_Logo_605px-3.png","width":605,"height":200,"caption":"Maic Schulte"},"logo":{"@id":"https:\/\/www.maicschulte.de\/wordpress\/wp-content\/uploads\/2025\/05\/Chronus_Maic_Schulte_Logo_605px-3.png"},"description":"Seit dem Tag, an dem mein Vater mich mit einer Kamera, einem Objektiv und zwei Illford-Schwarzwei\u00df-Filmen auf Entdeckungs-Tour geschickt hat, begleitet mich das Thema \"Fotografie\". Basierend auf WordPress, stellt diese Webseite - jetzt und in der Zukunft - eine Heimat f\u00fcr all meine Artikel und Fotos dar, welche wiederum aus allen Themenbereichen der klassischen &amp; modernen Fotografie kommen. Sei es nun die Fotografie in Schwarz-Wei\u00df; die Erkundung ehemaliger Industriegel\u00e4nde, welche f\u00fcr mich am ehesten \u201eDas Herz des Reviers\u201c widerspiegeln; ausdrucksstarke Portraits oder farbenfrohe Naturaufnahmen. Ganz egal! Es gelingt einfach jedem fotografischen Thema, meine Neugierde darauf zu erwecken. Dar\u00fcber hinaus habe ich aber auch ein ger\u00fctteltes Ma\u00df an Benzin im Blut und mag Autos &amp; Motorr\u00e4der, ganz egal ob nun neu, alt, aufgemotzt oder vollkommen original. Du siehst, die Auswahl an Artikeln &amp; Fotos ist also genauso breit gef\u00e4chert wie meine fotografischen Interessen.","sameAs":["https:\/\/www.maicschulte.de"]}]}},"_links":{"self":[{"href":"https:\/\/www.maicschulte.de\/wordpress\/index.php?rest_route=\/wp\/v2\/posts\/1555","targetHints":{"allow":["GET"]}}],"collection":[{"href":"https:\/\/www.maicschulte.de\/wordpress\/index.php?rest_route=\/wp\/v2\/posts"}],"about":[{"href":"https:\/\/www.maicschulte.de\/wordpress\/index.php?rest_route=\/wp\/v2\/types\/post"}],"author":[{"embeddable":true,"href":"https:\/\/www.maicschulte.de\/wordpress\/index.php?rest_route=\/wp\/v2\/users\/1"}],"replies":[{"embeddable":true,"href":"https:\/\/www.maicschulte.de\/wordpress\/index.php?rest_route=%2Fwp%2Fv2%2Fcomments&post=1555"}],"version-history":[{"count":2,"href":"https:\/\/www.maicschulte.de\/wordpress\/index.php?rest_route=\/wp\/v2\/posts\/1555\/revisions"}],"predecessor-version":[{"id":12403,"href":"https:\/\/www.maicschulte.de\/wordpress\/index.php?rest_route=\/wp\/v2\/posts\/1555\/revisions\/12403"}],"wp:featuredmedia":[{"embeddable":true,"href":"https:\/\/www.maicschulte.de\/wordpress\/index.php?rest_route=\/wp\/v2\/media\/1562"}],"wp:attachment":[{"href":"https:\/\/www.maicschulte.de\/wordpress\/index.php?rest_route=%2Fwp%2Fv2%2Fmedia&parent=1555"}],"wp:term":[{"taxonomy":"category","embeddable":true,"href":"https:\/\/www.maicschulte.de\/wordpress\/index.php?rest_route=%2Fwp%2Fv2%2Fcategories&post=1555"},{"taxonomy":"post_tag","embeddable":true,"href":"https:\/\/www.maicschulte.de\/wordpress\/index.php?rest_route=%2Fwp%2Fv2%2Ftags&post=1555"}],"curies":[{"name":"wp","href":"https:\/\/api.w.org\/{rel}","templated":true}]}}