{"id":16000,"date":"2025-05-20T17:02:51","date_gmt":"2025-05-20T16:02:51","guid":{"rendered":"https:\/\/www.maicschulte.de\/wordpress\/?p=16000"},"modified":"2025-06-03T10:53:04","modified_gmt":"2025-06-03T09:53:04","slug":"saab-96","status":"publish","type":"post","link":"https:\/\/www.maicschulte.de\/wordpress\/?p=16000","title":{"rendered":"\u201eSaab 96\u201c"},"content":{"rendered":"\n<figure class=\"wp-block-image size-full\"><a href=\"https:\/\/www.maicschulte.de\/wordpress\/wp-content\/uploads\/2025\/05\/Saab-96.jpg\" data-rel=\"lightbox-gallery-0\" data-rl_title data-rl_caption title><img loading=\"lazy\" decoding=\"async\" width=\"1600\" height=\"951\" src=\"https:\/\/www.maicschulte.de\/wordpress\/wp-content\/uploads\/2025\/05\/Saab-96.jpg\" alt class=\"wp-image-16001\" srcset=\"https:\/\/www.maicschulte.de\/wordpress\/wp-content\/uploads\/2025\/05\/Saab-96.jpg 1600w, https:\/\/www.maicschulte.de\/wordpress\/wp-content\/uploads\/2025\/05\/Saab-96-300x178.jpg 300w, https:\/\/www.maicschulte.de\/wordpress\/wp-content\/uploads\/2025\/05\/Saab-96-768x456.jpg 768w, https:\/\/www.maicschulte.de\/wordpress\/wp-content\/uploads\/2025\/05\/Saab-96-1536x913.jpg 1536w, https:\/\/www.maicschulte.de\/wordpress\/wp-content\/uploads\/2025\/05\/Saab-96-840x499.jpg 840w, https:\/\/www.maicschulte.de\/wordpress\/wp-content\/uploads\/2025\/05\/Saab-96-600x357.jpg 600w\" sizes=\"auto, (max-width: 1600px) 100vw, 1600px\"><\/a><\/figure>\n\n\n\n<p class=\"has-drop-cap\">Der Saab 96 war ein kom\u00adpak\u00adtes Auto\u00admo\u00addell des schwe\u00addi\u00adschen Her\u00adstel\u00adlers Saab, das zwi\u00adschen 1960 und 1980 pro\u00addu\u00adziert wurde. Die Ver\u00adsio\u00adnen von 1965 bis 1969 zeich\u00adne\u00adten sich durch eine \u00dcber\u00adgangs\u00adpha\u00adse in der tech\u00adni\u00adschen Ent\u00adwick\u00adlung aus. Anfangs war der Saab 96 noch mit einem 3\u2011Zy\u00adlin\u00adder-Zwei\u00adtakt\u00admo\u00adtor aus\u00adge\u00adstat\u00adtet, doch ab 1967 wurde zuneh\u00admend der leis\u00adtungs\u00adst\u00e4r\u00adke\u00adre V4-Vier\u00adtakt\u00admo\u00adtor von Ford (1,5 Liter) ein\u00adge\u00adbaut, was dem Fahr\u00adzeug mehr Durch\u00adzugs\u00adkraft und All\u00adtags\u00adtaug\u00adlich\u00adkeit verlieh.<\/p>\n\n\n\n<!--more-->\n\n\n\n<p>Typisch f\u00fcr den Saab 96 war seine aero\u00addy\u00adna\u00admisch geform\u00adte Karos\u00adse\u00adrie mit der abge\u00adrun\u00adde\u00adten Heck\u00adpar\u00adtie, seine robus\u00adte Bau\u00adwei\u00adse sowie die gute Trak\u00adti\u00adon dank Front\u00adan\u00adtrieb \u2013 ideal f\u00fcr die skan\u00addi\u00adna\u00advi\u00adschen Stra\u00ad\u00dfen\u00adver\u00adh\u00e4lt\u00adnis\u00adse. Der Wagen erlang\u00adte auch sport\u00adli\u00adche Bekannt\u00adheit durch Erfol\u00adge im Ral\u00adlye\u00adsport, unter ande\u00adrem durch Fahrer wie Erik Carlsson.<\/p>\n\n\n\n<p>Der Saab 96 jener Jahre war ein zuver\u00adl\u00e4s\u00adsi\u00adger und eigen\u00adst\u00e4n\u00addi\u00adger Wagen, der die tech\u00adni\u00adsche Ent\u00adwick\u00adlung der Marke ent\u00adschei\u00addend pr\u00e4gte. Umso trau\u00adri\u00adger, dass es diesen Auto\u00admo\u00adbil\u00adher\u00adstel\u00adler heute nicht mehr&nbsp;gibt.&nbsp;<\/p>\n","protected":false},"excerpt":{"rendered":"<p>Der Saab 96 war ein kom\u00adpak\u00adtes Auto\u00admo\u00addell des schwe\u00addi\u00adschen Her\u00adstel\u00adlers Saab, das zwi\u00adschen 1960 und 1980 pro\u00addu\u00adziert wurde. Die Ver\u00adsio\u00adnen von 1965 bis 1969 zeich\u00adne\u00adten sich durch eine \u00dcber\u00adgangs\u00adpha\u00adse in der tech\u00adni\u00adschen Ent\u00adwick\u00adlung aus. Anfangs war der Saab 96 noch mit einem 3\u2011Zy\u00ad\u00adlin\u00ad\u00adder-Zwei\u00ad\u00adtak\u00adt\u00ad\u00admo\u00ad\u00adtor aus\u00adge\u00adstat\u00adtet, doch ab 1967 wurde zuneh\u00admend der leis\u00adtungs\u00adst\u00e4r\u00adke\u00adre V4-Vier\u00ad\u00adtak\u00adt\u00ad\u00admo\u00ad\u00adtor von Ford (1,5 Liter) ein\u00adge\u00adbaut, was dem Fahr\u00adzeug mehr Durch\u00adzugs\u00adkraft und All\u00adtags\u00adtaug\u00adlich\u00adkeit verlieh.<\/p>\n","protected":false},"author":1,"featured_media":16001,"comment_status":"open","ping_status":"open","sticky":false,"template":"","format":"standard","meta":{"wp_typography_post_enhancements_disabled":false,"footnotes":""},"categories":[721,1279],"tags":[2012,59,58,2006,2007,1971,2009,2008],"class_list":["post-16000","post","type-post","status-publish","format-standard","has-post-thumbnail","hentry","category-automobiles","category-chronologisch","tag-design-ikone","tag-klassiker","tag-oldtimer","tag-saab","tag-saab-automobile","tag-schweden","tag-seiner-zeit-weit-voraus","tag-stromlinienfoermig"],"yoast_head":"<!-- This site is optimized with the Yoast SEO plugin v27.5 - https:\/\/yoast.com\/product\/yoast-seo-wordpress\/ -->\n<title>\u201eSaab 96\u201c - Maic Schulte<\/title>\n<meta name=\"description\" content=\"\u201eSaab 96\u201c - Automobiles - Maic Schulte - Fotografie - Ruhrgebiet - Industrie - Portrait - Events - Autos - Rockabilly - Kunst - Schwarzwei\u00df\" \/>\n<meta name=\"robots\" content=\"index, follow, max-snippet:-1, max-image-preview:large, max-video-preview:-1\" \/>\n<link rel=\"canonical\" href=\"https:\/\/www.maicschulte.de\/wordpress\/?p=16000\" \/>\n<meta property=\"og:locale\" content=\"de_DE\" \/>\n<meta property=\"og:type\" content=\"article\" \/>\n<meta property=\"og:title\" content=\"\u201eSaab 96\u201c - Maic Schulte\" \/>\n<meta property=\"og:description\" content=\"\u201eSaab 96\u201c - Automobiles - Maic Schulte - Fotografie - Ruhrgebiet - Industrie - Portrait - Events - Autos - Rockabilly - Kunst - Schwarzwei\u00df\" \/>\n<meta property=\"og:url\" content=\"https:\/\/www.maicschulte.de\/wordpress\/?p=16000\" \/>\n<meta property=\"og:site_name\" content=\"Maic Schulte\" \/>\n<meta property=\"article:published_time\" content=\"2025-05-20T16:02:51+00:00\" \/>\n<meta property=\"article:modified_time\" content=\"2025-06-03T09:53:04+00:00\" \/>\n<meta property=\"og:image\" content=\"https:\/\/www.maicschulte.de\/wordpress\/wp-content\/uploads\/2025\/05\/Saab-96.jpg\" \/>\n\t<meta property=\"og:image:width\" content=\"1600\" \/>\n\t<meta property=\"og:image:height\" content=\"951\" \/>\n\t<meta property=\"og:image:type\" content=\"image\/jpeg\" \/>\n<meta name=\"author\" content=\"Maic Schulte\" \/>\n<script type=\"application\/ld+json\" class=\"yoast-schema-graph\">{\"@context\":\"https:\\\/\\\/schema.org\",\"@graph\":[{\"@type\":\"Article\",\"@id\":\"https:\\\/\\\/www.maicschulte.de\\\/wordpress\\\/?p=16000#article\",\"isPartOf\":{\"@id\":\"https:\\\/\\\/www.maicschulte.de\\\/wordpress\\\/?p=16000\"},\"author\":{\"name\":\"Maic Schulte\",\"@id\":\"https:\\\/\\\/www.maicschulte.de\\\/wordpress\\\/#\\\/schema\\\/person\\\/809698f1c7b1655959515001723d716e\"},\"headline\":\"\u201eSaab 96\u201c\",\"datePublished\":\"2025-05-20T16:02:51+00:00\",\"dateModified\":\"2025-06-03T09:53:04+00:00\",\"mainEntityOfPage\":{\"@id\":\"https:\\\/\\\/www.maicschulte.de\\\/wordpress\\\/?p=16000\"},\"wordCount\":139,\"commentCount\":1,\"publisher\":{\"@id\":\"https:\\\/\\\/www.maicschulte.de\\\/wordpress\\\/#\\\/schema\\\/person\\\/809698f1c7b1655959515001723d716e\"},\"image\":{\"@id\":\"https:\\\/\\\/www.maicschulte.de\\\/wordpress\\\/?p=16000#primaryimage\"},\"thumbnailUrl\":\"https:\\\/\\\/www.maicschulte.de\\\/wordpress\\\/wp-content\\\/uploads\\\/2025\\\/05\\\/Saab-96.jpg\",\"keywords\":[\"Design-Ikone\",\"Klassiker\",\"Oldtimer\",\"Saab\",\"Saab Automobile\",\"Schweden\",\"Seiner Zeit weit voraus\",\"Stromlinienf\u00f6rmig\"],\"articleSection\":[\"Automobiles\",\"Chronologisch\"],\"inLanguage\":\"de\",\"potentialAction\":[{\"@type\":\"CommentAction\",\"name\":\"Comment\",\"target\":[\"https:\\\/\\\/www.maicschulte.de\\\/wordpress\\\/?p=16000#respond\"]}]},{\"@type\":\"WebPage\",\"@id\":\"https:\\\/\\\/www.maicschulte.de\\\/wordpress\\\/?p=16000\",\"url\":\"https:\\\/\\\/www.maicschulte.de\\\/wordpress\\\/?p=16000\",\"name\":\"\u201eSaab 96\u201c - Maic Schulte\",\"isPartOf\":{\"@id\":\"https:\\\/\\\/www.maicschulte.de\\\/wordpress\\\/#website\"},\"primaryImageOfPage\":{\"@id\":\"https:\\\/\\\/www.maicschulte.de\\\/wordpress\\\/?p=16000#primaryimage\"},\"image\":{\"@id\":\"https:\\\/\\\/www.maicschulte.de\\\/wordpress\\\/?p=16000#primaryimage\"},\"thumbnailUrl\":\"https:\\\/\\\/www.maicschulte.de\\\/wordpress\\\/wp-content\\\/uploads\\\/2025\\\/05\\\/Saab-96.jpg\",\"datePublished\":\"2025-05-20T16:02:51+00:00\",\"dateModified\":\"2025-06-03T09:53:04+00:00\",\"description\":\"\u201eSaab 96\u201c - Automobiles - Maic Schulte - Fotografie - Ruhrgebiet - Industrie - Portrait - Events - Autos - Rockabilly - Kunst - Schwarzwei\u00df\",\"breadcrumb\":{\"@id\":\"https:\\\/\\\/www.maicschulte.de\\\/wordpress\\\/?p=16000#breadcrumb\"},\"inLanguage\":\"de\",\"potentialAction\":[{\"@type\":\"ReadAction\",\"target\":[\"https:\\\/\\\/www.maicschulte.de\\\/wordpress\\\/?p=16000\"]}]},{\"@type\":\"ImageObject\",\"inLanguage\":\"de\",\"@id\":\"https:\\\/\\\/www.maicschulte.de\\\/wordpress\\\/?p=16000#primaryimage\",\"url\":\"https:\\\/\\\/www.maicschulte.de\\\/wordpress\\\/wp-content\\\/uploads\\\/2025\\\/05\\\/Saab-96.jpg\",\"contentUrl\":\"https:\\\/\\\/www.maicschulte.de\\\/wordpress\\\/wp-content\\\/uploads\\\/2025\\\/05\\\/Saab-96.jpg\",\"width\":1600,\"height\":951},{\"@type\":\"BreadcrumbList\",\"@id\":\"https:\\\/\\\/www.maicschulte.de\\\/wordpress\\\/?p=16000#breadcrumb\",\"itemListElement\":[{\"@type\":\"ListItem\",\"position\":1,\"name\":\"Startseite\",\"item\":\"https:\\\/\\\/www.maicschulte.de\\\/wordpress\"},{\"@type\":\"ListItem\",\"position\":2,\"name\":\"\u201eSaab 96\u201c\"}]},{\"@type\":\"WebSite\",\"@id\":\"https:\\\/\\\/www.maicschulte.de\\\/wordpress\\\/#website\",\"url\":\"https:\\\/\\\/www.maicschulte.de\\\/wordpress\\\/\",\"name\":\"Maic Schulte\",\"description\":\"Fotografie aus Leidenschaft\",\"publisher\":{\"@id\":\"https:\\\/\\\/www.maicschulte.de\\\/wordpress\\\/#\\\/schema\\\/person\\\/809698f1c7b1655959515001723d716e\"},\"potentialAction\":[{\"@type\":\"SearchAction\",\"target\":{\"@type\":\"EntryPoint\",\"urlTemplate\":\"https:\\\/\\\/www.maicschulte.de\\\/wordpress\\\/?s={search_term_string}\"},\"query-input\":{\"@type\":\"PropertyValueSpecification\",\"valueRequired\":true,\"valueName\":\"search_term_string\"}}],\"inLanguage\":\"de\"},{\"@type\":[\"Person\",\"Organization\"],\"@id\":\"https:\\\/\\\/www.maicschulte.de\\\/wordpress\\\/#\\\/schema\\\/person\\\/809698f1c7b1655959515001723d716e\",\"name\":\"Maic Schulte\",\"image\":{\"@type\":\"ImageObject\",\"inLanguage\":\"de\",\"@id\":\"https:\\\/\\\/www.maicschulte.de\\\/wordpress\\\/wp-content\\\/uploads\\\/2025\\\/05\\\/Chronus_Maic_Schulte_Logo_605px-3.png\",\"url\":\"https:\\\/\\\/www.maicschulte.de\\\/wordpress\\\/wp-content\\\/uploads\\\/2025\\\/05\\\/Chronus_Maic_Schulte_Logo_605px-3.png\",\"contentUrl\":\"https:\\\/\\\/www.maicschulte.de\\\/wordpress\\\/wp-content\\\/uploads\\\/2025\\\/05\\\/Chronus_Maic_Schulte_Logo_605px-3.png\",\"width\":605,\"height\":200,\"caption\":\"Maic Schulte\"},\"logo\":{\"@id\":\"https:\\\/\\\/www.maicschulte.de\\\/wordpress\\\/wp-content\\\/uploads\\\/2025\\\/05\\\/Chronus_Maic_Schulte_Logo_605px-3.png\"},\"description\":\"Seit dem Tag, an dem mein Vater mich mit einer Kamera, einem Objektiv und zwei Illford-Schwarzwei\u00df-Filmen auf Entdeckungs-Tour geschickt hat, begleitet mich das Thema \\\"Fotografie\\\". Basierend auf WordPress, stellt diese Webseite - jetzt und in der Zukunft - eine Heimat f\u00fcr all meine Artikel und Fotos dar, welche wiederum aus allen Themenbereichen der klassischen &amp; modernen Fotografie kommen. Sei es nun die Fotografie in Schwarz-Wei\u00df; die Erkundung ehemaliger Industriegel\u00e4nde, welche f\u00fcr mich am ehesten \u201eDas Herz des Reviers\u201c widerspiegeln; ausdrucksstarke Portraits oder farbenfrohe Naturaufnahmen. Ganz egal! Es gelingt einfach jedem fotografischen Thema, meine Neugierde darauf zu erwecken. Dar\u00fcber hinaus habe ich aber auch ein ger\u00fctteltes Ma\u00df an Benzin im Blut und mag Autos &amp; Motorr\u00e4der, ganz egal ob nun neu, alt, aufgemotzt oder vollkommen original. Du siehst, die Auswahl an Artikeln &amp; Fotos ist also genauso breit gef\u00e4chert wie meine fotografischen Interessen.\",\"sameAs\":[\"https:\\\/\\\/www.maicschulte.de\"]}]}<\/script>\n<!-- \/ Yoast SEO plugin. -->","yoast_head_json":{"title":"\u201eSaab 96\u201c - Maic Schulte","description":"\u201eSaab 96\u201c - Automobiles - Maic Schulte - Fotografie - Ruhrgebiet - Industrie - Portrait - Events - Autos - Rockabilly - Kunst - Schwarzwei\u00df","robots":{"index":"index","follow":"follow","max-snippet":"max-snippet:-1","max-image-preview":"max-image-preview:large","max-video-preview":"max-video-preview:-1"},"canonical":"https:\/\/www.maicschulte.de\/wordpress\/?p=16000","og_locale":"de_DE","og_type":"article","og_title":"\u201eSaab 96\u201c - Maic Schulte","og_description":"\u201eSaab 96\u201c - Automobiles - Maic Schulte - Fotografie - Ruhrgebiet - Industrie - Portrait - Events - Autos - Rockabilly - Kunst - Schwarzwei\u00df","og_url":"https:\/\/www.maicschulte.de\/wordpress\/?p=16000","og_site_name":"Maic Schulte","article_published_time":"2025-05-20T16:02:51+00:00","article_modified_time":"2025-06-03T09:53:04+00:00","og_image":[{"width":1600,"height":951,"url":"https:\/\/www.maicschulte.de\/wordpress\/wp-content\/uploads\/2025\/05\/Saab-96.jpg","type":"image\/jpeg"}],"author":"Maic Schulte","schema":{"@context":"https:\/\/schema.org","@graph":[{"@type":"Article","@id":"https:\/\/www.maicschulte.de\/wordpress\/?p=16000#article","isPartOf":{"@id":"https:\/\/www.maicschulte.de\/wordpress\/?p=16000"},"author":{"name":"Maic Schulte","@id":"https:\/\/www.maicschulte.de\/wordpress\/#\/schema\/person\/809698f1c7b1655959515001723d716e"},"headline":"\u201eSaab 96\u201c","datePublished":"2025-05-20T16:02:51+00:00","dateModified":"2025-06-03T09:53:04+00:00","mainEntityOfPage":{"@id":"https:\/\/www.maicschulte.de\/wordpress\/?p=16000"},"wordCount":139,"commentCount":1,"publisher":{"@id":"https:\/\/www.maicschulte.de\/wordpress\/#\/schema\/person\/809698f1c7b1655959515001723d716e"},"image":{"@id":"https:\/\/www.maicschulte.de\/wordpress\/?p=16000#primaryimage"},"thumbnailUrl":"https:\/\/www.maicschulte.de\/wordpress\/wp-content\/uploads\/2025\/05\/Saab-96.jpg","keywords":["Design-Ikone","Klassiker","Oldtimer","Saab","Saab Automobile","Schweden","Seiner Zeit weit voraus","Stromlinienf\u00f6rmig"],"articleSection":["Automobiles","Chronologisch"],"inLanguage":"de","potentialAction":[{"@type":"CommentAction","name":"Comment","target":["https:\/\/www.maicschulte.de\/wordpress\/?p=16000#respond"]}]},{"@type":"WebPage","@id":"https:\/\/www.maicschulte.de\/wordpress\/?p=16000","url":"https:\/\/www.maicschulte.de\/wordpress\/?p=16000","name":"\u201eSaab 96\u201c - Maic Schulte","isPartOf":{"@id":"https:\/\/www.maicschulte.de\/wordpress\/#website"},"primaryImageOfPage":{"@id":"https:\/\/www.maicschulte.de\/wordpress\/?p=16000#primaryimage"},"image":{"@id":"https:\/\/www.maicschulte.de\/wordpress\/?p=16000#primaryimage"},"thumbnailUrl":"https:\/\/www.maicschulte.de\/wordpress\/wp-content\/uploads\/2025\/05\/Saab-96.jpg","datePublished":"2025-05-20T16:02:51+00:00","dateModified":"2025-06-03T09:53:04+00:00","description":"\u201eSaab 96\u201c - Automobiles - Maic Schulte - Fotografie - Ruhrgebiet - Industrie - Portrait - Events - Autos - Rockabilly - Kunst - Schwarzwei\u00df","breadcrumb":{"@id":"https:\/\/www.maicschulte.de\/wordpress\/?p=16000#breadcrumb"},"inLanguage":"de","potentialAction":[{"@type":"ReadAction","target":["https:\/\/www.maicschulte.de\/wordpress\/?p=16000"]}]},{"@type":"ImageObject","inLanguage":"de","@id":"https:\/\/www.maicschulte.de\/wordpress\/?p=16000#primaryimage","url":"https:\/\/www.maicschulte.de\/wordpress\/wp-content\/uploads\/2025\/05\/Saab-96.jpg","contentUrl":"https:\/\/www.maicschulte.de\/wordpress\/wp-content\/uploads\/2025\/05\/Saab-96.jpg","width":1600,"height":951},{"@type":"BreadcrumbList","@id":"https:\/\/www.maicschulte.de\/wordpress\/?p=16000#breadcrumb","itemListElement":[{"@type":"ListItem","position":1,"name":"Startseite","item":"https:\/\/www.maicschulte.de\/wordpress"},{"@type":"ListItem","position":2,"name":"\u201eSaab 96\u201c"}]},{"@type":"WebSite","@id":"https:\/\/www.maicschulte.de\/wordpress\/#website","url":"https:\/\/www.maicschulte.de\/wordpress\/","name":"Maic Schulte","description":"Fotografie aus Leidenschaft","publisher":{"@id":"https:\/\/www.maicschulte.de\/wordpress\/#\/schema\/person\/809698f1c7b1655959515001723d716e"},"potentialAction":[{"@type":"SearchAction","target":{"@type":"EntryPoint","urlTemplate":"https:\/\/www.maicschulte.de\/wordpress\/?s={search_term_string}"},"query-input":{"@type":"PropertyValueSpecification","valueRequired":true,"valueName":"search_term_string"}}],"inLanguage":"de"},{"@type":["Person","Organization"],"@id":"https:\/\/www.maicschulte.de\/wordpress\/#\/schema\/person\/809698f1c7b1655959515001723d716e","name":"Maic Schulte","image":{"@type":"ImageObject","inLanguage":"de","@id":"https:\/\/www.maicschulte.de\/wordpress\/wp-content\/uploads\/2025\/05\/Chronus_Maic_Schulte_Logo_605px-3.png","url":"https:\/\/www.maicschulte.de\/wordpress\/wp-content\/uploads\/2025\/05\/Chronus_Maic_Schulte_Logo_605px-3.png","contentUrl":"https:\/\/www.maicschulte.de\/wordpress\/wp-content\/uploads\/2025\/05\/Chronus_Maic_Schulte_Logo_605px-3.png","width":605,"height":200,"caption":"Maic Schulte"},"logo":{"@id":"https:\/\/www.maicschulte.de\/wordpress\/wp-content\/uploads\/2025\/05\/Chronus_Maic_Schulte_Logo_605px-3.png"},"description":"Seit dem Tag, an dem mein Vater mich mit einer Kamera, einem Objektiv und zwei Illford-Schwarzwei\u00df-Filmen auf Entdeckungs-Tour geschickt hat, begleitet mich das Thema \"Fotografie\". Basierend auf WordPress, stellt diese Webseite - jetzt und in der Zukunft - eine Heimat f\u00fcr all meine Artikel und Fotos dar, welche wiederum aus allen Themenbereichen der klassischen &amp; modernen Fotografie kommen. Sei es nun die Fotografie in Schwarz-Wei\u00df; die Erkundung ehemaliger Industriegel\u00e4nde, welche f\u00fcr mich am ehesten \u201eDas Herz des Reviers\u201c widerspiegeln; ausdrucksstarke Portraits oder farbenfrohe Naturaufnahmen. Ganz egal! Es gelingt einfach jedem fotografischen Thema, meine Neugierde darauf zu erwecken. Dar\u00fcber hinaus habe ich aber auch ein ger\u00fctteltes Ma\u00df an Benzin im Blut und mag Autos &amp; Motorr\u00e4der, ganz egal ob nun neu, alt, aufgemotzt oder vollkommen original. Du siehst, die Auswahl an Artikeln &amp; Fotos ist also genauso breit gef\u00e4chert wie meine fotografischen Interessen.","sameAs":["https:\/\/www.maicschulte.de"]}]}},"_links":{"self":[{"href":"https:\/\/www.maicschulte.de\/wordpress\/index.php?rest_route=\/wp\/v2\/posts\/16000","targetHints":{"allow":["GET"]}}],"collection":[{"href":"https:\/\/www.maicschulte.de\/wordpress\/index.php?rest_route=\/wp\/v2\/posts"}],"about":[{"href":"https:\/\/www.maicschulte.de\/wordpress\/index.php?rest_route=\/wp\/v2\/types\/post"}],"author":[{"embeddable":true,"href":"https:\/\/www.maicschulte.de\/wordpress\/index.php?rest_route=\/wp\/v2\/users\/1"}],"replies":[{"embeddable":true,"href":"https:\/\/www.maicschulte.de\/wordpress\/index.php?rest_route=%2Fwp%2Fv2%2Fcomments&post=16000"}],"version-history":[{"count":4,"href":"https:\/\/www.maicschulte.de\/wordpress\/index.php?rest_route=\/wp\/v2\/posts\/16000\/revisions"}],"predecessor-version":[{"id":16220,"href":"https:\/\/www.maicschulte.de\/wordpress\/index.php?rest_route=\/wp\/v2\/posts\/16000\/revisions\/16220"}],"wp:featuredmedia":[{"embeddable":true,"href":"https:\/\/www.maicschulte.de\/wordpress\/index.php?rest_route=\/wp\/v2\/media\/16001"}],"wp:attachment":[{"href":"https:\/\/www.maicschulte.de\/wordpress\/index.php?rest_route=%2Fwp%2Fv2%2Fmedia&parent=16000"}],"wp:term":[{"taxonomy":"category","embeddable":true,"href":"https:\/\/www.maicschulte.de\/wordpress\/index.php?rest_route=%2Fwp%2Fv2%2Fcategories&post=16000"},{"taxonomy":"post_tag","embeddable":true,"href":"https:\/\/www.maicschulte.de\/wordpress\/index.php?rest_route=%2Fwp%2Fv2%2Ftags&post=16000"}],"curies":[{"name":"wp","href":"https:\/\/api.w.org\/{rel}","templated":true}]}}