{"id":1609,"date":"2012-11-21T15:35:15","date_gmt":"2012-11-21T14:35:15","guid":{"rendered":"https:\/\/www.maicschulte.de\/?p=1609"},"modified":"2021-01-17T21:52:35","modified_gmt":"2021-01-17T20:52:35","slug":"herbst-impressionen","status":"publish","type":"post","link":"https:\/\/www.maicschulte.de\/wordpress\/?p=1609","title":{"rendered":"Herbst-Impressionen"},"content":{"rendered":"\n<p>Gerade in den letz\u00adten Tagen, scheint es das Wetter ja ganz beson\u00adders gut mit uns zu meinen, und der bevor\u00adste\u00adhen\u00adde Winter ist allem Anschein nach noch in weiter Ferne.<\/p>\n\n\n\n<p>Ich per\u00ads\u00f6n\u00adlich habe aber abso\u00adlut nichts dage\u00adgen, bietet sich doch so noch manche Gele\u00adgen\u00adheit f\u00fcr einen Foto-Ausflug.<\/p>\n\n\n\n<p>Die B\u00e4ume haben noch nicht alle Bl\u00e4t\u00adter abge\u00adwor\u00adfen und strah\u00adlen von daher in den sch\u00f6ns\u00adten Farbt\u00f6nen.<\/p>\n\n\n\n<p>Wenn dann noch ein wenig tief ste\u00adhen\u00adde Herbst\u00adson\u00adne dazu\u00adkommt, ent\u00adste\u00adhen quasi wie von ganz allei\u00adne stim\u00admungs\u00advol\u00adle Aufnahmen.<\/p>\n\n\n\n<!--more-->\n\n\n\n<div class=\"wp-block-image\"><figure class=\"aligncenter\"><a href=\"https:\/\/www.maicschulte.de\/wordpress\/wp-content\/uploads\/2012\/11\/Stairway.jpg\" data-rel=\"lightbox-gallery-0\" data-rl_title data-rl_caption title><img loading=\"lazy\" decoding=\"async\" width=\"624\" height=\"860\" src=\"https:\/\/www.maicschulte.de\/wordpress\/wp-content\/uploads\/2012\/11\/Stairway.jpg\" alt class=\"wp-image-1613\" srcset=\"https:\/\/www.maicschulte.de\/wordpress\/wp-content\/uploads\/2012\/11\/Stairway.jpg 624w, https:\/\/www.maicschulte.de\/wordpress\/wp-content\/uploads\/2012\/11\/Stairway-218x300.jpg 218w, https:\/\/www.maicschulte.de\/wordpress\/wp-content\/uploads\/2012\/11\/Stairway-381x525.jpg 381w, https:\/\/www.maicschulte.de\/wordpress\/wp-content\/uploads\/2012\/11\/Stairway-272x375.jpg 272w\" sizes=\"auto, (max-width: 624px) 100vw, 624px\"><\/a><\/figure><\/div>\n\n\n\n<div class=\"wp-block-image\"><figure class=\"aligncenter\"><a href=\"https:\/\/www.maicschulte.de\/wordpress\/wp-content\/uploads\/2012\/11\/Glow.jpg\" data-rel=\"lightbox-gallery-0\" data-rl_title data-rl_caption title><img loading=\"lazy\" decoding=\"async\" width=\"1248\" height=\"809\" src=\"https:\/\/www.maicschulte.de\/wordpress\/wp-content\/uploads\/2012\/11\/Glow.jpg\" alt class=\"wp-image-1612\" srcset=\"https:\/\/www.maicschulte.de\/wordpress\/wp-content\/uploads\/2012\/11\/Glow.jpg 1248w, https:\/\/www.maicschulte.de\/wordpress\/wp-content\/uploads\/2012\/11\/Glow-300x194.jpg 300w, https:\/\/www.maicschulte.de\/wordpress\/wp-content\/uploads\/2012\/11\/Glow-768x498.jpg 768w, https:\/\/www.maicschulte.de\/wordpress\/wp-content\/uploads\/2012\/11\/Glow-810x525.jpg 810w, https:\/\/www.maicschulte.de\/wordpress\/wp-content\/uploads\/2012\/11\/Glow-578x375.jpg 578w\" sizes=\"auto, (max-width: 1248px) 100vw, 1248px\"><\/a><\/figure><\/div>\n\n\n\n<div class=\"wp-block-image\"><figure class=\"aligncenter\"><a href=\"https:\/\/www.maicschulte.de\/wordpress\/wp-content\/uploads\/2012\/11\/Colorful.jpg\" data-rel=\"lightbox-gallery-0\" data-rl_title data-rl_caption title><img loading=\"lazy\" decoding=\"async\" width=\"1048\" height=\"727\" src=\"https:\/\/www.maicschulte.de\/wordpress\/wp-content\/uploads\/2012\/11\/Colorful.jpg\" alt class=\"wp-image-1611\" srcset=\"https:\/\/www.maicschulte.de\/wordpress\/wp-content\/uploads\/2012\/11\/Colorful.jpg 1048w, https:\/\/www.maicschulte.de\/wordpress\/wp-content\/uploads\/2012\/11\/Colorful-300x208.jpg 300w, https:\/\/www.maicschulte.de\/wordpress\/wp-content\/uploads\/2012\/11\/Colorful-768x533.jpg 768w, https:\/\/www.maicschulte.de\/wordpress\/wp-content\/uploads\/2012\/11\/Colorful-757x525.jpg 757w, https:\/\/www.maicschulte.de\/wordpress\/wp-content\/uploads\/2012\/11\/Colorful-541x375.jpg 541w\" sizes=\"auto, (max-width: 1048px) 100vw, 1048px\"><\/a><\/figure><\/div>\n\n\n\n<p>P.S: Ein Klick auf die Bilder, \u00f6ffnet diese in ihrer Original-Gr\u00f6\u00dfe&nbsp;;-)<\/p>\n","protected":false},"excerpt":{"rendered":"<p>Gerade in den letz\u00adten Tagen, scheint es das Wetter ja ganz beson\u00adders gut mit uns zu meinen, und der bevor\u00adste\u00adhen\u00adde Winter ist allem Anschein nach noch in weiter Ferne. Ich per\u00ads\u00f6n\u00adlich habe aber abso\u00adlut nichts dage\u00adgen, bietet sich doch so noch manche Gele\u00adgen\u00adheit f\u00fcr einen Foto-Aus\u00adflug. Die B\u00e4ume haben noch nicht alle Bl\u00e4t\u00adter abge\u00adwor\u00adfen und strah\u00adlen von daher in den sch\u00f6ns\u00adten Farb\u00adt\u00f6\u00adnen. Wenn dann noch ein wenig tief ste\u00adhen\u00adde Herbst\u00adson\u00adne dazu\u00adkommt, ent\u00adste\u00adhen quasi wie von ganz allei\u00adne stim\u00admungs\u00advol\u00adle Aufnahmen.<\/p>\n","protected":false},"author":1,"featured_media":1613,"comment_status":"open","ping_status":"open","sticky":false,"template":"","format":"standard","meta":{"wp_typography_post_enhancements_disabled":false,"footnotes":""},"categories":[1279,295],"tags":[296,282,298,297],"class_list":["post-1609","post","type-post","status-publish","format-standard","has-post-thumbnail","hentry","category-chronologisch","category-dies_das","tag-blatter","tag-herbst","tag-nordstern-park","tag-treppe"],"yoast_head":"<!-- This site is optimized with the Yoast SEO plugin v27.5 - https:\/\/yoast.com\/product\/yoast-seo-wordpress\/ -->\n<title>Herbst-Impressionen - Maic Schulte<\/title>\n<meta name=\"description\" content=\"Herbst-Impressionen - Chronologisch - Maic Schulte - Fotografie - Ruhrgebiet - Industrie - Portrait - Events - Autos - Rockabilly - Kunst - Schwarzwei\u00df\" \/>\n<meta name=\"robots\" content=\"index, follow, max-snippet:-1, max-image-preview:large, max-video-preview:-1\" \/>\n<link rel=\"canonical\" href=\"https:\/\/www.maicschulte.de\/wordpress\/?p=1609\" \/>\n<meta property=\"og:locale\" content=\"de_DE\" \/>\n<meta property=\"og:type\" content=\"article\" \/>\n<meta property=\"og:title\" content=\"Herbst-Impressionen - Maic Schulte\" \/>\n<meta property=\"og:description\" content=\"Herbst-Impressionen - Chronologisch - Maic Schulte - Fotografie - Ruhrgebiet - Industrie - Portrait - Events - Autos - Rockabilly - Kunst - Schwarzwei\u00df\" \/>\n<meta property=\"og:url\" content=\"https:\/\/www.maicschulte.de\/wordpress\/?p=1609\" \/>\n<meta property=\"og:site_name\" content=\"Maic Schulte\" \/>\n<meta property=\"article:published_time\" content=\"2012-11-21T14:35:15+00:00\" \/>\n<meta property=\"article:modified_time\" content=\"2021-01-17T20:52:35+00:00\" \/>\n<meta property=\"og:image\" content=\"https:\/\/www.maicschulte.de\/wordpress\/wp-content\/uploads\/2012\/11\/Stairway.jpg\" \/>\n\t<meta property=\"og:image:width\" content=\"624\" \/>\n\t<meta property=\"og:image:height\" content=\"860\" \/>\n\t<meta property=\"og:image:type\" content=\"image\/jpeg\" \/>\n<meta name=\"author\" content=\"Maic Schulte\" \/>\n<script type=\"application\/ld+json\" class=\"yoast-schema-graph\">{\"@context\":\"https:\\\/\\\/schema.org\",\"@graph\":[{\"@type\":\"Article\",\"@id\":\"https:\\\/\\\/www.maicschulte.de\\\/wordpress\\\/?p=1609#article\",\"isPartOf\":{\"@id\":\"https:\\\/\\\/www.maicschulte.de\\\/wordpress\\\/?p=1609\"},\"author\":{\"name\":\"Maic Schulte\",\"@id\":\"https:\\\/\\\/www.maicschulte.de\\\/wordpress\\\/#\\\/schema\\\/person\\\/809698f1c7b1655959515001723d716e\"},\"headline\":\"Herbst-Impressionen\",\"datePublished\":\"2012-11-21T14:35:15+00:00\",\"dateModified\":\"2021-01-17T20:52:35+00:00\",\"mainEntityOfPage\":{\"@id\":\"https:\\\/\\\/www.maicschulte.de\\\/wordpress\\\/?p=1609\"},\"wordCount\":100,\"commentCount\":0,\"publisher\":{\"@id\":\"https:\\\/\\\/www.maicschulte.de\\\/wordpress\\\/#\\\/schema\\\/person\\\/809698f1c7b1655959515001723d716e\"},\"image\":{\"@id\":\"https:\\\/\\\/www.maicschulte.de\\\/wordpress\\\/?p=1609#primaryimage\"},\"thumbnailUrl\":\"https:\\\/\\\/www.maicschulte.de\\\/wordpress\\\/wp-content\\\/uploads\\\/2012\\\/11\\\/Stairway.jpg\",\"keywords\":[\"Bl\u00e4tter\",\"Herbst\",\"Nordstern-Park\",\"Treppe\"],\"articleSection\":[\"Chronologisch\",\"Dies &amp; Das\"],\"inLanguage\":\"de\",\"potentialAction\":[{\"@type\":\"CommentAction\",\"name\":\"Comment\",\"target\":[\"https:\\\/\\\/www.maicschulte.de\\\/wordpress\\\/?p=1609#respond\"]}]},{\"@type\":\"WebPage\",\"@id\":\"https:\\\/\\\/www.maicschulte.de\\\/wordpress\\\/?p=1609\",\"url\":\"https:\\\/\\\/www.maicschulte.de\\\/wordpress\\\/?p=1609\",\"name\":\"Herbst-Impressionen - Maic Schulte\",\"isPartOf\":{\"@id\":\"https:\\\/\\\/www.maicschulte.de\\\/wordpress\\\/#website\"},\"primaryImageOfPage\":{\"@id\":\"https:\\\/\\\/www.maicschulte.de\\\/wordpress\\\/?p=1609#primaryimage\"},\"image\":{\"@id\":\"https:\\\/\\\/www.maicschulte.de\\\/wordpress\\\/?p=1609#primaryimage\"},\"thumbnailUrl\":\"https:\\\/\\\/www.maicschulte.de\\\/wordpress\\\/wp-content\\\/uploads\\\/2012\\\/11\\\/Stairway.jpg\",\"datePublished\":\"2012-11-21T14:35:15+00:00\",\"dateModified\":\"2021-01-17T20:52:35+00:00\",\"description\":\"Herbst-Impressionen - Chronologisch - Maic Schulte - Fotografie - Ruhrgebiet - Industrie - Portrait - Events - Autos - Rockabilly - Kunst - Schwarzwei\u00df\",\"breadcrumb\":{\"@id\":\"https:\\\/\\\/www.maicschulte.de\\\/wordpress\\\/?p=1609#breadcrumb\"},\"inLanguage\":\"de\",\"potentialAction\":[{\"@type\":\"ReadAction\",\"target\":[\"https:\\\/\\\/www.maicschulte.de\\\/wordpress\\\/?p=1609\"]}]},{\"@type\":\"ImageObject\",\"inLanguage\":\"de\",\"@id\":\"https:\\\/\\\/www.maicschulte.de\\\/wordpress\\\/?p=1609#primaryimage\",\"url\":\"https:\\\/\\\/www.maicschulte.de\\\/wordpress\\\/wp-content\\\/uploads\\\/2012\\\/11\\\/Stairway.jpg\",\"contentUrl\":\"https:\\\/\\\/www.maicschulte.de\\\/wordpress\\\/wp-content\\\/uploads\\\/2012\\\/11\\\/Stairway.jpg\",\"width\":624,\"height\":860},{\"@type\":\"BreadcrumbList\",\"@id\":\"https:\\\/\\\/www.maicschulte.de\\\/wordpress\\\/?p=1609#breadcrumb\",\"itemListElement\":[{\"@type\":\"ListItem\",\"position\":1,\"name\":\"Startseite\",\"item\":\"https:\\\/\\\/www.maicschulte.de\\\/wordpress\"},{\"@type\":\"ListItem\",\"position\":2,\"name\":\"Herbst-Impressionen\"}]},{\"@type\":\"WebSite\",\"@id\":\"https:\\\/\\\/www.maicschulte.de\\\/wordpress\\\/#website\",\"url\":\"https:\\\/\\\/www.maicschulte.de\\\/wordpress\\\/\",\"name\":\"Maic Schulte\",\"description\":\"Fotografie aus Leidenschaft\",\"publisher\":{\"@id\":\"https:\\\/\\\/www.maicschulte.de\\\/wordpress\\\/#\\\/schema\\\/person\\\/809698f1c7b1655959515001723d716e\"},\"potentialAction\":[{\"@type\":\"SearchAction\",\"target\":{\"@type\":\"EntryPoint\",\"urlTemplate\":\"https:\\\/\\\/www.maicschulte.de\\\/wordpress\\\/?s={search_term_string}\"},\"query-input\":{\"@type\":\"PropertyValueSpecification\",\"valueRequired\":true,\"valueName\":\"search_term_string\"}}],\"inLanguage\":\"de\"},{\"@type\":[\"Person\",\"Organization\"],\"@id\":\"https:\\\/\\\/www.maicschulte.de\\\/wordpress\\\/#\\\/schema\\\/person\\\/809698f1c7b1655959515001723d716e\",\"name\":\"Maic Schulte\",\"image\":{\"@type\":\"ImageObject\",\"inLanguage\":\"de\",\"@id\":\"https:\\\/\\\/www.maicschulte.de\\\/wordpress\\\/wp-content\\\/uploads\\\/2025\\\/05\\\/Chronus_Maic_Schulte_Logo_605px-3.png\",\"url\":\"https:\\\/\\\/www.maicschulte.de\\\/wordpress\\\/wp-content\\\/uploads\\\/2025\\\/05\\\/Chronus_Maic_Schulte_Logo_605px-3.png\",\"contentUrl\":\"https:\\\/\\\/www.maicschulte.de\\\/wordpress\\\/wp-content\\\/uploads\\\/2025\\\/05\\\/Chronus_Maic_Schulte_Logo_605px-3.png\",\"width\":605,\"height\":200,\"caption\":\"Maic Schulte\"},\"logo\":{\"@id\":\"https:\\\/\\\/www.maicschulte.de\\\/wordpress\\\/wp-content\\\/uploads\\\/2025\\\/05\\\/Chronus_Maic_Schulte_Logo_605px-3.png\"},\"description\":\"Seit dem Tag, an dem mein Vater mich mit einer Kamera, einem Objektiv und zwei Illford-Schwarzwei\u00df-Filmen auf Entdeckungs-Tour geschickt hat, begleitet mich das Thema \\\"Fotografie\\\". Basierend auf WordPress, stellt diese Webseite - jetzt und in der Zukunft - eine Heimat f\u00fcr all meine Artikel und Fotos dar, welche wiederum aus allen Themenbereichen der klassischen &amp; modernen Fotografie kommen. Sei es nun die Fotografie in Schwarz-Wei\u00df; die Erkundung ehemaliger Industriegel\u00e4nde, welche f\u00fcr mich am ehesten \u201eDas Herz des Reviers\u201c widerspiegeln; ausdrucksstarke Portraits oder farbenfrohe Naturaufnahmen. Ganz egal! Es gelingt einfach jedem fotografischen Thema, meine Neugierde darauf zu erwecken. Dar\u00fcber hinaus habe ich aber auch ein ger\u00fctteltes Ma\u00df an Benzin im Blut und mag Autos &amp; Motorr\u00e4der, ganz egal ob nun neu, alt, aufgemotzt oder vollkommen original. Du siehst, die Auswahl an Artikeln &amp; Fotos ist also genauso breit gef\u00e4chert wie meine fotografischen Interessen.\",\"sameAs\":[\"https:\\\/\\\/www.maicschulte.de\"]}]}<\/script>\n<!-- \/ Yoast SEO plugin. -->","yoast_head_json":{"title":"Herbst-Impressionen - Maic Schulte","description":"Herbst-Impressionen - Chronologisch - Maic Schulte - Fotografie - Ruhrgebiet - Industrie - Portrait - Events - Autos - Rockabilly - Kunst - Schwarzwei\u00df","robots":{"index":"index","follow":"follow","max-snippet":"max-snippet:-1","max-image-preview":"max-image-preview:large","max-video-preview":"max-video-preview:-1"},"canonical":"https:\/\/www.maicschulte.de\/wordpress\/?p=1609","og_locale":"de_DE","og_type":"article","og_title":"Herbst-Impressionen - Maic Schulte","og_description":"Herbst-Impressionen - Chronologisch - Maic Schulte - Fotografie - Ruhrgebiet - Industrie - Portrait - Events - Autos - Rockabilly - Kunst - Schwarzwei\u00df","og_url":"https:\/\/www.maicschulte.de\/wordpress\/?p=1609","og_site_name":"Maic Schulte","article_published_time":"2012-11-21T14:35:15+00:00","article_modified_time":"2021-01-17T20:52:35+00:00","og_image":[{"width":624,"height":860,"url":"https:\/\/www.maicschulte.de\/wordpress\/wp-content\/uploads\/2012\/11\/Stairway.jpg","type":"image\/jpeg"}],"author":"Maic Schulte","schema":{"@context":"https:\/\/schema.org","@graph":[{"@type":"Article","@id":"https:\/\/www.maicschulte.de\/wordpress\/?p=1609#article","isPartOf":{"@id":"https:\/\/www.maicschulte.de\/wordpress\/?p=1609"},"author":{"name":"Maic Schulte","@id":"https:\/\/www.maicschulte.de\/wordpress\/#\/schema\/person\/809698f1c7b1655959515001723d716e"},"headline":"Herbst-Impressionen","datePublished":"2012-11-21T14:35:15+00:00","dateModified":"2021-01-17T20:52:35+00:00","mainEntityOfPage":{"@id":"https:\/\/www.maicschulte.de\/wordpress\/?p=1609"},"wordCount":100,"commentCount":0,"publisher":{"@id":"https:\/\/www.maicschulte.de\/wordpress\/#\/schema\/person\/809698f1c7b1655959515001723d716e"},"image":{"@id":"https:\/\/www.maicschulte.de\/wordpress\/?p=1609#primaryimage"},"thumbnailUrl":"https:\/\/www.maicschulte.de\/wordpress\/wp-content\/uploads\/2012\/11\/Stairway.jpg","keywords":["Bl\u00e4tter","Herbst","Nordstern-Park","Treppe"],"articleSection":["Chronologisch","Dies &amp; Das"],"inLanguage":"de","potentialAction":[{"@type":"CommentAction","name":"Comment","target":["https:\/\/www.maicschulte.de\/wordpress\/?p=1609#respond"]}]},{"@type":"WebPage","@id":"https:\/\/www.maicschulte.de\/wordpress\/?p=1609","url":"https:\/\/www.maicschulte.de\/wordpress\/?p=1609","name":"Herbst-Impressionen - Maic Schulte","isPartOf":{"@id":"https:\/\/www.maicschulte.de\/wordpress\/#website"},"primaryImageOfPage":{"@id":"https:\/\/www.maicschulte.de\/wordpress\/?p=1609#primaryimage"},"image":{"@id":"https:\/\/www.maicschulte.de\/wordpress\/?p=1609#primaryimage"},"thumbnailUrl":"https:\/\/www.maicschulte.de\/wordpress\/wp-content\/uploads\/2012\/11\/Stairway.jpg","datePublished":"2012-11-21T14:35:15+00:00","dateModified":"2021-01-17T20:52:35+00:00","description":"Herbst-Impressionen - Chronologisch - Maic Schulte - Fotografie - Ruhrgebiet - Industrie - Portrait - Events - Autos - Rockabilly - Kunst - Schwarzwei\u00df","breadcrumb":{"@id":"https:\/\/www.maicschulte.de\/wordpress\/?p=1609#breadcrumb"},"inLanguage":"de","potentialAction":[{"@type":"ReadAction","target":["https:\/\/www.maicschulte.de\/wordpress\/?p=1609"]}]},{"@type":"ImageObject","inLanguage":"de","@id":"https:\/\/www.maicschulte.de\/wordpress\/?p=1609#primaryimage","url":"https:\/\/www.maicschulte.de\/wordpress\/wp-content\/uploads\/2012\/11\/Stairway.jpg","contentUrl":"https:\/\/www.maicschulte.de\/wordpress\/wp-content\/uploads\/2012\/11\/Stairway.jpg","width":624,"height":860},{"@type":"BreadcrumbList","@id":"https:\/\/www.maicschulte.de\/wordpress\/?p=1609#breadcrumb","itemListElement":[{"@type":"ListItem","position":1,"name":"Startseite","item":"https:\/\/www.maicschulte.de\/wordpress"},{"@type":"ListItem","position":2,"name":"Herbst-Impressionen"}]},{"@type":"WebSite","@id":"https:\/\/www.maicschulte.de\/wordpress\/#website","url":"https:\/\/www.maicschulte.de\/wordpress\/","name":"Maic Schulte","description":"Fotografie aus Leidenschaft","publisher":{"@id":"https:\/\/www.maicschulte.de\/wordpress\/#\/schema\/person\/809698f1c7b1655959515001723d716e"},"potentialAction":[{"@type":"SearchAction","target":{"@type":"EntryPoint","urlTemplate":"https:\/\/www.maicschulte.de\/wordpress\/?s={search_term_string}"},"query-input":{"@type":"PropertyValueSpecification","valueRequired":true,"valueName":"search_term_string"}}],"inLanguage":"de"},{"@type":["Person","Organization"],"@id":"https:\/\/www.maicschulte.de\/wordpress\/#\/schema\/person\/809698f1c7b1655959515001723d716e","name":"Maic Schulte","image":{"@type":"ImageObject","inLanguage":"de","@id":"https:\/\/www.maicschulte.de\/wordpress\/wp-content\/uploads\/2025\/05\/Chronus_Maic_Schulte_Logo_605px-3.png","url":"https:\/\/www.maicschulte.de\/wordpress\/wp-content\/uploads\/2025\/05\/Chronus_Maic_Schulte_Logo_605px-3.png","contentUrl":"https:\/\/www.maicschulte.de\/wordpress\/wp-content\/uploads\/2025\/05\/Chronus_Maic_Schulte_Logo_605px-3.png","width":605,"height":200,"caption":"Maic Schulte"},"logo":{"@id":"https:\/\/www.maicschulte.de\/wordpress\/wp-content\/uploads\/2025\/05\/Chronus_Maic_Schulte_Logo_605px-3.png"},"description":"Seit dem Tag, an dem mein Vater mich mit einer Kamera, einem Objektiv und zwei Illford-Schwarzwei\u00df-Filmen auf Entdeckungs-Tour geschickt hat, begleitet mich das Thema \"Fotografie\". Basierend auf WordPress, stellt diese Webseite - jetzt und in der Zukunft - eine Heimat f\u00fcr all meine Artikel und Fotos dar, welche wiederum aus allen Themenbereichen der klassischen &amp; modernen Fotografie kommen. Sei es nun die Fotografie in Schwarz-Wei\u00df; die Erkundung ehemaliger Industriegel\u00e4nde, welche f\u00fcr mich am ehesten \u201eDas Herz des Reviers\u201c widerspiegeln; ausdrucksstarke Portraits oder farbenfrohe Naturaufnahmen. Ganz egal! Es gelingt einfach jedem fotografischen Thema, meine Neugierde darauf zu erwecken. Dar\u00fcber hinaus habe ich aber auch ein ger\u00fctteltes Ma\u00df an Benzin im Blut und mag Autos &amp; Motorr\u00e4der, ganz egal ob nun neu, alt, aufgemotzt oder vollkommen original. Du siehst, die Auswahl an Artikeln &amp; Fotos ist also genauso breit gef\u00e4chert wie meine fotografischen Interessen.","sameAs":["https:\/\/www.maicschulte.de"]}]}},"_links":{"self":[{"href":"https:\/\/www.maicschulte.de\/wordpress\/index.php?rest_route=\/wp\/v2\/posts\/1609","targetHints":{"allow":["GET"]}}],"collection":[{"href":"https:\/\/www.maicschulte.de\/wordpress\/index.php?rest_route=\/wp\/v2\/posts"}],"about":[{"href":"https:\/\/www.maicschulte.de\/wordpress\/index.php?rest_route=\/wp\/v2\/types\/post"}],"author":[{"embeddable":true,"href":"https:\/\/www.maicschulte.de\/wordpress\/index.php?rest_route=\/wp\/v2\/users\/1"}],"replies":[{"embeddable":true,"href":"https:\/\/www.maicschulte.de\/wordpress\/index.php?rest_route=%2Fwp%2Fv2%2Fcomments&post=1609"}],"version-history":[{"count":5,"href":"https:\/\/www.maicschulte.de\/wordpress\/index.php?rest_route=\/wp\/v2\/posts\/1609\/revisions"}],"predecessor-version":[{"id":12086,"href":"https:\/\/www.maicschulte.de\/wordpress\/index.php?rest_route=\/wp\/v2\/posts\/1609\/revisions\/12086"}],"wp:featuredmedia":[{"embeddable":true,"href":"https:\/\/www.maicschulte.de\/wordpress\/index.php?rest_route=\/wp\/v2\/media\/1613"}],"wp:attachment":[{"href":"https:\/\/www.maicschulte.de\/wordpress\/index.php?rest_route=%2Fwp%2Fv2%2Fmedia&parent=1609"}],"wp:term":[{"taxonomy":"category","embeddable":true,"href":"https:\/\/www.maicschulte.de\/wordpress\/index.php?rest_route=%2Fwp%2Fv2%2Fcategories&post=1609"},{"taxonomy":"post_tag","embeddable":true,"href":"https:\/\/www.maicschulte.de\/wordpress\/index.php?rest_route=%2Fwp%2Fv2%2Ftags&post=1609"}],"curies":[{"name":"wp","href":"https:\/\/api.w.org\/{rel}","templated":true}]}}