{"id":1800,"date":"2012-09-23T20:33:26","date_gmt":"2012-09-23T18:33:26","guid":{"rendered":"http:\/\/www.1001cars.de\/wordpress\/?p=1800"},"modified":"2021-01-17T16:38:28","modified_gmt":"2021-01-17T15:38:28","slug":"das-fraulein-von-absint","status":"publish","type":"post","link":"https:\/\/www.maicschulte.de\/wordpress\/?p=1800","title":{"rendered":"Das \u201cFr\u00e4ulein von Absint\u201d"},"content":{"rendered":"\n<p>Zur Feier des Tages \u2014 immer\u00adhin haben sich nach nur einer Woche die ersten 100 Fans auf die neue FB-Fan\u00adpage ver\u00adirrt \u2014 gibt es ein neues Pin-Up-Foto in der Rubrik \u201cVor\u00adstel\u00adlun\u00adgen\u201d zu&nbsp;sehen.<\/p>\n\n\n\n<p>Bereit\u00adge\u00adstellt wurde mir das neu\u00ades\u00adte Foto vom <a title=\"Fr\u00e4ulein von Absint\" href=\"https:\/\/www.facebook.com\/FrauleinVonAbsint\" target=\"_blank\" rel=\"noopener\">Fr\u00e4u\u00adlein von Absint<\/a>, die zu diesem Blog passt wie keine Zweite! Sie steht auf US-Cars, mag Tat\u00adtoos, sieht aus wie gemalt und Ihr Lieb\u00adlings\u00adau\u00adto ist der Dodge Char\u00adger von&nbsp;1969.<\/p>\n\n\n\n<p>Ganz ehr\u00adlich? Seid gerade glaube ich wieder an den lieben Gott und das dieser es manch\u00admal rich\u00adtig gut mit uns M\u00e4n\u00adnern&nbsp;meint&nbsp;;-)<\/p>\n\n\n\n<div class=\"wp-block-image\"><figure class=\"aligncenter\"><a href=\"https:\/\/www.maicschulte.de\/wordpress\/wp-content\/uploads\/2012\/09\/Fraeulein-von-Absint.jpg\" data-rel=\"lightbox-gallery-0\" data-rl_title data-rl_caption><img decoding=\"async\" src=\"https:\/\/www.maicschulte.de\/wordpress\/wp-content\/uploads\/2012\/09\/Fraeulein-von-Absint.jpg\" alt class=\"wp-image-1847\" title><\/a><\/figure><\/div>\n\n\n\n<p>F\u00fcr diese \u00fcber\u00adaus anspre\u00adchen\u00adde Foto\u00adgra\u00adfie zeich\u00adnet \u00fcbri\u00adgens der Foto\u00adgra\u00adfen\u00adkol\u00adle\u00adge Jens Burger ver\u00adant\u00adwort\u00adlich, dessen Face\u00adbook-Pr\u00e4\u00adsenz ich Euch auch nur emp\u00adfeh\u00adlen&nbsp;kann&nbsp;-&gt;<\/p>\n\n\n\n<!--more-->\n\n\n\n<p class=\"has-text-align-center\"><a title=\"Jens Burger bei Facebook\" href=\"https:\/\/www.facebook.com\/1.jensburger\" target=\"_blank\" rel=\"noopener\">Jens Burger bei Facebook<\/a><\/p>\n\n\n\n<p>Vom Fr\u00e4u\u00adlein gibt es zum Gl\u00fcck auch noch mehr als nur diese eine Foto\u00adgra\u00adfie. Schon das oben gezeig\u00adte Motiv stellt nur den kleins\u00adten Teil einer ganzen Shoo\u00adting-Serie dar und auch der Rest davon ist mehr als emp\u00adfeh\u00adlens\u00adwert. So emp\u00adfeh\u00adlens\u00adwert, dass ich schon jetzt Inter\u00ades\u00adse an ganz vielen wei\u00adte\u00adren Bil\u00addern ange\u00admel\u00addet habe und mit etwas Gl\u00fcck, bekommt Ihr diese auch in der n\u00e4chs\u00adten Zeit hier in diesem Blog zu sehen. Mal schau\u00aden, was das Fr\u00e4u\u00adlein von Absint dazu&nbsp;sagt&nbsp;;-)<\/p>\n\n\n\n<p>Wer bis dahin nicht warten m\u00f6chte oder kann, sollte unbe\u00addingt Ihrer Fan\u00adpage einen Besuch abstat\u00adten und nicht ver\u00adges\u00adsen: ein \u201cGef\u00e4llt mir\u201d erh\u00e4lt die Freund\u00adschaft und Ihr ver\u00adpasst keine Ihrer Neuigkeiten&nbsp;:-)<\/p>\n\n\n\n<p>Ihr findet das Fr\u00e4u\u00adlein im Web unter der fol\u00adgen\u00adden Adresse:<\/p>\n\n\n\n<p class=\"has-text-align-center\"><a title=\"Fr\u00e4ulein von Absint\" href=\"https:\/\/www.facebook.com\/FrauleinVonAbsint\" target=\"_blank\" rel=\"noopener\">Das Fr\u00e4u\u00adlein von Absint bei Facebook<\/a><\/p>\n\n\n\n<p>Bis dem\u00adn\u00e4chst, liebe Freun\u00adde und \u201cStay&nbsp;Tuned!\u201d&nbsp;;-)<\/p>\n","protected":false},"excerpt":{"rendered":"<p>Zur Feier des Tages \u2014 immer\u00adhin haben sich nach nur einer Woche die ersten 100 Fans auf die neue FB-Fan\u00ad\u00adpa\u00adge ver\u00adirrt \u2014 gibt es ein neues Pin-Up-Foto in der Rubrik \u201cVor\u00adstel\u00adlun\u00adgen\u201d zu&nbsp;sehen. Bereit\u00adge\u00adstellt wurde mir das neu\u00ades\u00adte Foto vom Fr\u00e4u\u00adlein von Absint, die zu diesem Blog passt wie keine Zweite! Sie steht auf US-Cars, mag Tat\u00adtoos, sieht aus wie gemalt und Ihr Lieb\u00adlings\u00adau\u00adto ist der Dodge Char\u00adger von&nbsp;1969. Ganz ehr\u00adlich? Seid gerade glaube ich wieder an den lieben Gott und das dieser es manch\u00admal rich\u00adtig gut mit uns M\u00e4n\u00adnern&nbsp;meint&nbsp;;-) F\u00fcr diese \u00fcber\u00adaus anspre\u00adchen\u00adde Foto\u00adgra\u00adfie zeich\u00adnet \u00fcbri\u00adgens der Foto\u00adgra\u00adfen\u00adkol\u00adle\u00adge Jens Burger ver\u00adant\u00adwort\u00adlich, dessen Face\u00ad\u00adbook-Pr\u00e4\u00ad\u00adsenz ich Euch auch nur emp\u00adfeh\u00adlen&nbsp;kann&nbsp;-&gt;<\/p>\n","protected":false},"author":1,"featured_media":10490,"comment_status":"open","ping_status":"open","sticky":false,"template":"","format":"standard","meta":{"wp_typography_post_enhancements_disabled":false,"footnotes":""},"categories":[1279,3],"tags":[1218,1219,1211],"class_list":["post-1800","post","type-post","status-publish","format-standard","has-post-thumbnail","hentry","category-chronologisch","category-vorstellung","tag-fraulein-von-absint","tag-jens-burger","tag-pin-up"],"yoast_head":"<!-- This site is optimized with the Yoast SEO plugin v27.5 - https:\/\/yoast.com\/product\/yoast-seo-wordpress\/ -->\n<title>Das &quot;Fr\u00e4ulein von Absint&quot; - Maic Schulte<\/title>\n<meta name=\"description\" content=\"Das &quot;Fr\u00e4ulein von Absint&quot; - Chronologisch - Maic Schulte - Fotografie - Ruhrgebiet - Industrie - Portrait - Events - Autos - Rockabilly - Kunst - Schwarzwei\u00df\" \/>\n<meta name=\"robots\" content=\"index, follow, max-snippet:-1, max-image-preview:large, max-video-preview:-1\" \/>\n<link rel=\"canonical\" href=\"https:\/\/www.maicschulte.de\/wordpress\/?p=1800\" \/>\n<meta property=\"og:locale\" content=\"de_DE\" \/>\n<meta property=\"og:type\" content=\"article\" \/>\n<meta property=\"og:title\" content=\"Das &quot;Fr\u00e4ulein von Absint&quot; - Maic Schulte\" \/>\n<meta property=\"og:description\" content=\"Das &quot;Fr\u00e4ulein von Absint&quot; - Chronologisch - Maic Schulte - Fotografie - Ruhrgebiet - Industrie - Portrait - Events - Autos - Rockabilly - Kunst - Schwarzwei\u00df\" \/>\n<meta property=\"og:url\" content=\"https:\/\/www.maicschulte.de\/wordpress\/?p=1800\" \/>\n<meta property=\"og:site_name\" content=\"Maic Schulte\" \/>\n<meta property=\"article:published_time\" content=\"2012-09-23T18:33:26+00:00\" \/>\n<meta property=\"article:modified_time\" content=\"2021-01-17T15:38:28+00:00\" \/>\n<meta property=\"og:image\" content=\"https:\/\/www.maicschulte.de\/wordpress\/wp-content\/uploads\/2012\/09\/Fraeulein-von-Absint.jpg\" \/>\n\t<meta property=\"og:image:width\" content=\"667\" \/>\n\t<meta property=\"og:image:height\" content=\"976\" \/>\n\t<meta property=\"og:image:type\" content=\"image\/jpeg\" \/>\n<meta name=\"author\" content=\"Maic Schulte\" \/>\n<script type=\"application\/ld+json\" class=\"yoast-schema-graph\">{\"@context\":\"https:\\\/\\\/schema.org\",\"@graph\":[{\"@type\":\"Article\",\"@id\":\"https:\\\/\\\/www.maicschulte.de\\\/wordpress\\\/?p=1800#article\",\"isPartOf\":{\"@id\":\"https:\\\/\\\/www.maicschulte.de\\\/wordpress\\\/?p=1800\"},\"author\":{\"name\":\"Maic Schulte\",\"@id\":\"https:\\\/\\\/www.maicschulte.de\\\/wordpress\\\/#\\\/schema\\\/person\\\/809698f1c7b1655959515001723d716e\"},\"headline\":\"Das \u201cFr\u00e4ulein von Absint\u201d\",\"datePublished\":\"2012-09-23T18:33:26+00:00\",\"dateModified\":\"2021-01-17T15:38:28+00:00\",\"mainEntityOfPage\":{\"@id\":\"https:\\\/\\\/www.maicschulte.de\\\/wordpress\\\/?p=1800\"},\"wordCount\":271,\"commentCount\":5,\"publisher\":{\"@id\":\"https:\\\/\\\/www.maicschulte.de\\\/wordpress\\\/#\\\/schema\\\/person\\\/809698f1c7b1655959515001723d716e\"},\"image\":{\"@id\":\"https:\\\/\\\/www.maicschulte.de\\\/wordpress\\\/?p=1800#primaryimage\"},\"thumbnailUrl\":\"https:\\\/\\\/www.maicschulte.de\\\/wordpress\\\/wp-content\\\/uploads\\\/2012\\\/09\\\/Fraeulein-von-Absint.jpg\",\"keywords\":[\"Fr\u00e4ulein von Absint\",\"Jens Burger\",\"Pin-Up\"],\"articleSection\":[\"Chronologisch\",\"Vorstellungen\"],\"inLanguage\":\"de\",\"potentialAction\":[{\"@type\":\"CommentAction\",\"name\":\"Comment\",\"target\":[\"https:\\\/\\\/www.maicschulte.de\\\/wordpress\\\/?p=1800#respond\"]}]},{\"@type\":\"WebPage\",\"@id\":\"https:\\\/\\\/www.maicschulte.de\\\/wordpress\\\/?p=1800\",\"url\":\"https:\\\/\\\/www.maicschulte.de\\\/wordpress\\\/?p=1800\",\"name\":\"Das \\\"Fr\u00e4ulein von Absint\\\" - Maic Schulte\",\"isPartOf\":{\"@id\":\"https:\\\/\\\/www.maicschulte.de\\\/wordpress\\\/#website\"},\"primaryImageOfPage\":{\"@id\":\"https:\\\/\\\/www.maicschulte.de\\\/wordpress\\\/?p=1800#primaryimage\"},\"image\":{\"@id\":\"https:\\\/\\\/www.maicschulte.de\\\/wordpress\\\/?p=1800#primaryimage\"},\"thumbnailUrl\":\"https:\\\/\\\/www.maicschulte.de\\\/wordpress\\\/wp-content\\\/uploads\\\/2012\\\/09\\\/Fraeulein-von-Absint.jpg\",\"datePublished\":\"2012-09-23T18:33:26+00:00\",\"dateModified\":\"2021-01-17T15:38:28+00:00\",\"description\":\"Das \\\"Fr\u00e4ulein von Absint\\\" - Chronologisch - Maic Schulte - Fotografie - Ruhrgebiet - Industrie - Portrait - Events - Autos - Rockabilly - Kunst - Schwarzwei\u00df\",\"breadcrumb\":{\"@id\":\"https:\\\/\\\/www.maicschulte.de\\\/wordpress\\\/?p=1800#breadcrumb\"},\"inLanguage\":\"de\",\"potentialAction\":[{\"@type\":\"ReadAction\",\"target\":[\"https:\\\/\\\/www.maicschulte.de\\\/wordpress\\\/?p=1800\"]}]},{\"@type\":\"ImageObject\",\"inLanguage\":\"de\",\"@id\":\"https:\\\/\\\/www.maicschulte.de\\\/wordpress\\\/?p=1800#primaryimage\",\"url\":\"https:\\\/\\\/www.maicschulte.de\\\/wordpress\\\/wp-content\\\/uploads\\\/2012\\\/09\\\/Fraeulein-von-Absint.jpg\",\"contentUrl\":\"https:\\\/\\\/www.maicschulte.de\\\/wordpress\\\/wp-content\\\/uploads\\\/2012\\\/09\\\/Fraeulein-von-Absint.jpg\",\"width\":667,\"height\":976},{\"@type\":\"BreadcrumbList\",\"@id\":\"https:\\\/\\\/www.maicschulte.de\\\/wordpress\\\/?p=1800#breadcrumb\",\"itemListElement\":[{\"@type\":\"ListItem\",\"position\":1,\"name\":\"Startseite\",\"item\":\"https:\\\/\\\/www.maicschulte.de\\\/wordpress\"},{\"@type\":\"ListItem\",\"position\":2,\"name\":\"Das \u201cFr\u00e4ulein von Absint\u201d\"}]},{\"@type\":\"WebSite\",\"@id\":\"https:\\\/\\\/www.maicschulte.de\\\/wordpress\\\/#website\",\"url\":\"https:\\\/\\\/www.maicschulte.de\\\/wordpress\\\/\",\"name\":\"Maic Schulte\",\"description\":\"Fotografie aus Leidenschaft\",\"publisher\":{\"@id\":\"https:\\\/\\\/www.maicschulte.de\\\/wordpress\\\/#\\\/schema\\\/person\\\/809698f1c7b1655959515001723d716e\"},\"potentialAction\":[{\"@type\":\"SearchAction\",\"target\":{\"@type\":\"EntryPoint\",\"urlTemplate\":\"https:\\\/\\\/www.maicschulte.de\\\/wordpress\\\/?s={search_term_string}\"},\"query-input\":{\"@type\":\"PropertyValueSpecification\",\"valueRequired\":true,\"valueName\":\"search_term_string\"}}],\"inLanguage\":\"de\"},{\"@type\":[\"Person\",\"Organization\"],\"@id\":\"https:\\\/\\\/www.maicschulte.de\\\/wordpress\\\/#\\\/schema\\\/person\\\/809698f1c7b1655959515001723d716e\",\"name\":\"Maic Schulte\",\"image\":{\"@type\":\"ImageObject\",\"inLanguage\":\"de\",\"@id\":\"https:\\\/\\\/www.maicschulte.de\\\/wordpress\\\/wp-content\\\/uploads\\\/2025\\\/05\\\/Chronus_Maic_Schulte_Logo_605px-3.png\",\"url\":\"https:\\\/\\\/www.maicschulte.de\\\/wordpress\\\/wp-content\\\/uploads\\\/2025\\\/05\\\/Chronus_Maic_Schulte_Logo_605px-3.png\",\"contentUrl\":\"https:\\\/\\\/www.maicschulte.de\\\/wordpress\\\/wp-content\\\/uploads\\\/2025\\\/05\\\/Chronus_Maic_Schulte_Logo_605px-3.png\",\"width\":605,\"height\":200,\"caption\":\"Maic Schulte\"},\"logo\":{\"@id\":\"https:\\\/\\\/www.maicschulte.de\\\/wordpress\\\/wp-content\\\/uploads\\\/2025\\\/05\\\/Chronus_Maic_Schulte_Logo_605px-3.png\"},\"description\":\"Seit dem Tag, an dem mein Vater mich mit einer Kamera, einem Objektiv und zwei Illford-Schwarzwei\u00df-Filmen auf Entdeckungs-Tour geschickt hat, begleitet mich das Thema \\\"Fotografie\\\". Basierend auf WordPress, stellt diese Webseite - jetzt und in der Zukunft - eine Heimat f\u00fcr all meine Artikel und Fotos dar, welche wiederum aus allen Themenbereichen der klassischen &amp; modernen Fotografie kommen. Sei es nun die Fotografie in Schwarz-Wei\u00df; die Erkundung ehemaliger Industriegel\u00e4nde, welche f\u00fcr mich am ehesten \u201eDas Herz des Reviers\u201c widerspiegeln; ausdrucksstarke Portraits oder farbenfrohe Naturaufnahmen. Ganz egal! Es gelingt einfach jedem fotografischen Thema, meine Neugierde darauf zu erwecken. Dar\u00fcber hinaus habe ich aber auch ein ger\u00fctteltes Ma\u00df an Benzin im Blut und mag Autos &amp; Motorr\u00e4der, ganz egal ob nun neu, alt, aufgemotzt oder vollkommen original. Du siehst, die Auswahl an Artikeln &amp; Fotos ist also genauso breit gef\u00e4chert wie meine fotografischen Interessen.\",\"sameAs\":[\"https:\\\/\\\/www.maicschulte.de\"]}]}<\/script>\n<!-- \/ Yoast SEO plugin. -->","yoast_head_json":{"title":"Das \"Fr\u00e4ulein von Absint\" - Maic Schulte","description":"Das \"Fr\u00e4ulein von Absint\" - Chronologisch - Maic Schulte - Fotografie - Ruhrgebiet - Industrie - Portrait - Events - Autos - Rockabilly - Kunst - Schwarzwei\u00df","robots":{"index":"index","follow":"follow","max-snippet":"max-snippet:-1","max-image-preview":"max-image-preview:large","max-video-preview":"max-video-preview:-1"},"canonical":"https:\/\/www.maicschulte.de\/wordpress\/?p=1800","og_locale":"de_DE","og_type":"article","og_title":"Das \"Fr\u00e4ulein von Absint\" - Maic Schulte","og_description":"Das \"Fr\u00e4ulein von Absint\" - Chronologisch - Maic Schulte - Fotografie - Ruhrgebiet - Industrie - Portrait - Events - Autos - Rockabilly - Kunst - Schwarzwei\u00df","og_url":"https:\/\/www.maicschulte.de\/wordpress\/?p=1800","og_site_name":"Maic Schulte","article_published_time":"2012-09-23T18:33:26+00:00","article_modified_time":"2021-01-17T15:38:28+00:00","og_image":[{"width":667,"height":976,"url":"https:\/\/www.maicschulte.de\/wordpress\/wp-content\/uploads\/2012\/09\/Fraeulein-von-Absint.jpg","type":"image\/jpeg"}],"author":"Maic Schulte","schema":{"@context":"https:\/\/schema.org","@graph":[{"@type":"Article","@id":"https:\/\/www.maicschulte.de\/wordpress\/?p=1800#article","isPartOf":{"@id":"https:\/\/www.maicschulte.de\/wordpress\/?p=1800"},"author":{"name":"Maic Schulte","@id":"https:\/\/www.maicschulte.de\/wordpress\/#\/schema\/person\/809698f1c7b1655959515001723d716e"},"headline":"Das \u201cFr\u00e4ulein von Absint\u201d","datePublished":"2012-09-23T18:33:26+00:00","dateModified":"2021-01-17T15:38:28+00:00","mainEntityOfPage":{"@id":"https:\/\/www.maicschulte.de\/wordpress\/?p=1800"},"wordCount":271,"commentCount":5,"publisher":{"@id":"https:\/\/www.maicschulte.de\/wordpress\/#\/schema\/person\/809698f1c7b1655959515001723d716e"},"image":{"@id":"https:\/\/www.maicschulte.de\/wordpress\/?p=1800#primaryimage"},"thumbnailUrl":"https:\/\/www.maicschulte.de\/wordpress\/wp-content\/uploads\/2012\/09\/Fraeulein-von-Absint.jpg","keywords":["Fr\u00e4ulein von Absint","Jens Burger","Pin-Up"],"articleSection":["Chronologisch","Vorstellungen"],"inLanguage":"de","potentialAction":[{"@type":"CommentAction","name":"Comment","target":["https:\/\/www.maicschulte.de\/wordpress\/?p=1800#respond"]}]},{"@type":"WebPage","@id":"https:\/\/www.maicschulte.de\/wordpress\/?p=1800","url":"https:\/\/www.maicschulte.de\/wordpress\/?p=1800","name":"Das \"Fr\u00e4ulein von Absint\" - Maic Schulte","isPartOf":{"@id":"https:\/\/www.maicschulte.de\/wordpress\/#website"},"primaryImageOfPage":{"@id":"https:\/\/www.maicschulte.de\/wordpress\/?p=1800#primaryimage"},"image":{"@id":"https:\/\/www.maicschulte.de\/wordpress\/?p=1800#primaryimage"},"thumbnailUrl":"https:\/\/www.maicschulte.de\/wordpress\/wp-content\/uploads\/2012\/09\/Fraeulein-von-Absint.jpg","datePublished":"2012-09-23T18:33:26+00:00","dateModified":"2021-01-17T15:38:28+00:00","description":"Das \"Fr\u00e4ulein von Absint\" - Chronologisch - Maic Schulte - Fotografie - Ruhrgebiet - Industrie - Portrait - Events - Autos - Rockabilly - Kunst - Schwarzwei\u00df","breadcrumb":{"@id":"https:\/\/www.maicschulte.de\/wordpress\/?p=1800#breadcrumb"},"inLanguage":"de","potentialAction":[{"@type":"ReadAction","target":["https:\/\/www.maicschulte.de\/wordpress\/?p=1800"]}]},{"@type":"ImageObject","inLanguage":"de","@id":"https:\/\/www.maicschulte.de\/wordpress\/?p=1800#primaryimage","url":"https:\/\/www.maicschulte.de\/wordpress\/wp-content\/uploads\/2012\/09\/Fraeulein-von-Absint.jpg","contentUrl":"https:\/\/www.maicschulte.de\/wordpress\/wp-content\/uploads\/2012\/09\/Fraeulein-von-Absint.jpg","width":667,"height":976},{"@type":"BreadcrumbList","@id":"https:\/\/www.maicschulte.de\/wordpress\/?p=1800#breadcrumb","itemListElement":[{"@type":"ListItem","position":1,"name":"Startseite","item":"https:\/\/www.maicschulte.de\/wordpress"},{"@type":"ListItem","position":2,"name":"Das \u201cFr\u00e4ulein von Absint\u201d"}]},{"@type":"WebSite","@id":"https:\/\/www.maicschulte.de\/wordpress\/#website","url":"https:\/\/www.maicschulte.de\/wordpress\/","name":"Maic Schulte","description":"Fotografie aus Leidenschaft","publisher":{"@id":"https:\/\/www.maicschulte.de\/wordpress\/#\/schema\/person\/809698f1c7b1655959515001723d716e"},"potentialAction":[{"@type":"SearchAction","target":{"@type":"EntryPoint","urlTemplate":"https:\/\/www.maicschulte.de\/wordpress\/?s={search_term_string}"},"query-input":{"@type":"PropertyValueSpecification","valueRequired":true,"valueName":"search_term_string"}}],"inLanguage":"de"},{"@type":["Person","Organization"],"@id":"https:\/\/www.maicschulte.de\/wordpress\/#\/schema\/person\/809698f1c7b1655959515001723d716e","name":"Maic Schulte","image":{"@type":"ImageObject","inLanguage":"de","@id":"https:\/\/www.maicschulte.de\/wordpress\/wp-content\/uploads\/2025\/05\/Chronus_Maic_Schulte_Logo_605px-3.png","url":"https:\/\/www.maicschulte.de\/wordpress\/wp-content\/uploads\/2025\/05\/Chronus_Maic_Schulte_Logo_605px-3.png","contentUrl":"https:\/\/www.maicschulte.de\/wordpress\/wp-content\/uploads\/2025\/05\/Chronus_Maic_Schulte_Logo_605px-3.png","width":605,"height":200,"caption":"Maic Schulte"},"logo":{"@id":"https:\/\/www.maicschulte.de\/wordpress\/wp-content\/uploads\/2025\/05\/Chronus_Maic_Schulte_Logo_605px-3.png"},"description":"Seit dem Tag, an dem mein Vater mich mit einer Kamera, einem Objektiv und zwei Illford-Schwarzwei\u00df-Filmen auf Entdeckungs-Tour geschickt hat, begleitet mich das Thema \"Fotografie\". Basierend auf WordPress, stellt diese Webseite - jetzt und in der Zukunft - eine Heimat f\u00fcr all meine Artikel und Fotos dar, welche wiederum aus allen Themenbereichen der klassischen &amp; modernen Fotografie kommen. Sei es nun die Fotografie in Schwarz-Wei\u00df; die Erkundung ehemaliger Industriegel\u00e4nde, welche f\u00fcr mich am ehesten \u201eDas Herz des Reviers\u201c widerspiegeln; ausdrucksstarke Portraits oder farbenfrohe Naturaufnahmen. Ganz egal! Es gelingt einfach jedem fotografischen Thema, meine Neugierde darauf zu erwecken. Dar\u00fcber hinaus habe ich aber auch ein ger\u00fctteltes Ma\u00df an Benzin im Blut und mag Autos &amp; Motorr\u00e4der, ganz egal ob nun neu, alt, aufgemotzt oder vollkommen original. Du siehst, die Auswahl an Artikeln &amp; Fotos ist also genauso breit gef\u00e4chert wie meine fotografischen Interessen.","sameAs":["https:\/\/www.maicschulte.de"]}]}},"_links":{"self":[{"href":"https:\/\/www.maicschulte.de\/wordpress\/index.php?rest_route=\/wp\/v2\/posts\/1800","targetHints":{"allow":["GET"]}}],"collection":[{"href":"https:\/\/www.maicschulte.de\/wordpress\/index.php?rest_route=\/wp\/v2\/posts"}],"about":[{"href":"https:\/\/www.maicschulte.de\/wordpress\/index.php?rest_route=\/wp\/v2\/types\/post"}],"author":[{"embeddable":true,"href":"https:\/\/www.maicschulte.de\/wordpress\/index.php?rest_route=\/wp\/v2\/users\/1"}],"replies":[{"embeddable":true,"href":"https:\/\/www.maicschulte.de\/wordpress\/index.php?rest_route=%2Fwp%2Fv2%2Fcomments&post=1800"}],"version-history":[{"count":2,"href":"https:\/\/www.maicschulte.de\/wordpress\/index.php?rest_route=\/wp\/v2\/posts\/1800\/revisions"}],"predecessor-version":[{"id":11550,"href":"https:\/\/www.maicschulte.de\/wordpress\/index.php?rest_route=\/wp\/v2\/posts\/1800\/revisions\/11550"}],"wp:featuredmedia":[{"embeddable":true,"href":"https:\/\/www.maicschulte.de\/wordpress\/index.php?rest_route=\/wp\/v2\/media\/10490"}],"wp:attachment":[{"href":"https:\/\/www.maicschulte.de\/wordpress\/index.php?rest_route=%2Fwp%2Fv2%2Fmedia&parent=1800"}],"wp:term":[{"taxonomy":"category","embeddable":true,"href":"https:\/\/www.maicschulte.de\/wordpress\/index.php?rest_route=%2Fwp%2Fv2%2Fcategories&post=1800"},{"taxonomy":"post_tag","embeddable":true,"href":"https:\/\/www.maicschulte.de\/wordpress\/index.php?rest_route=%2Fwp%2Fv2%2Ftags&post=1800"}],"curies":[{"name":"wp","href":"https:\/\/api.w.org\/{rel}","templated":true}]}}