{"id":1917,"date":"2012-10-29T21:58:59","date_gmt":"2012-10-29T19:58:59","guid":{"rendered":"http:\/\/www.1001cars.de\/wordpress\/?p=1917"},"modified":"2021-01-17T22:47:56","modified_gmt":"2021-01-17T21:47:56","slug":"youngtimer-vestival-2012-foto-strecke-i","status":"publish","type":"post","link":"https:\/\/www.maicschulte.de\/wordpress\/?p=1917","title":{"rendered":"Youngtimer Vestival 2012 \u2014 Foto-Strecke 1"},"content":{"rendered":"\n<p>Lang war er der Sommer. Sehr lang sogar und er hat mir unglaub\u00adlich viele Fotos beschert, welche jetzt so nach und nach durch die Bear\u00adbei\u00adtungs-Pipe\u00adline gluckern&nbsp;;-)<\/p>\n\n\n\n<p>Von daher gibt es hier und jetzt \u2014 und auch ohne viele Worte \u2014 die Erste von drei Foto-Stre\u00adcken zum Young\u00adtimer Ves\u00adti\u00adval 2012 in Herten zu&nbsp;sehen.<\/p>\n\n\n\n<p>Der zweite und der dritte Teil dieser Serie, wird im Laufe der n\u00e4chs\u00adten Tag ver\u00ad\u00f6f\u00adfent\u00adlicht. Von daher gilt nun mehr denn je \u2014 \u201cStay&nbsp;Tuned!\u201d<\/p>\n\n\n\n<div class=\"wp-block-image\"><figure class=\"aligncenter\"><a href=\"https:\/\/www.maicschulte.de\/wordpress\/wp-content\/uploads\/2012\/10\/Ford-Capri-II-Burton.jpg\" data-rel=\"lightbox-gallery-0\" data-rl_title data-rl_caption><img decoding=\"async\" src=\"https:\/\/www.maicschulte.de\/wordpress\/wp-content\/uploads\/2012\/10\/Ford-Capri-II-Burton.jpg\" alt class=\"wp-image-1923\" title><\/a><\/figure><\/div>\n\n\n\n<!--more-->\n\n\n\n<div class=\"wp-block-image\"><figure class=\"aligncenter\"><a href=\"https:\/\/www.maicschulte.de\/wordpress\/wp-content\/uploads\/2012\/10\/Verwandte.jpg\" data-rel=\"lightbox-gallery-0\" data-rl_title data-rl_caption><img decoding=\"async\" src=\"https:\/\/www.maicschulte.de\/wordpress\/wp-content\/uploads\/2012\/10\/Verwandte.jpg\" alt class=\"wp-image-1934\" title><\/a><\/figure><\/div>\n\n\n\n<div class=\"wp-block-image\"><figure class=\"aligncenter\"><a href=\"https:\/\/www.maicschulte.de\/wordpress\/wp-content\/uploads\/2012\/10\/Chrom-im-Motorraum.jpg\" data-rel=\"lightbox-gallery-0\" data-rl_title data-rl_caption><img loading=\"lazy\" decoding=\"async\" width=\"1048\" height=\"727\" src=\"https:\/\/www.maicschulte.de\/wordpress\/wp-content\/uploads\/2012\/10\/Chrom-im-Motorraum.jpg\" alt class=\"wp-image-1921\" title srcset=\"https:\/\/www.maicschulte.de\/wordpress\/wp-content\/uploads\/2012\/10\/Chrom-im-Motorraum.jpg 1048w, https:\/\/www.maicschulte.de\/wordpress\/wp-content\/uploads\/2012\/10\/Chrom-im-Motorraum-300x208.jpg 300w, https:\/\/www.maicschulte.de\/wordpress\/wp-content\/uploads\/2012\/10\/Chrom-im-Motorraum-768x533.jpg 768w, https:\/\/www.maicschulte.de\/wordpress\/wp-content\/uploads\/2012\/10\/Chrom-im-Motorraum-757x525.jpg 757w, https:\/\/www.maicschulte.de\/wordpress\/wp-content\/uploads\/2012\/10\/Chrom-im-Motorraum-541x375.jpg 541w\" sizes=\"auto, (max-width: 1048px) 100vw, 1048px\"><\/a><\/figure><\/div>\n\n\n\n<div class=\"wp-block-image\"><figure class=\"aligncenter\"><a href=\"https:\/\/www.maicschulte.de\/wordpress\/wp-content\/uploads\/2012\/10\/Renault-R5-Turbo-Luftschlitze.jpg\" data-rel=\"lightbox-gallery-0\" data-rl_title data-rl_caption><img decoding=\"async\" src=\"https:\/\/www.maicschulte.de\/wordpress\/wp-content\/uploads\/2012\/10\/Renault-R5-Turbo-Luftschlitze.jpg\" alt class=\"wp-image-1930\" title><\/a><\/figure><\/div>\n\n\n\n<div class=\"wp-block-image\"><figure class=\"aligncenter\"><a href=\"https:\/\/www.maicschulte.de\/wordpress\/wp-content\/uploads\/2012\/10\/Yellow-Escort-I.jpg\" data-rel=\"lightbox-gallery-0\" data-rl_title data-rl_caption><img decoding=\"async\" src=\"https:\/\/www.maicschulte.de\/wordpress\/wp-content\/uploads\/2012\/10\/Yellow-Escort-I.jpg\" alt class=\"wp-image-1935\" title><\/a><\/figure><\/div>\n\n\n\n<div class=\"wp-block-image\"><figure class=\"aligncenter\"><a href=\"https:\/\/www.maicschulte.de\/wordpress\/wp-content\/uploads\/2012\/10\/Toyota-Celica-GT-II.jpg\" data-rel=\"lightbox-gallery-0\" data-rl_title data-rl_caption><img decoding=\"async\" src=\"https:\/\/www.maicschulte.de\/wordpress\/wp-content\/uploads\/2012\/10\/Toyota-Celica-GT-II.jpg\" alt class=\"wp-image-1933\" title><\/a><\/figure><\/div>\n\n\n\n<div class=\"wp-block-image\"><figure class=\"aligncenter\"><a href=\"https:\/\/www.maicschulte.de\/wordpress\/wp-content\/uploads\/2012\/10\/The-Green-One-II.jpg\" data-rel=\"lightbox-gallery-0\" data-rl_title data-rl_caption><img decoding=\"async\" src=\"https:\/\/www.maicschulte.de\/wordpress\/wp-content\/uploads\/2012\/10\/The-Green-One-II.jpg\" alt class=\"wp-image-1932\" title><\/a><\/figure><\/div>\n\n\n\n<div class=\"wp-block-image\"><figure class=\"aligncenter\"><a href=\"https:\/\/www.maicschulte.de\/wordpress\/wp-content\/uploads\/2012\/10\/Bully.jpg\" data-rel=\"lightbox-gallery-0\" data-rl_title data-rl_caption><img loading=\"lazy\" decoding=\"async\" width=\"1048\" height=\"997\" src=\"https:\/\/www.maicschulte.de\/wordpress\/wp-content\/uploads\/2012\/10\/Bully.jpg\" alt class=\"wp-image-1919\" title srcset=\"https:\/\/www.maicschulte.de\/wordpress\/wp-content\/uploads\/2012\/10\/Bully.jpg 1048w, https:\/\/www.maicschulte.de\/wordpress\/wp-content\/uploads\/2012\/10\/Bully-300x285.jpg 300w, https:\/\/www.maicschulte.de\/wordpress\/wp-content\/uploads\/2012\/10\/Bully-768x731.jpg 768w, https:\/\/www.maicschulte.de\/wordpress\/wp-content\/uploads\/2012\/10\/Bully-552x525.jpg 552w, https:\/\/www.maicschulte.de\/wordpress\/wp-content\/uploads\/2012\/10\/Bully-394x375.jpg 394w\" sizes=\"auto, (max-width: 1048px) 100vw, 1048px\"><\/a><\/figure><\/div>\n\n\n\n<div class=\"wp-block-image\"><figure class=\"aligncenter\"><a href=\"https:\/\/www.maicschulte.de\/wordpress\/wp-content\/uploads\/2012\/10\/Part-Of.jpg\" data-rel=\"lightbox-gallery-0\" data-rl_title data-rl_caption><img decoding=\"async\" src=\"https:\/\/www.maicschulte.de\/wordpress\/wp-content\/uploads\/2012\/10\/Part-Of.jpg\" alt class=\"wp-image-1928\" title><\/a><\/figure><\/div>\n\n\n\n<div class=\"wp-block-image\"><figure class=\"aligncenter\"><a href=\"https:\/\/www.maicschulte.de\/wordpress\/wp-content\/uploads\/2012\/10\/Porsche-und-Capri.jpg\" data-rel=\"lightbox-gallery-0\" data-rl_title data-rl_caption><img decoding=\"async\" src=\"https:\/\/www.maicschulte.de\/wordpress\/wp-content\/uploads\/2012\/10\/Porsche-und-Capri.jpg\" alt class=\"wp-image-1929\" title><\/a><\/figure><\/div>\n\n\n\n<div class=\"wp-block-image\"><figure class=\"aligncenter\"><a href=\"https:\/\/www.maicschulte.de\/wordpress\/wp-content\/uploads\/2012\/10\/Citroen-SM.jpg\" data-rel=\"lightbox-gallery-0\" data-rl_title data-rl_caption><img loading=\"lazy\" decoding=\"async\" width=\"581\" height=\"860\" src=\"https:\/\/www.maicschulte.de\/wordpress\/wp-content\/uploads\/2012\/10\/Citroen-SM.jpg\" alt class=\"wp-image-1922\" title srcset=\"https:\/\/www.maicschulte.de\/wordpress\/wp-content\/uploads\/2012\/10\/Citroen-SM.jpg 581w, https:\/\/www.maicschulte.de\/wordpress\/wp-content\/uploads\/2012\/10\/Citroen-SM-203x300.jpg 203w, https:\/\/www.maicschulte.de\/wordpress\/wp-content\/uploads\/2012\/10\/Citroen-SM-355x525.jpg 355w, https:\/\/www.maicschulte.de\/wordpress\/wp-content\/uploads\/2012\/10\/Citroen-SM-253x375.jpg 253w\" sizes=\"auto, (max-width: 581px) 100vw, 581px\"><\/a><\/figure><\/div>\n\n\n\n<div class=\"wp-block-image\"><figure class=\"aligncenter\"><a href=\"https:\/\/www.maicschulte.de\/wordpress\/wp-content\/uploads\/2012\/10\/Jetta-und-Industrie-II.jpg\" data-rel=\"lightbox-gallery-0\" data-rl_title data-rl_caption><img decoding=\"async\" src=\"https:\/\/www.maicschulte.de\/wordpress\/wp-content\/uploads\/2012\/10\/Jetta-und-Industrie-II.jpg\" alt class=\"wp-image-1926\" title><\/a><\/figure><\/div>\n\n\n\n<div class=\"wp-block-image\"><figure class=\"aligncenter\"><a href=\"https:\/\/www.maicschulte.de\/wordpress\/wp-content\/uploads\/2012\/10\/Ford-Taunus.jpg\" data-rel=\"lightbox-gallery-0\" data-rl_title data-rl_caption><img loading=\"lazy\" decoding=\"async\" width=\"565\" height=\"860\" src=\"https:\/\/www.maicschulte.de\/wordpress\/wp-content\/uploads\/2012\/10\/Ford-Taunus.jpg\" alt class=\"wp-image-1924\" title srcset=\"https:\/\/www.maicschulte.de\/wordpress\/wp-content\/uploads\/2012\/10\/Ford-Taunus.jpg 565w, https:\/\/www.maicschulte.de\/wordpress\/wp-content\/uploads\/2012\/10\/Ford-Taunus-197x300.jpg 197w, https:\/\/www.maicschulte.de\/wordpress\/wp-content\/uploads\/2012\/10\/Ford-Taunus-345x525.jpg 345w, https:\/\/www.maicschulte.de\/wordpress\/wp-content\/uploads\/2012\/10\/Ford-Taunus-246x375.jpg 246w\" sizes=\"auto, (max-width: 565px) 100vw, 565px\"><\/a><\/figure><\/div>\n\n\n\n<div class=\"wp-block-image\"><figure class=\"aligncenter\"><a href=\"https:\/\/www.maicschulte.de\/wordpress\/wp-content\/uploads\/2012\/10\/Spyder.jpg\" data-rel=\"lightbox-gallery-0\" data-rl_title data-rl_caption><img decoding=\"async\" src=\"https:\/\/www.maicschulte.de\/wordpress\/wp-content\/uploads\/2012\/10\/Spyder.jpg\" alt class=\"wp-image-1931\" title><\/a><\/figure><\/div>\n\n\n\n<div class=\"wp-block-image\"><figure class=\"aligncenter\"><a href=\"https:\/\/www.maicschulte.de\/wordpress\/wp-content\/uploads\/2012\/10\/Fronten-I.jpg\" data-rel=\"lightbox-gallery-0\" data-rl_title data-rl_caption><img decoding=\"async\" src=\"https:\/\/www.maicschulte.de\/wordpress\/wp-content\/uploads\/2012\/10\/Fronten-I.jpg\" alt class=\"wp-image-1925\" title><\/a><\/figure><\/div>\n\n\n\n<div class=\"wp-block-image\"><figure class=\"aligncenter\"><a href=\"https:\/\/www.maicschulte.de\/wordpress\/wp-content\/uploads\/2012\/10\/Michelin.jpg\" data-rel=\"lightbox-gallery-0\" data-rl_title data-rl_caption><img loading=\"lazy\" decoding=\"async\" width=\"581\" height=\"860\" src=\"https:\/\/www.maicschulte.de\/wordpress\/wp-content\/uploads\/2012\/10\/Michelin.jpg\" alt class=\"wp-image-1927\" title srcset=\"https:\/\/www.maicschulte.de\/wordpress\/wp-content\/uploads\/2012\/10\/Michelin.jpg 581w, https:\/\/www.maicschulte.de\/wordpress\/wp-content\/uploads\/2012\/10\/Michelin-203x300.jpg 203w, https:\/\/www.maicschulte.de\/wordpress\/wp-content\/uploads\/2012\/10\/Michelin-355x525.jpg 355w, https:\/\/www.maicschulte.de\/wordpress\/wp-content\/uploads\/2012\/10\/Michelin-253x375.jpg 253w\" sizes=\"auto, (max-width: 581px) 100vw, 581px\"><\/a><\/figure><\/div>\n\n\n\n<div class=\"wp-block-image\"><figure class=\"aligncenter\"><a href=\"https:\/\/www.maicschulte.de\/wordpress\/wp-content\/uploads\/2012\/10\/by-Chevrolet.jpg\" data-rel=\"lightbox-gallery-0\" data-rl_title data-rl_caption><img loading=\"lazy\" decoding=\"async\" width=\"1048\" height=\"786\" src=\"https:\/\/www.maicschulte.de\/wordpress\/wp-content\/uploads\/2012\/10\/by-Chevrolet.jpg\" alt class=\"wp-image-1920\" title srcset=\"https:\/\/www.maicschulte.de\/wordpress\/wp-content\/uploads\/2012\/10\/by-Chevrolet.jpg 1048w, https:\/\/www.maicschulte.de\/wordpress\/wp-content\/uploads\/2012\/10\/by-Chevrolet-300x225.jpg 300w, https:\/\/www.maicschulte.de\/wordpress\/wp-content\/uploads\/2012\/10\/by-Chevrolet-768x576.jpg 768w, https:\/\/www.maicschulte.de\/wordpress\/wp-content\/uploads\/2012\/10\/by-Chevrolet-700x525.jpg 700w, https:\/\/www.maicschulte.de\/wordpress\/wp-content\/uploads\/2012\/10\/by-Chevrolet-500x375.jpg 500w\" sizes=\"auto, (max-width: 1048px) 100vw, 1048px\"><\/a><\/figure><\/div>\n\n\n\n<p>P.S: Wie immer gilt, ein Klick und das Bild \u00f6ffnet sich in der vollen Gr\u00f6\u00dfe&nbsp;;-)<\/p>\n","protected":false},"excerpt":{"rendered":"<p>Lang war er der Sommer. Sehr lang sogar und er hat mir unglaub\u00adlich viele Fotos beschert, welche jetzt so nach und nach durch die Bear\u00ad\u00adbei\u00ad\u00adtungs-Pipe\u00ad\u00adli\u00adne glu\u00adckern&nbsp;;-) Von daher gibt es hier und jetzt \u2014 und auch ohne viele Worte \u2014 die Erste von drei Foto-Stre\u00ad\u00adcken zum Young\u00adtimer Ves\u00adti\u00adval 2012 in Herten zu&nbsp;sehen. Der zweite und der dritte Teil dieser Serie, wird im Laufe der n\u00e4chs\u00adten Tag ver\u00ad\u00f6f\u00adfent\u00adlicht. Von daher gilt nun mehr denn je \u2014 \u201cStay&nbsp;Tuned!\u201d<\/p>\n","protected":false},"author":1,"featured_media":10513,"comment_status":"open","ping_status":"open","sticky":false,"template":"","format":"standard","meta":{"wp_typography_post_enhancements_disabled":false,"footnotes":""},"categories":[721,1279],"tags":[1152,206,1057,370],"class_list":["post-1917","post","type-post","status-publish","format-standard","has-post-thumbnail","hentry","category-automobiles","category-chronologisch","tag-1152","tag-herten","tag-youngtimer-vestival","tag-zeche-ewald"],"yoast_head":"<!-- This site is optimized with the Yoast SEO plugin v27.4 - https:\/\/yoast.com\/product\/yoast-seo-wordpress\/ -->\n<title>Youngtimer Vestival 2012 - Foto-Strecke 1 - Maic Schulte<\/title>\n<meta name=\"description\" content=\"Youngtimer Vestival 2012 - Foto-Strecke 1 - Automobiles - Maic Schulte - Fotografie - Ruhrgebiet - Industrie - Portrait - Events - Autos - Rockabilly - Kunst - Schwarzwei\u00df\" \/>\n<meta name=\"robots\" content=\"index, follow, max-snippet:-1, max-image-preview:large, max-video-preview:-1\" \/>\n<link rel=\"canonical\" href=\"https:\/\/www.maicschulte.de\/wordpress\/?p=1917\" \/>\n<meta property=\"og:locale\" content=\"de_DE\" \/>\n<meta property=\"og:type\" content=\"article\" \/>\n<meta property=\"og:title\" content=\"Youngtimer Vestival 2012 - Foto-Strecke 1 - Maic Schulte\" \/>\n<meta property=\"og:description\" content=\"Youngtimer Vestival 2012 - Foto-Strecke 1 - Automobiles - Maic Schulte - Fotografie - Ruhrgebiet - Industrie - Portrait - Events - Autos - Rockabilly - Kunst - Schwarzwei\u00df\" \/>\n<meta property=\"og:url\" content=\"https:\/\/www.maicschulte.de\/wordpress\/?p=1917\" \/>\n<meta property=\"og:site_name\" content=\"Maic Schulte\" \/>\n<meta property=\"article:published_time\" content=\"2012-10-29T19:58:59+00:00\" \/>\n<meta property=\"article:modified_time\" content=\"2021-01-17T21:47:56+00:00\" \/>\n<meta property=\"og:image\" content=\"https:\/\/www.maicschulte.de\/wordpress\/wp-content\/uploads\/2012\/10\/Spyder.jpg\" \/>\n\t<meta property=\"og:image:width\" content=\"1048\" \/>\n\t<meta property=\"og:image:height\" content=\"494\" \/>\n\t<meta property=\"og:image:type\" content=\"image\/jpeg\" \/>\n<meta name=\"author\" content=\"Maic Schulte\" \/>\n<script type=\"application\/ld+json\" class=\"yoast-schema-graph\">{\"@context\":\"https:\\\/\\\/schema.org\",\"@graph\":[{\"@type\":\"Article\",\"@id\":\"https:\\\/\\\/www.maicschulte.de\\\/wordpress\\\/?p=1917#article\",\"isPartOf\":{\"@id\":\"https:\\\/\\\/www.maicschulte.de\\\/wordpress\\\/?p=1917\"},\"author\":{\"name\":\"Maic Schulte\",\"@id\":\"https:\\\/\\\/www.maicschulte.de\\\/wordpress\\\/#\\\/schema\\\/person\\\/809698f1c7b1655959515001723d716e\"},\"headline\":\"Youngtimer Vestival 2012 \u2014 Foto-Strecke 1\",\"datePublished\":\"2012-10-29T19:58:59+00:00\",\"dateModified\":\"2021-01-17T21:47:56+00:00\",\"mainEntityOfPage\":{\"@id\":\"https:\\\/\\\/www.maicschulte.de\\\/wordpress\\\/?p=1917\"},\"wordCount\":102,\"commentCount\":1,\"publisher\":{\"@id\":\"https:\\\/\\\/www.maicschulte.de\\\/wordpress\\\/#\\\/schema\\\/person\\\/809698f1c7b1655959515001723d716e\"},\"image\":{\"@id\":\"https:\\\/\\\/www.maicschulte.de\\\/wordpress\\\/?p=1917#primaryimage\"},\"thumbnailUrl\":\"https:\\\/\\\/www.maicschulte.de\\\/wordpress\\\/wp-content\\\/uploads\\\/2012\\\/10\\\/Spyder.jpg\",\"keywords\":[\"2012\",\"Herten\",\"Youngtimer Vestival\",\"Zeche Ewald\"],\"articleSection\":[\"Automobiles\",\"Chronologisch\"],\"inLanguage\":\"de\",\"potentialAction\":[{\"@type\":\"CommentAction\",\"name\":\"Comment\",\"target\":[\"https:\\\/\\\/www.maicschulte.de\\\/wordpress\\\/?p=1917#respond\"]}]},{\"@type\":\"WebPage\",\"@id\":\"https:\\\/\\\/www.maicschulte.de\\\/wordpress\\\/?p=1917\",\"url\":\"https:\\\/\\\/www.maicschulte.de\\\/wordpress\\\/?p=1917\",\"name\":\"Youngtimer Vestival 2012 - Foto-Strecke 1 - Maic Schulte\",\"isPartOf\":{\"@id\":\"https:\\\/\\\/www.maicschulte.de\\\/wordpress\\\/#website\"},\"primaryImageOfPage\":{\"@id\":\"https:\\\/\\\/www.maicschulte.de\\\/wordpress\\\/?p=1917#primaryimage\"},\"image\":{\"@id\":\"https:\\\/\\\/www.maicschulte.de\\\/wordpress\\\/?p=1917#primaryimage\"},\"thumbnailUrl\":\"https:\\\/\\\/www.maicschulte.de\\\/wordpress\\\/wp-content\\\/uploads\\\/2012\\\/10\\\/Spyder.jpg\",\"datePublished\":\"2012-10-29T19:58:59+00:00\",\"dateModified\":\"2021-01-17T21:47:56+00:00\",\"description\":\"Youngtimer Vestival 2012 - Foto-Strecke 1 - Automobiles - Maic Schulte - Fotografie - Ruhrgebiet - Industrie - Portrait - Events - Autos - Rockabilly - Kunst - Schwarzwei\u00df\",\"breadcrumb\":{\"@id\":\"https:\\\/\\\/www.maicschulte.de\\\/wordpress\\\/?p=1917#breadcrumb\"},\"inLanguage\":\"de\",\"potentialAction\":[{\"@type\":\"ReadAction\",\"target\":[\"https:\\\/\\\/www.maicschulte.de\\\/wordpress\\\/?p=1917\"]}]},{\"@type\":\"ImageObject\",\"inLanguage\":\"de\",\"@id\":\"https:\\\/\\\/www.maicschulte.de\\\/wordpress\\\/?p=1917#primaryimage\",\"url\":\"https:\\\/\\\/www.maicschulte.de\\\/wordpress\\\/wp-content\\\/uploads\\\/2012\\\/10\\\/Spyder.jpg\",\"contentUrl\":\"https:\\\/\\\/www.maicschulte.de\\\/wordpress\\\/wp-content\\\/uploads\\\/2012\\\/10\\\/Spyder.jpg\",\"width\":1048,\"height\":494},{\"@type\":\"BreadcrumbList\",\"@id\":\"https:\\\/\\\/www.maicschulte.de\\\/wordpress\\\/?p=1917#breadcrumb\",\"itemListElement\":[{\"@type\":\"ListItem\",\"position\":1,\"name\":\"Startseite\",\"item\":\"https:\\\/\\\/www.maicschulte.de\\\/wordpress\"},{\"@type\":\"ListItem\",\"position\":2,\"name\":\"Youngtimer Vestival 2012 \u2014 Foto-Strecke 1\"}]},{\"@type\":\"WebSite\",\"@id\":\"https:\\\/\\\/www.maicschulte.de\\\/wordpress\\\/#website\",\"url\":\"https:\\\/\\\/www.maicschulte.de\\\/wordpress\\\/\",\"name\":\"Maic Schulte\",\"description\":\"Fotografie aus Leidenschaft\",\"publisher\":{\"@id\":\"https:\\\/\\\/www.maicschulte.de\\\/wordpress\\\/#\\\/schema\\\/person\\\/809698f1c7b1655959515001723d716e\"},\"potentialAction\":[{\"@type\":\"SearchAction\",\"target\":{\"@type\":\"EntryPoint\",\"urlTemplate\":\"https:\\\/\\\/www.maicschulte.de\\\/wordpress\\\/?s={search_term_string}\"},\"query-input\":{\"@type\":\"PropertyValueSpecification\",\"valueRequired\":true,\"valueName\":\"search_term_string\"}}],\"inLanguage\":\"de\"},{\"@type\":[\"Person\",\"Organization\"],\"@id\":\"https:\\\/\\\/www.maicschulte.de\\\/wordpress\\\/#\\\/schema\\\/person\\\/809698f1c7b1655959515001723d716e\",\"name\":\"Maic Schulte\",\"image\":{\"@type\":\"ImageObject\",\"inLanguage\":\"de\",\"@id\":\"https:\\\/\\\/www.maicschulte.de\\\/wordpress\\\/wp-content\\\/uploads\\\/2025\\\/05\\\/Chronus_Maic_Schulte_Logo_605px-3.png\",\"url\":\"https:\\\/\\\/www.maicschulte.de\\\/wordpress\\\/wp-content\\\/uploads\\\/2025\\\/05\\\/Chronus_Maic_Schulte_Logo_605px-3.png\",\"contentUrl\":\"https:\\\/\\\/www.maicschulte.de\\\/wordpress\\\/wp-content\\\/uploads\\\/2025\\\/05\\\/Chronus_Maic_Schulte_Logo_605px-3.png\",\"width\":605,\"height\":200,\"caption\":\"Maic Schulte\"},\"logo\":{\"@id\":\"https:\\\/\\\/www.maicschulte.de\\\/wordpress\\\/wp-content\\\/uploads\\\/2025\\\/05\\\/Chronus_Maic_Schulte_Logo_605px-3.png\"},\"description\":\"Seit dem Tag, an dem mein Vater mich mit einer Kamera, einem Objektiv und zwei Illford-Schwarzwei\u00df-Filmen auf Entdeckungs-Tour geschickt hat, begleitet mich das Thema \\\"Fotografie\\\". Basierend auf WordPress, stellt diese Webseite - jetzt und in der Zukunft - eine Heimat f\u00fcr all meine Artikel und Fotos dar, welche wiederum aus allen Themenbereichen der klassischen &amp; modernen Fotografie kommen. Sei es nun die Fotografie in Schwarz-Wei\u00df; die Erkundung ehemaliger Industriegel\u00e4nde, welche f\u00fcr mich am ehesten \u201eDas Herz des Reviers\u201c widerspiegeln; ausdrucksstarke Portraits oder farbenfrohe Naturaufnahmen. Ganz egal! Es gelingt einfach jedem fotografischen Thema, meine Neugierde darauf zu erwecken. Dar\u00fcber hinaus habe ich aber auch ein ger\u00fctteltes Ma\u00df an Benzin im Blut und mag Autos &amp; Motorr\u00e4der, ganz egal ob nun neu, alt, aufgemotzt oder vollkommen original. Du siehst, die Auswahl an Artikeln &amp; Fotos ist also genauso breit gef\u00e4chert wie meine fotografischen Interessen.\",\"sameAs\":[\"https:\\\/\\\/www.maicschulte.de\"]}]}<\/script>\n<!-- \/ Yoast SEO plugin. -->","yoast_head_json":{"title":"Youngtimer Vestival 2012 - Foto-Strecke 1 - Maic Schulte","description":"Youngtimer Vestival 2012 - Foto-Strecke 1 - Automobiles - Maic Schulte - Fotografie - Ruhrgebiet - Industrie - Portrait - Events - Autos - Rockabilly - Kunst - Schwarzwei\u00df","robots":{"index":"index","follow":"follow","max-snippet":"max-snippet:-1","max-image-preview":"max-image-preview:large","max-video-preview":"max-video-preview:-1"},"canonical":"https:\/\/www.maicschulte.de\/wordpress\/?p=1917","og_locale":"de_DE","og_type":"article","og_title":"Youngtimer Vestival 2012 - Foto-Strecke 1 - Maic Schulte","og_description":"Youngtimer Vestival 2012 - Foto-Strecke 1 - Automobiles - Maic Schulte - Fotografie - Ruhrgebiet - Industrie - Portrait - Events - Autos - Rockabilly - Kunst - Schwarzwei\u00df","og_url":"https:\/\/www.maicschulte.de\/wordpress\/?p=1917","og_site_name":"Maic Schulte","article_published_time":"2012-10-29T19:58:59+00:00","article_modified_time":"2021-01-17T21:47:56+00:00","og_image":[{"width":1048,"height":494,"url":"https:\/\/www.maicschulte.de\/wordpress\/wp-content\/uploads\/2012\/10\/Spyder.jpg","type":"image\/jpeg"}],"author":"Maic Schulte","schema":{"@context":"https:\/\/schema.org","@graph":[{"@type":"Article","@id":"https:\/\/www.maicschulte.de\/wordpress\/?p=1917#article","isPartOf":{"@id":"https:\/\/www.maicschulte.de\/wordpress\/?p=1917"},"author":{"name":"Maic Schulte","@id":"https:\/\/www.maicschulte.de\/wordpress\/#\/schema\/person\/809698f1c7b1655959515001723d716e"},"headline":"Youngtimer Vestival 2012 \u2014 Foto-Strecke 1","datePublished":"2012-10-29T19:58:59+00:00","dateModified":"2021-01-17T21:47:56+00:00","mainEntityOfPage":{"@id":"https:\/\/www.maicschulte.de\/wordpress\/?p=1917"},"wordCount":102,"commentCount":1,"publisher":{"@id":"https:\/\/www.maicschulte.de\/wordpress\/#\/schema\/person\/809698f1c7b1655959515001723d716e"},"image":{"@id":"https:\/\/www.maicschulte.de\/wordpress\/?p=1917#primaryimage"},"thumbnailUrl":"https:\/\/www.maicschulte.de\/wordpress\/wp-content\/uploads\/2012\/10\/Spyder.jpg","keywords":["2012","Herten","Youngtimer Vestival","Zeche Ewald"],"articleSection":["Automobiles","Chronologisch"],"inLanguage":"de","potentialAction":[{"@type":"CommentAction","name":"Comment","target":["https:\/\/www.maicschulte.de\/wordpress\/?p=1917#respond"]}]},{"@type":"WebPage","@id":"https:\/\/www.maicschulte.de\/wordpress\/?p=1917","url":"https:\/\/www.maicschulte.de\/wordpress\/?p=1917","name":"Youngtimer Vestival 2012 - Foto-Strecke 1 - Maic Schulte","isPartOf":{"@id":"https:\/\/www.maicschulte.de\/wordpress\/#website"},"primaryImageOfPage":{"@id":"https:\/\/www.maicschulte.de\/wordpress\/?p=1917#primaryimage"},"image":{"@id":"https:\/\/www.maicschulte.de\/wordpress\/?p=1917#primaryimage"},"thumbnailUrl":"https:\/\/www.maicschulte.de\/wordpress\/wp-content\/uploads\/2012\/10\/Spyder.jpg","datePublished":"2012-10-29T19:58:59+00:00","dateModified":"2021-01-17T21:47:56+00:00","description":"Youngtimer Vestival 2012 - Foto-Strecke 1 - Automobiles - Maic Schulte - Fotografie - Ruhrgebiet - Industrie - Portrait - Events - Autos - Rockabilly - Kunst - Schwarzwei\u00df","breadcrumb":{"@id":"https:\/\/www.maicschulte.de\/wordpress\/?p=1917#breadcrumb"},"inLanguage":"de","potentialAction":[{"@type":"ReadAction","target":["https:\/\/www.maicschulte.de\/wordpress\/?p=1917"]}]},{"@type":"ImageObject","inLanguage":"de","@id":"https:\/\/www.maicschulte.de\/wordpress\/?p=1917#primaryimage","url":"https:\/\/www.maicschulte.de\/wordpress\/wp-content\/uploads\/2012\/10\/Spyder.jpg","contentUrl":"https:\/\/www.maicschulte.de\/wordpress\/wp-content\/uploads\/2012\/10\/Spyder.jpg","width":1048,"height":494},{"@type":"BreadcrumbList","@id":"https:\/\/www.maicschulte.de\/wordpress\/?p=1917#breadcrumb","itemListElement":[{"@type":"ListItem","position":1,"name":"Startseite","item":"https:\/\/www.maicschulte.de\/wordpress"},{"@type":"ListItem","position":2,"name":"Youngtimer Vestival 2012 \u2014 Foto-Strecke 1"}]},{"@type":"WebSite","@id":"https:\/\/www.maicschulte.de\/wordpress\/#website","url":"https:\/\/www.maicschulte.de\/wordpress\/","name":"Maic Schulte","description":"Fotografie aus Leidenschaft","publisher":{"@id":"https:\/\/www.maicschulte.de\/wordpress\/#\/schema\/person\/809698f1c7b1655959515001723d716e"},"potentialAction":[{"@type":"SearchAction","target":{"@type":"EntryPoint","urlTemplate":"https:\/\/www.maicschulte.de\/wordpress\/?s={search_term_string}"},"query-input":{"@type":"PropertyValueSpecification","valueRequired":true,"valueName":"search_term_string"}}],"inLanguage":"de"},{"@type":["Person","Organization"],"@id":"https:\/\/www.maicschulte.de\/wordpress\/#\/schema\/person\/809698f1c7b1655959515001723d716e","name":"Maic Schulte","image":{"@type":"ImageObject","inLanguage":"de","@id":"https:\/\/www.maicschulte.de\/wordpress\/wp-content\/uploads\/2025\/05\/Chronus_Maic_Schulte_Logo_605px-3.png","url":"https:\/\/www.maicschulte.de\/wordpress\/wp-content\/uploads\/2025\/05\/Chronus_Maic_Schulte_Logo_605px-3.png","contentUrl":"https:\/\/www.maicschulte.de\/wordpress\/wp-content\/uploads\/2025\/05\/Chronus_Maic_Schulte_Logo_605px-3.png","width":605,"height":200,"caption":"Maic Schulte"},"logo":{"@id":"https:\/\/www.maicschulte.de\/wordpress\/wp-content\/uploads\/2025\/05\/Chronus_Maic_Schulte_Logo_605px-3.png"},"description":"Seit dem Tag, an dem mein Vater mich mit einer Kamera, einem Objektiv und zwei Illford-Schwarzwei\u00df-Filmen auf Entdeckungs-Tour geschickt hat, begleitet mich das Thema \"Fotografie\". Basierend auf WordPress, stellt diese Webseite - jetzt und in der Zukunft - eine Heimat f\u00fcr all meine Artikel und Fotos dar, welche wiederum aus allen Themenbereichen der klassischen &amp; modernen Fotografie kommen. Sei es nun die Fotografie in Schwarz-Wei\u00df; die Erkundung ehemaliger Industriegel\u00e4nde, welche f\u00fcr mich am ehesten \u201eDas Herz des Reviers\u201c widerspiegeln; ausdrucksstarke Portraits oder farbenfrohe Naturaufnahmen. Ganz egal! Es gelingt einfach jedem fotografischen Thema, meine Neugierde darauf zu erwecken. Dar\u00fcber hinaus habe ich aber auch ein ger\u00fctteltes Ma\u00df an Benzin im Blut und mag Autos &amp; Motorr\u00e4der, ganz egal ob nun neu, alt, aufgemotzt oder vollkommen original. Du siehst, die Auswahl an Artikeln &amp; Fotos ist also genauso breit gef\u00e4chert wie meine fotografischen Interessen.","sameAs":["https:\/\/www.maicschulte.de"]}]}},"_links":{"self":[{"href":"https:\/\/www.maicschulte.de\/wordpress\/index.php?rest_route=\/wp\/v2\/posts\/1917","targetHints":{"allow":["GET"]}}],"collection":[{"href":"https:\/\/www.maicschulte.de\/wordpress\/index.php?rest_route=\/wp\/v2\/posts"}],"about":[{"href":"https:\/\/www.maicschulte.de\/wordpress\/index.php?rest_route=\/wp\/v2\/types\/post"}],"author":[{"embeddable":true,"href":"https:\/\/www.maicschulte.de\/wordpress\/index.php?rest_route=\/wp\/v2\/users\/1"}],"replies":[{"embeddable":true,"href":"https:\/\/www.maicschulte.de\/wordpress\/index.php?rest_route=%2Fwp%2Fv2%2Fcomments&post=1917"}],"version-history":[{"count":2,"href":"https:\/\/www.maicschulte.de\/wordpress\/index.php?rest_route=\/wp\/v2\/posts\/1917\/revisions"}],"predecessor-version":[{"id":12100,"href":"https:\/\/www.maicschulte.de\/wordpress\/index.php?rest_route=\/wp\/v2\/posts\/1917\/revisions\/12100"}],"wp:featuredmedia":[{"embeddable":true,"href":"https:\/\/www.maicschulte.de\/wordpress\/index.php?rest_route=\/wp\/v2\/media\/10513"}],"wp:attachment":[{"href":"https:\/\/www.maicschulte.de\/wordpress\/index.php?rest_route=%2Fwp%2Fv2%2Fmedia&parent=1917"}],"wp:term":[{"taxonomy":"category","embeddable":true,"href":"https:\/\/www.maicschulte.de\/wordpress\/index.php?rest_route=%2Fwp%2Fv2%2Fcategories&post=1917"},{"taxonomy":"post_tag","embeddable":true,"href":"https:\/\/www.maicschulte.de\/wordpress\/index.php?rest_route=%2Fwp%2Fv2%2Ftags&post=1917"}],"curies":[{"name":"wp","href":"https:\/\/api.w.org\/{rel}","templated":true}]}}