{"id":2018,"date":"2014-01-15T17:44:04","date_gmt":"2014-01-15T16:44:04","guid":{"rendered":"https:\/\/www.maicschulte.de\/?p=2018"},"modified":"2023-06-04T14:21:55","modified_gmt":"2023-06-04T13:21:55","slug":"%d7%a9%d7%9c%d7%95%d7%9d-hebr-schalom-guten-tag","status":"publish","type":"post","link":"https:\/\/www.maicschulte.de\/wordpress\/?p=2018","title":{"rendered":"\u05e9\u05dc\u05d5\u05dd (hebr. [schalom] \u201eFrieden\u201c)"},"content":{"rendered":"<div class=\"wp-block-image\">\n<figure class=\"aligncenter\"><a href=\"https:\/\/www.maicschulte.de\/wordpress\/wp-content\/uploads\/2014\/01\/Angelehnt.jpg\" data-rel=\"lightbox-gallery-0\" data-rl_title data-rl_caption title><img loading=\"lazy\" decoding=\"async\" width=\"1048\" height=\"674\" src=\"https:\/\/www.maicschulte.de\/wordpress\/wp-content\/uploads\/2014\/01\/Angelehnt.jpg\" alt=\"Angelehnt\" class=\"wp-image-2021\" srcset=\"https:\/\/www.maicschulte.de\/wordpress\/wp-content\/uploads\/2014\/01\/Angelehnt.jpg 1048w, https:\/\/www.maicschulte.de\/wordpress\/wp-content\/uploads\/2014\/01\/Angelehnt-300x193.jpg 300w, https:\/\/www.maicschulte.de\/wordpress\/wp-content\/uploads\/2014\/01\/Angelehnt-768x494.jpg 768w, https:\/\/www.maicschulte.de\/wordpress\/wp-content\/uploads\/2014\/01\/Angelehnt-816x525.jpg 816w, https:\/\/www.maicschulte.de\/wordpress\/wp-content\/uploads\/2014\/01\/Angelehnt-583x375.jpg 583w\" sizes=\"auto, (max-width: 1048px) 100vw, 1048px\"><\/a><\/figure>\n<\/div>\n\n\n<p>Schon vor eini\u00adger Zeit habe ich mich mit der Frage besch\u00e4f\u00adtigt, ob es sich wohl geh\u00f6rt, dass man auf einen Fried\u00adhof geht um dort zu foto\u00adgra\u00adfie\u00adren. Nicht zuletzt des\u00adwe\u00adgen, weil ich die Fotos ja sp\u00e4ter auch in meinem Blog zeigen m\u00f6chte und diese dann f\u00fcr jeden \u00f6ffent\u00adlich sicht\u00adbar&nbsp;sind.<\/p>\n\n\n\n<!--more-->\n\n\n\n<p>Nach reif\u00adli\u00adcher \u00dcber\u00adle\u00adgung bin ich aber f\u00fcr mich zu dem Ent\u00adschluss gekom\u00admen, dass man dies ganz sicher darf, sofern man mit den Themen \u201cTod\u201d &amp; \u201cFried\u00adhof\u201d behut\u00adsam und vor allem respekt\u00advoll umgeht. Ich denke aber, dass mir dies mit der vor\u00adlie\u00adgen\u00adden Mini-Foto\u00adstre\u00adcke gelun\u00adgen sein d\u00fcrfte.<\/p>\n\n\n\n<p>\u00dcber\u00adhaupt stellt diese Foto-Stre\u00adcke eine Beson\u00adder\u00adheit bzw. eine Pre\u00admie\u00adre f\u00fcr meinem Blog dar, und dies mal ganz abge\u00adse\u00adhen vom zugrun\u00adde lie\u00adgen\u00adden Thema. Zum ersten Mal sind nicht alle Fotos in diesem Arti\u00adkel von mir selbst foto\u00adgra\u00adfiert worden, auch wenn diese alle unter dem Logo dieses Blogs ver\u00adeint gezeigt werden. Wie es dazu gekom\u00admen ist, m\u00f6chte ich mit ein paar Worten erkl\u00e4ren&nbsp;;-)<\/p>\n\n\n\n<p>Nicht zuletzt wegen man\u00adgeln\u00adder Orts\u00adkennt\u00adnis, habe ich von dem Ange\u00adbot einer ganz lieben Freun\u00addin Gebrauch gemacht und sie ein\u00adfach ein\u00adge\u00adla\u00adden, diese Foto-Tour mit mir gemein\u00adsam zu bestrei\u00adten. Da sie selber auch foto\u00adgra\u00adfiert \u2014 und das rich\u00adtig gut! \u2014 ist meine Kamera w\u00e4h\u00adrend der Exkur\u00adsi\u00adon stets von einer Hand in die andere gegan\u00adgen und letzt\u00adend\u00adlich k\u00f6nnen wir jetzt gar nicht mehr sagen, wer wel\u00adches Motiv foto\u00adgra\u00adfiert hat. Dies geht aber v\u00f6llig in Ord\u00adnung, da sie selbst \u00fcber keine eigene Inter\u00adnet-Pr\u00e4\u00adsenz ver\u00adf\u00fcgt und somit die Gele\u00adgen\u00adheit bekommt, auch mal eines Ihrer Werke im Netz bewun\u00addern zu d\u00fcrfen&nbsp;;-)<\/p>\n\n\n\n<p>Als Loca\u00adti\u00adon hat uns der soge\u00adnann\u00adte \u201cJuden\u00adbusch\u201d in Dors\u00adten gedient. Es han\u00addelt sich dabei um ein klei\u00adnes sehr natur\u00adbe\u00adlas\u00adse\u00adnes Wald\u00adst\u00fcck, in dem sich ein alter j\u00fcdi\u00adscher Fried\u00adhof befin\u00addet, der bis zum heu\u00adti\u00adgen Tage erhal\u00adten und gepflegt wird. Bestat\u00adtet wird dort heute aber meines Wis\u00adsens nach nie\u00admand mehr und die noch vor\u00adhan\u00adde\u00adnen Gr\u00e4ber sind auch alle\u00adsamt schon sehr alt. Zumin\u00addest kann man dies den Grab\u00adstei\u00adnen ent\u00adneh\u00admen, die neben hebr\u00e4i\u00adschen Schrift\u00adzei\u00adchen zum Teil auch in latei\u00adni\u00adschen Let\u00adtern gra\u00adviert worden sind. Spe\u00adzi\u00adell das Hebr\u00e4i\u00adsche, wel\u00adches auf uns Euro\u00adp\u00e4\u00ader ja erst einmal fremd wirkt, hat mich sehr fas\u00adzi\u00adniert und zugleich auch neu\u00adgie\u00adrig gemacht. Wer mag hier liegen? Welche Geschich\u00adte ver\u00adsteckt sich hinter dieser Person? War es ein erf\u00fcll\u00adtes Leben oder ein mit Leid und Qualen gespick\u00adter Lebens\u00adweg? Man\u00adgels Kennt\u00adnis dieser f\u00fcr mich kom\u00adplett frem\u00adden Spra\u00adche, werde ich es wohl nie erfahren&nbsp;\u2026<\/p>\n\n\n\n<p>Trotz\u00addem fand ich es sch\u00f6n zu sehen, dass dieser Ort mit seiner wech\u00adsel\u00adhaf\u00adten Geschich\u00adte \u2014 auf die ich hier aber nicht n\u00e4her ein\u00adge\u00adhen werde \u2014 immer noch f\u00fcr die Nach\u00adwelt erhal\u00adten wird und dem\u00adje\u00adni\u00adgen, der sich damit aus\u00adein\u00adan\u00adder\u00adset\u00adzen m\u00f6chte, zum Nach\u00adden\u00adken anregt und zum Ver\u00adwei\u00adlen einl\u00e4dt.<\/p>\n\n\n\n<p>Res\u00fc\u00admie\u00adrend kann ich aber sagen, dass mich dieser Ort der Ruhe und der Andacht sehr fas\u00adzi\u00adniert hat und dies garan\u00adtiert nicht mein letz\u00adter Besuch dort gewe\u00adsen ist. Schon jetzt erwar\u00adte ich mit gro\u00dfer Span\u00adnung, wie sich dieser Ort wohl im Sommer seinen Besu\u00adchern pr\u00e4\u00adsen\u00adtiert. Dann, wenn alles bl\u00fcht, die B\u00e4ume ihr Bl\u00e4t\u00adter\u00addach \u00fcber diesen Fried\u00adhof auf\u00adge\u00adspannt haben und die Natur vor Lebens\u00adkraft \u00fcber\u00adzu\u00adsch\u00e4u\u00admen scheint. Es wird also auf jeden Fall eine wei\u00adte\u00adre Foto-Stre\u00adcke von diesem Ort der Ruhe auf diesem Blog geben. Versprochen!<\/p>\n\n\n\n<p>Bis dahin ver\u00adblei\u00adbe ich mit einem freund\u00adli\u00adchen \u201chali\u00adtra\u00adot\u201d (hebr\u00e4\u00adisch: \u2018Auf Wie\u00adder\u00adse\u00adhen\u2019) und einem \u201ctoda\u201d (hebr\u00e4\u00adisch \u2018Danke\u2019) f\u00fcr das Anschau\u00aden der Bilder und das Lesen des Artikels&nbsp;;-)<\/p>\n\n\n<div class=\"wp-block-image\">\n<figure class=\"aligncenter\"><a href=\"https:\/\/www.maicschulte.de\/wordpress\/wp-content\/uploads\/2014\/01\/Cheschwan.jpg\" data-rel=\"lightbox-gallery-0\" data-rl_title data-rl_caption title><img loading=\"lazy\" decoding=\"async\" width=\"609\" height=\"860\" src=\"https:\/\/www.maicschulte.de\/wordpress\/wp-content\/uploads\/2014\/01\/Cheschwan.jpg\" alt=\"Cheschwan\" class=\"wp-image-2022\" srcset=\"https:\/\/www.maicschulte.de\/wordpress\/wp-content\/uploads\/2014\/01\/Cheschwan.jpg 609w, https:\/\/www.maicschulte.de\/wordpress\/wp-content\/uploads\/2014\/01\/Cheschwan-212x300.jpg 212w, https:\/\/www.maicschulte.de\/wordpress\/wp-content\/uploads\/2014\/01\/Cheschwan-372x525.jpg 372w, https:\/\/www.maicschulte.de\/wordpress\/wp-content\/uploads\/2014\/01\/Cheschwan-266x375.jpg 266w\" sizes=\"auto, (max-width: 609px) 100vw, 609px\"><\/a><\/figure>\n<\/div>\n\n<div class=\"wp-block-image\">\n<figure class=\"aligncenter\"><a href=\"https:\/\/www.maicschulte.de\/wordpress\/wp-content\/uploads\/2014\/01\/Des-Kaufmanns-Ruhestatt.jpg\" data-rel=\"lightbox-gallery-0\" data-rl_title data-rl_caption title><img loading=\"lazy\" decoding=\"async\" width=\"581\" height=\"860\" src=\"https:\/\/www.maicschulte.de\/wordpress\/wp-content\/uploads\/2014\/01\/Des-Kaufmanns-Ruhestatt.jpg\" alt=\"Des Kaufmanns Ruhestatt\" class=\"wp-image-2023\" srcset=\"https:\/\/www.maicschulte.de\/wordpress\/wp-content\/uploads\/2014\/01\/Des-Kaufmanns-Ruhestatt.jpg 581w, https:\/\/www.maicschulte.de\/wordpress\/wp-content\/uploads\/2014\/01\/Des-Kaufmanns-Ruhestatt-203x300.jpg 203w, https:\/\/www.maicschulte.de\/wordpress\/wp-content\/uploads\/2014\/01\/Des-Kaufmanns-Ruhestatt-355x525.jpg 355w, https:\/\/www.maicschulte.de\/wordpress\/wp-content\/uploads\/2014\/01\/Des-Kaufmanns-Ruhestatt-253x375.jpg 253w\" sizes=\"auto, (max-width: 581px) 100vw, 581px\"><\/a><\/figure>\n<\/div>\n\n<div class=\"wp-block-image\">\n<figure class=\"aligncenter\"><a href=\"https:\/\/www.maicschulte.de\/wordpress\/wp-content\/uploads\/2014\/01\/Gut-beschirmt.jpg\" data-rel=\"lightbox-gallery-0\" data-rl_title data-rl_caption title><img loading=\"lazy\" decoding=\"async\" width=\"630\" height=\"860\" src=\"https:\/\/www.maicschulte.de\/wordpress\/wp-content\/uploads\/2014\/01\/Gut-beschirmt.jpg\" alt=\"Gut beschirmt\" class=\"wp-image-2024\" srcset=\"https:\/\/www.maicschulte.de\/wordpress\/wp-content\/uploads\/2014\/01\/Gut-beschirmt.jpg 630w, https:\/\/www.maicschulte.de\/wordpress\/wp-content\/uploads\/2014\/01\/Gut-beschirmt-220x300.jpg 220w, https:\/\/www.maicschulte.de\/wordpress\/wp-content\/uploads\/2014\/01\/Gut-beschirmt-385x525.jpg 385w, https:\/\/www.maicschulte.de\/wordpress\/wp-content\/uploads\/2014\/01\/Gut-beschirmt-275x375.jpg 275w\" sizes=\"auto, (max-width: 630px) 100vw, 630px\"><\/a><\/figure>\n<\/div>\n\n<div class=\"wp-block-image\">\n<figure class=\"aligncenter\"><a href=\"https:\/\/www.maicschulte.de\/wordpress\/wp-content\/uploads\/2014\/01\/Lichtstreif.jpg\" data-rel=\"lightbox-gallery-0\" data-rl_title data-rl_caption title><img loading=\"lazy\" decoding=\"async\" width=\"608\" height=\"860\" src=\"https:\/\/www.maicschulte.de\/wordpress\/wp-content\/uploads\/2014\/01\/Lichtstreif.jpg\" alt=\"Lichtstreif\" class=\"wp-image-2027\" srcset=\"https:\/\/www.maicschulte.de\/wordpress\/wp-content\/uploads\/2014\/01\/Lichtstreif.jpg 608w, https:\/\/www.maicschulte.de\/wordpress\/wp-content\/uploads\/2014\/01\/Lichtstreif-212x300.jpg 212w, https:\/\/www.maicschulte.de\/wordpress\/wp-content\/uploads\/2014\/01\/Lichtstreif-371x525.jpg 371w, https:\/\/www.maicschulte.de\/wordpress\/wp-content\/uploads\/2014\/01\/Lichtstreif-265x375.jpg 265w\" sizes=\"auto, (max-width: 608px) 100vw, 608px\"><\/a><\/figure>\n<\/div>\n\n<div class=\"wp-block-image\">\n<figure class=\"aligncenter\"><a href=\"https:\/\/www.maicschulte.de\/wordpress\/wp-content\/uploads\/2014\/01\/Zierlich.jpg\" data-rel=\"lightbox-gallery-0\" data-rl_title data-rl_caption title><img loading=\"lazy\" decoding=\"async\" width=\"581\" height=\"860\" src=\"https:\/\/www.maicschulte.de\/wordpress\/wp-content\/uploads\/2014\/01\/Zierlich.jpg\" alt=\"Zierlich\" class=\"wp-image-2031\" srcset=\"https:\/\/www.maicschulte.de\/wordpress\/wp-content\/uploads\/2014\/01\/Zierlich.jpg 581w, https:\/\/www.maicschulte.de\/wordpress\/wp-content\/uploads\/2014\/01\/Zierlich-203x300.jpg 203w, https:\/\/www.maicschulte.de\/wordpress\/wp-content\/uploads\/2014\/01\/Zierlich-355x525.jpg 355w, https:\/\/www.maicschulte.de\/wordpress\/wp-content\/uploads\/2014\/01\/Zierlich-253x375.jpg 253w\" sizes=\"auto, (max-width: 581px) 100vw, 581px\"><\/a><\/figure>\n<\/div>\n\n<div class=\"wp-block-image\">\n<figure class=\"aligncenter\"><a href=\"https:\/\/www.maicschulte.de\/wordpress\/wp-content\/uploads\/2014\/01\/Vertrocknet.jpg\" data-rel=\"lightbox-gallery-0\" data-rl_title data-rl_caption title><img loading=\"lazy\" decoding=\"async\" width=\"581\" height=\"860\" src=\"https:\/\/www.maicschulte.de\/wordpress\/wp-content\/uploads\/2014\/01\/Vertrocknet.jpg\" alt=\"Vertrocknet\" class=\"wp-image-2030\" srcset=\"https:\/\/www.maicschulte.de\/wordpress\/wp-content\/uploads\/2014\/01\/Vertrocknet.jpg 581w, https:\/\/www.maicschulte.de\/wordpress\/wp-content\/uploads\/2014\/01\/Vertrocknet-203x300.jpg 203w, https:\/\/www.maicschulte.de\/wordpress\/wp-content\/uploads\/2014\/01\/Vertrocknet-355x525.jpg 355w, https:\/\/www.maicschulte.de\/wordpress\/wp-content\/uploads\/2014\/01\/Vertrocknet-253x375.jpg 253w\" sizes=\"auto, (max-width: 581px) 100vw, 581px\"><\/a><\/figure>\n<\/div>\n\n<div class=\"wp-block-image\">\n<figure class=\"aligncenter\"><a href=\"https:\/\/www.maicschulte.de\/wordpress\/wp-content\/uploads\/2014\/01\/Hebr\u00e4isch.jpg\" data-rel=\"lightbox-gallery-0\" data-rl_title data-rl_caption title><img loading=\"lazy\" decoding=\"async\" width=\"542\" height=\"860\" src=\"https:\/\/www.maicschulte.de\/wordpress\/wp-content\/uploads\/2014\/01\/Hebr\u00e4isch.jpg\" alt=\"Hebr\u00e4isch\" class=\"wp-image-2025\" srcset=\"https:\/\/www.maicschulte.de\/wordpress\/wp-content\/uploads\/2014\/01\/Hebr\u00e4isch.jpg 542w, https:\/\/www.maicschulte.de\/wordpress\/wp-content\/uploads\/2014\/01\/Hebr\u00e4isch-189x300.jpg 189w, https:\/\/www.maicschulte.de\/wordpress\/wp-content\/uploads\/2014\/01\/Hebr\u00e4isch-331x525.jpg 331w, https:\/\/www.maicschulte.de\/wordpress\/wp-content\/uploads\/2014\/01\/Hebr\u00e4isch-236x375.jpg 236w\" sizes=\"auto, (max-width: 542px) 100vw, 542px\"><\/a><\/figure>\n<\/div>\n\n<div class=\"wp-block-image\">\n<figure class=\"aligncenter\"><a href=\"https:\/\/www.maicschulte.de\/wordpress\/wp-content\/uploads\/2014\/01\/Hinterm-Baum.jpg\" data-rel=\"lightbox-gallery-0\" data-rl_title data-rl_caption title><img loading=\"lazy\" decoding=\"async\" width=\"583\" height=\"860\" src=\"https:\/\/www.maicschulte.de\/wordpress\/wp-content\/uploads\/2014\/01\/Hinterm-Baum.jpg\" alt=\"Hinterm Baum\" class=\"wp-image-2026\" srcset=\"https:\/\/www.maicschulte.de\/wordpress\/wp-content\/uploads\/2014\/01\/Hinterm-Baum.jpg 583w, https:\/\/www.maicschulte.de\/wordpress\/wp-content\/uploads\/2014\/01\/Hinterm-Baum-203x300.jpg 203w, https:\/\/www.maicschulte.de\/wordpress\/wp-content\/uploads\/2014\/01\/Hinterm-Baum-356x525.jpg 356w, https:\/\/www.maicschulte.de\/wordpress\/wp-content\/uploads\/2014\/01\/Hinterm-Baum-254x375.jpg 254w\" sizes=\"auto, (max-width: 583px) 100vw, 583px\"><\/a><\/figure>\n<\/div>\n\n<div class=\"wp-block-image\">\n<figure class=\"aligncenter\"><a href=\"https:\/\/www.maicschulte.de\/wordpress\/wp-content\/uploads\/2014\/01\/Nachz\u00fcgler.jpg\" data-rel=\"lightbox-gallery-0\" data-rl_title data-rl_caption title><img loading=\"lazy\" decoding=\"async\" width=\"1048\" height=\"694\" src=\"https:\/\/www.maicschulte.de\/wordpress\/wp-content\/uploads\/2014\/01\/Nachz\u00fcgler.jpg\" alt=\"Nachz\u00fcgler\" class=\"wp-image-2028\" srcset=\"https:\/\/www.maicschulte.de\/wordpress\/wp-content\/uploads\/2014\/01\/Nachz\u00fcgler.jpg 1048w, https:\/\/www.maicschulte.de\/wordpress\/wp-content\/uploads\/2014\/01\/Nachz\u00fcgler-300x199.jpg 300w, https:\/\/www.maicschulte.de\/wordpress\/wp-content\/uploads\/2014\/01\/Nachz\u00fcgler-768x509.jpg 768w, https:\/\/www.maicschulte.de\/wordpress\/wp-content\/uploads\/2014\/01\/Nachz\u00fcgler-793x525.jpg 793w, https:\/\/www.maicschulte.de\/wordpress\/wp-content\/uploads\/2014\/01\/Nachz\u00fcgler-120x80.jpg 120w, https:\/\/www.maicschulte.de\/wordpress\/wp-content\/uploads\/2014\/01\/Nachz\u00fcgler-566x375.jpg 566w\" sizes=\"auto, (max-width: 1048px) 100vw, 1048px\"><\/a><\/figure>\n<\/div>\n\n<div class=\"wp-block-image\">\n<figure class=\"aligncenter\"><a href=\"https:\/\/www.maicschulte.de\/wordpress\/wp-content\/uploads\/2014\/01\/Nah-beisammen.jpg\" data-rel=\"lightbox-gallery-0\" data-rl_title data-rl_caption title><img loading=\"lazy\" decoding=\"async\" width=\"798\" height=\"860\" src=\"https:\/\/www.maicschulte.de\/wordpress\/wp-content\/uploads\/2014\/01\/Nah-beisammen.jpg\" alt=\"Nah beisammen\" class=\"wp-image-2029\" srcset=\"https:\/\/www.maicschulte.de\/wordpress\/wp-content\/uploads\/2014\/01\/Nah-beisammen.jpg 798w, https:\/\/www.maicschulte.de\/wordpress\/wp-content\/uploads\/2014\/01\/Nah-beisammen-278x300.jpg 278w, https:\/\/www.maicschulte.de\/wordpress\/wp-content\/uploads\/2014\/01\/Nah-beisammen-768x828.jpg 768w, https:\/\/www.maicschulte.de\/wordpress\/wp-content\/uploads\/2014\/01\/Nah-beisammen-487x525.jpg 487w, https:\/\/www.maicschulte.de\/wordpress\/wp-content\/uploads\/2014\/01\/Nah-beisammen-348x375.jpg 348w\" sizes=\"auto, (max-width: 798px) 100vw, 798px\"><\/a><\/figure>\n<\/div>\n\n\n<p>Lesens\u00adwer\u00adte&nbsp;Links:<\/p>\n\n\n\n<p><a title=\"Die Geschichte des Lagers an der Schleuse\" href=\"http:\/\/www.dorsten-unterm-hakenkreuz.de\/2012\/05\/28\/die-geschichte-des-lagers-an-der-schleuse-im-judenbusch-robbten-osterreichische-sa-manner-unterkunft-fur-soldaten-kriegsgefangene-fluchtlinge-und-obdachlose\/\" target=\"_blank\" rel=\"noopener noreferrer\">Die Geschich\u00adte des Lagers an der Schleuse<\/a><\/p>\n\n\n\n<p><a title=\"J\u00fcdisches Museum Dorsten\" href=\"http:\/\/www.jmw-dorsten.de\/\" target=\"_blank\" rel=\"noopener noreferrer\">J\u00fcdi\u00adsches Museum Dorsten<\/a><\/p>\n","protected":false},"excerpt":{"rendered":"<p>Schon vor eini\u00adger Zeit habe ich mich mit der Frage besch\u00e4f\u00adtigt, ob es sich wohl geh\u00f6rt, dass man auf einen Fried\u00adhof geht um dort zu foto\u00adgra\u00adfie\u00adren. Nicht zuletzt des\u00adwe\u00adgen, weil ich die Fotos ja sp\u00e4ter auch in meinem Blog zeigen m\u00f6chte und diese dann f\u00fcr jeden \u00f6ffent\u00adlich sicht\u00adbar&nbsp;sind.<\/p>\n","protected":false},"author":1,"featured_media":2021,"comment_status":"open","ping_status":"open","sticky":false,"template":"","format":"standard","meta":{"wp_typography_post_enhancements_disabled":false,"footnotes":""},"categories":[1,1279],"tags":[329,333,334,332,65],"class_list":["post-2018","post","type-post","status-publish","format-standard","has-post-thumbnail","hentry","category-artikel","category-chronologisch","tag-dorsten","tag-friedhof","tag-grab","tag-judenbusch","tag-natur"],"yoast_head":"<!-- This site is optimized with the Yoast SEO plugin v27.5 - https:\/\/yoast.com\/product\/yoast-seo-wordpress\/ -->\n<title>\u05e9\u05dc\u05d5\u05dd (hebr. [schalom] \u201eFrieden\u201c) - Maic Schulte<\/title>\n<meta name=\"description\" content=\"\u05e9\u05dc\u05d5\u05dd (hebr. [schalom] \u201eFrieden\u201c) - Artikel - Maic Schulte - Fotografie - Ruhrgebiet - Industrie - Portrait - Events - Autos - Rockabilly - Kunst - Schwarzwei\u00df\" \/>\n<meta name=\"robots\" content=\"index, follow, max-snippet:-1, max-image-preview:large, max-video-preview:-1\" \/>\n<link rel=\"canonical\" href=\"https:\/\/www.maicschulte.de\/wordpress\/?p=2018\" \/>\n<meta property=\"og:locale\" content=\"de_DE\" \/>\n<meta property=\"og:type\" content=\"article\" \/>\n<meta property=\"og:title\" content=\"\u05e9\u05dc\u05d5\u05dd (hebr. [schalom] \u201eFrieden\u201c) - Maic Schulte\" \/>\n<meta property=\"og:description\" content=\"\u05e9\u05dc\u05d5\u05dd (hebr. [schalom] \u201eFrieden\u201c) - Artikel - Maic Schulte - Fotografie - Ruhrgebiet - Industrie - Portrait - Events - Autos - Rockabilly - Kunst - Schwarzwei\u00df\" \/>\n<meta property=\"og:url\" content=\"https:\/\/www.maicschulte.de\/wordpress\/?p=2018\" \/>\n<meta property=\"og:site_name\" content=\"Maic Schulte\" \/>\n<meta property=\"article:published_time\" content=\"2014-01-15T16:44:04+00:00\" \/>\n<meta property=\"article:modified_time\" content=\"2023-06-04T13:21:55+00:00\" \/>\n<meta property=\"og:image\" content=\"https:\/\/www.maicschulte.de\/wordpress\/wp-content\/uploads\/2014\/01\/Angelehnt.jpg\" \/>\n\t<meta property=\"og:image:width\" content=\"1048\" \/>\n\t<meta property=\"og:image:height\" content=\"674\" \/>\n\t<meta property=\"og:image:type\" content=\"image\/jpeg\" \/>\n<meta name=\"author\" content=\"Maic Schulte\" \/>\n<script type=\"application\/ld+json\" class=\"yoast-schema-graph\">{\"@context\":\"https:\\\/\\\/schema.org\",\"@graph\":[{\"@type\":\"Article\",\"@id\":\"https:\\\/\\\/www.maicschulte.de\\\/wordpress\\\/?p=2018#article\",\"isPartOf\":{\"@id\":\"https:\\\/\\\/www.maicschulte.de\\\/wordpress\\\/?p=2018\"},\"author\":{\"name\":\"Maic Schulte\",\"@id\":\"https:\\\/\\\/www.maicschulte.de\\\/wordpress\\\/#\\\/schema\\\/person\\\/809698f1c7b1655959515001723d716e\"},\"headline\":\"\u05e9\u05dc\u05d5\u05dd (hebr. [schalom] \u201eFrieden\u201c)\",\"datePublished\":\"2014-01-15T16:44:04+00:00\",\"dateModified\":\"2023-06-04T13:21:55+00:00\",\"mainEntityOfPage\":{\"@id\":\"https:\\\/\\\/www.maicschulte.de\\\/wordpress\\\/?p=2018\"},\"wordCount\":600,\"commentCount\":1,\"publisher\":{\"@id\":\"https:\\\/\\\/www.maicschulte.de\\\/wordpress\\\/#\\\/schema\\\/person\\\/809698f1c7b1655959515001723d716e\"},\"image\":{\"@id\":\"https:\\\/\\\/www.maicschulte.de\\\/wordpress\\\/?p=2018#primaryimage\"},\"thumbnailUrl\":\"https:\\\/\\\/www.maicschulte.de\\\/wordpress\\\/wp-content\\\/uploads\\\/2014\\\/01\\\/Angelehnt.jpg\",\"keywords\":[\"Dorsten\",\"Friedhof\",\"Grab\",\"Judenbusch\",\"Natur\"],\"articleSection\":[\"Artikel\",\"Chronologisch\"],\"inLanguage\":\"de\",\"potentialAction\":[{\"@type\":\"CommentAction\",\"name\":\"Comment\",\"target\":[\"https:\\\/\\\/www.maicschulte.de\\\/wordpress\\\/?p=2018#respond\"]}]},{\"@type\":\"WebPage\",\"@id\":\"https:\\\/\\\/www.maicschulte.de\\\/wordpress\\\/?p=2018\",\"url\":\"https:\\\/\\\/www.maicschulte.de\\\/wordpress\\\/?p=2018\",\"name\":\"\u05e9\u05dc\u05d5\u05dd (hebr. [schalom] \u201eFrieden\u201c) - Maic Schulte\",\"isPartOf\":{\"@id\":\"https:\\\/\\\/www.maicschulte.de\\\/wordpress\\\/#website\"},\"primaryImageOfPage\":{\"@id\":\"https:\\\/\\\/www.maicschulte.de\\\/wordpress\\\/?p=2018#primaryimage\"},\"image\":{\"@id\":\"https:\\\/\\\/www.maicschulte.de\\\/wordpress\\\/?p=2018#primaryimage\"},\"thumbnailUrl\":\"https:\\\/\\\/www.maicschulte.de\\\/wordpress\\\/wp-content\\\/uploads\\\/2014\\\/01\\\/Angelehnt.jpg\",\"datePublished\":\"2014-01-15T16:44:04+00:00\",\"dateModified\":\"2023-06-04T13:21:55+00:00\",\"description\":\"\u05e9\u05dc\u05d5\u05dd (hebr. [schalom] \u201eFrieden\u201c) - Artikel - Maic Schulte - Fotografie - Ruhrgebiet - Industrie - Portrait - Events - Autos - Rockabilly - Kunst - Schwarzwei\u00df\",\"breadcrumb\":{\"@id\":\"https:\\\/\\\/www.maicschulte.de\\\/wordpress\\\/?p=2018#breadcrumb\"},\"inLanguage\":\"de\",\"potentialAction\":[{\"@type\":\"ReadAction\",\"target\":[\"https:\\\/\\\/www.maicschulte.de\\\/wordpress\\\/?p=2018\"]}]},{\"@type\":\"ImageObject\",\"inLanguage\":\"de\",\"@id\":\"https:\\\/\\\/www.maicschulte.de\\\/wordpress\\\/?p=2018#primaryimage\",\"url\":\"https:\\\/\\\/www.maicschulte.de\\\/wordpress\\\/wp-content\\\/uploads\\\/2014\\\/01\\\/Angelehnt.jpg\",\"contentUrl\":\"https:\\\/\\\/www.maicschulte.de\\\/wordpress\\\/wp-content\\\/uploads\\\/2014\\\/01\\\/Angelehnt.jpg\",\"width\":1048,\"height\":674},{\"@type\":\"BreadcrumbList\",\"@id\":\"https:\\\/\\\/www.maicschulte.de\\\/wordpress\\\/?p=2018#breadcrumb\",\"itemListElement\":[{\"@type\":\"ListItem\",\"position\":1,\"name\":\"Startseite\",\"item\":\"https:\\\/\\\/www.maicschulte.de\\\/wordpress\"},{\"@type\":\"ListItem\",\"position\":2,\"name\":\"\u05e9\u05dc\u05d5\u05dd (hebr. [schalom] \u201eFrieden\u201c)\"}]},{\"@type\":\"WebSite\",\"@id\":\"https:\\\/\\\/www.maicschulte.de\\\/wordpress\\\/#website\",\"url\":\"https:\\\/\\\/www.maicschulte.de\\\/wordpress\\\/\",\"name\":\"Maic Schulte\",\"description\":\"Fotografie aus Leidenschaft\",\"publisher\":{\"@id\":\"https:\\\/\\\/www.maicschulte.de\\\/wordpress\\\/#\\\/schema\\\/person\\\/809698f1c7b1655959515001723d716e\"},\"potentialAction\":[{\"@type\":\"SearchAction\",\"target\":{\"@type\":\"EntryPoint\",\"urlTemplate\":\"https:\\\/\\\/www.maicschulte.de\\\/wordpress\\\/?s={search_term_string}\"},\"query-input\":{\"@type\":\"PropertyValueSpecification\",\"valueRequired\":true,\"valueName\":\"search_term_string\"}}],\"inLanguage\":\"de\"},{\"@type\":[\"Person\",\"Organization\"],\"@id\":\"https:\\\/\\\/www.maicschulte.de\\\/wordpress\\\/#\\\/schema\\\/person\\\/809698f1c7b1655959515001723d716e\",\"name\":\"Maic Schulte\",\"image\":{\"@type\":\"ImageObject\",\"inLanguage\":\"de\",\"@id\":\"https:\\\/\\\/www.maicschulte.de\\\/wordpress\\\/wp-content\\\/uploads\\\/2025\\\/05\\\/Chronus_Maic_Schulte_Logo_605px-3.png\",\"url\":\"https:\\\/\\\/www.maicschulte.de\\\/wordpress\\\/wp-content\\\/uploads\\\/2025\\\/05\\\/Chronus_Maic_Schulte_Logo_605px-3.png\",\"contentUrl\":\"https:\\\/\\\/www.maicschulte.de\\\/wordpress\\\/wp-content\\\/uploads\\\/2025\\\/05\\\/Chronus_Maic_Schulte_Logo_605px-3.png\",\"width\":605,\"height\":200,\"caption\":\"Maic Schulte\"},\"logo\":{\"@id\":\"https:\\\/\\\/www.maicschulte.de\\\/wordpress\\\/wp-content\\\/uploads\\\/2025\\\/05\\\/Chronus_Maic_Schulte_Logo_605px-3.png\"},\"description\":\"Seit dem Tag, an dem mein Vater mich mit einer Kamera, einem Objektiv und zwei Illford-Schwarzwei\u00df-Filmen auf Entdeckungs-Tour geschickt hat, begleitet mich das Thema \\\"Fotografie\\\". Basierend auf WordPress, stellt diese Webseite - jetzt und in der Zukunft - eine Heimat f\u00fcr all meine Artikel und Fotos dar, welche wiederum aus allen Themenbereichen der klassischen &amp; modernen Fotografie kommen. Sei es nun die Fotografie in Schwarz-Wei\u00df; die Erkundung ehemaliger Industriegel\u00e4nde, welche f\u00fcr mich am ehesten \u201eDas Herz des Reviers\u201c widerspiegeln; ausdrucksstarke Portraits oder farbenfrohe Naturaufnahmen. Ganz egal! Es gelingt einfach jedem fotografischen Thema, meine Neugierde darauf zu erwecken. Dar\u00fcber hinaus habe ich aber auch ein ger\u00fctteltes Ma\u00df an Benzin im Blut und mag Autos &amp; Motorr\u00e4der, ganz egal ob nun neu, alt, aufgemotzt oder vollkommen original. Du siehst, die Auswahl an Artikeln &amp; Fotos ist also genauso breit gef\u00e4chert wie meine fotografischen Interessen.\",\"sameAs\":[\"https:\\\/\\\/www.maicschulte.de\"]}]}<\/script>\n<!-- \/ Yoast SEO plugin. -->","yoast_head_json":{"title":"\u05e9\u05dc\u05d5\u05dd (hebr. [schalom] \u201eFrieden\u201c) - Maic Schulte","description":"\u05e9\u05dc\u05d5\u05dd (hebr. [schalom] \u201eFrieden\u201c) - Artikel - Maic Schulte - Fotografie - Ruhrgebiet - Industrie - Portrait - Events - Autos - Rockabilly - Kunst - Schwarzwei\u00df","robots":{"index":"index","follow":"follow","max-snippet":"max-snippet:-1","max-image-preview":"max-image-preview:large","max-video-preview":"max-video-preview:-1"},"canonical":"https:\/\/www.maicschulte.de\/wordpress\/?p=2018","og_locale":"de_DE","og_type":"article","og_title":"\u05e9\u05dc\u05d5\u05dd (hebr. [schalom] \u201eFrieden\u201c) - Maic Schulte","og_description":"\u05e9\u05dc\u05d5\u05dd (hebr. [schalom] \u201eFrieden\u201c) - Artikel - Maic Schulte - Fotografie - Ruhrgebiet - Industrie - Portrait - Events - Autos - Rockabilly - Kunst - Schwarzwei\u00df","og_url":"https:\/\/www.maicschulte.de\/wordpress\/?p=2018","og_site_name":"Maic Schulte","article_published_time":"2014-01-15T16:44:04+00:00","article_modified_time":"2023-06-04T13:21:55+00:00","og_image":[{"width":1048,"height":674,"url":"https:\/\/www.maicschulte.de\/wordpress\/wp-content\/uploads\/2014\/01\/Angelehnt.jpg","type":"image\/jpeg"}],"author":"Maic Schulte","schema":{"@context":"https:\/\/schema.org","@graph":[{"@type":"Article","@id":"https:\/\/www.maicschulte.de\/wordpress\/?p=2018#article","isPartOf":{"@id":"https:\/\/www.maicschulte.de\/wordpress\/?p=2018"},"author":{"name":"Maic Schulte","@id":"https:\/\/www.maicschulte.de\/wordpress\/#\/schema\/person\/809698f1c7b1655959515001723d716e"},"headline":"\u05e9\u05dc\u05d5\u05dd (hebr. [schalom] \u201eFrieden\u201c)","datePublished":"2014-01-15T16:44:04+00:00","dateModified":"2023-06-04T13:21:55+00:00","mainEntityOfPage":{"@id":"https:\/\/www.maicschulte.de\/wordpress\/?p=2018"},"wordCount":600,"commentCount":1,"publisher":{"@id":"https:\/\/www.maicschulte.de\/wordpress\/#\/schema\/person\/809698f1c7b1655959515001723d716e"},"image":{"@id":"https:\/\/www.maicschulte.de\/wordpress\/?p=2018#primaryimage"},"thumbnailUrl":"https:\/\/www.maicschulte.de\/wordpress\/wp-content\/uploads\/2014\/01\/Angelehnt.jpg","keywords":["Dorsten","Friedhof","Grab","Judenbusch","Natur"],"articleSection":["Artikel","Chronologisch"],"inLanguage":"de","potentialAction":[{"@type":"CommentAction","name":"Comment","target":["https:\/\/www.maicschulte.de\/wordpress\/?p=2018#respond"]}]},{"@type":"WebPage","@id":"https:\/\/www.maicschulte.de\/wordpress\/?p=2018","url":"https:\/\/www.maicschulte.de\/wordpress\/?p=2018","name":"\u05e9\u05dc\u05d5\u05dd (hebr. [schalom] \u201eFrieden\u201c) - Maic Schulte","isPartOf":{"@id":"https:\/\/www.maicschulte.de\/wordpress\/#website"},"primaryImageOfPage":{"@id":"https:\/\/www.maicschulte.de\/wordpress\/?p=2018#primaryimage"},"image":{"@id":"https:\/\/www.maicschulte.de\/wordpress\/?p=2018#primaryimage"},"thumbnailUrl":"https:\/\/www.maicschulte.de\/wordpress\/wp-content\/uploads\/2014\/01\/Angelehnt.jpg","datePublished":"2014-01-15T16:44:04+00:00","dateModified":"2023-06-04T13:21:55+00:00","description":"\u05e9\u05dc\u05d5\u05dd (hebr. [schalom] \u201eFrieden\u201c) - Artikel - Maic Schulte - Fotografie - Ruhrgebiet - Industrie - Portrait - Events - Autos - Rockabilly - Kunst - Schwarzwei\u00df","breadcrumb":{"@id":"https:\/\/www.maicschulte.de\/wordpress\/?p=2018#breadcrumb"},"inLanguage":"de","potentialAction":[{"@type":"ReadAction","target":["https:\/\/www.maicschulte.de\/wordpress\/?p=2018"]}]},{"@type":"ImageObject","inLanguage":"de","@id":"https:\/\/www.maicschulte.de\/wordpress\/?p=2018#primaryimage","url":"https:\/\/www.maicschulte.de\/wordpress\/wp-content\/uploads\/2014\/01\/Angelehnt.jpg","contentUrl":"https:\/\/www.maicschulte.de\/wordpress\/wp-content\/uploads\/2014\/01\/Angelehnt.jpg","width":1048,"height":674},{"@type":"BreadcrumbList","@id":"https:\/\/www.maicschulte.de\/wordpress\/?p=2018#breadcrumb","itemListElement":[{"@type":"ListItem","position":1,"name":"Startseite","item":"https:\/\/www.maicschulte.de\/wordpress"},{"@type":"ListItem","position":2,"name":"\u05e9\u05dc\u05d5\u05dd (hebr. [schalom] \u201eFrieden\u201c)"}]},{"@type":"WebSite","@id":"https:\/\/www.maicschulte.de\/wordpress\/#website","url":"https:\/\/www.maicschulte.de\/wordpress\/","name":"Maic Schulte","description":"Fotografie aus Leidenschaft","publisher":{"@id":"https:\/\/www.maicschulte.de\/wordpress\/#\/schema\/person\/809698f1c7b1655959515001723d716e"},"potentialAction":[{"@type":"SearchAction","target":{"@type":"EntryPoint","urlTemplate":"https:\/\/www.maicschulte.de\/wordpress\/?s={search_term_string}"},"query-input":{"@type":"PropertyValueSpecification","valueRequired":true,"valueName":"search_term_string"}}],"inLanguage":"de"},{"@type":["Person","Organization"],"@id":"https:\/\/www.maicschulte.de\/wordpress\/#\/schema\/person\/809698f1c7b1655959515001723d716e","name":"Maic Schulte","image":{"@type":"ImageObject","inLanguage":"de","@id":"https:\/\/www.maicschulte.de\/wordpress\/wp-content\/uploads\/2025\/05\/Chronus_Maic_Schulte_Logo_605px-3.png","url":"https:\/\/www.maicschulte.de\/wordpress\/wp-content\/uploads\/2025\/05\/Chronus_Maic_Schulte_Logo_605px-3.png","contentUrl":"https:\/\/www.maicschulte.de\/wordpress\/wp-content\/uploads\/2025\/05\/Chronus_Maic_Schulte_Logo_605px-3.png","width":605,"height":200,"caption":"Maic Schulte"},"logo":{"@id":"https:\/\/www.maicschulte.de\/wordpress\/wp-content\/uploads\/2025\/05\/Chronus_Maic_Schulte_Logo_605px-3.png"},"description":"Seit dem Tag, an dem mein Vater mich mit einer Kamera, einem Objektiv und zwei Illford-Schwarzwei\u00df-Filmen auf Entdeckungs-Tour geschickt hat, begleitet mich das Thema \"Fotografie\". Basierend auf WordPress, stellt diese Webseite - jetzt und in der Zukunft - eine Heimat f\u00fcr all meine Artikel und Fotos dar, welche wiederum aus allen Themenbereichen der klassischen &amp; modernen Fotografie kommen. Sei es nun die Fotografie in Schwarz-Wei\u00df; die Erkundung ehemaliger Industriegel\u00e4nde, welche f\u00fcr mich am ehesten \u201eDas Herz des Reviers\u201c widerspiegeln; ausdrucksstarke Portraits oder farbenfrohe Naturaufnahmen. Ganz egal! Es gelingt einfach jedem fotografischen Thema, meine Neugierde darauf zu erwecken. Dar\u00fcber hinaus habe ich aber auch ein ger\u00fctteltes Ma\u00df an Benzin im Blut und mag Autos &amp; Motorr\u00e4der, ganz egal ob nun neu, alt, aufgemotzt oder vollkommen original. Du siehst, die Auswahl an Artikeln &amp; Fotos ist also genauso breit gef\u00e4chert wie meine fotografischen Interessen.","sameAs":["https:\/\/www.maicschulte.de"]}]}},"_links":{"self":[{"href":"https:\/\/www.maicschulte.de\/wordpress\/index.php?rest_route=\/wp\/v2\/posts\/2018","targetHints":{"allow":["GET"]}}],"collection":[{"href":"https:\/\/www.maicschulte.de\/wordpress\/index.php?rest_route=\/wp\/v2\/posts"}],"about":[{"href":"https:\/\/www.maicschulte.de\/wordpress\/index.php?rest_route=\/wp\/v2\/types\/post"}],"author":[{"embeddable":true,"href":"https:\/\/www.maicschulte.de\/wordpress\/index.php?rest_route=\/wp\/v2\/users\/1"}],"replies":[{"embeddable":true,"href":"https:\/\/www.maicschulte.de\/wordpress\/index.php?rest_route=%2Fwp%2Fv2%2Fcomments&post=2018"}],"version-history":[{"count":8,"href":"https:\/\/www.maicschulte.de\/wordpress\/index.php?rest_route=\/wp\/v2\/posts\/2018\/revisions"}],"predecessor-version":[{"id":14393,"href":"https:\/\/www.maicschulte.de\/wordpress\/index.php?rest_route=\/wp\/v2\/posts\/2018\/revisions\/14393"}],"wp:featuredmedia":[{"embeddable":true,"href":"https:\/\/www.maicschulte.de\/wordpress\/index.php?rest_route=\/wp\/v2\/media\/2021"}],"wp:attachment":[{"href":"https:\/\/www.maicschulte.de\/wordpress\/index.php?rest_route=%2Fwp%2Fv2%2Fmedia&parent=2018"}],"wp:term":[{"taxonomy":"category","embeddable":true,"href":"https:\/\/www.maicschulte.de\/wordpress\/index.php?rest_route=%2Fwp%2Fv2%2Fcategories&post=2018"},{"taxonomy":"post_tag","embeddable":true,"href":"https:\/\/www.maicschulte.de\/wordpress\/index.php?rest_route=%2Fwp%2Fv2%2Ftags&post=2018"}],"curies":[{"name":"wp","href":"https:\/\/api.w.org\/{rel}","templated":true}]}}