{"id":2113,"date":"2014-04-05T10:07:51","date_gmt":"2014-04-05T09:07:51","guid":{"rendered":"https:\/\/www.maicschulte.de\/?p=2113"},"modified":"2021-01-17T20:57:46","modified_gmt":"2021-01-17T19:57:46","slug":"alsumer-berg","status":"publish","type":"post","link":"https:\/\/www.maicschulte.de\/wordpress\/?p=2113","title":{"rendered":"Alsumer Berg"},"content":{"rendered":"\n<div class=\"wp-block-image\"><figure class=\"aligncenter\"><a href=\"https:\/\/www.maicschulte.de\/wordpress\/wp-content\/uploads\/2014\/04\/789.jpg\" data-rel=\"lightbox-gallery-0\" data-rl_title data-rl_caption title><img loading=\"lazy\" decoding=\"async\" width=\"1248\" height=\"647\" src=\"https:\/\/www.maicschulte.de\/wordpress\/wp-content\/uploads\/2014\/04\/789.jpg\" alt=\"789\" class=\"wp-image-2114\" srcset=\"https:\/\/www.maicschulte.de\/wordpress\/wp-content\/uploads\/2014\/04\/789.jpg 1248w, https:\/\/www.maicschulte.de\/wordpress\/wp-content\/uploads\/2014\/04\/789-300x156.jpg 300w, https:\/\/www.maicschulte.de\/wordpress\/wp-content\/uploads\/2014\/04\/789-768x398.jpg 768w, https:\/\/www.maicschulte.de\/wordpress\/wp-content\/uploads\/2014\/04\/789-840x435.jpg 840w, https:\/\/www.maicschulte.de\/wordpress\/wp-content\/uploads\/2014\/04\/789-600x311.jpg 600w\" sizes=\"auto, (max-width: 1248px) 100vw, 1248px\"><\/a><\/figure><\/div>\n\n\n\n<p>Ich muss geste\u00adhen, dass die fol\u00adgen\u00adden Fotos schon etwas l\u00e4nger auf meiner Fest\u00adplat\u00adte schlum\u00admern. Genau genom\u00admen seit 2011, aber irgend\u00adwie waren zwi\u00adschen\u00adzeit\u00adlich andere Foto-Pro\u00adjek\u00adte wich\u00adti\u00adger. Nun gut, jetzt sind sie ja fertig und Ihr k\u00f6nnt Euch mit einer \u2014 eher nicht so bunten \u2014 Mischung aus Indus\u00adtrie und Land\u00adschaft auseinandersetzen.<\/p>\n\n\n\n<!--more-->\n\n\n\n<p>Ent\u00adstan\u00adden ist diese Foto-Stre\u00adcke kom\u00adplett im Umfeld des Alsu\u00admer Bergs in Duis\u00adburg, wel\u00adcher von den \u201cEin\u00adge\u00adbo\u00adre\u00adnen\u201d auch gerne als Beecker Halde bezeich\u00adnet wird. Letzt\u00adend\u00adlich ist dieser Berg nicht mehr als eine Schutt\u00adhal\u00adde, die mitt\u00adler\u00adwei\u00adle aber sch\u00f6n begr\u00fcnt und auch begeh\u00adbar&nbsp;ist.<\/p>\n\n\n\n<p>So krasse Gegen\u00ads\u00e4t\u00adze von Natur und Indus\u00adtrie wird man ver\u00admut\u00adlich an keiner wei\u00adte\u00adren Stelle im Ruhr\u00adge\u00adbiet finden. Einer\u00adseits kann man direkt am Rhein\u00adufer fla\u00adnie\u00adren und den Wellen zuschau\u00aden, ande\u00adrer\u00adseits befin\u00addet sich nur einen Stein\u00adwurf ent\u00adfernt Schwer\u00adindus\u00adtrie vom Feinsten.<\/p>\n\n\n\n<p>Das Namen geben\u00adde Dorf Alsum exis\u00adtiert \u00fcbri\u00adgens schon seit dem zwei\u00adten Welt\u00adkrieg nicht mehr, da es damals nahezu voll\u00adst\u00e4n\u00addig zer\u00adst\u00f6rt wurde und anschlie\u00ad\u00dfend nicht wieder auf\u00adge\u00adbaut worden ist. Ein Kreuz, an der Spitze der Halde, erin\u00adnert aber bis zum heu\u00adti\u00adgen Tage an den ver\u00adlo\u00adren gegan\u00adge\u00adnen&nbsp;Ort.<\/p>\n\n\n\n<p>Diese Foto-Stre\u00adcke zeigt dann auch Teile des Rhein\u00adufers, das Kraft\u00adwerk Duis\u00adburg-Walsum, Teile der Koke\u00adrei Schwel\u00adgern und einen Teil der Hafen\u00adm\u00fcn\u00addung. Orts\u00adkun\u00addi\u00adge werden sich bestimmt schnell zurechtfinden.<\/p>\n\n\n\n<p>Der Matena-Tunnel \u2014 wel\u00adcher in so man\u00adchem Schi\u00adman\u00adski-Tatort zu sehen gewe\u00adsen ist \u2014 befin\u00addet sich eben\u00adfalls nur einen Stein\u00adwurf vom Alsu\u00admer Berg ent\u00adfernt und wird das Thema einer sp\u00e4\u00adte\u00adren Serie&nbsp;sein.<\/p>\n\n\n\n<p>Nun w\u00fcn\u00adsche ich viel Freude beim durch\u00adst\u00f6\u00adbern dieser Mini-Fotostrecke&nbsp;;-)<\/p>\n\n\n\n<div class=\"wp-block-image\"><figure class=\"aligncenter\"><a href=\"https:\/\/www.maicschulte.de\/wordpress\/wp-content\/uploads\/2014\/04\/Clouds.jpg\" data-rel=\"lightbox-gallery-0\" data-rl_title data-rl_caption title><img loading=\"lazy\" decoding=\"async\" width=\"590\" height=\"860\" src=\"https:\/\/www.maicschulte.de\/wordpress\/wp-content\/uploads\/2014\/04\/Clouds.jpg\" alt=\"Clouds\" class=\"wp-image-2116\" srcset=\"https:\/\/www.maicschulte.de\/wordpress\/wp-content\/uploads\/2014\/04\/Clouds.jpg 590w, https:\/\/www.maicschulte.de\/wordpress\/wp-content\/uploads\/2014\/04\/Clouds-206x300.jpg 206w, https:\/\/www.maicschulte.de\/wordpress\/wp-content\/uploads\/2014\/04\/Clouds-360x525.jpg 360w, https:\/\/www.maicschulte.de\/wordpress\/wp-content\/uploads\/2014\/04\/Clouds-257x375.jpg 257w\" sizes=\"auto, (max-width: 590px) 100vw, 590px\"><\/a><\/figure><\/div>\n\n\n\n<div class=\"wp-block-image\"><figure class=\"aligncenter\"><a href=\"https:\/\/www.maicschulte.de\/wordpress\/wp-content\/uploads\/2014\/04\/Stones.jpg\" data-rel=\"lightbox-gallery-0\" data-rl_title data-rl_caption title><img loading=\"lazy\" decoding=\"async\" width=\"1248\" height=\"709\" src=\"https:\/\/www.maicschulte.de\/wordpress\/wp-content\/uploads\/2014\/04\/Stones.jpg\" alt=\"Stones\" class=\"wp-image-2123\" srcset=\"https:\/\/www.maicschulte.de\/wordpress\/wp-content\/uploads\/2014\/04\/Stones.jpg 1248w, https:\/\/www.maicschulte.de\/wordpress\/wp-content\/uploads\/2014\/04\/Stones-300x170.jpg 300w, https:\/\/www.maicschulte.de\/wordpress\/wp-content\/uploads\/2014\/04\/Stones-768x436.jpg 768w, https:\/\/www.maicschulte.de\/wordpress\/wp-content\/uploads\/2014\/04\/Stones-840x477.jpg 840w, https:\/\/www.maicschulte.de\/wordpress\/wp-content\/uploads\/2014\/04\/Stones-600x341.jpg 600w\" sizes=\"auto, (max-width: 1248px) 100vw, 1248px\"><\/a><\/figure><\/div>\n\n\n\n<div class=\"wp-block-image\"><figure class=\"aligncenter\"><a href=\"https:\/\/www.maicschulte.de\/wordpress\/wp-content\/uploads\/2014\/04\/Plant-I.jpg\" data-rel=\"lightbox-gallery-0\" data-rl_title data-rl_caption title><img loading=\"lazy\" decoding=\"async\" width=\"1248\" height=\"738\" src=\"https:\/\/www.maicschulte.de\/wordpress\/wp-content\/uploads\/2014\/04\/Plant-I.jpg\" alt=\"Plant - I\" class=\"wp-image-2118\" srcset=\"https:\/\/www.maicschulte.de\/wordpress\/wp-content\/uploads\/2014\/04\/Plant-I.jpg 1248w, https:\/\/www.maicschulte.de\/wordpress\/wp-content\/uploads\/2014\/04\/Plant-I-300x177.jpg 300w, https:\/\/www.maicschulte.de\/wordpress\/wp-content\/uploads\/2014\/04\/Plant-I-768x454.jpg 768w, https:\/\/www.maicschulte.de\/wordpress\/wp-content\/uploads\/2014\/04\/Plant-I-840x497.jpg 840w, https:\/\/www.maicschulte.de\/wordpress\/wp-content\/uploads\/2014\/04\/Plant-I-600x355.jpg 600w\" sizes=\"auto, (max-width: 1248px) 100vw, 1248px\"><\/a><\/figure><\/div>\n\n\n\n<div class=\"wp-block-image\"><figure class=\"aligncenter\"><a href=\"https:\/\/www.maicschulte.de\/wordpress\/wp-content\/uploads\/2014\/04\/Plant-II.jpg\" data-rel=\"lightbox-gallery-0\" data-rl_title data-rl_caption title><img loading=\"lazy\" decoding=\"async\" width=\"1248\" height=\"670\" src=\"https:\/\/www.maicschulte.de\/wordpress\/wp-content\/uploads\/2014\/04\/Plant-II.jpg\" alt=\"Plant - II\" class=\"wp-image-2119\" srcset=\"https:\/\/www.maicschulte.de\/wordpress\/wp-content\/uploads\/2014\/04\/Plant-II.jpg 1248w, https:\/\/www.maicschulte.de\/wordpress\/wp-content\/uploads\/2014\/04\/Plant-II-300x161.jpg 300w, https:\/\/www.maicschulte.de\/wordpress\/wp-content\/uploads\/2014\/04\/Plant-II-768x412.jpg 768w, https:\/\/www.maicschulte.de\/wordpress\/wp-content\/uploads\/2014\/04\/Plant-II-840x451.jpg 840w, https:\/\/www.maicschulte.de\/wordpress\/wp-content\/uploads\/2014\/04\/Plant-II-600x322.jpg 600w\" sizes=\"auto, (max-width: 1248px) 100vw, 1248px\"><\/a><\/figure><\/div>\n\n\n\n<div class=\"wp-block-image\"><figure class=\"aligncenter\"><a href=\"https:\/\/www.maicschulte.de\/wordpress\/wp-content\/uploads\/2014\/04\/Plant-III.jpg\" data-rel=\"lightbox-gallery-0\" data-rl_title data-rl_caption title><img loading=\"lazy\" decoding=\"async\" width=\"1248\" height=\"664\" src=\"https:\/\/www.maicschulte.de\/wordpress\/wp-content\/uploads\/2014\/04\/Plant-III.jpg\" alt=\"Plant - III\" class=\"wp-image-2120\" srcset=\"https:\/\/www.maicschulte.de\/wordpress\/wp-content\/uploads\/2014\/04\/Plant-III.jpg 1248w, https:\/\/www.maicschulte.de\/wordpress\/wp-content\/uploads\/2014\/04\/Plant-III-300x160.jpg 300w, https:\/\/www.maicschulte.de\/wordpress\/wp-content\/uploads\/2014\/04\/Plant-III-768x409.jpg 768w, https:\/\/www.maicschulte.de\/wordpress\/wp-content\/uploads\/2014\/04\/Plant-III-840x447.jpg 840w, https:\/\/www.maicschulte.de\/wordpress\/wp-content\/uploads\/2014\/04\/Plant-III-600x319.jpg 600w\" sizes=\"auto, (max-width: 1248px) 100vw, 1248px\"><\/a><\/figure><\/div>\n\n\n\n<div class=\"wp-block-image\"><figure class=\"aligncenter\"><a href=\"https:\/\/www.maicschulte.de\/wordpress\/wp-content\/uploads\/2014\/04\/Lights.jpg\" data-rel=\"lightbox-gallery-0\" data-rl_title data-rl_caption title><img loading=\"lazy\" decoding=\"async\" width=\"1248\" height=\"652\" src=\"https:\/\/www.maicschulte.de\/wordpress\/wp-content\/uploads\/2014\/04\/Lights.jpg\" alt=\"Lights\" class=\"wp-image-2117\" srcset=\"https:\/\/www.maicschulte.de\/wordpress\/wp-content\/uploads\/2014\/04\/Lights.jpg 1248w, https:\/\/www.maicschulte.de\/wordpress\/wp-content\/uploads\/2014\/04\/Lights-300x157.jpg 300w, https:\/\/www.maicschulte.de\/wordpress\/wp-content\/uploads\/2014\/04\/Lights-768x401.jpg 768w, https:\/\/www.maicschulte.de\/wordpress\/wp-content\/uploads\/2014\/04\/Lights-840x439.jpg 840w, https:\/\/www.maicschulte.de\/wordpress\/wp-content\/uploads\/2014\/04\/Lights-600x313.jpg 600w\" sizes=\"auto, (max-width: 1248px) 100vw, 1248px\"><\/a><\/figure><\/div>\n\n\n\n<div class=\"wp-block-image\"><figure class=\"aligncenter\"><a href=\"https:\/\/www.maicschulte.de\/wordpress\/wp-content\/uploads\/2014\/04\/Sehnsucht.jpg\" data-rel=\"lightbox-gallery-0\" data-rl_title data-rl_caption title><img loading=\"lazy\" decoding=\"async\" width=\"1048\" height=\"718\" src=\"https:\/\/www.maicschulte.de\/wordpress\/wp-content\/uploads\/2014\/04\/Sehnsucht.jpg\" alt=\"Sehnsucht\" class=\"wp-image-2122\" srcset=\"https:\/\/www.maicschulte.de\/wordpress\/wp-content\/uploads\/2014\/04\/Sehnsucht.jpg 1048w, https:\/\/www.maicschulte.de\/wordpress\/wp-content\/uploads\/2014\/04\/Sehnsucht-300x206.jpg 300w, https:\/\/www.maicschulte.de\/wordpress\/wp-content\/uploads\/2014\/04\/Sehnsucht-768x526.jpg 768w, https:\/\/www.maicschulte.de\/wordpress\/wp-content\/uploads\/2014\/04\/Sehnsucht-766x525.jpg 766w, https:\/\/www.maicschulte.de\/wordpress\/wp-content\/uploads\/2014\/04\/Sehnsucht-547x375.jpg 547w\" sizes=\"auto, (max-width: 1048px) 100vw, 1048px\"><\/a><\/figure><\/div>\n\n\n\n<div class=\"wp-block-image\"><figure class=\"aligncenter\"><a href=\"https:\/\/www.maicschulte.de\/wordpress\/wp-content\/uploads\/2014\/04\/Am-Rhein.jpg\" data-rel=\"lightbox-gallery-0\" data-rl_title data-rl_caption title><img loading=\"lazy\" decoding=\"async\" width=\"3248\" height=\"606\" src=\"https:\/\/www.maicschulte.de\/wordpress\/wp-content\/uploads\/2014\/04\/Am-Rhein.jpg\" alt=\"Am Rhein\" class=\"wp-image-2115\" srcset=\"https:\/\/www.maicschulte.de\/wordpress\/wp-content\/uploads\/2014\/04\/Am-Rhein.jpg 3248w, https:\/\/www.maicschulte.de\/wordpress\/wp-content\/uploads\/2014\/04\/Am-Rhein-300x56.jpg 300w, https:\/\/www.maicschulte.de\/wordpress\/wp-content\/uploads\/2014\/04\/Am-Rhein-768x143.jpg 768w, https:\/\/www.maicschulte.de\/wordpress\/wp-content\/uploads\/2014\/04\/Am-Rhein-1280x239.jpg 1280w, https:\/\/www.maicschulte.de\/wordpress\/wp-content\/uploads\/2014\/04\/Am-Rhein-840x157.jpg 840w, https:\/\/www.maicschulte.de\/wordpress\/wp-content\/uploads\/2014\/04\/Am-Rhein-600x112.jpg 600w\" sizes=\"auto, (max-width: 3248px) 100vw, 3248px\"><\/a><\/figure><\/div>\n\n\n\n<div class=\"wp-block-image\"><figure class=\"aligncenter\"><a href=\"https:\/\/www.maicschulte.de\/wordpress\/wp-content\/uploads\/2014\/04\/Tower.jpg\" data-rel=\"lightbox-gallery-0\" data-rl_title data-rl_caption title><img loading=\"lazy\" decoding=\"async\" width=\"575\" height=\"860\" src=\"https:\/\/www.maicschulte.de\/wordpress\/wp-content\/uploads\/2014\/04\/Tower.jpg\" alt=\"Tower\" class=\"wp-image-2124\" srcset=\"https:\/\/www.maicschulte.de\/wordpress\/wp-content\/uploads\/2014\/04\/Tower.jpg 575w, https:\/\/www.maicschulte.de\/wordpress\/wp-content\/uploads\/2014\/04\/Tower-201x300.jpg 201w, https:\/\/www.maicschulte.de\/wordpress\/wp-content\/uploads\/2014\/04\/Tower-351x525.jpg 351w, https:\/\/www.maicschulte.de\/wordpress\/wp-content\/uploads\/2014\/04\/Tower-251x375.jpg 251w\" sizes=\"auto, (max-width: 575px) 100vw, 575px\"><\/a><\/figure><\/div>\n\n\n\n<div class=\"wp-block-image\"><figure class=\"aligncenter\"><a href=\"https:\/\/www.maicschulte.de\/wordpress\/wp-content\/uploads\/2014\/04\/789.jpg\" data-rel=\"lightbox-gallery-0\" data-rl_title data-rl_caption title><img loading=\"lazy\" decoding=\"async\" width=\"1248\" height=\"647\" src=\"https:\/\/www.maicschulte.de\/wordpress\/wp-content\/uploads\/2014\/04\/789.jpg\" alt=\"789\" class=\"wp-image-2114\" srcset=\"https:\/\/www.maicschulte.de\/wordpress\/wp-content\/uploads\/2014\/04\/789.jpg 1248w, https:\/\/www.maicschulte.de\/wordpress\/wp-content\/uploads\/2014\/04\/789-300x156.jpg 300w, https:\/\/www.maicschulte.de\/wordpress\/wp-content\/uploads\/2014\/04\/789-768x398.jpg 768w, https:\/\/www.maicschulte.de\/wordpress\/wp-content\/uploads\/2014\/04\/789-840x435.jpg 840w, https:\/\/www.maicschulte.de\/wordpress\/wp-content\/uploads\/2014\/04\/789-600x311.jpg 600w\" sizes=\"auto, (max-width: 1248px) 100vw, 1248px\"><\/a><\/figure><\/div>\n\n\n\n<div class=\"wp-block-image\"><figure class=\"aligncenter\"><a href=\"https:\/\/www.maicschulte.de\/wordpress\/wp-content\/uploads\/2014\/04\/Reaktor.jpg\" data-rel=\"lightbox-gallery-0\" data-rl_title data-rl_caption title><img loading=\"lazy\" decoding=\"async\" width=\"449\" height=\"860\" src=\"https:\/\/www.maicschulte.de\/wordpress\/wp-content\/uploads\/2014\/04\/Reaktor.jpg\" alt=\"Reaktor\" class=\"wp-image-2121\" srcset=\"https:\/\/www.maicschulte.de\/wordpress\/wp-content\/uploads\/2014\/04\/Reaktor.jpg 449w, https:\/\/www.maicschulte.de\/wordpress\/wp-content\/uploads\/2014\/04\/Reaktor-157x300.jpg 157w, https:\/\/www.maicschulte.de\/wordpress\/wp-content\/uploads\/2014\/04\/Reaktor-274x525.jpg 274w, https:\/\/www.maicschulte.de\/wordpress\/wp-content\/uploads\/2014\/04\/Reaktor-196x375.jpg 196w\" sizes=\"auto, (max-width: 449px) 100vw, 449px\"><\/a><\/figure><\/div>\n","protected":false},"excerpt":{"rendered":"<p>Ich muss geste\u00adhen, dass die fol\u00adgen\u00adden Fotos schon etwas l\u00e4nger auf meiner Fest\u00adplat\u00adte schlum\u00admern. Genau genom\u00admen seit 2011, aber irgend\u00adwie waren zwi\u00adschen\u00adzeit\u00adlich andere Foto-Pro\u00ad\u00adjek\u00ad\u00adte wich\u00adti\u00adger. Nun gut, jetzt sind sie ja fertig und Ihr k\u00f6nnt Euch mit einer \u2014 eher nicht so bunten \u2014 Mischung aus Indus\u00adtrie und Land\u00adschaft auseinandersetzen.<\/p>\n","protected":false},"author":1,"featured_media":2114,"comment_status":"open","ping_status":"open","sticky":false,"template":"","format":"standard","meta":{"wp_typography_post_enhancements_disabled":false,"footnotes":""},"categories":[1,1279],"tags":[345,346,243,347,240],"class_list":["post-2113","post","type-post","status-publish","format-standard","has-post-thumbnail","hentry","category-artikel","category-chronologisch","tag-alsumer-berg","tag-beecker-halde","tag-duisburg","tag-kraftwerk-walsum","tag-rhein"],"yoast_head":"<!-- This site is optimized with the Yoast SEO plugin v27.5 - https:\/\/yoast.com\/product\/yoast-seo-wordpress\/ -->\n<title>Alsumer Berg - Maic Schulte<\/title>\n<meta name=\"description\" content=\"Alsumer Berg - Artikel - Maic Schulte - Fotografie - Ruhrgebiet - Industrie - Portrait - Events - Autos - Rockabilly - Kunst - Schwarzwei\u00df\" \/>\n<meta name=\"robots\" content=\"index, follow, max-snippet:-1, max-image-preview:large, max-video-preview:-1\" \/>\n<link rel=\"canonical\" href=\"https:\/\/www.maicschulte.de\/wordpress\/?p=2113\" \/>\n<meta property=\"og:locale\" content=\"de_DE\" \/>\n<meta property=\"og:type\" content=\"article\" \/>\n<meta property=\"og:title\" content=\"Alsumer Berg - Maic Schulte\" \/>\n<meta property=\"og:description\" content=\"Alsumer Berg - Artikel - Maic Schulte - Fotografie - Ruhrgebiet - Industrie - Portrait - Events - Autos - Rockabilly - Kunst - Schwarzwei\u00df\" \/>\n<meta property=\"og:url\" content=\"https:\/\/www.maicschulte.de\/wordpress\/?p=2113\" \/>\n<meta property=\"og:site_name\" content=\"Maic Schulte\" \/>\n<meta property=\"article:published_time\" content=\"2014-04-05T09:07:51+00:00\" \/>\n<meta property=\"article:modified_time\" content=\"2021-01-17T19:57:46+00:00\" \/>\n<meta property=\"og:image\" content=\"https:\/\/www.maicschulte.de\/wordpress\/wp-content\/uploads\/2014\/04\/789.jpg\" \/>\n\t<meta property=\"og:image:width\" content=\"1248\" \/>\n\t<meta property=\"og:image:height\" content=\"647\" \/>\n\t<meta property=\"og:image:type\" content=\"image\/jpeg\" \/>\n<meta name=\"author\" content=\"Maic Schulte\" \/>\n<script type=\"application\/ld+json\" class=\"yoast-schema-graph\">{\"@context\":\"https:\\\/\\\/schema.org\",\"@graph\":[{\"@type\":\"Article\",\"@id\":\"https:\\\/\\\/www.maicschulte.de\\\/wordpress\\\/?p=2113#article\",\"isPartOf\":{\"@id\":\"https:\\\/\\\/www.maicschulte.de\\\/wordpress\\\/?p=2113\"},\"author\":{\"name\":\"Maic Schulte\",\"@id\":\"https:\\\/\\\/www.maicschulte.de\\\/wordpress\\\/#\\\/schema\\\/person\\\/809698f1c7b1655959515001723d716e\"},\"headline\":\"Alsumer Berg\",\"datePublished\":\"2014-04-05T09:07:51+00:00\",\"dateModified\":\"2021-01-17T19:57:46+00:00\",\"mainEntityOfPage\":{\"@id\":\"https:\\\/\\\/www.maicschulte.de\\\/wordpress\\\/?p=2113\"},\"wordCount\":255,\"commentCount\":0,\"publisher\":{\"@id\":\"https:\\\/\\\/www.maicschulte.de\\\/wordpress\\\/#\\\/schema\\\/person\\\/809698f1c7b1655959515001723d716e\"},\"image\":{\"@id\":\"https:\\\/\\\/www.maicschulte.de\\\/wordpress\\\/?p=2113#primaryimage\"},\"thumbnailUrl\":\"https:\\\/\\\/www.maicschulte.de\\\/wordpress\\\/wp-content\\\/uploads\\\/2014\\\/04\\\/789.jpg\",\"keywords\":[\"Alsumer Berg\",\"Beecker Halde\",\"Duisburg\",\"Kraftwerk Walsum\",\"Rhein\"],\"articleSection\":[\"Artikel\",\"Chronologisch\"],\"inLanguage\":\"de\",\"potentialAction\":[{\"@type\":\"CommentAction\",\"name\":\"Comment\",\"target\":[\"https:\\\/\\\/www.maicschulte.de\\\/wordpress\\\/?p=2113#respond\"]}]},{\"@type\":\"WebPage\",\"@id\":\"https:\\\/\\\/www.maicschulte.de\\\/wordpress\\\/?p=2113\",\"url\":\"https:\\\/\\\/www.maicschulte.de\\\/wordpress\\\/?p=2113\",\"name\":\"Alsumer Berg - Maic Schulte\",\"isPartOf\":{\"@id\":\"https:\\\/\\\/www.maicschulte.de\\\/wordpress\\\/#website\"},\"primaryImageOfPage\":{\"@id\":\"https:\\\/\\\/www.maicschulte.de\\\/wordpress\\\/?p=2113#primaryimage\"},\"image\":{\"@id\":\"https:\\\/\\\/www.maicschulte.de\\\/wordpress\\\/?p=2113#primaryimage\"},\"thumbnailUrl\":\"https:\\\/\\\/www.maicschulte.de\\\/wordpress\\\/wp-content\\\/uploads\\\/2014\\\/04\\\/789.jpg\",\"datePublished\":\"2014-04-05T09:07:51+00:00\",\"dateModified\":\"2021-01-17T19:57:46+00:00\",\"description\":\"Alsumer Berg - Artikel - Maic Schulte - Fotografie - Ruhrgebiet - Industrie - Portrait - Events - Autos - Rockabilly - Kunst - Schwarzwei\u00df\",\"breadcrumb\":{\"@id\":\"https:\\\/\\\/www.maicschulte.de\\\/wordpress\\\/?p=2113#breadcrumb\"},\"inLanguage\":\"de\",\"potentialAction\":[{\"@type\":\"ReadAction\",\"target\":[\"https:\\\/\\\/www.maicschulte.de\\\/wordpress\\\/?p=2113\"]}]},{\"@type\":\"ImageObject\",\"inLanguage\":\"de\",\"@id\":\"https:\\\/\\\/www.maicschulte.de\\\/wordpress\\\/?p=2113#primaryimage\",\"url\":\"https:\\\/\\\/www.maicschulte.de\\\/wordpress\\\/wp-content\\\/uploads\\\/2014\\\/04\\\/789.jpg\",\"contentUrl\":\"https:\\\/\\\/www.maicschulte.de\\\/wordpress\\\/wp-content\\\/uploads\\\/2014\\\/04\\\/789.jpg\",\"width\":1248,\"height\":647},{\"@type\":\"BreadcrumbList\",\"@id\":\"https:\\\/\\\/www.maicschulte.de\\\/wordpress\\\/?p=2113#breadcrumb\",\"itemListElement\":[{\"@type\":\"ListItem\",\"position\":1,\"name\":\"Startseite\",\"item\":\"https:\\\/\\\/www.maicschulte.de\\\/wordpress\"},{\"@type\":\"ListItem\",\"position\":2,\"name\":\"Alsumer Berg\"}]},{\"@type\":\"WebSite\",\"@id\":\"https:\\\/\\\/www.maicschulte.de\\\/wordpress\\\/#website\",\"url\":\"https:\\\/\\\/www.maicschulte.de\\\/wordpress\\\/\",\"name\":\"Maic Schulte\",\"description\":\"Fotografie aus Leidenschaft\",\"publisher\":{\"@id\":\"https:\\\/\\\/www.maicschulte.de\\\/wordpress\\\/#\\\/schema\\\/person\\\/809698f1c7b1655959515001723d716e\"},\"potentialAction\":[{\"@type\":\"SearchAction\",\"target\":{\"@type\":\"EntryPoint\",\"urlTemplate\":\"https:\\\/\\\/www.maicschulte.de\\\/wordpress\\\/?s={search_term_string}\"},\"query-input\":{\"@type\":\"PropertyValueSpecification\",\"valueRequired\":true,\"valueName\":\"search_term_string\"}}],\"inLanguage\":\"de\"},{\"@type\":[\"Person\",\"Organization\"],\"@id\":\"https:\\\/\\\/www.maicschulte.de\\\/wordpress\\\/#\\\/schema\\\/person\\\/809698f1c7b1655959515001723d716e\",\"name\":\"Maic Schulte\",\"image\":{\"@type\":\"ImageObject\",\"inLanguage\":\"de\",\"@id\":\"https:\\\/\\\/www.maicschulte.de\\\/wordpress\\\/wp-content\\\/uploads\\\/2025\\\/05\\\/Chronus_Maic_Schulte_Logo_605px-3.png\",\"url\":\"https:\\\/\\\/www.maicschulte.de\\\/wordpress\\\/wp-content\\\/uploads\\\/2025\\\/05\\\/Chronus_Maic_Schulte_Logo_605px-3.png\",\"contentUrl\":\"https:\\\/\\\/www.maicschulte.de\\\/wordpress\\\/wp-content\\\/uploads\\\/2025\\\/05\\\/Chronus_Maic_Schulte_Logo_605px-3.png\",\"width\":605,\"height\":200,\"caption\":\"Maic Schulte\"},\"logo\":{\"@id\":\"https:\\\/\\\/www.maicschulte.de\\\/wordpress\\\/wp-content\\\/uploads\\\/2025\\\/05\\\/Chronus_Maic_Schulte_Logo_605px-3.png\"},\"description\":\"Seit dem Tag, an dem mein Vater mich mit einer Kamera, einem Objektiv und zwei Illford-Schwarzwei\u00df-Filmen auf Entdeckungs-Tour geschickt hat, begleitet mich das Thema \\\"Fotografie\\\". Basierend auf WordPress, stellt diese Webseite - jetzt und in der Zukunft - eine Heimat f\u00fcr all meine Artikel und Fotos dar, welche wiederum aus allen Themenbereichen der klassischen &amp; modernen Fotografie kommen. Sei es nun die Fotografie in Schwarz-Wei\u00df; die Erkundung ehemaliger Industriegel\u00e4nde, welche f\u00fcr mich am ehesten \u201eDas Herz des Reviers\u201c widerspiegeln; ausdrucksstarke Portraits oder farbenfrohe Naturaufnahmen. Ganz egal! Es gelingt einfach jedem fotografischen Thema, meine Neugierde darauf zu erwecken. Dar\u00fcber hinaus habe ich aber auch ein ger\u00fctteltes Ma\u00df an Benzin im Blut und mag Autos &amp; Motorr\u00e4der, ganz egal ob nun neu, alt, aufgemotzt oder vollkommen original. Du siehst, die Auswahl an Artikeln &amp; Fotos ist also genauso breit gef\u00e4chert wie meine fotografischen Interessen.\",\"sameAs\":[\"https:\\\/\\\/www.maicschulte.de\"]}]}<\/script>\n<!-- \/ Yoast SEO plugin. -->","yoast_head_json":{"title":"Alsumer Berg - Maic Schulte","description":"Alsumer Berg - Artikel - Maic Schulte - Fotografie - Ruhrgebiet - Industrie - Portrait - Events - Autos - Rockabilly - Kunst - Schwarzwei\u00df","robots":{"index":"index","follow":"follow","max-snippet":"max-snippet:-1","max-image-preview":"max-image-preview:large","max-video-preview":"max-video-preview:-1"},"canonical":"https:\/\/www.maicschulte.de\/wordpress\/?p=2113","og_locale":"de_DE","og_type":"article","og_title":"Alsumer Berg - Maic Schulte","og_description":"Alsumer Berg - Artikel - Maic Schulte - Fotografie - Ruhrgebiet - Industrie - Portrait - Events - Autos - Rockabilly - Kunst - Schwarzwei\u00df","og_url":"https:\/\/www.maicschulte.de\/wordpress\/?p=2113","og_site_name":"Maic Schulte","article_published_time":"2014-04-05T09:07:51+00:00","article_modified_time":"2021-01-17T19:57:46+00:00","og_image":[{"width":1248,"height":647,"url":"https:\/\/www.maicschulte.de\/wordpress\/wp-content\/uploads\/2014\/04\/789.jpg","type":"image\/jpeg"}],"author":"Maic Schulte","schema":{"@context":"https:\/\/schema.org","@graph":[{"@type":"Article","@id":"https:\/\/www.maicschulte.de\/wordpress\/?p=2113#article","isPartOf":{"@id":"https:\/\/www.maicschulte.de\/wordpress\/?p=2113"},"author":{"name":"Maic Schulte","@id":"https:\/\/www.maicschulte.de\/wordpress\/#\/schema\/person\/809698f1c7b1655959515001723d716e"},"headline":"Alsumer Berg","datePublished":"2014-04-05T09:07:51+00:00","dateModified":"2021-01-17T19:57:46+00:00","mainEntityOfPage":{"@id":"https:\/\/www.maicschulte.de\/wordpress\/?p=2113"},"wordCount":255,"commentCount":0,"publisher":{"@id":"https:\/\/www.maicschulte.de\/wordpress\/#\/schema\/person\/809698f1c7b1655959515001723d716e"},"image":{"@id":"https:\/\/www.maicschulte.de\/wordpress\/?p=2113#primaryimage"},"thumbnailUrl":"https:\/\/www.maicschulte.de\/wordpress\/wp-content\/uploads\/2014\/04\/789.jpg","keywords":["Alsumer Berg","Beecker Halde","Duisburg","Kraftwerk Walsum","Rhein"],"articleSection":["Artikel","Chronologisch"],"inLanguage":"de","potentialAction":[{"@type":"CommentAction","name":"Comment","target":["https:\/\/www.maicschulte.de\/wordpress\/?p=2113#respond"]}]},{"@type":"WebPage","@id":"https:\/\/www.maicschulte.de\/wordpress\/?p=2113","url":"https:\/\/www.maicschulte.de\/wordpress\/?p=2113","name":"Alsumer Berg - Maic Schulte","isPartOf":{"@id":"https:\/\/www.maicschulte.de\/wordpress\/#website"},"primaryImageOfPage":{"@id":"https:\/\/www.maicschulte.de\/wordpress\/?p=2113#primaryimage"},"image":{"@id":"https:\/\/www.maicschulte.de\/wordpress\/?p=2113#primaryimage"},"thumbnailUrl":"https:\/\/www.maicschulte.de\/wordpress\/wp-content\/uploads\/2014\/04\/789.jpg","datePublished":"2014-04-05T09:07:51+00:00","dateModified":"2021-01-17T19:57:46+00:00","description":"Alsumer Berg - Artikel - Maic Schulte - Fotografie - Ruhrgebiet - Industrie - Portrait - Events - Autos - Rockabilly - Kunst - Schwarzwei\u00df","breadcrumb":{"@id":"https:\/\/www.maicschulte.de\/wordpress\/?p=2113#breadcrumb"},"inLanguage":"de","potentialAction":[{"@type":"ReadAction","target":["https:\/\/www.maicschulte.de\/wordpress\/?p=2113"]}]},{"@type":"ImageObject","inLanguage":"de","@id":"https:\/\/www.maicschulte.de\/wordpress\/?p=2113#primaryimage","url":"https:\/\/www.maicschulte.de\/wordpress\/wp-content\/uploads\/2014\/04\/789.jpg","contentUrl":"https:\/\/www.maicschulte.de\/wordpress\/wp-content\/uploads\/2014\/04\/789.jpg","width":1248,"height":647},{"@type":"BreadcrumbList","@id":"https:\/\/www.maicschulte.de\/wordpress\/?p=2113#breadcrumb","itemListElement":[{"@type":"ListItem","position":1,"name":"Startseite","item":"https:\/\/www.maicschulte.de\/wordpress"},{"@type":"ListItem","position":2,"name":"Alsumer Berg"}]},{"@type":"WebSite","@id":"https:\/\/www.maicschulte.de\/wordpress\/#website","url":"https:\/\/www.maicschulte.de\/wordpress\/","name":"Maic Schulte","description":"Fotografie aus Leidenschaft","publisher":{"@id":"https:\/\/www.maicschulte.de\/wordpress\/#\/schema\/person\/809698f1c7b1655959515001723d716e"},"potentialAction":[{"@type":"SearchAction","target":{"@type":"EntryPoint","urlTemplate":"https:\/\/www.maicschulte.de\/wordpress\/?s={search_term_string}"},"query-input":{"@type":"PropertyValueSpecification","valueRequired":true,"valueName":"search_term_string"}}],"inLanguage":"de"},{"@type":["Person","Organization"],"@id":"https:\/\/www.maicschulte.de\/wordpress\/#\/schema\/person\/809698f1c7b1655959515001723d716e","name":"Maic Schulte","image":{"@type":"ImageObject","inLanguage":"de","@id":"https:\/\/www.maicschulte.de\/wordpress\/wp-content\/uploads\/2025\/05\/Chronus_Maic_Schulte_Logo_605px-3.png","url":"https:\/\/www.maicschulte.de\/wordpress\/wp-content\/uploads\/2025\/05\/Chronus_Maic_Schulte_Logo_605px-3.png","contentUrl":"https:\/\/www.maicschulte.de\/wordpress\/wp-content\/uploads\/2025\/05\/Chronus_Maic_Schulte_Logo_605px-3.png","width":605,"height":200,"caption":"Maic Schulte"},"logo":{"@id":"https:\/\/www.maicschulte.de\/wordpress\/wp-content\/uploads\/2025\/05\/Chronus_Maic_Schulte_Logo_605px-3.png"},"description":"Seit dem Tag, an dem mein Vater mich mit einer Kamera, einem Objektiv und zwei Illford-Schwarzwei\u00df-Filmen auf Entdeckungs-Tour geschickt hat, begleitet mich das Thema \"Fotografie\". Basierend auf WordPress, stellt diese Webseite - jetzt und in der Zukunft - eine Heimat f\u00fcr all meine Artikel und Fotos dar, welche wiederum aus allen Themenbereichen der klassischen &amp; modernen Fotografie kommen. Sei es nun die Fotografie in Schwarz-Wei\u00df; die Erkundung ehemaliger Industriegel\u00e4nde, welche f\u00fcr mich am ehesten \u201eDas Herz des Reviers\u201c widerspiegeln; ausdrucksstarke Portraits oder farbenfrohe Naturaufnahmen. Ganz egal! Es gelingt einfach jedem fotografischen Thema, meine Neugierde darauf zu erwecken. Dar\u00fcber hinaus habe ich aber auch ein ger\u00fctteltes Ma\u00df an Benzin im Blut und mag Autos &amp; Motorr\u00e4der, ganz egal ob nun neu, alt, aufgemotzt oder vollkommen original. Du siehst, die Auswahl an Artikeln &amp; Fotos ist also genauso breit gef\u00e4chert wie meine fotografischen Interessen.","sameAs":["https:\/\/www.maicschulte.de"]}]}},"_links":{"self":[{"href":"https:\/\/www.maicschulte.de\/wordpress\/index.php?rest_route=\/wp\/v2\/posts\/2113","targetHints":{"allow":["GET"]}}],"collection":[{"href":"https:\/\/www.maicschulte.de\/wordpress\/index.php?rest_route=\/wp\/v2\/posts"}],"about":[{"href":"https:\/\/www.maicschulte.de\/wordpress\/index.php?rest_route=\/wp\/v2\/types\/post"}],"author":[{"embeddable":true,"href":"https:\/\/www.maicschulte.de\/wordpress\/index.php?rest_route=\/wp\/v2\/users\/1"}],"replies":[{"embeddable":true,"href":"https:\/\/www.maicschulte.de\/wordpress\/index.php?rest_route=%2Fwp%2Fv2%2Fcomments&post=2113"}],"version-history":[{"count":8,"href":"https:\/\/www.maicschulte.de\/wordpress\/index.php?rest_route=\/wp\/v2\/posts\/2113\/revisions"}],"predecessor-version":[{"id":11954,"href":"https:\/\/www.maicschulte.de\/wordpress\/index.php?rest_route=\/wp\/v2\/posts\/2113\/revisions\/11954"}],"wp:featuredmedia":[{"embeddable":true,"href":"https:\/\/www.maicschulte.de\/wordpress\/index.php?rest_route=\/wp\/v2\/media\/2114"}],"wp:attachment":[{"href":"https:\/\/www.maicschulte.de\/wordpress\/index.php?rest_route=%2Fwp%2Fv2%2Fmedia&parent=2113"}],"wp:term":[{"taxonomy":"category","embeddable":true,"href":"https:\/\/www.maicschulte.de\/wordpress\/index.php?rest_route=%2Fwp%2Fv2%2Fcategories&post=2113"},{"taxonomy":"post_tag","embeddable":true,"href":"https:\/\/www.maicschulte.de\/wordpress\/index.php?rest_route=%2Fwp%2Fv2%2Ftags&post=2113"}],"curies":[{"name":"wp","href":"https:\/\/api.w.org\/{rel}","templated":true}]}}