{"id":2280,"date":"2014-05-12T12:23:25","date_gmt":"2014-05-12T11:23:25","guid":{"rendered":"https:\/\/www.maicschulte.de\/?p=2280"},"modified":"2021-01-18T14:40:33","modified_gmt":"2021-01-18T13:40:33","slug":"alles-neu-macht-der-mai","status":"publish","type":"post","link":"https:\/\/www.maicschulte.de\/wordpress\/?p=2280","title":{"rendered":"Alles neu macht der&nbsp;Mai"},"content":{"rendered":"\n<div class=\"wp-block-image\"><figure class=\"aligncenter\"><a href=\"https:\/\/www.maicschulte.de\/wordpress\/wp-content\/uploads\/2014\/05\/Halme.jpg\" data-rel=\"lightbox-gallery-0\" data-rl_title data-rl_caption title><img loading=\"lazy\" decoding=\"async\" width=\"1248\" height=\"860\" src=\"https:\/\/www.maicschulte.de\/wordpress\/wp-content\/uploads\/2014\/05\/Halme.jpg\" alt=\"Halme\" class=\"wp-image-2225\" srcset=\"https:\/\/www.maicschulte.de\/wordpress\/wp-content\/uploads\/2014\/05\/Halme.jpg 1248w, https:\/\/www.maicschulte.de\/wordpress\/wp-content\/uploads\/2014\/05\/Halme-300x207.jpg 300w, https:\/\/www.maicschulte.de\/wordpress\/wp-content\/uploads\/2014\/05\/Halme-768x529.jpg 768w, https:\/\/www.maicschulte.de\/wordpress\/wp-content\/uploads\/2014\/05\/Halme-762x525.jpg 762w, https:\/\/www.maicschulte.de\/wordpress\/wp-content\/uploads\/2014\/05\/Halme-544x375.jpg 544w\" sizes=\"auto, (max-width: 1248px) 100vw, 1248px\"><\/a><\/figure><\/div>\n\n\n\n<p>Hallo.<\/p>\n\n\n\n<p>Als ich diesen Blog im Jahr 2009 ins Leben geru\u00adfen habe, waren dunkle Designs bei Web\u00adsei\u00adten gerade total beliebt und dies erst recht, wenn sich die ent\u00adspre\u00adchen\u00adde Seite das Thema Foto\u00adgra\u00adfie aufs Banner geschrie\u00adben&nbsp;hatte.<\/p>\n\n\n\n<p>Ver\u00admut\u00adlich war auch genau dies mit einer der Gr\u00fcnde, warum dieser Blog \u2014 wel\u00adcher damals noch \u201cDra\u00adgon\u00adtower \u2014 Just Pics\u201d hie\u00df \u2014&nbsp; eben\u00adfalls mit einem pech\u00adschwar\u00adzen Design an den Start gegan\u00adgen&nbsp;ist.<\/p>\n\n\n\n<!--more-->\n\n\n\n<p>Nun gut, mitt\u00adler\u00adwei\u00adle schrei\u00adben wir das Jahr 2014 und die Geschm\u00e4\u00adcker haben sich mitt\u00adler\u00adwei\u00adle extrem ver\u00ad\u00e4n\u00addert. Zum Gl\u00fcck wie ich finde, denn heute stre\u00adben nahezu alle eine helles und offe\u00adnes Web-Design an und ganz ehr\u00adlich? Warum auch nicht! Mir per\u00ads\u00f6n\u00adlich gefal\u00adlen die hellen Web\u00adsei\u00adten eh sehr viel besser und was lag da also n\u00e4her, als auch meine eigene Seite einer Frisch\u00adzel\u00adlen\u00adkur zu unterziehen.<\/p>\n\n\n\n<p>Genau dies habe ich dann auch in den letz\u00adten Tagen getan und das Ergeb\u00adnis k\u00f6nnt Ihr nun ganz offi\u00adzi\u00adell begut\u00adach\u00adten. Wo es damals schwarz und d\u00fcster zuging, begr\u00fc\u00dft einen heute ein helles Design mit gro\u00dfen und gut les\u00adba\u00adren Schriften.<\/p>\n\n\n\n<p>Diver\u00adse Inhal\u00adte wurden ange\u00adpasst, auf\u00adge\u00adfrischt, erg\u00e4nzt oder sonst wie auf den neu\u00ades\u00adten Stand gebracht und alles nur, damit Ihr, die treuen Leser dieses Blogs, Euch auch im neuen Jahr\u00adzehnt auf diesem Blog wohlf\u00fchlt&nbsp;;-)<\/p>\n\n\n\n<p>Ich w\u00fcn\u00adsche viel Freude mit dem \u201cauf\u00adge\u00adfrisch\u00adten\u201d Design und sage bis dahin \u201cWir lesen&nbsp;uns\u201d&nbsp;;-)<\/p>\n\n\n\n<p>P.S: Im Laufe der Zeit wird auch die Gale\u00adrie noch auf\u00adge\u00adfrischt bzw. durch eine andere Soft\u00adware ersetzt. Tests dazu laufen schon jetzt im Hin\u00adter\u00adgrund, aber bisher hat mich noch kein Gale\u00adrie-Script so rich\u00adtig zu \u00fcber\u00adzeu\u00adgen gewusst&nbsp;\u2026<\/p>\n","protected":false},"excerpt":{"rendered":"<p>Hallo. Als ich diesen Blog im Jahr 2009 ins Leben geru\u00adfen habe, waren dunkle Designs bei Web\u00adsei\u00adten gerade total beliebt und dies erst recht, wenn sich die ent\u00adspre\u00adchen\u00adde Seite das Thema Foto\u00adgra\u00adfie aufs Banner geschrie\u00adben&nbsp;hatte. Ver\u00admut\u00adlich war auch genau dies mit einer der Gr\u00fcnde, warum dieser Blog \u2014 wel\u00adcher damals noch \u201cDra\u00adgon\u00adtower \u2014 Just Pics\u201d hie\u00df \u2014&nbsp; eben\u00adfalls mit einem pech\u00adschwar\u00adzen Design an den Start gegan\u00adgen&nbsp;ist.<\/p>\n","protected":false},"author":1,"featured_media":2225,"comment_status":"open","ping_status":"open","sticky":false,"template":"","format":"standard","meta":{"wp_typography_post_enhancements_disabled":false,"footnotes":""},"categories":[1279,295],"tags":[359,217],"class_list":["post-2280","post","type-post","status-publish","format-standard","has-post-thumbnail","hentry","category-chronologisch","category-dies_das","tag-designwechsel","tag-relaunch"],"yoast_head":"<!-- This site is optimized with the Yoast SEO plugin v27.5 - https:\/\/yoast.com\/product\/yoast-seo-wordpress\/ -->\n<title>Alles neu macht der Mai - Maic Schulte<\/title>\n<meta name=\"description\" content=\"Alles neu macht der Mai - Dies &amp; Das - Maic Schulte - Fotografie - Ruhrgebiet - Industrie - Portrait - Events - Autos - Rockabilly - Kunst - Schwarzwei\u00df\" \/>\n<meta name=\"robots\" content=\"index, follow, max-snippet:-1, max-image-preview:large, max-video-preview:-1\" \/>\n<link rel=\"canonical\" href=\"https:\/\/www.maicschulte.de\/wordpress\/?p=2280\" \/>\n<meta property=\"og:locale\" content=\"de_DE\" \/>\n<meta property=\"og:type\" content=\"article\" \/>\n<meta property=\"og:title\" content=\"Alles neu macht der Mai - Maic Schulte\" \/>\n<meta property=\"og:description\" content=\"Alles neu macht der Mai - Dies &amp; Das - Maic Schulte - Fotografie - Ruhrgebiet - Industrie - Portrait - Events - Autos - Rockabilly - Kunst - Schwarzwei\u00df\" \/>\n<meta property=\"og:url\" content=\"https:\/\/www.maicschulte.de\/wordpress\/?p=2280\" \/>\n<meta property=\"og:site_name\" content=\"Maic Schulte\" \/>\n<meta property=\"article:published_time\" content=\"2014-05-12T11:23:25+00:00\" \/>\n<meta property=\"article:modified_time\" content=\"2021-01-18T13:40:33+00:00\" \/>\n<meta property=\"og:image\" content=\"https:\/\/www.maicschulte.de\/wordpress\/wp-content\/uploads\/2014\/05\/Halme.jpg\" \/>\n\t<meta property=\"og:image:width\" content=\"1248\" \/>\n\t<meta property=\"og:image:height\" content=\"860\" \/>\n\t<meta property=\"og:image:type\" content=\"image\/jpeg\" \/>\n<meta name=\"author\" content=\"Maic Schulte\" \/>\n<script type=\"application\/ld+json\" class=\"yoast-schema-graph\">{\"@context\":\"https:\\\/\\\/schema.org\",\"@graph\":[{\"@type\":\"Article\",\"@id\":\"https:\\\/\\\/www.maicschulte.de\\\/wordpress\\\/?p=2280#article\",\"isPartOf\":{\"@id\":\"https:\\\/\\\/www.maicschulte.de\\\/wordpress\\\/?p=2280\"},\"author\":{\"name\":\"Maic Schulte\",\"@id\":\"https:\\\/\\\/www.maicschulte.de\\\/wordpress\\\/#\\\/schema\\\/person\\\/809698f1c7b1655959515001723d716e\"},\"headline\":\"Alles neu macht der&nbsp;Mai\",\"datePublished\":\"2014-05-12T11:23:25+00:00\",\"dateModified\":\"2021-01-18T13:40:33+00:00\",\"mainEntityOfPage\":{\"@id\":\"https:\\\/\\\/www.maicschulte.de\\\/wordpress\\\/?p=2280\"},\"wordCount\":274,\"commentCount\":0,\"publisher\":{\"@id\":\"https:\\\/\\\/www.maicschulte.de\\\/wordpress\\\/#\\\/schema\\\/person\\\/809698f1c7b1655959515001723d716e\"},\"image\":{\"@id\":\"https:\\\/\\\/www.maicschulte.de\\\/wordpress\\\/?p=2280#primaryimage\"},\"thumbnailUrl\":\"https:\\\/\\\/www.maicschulte.de\\\/wordpress\\\/wp-content\\\/uploads\\\/2014\\\/05\\\/Halme.jpg\",\"keywords\":[\"Designwechsel\",\"Relaunch\"],\"articleSection\":[\"Chronologisch\",\"Dies &amp; Das\"],\"inLanguage\":\"de\",\"potentialAction\":[{\"@type\":\"CommentAction\",\"name\":\"Comment\",\"target\":[\"https:\\\/\\\/www.maicschulte.de\\\/wordpress\\\/?p=2280#respond\"]}]},{\"@type\":\"WebPage\",\"@id\":\"https:\\\/\\\/www.maicschulte.de\\\/wordpress\\\/?p=2280\",\"url\":\"https:\\\/\\\/www.maicschulte.de\\\/wordpress\\\/?p=2280\",\"name\":\"Alles neu macht der Mai - Maic Schulte\",\"isPartOf\":{\"@id\":\"https:\\\/\\\/www.maicschulte.de\\\/wordpress\\\/#website\"},\"primaryImageOfPage\":{\"@id\":\"https:\\\/\\\/www.maicschulte.de\\\/wordpress\\\/?p=2280#primaryimage\"},\"image\":{\"@id\":\"https:\\\/\\\/www.maicschulte.de\\\/wordpress\\\/?p=2280#primaryimage\"},\"thumbnailUrl\":\"https:\\\/\\\/www.maicschulte.de\\\/wordpress\\\/wp-content\\\/uploads\\\/2014\\\/05\\\/Halme.jpg\",\"datePublished\":\"2014-05-12T11:23:25+00:00\",\"dateModified\":\"2021-01-18T13:40:33+00:00\",\"description\":\"Alles neu macht der Mai - Dies &amp; Das - Maic Schulte - Fotografie - Ruhrgebiet - Industrie - Portrait - Events - Autos - Rockabilly - Kunst - Schwarzwei\u00df\",\"breadcrumb\":{\"@id\":\"https:\\\/\\\/www.maicschulte.de\\\/wordpress\\\/?p=2280#breadcrumb\"},\"inLanguage\":\"de\",\"potentialAction\":[{\"@type\":\"ReadAction\",\"target\":[\"https:\\\/\\\/www.maicschulte.de\\\/wordpress\\\/?p=2280\"]}]},{\"@type\":\"ImageObject\",\"inLanguage\":\"de\",\"@id\":\"https:\\\/\\\/www.maicschulte.de\\\/wordpress\\\/?p=2280#primaryimage\",\"url\":\"https:\\\/\\\/www.maicschulte.de\\\/wordpress\\\/wp-content\\\/uploads\\\/2014\\\/05\\\/Halme.jpg\",\"contentUrl\":\"https:\\\/\\\/www.maicschulte.de\\\/wordpress\\\/wp-content\\\/uploads\\\/2014\\\/05\\\/Halme.jpg\",\"width\":1248,\"height\":860},{\"@type\":\"BreadcrumbList\",\"@id\":\"https:\\\/\\\/www.maicschulte.de\\\/wordpress\\\/?p=2280#breadcrumb\",\"itemListElement\":[{\"@type\":\"ListItem\",\"position\":1,\"name\":\"Startseite\",\"item\":\"https:\\\/\\\/www.maicschulte.de\\\/wordpress\"},{\"@type\":\"ListItem\",\"position\":2,\"name\":\"Alles neu macht der&nbsp;Mai\"}]},{\"@type\":\"WebSite\",\"@id\":\"https:\\\/\\\/www.maicschulte.de\\\/wordpress\\\/#website\",\"url\":\"https:\\\/\\\/www.maicschulte.de\\\/wordpress\\\/\",\"name\":\"Maic Schulte\",\"description\":\"Fotografie aus Leidenschaft\",\"publisher\":{\"@id\":\"https:\\\/\\\/www.maicschulte.de\\\/wordpress\\\/#\\\/schema\\\/person\\\/809698f1c7b1655959515001723d716e\"},\"potentialAction\":[{\"@type\":\"SearchAction\",\"target\":{\"@type\":\"EntryPoint\",\"urlTemplate\":\"https:\\\/\\\/www.maicschulte.de\\\/wordpress\\\/?s={search_term_string}\"},\"query-input\":{\"@type\":\"PropertyValueSpecification\",\"valueRequired\":true,\"valueName\":\"search_term_string\"}}],\"inLanguage\":\"de\"},{\"@type\":[\"Person\",\"Organization\"],\"@id\":\"https:\\\/\\\/www.maicschulte.de\\\/wordpress\\\/#\\\/schema\\\/person\\\/809698f1c7b1655959515001723d716e\",\"name\":\"Maic Schulte\",\"image\":{\"@type\":\"ImageObject\",\"inLanguage\":\"de\",\"@id\":\"https:\\\/\\\/www.maicschulte.de\\\/wordpress\\\/wp-content\\\/uploads\\\/2025\\\/05\\\/Chronus_Maic_Schulte_Logo_605px-3.png\",\"url\":\"https:\\\/\\\/www.maicschulte.de\\\/wordpress\\\/wp-content\\\/uploads\\\/2025\\\/05\\\/Chronus_Maic_Schulte_Logo_605px-3.png\",\"contentUrl\":\"https:\\\/\\\/www.maicschulte.de\\\/wordpress\\\/wp-content\\\/uploads\\\/2025\\\/05\\\/Chronus_Maic_Schulte_Logo_605px-3.png\",\"width\":605,\"height\":200,\"caption\":\"Maic Schulte\"},\"logo\":{\"@id\":\"https:\\\/\\\/www.maicschulte.de\\\/wordpress\\\/wp-content\\\/uploads\\\/2025\\\/05\\\/Chronus_Maic_Schulte_Logo_605px-3.png\"},\"description\":\"Seit dem Tag, an dem mein Vater mich mit einer Kamera, einem Objektiv und zwei Illford-Schwarzwei\u00df-Filmen auf Entdeckungs-Tour geschickt hat, begleitet mich das Thema \\\"Fotografie\\\". Basierend auf WordPress, stellt diese Webseite - jetzt und in der Zukunft - eine Heimat f\u00fcr all meine Artikel und Fotos dar, welche wiederum aus allen Themenbereichen der klassischen &amp; modernen Fotografie kommen. Sei es nun die Fotografie in Schwarz-Wei\u00df; die Erkundung ehemaliger Industriegel\u00e4nde, welche f\u00fcr mich am ehesten \u201eDas Herz des Reviers\u201c widerspiegeln; ausdrucksstarke Portraits oder farbenfrohe Naturaufnahmen. Ganz egal! Es gelingt einfach jedem fotografischen Thema, meine Neugierde darauf zu erwecken. Dar\u00fcber hinaus habe ich aber auch ein ger\u00fctteltes Ma\u00df an Benzin im Blut und mag Autos &amp; Motorr\u00e4der, ganz egal ob nun neu, alt, aufgemotzt oder vollkommen original. Du siehst, die Auswahl an Artikeln &amp; Fotos ist also genauso breit gef\u00e4chert wie meine fotografischen Interessen.\",\"sameAs\":[\"https:\\\/\\\/www.maicschulte.de\"]}]}<\/script>\n<!-- \/ Yoast SEO plugin. -->","yoast_head_json":{"title":"Alles neu macht der Mai - Maic Schulte","description":"Alles neu macht der Mai - Dies &amp; Das - Maic Schulte - Fotografie - Ruhrgebiet - Industrie - Portrait - Events - Autos - Rockabilly - Kunst - Schwarzwei\u00df","robots":{"index":"index","follow":"follow","max-snippet":"max-snippet:-1","max-image-preview":"max-image-preview:large","max-video-preview":"max-video-preview:-1"},"canonical":"https:\/\/www.maicschulte.de\/wordpress\/?p=2280","og_locale":"de_DE","og_type":"article","og_title":"Alles neu macht der Mai - Maic Schulte","og_description":"Alles neu macht der Mai - Dies &amp; Das - Maic Schulte - Fotografie - Ruhrgebiet - Industrie - Portrait - Events - Autos - Rockabilly - Kunst - Schwarzwei\u00df","og_url":"https:\/\/www.maicschulte.de\/wordpress\/?p=2280","og_site_name":"Maic Schulte","article_published_time":"2014-05-12T11:23:25+00:00","article_modified_time":"2021-01-18T13:40:33+00:00","og_image":[{"width":1248,"height":860,"url":"https:\/\/www.maicschulte.de\/wordpress\/wp-content\/uploads\/2014\/05\/Halme.jpg","type":"image\/jpeg"}],"author":"Maic Schulte","schema":{"@context":"https:\/\/schema.org","@graph":[{"@type":"Article","@id":"https:\/\/www.maicschulte.de\/wordpress\/?p=2280#article","isPartOf":{"@id":"https:\/\/www.maicschulte.de\/wordpress\/?p=2280"},"author":{"name":"Maic Schulte","@id":"https:\/\/www.maicschulte.de\/wordpress\/#\/schema\/person\/809698f1c7b1655959515001723d716e"},"headline":"Alles neu macht der&nbsp;Mai","datePublished":"2014-05-12T11:23:25+00:00","dateModified":"2021-01-18T13:40:33+00:00","mainEntityOfPage":{"@id":"https:\/\/www.maicschulte.de\/wordpress\/?p=2280"},"wordCount":274,"commentCount":0,"publisher":{"@id":"https:\/\/www.maicschulte.de\/wordpress\/#\/schema\/person\/809698f1c7b1655959515001723d716e"},"image":{"@id":"https:\/\/www.maicschulte.de\/wordpress\/?p=2280#primaryimage"},"thumbnailUrl":"https:\/\/www.maicschulte.de\/wordpress\/wp-content\/uploads\/2014\/05\/Halme.jpg","keywords":["Designwechsel","Relaunch"],"articleSection":["Chronologisch","Dies &amp; Das"],"inLanguage":"de","potentialAction":[{"@type":"CommentAction","name":"Comment","target":["https:\/\/www.maicschulte.de\/wordpress\/?p=2280#respond"]}]},{"@type":"WebPage","@id":"https:\/\/www.maicschulte.de\/wordpress\/?p=2280","url":"https:\/\/www.maicschulte.de\/wordpress\/?p=2280","name":"Alles neu macht der Mai - Maic Schulte","isPartOf":{"@id":"https:\/\/www.maicschulte.de\/wordpress\/#website"},"primaryImageOfPage":{"@id":"https:\/\/www.maicschulte.de\/wordpress\/?p=2280#primaryimage"},"image":{"@id":"https:\/\/www.maicschulte.de\/wordpress\/?p=2280#primaryimage"},"thumbnailUrl":"https:\/\/www.maicschulte.de\/wordpress\/wp-content\/uploads\/2014\/05\/Halme.jpg","datePublished":"2014-05-12T11:23:25+00:00","dateModified":"2021-01-18T13:40:33+00:00","description":"Alles neu macht der Mai - Dies &amp; Das - Maic Schulte - Fotografie - Ruhrgebiet - Industrie - Portrait - Events - Autos - Rockabilly - Kunst - Schwarzwei\u00df","breadcrumb":{"@id":"https:\/\/www.maicschulte.de\/wordpress\/?p=2280#breadcrumb"},"inLanguage":"de","potentialAction":[{"@type":"ReadAction","target":["https:\/\/www.maicschulte.de\/wordpress\/?p=2280"]}]},{"@type":"ImageObject","inLanguage":"de","@id":"https:\/\/www.maicschulte.de\/wordpress\/?p=2280#primaryimage","url":"https:\/\/www.maicschulte.de\/wordpress\/wp-content\/uploads\/2014\/05\/Halme.jpg","contentUrl":"https:\/\/www.maicschulte.de\/wordpress\/wp-content\/uploads\/2014\/05\/Halme.jpg","width":1248,"height":860},{"@type":"BreadcrumbList","@id":"https:\/\/www.maicschulte.de\/wordpress\/?p=2280#breadcrumb","itemListElement":[{"@type":"ListItem","position":1,"name":"Startseite","item":"https:\/\/www.maicschulte.de\/wordpress"},{"@type":"ListItem","position":2,"name":"Alles neu macht der&nbsp;Mai"}]},{"@type":"WebSite","@id":"https:\/\/www.maicschulte.de\/wordpress\/#website","url":"https:\/\/www.maicschulte.de\/wordpress\/","name":"Maic Schulte","description":"Fotografie aus Leidenschaft","publisher":{"@id":"https:\/\/www.maicschulte.de\/wordpress\/#\/schema\/person\/809698f1c7b1655959515001723d716e"},"potentialAction":[{"@type":"SearchAction","target":{"@type":"EntryPoint","urlTemplate":"https:\/\/www.maicschulte.de\/wordpress\/?s={search_term_string}"},"query-input":{"@type":"PropertyValueSpecification","valueRequired":true,"valueName":"search_term_string"}}],"inLanguage":"de"},{"@type":["Person","Organization"],"@id":"https:\/\/www.maicschulte.de\/wordpress\/#\/schema\/person\/809698f1c7b1655959515001723d716e","name":"Maic Schulte","image":{"@type":"ImageObject","inLanguage":"de","@id":"https:\/\/www.maicschulte.de\/wordpress\/wp-content\/uploads\/2025\/05\/Chronus_Maic_Schulte_Logo_605px-3.png","url":"https:\/\/www.maicschulte.de\/wordpress\/wp-content\/uploads\/2025\/05\/Chronus_Maic_Schulte_Logo_605px-3.png","contentUrl":"https:\/\/www.maicschulte.de\/wordpress\/wp-content\/uploads\/2025\/05\/Chronus_Maic_Schulte_Logo_605px-3.png","width":605,"height":200,"caption":"Maic Schulte"},"logo":{"@id":"https:\/\/www.maicschulte.de\/wordpress\/wp-content\/uploads\/2025\/05\/Chronus_Maic_Schulte_Logo_605px-3.png"},"description":"Seit dem Tag, an dem mein Vater mich mit einer Kamera, einem Objektiv und zwei Illford-Schwarzwei\u00df-Filmen auf Entdeckungs-Tour geschickt hat, begleitet mich das Thema \"Fotografie\". Basierend auf WordPress, stellt diese Webseite - jetzt und in der Zukunft - eine Heimat f\u00fcr all meine Artikel und Fotos dar, welche wiederum aus allen Themenbereichen der klassischen &amp; modernen Fotografie kommen. Sei es nun die Fotografie in Schwarz-Wei\u00df; die Erkundung ehemaliger Industriegel\u00e4nde, welche f\u00fcr mich am ehesten \u201eDas Herz des Reviers\u201c widerspiegeln; ausdrucksstarke Portraits oder farbenfrohe Naturaufnahmen. Ganz egal! Es gelingt einfach jedem fotografischen Thema, meine Neugierde darauf zu erwecken. Dar\u00fcber hinaus habe ich aber auch ein ger\u00fctteltes Ma\u00df an Benzin im Blut und mag Autos &amp; Motorr\u00e4der, ganz egal ob nun neu, alt, aufgemotzt oder vollkommen original. Du siehst, die Auswahl an Artikeln &amp; Fotos ist also genauso breit gef\u00e4chert wie meine fotografischen Interessen.","sameAs":["https:\/\/www.maicschulte.de"]}]}},"_links":{"self":[{"href":"https:\/\/www.maicschulte.de\/wordpress\/index.php?rest_route=\/wp\/v2\/posts\/2280","targetHints":{"allow":["GET"]}}],"collection":[{"href":"https:\/\/www.maicschulte.de\/wordpress\/index.php?rest_route=\/wp\/v2\/posts"}],"about":[{"href":"https:\/\/www.maicschulte.de\/wordpress\/index.php?rest_route=\/wp\/v2\/types\/post"}],"author":[{"embeddable":true,"href":"https:\/\/www.maicschulte.de\/wordpress\/index.php?rest_route=\/wp\/v2\/users\/1"}],"replies":[{"embeddable":true,"href":"https:\/\/www.maicschulte.de\/wordpress\/index.php?rest_route=%2Fwp%2Fv2%2Fcomments&post=2280"}],"version-history":[{"count":11,"href":"https:\/\/www.maicschulte.de\/wordpress\/index.php?rest_route=\/wp\/v2\/posts\/2280\/revisions"}],"predecessor-version":[{"id":12158,"href":"https:\/\/www.maicschulte.de\/wordpress\/index.php?rest_route=\/wp\/v2\/posts\/2280\/revisions\/12158"}],"wp:featuredmedia":[{"embeddable":true,"href":"https:\/\/www.maicschulte.de\/wordpress\/index.php?rest_route=\/wp\/v2\/media\/2225"}],"wp:attachment":[{"href":"https:\/\/www.maicschulte.de\/wordpress\/index.php?rest_route=%2Fwp%2Fv2%2Fmedia&parent=2280"}],"wp:term":[{"taxonomy":"category","embeddable":true,"href":"https:\/\/www.maicschulte.de\/wordpress\/index.php?rest_route=%2Fwp%2Fv2%2Fcategories&post=2280"},{"taxonomy":"post_tag","embeddable":true,"href":"https:\/\/www.maicschulte.de\/wordpress\/index.php?rest_route=%2Fwp%2Fv2%2Ftags&post=2280"}],"curies":[{"name":"wp","href":"https:\/\/api.w.org\/{rel}","templated":true}]}}