{"id":3145,"date":"2015-01-29T15:33:33","date_gmt":"2015-01-29T14:33:33","guid":{"rendered":"https:\/\/www.maicschulte.de\/?p=3145"},"modified":"2021-01-17T17:14:53","modified_gmt":"2021-01-17T16:14:53","slug":"windenergie","status":"publish","type":"post","link":"https:\/\/www.maicschulte.de\/wordpress\/?p=3145","title":{"rendered":"Windenergie"},"content":{"rendered":"\n<div class=\"wp-block-image\"><figure class=\"aligncenter\"><a href=\"https:\/\/www.maicschulte.de\/wordpress\/wp-content\/uploads\/2015\/01\/Windkraft.jpg\" data-rel=\"lightbox-gallery-0\" data-rl_title data-rl_caption title><img loading=\"lazy\" decoding=\"async\" width=\"569\" height=\"860\" src=\"https:\/\/www.maicschulte.de\/wordpress\/wp-content\/uploads\/2015\/01\/Windkraft.jpg\" alt=\"Windkraft\" class=\"wp-image-3150\" srcset=\"https:\/\/www.maicschulte.de\/wordpress\/wp-content\/uploads\/2015\/01\/Windkraft.jpg 569w, https:\/\/www.maicschulte.de\/wordpress\/wp-content\/uploads\/2015\/01\/Windkraft-198x300.jpg 198w, https:\/\/www.maicschulte.de\/wordpress\/wp-content\/uploads\/2015\/01\/Windkraft-347x525.jpg 347w, https:\/\/www.maicschulte.de\/wordpress\/wp-content\/uploads\/2015\/01\/Windkraft-248x375.jpg 248w\" sizes=\"auto, (max-width: 569px) 100vw, 569px\"><\/a><\/figure><\/div>\n\n\n\n<p>Jede Form der Ener\u00adgie\u00ader\u00adzeu\u00adgung pr\u00e4gt die umge\u00adben\u00adde Land\u00adschaft auf ihre ganz eigene Art. Sei es nun der Spei\u00adcher\u00adsee eines Was\u00adser\u00adkraft\u00adwerks, die gro\u00df\u00adr\u00e4u\u00admig abge\u00adsperr\u00adten Fl\u00e4\u00adchen rund um ein Atom\u00adkraft\u00adwerk oder die sich teil\u00adwei\u00adse \u00fcber meh\u00adre\u00adre Hektar erstre\u00adcken\u00adden Solar-Panee\u00adle. Wobei letz\u00adte\u00adre in unse\u00adren Brei\u00adten\u00adgra\u00adden ja eher selten anzu\u00adtref\u00adfen sind, denn daf\u00fcr ist das mit\u00adtel\u00adeu\u00adro\u00adp\u00e4i\u00adsche Wetter ein\u00adfach zu schlecht an den meis\u00adten Tagen im&nbsp;Jahr.<\/p>\n\n\n\n<!--more-->\n\n\n\n<p>Res\u00fc\u00admie\u00adrend kann man aber getrost sagen, dass keine der Strom pro\u00addu\u00adzie\u00adren\u00adden Tech\u00adni\u00adken wirk\u00adlich im klas\u00adsi\u00adschen Sinne sch\u00f6n ist und doch fas\u00adzi\u00adniert mich eine davon immer wieder aufs Neue \u2013 die Wind\u00adkraft. Obwohl es sich bei diesen Anla\u00adgen teil\u00adwei\u00adse um wahre Mons\u00adter han\u00addelt \u2013 immer\u00adhin ist das gr\u00f6\u00dfte Wind\u00adrad auf deut\u00adschem Boden 198 Meter hoch, wiegt 2800 Tonnen und lie\u00adfert Strom f\u00fcr eine ganze Klein\u00adstadt \u2013 wirken diese Bau\u00adwer\u00adke auf mich gleich\u00adzei\u00adtig fragil wie auch majest\u00e4tisch.<\/p>\n\n\n\n<p>So man\u00adcher Anwoh\u00adner mag even\u00adtu\u00adell anders dar\u00ad\u00fcber denken; Stich\u00adwort Schlag\u00adschat\u00adten und Ger\u00e4usch\u00adbe\u00adl\u00e4s\u00adti\u00adgung, aber ich schaue diesen moder\u00adnen Wind\u00adm\u00fch\u00adlen trotz\u00addem gerne beim Ernten der Wind\u00adener\u00adgie zu. Ver\u00admut\u00adlich ist auch genau dies der Grund daf\u00fcr, warum jene Bau\u00adwer\u00adke mitt\u00adler\u00adwei\u00adle eine feste Gr\u00f6\u00dfe in meinem foto\u00adgra\u00adfi\u00adschen Port\u00adfo\u00adlio dar\u00adstel\u00adlen. Es berei\u00adtet mir ein\u00adfach immer wieder eine gro\u00dfe Freude, diese archi\u00adtek\u00adto\u00adni\u00adschen Meis\u00adter\u00adleis\u00adtun\u00adgen bei jeder Tages- und Jahres-Zeit abzulichten.<\/p>\n\n\n\n<p>Was l\u00e4ge also n\u00e4her, als ein\u00adfach mal ein paar Bilder aus den letz\u00adten Jahren in einem gemein\u00adsa\u00admen Arti\u00adkel zusam\u00admen\u00adzu\u00adf\u00fch\u00adren und genau dies ist dann hier\u00admit auch geschehen.<\/p>\n\n\n\n<p>Viel Spa\u00df mit den Bildern&nbsp;;-)<\/p>\n\n\n\n<div class=\"wp-block-image\"><figure class=\"aligncenter\"><a href=\"https:\/\/www.maicschulte.de\/wordpress\/wp-content\/uploads\/2015\/01\/Zwei-im-Abendrot.jpg\" data-rel=\"lightbox-gallery-0\" data-rl_title data-rl_caption title><img loading=\"lazy\" decoding=\"async\" width=\"1048\" height=\"644\" src=\"https:\/\/www.maicschulte.de\/wordpress\/wp-content\/uploads\/2015\/01\/Zwei-im-Abendrot.jpg\" alt=\"Zwei im Abendrot\" class=\"wp-image-3151\" srcset=\"https:\/\/www.maicschulte.de\/wordpress\/wp-content\/uploads\/2015\/01\/Zwei-im-Abendrot.jpg 1048w, https:\/\/www.maicschulte.de\/wordpress\/wp-content\/uploads\/2015\/01\/Zwei-im-Abendrot-300x184.jpg 300w, https:\/\/www.maicschulte.de\/wordpress\/wp-content\/uploads\/2015\/01\/Zwei-im-Abendrot-768x472.jpg 768w, https:\/\/www.maicschulte.de\/wordpress\/wp-content\/uploads\/2015\/01\/Zwei-im-Abendrot-840x516.jpg 840w, https:\/\/www.maicschulte.de\/wordpress\/wp-content\/uploads\/2015\/01\/Zwei-im-Abendrot-600x369.jpg 600w\" sizes=\"auto, (max-width: 1048px) 100vw, 1048px\"><\/a><\/figure><\/div>\n\n\n\n<div class=\"wp-block-image\"><figure class=\"aligncenter\"><a href=\"https:\/\/www.maicschulte.de\/wordpress\/wp-content\/uploads\/2015\/01\/Windkraft-II.jpg\" data-rel=\"lightbox-gallery-0\" data-rl_title data-rl_caption title><img loading=\"lazy\" decoding=\"async\" width=\"1248\" height=\"712\" src=\"https:\/\/www.maicschulte.de\/wordpress\/wp-content\/uploads\/2015\/01\/Windkraft-II.jpg\" alt=\"Windkraft - II\" class=\"wp-image-3149\" srcset=\"https:\/\/www.maicschulte.de\/wordpress\/wp-content\/uploads\/2015\/01\/Windkraft-II.jpg 1248w, https:\/\/www.maicschulte.de\/wordpress\/wp-content\/uploads\/2015\/01\/Windkraft-II-300x171.jpg 300w, https:\/\/www.maicschulte.de\/wordpress\/wp-content\/uploads\/2015\/01\/Windkraft-II-768x438.jpg 768w, https:\/\/www.maicschulte.de\/wordpress\/wp-content\/uploads\/2015\/01\/Windkraft-II-840x479.jpg 840w, https:\/\/www.maicschulte.de\/wordpress\/wp-content\/uploads\/2015\/01\/Windkraft-II-600x342.jpg 600w\" sizes=\"auto, (max-width: 1248px) 100vw, 1248px\"><\/a><\/figure><\/div>\n\n\n\n<div class=\"wp-block-image\"><figure class=\"aligncenter\"><a href=\"https:\/\/www.maicschulte.de\/wordpress\/wp-content\/uploads\/2015\/01\/Abgeschaltet-wegen-Sturm.jpg\" data-rel=\"lightbox-gallery-0\" data-rl_title data-rl_caption title><img loading=\"lazy\" decoding=\"async\" width=\"1024\" height=\"677\" src=\"https:\/\/www.maicschulte.de\/wordpress\/wp-content\/uploads\/2015\/01\/Abgeschaltet-wegen-Sturm.jpg\" alt=\"Abgeschaltet wegen Sturm\" class=\"wp-image-3146\" srcset=\"https:\/\/www.maicschulte.de\/wordpress\/wp-content\/uploads\/2015\/01\/Abgeschaltet-wegen-Sturm.jpg 1024w, https:\/\/www.maicschulte.de\/wordpress\/wp-content\/uploads\/2015\/01\/Abgeschaltet-wegen-Sturm-300x198.jpg 300w, https:\/\/www.maicschulte.de\/wordpress\/wp-content\/uploads\/2015\/01\/Abgeschaltet-wegen-Sturm-768x508.jpg 768w, https:\/\/www.maicschulte.de\/wordpress\/wp-content\/uploads\/2015\/01\/Abgeschaltet-wegen-Sturm-794x525.jpg 794w, https:\/\/www.maicschulte.de\/wordpress\/wp-content\/uploads\/2015\/01\/Abgeschaltet-wegen-Sturm-120x80.jpg 120w, https:\/\/www.maicschulte.de\/wordpress\/wp-content\/uploads\/2015\/01\/Abgeschaltet-wegen-Sturm-567x375.jpg 567w\" sizes=\"auto, (max-width: 1024px) 100vw, 1024px\"><\/a><\/figure><\/div>\n\n\n\n<div class=\"wp-block-image\"><figure class=\"aligncenter\"><a href=\"https:\/\/www.maicschulte.de\/wordpress\/wp-content\/uploads\/2015\/01\/Eines-im-Abendrot.jpg\" data-rel=\"lightbox-gallery-0\" data-rl_title data-rl_caption title><img loading=\"lazy\" decoding=\"async\" width=\"581\" height=\"860\" src=\"https:\/\/www.maicschulte.de\/wordpress\/wp-content\/uploads\/2015\/01\/Eines-im-Abendrot.jpg\" alt=\"Eines im Abendrot\" class=\"wp-image-3147\" srcset=\"https:\/\/www.maicschulte.de\/wordpress\/wp-content\/uploads\/2015\/01\/Eines-im-Abendrot.jpg 581w, https:\/\/www.maicschulte.de\/wordpress\/wp-content\/uploads\/2015\/01\/Eines-im-Abendrot-203x300.jpg 203w, https:\/\/www.maicschulte.de\/wordpress\/wp-content\/uploads\/2015\/01\/Eines-im-Abendrot-355x525.jpg 355w, https:\/\/www.maicschulte.de\/wordpress\/wp-content\/uploads\/2015\/01\/Eines-im-Abendrot-253x375.jpg 253w\" sizes=\"auto, (max-width: 581px) 100vw, 581px\"><\/a><\/figure><\/div>\n\n\n\n<div class=\"wp-block-image\"><figure class=\"aligncenter\"><a href=\"https:\/\/www.maicschulte.de\/wordpress\/wp-content\/uploads\/2015\/01\/Windenergie.jpg\" data-rel=\"lightbox-gallery-0\" data-rl_title data-rl_caption title><img loading=\"lazy\" decoding=\"async\" width=\"1024\" height=\"691\" src=\"https:\/\/www.maicschulte.de\/wordpress\/wp-content\/uploads\/2015\/01\/Windenergie.jpg\" alt=\"Windenergie\" class=\"wp-image-3148\" srcset=\"https:\/\/www.maicschulte.de\/wordpress\/wp-content\/uploads\/2015\/01\/Windenergie.jpg 1024w, https:\/\/www.maicschulte.de\/wordpress\/wp-content\/uploads\/2015\/01\/Windenergie-300x202.jpg 300w, https:\/\/www.maicschulte.de\/wordpress\/wp-content\/uploads\/2015\/01\/Windenergie-768x518.jpg 768w, https:\/\/www.maicschulte.de\/wordpress\/wp-content\/uploads\/2015\/01\/Windenergie-778x525.jpg 778w, https:\/\/www.maicschulte.de\/wordpress\/wp-content\/uploads\/2015\/01\/Windenergie-120x80.jpg 120w, https:\/\/www.maicschulte.de\/wordpress\/wp-content\/uploads\/2015\/01\/Windenergie-556x375.jpg 556w\" sizes=\"auto, (max-width: 1024px) 100vw, 1024px\"><\/a><\/figure><\/div>\n\n\n\n<div class=\"wp-block-image\"><figure class=\"aligncenter\"><a href=\"https:\/\/www.maicschulte.de\/wordpress\/wp-content\/uploads\/2015\/01\/Windkraft.jpg\" data-rel=\"lightbox-gallery-0\" data-rl_title data-rl_caption title><img loading=\"lazy\" decoding=\"async\" width=\"569\" height=\"860\" src=\"https:\/\/www.maicschulte.de\/wordpress\/wp-content\/uploads\/2015\/01\/Windkraft.jpg\" alt=\"Windkraft\" class=\"wp-image-3150\" srcset=\"https:\/\/www.maicschulte.de\/wordpress\/wp-content\/uploads\/2015\/01\/Windkraft.jpg 569w, https:\/\/www.maicschulte.de\/wordpress\/wp-content\/uploads\/2015\/01\/Windkraft-198x300.jpg 198w, https:\/\/www.maicschulte.de\/wordpress\/wp-content\/uploads\/2015\/01\/Windkraft-347x525.jpg 347w, https:\/\/www.maicschulte.de\/wordpress\/wp-content\/uploads\/2015\/01\/Windkraft-248x375.jpg 248w\" sizes=\"auto, (max-width: 569px) 100vw, 569px\"><\/a><\/figure><\/div>\n","protected":false},"excerpt":{"rendered":"<p>Jede Form der Ener\u00adgie\u00ader\u00adzeu\u00adgung pr\u00e4gt die umge\u00adben\u00adde Land\u00adschaft auf ihre ganz eigene Art. Sei es nun der Spei\u00adcher\u00adsee eines Was\u00adser\u00adkraft\u00adwerks, die gro\u00df\u00adr\u00e4u\u00admig abge\u00adsperr\u00adten Fl\u00e4\u00adchen rund um ein Atom\u00adkraft\u00adwerk oder die sich teil\u00adwei\u00adse \u00fcber meh\u00adre\u00adre Hektar erstre\u00adcken\u00adden Solar-Panee\u00ad\u00adle. Wobei letz\u00adte\u00adre in unse\u00adren Brei\u00adten\u00adgra\u00adden ja eher selten anzu\u00adtref\u00adfen sind, denn daf\u00fcr ist das mit\u00adtel\u00adeu\u00adro\u00adp\u00e4i\u00adsche Wetter ein\u00adfach zu schlecht an den meis\u00adten Tagen im&nbsp;Jahr.<\/p>\n","protected":false},"author":1,"featured_media":3150,"comment_status":"open","ping_status":"open","sticky":false,"template":"","format":"standard","meta":{"wp_typography_post_enhancements_disabled":false,"footnotes":""},"categories":[1,1279],"tags":[429,326,428],"class_list":["post-3145","post","type-post","status-publish","format-standard","has-post-thumbnail","hentry","category-artikel","category-chronologisch","tag-stromerzeugung","tag-technik","tag-windenergie"],"yoast_head":"<!-- This site is optimized with the Yoast SEO plugin v27.5 - https:\/\/yoast.com\/product\/yoast-seo-wordpress\/ -->\n<title>Windenergie - Maic Schulte<\/title>\n<meta name=\"description\" content=\"Windenergie - Artikel - Maic Schulte - Fotografie - Ruhrgebiet - Industrie - Portrait - Events - Autos - Rockabilly - Kunst - Schwarzwei\u00df\" \/>\n<meta name=\"robots\" content=\"index, follow, max-snippet:-1, max-image-preview:large, max-video-preview:-1\" \/>\n<link rel=\"canonical\" href=\"https:\/\/www.maicschulte.de\/wordpress\/?p=3145\" \/>\n<meta property=\"og:locale\" content=\"de_DE\" \/>\n<meta property=\"og:type\" content=\"article\" \/>\n<meta property=\"og:title\" content=\"Windenergie - Maic Schulte\" \/>\n<meta property=\"og:description\" content=\"Windenergie - Artikel - Maic Schulte - Fotografie - Ruhrgebiet - Industrie - Portrait - Events - Autos - Rockabilly - Kunst - Schwarzwei\u00df\" \/>\n<meta property=\"og:url\" content=\"https:\/\/www.maicschulte.de\/wordpress\/?p=3145\" \/>\n<meta property=\"og:site_name\" content=\"Maic Schulte\" \/>\n<meta property=\"article:published_time\" content=\"2015-01-29T14:33:33+00:00\" \/>\n<meta property=\"article:modified_time\" content=\"2021-01-17T16:14:53+00:00\" \/>\n<meta property=\"og:image\" content=\"https:\/\/www.maicschulte.de\/wordpress\/wp-content\/uploads\/2015\/01\/Windkraft.jpg\" \/>\n\t<meta property=\"og:image:width\" content=\"569\" \/>\n\t<meta property=\"og:image:height\" content=\"860\" \/>\n\t<meta property=\"og:image:type\" content=\"image\/jpeg\" \/>\n<meta name=\"author\" content=\"Maic Schulte\" \/>\n<script type=\"application\/ld+json\" class=\"yoast-schema-graph\">{\"@context\":\"https:\\\/\\\/schema.org\",\"@graph\":[{\"@type\":\"Article\",\"@id\":\"https:\\\/\\\/www.maicschulte.de\\\/wordpress\\\/?p=3145#article\",\"isPartOf\":{\"@id\":\"https:\\\/\\\/www.maicschulte.de\\\/wordpress\\\/?p=3145\"},\"author\":{\"name\":\"Maic Schulte\",\"@id\":\"https:\\\/\\\/www.maicschulte.de\\\/wordpress\\\/#\\\/schema\\\/person\\\/809698f1c7b1655959515001723d716e\"},\"headline\":\"Windenergie\",\"datePublished\":\"2015-01-29T14:33:33+00:00\",\"dateModified\":\"2021-01-17T16:14:53+00:00\",\"mainEntityOfPage\":{\"@id\":\"https:\\\/\\\/www.maicschulte.de\\\/wordpress\\\/?p=3145\"},\"wordCount\":250,\"commentCount\":0,\"publisher\":{\"@id\":\"https:\\\/\\\/www.maicschulte.de\\\/wordpress\\\/#\\\/schema\\\/person\\\/809698f1c7b1655959515001723d716e\"},\"image\":{\"@id\":\"https:\\\/\\\/www.maicschulte.de\\\/wordpress\\\/?p=3145#primaryimage\"},\"thumbnailUrl\":\"https:\\\/\\\/www.maicschulte.de\\\/wordpress\\\/wp-content\\\/uploads\\\/2015\\\/01\\\/Windkraft.jpg\",\"keywords\":[\"Stromerzeugung\",\"Technik\",\"Windenergie\"],\"articleSection\":[\"Artikel\",\"Chronologisch\"],\"inLanguage\":\"de\",\"potentialAction\":[{\"@type\":\"CommentAction\",\"name\":\"Comment\",\"target\":[\"https:\\\/\\\/www.maicschulte.de\\\/wordpress\\\/?p=3145#respond\"]}]},{\"@type\":\"WebPage\",\"@id\":\"https:\\\/\\\/www.maicschulte.de\\\/wordpress\\\/?p=3145\",\"url\":\"https:\\\/\\\/www.maicschulte.de\\\/wordpress\\\/?p=3145\",\"name\":\"Windenergie - Maic Schulte\",\"isPartOf\":{\"@id\":\"https:\\\/\\\/www.maicschulte.de\\\/wordpress\\\/#website\"},\"primaryImageOfPage\":{\"@id\":\"https:\\\/\\\/www.maicschulte.de\\\/wordpress\\\/?p=3145#primaryimage\"},\"image\":{\"@id\":\"https:\\\/\\\/www.maicschulte.de\\\/wordpress\\\/?p=3145#primaryimage\"},\"thumbnailUrl\":\"https:\\\/\\\/www.maicschulte.de\\\/wordpress\\\/wp-content\\\/uploads\\\/2015\\\/01\\\/Windkraft.jpg\",\"datePublished\":\"2015-01-29T14:33:33+00:00\",\"dateModified\":\"2021-01-17T16:14:53+00:00\",\"description\":\"Windenergie - Artikel - Maic Schulte - Fotografie - Ruhrgebiet - Industrie - Portrait - Events - Autos - Rockabilly - Kunst - Schwarzwei\u00df\",\"breadcrumb\":{\"@id\":\"https:\\\/\\\/www.maicschulte.de\\\/wordpress\\\/?p=3145#breadcrumb\"},\"inLanguage\":\"de\",\"potentialAction\":[{\"@type\":\"ReadAction\",\"target\":[\"https:\\\/\\\/www.maicschulte.de\\\/wordpress\\\/?p=3145\"]}]},{\"@type\":\"ImageObject\",\"inLanguage\":\"de\",\"@id\":\"https:\\\/\\\/www.maicschulte.de\\\/wordpress\\\/?p=3145#primaryimage\",\"url\":\"https:\\\/\\\/www.maicschulte.de\\\/wordpress\\\/wp-content\\\/uploads\\\/2015\\\/01\\\/Windkraft.jpg\",\"contentUrl\":\"https:\\\/\\\/www.maicschulte.de\\\/wordpress\\\/wp-content\\\/uploads\\\/2015\\\/01\\\/Windkraft.jpg\",\"width\":569,\"height\":860},{\"@type\":\"BreadcrumbList\",\"@id\":\"https:\\\/\\\/www.maicschulte.de\\\/wordpress\\\/?p=3145#breadcrumb\",\"itemListElement\":[{\"@type\":\"ListItem\",\"position\":1,\"name\":\"Startseite\",\"item\":\"https:\\\/\\\/www.maicschulte.de\\\/wordpress\"},{\"@type\":\"ListItem\",\"position\":2,\"name\":\"Windenergie\"}]},{\"@type\":\"WebSite\",\"@id\":\"https:\\\/\\\/www.maicschulte.de\\\/wordpress\\\/#website\",\"url\":\"https:\\\/\\\/www.maicschulte.de\\\/wordpress\\\/\",\"name\":\"Maic Schulte\",\"description\":\"Fotografie aus Leidenschaft\",\"publisher\":{\"@id\":\"https:\\\/\\\/www.maicschulte.de\\\/wordpress\\\/#\\\/schema\\\/person\\\/809698f1c7b1655959515001723d716e\"},\"potentialAction\":[{\"@type\":\"SearchAction\",\"target\":{\"@type\":\"EntryPoint\",\"urlTemplate\":\"https:\\\/\\\/www.maicschulte.de\\\/wordpress\\\/?s={search_term_string}\"},\"query-input\":{\"@type\":\"PropertyValueSpecification\",\"valueRequired\":true,\"valueName\":\"search_term_string\"}}],\"inLanguage\":\"de\"},{\"@type\":[\"Person\",\"Organization\"],\"@id\":\"https:\\\/\\\/www.maicschulte.de\\\/wordpress\\\/#\\\/schema\\\/person\\\/809698f1c7b1655959515001723d716e\",\"name\":\"Maic Schulte\",\"image\":{\"@type\":\"ImageObject\",\"inLanguage\":\"de\",\"@id\":\"https:\\\/\\\/www.maicschulte.de\\\/wordpress\\\/wp-content\\\/uploads\\\/2025\\\/05\\\/Chronus_Maic_Schulte_Logo_605px-3.png\",\"url\":\"https:\\\/\\\/www.maicschulte.de\\\/wordpress\\\/wp-content\\\/uploads\\\/2025\\\/05\\\/Chronus_Maic_Schulte_Logo_605px-3.png\",\"contentUrl\":\"https:\\\/\\\/www.maicschulte.de\\\/wordpress\\\/wp-content\\\/uploads\\\/2025\\\/05\\\/Chronus_Maic_Schulte_Logo_605px-3.png\",\"width\":605,\"height\":200,\"caption\":\"Maic Schulte\"},\"logo\":{\"@id\":\"https:\\\/\\\/www.maicschulte.de\\\/wordpress\\\/wp-content\\\/uploads\\\/2025\\\/05\\\/Chronus_Maic_Schulte_Logo_605px-3.png\"},\"description\":\"Seit dem Tag, an dem mein Vater mich mit einer Kamera, einem Objektiv und zwei Illford-Schwarzwei\u00df-Filmen auf Entdeckungs-Tour geschickt hat, begleitet mich das Thema \\\"Fotografie\\\". Basierend auf WordPress, stellt diese Webseite - jetzt und in der Zukunft - eine Heimat f\u00fcr all meine Artikel und Fotos dar, welche wiederum aus allen Themenbereichen der klassischen &amp; modernen Fotografie kommen. Sei es nun die Fotografie in Schwarz-Wei\u00df; die Erkundung ehemaliger Industriegel\u00e4nde, welche f\u00fcr mich am ehesten \u201eDas Herz des Reviers\u201c widerspiegeln; ausdrucksstarke Portraits oder farbenfrohe Naturaufnahmen. Ganz egal! Es gelingt einfach jedem fotografischen Thema, meine Neugierde darauf zu erwecken. Dar\u00fcber hinaus habe ich aber auch ein ger\u00fctteltes Ma\u00df an Benzin im Blut und mag Autos &amp; Motorr\u00e4der, ganz egal ob nun neu, alt, aufgemotzt oder vollkommen original. Du siehst, die Auswahl an Artikeln &amp; Fotos ist also genauso breit gef\u00e4chert wie meine fotografischen Interessen.\",\"sameAs\":[\"https:\\\/\\\/www.maicschulte.de\"]}]}<\/script>\n<!-- \/ Yoast SEO plugin. -->","yoast_head_json":{"title":"Windenergie - Maic Schulte","description":"Windenergie - Artikel - Maic Schulte - Fotografie - Ruhrgebiet - Industrie - Portrait - Events - Autos - Rockabilly - Kunst - Schwarzwei\u00df","robots":{"index":"index","follow":"follow","max-snippet":"max-snippet:-1","max-image-preview":"max-image-preview:large","max-video-preview":"max-video-preview:-1"},"canonical":"https:\/\/www.maicschulte.de\/wordpress\/?p=3145","og_locale":"de_DE","og_type":"article","og_title":"Windenergie - Maic Schulte","og_description":"Windenergie - Artikel - Maic Schulte - Fotografie - Ruhrgebiet - Industrie - Portrait - Events - Autos - Rockabilly - Kunst - Schwarzwei\u00df","og_url":"https:\/\/www.maicschulte.de\/wordpress\/?p=3145","og_site_name":"Maic Schulte","article_published_time":"2015-01-29T14:33:33+00:00","article_modified_time":"2021-01-17T16:14:53+00:00","og_image":[{"width":569,"height":860,"url":"https:\/\/www.maicschulte.de\/wordpress\/wp-content\/uploads\/2015\/01\/Windkraft.jpg","type":"image\/jpeg"}],"author":"Maic Schulte","schema":{"@context":"https:\/\/schema.org","@graph":[{"@type":"Article","@id":"https:\/\/www.maicschulte.de\/wordpress\/?p=3145#article","isPartOf":{"@id":"https:\/\/www.maicschulte.de\/wordpress\/?p=3145"},"author":{"name":"Maic Schulte","@id":"https:\/\/www.maicschulte.de\/wordpress\/#\/schema\/person\/809698f1c7b1655959515001723d716e"},"headline":"Windenergie","datePublished":"2015-01-29T14:33:33+00:00","dateModified":"2021-01-17T16:14:53+00:00","mainEntityOfPage":{"@id":"https:\/\/www.maicschulte.de\/wordpress\/?p=3145"},"wordCount":250,"commentCount":0,"publisher":{"@id":"https:\/\/www.maicschulte.de\/wordpress\/#\/schema\/person\/809698f1c7b1655959515001723d716e"},"image":{"@id":"https:\/\/www.maicschulte.de\/wordpress\/?p=3145#primaryimage"},"thumbnailUrl":"https:\/\/www.maicschulte.de\/wordpress\/wp-content\/uploads\/2015\/01\/Windkraft.jpg","keywords":["Stromerzeugung","Technik","Windenergie"],"articleSection":["Artikel","Chronologisch"],"inLanguage":"de","potentialAction":[{"@type":"CommentAction","name":"Comment","target":["https:\/\/www.maicschulte.de\/wordpress\/?p=3145#respond"]}]},{"@type":"WebPage","@id":"https:\/\/www.maicschulte.de\/wordpress\/?p=3145","url":"https:\/\/www.maicschulte.de\/wordpress\/?p=3145","name":"Windenergie - Maic Schulte","isPartOf":{"@id":"https:\/\/www.maicschulte.de\/wordpress\/#website"},"primaryImageOfPage":{"@id":"https:\/\/www.maicschulte.de\/wordpress\/?p=3145#primaryimage"},"image":{"@id":"https:\/\/www.maicschulte.de\/wordpress\/?p=3145#primaryimage"},"thumbnailUrl":"https:\/\/www.maicschulte.de\/wordpress\/wp-content\/uploads\/2015\/01\/Windkraft.jpg","datePublished":"2015-01-29T14:33:33+00:00","dateModified":"2021-01-17T16:14:53+00:00","description":"Windenergie - Artikel - Maic Schulte - Fotografie - Ruhrgebiet - Industrie - Portrait - Events - Autos - Rockabilly - Kunst - Schwarzwei\u00df","breadcrumb":{"@id":"https:\/\/www.maicschulte.de\/wordpress\/?p=3145#breadcrumb"},"inLanguage":"de","potentialAction":[{"@type":"ReadAction","target":["https:\/\/www.maicschulte.de\/wordpress\/?p=3145"]}]},{"@type":"ImageObject","inLanguage":"de","@id":"https:\/\/www.maicschulte.de\/wordpress\/?p=3145#primaryimage","url":"https:\/\/www.maicschulte.de\/wordpress\/wp-content\/uploads\/2015\/01\/Windkraft.jpg","contentUrl":"https:\/\/www.maicschulte.de\/wordpress\/wp-content\/uploads\/2015\/01\/Windkraft.jpg","width":569,"height":860},{"@type":"BreadcrumbList","@id":"https:\/\/www.maicschulte.de\/wordpress\/?p=3145#breadcrumb","itemListElement":[{"@type":"ListItem","position":1,"name":"Startseite","item":"https:\/\/www.maicschulte.de\/wordpress"},{"@type":"ListItem","position":2,"name":"Windenergie"}]},{"@type":"WebSite","@id":"https:\/\/www.maicschulte.de\/wordpress\/#website","url":"https:\/\/www.maicschulte.de\/wordpress\/","name":"Maic Schulte","description":"Fotografie aus Leidenschaft","publisher":{"@id":"https:\/\/www.maicschulte.de\/wordpress\/#\/schema\/person\/809698f1c7b1655959515001723d716e"},"potentialAction":[{"@type":"SearchAction","target":{"@type":"EntryPoint","urlTemplate":"https:\/\/www.maicschulte.de\/wordpress\/?s={search_term_string}"},"query-input":{"@type":"PropertyValueSpecification","valueRequired":true,"valueName":"search_term_string"}}],"inLanguage":"de"},{"@type":["Person","Organization"],"@id":"https:\/\/www.maicschulte.de\/wordpress\/#\/schema\/person\/809698f1c7b1655959515001723d716e","name":"Maic Schulte","image":{"@type":"ImageObject","inLanguage":"de","@id":"https:\/\/www.maicschulte.de\/wordpress\/wp-content\/uploads\/2025\/05\/Chronus_Maic_Schulte_Logo_605px-3.png","url":"https:\/\/www.maicschulte.de\/wordpress\/wp-content\/uploads\/2025\/05\/Chronus_Maic_Schulte_Logo_605px-3.png","contentUrl":"https:\/\/www.maicschulte.de\/wordpress\/wp-content\/uploads\/2025\/05\/Chronus_Maic_Schulte_Logo_605px-3.png","width":605,"height":200,"caption":"Maic Schulte"},"logo":{"@id":"https:\/\/www.maicschulte.de\/wordpress\/wp-content\/uploads\/2025\/05\/Chronus_Maic_Schulte_Logo_605px-3.png"},"description":"Seit dem Tag, an dem mein Vater mich mit einer Kamera, einem Objektiv und zwei Illford-Schwarzwei\u00df-Filmen auf Entdeckungs-Tour geschickt hat, begleitet mich das Thema \"Fotografie\". Basierend auf WordPress, stellt diese Webseite - jetzt und in der Zukunft - eine Heimat f\u00fcr all meine Artikel und Fotos dar, welche wiederum aus allen Themenbereichen der klassischen &amp; modernen Fotografie kommen. Sei es nun die Fotografie in Schwarz-Wei\u00df; die Erkundung ehemaliger Industriegel\u00e4nde, welche f\u00fcr mich am ehesten \u201eDas Herz des Reviers\u201c widerspiegeln; ausdrucksstarke Portraits oder farbenfrohe Naturaufnahmen. Ganz egal! Es gelingt einfach jedem fotografischen Thema, meine Neugierde darauf zu erwecken. Dar\u00fcber hinaus habe ich aber auch ein ger\u00fctteltes Ma\u00df an Benzin im Blut und mag Autos &amp; Motorr\u00e4der, ganz egal ob nun neu, alt, aufgemotzt oder vollkommen original. Du siehst, die Auswahl an Artikeln &amp; Fotos ist also genauso breit gef\u00e4chert wie meine fotografischen Interessen.","sameAs":["https:\/\/www.maicschulte.de"]}]}},"_links":{"self":[{"href":"https:\/\/www.maicschulte.de\/wordpress\/index.php?rest_route=\/wp\/v2\/posts\/3145","targetHints":{"allow":["GET"]}}],"collection":[{"href":"https:\/\/www.maicschulte.de\/wordpress\/index.php?rest_route=\/wp\/v2\/posts"}],"about":[{"href":"https:\/\/www.maicschulte.de\/wordpress\/index.php?rest_route=\/wp\/v2\/types\/post"}],"author":[{"embeddable":true,"href":"https:\/\/www.maicschulte.de\/wordpress\/index.php?rest_route=\/wp\/v2\/users\/1"}],"replies":[{"embeddable":true,"href":"https:\/\/www.maicschulte.de\/wordpress\/index.php?rest_route=%2Fwp%2Fv2%2Fcomments&post=3145"}],"version-history":[{"count":4,"href":"https:\/\/www.maicschulte.de\/wordpress\/index.php?rest_route=\/wp\/v2\/posts\/3145\/revisions"}],"predecessor-version":[{"id":11595,"href":"https:\/\/www.maicschulte.de\/wordpress\/index.php?rest_route=\/wp\/v2\/posts\/3145\/revisions\/11595"}],"wp:featuredmedia":[{"embeddable":true,"href":"https:\/\/www.maicschulte.de\/wordpress\/index.php?rest_route=\/wp\/v2\/media\/3150"}],"wp:attachment":[{"href":"https:\/\/www.maicschulte.de\/wordpress\/index.php?rest_route=%2Fwp%2Fv2%2Fmedia&parent=3145"}],"wp:term":[{"taxonomy":"category","embeddable":true,"href":"https:\/\/www.maicschulte.de\/wordpress\/index.php?rest_route=%2Fwp%2Fv2%2Fcategories&post=3145"},{"taxonomy":"post_tag","embeddable":true,"href":"https:\/\/www.maicschulte.de\/wordpress\/index.php?rest_route=%2Fwp%2Fv2%2Ftags&post=3145"}],"curies":[{"name":"wp","href":"https:\/\/api.w.org\/{rel}","templated":true}]}}