{"id":3301,"date":"2015-10-01T21:31:14","date_gmt":"2015-10-01T20:31:14","guid":{"rendered":"https:\/\/www.maicschulte.de\/?p=3301"},"modified":"2021-01-17T16:10:13","modified_gmt":"2021-01-17T15:10:13","slug":"guenter-grass","status":"publish","type":"post","link":"https:\/\/www.maicschulte.de\/wordpress\/?p=3301","title":{"rendered":"G\u00fcnter Grass"},"content":{"rendered":"\n<div class=\"wp-block-image\"><figure class=\"aligncenter\"><a href=\"https:\/\/www.maicschulte.de\/wordpress\/wp-content\/uploads\/2015\/10\/G\u00fcnter-Grass-im-Profil.jpg\" data-rel=\"lightbox-gallery-0\" data-rl_title data-rl_caption title><img loading=\"lazy\" decoding=\"async\" width=\"776\" height=\"860\" src=\"https:\/\/www.maicschulte.de\/wordpress\/wp-content\/uploads\/2015\/10\/G\u00fcnter-Grass-im-Profil.jpg\" alt=\"G\u00fcnter Grass im Profil\" class=\"wp-image-3304\" srcset=\"https:\/\/www.maicschulte.de\/wordpress\/wp-content\/uploads\/2015\/10\/G\u00fcnter-Grass-im-Profil.jpg 776w, https:\/\/www.maicschulte.de\/wordpress\/wp-content\/uploads\/2015\/10\/G\u00fcnter-Grass-im-Profil-271x300.jpg 271w, https:\/\/www.maicschulte.de\/wordpress\/wp-content\/uploads\/2015\/10\/G\u00fcnter-Grass-im-Profil-768x851.jpg 768w, https:\/\/www.maicschulte.de\/wordpress\/wp-content\/uploads\/2015\/10\/G\u00fcnter-Grass-im-Profil-474x525.jpg 474w, https:\/\/www.maicschulte.de\/wordpress\/wp-content\/uploads\/2015\/10\/G\u00fcnter-Grass-im-Profil-338x375.jpg 338w\" sizes=\"auto, (max-width: 776px) 100vw, 776px\"><\/a><\/figure><\/div>\n\n\n\n<p>\u201cG\u00fcnter Grass auf Haus Esselt\u201d oder auch \u201cSt\u00f6\u00adbern im Archiv lohnt sich&nbsp;immer\u201d.<\/p>\n\n\n\n<p>Vor ein paar Jahren habe ich eine Ein\u00adla\u00addung von nie\u00admand Gerin\u00adge\u00adrem als G\u00fcnter Grass erhal\u00adten, wel\u00adcher seine dama\u00adli\u00adge Lesung auf Haus Esselt gut foto\u00adgra\u00adfisch beglei\u00adtet wissen wollte.<\/p>\n\n\n\n<p>Bei dieser Gele\u00adgen\u00adheit ist nat\u00fcr\u00adlich auch das eine oder andere Por\u00adtrait ent\u00adstan\u00adden und einen klei\u00adnen Auszug aus dieser Foto-Stre\u00adcke w\u00fcrde ich Euch gerne heute zeigen.<\/p>\n\n\n\n<!--more-->\n\n\n\n<div class=\"wp-block-image\"><figure class=\"aligncenter\"><a href=\"https:\/\/www.maicschulte.de\/wordpress\/wp-content\/uploads\/2015\/10\/G\u00fcnter-Grass-raucht-Pfeife.jpg\" data-rel=\"lightbox-gallery-0\" data-rl_title data-rl_caption title><img loading=\"lazy\" decoding=\"async\" width=\"680\" height=\"860\" src=\"https:\/\/www.maicschulte.de\/wordpress\/wp-content\/uploads\/2015\/10\/G\u00fcnter-Grass-raucht-Pfeife.jpg\" alt=\"G\u00fcnter Grass raucht Pfeife\" class=\"wp-image-3305\" srcset=\"https:\/\/www.maicschulte.de\/wordpress\/wp-content\/uploads\/2015\/10\/G\u00fcnter-Grass-raucht-Pfeife.jpg 680w, https:\/\/www.maicschulte.de\/wordpress\/wp-content\/uploads\/2015\/10\/G\u00fcnter-Grass-raucht-Pfeife-237x300.jpg 237w, https:\/\/www.maicschulte.de\/wordpress\/wp-content\/uploads\/2015\/10\/G\u00fcnter-Grass-raucht-Pfeife-415x525.jpg 415w, https:\/\/www.maicschulte.de\/wordpress\/wp-content\/uploads\/2015\/10\/G\u00fcnter-Grass-raucht-Pfeife-297x375.jpg 297w\" sizes=\"auto, (max-width: 680px) 100vw, 680px\"><\/a><\/figure><\/div>\n\n\n\n<div class=\"wp-block-image\"><figure class=\"aligncenter\"><a href=\"https:\/\/www.maicschulte.de\/wordpress\/wp-content\/uploads\/2015\/10\/G\u00fcnter-Grass-beim-Signieren.jpg\" data-rel=\"lightbox-gallery-0\" data-rl_title data-rl_caption title><img loading=\"lazy\" decoding=\"async\" width=\"1248\" height=\"860\" src=\"https:\/\/www.maicschulte.de\/wordpress\/wp-content\/uploads\/2015\/10\/G\u00fcnter-Grass-beim-Signieren.jpg\" alt=\"G\u00fcnter Grass beim Signieren\" class=\"wp-image-3303\" srcset=\"https:\/\/www.maicschulte.de\/wordpress\/wp-content\/uploads\/2015\/10\/G\u00fcnter-Grass-beim-Signieren.jpg 1248w, https:\/\/www.maicschulte.de\/wordpress\/wp-content\/uploads\/2015\/10\/G\u00fcnter-Grass-beim-Signieren-300x207.jpg 300w, https:\/\/www.maicschulte.de\/wordpress\/wp-content\/uploads\/2015\/10\/G\u00fcnter-Grass-beim-Signieren-768x529.jpg 768w, https:\/\/www.maicschulte.de\/wordpress\/wp-content\/uploads\/2015\/10\/G\u00fcnter-Grass-beim-Signieren-762x525.jpg 762w, https:\/\/www.maicschulte.de\/wordpress\/wp-content\/uploads\/2015\/10\/G\u00fcnter-Grass-beim-Signieren-544x375.jpg 544w\" sizes=\"auto, (max-width: 1248px) 100vw, 1248px\"><\/a><\/figure><\/div>\n\n\n\n<div class=\"wp-block-image\"><figure class=\"aligncenter\"><a href=\"https:\/\/www.maicschulte.de\/wordpress\/wp-content\/uploads\/2015\/10\/G\u00fcnter-Grass-im-Profil.jpg\" data-rel=\"lightbox-gallery-0\" data-rl_title data-rl_caption title><img loading=\"lazy\" decoding=\"async\" width=\"776\" height=\"860\" src=\"https:\/\/www.maicschulte.de\/wordpress\/wp-content\/uploads\/2015\/10\/G\u00fcnter-Grass-im-Profil.jpg\" alt=\"G\u00fcnter Grass im Profil\" class=\"wp-image-3304\" srcset=\"https:\/\/www.maicschulte.de\/wordpress\/wp-content\/uploads\/2015\/10\/G\u00fcnter-Grass-im-Profil.jpg 776w, https:\/\/www.maicschulte.de\/wordpress\/wp-content\/uploads\/2015\/10\/G\u00fcnter-Grass-im-Profil-271x300.jpg 271w, https:\/\/www.maicschulte.de\/wordpress\/wp-content\/uploads\/2015\/10\/G\u00fcnter-Grass-im-Profil-768x851.jpg 768w, https:\/\/www.maicschulte.de\/wordpress\/wp-content\/uploads\/2015\/10\/G\u00fcnter-Grass-im-Profil-474x525.jpg 474w, https:\/\/www.maicschulte.de\/wordpress\/wp-content\/uploads\/2015\/10\/G\u00fcnter-Grass-im-Profil-338x375.jpg 338w\" sizes=\"auto, (max-width: 776px) 100vw, 776px\"><\/a><\/figure><\/div>\n","protected":false},"excerpt":{"rendered":"<p>\u201cG\u00fcnter Grass auf Haus Esselt\u201d oder auch \u201cSt\u00f6\u00adbern im Archiv lohnt sich&nbsp;immer\u201d. Vor ein paar Jahren habe ich eine Ein\u00adla\u00addung von nie\u00admand Gerin\u00adge\u00adrem als G\u00fcnter Grass erhal\u00adten, wel\u00adcher seine dama\u00adli\u00adge Lesung auf Haus Esselt gut foto\u00adgra\u00adfisch beglei\u00adtet wissen wollte. Bei dieser Gele\u00adgen\u00adheit ist nat\u00fcr\u00adlich auch das eine oder andere Por\u00adtrait ent\u00adstan\u00adden und einen klei\u00adnen Auszug aus dieser Foto-Stre\u00ad\u00adcke w\u00fcrde ich Euch gerne heute zeigen.<\/p>\n","protected":false},"author":1,"featured_media":11369,"comment_status":"open","ping_status":"open","sticky":false,"template":"","format":"standard","meta":{"wp_typography_post_enhancements_disabled":false,"footnotes":""},"categories":[1279,499],"tags":[453,452,449,450,454,455,451],"class_list":["post-3301","post","type-post","status-publish","format-standard","has-post-thumbnail","hentry","category-chronologisch","category-literarisch","tag-blechtrommel","tag-eva-pankok","tag-guenter-grass","tag-haus-esselt","tag-literatur","tag-nobelpreis","tag-otto-pankok"],"yoast_head":"<!-- This site is optimized with the Yoast SEO plugin v27.5 - https:\/\/yoast.com\/product\/yoast-seo-wordpress\/ -->\n<title>G\u00fcnter Grass - Maic Schulte<\/title>\n<meta name=\"description\" content=\"G\u00fcnter Grass - Chronologisch - Maic Schulte - Fotografie - Ruhrgebiet - Industrie - Portrait - Events - Autos - Rockabilly - Kunst - Schwarzwei\u00df\" \/>\n<meta name=\"robots\" content=\"index, follow, max-snippet:-1, max-image-preview:large, max-video-preview:-1\" \/>\n<link rel=\"canonical\" href=\"https:\/\/www.maicschulte.de\/wordpress\/?p=3301\" \/>\n<meta property=\"og:locale\" content=\"de_DE\" \/>\n<meta property=\"og:type\" content=\"article\" \/>\n<meta property=\"og:title\" content=\"G\u00fcnter Grass - Maic Schulte\" \/>\n<meta property=\"og:description\" content=\"G\u00fcnter Grass - Chronologisch - Maic Schulte - Fotografie - Ruhrgebiet - Industrie - Portrait - Events - Autos - Rockabilly - Kunst - Schwarzwei\u00df\" \/>\n<meta property=\"og:url\" content=\"https:\/\/www.maicschulte.de\/wordpress\/?p=3301\" \/>\n<meta property=\"og:site_name\" content=\"Maic Schulte\" \/>\n<meta property=\"article:published_time\" content=\"2015-10-01T20:31:14+00:00\" \/>\n<meta property=\"article:modified_time\" content=\"2021-01-17T15:10:13+00:00\" \/>\n<meta property=\"og:image\" content=\"https:\/\/www.maicschulte.de\/wordpress\/wp-content\/uploads\/2015\/10\/Guenter-Grass-im-Profil_ohne_Rahmen.jpg\" \/>\n\t<meta property=\"og:image:width\" content=\"722\" \/>\n\t<meta property=\"og:image:height\" content=\"794\" \/>\n\t<meta property=\"og:image:type\" content=\"image\/jpeg\" \/>\n<meta name=\"author\" content=\"Maic Schulte\" \/>\n<script type=\"application\/ld+json\" class=\"yoast-schema-graph\">{\"@context\":\"https:\\\/\\\/schema.org\",\"@graph\":[{\"@type\":\"Article\",\"@id\":\"https:\\\/\\\/www.maicschulte.de\\\/wordpress\\\/?p=3301#article\",\"isPartOf\":{\"@id\":\"https:\\\/\\\/www.maicschulte.de\\\/wordpress\\\/?p=3301\"},\"author\":{\"name\":\"Maic Schulte\",\"@id\":\"https:\\\/\\\/www.maicschulte.de\\\/wordpress\\\/#\\\/schema\\\/person\\\/809698f1c7b1655959515001723d716e\"},\"headline\":\"G\u00fcnter Grass\",\"datePublished\":\"2015-10-01T20:31:14+00:00\",\"dateModified\":\"2021-01-17T15:10:13+00:00\",\"mainEntityOfPage\":{\"@id\":\"https:\\\/\\\/www.maicschulte.de\\\/wordpress\\\/?p=3301\"},\"wordCount\":73,\"commentCount\":0,\"publisher\":{\"@id\":\"https:\\\/\\\/www.maicschulte.de\\\/wordpress\\\/#\\\/schema\\\/person\\\/809698f1c7b1655959515001723d716e\"},\"image\":{\"@id\":\"https:\\\/\\\/www.maicschulte.de\\\/wordpress\\\/?p=3301#primaryimage\"},\"thumbnailUrl\":\"https:\\\/\\\/www.maicschulte.de\\\/wordpress\\\/wp-content\\\/uploads\\\/2015\\\/10\\\/Guenter-Grass-im-Profil_ohne_Rahmen.jpg\",\"keywords\":[\"Blechtrommel\",\"Eva Pankok\",\"G\u00fcnter Grass\",\"Haus Esselt\",\"Literatur\",\"Nobelpreis\",\"Otto Pankok\"],\"articleSection\":[\"Chronologisch\",\"Literarisch\"],\"inLanguage\":\"de\",\"potentialAction\":[{\"@type\":\"CommentAction\",\"name\":\"Comment\",\"target\":[\"https:\\\/\\\/www.maicschulte.de\\\/wordpress\\\/?p=3301#respond\"]}]},{\"@type\":\"WebPage\",\"@id\":\"https:\\\/\\\/www.maicschulte.de\\\/wordpress\\\/?p=3301\",\"url\":\"https:\\\/\\\/www.maicschulte.de\\\/wordpress\\\/?p=3301\",\"name\":\"G\u00fcnter Grass - Maic Schulte\",\"isPartOf\":{\"@id\":\"https:\\\/\\\/www.maicschulte.de\\\/wordpress\\\/#website\"},\"primaryImageOfPage\":{\"@id\":\"https:\\\/\\\/www.maicschulte.de\\\/wordpress\\\/?p=3301#primaryimage\"},\"image\":{\"@id\":\"https:\\\/\\\/www.maicschulte.de\\\/wordpress\\\/?p=3301#primaryimage\"},\"thumbnailUrl\":\"https:\\\/\\\/www.maicschulte.de\\\/wordpress\\\/wp-content\\\/uploads\\\/2015\\\/10\\\/Guenter-Grass-im-Profil_ohne_Rahmen.jpg\",\"datePublished\":\"2015-10-01T20:31:14+00:00\",\"dateModified\":\"2021-01-17T15:10:13+00:00\",\"description\":\"G\u00fcnter Grass - Chronologisch - Maic Schulte - Fotografie - Ruhrgebiet - Industrie - Portrait - Events - Autos - Rockabilly - Kunst - Schwarzwei\u00df\",\"breadcrumb\":{\"@id\":\"https:\\\/\\\/www.maicschulte.de\\\/wordpress\\\/?p=3301#breadcrumb\"},\"inLanguage\":\"de\",\"potentialAction\":[{\"@type\":\"ReadAction\",\"target\":[\"https:\\\/\\\/www.maicschulte.de\\\/wordpress\\\/?p=3301\"]}]},{\"@type\":\"ImageObject\",\"inLanguage\":\"de\",\"@id\":\"https:\\\/\\\/www.maicschulte.de\\\/wordpress\\\/?p=3301#primaryimage\",\"url\":\"https:\\\/\\\/www.maicschulte.de\\\/wordpress\\\/wp-content\\\/uploads\\\/2015\\\/10\\\/Guenter-Grass-im-Profil_ohne_Rahmen.jpg\",\"contentUrl\":\"https:\\\/\\\/www.maicschulte.de\\\/wordpress\\\/wp-content\\\/uploads\\\/2015\\\/10\\\/Guenter-Grass-im-Profil_ohne_Rahmen.jpg\",\"width\":722,\"height\":794},{\"@type\":\"BreadcrumbList\",\"@id\":\"https:\\\/\\\/www.maicschulte.de\\\/wordpress\\\/?p=3301#breadcrumb\",\"itemListElement\":[{\"@type\":\"ListItem\",\"position\":1,\"name\":\"Startseite\",\"item\":\"https:\\\/\\\/www.maicschulte.de\\\/wordpress\"},{\"@type\":\"ListItem\",\"position\":2,\"name\":\"G\u00fcnter Grass\"}]},{\"@type\":\"WebSite\",\"@id\":\"https:\\\/\\\/www.maicschulte.de\\\/wordpress\\\/#website\",\"url\":\"https:\\\/\\\/www.maicschulte.de\\\/wordpress\\\/\",\"name\":\"Maic Schulte\",\"description\":\"Fotografie aus Leidenschaft\",\"publisher\":{\"@id\":\"https:\\\/\\\/www.maicschulte.de\\\/wordpress\\\/#\\\/schema\\\/person\\\/809698f1c7b1655959515001723d716e\"},\"potentialAction\":[{\"@type\":\"SearchAction\",\"target\":{\"@type\":\"EntryPoint\",\"urlTemplate\":\"https:\\\/\\\/www.maicschulte.de\\\/wordpress\\\/?s={search_term_string}\"},\"query-input\":{\"@type\":\"PropertyValueSpecification\",\"valueRequired\":true,\"valueName\":\"search_term_string\"}}],\"inLanguage\":\"de\"},{\"@type\":[\"Person\",\"Organization\"],\"@id\":\"https:\\\/\\\/www.maicschulte.de\\\/wordpress\\\/#\\\/schema\\\/person\\\/809698f1c7b1655959515001723d716e\",\"name\":\"Maic Schulte\",\"image\":{\"@type\":\"ImageObject\",\"inLanguage\":\"de\",\"@id\":\"https:\\\/\\\/www.maicschulte.de\\\/wordpress\\\/wp-content\\\/uploads\\\/2025\\\/05\\\/Chronus_Maic_Schulte_Logo_605px-3.png\",\"url\":\"https:\\\/\\\/www.maicschulte.de\\\/wordpress\\\/wp-content\\\/uploads\\\/2025\\\/05\\\/Chronus_Maic_Schulte_Logo_605px-3.png\",\"contentUrl\":\"https:\\\/\\\/www.maicschulte.de\\\/wordpress\\\/wp-content\\\/uploads\\\/2025\\\/05\\\/Chronus_Maic_Schulte_Logo_605px-3.png\",\"width\":605,\"height\":200,\"caption\":\"Maic Schulte\"},\"logo\":{\"@id\":\"https:\\\/\\\/www.maicschulte.de\\\/wordpress\\\/wp-content\\\/uploads\\\/2025\\\/05\\\/Chronus_Maic_Schulte_Logo_605px-3.png\"},\"description\":\"Seit dem Tag, an dem mein Vater mich mit einer Kamera, einem Objektiv und zwei Illford-Schwarzwei\u00df-Filmen auf Entdeckungs-Tour geschickt hat, begleitet mich das Thema \\\"Fotografie\\\". Basierend auf WordPress, stellt diese Webseite - jetzt und in der Zukunft - eine Heimat f\u00fcr all meine Artikel und Fotos dar, welche wiederum aus allen Themenbereichen der klassischen &amp; modernen Fotografie kommen. Sei es nun die Fotografie in Schwarz-Wei\u00df; die Erkundung ehemaliger Industriegel\u00e4nde, welche f\u00fcr mich am ehesten \u201eDas Herz des Reviers\u201c widerspiegeln; ausdrucksstarke Portraits oder farbenfrohe Naturaufnahmen. Ganz egal! Es gelingt einfach jedem fotografischen Thema, meine Neugierde darauf zu erwecken. Dar\u00fcber hinaus habe ich aber auch ein ger\u00fctteltes Ma\u00df an Benzin im Blut und mag Autos &amp; Motorr\u00e4der, ganz egal ob nun neu, alt, aufgemotzt oder vollkommen original. Du siehst, die Auswahl an Artikeln &amp; Fotos ist also genauso breit gef\u00e4chert wie meine fotografischen Interessen.\",\"sameAs\":[\"https:\\\/\\\/www.maicschulte.de\"]}]}<\/script>\n<!-- \/ Yoast SEO plugin. -->","yoast_head_json":{"title":"G\u00fcnter Grass - Maic Schulte","description":"G\u00fcnter Grass - Chronologisch - Maic Schulte - Fotografie - Ruhrgebiet - Industrie - Portrait - Events - Autos - Rockabilly - Kunst - Schwarzwei\u00df","robots":{"index":"index","follow":"follow","max-snippet":"max-snippet:-1","max-image-preview":"max-image-preview:large","max-video-preview":"max-video-preview:-1"},"canonical":"https:\/\/www.maicschulte.de\/wordpress\/?p=3301","og_locale":"de_DE","og_type":"article","og_title":"G\u00fcnter Grass - Maic Schulte","og_description":"G\u00fcnter Grass - Chronologisch - Maic Schulte - Fotografie - Ruhrgebiet - Industrie - Portrait - Events - Autos - Rockabilly - Kunst - Schwarzwei\u00df","og_url":"https:\/\/www.maicschulte.de\/wordpress\/?p=3301","og_site_name":"Maic Schulte","article_published_time":"2015-10-01T20:31:14+00:00","article_modified_time":"2021-01-17T15:10:13+00:00","og_image":[{"width":722,"height":794,"url":"https:\/\/www.maicschulte.de\/wordpress\/wp-content\/uploads\/2015\/10\/Guenter-Grass-im-Profil_ohne_Rahmen.jpg","type":"image\/jpeg"}],"author":"Maic Schulte","schema":{"@context":"https:\/\/schema.org","@graph":[{"@type":"Article","@id":"https:\/\/www.maicschulte.de\/wordpress\/?p=3301#article","isPartOf":{"@id":"https:\/\/www.maicschulte.de\/wordpress\/?p=3301"},"author":{"name":"Maic Schulte","@id":"https:\/\/www.maicschulte.de\/wordpress\/#\/schema\/person\/809698f1c7b1655959515001723d716e"},"headline":"G\u00fcnter Grass","datePublished":"2015-10-01T20:31:14+00:00","dateModified":"2021-01-17T15:10:13+00:00","mainEntityOfPage":{"@id":"https:\/\/www.maicschulte.de\/wordpress\/?p=3301"},"wordCount":73,"commentCount":0,"publisher":{"@id":"https:\/\/www.maicschulte.de\/wordpress\/#\/schema\/person\/809698f1c7b1655959515001723d716e"},"image":{"@id":"https:\/\/www.maicschulte.de\/wordpress\/?p=3301#primaryimage"},"thumbnailUrl":"https:\/\/www.maicschulte.de\/wordpress\/wp-content\/uploads\/2015\/10\/Guenter-Grass-im-Profil_ohne_Rahmen.jpg","keywords":["Blechtrommel","Eva Pankok","G\u00fcnter Grass","Haus Esselt","Literatur","Nobelpreis","Otto Pankok"],"articleSection":["Chronologisch","Literarisch"],"inLanguage":"de","potentialAction":[{"@type":"CommentAction","name":"Comment","target":["https:\/\/www.maicschulte.de\/wordpress\/?p=3301#respond"]}]},{"@type":"WebPage","@id":"https:\/\/www.maicschulte.de\/wordpress\/?p=3301","url":"https:\/\/www.maicschulte.de\/wordpress\/?p=3301","name":"G\u00fcnter Grass - Maic Schulte","isPartOf":{"@id":"https:\/\/www.maicschulte.de\/wordpress\/#website"},"primaryImageOfPage":{"@id":"https:\/\/www.maicschulte.de\/wordpress\/?p=3301#primaryimage"},"image":{"@id":"https:\/\/www.maicschulte.de\/wordpress\/?p=3301#primaryimage"},"thumbnailUrl":"https:\/\/www.maicschulte.de\/wordpress\/wp-content\/uploads\/2015\/10\/Guenter-Grass-im-Profil_ohne_Rahmen.jpg","datePublished":"2015-10-01T20:31:14+00:00","dateModified":"2021-01-17T15:10:13+00:00","description":"G\u00fcnter Grass - Chronologisch - Maic Schulte - Fotografie - Ruhrgebiet - Industrie - Portrait - Events - Autos - Rockabilly - Kunst - Schwarzwei\u00df","breadcrumb":{"@id":"https:\/\/www.maicschulte.de\/wordpress\/?p=3301#breadcrumb"},"inLanguage":"de","potentialAction":[{"@type":"ReadAction","target":["https:\/\/www.maicschulte.de\/wordpress\/?p=3301"]}]},{"@type":"ImageObject","inLanguage":"de","@id":"https:\/\/www.maicschulte.de\/wordpress\/?p=3301#primaryimage","url":"https:\/\/www.maicschulte.de\/wordpress\/wp-content\/uploads\/2015\/10\/Guenter-Grass-im-Profil_ohne_Rahmen.jpg","contentUrl":"https:\/\/www.maicschulte.de\/wordpress\/wp-content\/uploads\/2015\/10\/Guenter-Grass-im-Profil_ohne_Rahmen.jpg","width":722,"height":794},{"@type":"BreadcrumbList","@id":"https:\/\/www.maicschulte.de\/wordpress\/?p=3301#breadcrumb","itemListElement":[{"@type":"ListItem","position":1,"name":"Startseite","item":"https:\/\/www.maicschulte.de\/wordpress"},{"@type":"ListItem","position":2,"name":"G\u00fcnter Grass"}]},{"@type":"WebSite","@id":"https:\/\/www.maicschulte.de\/wordpress\/#website","url":"https:\/\/www.maicschulte.de\/wordpress\/","name":"Maic Schulte","description":"Fotografie aus Leidenschaft","publisher":{"@id":"https:\/\/www.maicschulte.de\/wordpress\/#\/schema\/person\/809698f1c7b1655959515001723d716e"},"potentialAction":[{"@type":"SearchAction","target":{"@type":"EntryPoint","urlTemplate":"https:\/\/www.maicschulte.de\/wordpress\/?s={search_term_string}"},"query-input":{"@type":"PropertyValueSpecification","valueRequired":true,"valueName":"search_term_string"}}],"inLanguage":"de"},{"@type":["Person","Organization"],"@id":"https:\/\/www.maicschulte.de\/wordpress\/#\/schema\/person\/809698f1c7b1655959515001723d716e","name":"Maic Schulte","image":{"@type":"ImageObject","inLanguage":"de","@id":"https:\/\/www.maicschulte.de\/wordpress\/wp-content\/uploads\/2025\/05\/Chronus_Maic_Schulte_Logo_605px-3.png","url":"https:\/\/www.maicschulte.de\/wordpress\/wp-content\/uploads\/2025\/05\/Chronus_Maic_Schulte_Logo_605px-3.png","contentUrl":"https:\/\/www.maicschulte.de\/wordpress\/wp-content\/uploads\/2025\/05\/Chronus_Maic_Schulte_Logo_605px-3.png","width":605,"height":200,"caption":"Maic Schulte"},"logo":{"@id":"https:\/\/www.maicschulte.de\/wordpress\/wp-content\/uploads\/2025\/05\/Chronus_Maic_Schulte_Logo_605px-3.png"},"description":"Seit dem Tag, an dem mein Vater mich mit einer Kamera, einem Objektiv und zwei Illford-Schwarzwei\u00df-Filmen auf Entdeckungs-Tour geschickt hat, begleitet mich das Thema \"Fotografie\". Basierend auf WordPress, stellt diese Webseite - jetzt und in der Zukunft - eine Heimat f\u00fcr all meine Artikel und Fotos dar, welche wiederum aus allen Themenbereichen der klassischen &amp; modernen Fotografie kommen. Sei es nun die Fotografie in Schwarz-Wei\u00df; die Erkundung ehemaliger Industriegel\u00e4nde, welche f\u00fcr mich am ehesten \u201eDas Herz des Reviers\u201c widerspiegeln; ausdrucksstarke Portraits oder farbenfrohe Naturaufnahmen. Ganz egal! Es gelingt einfach jedem fotografischen Thema, meine Neugierde darauf zu erwecken. Dar\u00fcber hinaus habe ich aber auch ein ger\u00fctteltes Ma\u00df an Benzin im Blut und mag Autos &amp; Motorr\u00e4der, ganz egal ob nun neu, alt, aufgemotzt oder vollkommen original. Du siehst, die Auswahl an Artikeln &amp; Fotos ist also genauso breit gef\u00e4chert wie meine fotografischen Interessen.","sameAs":["https:\/\/www.maicschulte.de"]}]}},"_links":{"self":[{"href":"https:\/\/www.maicschulte.de\/wordpress\/index.php?rest_route=\/wp\/v2\/posts\/3301","targetHints":{"allow":["GET"]}}],"collection":[{"href":"https:\/\/www.maicschulte.de\/wordpress\/index.php?rest_route=\/wp\/v2\/posts"}],"about":[{"href":"https:\/\/www.maicschulte.de\/wordpress\/index.php?rest_route=\/wp\/v2\/types\/post"}],"author":[{"embeddable":true,"href":"https:\/\/www.maicschulte.de\/wordpress\/index.php?rest_route=\/wp\/v2\/users\/1"}],"replies":[{"embeddable":true,"href":"https:\/\/www.maicschulte.de\/wordpress\/index.php?rest_route=%2Fwp%2Fv2%2Fcomments&post=3301"}],"version-history":[{"count":6,"href":"https:\/\/www.maicschulte.de\/wordpress\/index.php?rest_route=\/wp\/v2\/posts\/3301\/revisions"}],"predecessor-version":[{"id":11499,"href":"https:\/\/www.maicschulte.de\/wordpress\/index.php?rest_route=\/wp\/v2\/posts\/3301\/revisions\/11499"}],"wp:featuredmedia":[{"embeddable":true,"href":"https:\/\/www.maicschulte.de\/wordpress\/index.php?rest_route=\/wp\/v2\/media\/11369"}],"wp:attachment":[{"href":"https:\/\/www.maicschulte.de\/wordpress\/index.php?rest_route=%2Fwp%2Fv2%2Fmedia&parent=3301"}],"wp:term":[{"taxonomy":"category","embeddable":true,"href":"https:\/\/www.maicschulte.de\/wordpress\/index.php?rest_route=%2Fwp%2Fv2%2Fcategories&post=3301"},{"taxonomy":"post_tag","embeddable":true,"href":"https:\/\/www.maicschulte.de\/wordpress\/index.php?rest_route=%2Fwp%2Fv2%2Ftags&post=3301"}],"curies":[{"name":"wp","href":"https:\/\/api.w.org\/{rel}","templated":true}]}}