{"id":3465,"date":"2016-05-30T15:00:42","date_gmt":"2016-05-30T14:00:42","guid":{"rendered":"https:\/\/www.maicschulte.de\/?p=3465"},"modified":"2021-01-17T15:59:47","modified_gmt":"2021-01-17T14:59:47","slug":"berlin-1936-sechszehn-tage-im-august","status":"publish","type":"post","link":"https:\/\/www.maicschulte.de\/wordpress\/?p=3465","title":{"rendered":"Berlin 1936 \u2014 Sechszehn Tage im August"},"content":{"rendered":"\n<div class=\"wp-block-image\"><figure class=\"aligncenter\"><a href=\"https:\/\/www.maicschulte.de\/wordpress\/wp-content\/uploads\/2016\/12\/Oliver-Hilmes-Berlin-1936.jpg\" data-rel=\"lightbox-gallery-0\" data-rl_title data-rl_caption title><img loading=\"lazy\" decoding=\"async\" width=\"1280\" height=\"2048\" src=\"https:\/\/www.maicschulte.de\/wordpress\/wp-content\/uploads\/2016\/12\/Oliver-Hilmes-Berlin-1936.jpg\" alt class=\"wp-image-3466\" srcset=\"https:\/\/www.maicschulte.de\/wordpress\/wp-content\/uploads\/2016\/12\/Oliver-Hilmes-Berlin-1936.jpg 1280w, https:\/\/www.maicschulte.de\/wordpress\/wp-content\/uploads\/2016\/12\/Oliver-Hilmes-Berlin-1936-188x300.jpg 188w, https:\/\/www.maicschulte.de\/wordpress\/wp-content\/uploads\/2016\/12\/Oliver-Hilmes-Berlin-1936-768x1229.jpg 768w, https:\/\/www.maicschulte.de\/wordpress\/wp-content\/uploads\/2016\/12\/Oliver-Hilmes-Berlin-1936-800x1280.jpg 800w, https:\/\/www.maicschulte.de\/wordpress\/wp-content\/uploads\/2016\/12\/Oliver-Hilmes-Berlin-1936-328x525.jpg 328w, https:\/\/www.maicschulte.de\/wordpress\/wp-content\/uploads\/2016\/12\/Oliver-Hilmes-Berlin-1936-234x375.jpg 234w\" sizes=\"auto, (max-width: 1280px) 100vw, 1280px\"><\/a><\/figure><\/div>\n\n\n\n<p>Zur\u00adzeit lese ich \u201eBerlin 1936 \u2013 16 Tage im August\u201c und kann schon jetzt sagen, dass mir dieses Buch noch lange in Erin\u00adne\u00adrung blei\u00adben wird. Mit einem untr\u00fcg\u00adli\u00adchen Sinn f\u00fcr Details und Zusam\u00admen\u00adh\u00e4n\u00adge, nimmt Oliver Holmes \u2014 pardon Hilmes \u2014 die Olym\u00adpia\u00adde der Nazis St\u00fcck f\u00fcr St\u00fcck aus\u00adein\u00adan\u00adder und ent\u00admys\u00adti\u00adfi\u00adziert so das schlech\u00adte Schau\u00adspiel des brau\u00adnen&nbsp;Packs.<\/p>\n\n\n\n<!--more-->\n\n\n\n<p>Von Anfang an als gro\u00dfes Schmie\u00adren\u00adthea\u00adter ange\u00adlegt, f\u00e4llt dann auch so man\u00adcher Bot\u00adschaf\u00adter des Sports auf die Pro\u00adpa\u00adgan\u00adda\u00adma\u00adschi\u00adne der Nazis rein. Zei\u00adtungs\u00adk\u00e4s\u00adten f\u00fcr den St\u00fcr\u00admer werden abge\u00adbaut, es darf in den Loka\u00adlen \u00f6ffent\u00adlich Swing gespielt werden, man gibt sich welt\u00adof\u00adfen und ver\u00adschweigt den Bau der Kon\u00adzen\u00adtra\u00adti\u00adons\u00adla\u00adger, von denen eines keine 50 Kilo\u00adme\u00adter ent\u00adfernt von Zwangs\u00adar\u00adbei\u00adtern unter den wid\u00adrigs\u00adten Zust\u00e4n\u00adden errich\u00adtet&nbsp;wird.<\/p>\n\n\n\n<p>Da wird \u00fcber den \u201eNeger\u201c als unfai\u00adren Sport\u00adler gewet\u00adtert, sei er doch durch sein Leben im Busch f\u00fcr den Wett\u00adkampf besser vor\u00adbe\u00adrei\u00adtet als die \u201eHel\u00adden\u00adras\u00adse\u201c \u2026<\/p>\n\n\n\n<p>Mitt\u00adler\u00adwei\u00adle habe ich mehr als die H\u00e4lfte des Buches bew\u00e4l\u00adtigt und auch wenn es sich sehr fl\u00fcs\u00adsig liest, das hier Erfah\u00adre\u00adne bleibt einem fast im Hals ste\u00adcken. So ersch\u00fct\u00adternd und erschre\u00adckend sind die hier auf\u00adge\u00adtisch\u00adten Tatsachen.<\/p>\n\n\n\n<p>Lobens\u00adwert erw\u00e4h\u00adnen muss ich noch, dass es dem Herrn Hilmes lau\u00adfend gelingt, mich mit Fakten aus der NS-Zeit zu \u00fcber\u00adra\u00adschen, die selbst ich noch nicht kannte und dabei habe ich schon so einige Werke aus und \u00fcber diese dun\u00adkels\u00adte Zeit Deutsch\u00adlands gelesen.<\/p>\n\n\n\n<p>Hut ab, Herr Hilmes und Danke f\u00fcr dieses sch\u00f6ne St\u00fcck Literatur.<\/p>\n\n\n\n<p>P.S: Diese paar Zeilen sind nur ein ganz grober Abriss und sind kei\u00adnes\u00adfalls repr\u00e4\u00adsen\u00adta\u00adtiv f\u00fcr das ganze Buch. Ich kann nur jedem emp\u00adfeh\u00adlen, es selbst einmal zu lesen. Es lohnt sich. Versprochen!<\/p>\n\n\n\n<hr class=\"wp-block-separator\">\n\n\n\n<p>Das Buch \u201cBerlin 1936\u201d von Oliver Hilmes ist im Sied\u00adler Verlag erschie\u00adnen und kos\u00adte\u00adte bei der Ent\u00adste\u00adhung dieses Arti\u00adkel 19,99 Euro als gebun\u00adde\u00adne Ausgabe.<\/p>\n","protected":false},"excerpt":{"rendered":"<p>Zur\u00adzeit lese ich \u201eBerlin 1936 \u2013 16 Tage im August\u201c und kann schon jetzt sagen, dass mir dieses Buch noch lange in Erin\u00adne\u00adrung blei\u00adben wird. Mit einem untr\u00fcg\u00adli\u00adchen Sinn f\u00fcr Details und Zusam\u00admen\u00adh\u00e4n\u00adge, nimmt Oliver Holmes \u2014 pardon Hilmes \u2014 die Olym\u00adpia\u00adde der Nazis St\u00fcck f\u00fcr St\u00fcck aus\u00adein\u00adan\u00adder und ent\u00admys\u00adti\u00adfi\u00adziert so das schlech\u00adte Schau\u00adspiel des brau\u00adnen&nbsp;Packs.<\/p>\n","protected":false},"author":1,"featured_media":3466,"comment_status":"open","ping_status":"open","sticky":false,"template":"","format":"standard","meta":{"wp_typography_post_enhancements_disabled":false,"footnotes":""},"categories":[1279,499],"tags":[511,515,516,512,510,513,514],"class_list":["post-3465","post","type-post","status-publish","format-standard","has-post-thumbnail","hentry","category-chronologisch","category-literarisch","tag-berlin","tag-konzentrationslager","tag-nazi-diktatur","tag-ns-zeit","tag-oliver-hilmes","tag-olympiade","tag-sport"],"yoast_head":"<!-- This site is optimized with the Yoast SEO plugin v27.5 - https:\/\/yoast.com\/product\/yoast-seo-wordpress\/ -->\n<title>Berlin 1936 - Sechszehn Tage im August - Maic Schulte<\/title>\n<meta name=\"description\" content=\"Berlin 1936 - Sechszehn Tage im August - Literarisch - Maic Schulte - Fotografie - Ruhrgebiet - Industrie - Portrait - Events - Autos - Rockabilly - Kunst - Schwarzwei\u00df\" \/>\n<meta name=\"robots\" content=\"index, follow, max-snippet:-1, max-image-preview:large, max-video-preview:-1\" \/>\n<link rel=\"canonical\" href=\"https:\/\/www.maicschulte.de\/wordpress\/?p=3465\" \/>\n<meta property=\"og:locale\" content=\"de_DE\" \/>\n<meta property=\"og:type\" content=\"article\" \/>\n<meta property=\"og:title\" content=\"Berlin 1936 - Sechszehn Tage im August - Maic Schulte\" \/>\n<meta property=\"og:description\" content=\"Berlin 1936 - Sechszehn Tage im August - Literarisch - Maic Schulte - Fotografie - Ruhrgebiet - Industrie - Portrait - Events - Autos - Rockabilly - Kunst - Schwarzwei\u00df\" \/>\n<meta property=\"og:url\" content=\"https:\/\/www.maicschulte.de\/wordpress\/?p=3465\" \/>\n<meta property=\"og:site_name\" content=\"Maic Schulte\" \/>\n<meta property=\"article:published_time\" content=\"2016-05-30T14:00:42+00:00\" \/>\n<meta property=\"article:modified_time\" content=\"2021-01-17T14:59:47+00:00\" \/>\n<meta property=\"og:image\" content=\"https:\/\/www.maicschulte.de\/wordpress\/wp-content\/uploads\/2016\/12\/Oliver-Hilmes-Berlin-1936.jpg\" \/>\n\t<meta property=\"og:image:width\" content=\"1280\" \/>\n\t<meta property=\"og:image:height\" content=\"2048\" \/>\n\t<meta property=\"og:image:type\" content=\"image\/jpeg\" \/>\n<meta name=\"author\" content=\"Maic Schulte\" \/>\n<script type=\"application\/ld+json\" class=\"yoast-schema-graph\">{\"@context\":\"https:\\\/\\\/schema.org\",\"@graph\":[{\"@type\":\"Article\",\"@id\":\"https:\\\/\\\/www.maicschulte.de\\\/wordpress\\\/?p=3465#article\",\"isPartOf\":{\"@id\":\"https:\\\/\\\/www.maicschulte.de\\\/wordpress\\\/?p=3465\"},\"author\":{\"name\":\"Maic Schulte\",\"@id\":\"https:\\\/\\\/www.maicschulte.de\\\/wordpress\\\/#\\\/schema\\\/person\\\/809698f1c7b1655959515001723d716e\"},\"headline\":\"Berlin 1936 \u2014 Sechszehn Tage im August\",\"datePublished\":\"2016-05-30T14:00:42+00:00\",\"dateModified\":\"2021-01-17T14:59:47+00:00\",\"mainEntityOfPage\":{\"@id\":\"https:\\\/\\\/www.maicschulte.de\\\/wordpress\\\/?p=3465\"},\"wordCount\":312,\"commentCount\":2,\"publisher\":{\"@id\":\"https:\\\/\\\/www.maicschulte.de\\\/wordpress\\\/#\\\/schema\\\/person\\\/809698f1c7b1655959515001723d716e\"},\"image\":{\"@id\":\"https:\\\/\\\/www.maicschulte.de\\\/wordpress\\\/?p=3465#primaryimage\"},\"thumbnailUrl\":\"https:\\\/\\\/www.maicschulte.de\\\/wordpress\\\/wp-content\\\/uploads\\\/2016\\\/12\\\/Oliver-Hilmes-Berlin-1936.jpg\",\"keywords\":[\"Berlin\",\"Konzentrationslager\",\"Nazi-Diktatur\",\"NS-Zeit\",\"Oliver Hilmes\",\"Olympiade\",\"Sport\"],\"articleSection\":[\"Chronologisch\",\"Literarisch\"],\"inLanguage\":\"de\",\"potentialAction\":[{\"@type\":\"CommentAction\",\"name\":\"Comment\",\"target\":[\"https:\\\/\\\/www.maicschulte.de\\\/wordpress\\\/?p=3465#respond\"]}]},{\"@type\":\"WebPage\",\"@id\":\"https:\\\/\\\/www.maicschulte.de\\\/wordpress\\\/?p=3465\",\"url\":\"https:\\\/\\\/www.maicschulte.de\\\/wordpress\\\/?p=3465\",\"name\":\"Berlin 1936 - Sechszehn Tage im August - Maic Schulte\",\"isPartOf\":{\"@id\":\"https:\\\/\\\/www.maicschulte.de\\\/wordpress\\\/#website\"},\"primaryImageOfPage\":{\"@id\":\"https:\\\/\\\/www.maicschulte.de\\\/wordpress\\\/?p=3465#primaryimage\"},\"image\":{\"@id\":\"https:\\\/\\\/www.maicschulte.de\\\/wordpress\\\/?p=3465#primaryimage\"},\"thumbnailUrl\":\"https:\\\/\\\/www.maicschulte.de\\\/wordpress\\\/wp-content\\\/uploads\\\/2016\\\/12\\\/Oliver-Hilmes-Berlin-1936.jpg\",\"datePublished\":\"2016-05-30T14:00:42+00:00\",\"dateModified\":\"2021-01-17T14:59:47+00:00\",\"description\":\"Berlin 1936 - Sechszehn Tage im August - Literarisch - Maic Schulte - Fotografie - Ruhrgebiet - Industrie - Portrait - Events - Autos - Rockabilly - Kunst - Schwarzwei\u00df\",\"breadcrumb\":{\"@id\":\"https:\\\/\\\/www.maicschulte.de\\\/wordpress\\\/?p=3465#breadcrumb\"},\"inLanguage\":\"de\",\"potentialAction\":[{\"@type\":\"ReadAction\",\"target\":[\"https:\\\/\\\/www.maicschulte.de\\\/wordpress\\\/?p=3465\"]}]},{\"@type\":\"ImageObject\",\"inLanguage\":\"de\",\"@id\":\"https:\\\/\\\/www.maicschulte.de\\\/wordpress\\\/?p=3465#primaryimage\",\"url\":\"https:\\\/\\\/www.maicschulte.de\\\/wordpress\\\/wp-content\\\/uploads\\\/2016\\\/12\\\/Oliver-Hilmes-Berlin-1936.jpg\",\"contentUrl\":\"https:\\\/\\\/www.maicschulte.de\\\/wordpress\\\/wp-content\\\/uploads\\\/2016\\\/12\\\/Oliver-Hilmes-Berlin-1936.jpg\",\"width\":1280,\"height\":2048},{\"@type\":\"BreadcrumbList\",\"@id\":\"https:\\\/\\\/www.maicschulte.de\\\/wordpress\\\/?p=3465#breadcrumb\",\"itemListElement\":[{\"@type\":\"ListItem\",\"position\":1,\"name\":\"Startseite\",\"item\":\"https:\\\/\\\/www.maicschulte.de\\\/wordpress\"},{\"@type\":\"ListItem\",\"position\":2,\"name\":\"Berlin 1936 \u2014 Sechszehn Tage im August\"}]},{\"@type\":\"WebSite\",\"@id\":\"https:\\\/\\\/www.maicschulte.de\\\/wordpress\\\/#website\",\"url\":\"https:\\\/\\\/www.maicschulte.de\\\/wordpress\\\/\",\"name\":\"Maic Schulte\",\"description\":\"Fotografie aus Leidenschaft\",\"publisher\":{\"@id\":\"https:\\\/\\\/www.maicschulte.de\\\/wordpress\\\/#\\\/schema\\\/person\\\/809698f1c7b1655959515001723d716e\"},\"potentialAction\":[{\"@type\":\"SearchAction\",\"target\":{\"@type\":\"EntryPoint\",\"urlTemplate\":\"https:\\\/\\\/www.maicschulte.de\\\/wordpress\\\/?s={search_term_string}\"},\"query-input\":{\"@type\":\"PropertyValueSpecification\",\"valueRequired\":true,\"valueName\":\"search_term_string\"}}],\"inLanguage\":\"de\"},{\"@type\":[\"Person\",\"Organization\"],\"@id\":\"https:\\\/\\\/www.maicschulte.de\\\/wordpress\\\/#\\\/schema\\\/person\\\/809698f1c7b1655959515001723d716e\",\"name\":\"Maic Schulte\",\"image\":{\"@type\":\"ImageObject\",\"inLanguage\":\"de\",\"@id\":\"https:\\\/\\\/www.maicschulte.de\\\/wordpress\\\/wp-content\\\/uploads\\\/2025\\\/05\\\/Chronus_Maic_Schulte_Logo_605px-3.png\",\"url\":\"https:\\\/\\\/www.maicschulte.de\\\/wordpress\\\/wp-content\\\/uploads\\\/2025\\\/05\\\/Chronus_Maic_Schulte_Logo_605px-3.png\",\"contentUrl\":\"https:\\\/\\\/www.maicschulte.de\\\/wordpress\\\/wp-content\\\/uploads\\\/2025\\\/05\\\/Chronus_Maic_Schulte_Logo_605px-3.png\",\"width\":605,\"height\":200,\"caption\":\"Maic Schulte\"},\"logo\":{\"@id\":\"https:\\\/\\\/www.maicschulte.de\\\/wordpress\\\/wp-content\\\/uploads\\\/2025\\\/05\\\/Chronus_Maic_Schulte_Logo_605px-3.png\"},\"description\":\"Seit dem Tag, an dem mein Vater mich mit einer Kamera, einem Objektiv und zwei Illford-Schwarzwei\u00df-Filmen auf Entdeckungs-Tour geschickt hat, begleitet mich das Thema \\\"Fotografie\\\". Basierend auf WordPress, stellt diese Webseite - jetzt und in der Zukunft - eine Heimat f\u00fcr all meine Artikel und Fotos dar, welche wiederum aus allen Themenbereichen der klassischen &amp; modernen Fotografie kommen. Sei es nun die Fotografie in Schwarz-Wei\u00df; die Erkundung ehemaliger Industriegel\u00e4nde, welche f\u00fcr mich am ehesten \u201eDas Herz des Reviers\u201c widerspiegeln; ausdrucksstarke Portraits oder farbenfrohe Naturaufnahmen. Ganz egal! Es gelingt einfach jedem fotografischen Thema, meine Neugierde darauf zu erwecken. Dar\u00fcber hinaus habe ich aber auch ein ger\u00fctteltes Ma\u00df an Benzin im Blut und mag Autos &amp; Motorr\u00e4der, ganz egal ob nun neu, alt, aufgemotzt oder vollkommen original. Du siehst, die Auswahl an Artikeln &amp; Fotos ist also genauso breit gef\u00e4chert wie meine fotografischen Interessen.\",\"sameAs\":[\"https:\\\/\\\/www.maicschulte.de\"]}]}<\/script>\n<!-- \/ Yoast SEO plugin. -->","yoast_head_json":{"title":"Berlin 1936 - Sechszehn Tage im August - Maic Schulte","description":"Berlin 1936 - Sechszehn Tage im August - Literarisch - Maic Schulte - Fotografie - Ruhrgebiet - Industrie - Portrait - Events - Autos - Rockabilly - Kunst - Schwarzwei\u00df","robots":{"index":"index","follow":"follow","max-snippet":"max-snippet:-1","max-image-preview":"max-image-preview:large","max-video-preview":"max-video-preview:-1"},"canonical":"https:\/\/www.maicschulte.de\/wordpress\/?p=3465","og_locale":"de_DE","og_type":"article","og_title":"Berlin 1936 - Sechszehn Tage im August - Maic Schulte","og_description":"Berlin 1936 - Sechszehn Tage im August - Literarisch - Maic Schulte - Fotografie - Ruhrgebiet - Industrie - Portrait - Events - Autos - Rockabilly - Kunst - Schwarzwei\u00df","og_url":"https:\/\/www.maicschulte.de\/wordpress\/?p=3465","og_site_name":"Maic Schulte","article_published_time":"2016-05-30T14:00:42+00:00","article_modified_time":"2021-01-17T14:59:47+00:00","og_image":[{"width":1280,"height":2048,"url":"https:\/\/www.maicschulte.de\/wordpress\/wp-content\/uploads\/2016\/12\/Oliver-Hilmes-Berlin-1936.jpg","type":"image\/jpeg"}],"author":"Maic Schulte","schema":{"@context":"https:\/\/schema.org","@graph":[{"@type":"Article","@id":"https:\/\/www.maicschulte.de\/wordpress\/?p=3465#article","isPartOf":{"@id":"https:\/\/www.maicschulte.de\/wordpress\/?p=3465"},"author":{"name":"Maic Schulte","@id":"https:\/\/www.maicschulte.de\/wordpress\/#\/schema\/person\/809698f1c7b1655959515001723d716e"},"headline":"Berlin 1936 \u2014 Sechszehn Tage im August","datePublished":"2016-05-30T14:00:42+00:00","dateModified":"2021-01-17T14:59:47+00:00","mainEntityOfPage":{"@id":"https:\/\/www.maicschulte.de\/wordpress\/?p=3465"},"wordCount":312,"commentCount":2,"publisher":{"@id":"https:\/\/www.maicschulte.de\/wordpress\/#\/schema\/person\/809698f1c7b1655959515001723d716e"},"image":{"@id":"https:\/\/www.maicschulte.de\/wordpress\/?p=3465#primaryimage"},"thumbnailUrl":"https:\/\/www.maicschulte.de\/wordpress\/wp-content\/uploads\/2016\/12\/Oliver-Hilmes-Berlin-1936.jpg","keywords":["Berlin","Konzentrationslager","Nazi-Diktatur","NS-Zeit","Oliver Hilmes","Olympiade","Sport"],"articleSection":["Chronologisch","Literarisch"],"inLanguage":"de","potentialAction":[{"@type":"CommentAction","name":"Comment","target":["https:\/\/www.maicschulte.de\/wordpress\/?p=3465#respond"]}]},{"@type":"WebPage","@id":"https:\/\/www.maicschulte.de\/wordpress\/?p=3465","url":"https:\/\/www.maicschulte.de\/wordpress\/?p=3465","name":"Berlin 1936 - Sechszehn Tage im August - Maic Schulte","isPartOf":{"@id":"https:\/\/www.maicschulte.de\/wordpress\/#website"},"primaryImageOfPage":{"@id":"https:\/\/www.maicschulte.de\/wordpress\/?p=3465#primaryimage"},"image":{"@id":"https:\/\/www.maicschulte.de\/wordpress\/?p=3465#primaryimage"},"thumbnailUrl":"https:\/\/www.maicschulte.de\/wordpress\/wp-content\/uploads\/2016\/12\/Oliver-Hilmes-Berlin-1936.jpg","datePublished":"2016-05-30T14:00:42+00:00","dateModified":"2021-01-17T14:59:47+00:00","description":"Berlin 1936 - Sechszehn Tage im August - Literarisch - Maic Schulte - Fotografie - Ruhrgebiet - Industrie - Portrait - Events - Autos - Rockabilly - Kunst - Schwarzwei\u00df","breadcrumb":{"@id":"https:\/\/www.maicschulte.de\/wordpress\/?p=3465#breadcrumb"},"inLanguage":"de","potentialAction":[{"@type":"ReadAction","target":["https:\/\/www.maicschulte.de\/wordpress\/?p=3465"]}]},{"@type":"ImageObject","inLanguage":"de","@id":"https:\/\/www.maicschulte.de\/wordpress\/?p=3465#primaryimage","url":"https:\/\/www.maicschulte.de\/wordpress\/wp-content\/uploads\/2016\/12\/Oliver-Hilmes-Berlin-1936.jpg","contentUrl":"https:\/\/www.maicschulte.de\/wordpress\/wp-content\/uploads\/2016\/12\/Oliver-Hilmes-Berlin-1936.jpg","width":1280,"height":2048},{"@type":"BreadcrumbList","@id":"https:\/\/www.maicschulte.de\/wordpress\/?p=3465#breadcrumb","itemListElement":[{"@type":"ListItem","position":1,"name":"Startseite","item":"https:\/\/www.maicschulte.de\/wordpress"},{"@type":"ListItem","position":2,"name":"Berlin 1936 \u2014 Sechszehn Tage im August"}]},{"@type":"WebSite","@id":"https:\/\/www.maicschulte.de\/wordpress\/#website","url":"https:\/\/www.maicschulte.de\/wordpress\/","name":"Maic Schulte","description":"Fotografie aus Leidenschaft","publisher":{"@id":"https:\/\/www.maicschulte.de\/wordpress\/#\/schema\/person\/809698f1c7b1655959515001723d716e"},"potentialAction":[{"@type":"SearchAction","target":{"@type":"EntryPoint","urlTemplate":"https:\/\/www.maicschulte.de\/wordpress\/?s={search_term_string}"},"query-input":{"@type":"PropertyValueSpecification","valueRequired":true,"valueName":"search_term_string"}}],"inLanguage":"de"},{"@type":["Person","Organization"],"@id":"https:\/\/www.maicschulte.de\/wordpress\/#\/schema\/person\/809698f1c7b1655959515001723d716e","name":"Maic Schulte","image":{"@type":"ImageObject","inLanguage":"de","@id":"https:\/\/www.maicschulte.de\/wordpress\/wp-content\/uploads\/2025\/05\/Chronus_Maic_Schulte_Logo_605px-3.png","url":"https:\/\/www.maicschulte.de\/wordpress\/wp-content\/uploads\/2025\/05\/Chronus_Maic_Schulte_Logo_605px-3.png","contentUrl":"https:\/\/www.maicschulte.de\/wordpress\/wp-content\/uploads\/2025\/05\/Chronus_Maic_Schulte_Logo_605px-3.png","width":605,"height":200,"caption":"Maic Schulte"},"logo":{"@id":"https:\/\/www.maicschulte.de\/wordpress\/wp-content\/uploads\/2025\/05\/Chronus_Maic_Schulte_Logo_605px-3.png"},"description":"Seit dem Tag, an dem mein Vater mich mit einer Kamera, einem Objektiv und zwei Illford-Schwarzwei\u00df-Filmen auf Entdeckungs-Tour geschickt hat, begleitet mich das Thema \"Fotografie\". Basierend auf WordPress, stellt diese Webseite - jetzt und in der Zukunft - eine Heimat f\u00fcr all meine Artikel und Fotos dar, welche wiederum aus allen Themenbereichen der klassischen &amp; modernen Fotografie kommen. Sei es nun die Fotografie in Schwarz-Wei\u00df; die Erkundung ehemaliger Industriegel\u00e4nde, welche f\u00fcr mich am ehesten \u201eDas Herz des Reviers\u201c widerspiegeln; ausdrucksstarke Portraits oder farbenfrohe Naturaufnahmen. Ganz egal! Es gelingt einfach jedem fotografischen Thema, meine Neugierde darauf zu erwecken. Dar\u00fcber hinaus habe ich aber auch ein ger\u00fctteltes Ma\u00df an Benzin im Blut und mag Autos &amp; Motorr\u00e4der, ganz egal ob nun neu, alt, aufgemotzt oder vollkommen original. Du siehst, die Auswahl an Artikeln &amp; Fotos ist also genauso breit gef\u00e4chert wie meine fotografischen Interessen.","sameAs":["https:\/\/www.maicschulte.de"]}]}},"_links":{"self":[{"href":"https:\/\/www.maicschulte.de\/wordpress\/index.php?rest_route=\/wp\/v2\/posts\/3465","targetHints":{"allow":["GET"]}}],"collection":[{"href":"https:\/\/www.maicschulte.de\/wordpress\/index.php?rest_route=\/wp\/v2\/posts"}],"about":[{"href":"https:\/\/www.maicschulte.de\/wordpress\/index.php?rest_route=\/wp\/v2\/types\/post"}],"author":[{"embeddable":true,"href":"https:\/\/www.maicschulte.de\/wordpress\/index.php?rest_route=\/wp\/v2\/users\/1"}],"replies":[{"embeddable":true,"href":"https:\/\/www.maicschulte.de\/wordpress\/index.php?rest_route=%2Fwp%2Fv2%2Fcomments&post=3465"}],"version-history":[{"count":7,"href":"https:\/\/www.maicschulte.de\/wordpress\/index.php?rest_route=\/wp\/v2\/posts\/3465\/revisions"}],"predecessor-version":[{"id":11471,"href":"https:\/\/www.maicschulte.de\/wordpress\/index.php?rest_route=\/wp\/v2\/posts\/3465\/revisions\/11471"}],"wp:featuredmedia":[{"embeddable":true,"href":"https:\/\/www.maicschulte.de\/wordpress\/index.php?rest_route=\/wp\/v2\/media\/3466"}],"wp:attachment":[{"href":"https:\/\/www.maicschulte.de\/wordpress\/index.php?rest_route=%2Fwp%2Fv2%2Fmedia&parent=3465"}],"wp:term":[{"taxonomy":"category","embeddable":true,"href":"https:\/\/www.maicschulte.de\/wordpress\/index.php?rest_route=%2Fwp%2Fv2%2Fcategories&post=3465"},{"taxonomy":"post_tag","embeddable":true,"href":"https:\/\/www.maicschulte.de\/wordpress\/index.php?rest_route=%2Fwp%2Fv2%2Ftags&post=3465"}],"curies":[{"name":"wp","href":"https:\/\/api.w.org\/{rel}","templated":true}]}}