{"id":3471,"date":"2014-12-17T20:01:29","date_gmt":"2014-12-17T19:01:29","guid":{"rendered":"https:\/\/www.maicschulte.de\/?p=3471"},"modified":"2021-01-17T19:01:28","modified_gmt":"2021-01-17T18:01:28","slug":"frank-schaetzing-breaking-news","status":"publish","type":"post","link":"https:\/\/www.maicschulte.de\/wordpress\/?p=3471","title":{"rendered":"Frank Sch\u00e4tzing \u2014 Breaking News"},"content":{"rendered":"\n<div class=\"wp-block-image\"><figure class=\"aligncenter\"><a href=\"https:\/\/www.maicschulte.de\/wordpress\/wp-content\/uploads\/2016\/12\/51J1ZUohPnL._SX309_BO1204203200_.jpg\" data-rel=\"lightbox-gallery-0\" data-rl_title data-rl_caption title><img loading=\"lazy\" decoding=\"async\" width=\"311\" height=\"499\" src=\"https:\/\/www.maicschulte.de\/wordpress\/wp-content\/uploads\/2016\/12\/51J1ZUohPnL._SX309_BO1204203200_.jpg\" alt class=\"wp-image-3472\" srcset=\"https:\/\/www.maicschulte.de\/wordpress\/wp-content\/uploads\/2016\/12\/51J1ZUohPnL._SX309_BO1204203200_.jpg 311w, https:\/\/www.maicschulte.de\/wordpress\/wp-content\/uploads\/2016\/12\/51J1ZUohPnL._SX309_BO1204203200_-187x300.jpg 187w, https:\/\/www.maicschulte.de\/wordpress\/wp-content\/uploads\/2016\/12\/51J1ZUohPnL._SX309_BO1204203200_-234x375.jpg 234w\" sizes=\"auto, (max-width: 311px) 100vw, 311px\"><\/a><\/figure><\/div>\n\n\n\n<p>Zur\u00adzeit lese ich den aktu\u00adel\u00adlen Sch\u00e4t\u00adzing \u2014 \u201eBrea\u00adking News\u201c \u2014 und so lang\u00adsam keimt in mir der Ver\u00addacht auf, dass der gute Mann wohl viel lieber Tele\u00adfon\u00adb\u00fc\u00adcher schrei\u00adben&nbsp;w\u00fcrde.<br>\n<br>\nZumin\u00addest habe ich keine andere Erkl\u00e4\u00adrung daf\u00fcr, dass in jedem Roman von Herrn Sch\u00e4t\u00adzing gef\u00fchl\u00adte 150 Prot\u00adago\u00adnis\u00adten agie\u00adren, von denen letzt\u00adend\u00adlich aber immer nur eine Hand\u00advoll wirk\u00adlich die gesam\u00adte Hand\u00adlung&nbsp;tr\u00e4gt.<\/p>\n\n\n\n<!--more-->\n\n\n\n<p>Schon bei seinem vor\u00adhe\u00adri\u00adgen Buch \u201eLimit\u201c wurden die Akteu\u00adre lang und breit ein\u00adge\u00adf\u00fchrt, nur um dann das ganze Buch \u00fcber nicht mehr in Erschei\u00adnung zu treten und letzt\u00adend\u00adlich \u2014 kurz vor Schluss \u2014 recht unspek\u00adta\u00adku\u00adl\u00e4r abzuleben.<\/p>\n\n\n\n<p>Alles ein klein wenig so wie bei Raum\u00adschiff Enter\u00adpri\u00adse, wo auch immer die Jungs im roten Stramp\u00adler gekillt werden.<\/p>\n\n\n\n<p>Kurzum, mal wieder ein typi\u00adscher Sch\u00e4t\u00adzing; \u00fcber\u00adbe\u00adv\u00f6l\u00adkert wie die Dritte Welt, lang\u00adat\u00admig wie eine Vor\u00adle\u00adsung \u00fcber das Paa\u00adrungs\u00adver\u00adhal\u00adten von Am\u00f6ben im Pal\u00e4o\u00adz\u00e4n und schon auf den ersten 200 Seiten unn\u00f6\u00adtig ver\u00adwor\u00adren bzw. ver\u00adschach\u00adtelt geschrieben.<\/p>\n\n\n\n<p>Fazit: Von einem Andre\u00adas Esch\u00adbach oder einem Sebas\u00adti\u00adan Fitzek ist der Herr Sch\u00e4t\u00adzig so weit ent\u00adfernt, wie Bot\u00adtrop von der Ernen\u00adnung zum Welt\u00adkul\u00adtur\u00ader\u00adbe. Das Geld f\u00fcr diese \u201eBad News\u201c sollte man sich sparen und lieber in ein wirk\u00adlich gutes Buch inves\u00adtie\u00adren. Davon gibt es ja zum Gl\u00fcck noch&nbsp;genug.<\/p>\n\n\n\n<p>P.S: Ich gehe mir jetzt ein ande\u00adres E\u2011Book kaufen.<\/p>\n","protected":false},"excerpt":{"rendered":"<p>Zur\u00adzeit lese ich den aktu\u00adel\u00adlen Sch\u00e4t\u00adzing \u2014 \u201eBrea\u00adking News\u201c \u2014 und so lang\u00adsam keimt in mir der Ver\u00addacht auf, dass der gute Mann wohl viel lieber Tele\u00adfon\u00adb\u00fc\u00adcher schrei\u00adben&nbsp;w\u00fcrde. Zumin\u00addest habe ich keine andere Erkl\u00e4\u00adrung daf\u00fcr, dass in jedem Roman von Herrn Sch\u00e4t\u00adzing gef\u00fchl\u00adte 150 Prot\u00adago\u00adnis\u00adten agie\u00adren, von denen letzt\u00adend\u00adlich aber immer nur eine Hand\u00advoll wirk\u00adlich die gesam\u00adte Hand\u00adlung&nbsp;tr\u00e4gt.<\/p>\n","protected":false},"author":1,"featured_media":3472,"comment_status":"open","ping_status":"open","sticky":false,"template":"","format":"standard","meta":{"wp_typography_post_enhancements_disabled":false,"footnotes":""},"categories":[1279,499],"tags":[520,518,519,517],"class_list":["post-3471","post","type-post","status-publish","format-standard","has-post-thumbnail","hentry","category-chronologisch","category-literarisch","tag-familien-saga","tag-israel","tag-lybien","tag-thriller"],"yoast_head":"<!-- This site is optimized with the Yoast SEO plugin v27.4 - https:\/\/yoast.com\/product\/yoast-seo-wordpress\/ -->\n<title>Frank Sch\u00e4tzing - Breaking News - Maic Schulte<\/title>\n<meta name=\"description\" content=\"Frank Sch\u00e4tzing - Breaking News - Literarisch - Maic Schulte - Fotografie - Ruhrgebiet - Industrie - Portrait - Events - Autos - Rockabilly - Kunst - Schwarzwei\u00df\" \/>\n<meta name=\"robots\" content=\"index, follow, max-snippet:-1, max-image-preview:large, max-video-preview:-1\" \/>\n<link rel=\"canonical\" href=\"https:\/\/www.maicschulte.de\/wordpress\/?p=3471\" \/>\n<meta property=\"og:locale\" content=\"de_DE\" \/>\n<meta property=\"og:type\" content=\"article\" \/>\n<meta property=\"og:title\" content=\"Frank Sch\u00e4tzing - Breaking News - Maic Schulte\" \/>\n<meta property=\"og:description\" content=\"Frank Sch\u00e4tzing - Breaking News - Literarisch - Maic Schulte - Fotografie - Ruhrgebiet - Industrie - Portrait - Events - Autos - Rockabilly - Kunst - Schwarzwei\u00df\" \/>\n<meta property=\"og:url\" content=\"https:\/\/www.maicschulte.de\/wordpress\/?p=3471\" \/>\n<meta property=\"og:site_name\" content=\"Maic Schulte\" \/>\n<meta property=\"article:published_time\" content=\"2014-12-17T19:01:29+00:00\" \/>\n<meta property=\"article:modified_time\" content=\"2021-01-17T18:01:28+00:00\" \/>\n<meta property=\"og:image\" content=\"https:\/\/www.maicschulte.de\/wordpress\/wp-content\/uploads\/2016\/12\/51J1ZUohPnL._SX309_BO1204203200_.jpg\" \/>\n\t<meta property=\"og:image:width\" content=\"311\" \/>\n\t<meta property=\"og:image:height\" content=\"499\" \/>\n\t<meta property=\"og:image:type\" content=\"image\/jpeg\" \/>\n<meta name=\"author\" content=\"Maic Schulte\" \/>\n<script type=\"application\/ld+json\" class=\"yoast-schema-graph\">{\"@context\":\"https:\\\/\\\/schema.org\",\"@graph\":[{\"@type\":\"Article\",\"@id\":\"https:\\\/\\\/www.maicschulte.de\\\/wordpress\\\/?p=3471#article\",\"isPartOf\":{\"@id\":\"https:\\\/\\\/www.maicschulte.de\\\/wordpress\\\/?p=3471\"},\"author\":{\"name\":\"Maic Schulte\",\"@id\":\"https:\\\/\\\/www.maicschulte.de\\\/wordpress\\\/#\\\/schema\\\/person\\\/809698f1c7b1655959515001723d716e\"},\"headline\":\"Frank Sch\u00e4tzing \u2014 Breaking News\",\"datePublished\":\"2014-12-17T19:01:29+00:00\",\"dateModified\":\"2021-01-17T18:01:28+00:00\",\"mainEntityOfPage\":{\"@id\":\"https:\\\/\\\/www.maicschulte.de\\\/wordpress\\\/?p=3471\"},\"wordCount\":231,\"commentCount\":0,\"publisher\":{\"@id\":\"https:\\\/\\\/www.maicschulte.de\\\/wordpress\\\/#\\\/schema\\\/person\\\/809698f1c7b1655959515001723d716e\"},\"image\":{\"@id\":\"https:\\\/\\\/www.maicschulte.de\\\/wordpress\\\/?p=3471#primaryimage\"},\"thumbnailUrl\":\"https:\\\/\\\/www.maicschulte.de\\\/wordpress\\\/wp-content\\\/uploads\\\/2016\\\/12\\\/51J1ZUohPnL._SX309_BO1204203200_.jpg\",\"keywords\":[\"Familien-Saga\",\"Israel\",\"Lybien\",\"Thriller\"],\"articleSection\":[\"Chronologisch\",\"Literarisch\"],\"inLanguage\":\"de\",\"potentialAction\":[{\"@type\":\"CommentAction\",\"name\":\"Comment\",\"target\":[\"https:\\\/\\\/www.maicschulte.de\\\/wordpress\\\/?p=3471#respond\"]}]},{\"@type\":\"WebPage\",\"@id\":\"https:\\\/\\\/www.maicschulte.de\\\/wordpress\\\/?p=3471\",\"url\":\"https:\\\/\\\/www.maicschulte.de\\\/wordpress\\\/?p=3471\",\"name\":\"Frank Sch\u00e4tzing - Breaking News - Maic Schulte\",\"isPartOf\":{\"@id\":\"https:\\\/\\\/www.maicschulte.de\\\/wordpress\\\/#website\"},\"primaryImageOfPage\":{\"@id\":\"https:\\\/\\\/www.maicschulte.de\\\/wordpress\\\/?p=3471#primaryimage\"},\"image\":{\"@id\":\"https:\\\/\\\/www.maicschulte.de\\\/wordpress\\\/?p=3471#primaryimage\"},\"thumbnailUrl\":\"https:\\\/\\\/www.maicschulte.de\\\/wordpress\\\/wp-content\\\/uploads\\\/2016\\\/12\\\/51J1ZUohPnL._SX309_BO1204203200_.jpg\",\"datePublished\":\"2014-12-17T19:01:29+00:00\",\"dateModified\":\"2021-01-17T18:01:28+00:00\",\"description\":\"Frank Sch\u00e4tzing - Breaking News - Literarisch - Maic Schulte - Fotografie - Ruhrgebiet - Industrie - Portrait - Events - Autos - Rockabilly - Kunst - Schwarzwei\u00df\",\"breadcrumb\":{\"@id\":\"https:\\\/\\\/www.maicschulte.de\\\/wordpress\\\/?p=3471#breadcrumb\"},\"inLanguage\":\"de\",\"potentialAction\":[{\"@type\":\"ReadAction\",\"target\":[\"https:\\\/\\\/www.maicschulte.de\\\/wordpress\\\/?p=3471\"]}]},{\"@type\":\"ImageObject\",\"inLanguage\":\"de\",\"@id\":\"https:\\\/\\\/www.maicschulte.de\\\/wordpress\\\/?p=3471#primaryimage\",\"url\":\"https:\\\/\\\/www.maicschulte.de\\\/wordpress\\\/wp-content\\\/uploads\\\/2016\\\/12\\\/51J1ZUohPnL._SX309_BO1204203200_.jpg\",\"contentUrl\":\"https:\\\/\\\/www.maicschulte.de\\\/wordpress\\\/wp-content\\\/uploads\\\/2016\\\/12\\\/51J1ZUohPnL._SX309_BO1204203200_.jpg\",\"width\":311,\"height\":499},{\"@type\":\"BreadcrumbList\",\"@id\":\"https:\\\/\\\/www.maicschulte.de\\\/wordpress\\\/?p=3471#breadcrumb\",\"itemListElement\":[{\"@type\":\"ListItem\",\"position\":1,\"name\":\"Startseite\",\"item\":\"https:\\\/\\\/www.maicschulte.de\\\/wordpress\"},{\"@type\":\"ListItem\",\"position\":2,\"name\":\"Frank Sch\u00e4tzing \u2014 Breaking News\"}]},{\"@type\":\"WebSite\",\"@id\":\"https:\\\/\\\/www.maicschulte.de\\\/wordpress\\\/#website\",\"url\":\"https:\\\/\\\/www.maicschulte.de\\\/wordpress\\\/\",\"name\":\"Maic Schulte\",\"description\":\"Fotografie aus Leidenschaft\",\"publisher\":{\"@id\":\"https:\\\/\\\/www.maicschulte.de\\\/wordpress\\\/#\\\/schema\\\/person\\\/809698f1c7b1655959515001723d716e\"},\"potentialAction\":[{\"@type\":\"SearchAction\",\"target\":{\"@type\":\"EntryPoint\",\"urlTemplate\":\"https:\\\/\\\/www.maicschulte.de\\\/wordpress\\\/?s={search_term_string}\"},\"query-input\":{\"@type\":\"PropertyValueSpecification\",\"valueRequired\":true,\"valueName\":\"search_term_string\"}}],\"inLanguage\":\"de\"},{\"@type\":[\"Person\",\"Organization\"],\"@id\":\"https:\\\/\\\/www.maicschulte.de\\\/wordpress\\\/#\\\/schema\\\/person\\\/809698f1c7b1655959515001723d716e\",\"name\":\"Maic Schulte\",\"image\":{\"@type\":\"ImageObject\",\"inLanguage\":\"de\",\"@id\":\"https:\\\/\\\/www.maicschulte.de\\\/wordpress\\\/wp-content\\\/uploads\\\/2025\\\/05\\\/Chronus_Maic_Schulte_Logo_605px-3.png\",\"url\":\"https:\\\/\\\/www.maicschulte.de\\\/wordpress\\\/wp-content\\\/uploads\\\/2025\\\/05\\\/Chronus_Maic_Schulte_Logo_605px-3.png\",\"contentUrl\":\"https:\\\/\\\/www.maicschulte.de\\\/wordpress\\\/wp-content\\\/uploads\\\/2025\\\/05\\\/Chronus_Maic_Schulte_Logo_605px-3.png\",\"width\":605,\"height\":200,\"caption\":\"Maic Schulte\"},\"logo\":{\"@id\":\"https:\\\/\\\/www.maicschulte.de\\\/wordpress\\\/wp-content\\\/uploads\\\/2025\\\/05\\\/Chronus_Maic_Schulte_Logo_605px-3.png\"},\"description\":\"Seit dem Tag, an dem mein Vater mich mit einer Kamera, einem Objektiv und zwei Illford-Schwarzwei\u00df-Filmen auf Entdeckungs-Tour geschickt hat, begleitet mich das Thema \\\"Fotografie\\\". Basierend auf WordPress, stellt diese Webseite - jetzt und in der Zukunft - eine Heimat f\u00fcr all meine Artikel und Fotos dar, welche wiederum aus allen Themenbereichen der klassischen &amp; modernen Fotografie kommen. Sei es nun die Fotografie in Schwarz-Wei\u00df; die Erkundung ehemaliger Industriegel\u00e4nde, welche f\u00fcr mich am ehesten \u201eDas Herz des Reviers\u201c widerspiegeln; ausdrucksstarke Portraits oder farbenfrohe Naturaufnahmen. Ganz egal! Es gelingt einfach jedem fotografischen Thema, meine Neugierde darauf zu erwecken. Dar\u00fcber hinaus habe ich aber auch ein ger\u00fctteltes Ma\u00df an Benzin im Blut und mag Autos &amp; Motorr\u00e4der, ganz egal ob nun neu, alt, aufgemotzt oder vollkommen original. Du siehst, die Auswahl an Artikeln &amp; Fotos ist also genauso breit gef\u00e4chert wie meine fotografischen Interessen.\",\"sameAs\":[\"https:\\\/\\\/www.maicschulte.de\"]}]}<\/script>\n<!-- \/ Yoast SEO plugin. -->","yoast_head_json":{"title":"Frank Sch\u00e4tzing - Breaking News - Maic Schulte","description":"Frank Sch\u00e4tzing - Breaking News - Literarisch - Maic Schulte - Fotografie - Ruhrgebiet - Industrie - Portrait - Events - Autos - Rockabilly - Kunst - Schwarzwei\u00df","robots":{"index":"index","follow":"follow","max-snippet":"max-snippet:-1","max-image-preview":"max-image-preview:large","max-video-preview":"max-video-preview:-1"},"canonical":"https:\/\/www.maicschulte.de\/wordpress\/?p=3471","og_locale":"de_DE","og_type":"article","og_title":"Frank Sch\u00e4tzing - Breaking News - Maic Schulte","og_description":"Frank Sch\u00e4tzing - Breaking News - Literarisch - Maic Schulte - Fotografie - Ruhrgebiet - Industrie - Portrait - Events - Autos - Rockabilly - Kunst - Schwarzwei\u00df","og_url":"https:\/\/www.maicschulte.de\/wordpress\/?p=3471","og_site_name":"Maic Schulte","article_published_time":"2014-12-17T19:01:29+00:00","article_modified_time":"2021-01-17T18:01:28+00:00","og_image":[{"width":311,"height":499,"url":"https:\/\/www.maicschulte.de\/wordpress\/wp-content\/uploads\/2016\/12\/51J1ZUohPnL._SX309_BO1204203200_.jpg","type":"image\/jpeg"}],"author":"Maic Schulte","schema":{"@context":"https:\/\/schema.org","@graph":[{"@type":"Article","@id":"https:\/\/www.maicschulte.de\/wordpress\/?p=3471#article","isPartOf":{"@id":"https:\/\/www.maicschulte.de\/wordpress\/?p=3471"},"author":{"name":"Maic Schulte","@id":"https:\/\/www.maicschulte.de\/wordpress\/#\/schema\/person\/809698f1c7b1655959515001723d716e"},"headline":"Frank Sch\u00e4tzing \u2014 Breaking News","datePublished":"2014-12-17T19:01:29+00:00","dateModified":"2021-01-17T18:01:28+00:00","mainEntityOfPage":{"@id":"https:\/\/www.maicschulte.de\/wordpress\/?p=3471"},"wordCount":231,"commentCount":0,"publisher":{"@id":"https:\/\/www.maicschulte.de\/wordpress\/#\/schema\/person\/809698f1c7b1655959515001723d716e"},"image":{"@id":"https:\/\/www.maicschulte.de\/wordpress\/?p=3471#primaryimage"},"thumbnailUrl":"https:\/\/www.maicschulte.de\/wordpress\/wp-content\/uploads\/2016\/12\/51J1ZUohPnL._SX309_BO1204203200_.jpg","keywords":["Familien-Saga","Israel","Lybien","Thriller"],"articleSection":["Chronologisch","Literarisch"],"inLanguage":"de","potentialAction":[{"@type":"CommentAction","name":"Comment","target":["https:\/\/www.maicschulte.de\/wordpress\/?p=3471#respond"]}]},{"@type":"WebPage","@id":"https:\/\/www.maicschulte.de\/wordpress\/?p=3471","url":"https:\/\/www.maicschulte.de\/wordpress\/?p=3471","name":"Frank Sch\u00e4tzing - Breaking News - Maic Schulte","isPartOf":{"@id":"https:\/\/www.maicschulte.de\/wordpress\/#website"},"primaryImageOfPage":{"@id":"https:\/\/www.maicschulte.de\/wordpress\/?p=3471#primaryimage"},"image":{"@id":"https:\/\/www.maicschulte.de\/wordpress\/?p=3471#primaryimage"},"thumbnailUrl":"https:\/\/www.maicschulte.de\/wordpress\/wp-content\/uploads\/2016\/12\/51J1ZUohPnL._SX309_BO1204203200_.jpg","datePublished":"2014-12-17T19:01:29+00:00","dateModified":"2021-01-17T18:01:28+00:00","description":"Frank Sch\u00e4tzing - Breaking News - Literarisch - Maic Schulte - Fotografie - Ruhrgebiet - Industrie - Portrait - Events - Autos - Rockabilly - Kunst - Schwarzwei\u00df","breadcrumb":{"@id":"https:\/\/www.maicschulte.de\/wordpress\/?p=3471#breadcrumb"},"inLanguage":"de","potentialAction":[{"@type":"ReadAction","target":["https:\/\/www.maicschulte.de\/wordpress\/?p=3471"]}]},{"@type":"ImageObject","inLanguage":"de","@id":"https:\/\/www.maicschulte.de\/wordpress\/?p=3471#primaryimage","url":"https:\/\/www.maicschulte.de\/wordpress\/wp-content\/uploads\/2016\/12\/51J1ZUohPnL._SX309_BO1204203200_.jpg","contentUrl":"https:\/\/www.maicschulte.de\/wordpress\/wp-content\/uploads\/2016\/12\/51J1ZUohPnL._SX309_BO1204203200_.jpg","width":311,"height":499},{"@type":"BreadcrumbList","@id":"https:\/\/www.maicschulte.de\/wordpress\/?p=3471#breadcrumb","itemListElement":[{"@type":"ListItem","position":1,"name":"Startseite","item":"https:\/\/www.maicschulte.de\/wordpress"},{"@type":"ListItem","position":2,"name":"Frank Sch\u00e4tzing \u2014 Breaking News"}]},{"@type":"WebSite","@id":"https:\/\/www.maicschulte.de\/wordpress\/#website","url":"https:\/\/www.maicschulte.de\/wordpress\/","name":"Maic Schulte","description":"Fotografie aus Leidenschaft","publisher":{"@id":"https:\/\/www.maicschulte.de\/wordpress\/#\/schema\/person\/809698f1c7b1655959515001723d716e"},"potentialAction":[{"@type":"SearchAction","target":{"@type":"EntryPoint","urlTemplate":"https:\/\/www.maicschulte.de\/wordpress\/?s={search_term_string}"},"query-input":{"@type":"PropertyValueSpecification","valueRequired":true,"valueName":"search_term_string"}}],"inLanguage":"de"},{"@type":["Person","Organization"],"@id":"https:\/\/www.maicschulte.de\/wordpress\/#\/schema\/person\/809698f1c7b1655959515001723d716e","name":"Maic Schulte","image":{"@type":"ImageObject","inLanguage":"de","@id":"https:\/\/www.maicschulte.de\/wordpress\/wp-content\/uploads\/2025\/05\/Chronus_Maic_Schulte_Logo_605px-3.png","url":"https:\/\/www.maicschulte.de\/wordpress\/wp-content\/uploads\/2025\/05\/Chronus_Maic_Schulte_Logo_605px-3.png","contentUrl":"https:\/\/www.maicschulte.de\/wordpress\/wp-content\/uploads\/2025\/05\/Chronus_Maic_Schulte_Logo_605px-3.png","width":605,"height":200,"caption":"Maic Schulte"},"logo":{"@id":"https:\/\/www.maicschulte.de\/wordpress\/wp-content\/uploads\/2025\/05\/Chronus_Maic_Schulte_Logo_605px-3.png"},"description":"Seit dem Tag, an dem mein Vater mich mit einer Kamera, einem Objektiv und zwei Illford-Schwarzwei\u00df-Filmen auf Entdeckungs-Tour geschickt hat, begleitet mich das Thema \"Fotografie\". Basierend auf WordPress, stellt diese Webseite - jetzt und in der Zukunft - eine Heimat f\u00fcr all meine Artikel und Fotos dar, welche wiederum aus allen Themenbereichen der klassischen &amp; modernen Fotografie kommen. Sei es nun die Fotografie in Schwarz-Wei\u00df; die Erkundung ehemaliger Industriegel\u00e4nde, welche f\u00fcr mich am ehesten \u201eDas Herz des Reviers\u201c widerspiegeln; ausdrucksstarke Portraits oder farbenfrohe Naturaufnahmen. Ganz egal! Es gelingt einfach jedem fotografischen Thema, meine Neugierde darauf zu erwecken. Dar\u00fcber hinaus habe ich aber auch ein ger\u00fctteltes Ma\u00df an Benzin im Blut und mag Autos &amp; Motorr\u00e4der, ganz egal ob nun neu, alt, aufgemotzt oder vollkommen original. Du siehst, die Auswahl an Artikeln &amp; Fotos ist also genauso breit gef\u00e4chert wie meine fotografischen Interessen.","sameAs":["https:\/\/www.maicschulte.de"]}]}},"_links":{"self":[{"href":"https:\/\/www.maicschulte.de\/wordpress\/index.php?rest_route=\/wp\/v2\/posts\/3471","targetHints":{"allow":["GET"]}}],"collection":[{"href":"https:\/\/www.maicschulte.de\/wordpress\/index.php?rest_route=\/wp\/v2\/posts"}],"about":[{"href":"https:\/\/www.maicschulte.de\/wordpress\/index.php?rest_route=\/wp\/v2\/types\/post"}],"author":[{"embeddable":true,"href":"https:\/\/www.maicschulte.de\/wordpress\/index.php?rest_route=\/wp\/v2\/users\/1"}],"replies":[{"embeddable":true,"href":"https:\/\/www.maicschulte.de\/wordpress\/index.php?rest_route=%2Fwp%2Fv2%2Fcomments&post=3471"}],"version-history":[{"count":5,"href":"https:\/\/www.maicschulte.de\/wordpress\/index.php?rest_route=\/wp\/v2\/posts\/3471\/revisions"}],"predecessor-version":[{"id":11674,"href":"https:\/\/www.maicschulte.de\/wordpress\/index.php?rest_route=\/wp\/v2\/posts\/3471\/revisions\/11674"}],"wp:featuredmedia":[{"embeddable":true,"href":"https:\/\/www.maicschulte.de\/wordpress\/index.php?rest_route=\/wp\/v2\/media\/3472"}],"wp:attachment":[{"href":"https:\/\/www.maicschulte.de\/wordpress\/index.php?rest_route=%2Fwp%2Fv2%2Fmedia&parent=3471"}],"wp:term":[{"taxonomy":"category","embeddable":true,"href":"https:\/\/www.maicschulte.de\/wordpress\/index.php?rest_route=%2Fwp%2Fv2%2Fcategories&post=3471"},{"taxonomy":"post_tag","embeddable":true,"href":"https:\/\/www.maicschulte.de\/wordpress\/index.php?rest_route=%2Fwp%2Fv2%2Ftags&post=3471"}],"curies":[{"name":"wp","href":"https:\/\/api.w.org\/{rel}","templated":true}]}}