{"id":351,"date":"2011-01-28T22:03:50","date_gmt":"2011-01-28T21:03:50","guid":{"rendered":"https:\/\/www.maicschulte.de\/?p=351"},"modified":"2022-01-11T13:31:15","modified_gmt":"2022-01-11T12:31:15","slug":"thomas-hassler-der-punk-paparazzi-aus-osterreich","status":"publish","type":"post","link":"https:\/\/www.maicschulte.de\/wordpress\/?p=351","title":{"rendered":"Thomas Hassler \u2014 der Punk-Paparazzi aus \u00d6sterreich"},"content":{"rendered":"\n<p>Die Vor\u00adstel\u00adlung eines Foto\u00adk\u00fcnst\u00adlers hat es auf diesem Blog ja schon etwas l\u00e4nger nicht mehr gege\u00adben, daher freue ich mich jetzt umso mehr, dass ich Euch Thomas Hass\u00adler aus \u00d6ster\u00adreich vor\u00adstel\u00adlen&nbsp;darf.<\/p>\n\n\n\n<p>Mit der Foto\u00adgra\u00adfie hat er erst im Jahre 2005 begon\u00adnen und schon damals sehr gerne Kon\u00adzer\u00adte besucht. Irgend\u00adwann fing er dann auch damit an, auf diesen zu foto\u00adgra\u00adfie\u00adren. Anfangs waren das aus\u00adschlie\u00df\u00adlich kleine Kon\u00adzer\u00adte, mitt\u00adler\u00adwei\u00adle ist auch das eine oder andere gr\u00f6\u00ad\u00dfe\u00adre Event&nbsp;dabei.<\/p>\n\n\n\n<p>Trotz\u00addem foto\u00adgra\u00adfiert er aber nach wie vor haupt\u00ads\u00e4ch\u00adlich eher unbe\u00adkann\u00adte\u00adre Bands, was auch daran liegt, dass er vor\u00adwie\u00adgend Punk und Hard\u00adcore h\u00f6rt. Spe\u00adzi\u00adell diese Kon\u00adzer\u00adte gefal\u00adlen Ihm aus foto\u00adgra\u00adfi\u00adscher Sicht jedoch wesent\u00adlich besser, weil es dort meis\u00adtens diese \u201c3 songs no flash\u201d-Regel nicht gibt. Des wei\u00adte\u00adren ist es wohl auch wesent\u00adlich leich\u00adter einen Foto\u00adpass f\u00fcr die klei\u00adne\u00adren Kon\u00adzer\u00adte zu bekom\u00admen. Das Licht dort ist zwar in der Regel nicht beson\u00adders gut, aber auch geblitz\u00adten Kon\u00adzert\u00adbil\u00addern ist er nicht abge\u00adneigt und meis\u00adtert diese H\u00fcrde jedes\u00admal mit Bravour.<\/p>\n\n\n\n<!--more-->\n\n\n\n<p>Haupt\u00ads\u00e4ch\u00adlich geht es Ihm darum, die Stim\u00admung dort im Bild fest\u00adzu\u00adhal\u00adten. Je nach Band bzw. Musik\u00adrich\u00adtung setzt er dies kom\u00adplett anders um, was umso mehr f\u00fcr sein foto\u00adgra\u00adfi\u00adsches K\u00f6nnen spricht.&nbsp; Er sagt selber, dass dabei nicht immer tech\u00adnisch per\u00adfek\u00adte Fotos her\u00adaus\u00adkom\u00admen m\u00fcssen und er dies eher denen \u00fcber\u00adl\u00e4sst, die f\u00fcr bestimm\u00adte Maga\u00adzi\u00adne foto\u00adgra\u00adfie\u00adren m\u00fcssen&nbsp;;-).<\/p>\n\n\n\n<p>Bei Punk- und Hard\u00adcore-Kon\u00adzer\u00adten ver\u00adwen\u00addet er somit oft auch den Blitz und ver\u00adsucht damit die Ener\u00adgie fest\u00adzu\u00adhal\u00adten, was Ihm auch fast immer per\u00adfekt gelingt.<\/p>\n\n\n\n<p>Abge\u00adse\u00adhen von der Kon\u00adzert\u00adfo\u00adto\u00adgra\u00adfie hat er sich auf kein spe\u00adzi\u00adel\u00adles foto\u00adgra\u00adfi\u00adsches Inter\u00ades\u00adsen\u00adge\u00adbiet fest\u00adge\u00adlegt und foto\u00adgra\u00adfiert worauf er Lust hat. Auch dies spricht umso mehr f\u00fcr seine foto\u00adgra\u00adfi\u00adsche Viel\u00adsei\u00adtig\u00adkeit. Des wei\u00adte\u00adren gibt es auch immer mal wieder ein span\u00adnen\u00addes Makro oder eine ber\u00fch\u00adren\u00adde Natur\u00adauf\u00adnah\u00adme vom Ihm zu&nbsp;sehen.<\/p>\n\n\n\n<p>Thomas Hass\u00adler \u2014 der sich in einem gro\u00dfen deut\u00adschen Foto\u00adfo\u00adrum schon ver\u00addien\u00adter\u00adma\u00ad\u00dfen den Spitz\u00adna\u00admen \u201cPunk-Papa\u00adraz\u00adzi\u201d erar\u00adbei\u00adtet hat \u2014 bietet dem geneig\u00adten Betrach\u00adter aber noch viel mehr. So kann man zum Bei\u00adspiel unter <a href=\"http:\/\/xnay.at\/\" target=\"_blank\" rel=\"noopener noreferrer\">xnay.at<\/a> an dem Kon\u00adzert\u00adge\u00adsche\u00adhen in und um Wien teil\u00adha\u00adben. Unn\u00f6\u00adtig zu erw\u00e4h\u00adnen, dass er in dem hier zuvor genann\u00adten Foto\u00adfo\u00adrum auch immer wieder die h\u00f6chs\u00adten Weihen dadurch erf\u00e4hrt , dass seine Bilder dort lau\u00adfend in die h\u00f6chs\u00adte Bil\u00adder\u00adka\u00adte\u00adgo\u00adrie gew\u00e4hlt werden.<\/p>\n\n\n\n<p>Ein Port\u00adfo\u00adlio, wel\u00adches seine Arbeit als Foto\u00adgraf im All\u00adge\u00admei\u00adnen zeigt, findet man unter thomashassler.net.<\/p>\n\n\n\n<p>Er war \u00fcbri\u00adgens auch so freund\u00adlich und hat mir ein paar Auf\u00adnah\u00admen \u00fcber\u00adlas\u00adsen, die ich Euch hier zeigen darf. Das ich darauf ganz beson\u00adders stolz bin, brau\u00adche ich hier wohl nicht extra zu erw\u00e4hnen&nbsp;;-)<\/p>\n\n\n\n<p>Viel Spa\u00df beim Betrach\u00adten der Bilder und dem St\u00f6\u00adbern auf seinen Internetpr\u00e4senzen&nbsp;;-)<\/p>\n\n\n\n<div class=\"wp-block-image\"><figure class=\"aligncenter\"><a href=\"https:\/\/www.maicschulte.de\/wordpress\/wp-content\/uploads\/2011\/01\/The-Dillinger-Escape-Plan.jpg\" data-rel=\"lightbox-gallery-0\" data-rl_title data-rl_caption title><img loading=\"lazy\" decoding=\"async\" width=\"900\" height=\"600\" src=\"https:\/\/www.maicschulte.de\/wordpress\/wp-content\/uploads\/2011\/01\/The-Dillinger-Escape-Plan.jpg\" alt=\"The Dillinger Escape Plan\" class=\"wp-image-350\" srcset=\"https:\/\/www.maicschulte.de\/wordpress\/wp-content\/uploads\/2011\/01\/The-Dillinger-Escape-Plan.jpg 900w, https:\/\/www.maicschulte.de\/wordpress\/wp-content\/uploads\/2011\/01\/The-Dillinger-Escape-Plan-300x200.jpg 300w, https:\/\/www.maicschulte.de\/wordpress\/wp-content\/uploads\/2011\/01\/The-Dillinger-Escape-Plan-768x512.jpg 768w, https:\/\/www.maicschulte.de\/wordpress\/wp-content\/uploads\/2011\/01\/The-Dillinger-Escape-Plan-788x525.jpg 788w, https:\/\/www.maicschulte.de\/wordpress\/wp-content\/uploads\/2011\/01\/The-Dillinger-Escape-Plan-120x80.jpg 120w, https:\/\/www.maicschulte.de\/wordpress\/wp-content\/uploads\/2011\/01\/The-Dillinger-Escape-Plan-563x375.jpg 563w\" sizes=\"auto, (max-width: 900px) 100vw, 900px\"><\/a><\/figure><\/div>\n\n\n\n<div class=\"wp-block-image\"><figure class=\"aligncenter\"><a href=\"https:\/\/www.maicschulte.de\/wordpress\/wp-content\/uploads\/2011\/01\/amsterdam.jpg\" data-rel=\"lightbox-gallery-0\" data-rl_title data-rl_caption title><img loading=\"lazy\" decoding=\"async\" width=\"598\" height=\"900\" src=\"https:\/\/www.maicschulte.de\/wordpress\/wp-content\/uploads\/2011\/01\/amsterdam.jpg\" alt=\"amsterdam\" class=\"wp-image-2653\" srcset=\"https:\/\/www.maicschulte.de\/wordpress\/wp-content\/uploads\/2011\/01\/amsterdam.jpg 598w, https:\/\/www.maicschulte.de\/wordpress\/wp-content\/uploads\/2011\/01\/amsterdam-199x300.jpg 199w, https:\/\/www.maicschulte.de\/wordpress\/wp-content\/uploads\/2011\/01\/amsterdam-349x525.jpg 349w, https:\/\/www.maicschulte.de\/wordpress\/wp-content\/uploads\/2011\/01\/amsterdam-249x375.jpg 249w\" sizes=\"auto, (max-width: 598px) 100vw, 598px\"><\/a><\/figure><\/div>\n\n\n\n<div class=\"wp-block-image\"><figure class=\"aligncenter\"><a href=\"https:\/\/www.maicschulte.de\/wordpress\/wp-content\/uploads\/2011\/01\/giving_chase.jpg\" data-rel=\"lightbox-gallery-0\" data-rl_title data-rl_caption title><img loading=\"lazy\" decoding=\"async\" width=\"598\" height=\"900\" src=\"https:\/\/www.maicschulte.de\/wordpress\/wp-content\/uploads\/2011\/01\/giving_chase.jpg\" alt=\"giving_chase\" class=\"wp-image-2654\" srcset=\"https:\/\/www.maicschulte.de\/wordpress\/wp-content\/uploads\/2011\/01\/giving_chase.jpg 598w, https:\/\/www.maicschulte.de\/wordpress\/wp-content\/uploads\/2011\/01\/giving_chase-199x300.jpg 199w, https:\/\/www.maicschulte.de\/wordpress\/wp-content\/uploads\/2011\/01\/giving_chase-349x525.jpg 349w, https:\/\/www.maicschulte.de\/wordpress\/wp-content\/uploads\/2011\/01\/giving_chase-249x375.jpg 249w\" sizes=\"auto, (max-width: 598px) 100vw, 598px\"><\/a><\/figure><\/div>\n\n\n\n<div class=\"wp-block-image\"><figure class=\"aligncenter\"><a href=\"https:\/\/www.maicschulte.de\/wordpress\/wp-content\/uploads\/2011\/01\/lavotchkin.jpg\" data-rel=\"lightbox-gallery-0\" data-rl_title data-rl_caption title><img loading=\"lazy\" decoding=\"async\" width=\"900\" height=\"600\" src=\"https:\/\/www.maicschulte.de\/wordpress\/wp-content\/uploads\/2011\/01\/lavotchkin.jpg\" alt=\"lavotchkin\" class=\"wp-image-2655\" srcset=\"https:\/\/www.maicschulte.de\/wordpress\/wp-content\/uploads\/2011\/01\/lavotchkin.jpg 900w, https:\/\/www.maicschulte.de\/wordpress\/wp-content\/uploads\/2011\/01\/lavotchkin-300x200.jpg 300w, https:\/\/www.maicschulte.de\/wordpress\/wp-content\/uploads\/2011\/01\/lavotchkin-768x512.jpg 768w, https:\/\/www.maicschulte.de\/wordpress\/wp-content\/uploads\/2011\/01\/lavotchkin-788x525.jpg 788w, https:\/\/www.maicschulte.de\/wordpress\/wp-content\/uploads\/2011\/01\/lavotchkin-120x80.jpg 120w, https:\/\/www.maicschulte.de\/wordpress\/wp-content\/uploads\/2011\/01\/lavotchkin-563x375.jpg 563w\" sizes=\"auto, (max-width: 900px) 100vw, 900px\"><\/a><\/figure><\/div>\n\n\n\n<div class=\"wp-block-image\"><figure class=\"aligncenter\"><a href=\"https:\/\/www.maicschulte.de\/wordpress\/wp-content\/uploads\/2011\/01\/uk_subs.jpg\" data-rel=\"lightbox-gallery-0\" data-rl_title data-rl_caption title><img loading=\"lazy\" decoding=\"async\" width=\"900\" height=\"632\" src=\"https:\/\/www.maicschulte.de\/wordpress\/wp-content\/uploads\/2011\/01\/uk_subs.jpg\" alt=\"uk_subs\" class=\"wp-image-2657\" srcset=\"https:\/\/www.maicschulte.de\/wordpress\/wp-content\/uploads\/2011\/01\/uk_subs.jpg 900w, https:\/\/www.maicschulte.de\/wordpress\/wp-content\/uploads\/2011\/01\/uk_subs-300x211.jpg 300w, https:\/\/www.maicschulte.de\/wordpress\/wp-content\/uploads\/2011\/01\/uk_subs-768x539.jpg 768w, https:\/\/www.maicschulte.de\/wordpress\/wp-content\/uploads\/2011\/01\/uk_subs-748x525.jpg 748w, https:\/\/www.maicschulte.de\/wordpress\/wp-content\/uploads\/2011\/01\/uk_subs-534x375.jpg 534w\" sizes=\"auto, (max-width: 900px) 100vw, 900px\"><\/a><\/figure><\/div>\n\n\n\n<p><span style=\"font-size: x-small;\">(\u00a9 Photo \u201cThe Dil\u00adlin\u00adger Escape Plan\u201d by Thomas Hass\u00adler \/ xnay.at)<\/span><\/p>\n","protected":false},"excerpt":{"rendered":"<p>Die Vor\u00adstel\u00adlung eines Foto\u00adk\u00fcnst\u00adlers hat es auf diesem Blog ja schon etwas l\u00e4nger nicht mehr gege\u00adben, daher freue ich mich jetzt umso mehr, dass ich Euch Thomas Hass\u00adler aus \u00d6ster\u00adreich vor\u00adstel\u00adlen&nbsp;darf. Mit der Foto\u00adgra\u00adfie hat er erst im Jahre 2005 begon\u00adnen und schon damals sehr gerne Kon\u00adzer\u00adte besucht. Irgend\u00adwann fing er dann auch damit an, auf diesen zu foto\u00adgra\u00adfie\u00adren. Anfangs waren das aus\u00adschlie\u00df\u00adlich kleine Kon\u00adzer\u00adte, mitt\u00adler\u00adwei\u00adle ist auch das eine oder andere gr\u00f6\u00ad\u00dfe\u00adre Event&nbsp;dabei. Trotz\u00addem foto\u00adgra\u00adfiert er aber nach wie vor haupt\u00ads\u00e4ch\u00adlich eher unbe\u00adkann\u00adte\u00adre Bands, was auch daran liegt, dass er vor\u00adwie\u00adgend Punk und Hard\u00adcore h\u00f6rt. Spe\u00adzi\u00adell diese Kon\u00adzer\u00adte gefal\u00adlen Ihm aus foto\u00adgra\u00adfi\u00adscher Sicht jedoch wesent\u00adlich besser, weil es dort meis\u00adtens diese \u201c3 songs no flash\u201d-Regel nicht gibt. Des wei\u00adte\u00adren ist es wohl auch wesent\u00adlich leich\u00adter einen Foto\u00adpass f\u00fcr die klei\u00adne\u00adren Kon\u00adzer\u00adte zu bekom\u00admen. Das Licht dort ist zwar in der Regel nicht beson\u00adders gut, aber auch geblitz\u00adten Kon\u00adzert\u00adbil\u00addern ist er nicht abge\u00adneigt und meis\u00adtert diese H\u00fcrde jedes\u00admal mit Bravour.<\/p>\n","protected":false},"author":1,"featured_media":350,"comment_status":"open","ping_status":"open","sticky":false,"template":"","format":"standard","meta":{"wp_typography_post_enhancements_disabled":false,"footnotes":""},"categories":[1279,500,3],"tags":[138,139,136,137,95,135,96,93],"class_list":["post-351","post","type-post","status-publish","format-standard","has-post-thumbnail","hentry","category-chronologisch","category-musikalisch","category-vorstellung","tag-bands","tag-fotografie","tag-konzert","tag-live","tag-musik","tag-paparazzi","tag-punk","tag-xnay"],"yoast_head":"<!-- This site is optimized with the Yoast SEO plugin v27.5 - https:\/\/yoast.com\/product\/yoast-seo-wordpress\/ -->\n<title>Thomas Hassler - der Punk-Paparazzi aus \u00d6sterreich - Maic Schulte<\/title>\n<meta name=\"description\" content=\"Thomas Hassler - der Punk-Paparazzi aus \u00d6sterreich - Musikalisch - Maic Schulte - Fotografie - Ruhrgebiet - Industrie - Portrait - Events - Autos - Rockabilly - Kunst - Schwarzwei\u00df\" \/>\n<meta name=\"robots\" content=\"index, follow, max-snippet:-1, max-image-preview:large, max-video-preview:-1\" \/>\n<link rel=\"canonical\" href=\"https:\/\/www.maicschulte.de\/wordpress\/?p=351\" \/>\n<meta property=\"og:locale\" content=\"de_DE\" \/>\n<meta property=\"og:type\" content=\"article\" \/>\n<meta property=\"og:title\" content=\"Thomas Hassler - der Punk-Paparazzi aus \u00d6sterreich - Maic Schulte\" \/>\n<meta property=\"og:description\" content=\"Thomas Hassler - der Punk-Paparazzi aus \u00d6sterreich - Musikalisch - Maic Schulte - Fotografie - Ruhrgebiet - Industrie - Portrait - Events - Autos - Rockabilly - Kunst - Schwarzwei\u00df\" \/>\n<meta property=\"og:url\" content=\"https:\/\/www.maicschulte.de\/wordpress\/?p=351\" \/>\n<meta property=\"og:site_name\" content=\"Maic Schulte\" \/>\n<meta property=\"article:published_time\" content=\"2011-01-28T21:03:50+00:00\" \/>\n<meta property=\"article:modified_time\" content=\"2022-01-11T12:31:15+00:00\" \/>\n<meta property=\"og:image\" content=\"https:\/\/www.maicschulte.de\/wordpress\/wp-content\/uploads\/2011\/01\/The-Dillinger-Escape-Plan.jpg\" \/>\n\t<meta property=\"og:image:width\" content=\"900\" \/>\n\t<meta property=\"og:image:height\" content=\"600\" \/>\n\t<meta property=\"og:image:type\" content=\"image\/jpeg\" \/>\n<meta name=\"author\" content=\"Maic Schulte\" \/>\n<script type=\"application\/ld+json\" class=\"yoast-schema-graph\">{\"@context\":\"https:\\\/\\\/schema.org\",\"@graph\":[{\"@type\":\"Article\",\"@id\":\"https:\\\/\\\/www.maicschulte.de\\\/wordpress\\\/?p=351#article\",\"isPartOf\":{\"@id\":\"https:\\\/\\\/www.maicschulte.de\\\/wordpress\\\/?p=351\"},\"author\":{\"name\":\"Maic Schulte\",\"@id\":\"https:\\\/\\\/www.maicschulte.de\\\/wordpress\\\/#\\\/schema\\\/person\\\/809698f1c7b1655959515001723d716e\"},\"headline\":\"Thomas Hassler \u2014 der Punk-Paparazzi aus \u00d6sterreich\",\"datePublished\":\"2011-01-28T21:03:50+00:00\",\"dateModified\":\"2022-01-11T12:31:15+00:00\",\"mainEntityOfPage\":{\"@id\":\"https:\\\/\\\/www.maicschulte.de\\\/wordpress\\\/?p=351\"},\"wordCount\":468,\"commentCount\":0,\"publisher\":{\"@id\":\"https:\\\/\\\/www.maicschulte.de\\\/wordpress\\\/#\\\/schema\\\/person\\\/809698f1c7b1655959515001723d716e\"},\"image\":{\"@id\":\"https:\\\/\\\/www.maicschulte.de\\\/wordpress\\\/?p=351#primaryimage\"},\"thumbnailUrl\":\"https:\\\/\\\/www.maicschulte.de\\\/wordpress\\\/wp-content\\\/uploads\\\/2011\\\/01\\\/The-Dillinger-Escape-Plan.jpg\",\"keywords\":[\"Bands\",\"Fotografie\",\"Konzert\",\"Live\",\"Musik\",\"Paparazzi\",\"Punk\",\"xnay\"],\"articleSection\":[\"Chronologisch\",\"Musikalisch\",\"Vorstellungen\"],\"inLanguage\":\"de\",\"potentialAction\":[{\"@type\":\"CommentAction\",\"name\":\"Comment\",\"target\":[\"https:\\\/\\\/www.maicschulte.de\\\/wordpress\\\/?p=351#respond\"]}]},{\"@type\":\"WebPage\",\"@id\":\"https:\\\/\\\/www.maicschulte.de\\\/wordpress\\\/?p=351\",\"url\":\"https:\\\/\\\/www.maicschulte.de\\\/wordpress\\\/?p=351\",\"name\":\"Thomas Hassler - der Punk-Paparazzi aus \u00d6sterreich - Maic Schulte\",\"isPartOf\":{\"@id\":\"https:\\\/\\\/www.maicschulte.de\\\/wordpress\\\/#website\"},\"primaryImageOfPage\":{\"@id\":\"https:\\\/\\\/www.maicschulte.de\\\/wordpress\\\/?p=351#primaryimage\"},\"image\":{\"@id\":\"https:\\\/\\\/www.maicschulte.de\\\/wordpress\\\/?p=351#primaryimage\"},\"thumbnailUrl\":\"https:\\\/\\\/www.maicschulte.de\\\/wordpress\\\/wp-content\\\/uploads\\\/2011\\\/01\\\/The-Dillinger-Escape-Plan.jpg\",\"datePublished\":\"2011-01-28T21:03:50+00:00\",\"dateModified\":\"2022-01-11T12:31:15+00:00\",\"description\":\"Thomas Hassler - der Punk-Paparazzi aus \u00d6sterreich - Musikalisch - Maic Schulte - Fotografie - Ruhrgebiet - Industrie - Portrait - Events - Autos - Rockabilly - Kunst - Schwarzwei\u00df\",\"breadcrumb\":{\"@id\":\"https:\\\/\\\/www.maicschulte.de\\\/wordpress\\\/?p=351#breadcrumb\"},\"inLanguage\":\"de\",\"potentialAction\":[{\"@type\":\"ReadAction\",\"target\":[\"https:\\\/\\\/www.maicschulte.de\\\/wordpress\\\/?p=351\"]}]},{\"@type\":\"ImageObject\",\"inLanguage\":\"de\",\"@id\":\"https:\\\/\\\/www.maicschulte.de\\\/wordpress\\\/?p=351#primaryimage\",\"url\":\"https:\\\/\\\/www.maicschulte.de\\\/wordpress\\\/wp-content\\\/uploads\\\/2011\\\/01\\\/The-Dillinger-Escape-Plan.jpg\",\"contentUrl\":\"https:\\\/\\\/www.maicschulte.de\\\/wordpress\\\/wp-content\\\/uploads\\\/2011\\\/01\\\/The-Dillinger-Escape-Plan.jpg\",\"width\":900,\"height\":600},{\"@type\":\"BreadcrumbList\",\"@id\":\"https:\\\/\\\/www.maicschulte.de\\\/wordpress\\\/?p=351#breadcrumb\",\"itemListElement\":[{\"@type\":\"ListItem\",\"position\":1,\"name\":\"Startseite\",\"item\":\"https:\\\/\\\/www.maicschulte.de\\\/wordpress\"},{\"@type\":\"ListItem\",\"position\":2,\"name\":\"Thomas Hassler &#8211; der Punk-Paparazzi aus \u00d6sterreich\"}]},{\"@type\":\"WebSite\",\"@id\":\"https:\\\/\\\/www.maicschulte.de\\\/wordpress\\\/#website\",\"url\":\"https:\\\/\\\/www.maicschulte.de\\\/wordpress\\\/\",\"name\":\"Maic Schulte\",\"description\":\"Fotografie aus Leidenschaft\",\"publisher\":{\"@id\":\"https:\\\/\\\/www.maicschulte.de\\\/wordpress\\\/#\\\/schema\\\/person\\\/809698f1c7b1655959515001723d716e\"},\"potentialAction\":[{\"@type\":\"SearchAction\",\"target\":{\"@type\":\"EntryPoint\",\"urlTemplate\":\"https:\\\/\\\/www.maicschulte.de\\\/wordpress\\\/?s={search_term_string}\"},\"query-input\":{\"@type\":\"PropertyValueSpecification\",\"valueRequired\":true,\"valueName\":\"search_term_string\"}}],\"inLanguage\":\"de\"},{\"@type\":[\"Person\",\"Organization\"],\"@id\":\"https:\\\/\\\/www.maicschulte.de\\\/wordpress\\\/#\\\/schema\\\/person\\\/809698f1c7b1655959515001723d716e\",\"name\":\"Maic Schulte\",\"image\":{\"@type\":\"ImageObject\",\"inLanguage\":\"de\",\"@id\":\"https:\\\/\\\/www.maicschulte.de\\\/wordpress\\\/wp-content\\\/uploads\\\/2025\\\/05\\\/Chronus_Maic_Schulte_Logo_605px-3.png\",\"url\":\"https:\\\/\\\/www.maicschulte.de\\\/wordpress\\\/wp-content\\\/uploads\\\/2025\\\/05\\\/Chronus_Maic_Schulte_Logo_605px-3.png\",\"contentUrl\":\"https:\\\/\\\/www.maicschulte.de\\\/wordpress\\\/wp-content\\\/uploads\\\/2025\\\/05\\\/Chronus_Maic_Schulte_Logo_605px-3.png\",\"width\":605,\"height\":200,\"caption\":\"Maic Schulte\"},\"logo\":{\"@id\":\"https:\\\/\\\/www.maicschulte.de\\\/wordpress\\\/wp-content\\\/uploads\\\/2025\\\/05\\\/Chronus_Maic_Schulte_Logo_605px-3.png\"},\"description\":\"Seit dem Tag, an dem mein Vater mich mit einer Kamera, einem Objektiv und zwei Illford-Schwarzwei\u00df-Filmen auf Entdeckungs-Tour geschickt hat, begleitet mich das Thema \\\"Fotografie\\\". Basierend auf WordPress, stellt diese Webseite - jetzt und in der Zukunft - eine Heimat f\u00fcr all meine Artikel und Fotos dar, welche wiederum aus allen Themenbereichen der klassischen &amp; modernen Fotografie kommen. Sei es nun die Fotografie in Schwarz-Wei\u00df; die Erkundung ehemaliger Industriegel\u00e4nde, welche f\u00fcr mich am ehesten \u201eDas Herz des Reviers\u201c widerspiegeln; ausdrucksstarke Portraits oder farbenfrohe Naturaufnahmen. Ganz egal! Es gelingt einfach jedem fotografischen Thema, meine Neugierde darauf zu erwecken. Dar\u00fcber hinaus habe ich aber auch ein ger\u00fctteltes Ma\u00df an Benzin im Blut und mag Autos &amp; Motorr\u00e4der, ganz egal ob nun neu, alt, aufgemotzt oder vollkommen original. Du siehst, die Auswahl an Artikeln &amp; Fotos ist also genauso breit gef\u00e4chert wie meine fotografischen Interessen.\",\"sameAs\":[\"https:\\\/\\\/www.maicschulte.de\"]}]}<\/script>\n<!-- \/ Yoast SEO plugin. -->","yoast_head_json":{"title":"Thomas Hassler - der Punk-Paparazzi aus \u00d6sterreich - Maic Schulte","description":"Thomas Hassler - der Punk-Paparazzi aus \u00d6sterreich - Musikalisch - Maic Schulte - Fotografie - Ruhrgebiet - Industrie - Portrait - Events - Autos - Rockabilly - Kunst - Schwarzwei\u00df","robots":{"index":"index","follow":"follow","max-snippet":"max-snippet:-1","max-image-preview":"max-image-preview:large","max-video-preview":"max-video-preview:-1"},"canonical":"https:\/\/www.maicschulte.de\/wordpress\/?p=351","og_locale":"de_DE","og_type":"article","og_title":"Thomas Hassler - der Punk-Paparazzi aus \u00d6sterreich - Maic Schulte","og_description":"Thomas Hassler - der Punk-Paparazzi aus \u00d6sterreich - Musikalisch - Maic Schulte - Fotografie - Ruhrgebiet - Industrie - Portrait - Events - Autos - Rockabilly - Kunst - Schwarzwei\u00df","og_url":"https:\/\/www.maicschulte.de\/wordpress\/?p=351","og_site_name":"Maic Schulte","article_published_time":"2011-01-28T21:03:50+00:00","article_modified_time":"2022-01-11T12:31:15+00:00","og_image":[{"width":900,"height":600,"url":"https:\/\/www.maicschulte.de\/wordpress\/wp-content\/uploads\/2011\/01\/The-Dillinger-Escape-Plan.jpg","type":"image\/jpeg"}],"author":"Maic Schulte","schema":{"@context":"https:\/\/schema.org","@graph":[{"@type":"Article","@id":"https:\/\/www.maicschulte.de\/wordpress\/?p=351#article","isPartOf":{"@id":"https:\/\/www.maicschulte.de\/wordpress\/?p=351"},"author":{"name":"Maic Schulte","@id":"https:\/\/www.maicschulte.de\/wordpress\/#\/schema\/person\/809698f1c7b1655959515001723d716e"},"headline":"Thomas Hassler \u2014 der Punk-Paparazzi aus \u00d6sterreich","datePublished":"2011-01-28T21:03:50+00:00","dateModified":"2022-01-11T12:31:15+00:00","mainEntityOfPage":{"@id":"https:\/\/www.maicschulte.de\/wordpress\/?p=351"},"wordCount":468,"commentCount":0,"publisher":{"@id":"https:\/\/www.maicschulte.de\/wordpress\/#\/schema\/person\/809698f1c7b1655959515001723d716e"},"image":{"@id":"https:\/\/www.maicschulte.de\/wordpress\/?p=351#primaryimage"},"thumbnailUrl":"https:\/\/www.maicschulte.de\/wordpress\/wp-content\/uploads\/2011\/01\/The-Dillinger-Escape-Plan.jpg","keywords":["Bands","Fotografie","Konzert","Live","Musik","Paparazzi","Punk","xnay"],"articleSection":["Chronologisch","Musikalisch","Vorstellungen"],"inLanguage":"de","potentialAction":[{"@type":"CommentAction","name":"Comment","target":["https:\/\/www.maicschulte.de\/wordpress\/?p=351#respond"]}]},{"@type":"WebPage","@id":"https:\/\/www.maicschulte.de\/wordpress\/?p=351","url":"https:\/\/www.maicschulte.de\/wordpress\/?p=351","name":"Thomas Hassler - der Punk-Paparazzi aus \u00d6sterreich - Maic Schulte","isPartOf":{"@id":"https:\/\/www.maicschulte.de\/wordpress\/#website"},"primaryImageOfPage":{"@id":"https:\/\/www.maicschulte.de\/wordpress\/?p=351#primaryimage"},"image":{"@id":"https:\/\/www.maicschulte.de\/wordpress\/?p=351#primaryimage"},"thumbnailUrl":"https:\/\/www.maicschulte.de\/wordpress\/wp-content\/uploads\/2011\/01\/The-Dillinger-Escape-Plan.jpg","datePublished":"2011-01-28T21:03:50+00:00","dateModified":"2022-01-11T12:31:15+00:00","description":"Thomas Hassler - der Punk-Paparazzi aus \u00d6sterreich - Musikalisch - Maic Schulte - Fotografie - Ruhrgebiet - Industrie - Portrait - Events - Autos - Rockabilly - Kunst - Schwarzwei\u00df","breadcrumb":{"@id":"https:\/\/www.maicschulte.de\/wordpress\/?p=351#breadcrumb"},"inLanguage":"de","potentialAction":[{"@type":"ReadAction","target":["https:\/\/www.maicschulte.de\/wordpress\/?p=351"]}]},{"@type":"ImageObject","inLanguage":"de","@id":"https:\/\/www.maicschulte.de\/wordpress\/?p=351#primaryimage","url":"https:\/\/www.maicschulte.de\/wordpress\/wp-content\/uploads\/2011\/01\/The-Dillinger-Escape-Plan.jpg","contentUrl":"https:\/\/www.maicschulte.de\/wordpress\/wp-content\/uploads\/2011\/01\/The-Dillinger-Escape-Plan.jpg","width":900,"height":600},{"@type":"BreadcrumbList","@id":"https:\/\/www.maicschulte.de\/wordpress\/?p=351#breadcrumb","itemListElement":[{"@type":"ListItem","position":1,"name":"Startseite","item":"https:\/\/www.maicschulte.de\/wordpress"},{"@type":"ListItem","position":2,"name":"Thomas Hassler &#8211; der Punk-Paparazzi aus \u00d6sterreich"}]},{"@type":"WebSite","@id":"https:\/\/www.maicschulte.de\/wordpress\/#website","url":"https:\/\/www.maicschulte.de\/wordpress\/","name":"Maic Schulte","description":"Fotografie aus Leidenschaft","publisher":{"@id":"https:\/\/www.maicschulte.de\/wordpress\/#\/schema\/person\/809698f1c7b1655959515001723d716e"},"potentialAction":[{"@type":"SearchAction","target":{"@type":"EntryPoint","urlTemplate":"https:\/\/www.maicschulte.de\/wordpress\/?s={search_term_string}"},"query-input":{"@type":"PropertyValueSpecification","valueRequired":true,"valueName":"search_term_string"}}],"inLanguage":"de"},{"@type":["Person","Organization"],"@id":"https:\/\/www.maicschulte.de\/wordpress\/#\/schema\/person\/809698f1c7b1655959515001723d716e","name":"Maic Schulte","image":{"@type":"ImageObject","inLanguage":"de","@id":"https:\/\/www.maicschulte.de\/wordpress\/wp-content\/uploads\/2025\/05\/Chronus_Maic_Schulte_Logo_605px-3.png","url":"https:\/\/www.maicschulte.de\/wordpress\/wp-content\/uploads\/2025\/05\/Chronus_Maic_Schulte_Logo_605px-3.png","contentUrl":"https:\/\/www.maicschulte.de\/wordpress\/wp-content\/uploads\/2025\/05\/Chronus_Maic_Schulte_Logo_605px-3.png","width":605,"height":200,"caption":"Maic Schulte"},"logo":{"@id":"https:\/\/www.maicschulte.de\/wordpress\/wp-content\/uploads\/2025\/05\/Chronus_Maic_Schulte_Logo_605px-3.png"},"description":"Seit dem Tag, an dem mein Vater mich mit einer Kamera, einem Objektiv und zwei Illford-Schwarzwei\u00df-Filmen auf Entdeckungs-Tour geschickt hat, begleitet mich das Thema \"Fotografie\". Basierend auf WordPress, stellt diese Webseite - jetzt und in der Zukunft - eine Heimat f\u00fcr all meine Artikel und Fotos dar, welche wiederum aus allen Themenbereichen der klassischen &amp; modernen Fotografie kommen. Sei es nun die Fotografie in Schwarz-Wei\u00df; die Erkundung ehemaliger Industriegel\u00e4nde, welche f\u00fcr mich am ehesten \u201eDas Herz des Reviers\u201c widerspiegeln; ausdrucksstarke Portraits oder farbenfrohe Naturaufnahmen. Ganz egal! Es gelingt einfach jedem fotografischen Thema, meine Neugierde darauf zu erwecken. Dar\u00fcber hinaus habe ich aber auch ein ger\u00fctteltes Ma\u00df an Benzin im Blut und mag Autos &amp; Motorr\u00e4der, ganz egal ob nun neu, alt, aufgemotzt oder vollkommen original. Du siehst, die Auswahl an Artikeln &amp; Fotos ist also genauso breit gef\u00e4chert wie meine fotografischen Interessen.","sameAs":["https:\/\/www.maicschulte.de"]}]}},"_links":{"self":[{"href":"https:\/\/www.maicschulte.de\/wordpress\/index.php?rest_route=\/wp\/v2\/posts\/351","targetHints":{"allow":["GET"]}}],"collection":[{"href":"https:\/\/www.maicschulte.de\/wordpress\/index.php?rest_route=\/wp\/v2\/posts"}],"about":[{"href":"https:\/\/www.maicschulte.de\/wordpress\/index.php?rest_route=\/wp\/v2\/types\/post"}],"author":[{"embeddable":true,"href":"https:\/\/www.maicschulte.de\/wordpress\/index.php?rest_route=\/wp\/v2\/users\/1"}],"replies":[{"embeddable":true,"href":"https:\/\/www.maicschulte.de\/wordpress\/index.php?rest_route=%2Fwp%2Fv2%2Fcomments&post=351"}],"version-history":[{"count":5,"href":"https:\/\/www.maicschulte.de\/wordpress\/index.php?rest_route=\/wp\/v2\/posts\/351\/revisions"}],"predecessor-version":[{"id":13085,"href":"https:\/\/www.maicschulte.de\/wordpress\/index.php?rest_route=\/wp\/v2\/posts\/351\/revisions\/13085"}],"wp:featuredmedia":[{"embeddable":true,"href":"https:\/\/www.maicschulte.de\/wordpress\/index.php?rest_route=\/wp\/v2\/media\/350"}],"wp:attachment":[{"href":"https:\/\/www.maicschulte.de\/wordpress\/index.php?rest_route=%2Fwp%2Fv2%2Fmedia&parent=351"}],"wp:term":[{"taxonomy":"category","embeddable":true,"href":"https:\/\/www.maicschulte.de\/wordpress\/index.php?rest_route=%2Fwp%2Fv2%2Fcategories&post=351"},{"taxonomy":"post_tag","embeddable":true,"href":"https:\/\/www.maicschulte.de\/wordpress\/index.php?rest_route=%2Fwp%2Fv2%2Ftags&post=351"}],"curies":[{"name":"wp","href":"https:\/\/api.w.org\/{rel}","templated":true}]}}