{"id":3640,"date":"2017-06-29T22:24:15","date_gmt":"2017-06-29T21:24:15","guid":{"rendered":"https:\/\/www.maicschulte.de\/?p=3640"},"modified":"2021-01-26T21:34:16","modified_gmt":"2021-01-26T20:34:16","slug":"am-feiertag-nach-japan","status":"publish","type":"post","link":"https:\/\/www.maicschulte.de\/wordpress\/?p=3640","title":{"rendered":"\u201cAm Feiertag nach&nbsp;Japan\u201c"},"content":{"rendered":"\n<div class=\"wp-block-image\"><figure class=\"aligncenter\"><a href=\"https:\/\/www.maicschulte.de\/wordpress\/wp-content\/uploads\/2017\/06\/Japanese-Garden-009.jpg\" data-rel=\"lightbox-gallery-0\" data-rl_title data-rl_caption title><img loading=\"lazy\" decoding=\"async\" width=\"1248\" height=\"777\" src=\"https:\/\/www.maicschulte.de\/wordpress\/wp-content\/uploads\/2017\/06\/Japanese-Garden-009.jpg\" alt class=\"wp-image-3650\" srcset=\"https:\/\/www.maicschulte.de\/wordpress\/wp-content\/uploads\/2017\/06\/Japanese-Garden-009.jpg 1248w, https:\/\/www.maicschulte.de\/wordpress\/wp-content\/uploads\/2017\/06\/Japanese-Garden-009-300x187.jpg 300w, https:\/\/www.maicschulte.de\/wordpress\/wp-content\/uploads\/2017\/06\/Japanese-Garden-009-768x478.jpg 768w, https:\/\/www.maicschulte.de\/wordpress\/wp-content\/uploads\/2017\/06\/Japanese-Garden-009-840x523.jpg 840w, https:\/\/www.maicschulte.de\/wordpress\/wp-content\/uploads\/2017\/06\/Japanese-Garden-009-280x175.jpg 280w, https:\/\/www.maicschulte.de\/wordpress\/wp-content\/uploads\/2017\/06\/Japanese-Garden-009-600x375.jpg 600w\" sizes=\"auto, (max-width: 1248px) 100vw, 1248px\"><\/a><\/figure><\/div>\n\n\n\n<p>Ich bin ja bekann\u00adter\u00adma\u00ad\u00dfen ein gro\u00dfer Freund von Fest\u00adbrenn\u00adwei\u00adten und lasse auf diese opti\u00adschen Klein\u00adode auch nichts kommen. Ein Zoom-Objek\u00adtiv hat ganz sicher auch seine Vor\u00adz\u00fc\u00adge im foto\u00adgra\u00adfi\u00adschen Alltag und trotz\u00addem \u00fcber\u00adwie\u00adgen die opti\u00adschen Vor\u00adtei\u00adle bei den Fest\u00adbrenn\u00adwei\u00adten&nbsp;stets.<\/p>\n\n\n\n<!--more-->\n\n\n\n<p>Exem\u00adpla\u00adrisch k\u00f6nnte man hier die h\u00f6here Auf\u00adl\u00f6\u00adsung, die bes\u00adse\u00adre Rand\u00adsch\u00e4r\u00adfe und das zumeist gerin\u00adge\u00adre Gewicht als Vor\u00adtei\u00adle anf\u00fch\u00adren. Die meis\u00adten Fest\u00adbrenn\u00adwei\u00adten sind dar\u00ad\u00fcber hinaus auch noch sehr licht\u00adstark. Ziert doch nicht selten die Sei\u00adten\u00adflan\u00adke solch eines Objek\u00adtivs eine Blen\u00adden\u00adzahl zwi\u00adschen 2.0 und 1.4.<\/p>\n\n\n\n<p>Gut, es gibt auch Kon\u00adstruk\u00adtio\u00adnen die wesent\u00adlich licht\u00adschw\u00e4\u00adcher sind. Diese stel\u00adlen aber die abso\u00adlu\u00adte Aus\u00adnah\u00adme dar und sind h\u00e4ufig auch kom\u00adplett anders kon\u00adstru\u00adiert als die gew\u00f6hn\u00adli\u00adchen Fest\u00adbrenn\u00adwei\u00adten (zum Bei\u00adspiel Spiegellinsenobjektive).<\/p>\n\n\n\n<p>So ist es denn auch nur wenig ver\u00adwun\u00adder\u00adlich, dass ich vor eini\u00adger Zeit meinen eige\u00adnen Objek\u00adtiv-Fundus um eine wei\u00adte\u00adre Fest\u00adbrenn\u00adwei\u00adte erwei\u00adtert habe. Zumal ich die FB-Reihe 50mm\/85mm\/100mm immer schon kom\u00adplett haben wollte.<\/p>\n\n\n\n<p>Nun gut, ange\u00adschafft und in die Foto\u00adta\u00adsche gesteckt ist so ein neues Objek\u00adtiv ja recht fix, nur wei\u00df man bis dahin noch nichts \u00fcber die wirk\u00adli\u00adche opti\u00adsche Leis\u00adtung. Klar, man k\u00f6nnte jetzt im Studio bis zum Abwin\u00adken irgend\u00adwel\u00adche Test-Charts abfo\u00adto\u00adgra\u00adfie\u00adren und das klas\u00adsi\u00adsche Pixel\u00adpee\u00adping betrei\u00adben, oder man geht ein\u00adfach vor die T\u00fcre und testet so ein Glas im all\u00adt\u00e4g\u00adli\u00adchen Ein\u00adsatz. Genau so hier gesche\u00adhen und ein Aus\u00adflugs\u00adziel war dies\u00admal auch recht schnell gefun\u00adden; der Japa\u00adni\u00adsche Garten in K\u00f6ln sollte es dies\u00admal sein. Dan\u00adkens\u00adwer\u00adter\u00adwei\u00adse war dieser Park auch an Fron\u00adleich\u00adnam ge\u00f6ff\u00adnet und somit stand einem foto\u00adgra\u00adfi\u00adschem Streif\u00adzug auch nichts im&nbsp;Wege.<\/p>\n\n\n\n<p>Der Japa\u00adni\u00adsche Garten besteht in seiner jet\u00adzi\u00adgen Form erst seit 1960. Lag der ehe\u00adma\u00adli\u00adge Park \u2013 gegr\u00fcn\u00addet im Jahr 1912 von Carl Duis\u00adberg \u2014 doch knapp 250 Meter n\u00f6rd\u00adli\u00adcher auf dem Gel\u00e4n\u00adde der dama\u00adli\u00adgen I.G. Far\u00adben\u00adin\u00addus\u00adtrie AG und somit auf Lever\u00adku\u00adse\u00adner Stadt\u00adge\u00adbiet. Heute geh\u00f6rt der Japa\u00adni\u00adsche Garten zum 15.000m\u00b2 gro\u00dfen Areal des Carl-Duis\u00adberg-Parks, gele\u00adgen auf dem Indus\u00adtrie\u00adge\u00adl\u00e4n\u00adde der Bayer AG und somit auch auf K\u00f6lner Stadtgebiet.<\/p>\n\n\n\n<p>Ange\u00adlegt von G\u00e4rt\u00adnern sowie Hand\u00adwer\u00adkern aus Japan, kann man dort so aus\u00adge\u00adfal\u00adle\u00adne Pflan\u00adzen wie den Mam\u00admut\u00adbaum, die Papy\u00adrus\u00adstau\u00adde und den japa\u00adni\u00adschen Gold\u00adahorn bestau\u00adnen. Inner\u00adhalb dieses Parks, nahezu male\u00adrisch ver\u00adsteckt, kann man dar\u00ad\u00fcber hinaus ein klei\u00adnes Tee\u00adhaus, die soge\u00adnann\u00adte Mikado-Br\u00fccke und diver\u00adse Tor\u00adb\u00f6\u00adgen und wei\u00adte\u00adre kleine Br\u00fc\u00adcken im japa\u00adni\u00adschen Bau\u00adstil bewun\u00addern. Kurzum, nir\u00adgend\u00adwo anders k\u00f6nnte man besser ein Objek\u00adtiv testen.<\/p>\n\n\n\n<p>Als per\u00ads\u00f6n\u00adli\u00adches Fazit f\u00fcr mich selbst kann ich fest\u00adhal\u00adten, dass ich am Ende des Tages sowohl mit dem Aus\u00adflugs\u00adziel als auch mit dem neuen Objek\u00adtiv sehr zufrie\u00adden sein kann. Die Auf\u00adnah\u00admen waren durch\u00adwegs scharf, sauber belich\u00adtet und die Farben \u2026 ach, schaut doch ein\u00adfach selbst&nbsp;;-)<\/p>\n\n\n\n<p>Des\u00adwe\u00adgen w\u00fcn\u00adsche ich an dieser Stelle ganz viel Spa\u00df mit dieser klei\u00adnen Foto-Aus\u00adle\u00adse und sage bis demn\u00e4chst.<\/p>\n\n\n\n<p>Euer Maic.<\/p>\n\n\n\n<p>P.S: Soll\u00adtet Ihr auch einmal vor\u00adha\u00adben dort hin\u00adzu\u00adfah\u00adren und den Flair des Japa\u00adni\u00adsche Gar\u00adtens auf Euch wirken zu lassen, dann gebt in Euer Navi ein\u00adfach die fol\u00adgen\u00adde Adres\u00adse ein: Otto-Bayer-Stra\u00dfe, 51061&nbsp;K\u00f6ln&nbsp;:-)<\/p>\n\n\n\n<div class=\"wp-block-image\"><figure class=\"aligncenter\"><a href=\"https:\/\/www.maicschulte.de\/wordpress\/wp-content\/uploads\/2017\/06\/Japanese-Garden-001.jpg\" data-rel=\"lightbox-gallery-0\" data-rl_title data-rl_caption title><img loading=\"lazy\" decoding=\"async\" width=\"1248\" height=\"799\" src=\"https:\/\/www.maicschulte.de\/wordpress\/wp-content\/uploads\/2017\/06\/Japanese-Garden-001.jpg\" alt class=\"wp-image-3642\" srcset=\"https:\/\/www.maicschulte.de\/wordpress\/wp-content\/uploads\/2017\/06\/Japanese-Garden-001.jpg 1248w, https:\/\/www.maicschulte.de\/wordpress\/wp-content\/uploads\/2017\/06\/Japanese-Garden-001-300x192.jpg 300w, https:\/\/www.maicschulte.de\/wordpress\/wp-content\/uploads\/2017\/06\/Japanese-Garden-001-768x492.jpg 768w, https:\/\/www.maicschulte.de\/wordpress\/wp-content\/uploads\/2017\/06\/Japanese-Garden-001-820x525.jpg 820w, https:\/\/www.maicschulte.de\/wordpress\/wp-content\/uploads\/2017\/06\/Japanese-Garden-001-586x375.jpg 586w\" sizes=\"auto, (max-width: 1248px) 100vw, 1248px\"><\/a><\/figure><\/div>\n\n\n\n<div class=\"wp-block-image\"><figure class=\"aligncenter\"><a href=\"https:\/\/www.maicschulte.de\/wordpress\/wp-content\/uploads\/2017\/06\/Japanese-Garden-005.jpg\" data-rel=\"lightbox-gallery-0\" data-rl_title data-rl_caption title><img loading=\"lazy\" decoding=\"async\" width=\"628\" height=\"860\" src=\"https:\/\/www.maicschulte.de\/wordpress\/wp-content\/uploads\/2017\/06\/Japanese-Garden-005.jpg\" alt class=\"wp-image-3646\" srcset=\"https:\/\/www.maicschulte.de\/wordpress\/wp-content\/uploads\/2017\/06\/Japanese-Garden-005.jpg 628w, https:\/\/www.maicschulte.de\/wordpress\/wp-content\/uploads\/2017\/06\/Japanese-Garden-005-219x300.jpg 219w, https:\/\/www.maicschulte.de\/wordpress\/wp-content\/uploads\/2017\/06\/Japanese-Garden-005-383x525.jpg 383w, https:\/\/www.maicschulte.de\/wordpress\/wp-content\/uploads\/2017\/06\/Japanese-Garden-005-274x375.jpg 274w\" sizes=\"auto, (max-width: 628px) 100vw, 628px\"><\/a><\/figure><\/div>\n\n\n\n<div class=\"wp-block-image\"><figure class=\"aligncenter\"><a href=\"https:\/\/www.maicschulte.de\/wordpress\/wp-content\/uploads\/2017\/06\/Japanese-Garden-002.jpg\" data-rel=\"lightbox-gallery-0\" data-rl_title data-rl_caption title><img loading=\"lazy\" decoding=\"async\" width=\"1248\" height=\"828\" src=\"https:\/\/www.maicschulte.de\/wordpress\/wp-content\/uploads\/2017\/06\/Japanese-Garden-002.jpg\" alt class=\"wp-image-3643\" srcset=\"https:\/\/www.maicschulte.de\/wordpress\/wp-content\/uploads\/2017\/06\/Japanese-Garden-002.jpg 1248w, https:\/\/www.maicschulte.de\/wordpress\/wp-content\/uploads\/2017\/06\/Japanese-Garden-002-300x199.jpg 300w, https:\/\/www.maicschulte.de\/wordpress\/wp-content\/uploads\/2017\/06\/Japanese-Garden-002-768x510.jpg 768w, https:\/\/www.maicschulte.de\/wordpress\/wp-content\/uploads\/2017\/06\/Japanese-Garden-002-791x525.jpg 791w, https:\/\/www.maicschulte.de\/wordpress\/wp-content\/uploads\/2017\/06\/Japanese-Garden-002-120x80.jpg 120w, https:\/\/www.maicschulte.de\/wordpress\/wp-content\/uploads\/2017\/06\/Japanese-Garden-002-565x375.jpg 565w\" sizes=\"auto, (max-width: 1248px) 100vw, 1248px\"><\/a><\/figure><\/div>\n\n\n\n<div class=\"wp-block-image\"><figure class=\"aligncenter\"><a href=\"https:\/\/www.maicschulte.de\/wordpress\/wp-content\/uploads\/2017\/06\/Japanese-Garden-007.jpg\" data-rel=\"lightbox-gallery-0\" data-rl_title data-rl_caption title><img loading=\"lazy\" decoding=\"async\" width=\"1248\" height=\"775\" src=\"https:\/\/www.maicschulte.de\/wordpress\/wp-content\/uploads\/2017\/06\/Japanese-Garden-007.jpg\" alt class=\"wp-image-3648\" srcset=\"https:\/\/www.maicschulte.de\/wordpress\/wp-content\/uploads\/2017\/06\/Japanese-Garden-007.jpg 1248w, https:\/\/www.maicschulte.de\/wordpress\/wp-content\/uploads\/2017\/06\/Japanese-Garden-007-300x186.jpg 300w, https:\/\/www.maicschulte.de\/wordpress\/wp-content\/uploads\/2017\/06\/Japanese-Garden-007-768x477.jpg 768w, https:\/\/www.maicschulte.de\/wordpress\/wp-content\/uploads\/2017\/06\/Japanese-Garden-007-840x522.jpg 840w, https:\/\/www.maicschulte.de\/wordpress\/wp-content\/uploads\/2017\/06\/Japanese-Garden-007-280x175.jpg 280w, https:\/\/www.maicschulte.de\/wordpress\/wp-content\/uploads\/2017\/06\/Japanese-Garden-007-600x373.jpg 600w\" sizes=\"auto, (max-width: 1248px) 100vw, 1248px\"><\/a><\/figure><\/div>\n\n\n\n<div class=\"wp-block-image\"><figure class=\"aligncenter\"><a href=\"https:\/\/www.maicschulte.de\/wordpress\/wp-content\/uploads\/2017\/06\/Japanese-Garden-003.jpg\" data-rel=\"lightbox-gallery-0\" data-rl_title data-rl_caption title><img loading=\"lazy\" decoding=\"async\" width=\"581\" height=\"860\" src=\"https:\/\/www.maicschulte.de\/wordpress\/wp-content\/uploads\/2017\/06\/Japanese-Garden-003.jpg\" alt class=\"wp-image-3644\" srcset=\"https:\/\/www.maicschulte.de\/wordpress\/wp-content\/uploads\/2017\/06\/Japanese-Garden-003.jpg 581w, https:\/\/www.maicschulte.de\/wordpress\/wp-content\/uploads\/2017\/06\/Japanese-Garden-003-203x300.jpg 203w, https:\/\/www.maicschulte.de\/wordpress\/wp-content\/uploads\/2017\/06\/Japanese-Garden-003-355x525.jpg 355w, https:\/\/www.maicschulte.de\/wordpress\/wp-content\/uploads\/2017\/06\/Japanese-Garden-003-253x375.jpg 253w\" sizes=\"auto, (max-width: 581px) 100vw, 581px\"><\/a><\/figure><\/div>\n\n\n\n<div class=\"wp-block-image\"><figure class=\"aligncenter\"><a href=\"https:\/\/www.maicschulte.de\/wordpress\/wp-content\/uploads\/2017\/06\/Japanese-Garden-004.jpg\" data-rel=\"lightbox-gallery-0\" data-rl_title data-rl_caption title><img loading=\"lazy\" decoding=\"async\" width=\"1248\" height=\"805\" src=\"https:\/\/www.maicschulte.de\/wordpress\/wp-content\/uploads\/2017\/06\/Japanese-Garden-004.jpg\" alt class=\"wp-image-3645\" srcset=\"https:\/\/www.maicschulte.de\/wordpress\/wp-content\/uploads\/2017\/06\/Japanese-Garden-004.jpg 1248w, https:\/\/www.maicschulte.de\/wordpress\/wp-content\/uploads\/2017\/06\/Japanese-Garden-004-300x194.jpg 300w, https:\/\/www.maicschulte.de\/wordpress\/wp-content\/uploads\/2017\/06\/Japanese-Garden-004-768x495.jpg 768w, https:\/\/www.maicschulte.de\/wordpress\/wp-content\/uploads\/2017\/06\/Japanese-Garden-004-814x525.jpg 814w, https:\/\/www.maicschulte.de\/wordpress\/wp-content\/uploads\/2017\/06\/Japanese-Garden-004-581x375.jpg 581w\" sizes=\"auto, (max-width: 1248px) 100vw, 1248px\"><\/a><\/figure><\/div>\n\n\n\n<div class=\"wp-block-image\"><figure class=\"aligncenter\"><a href=\"https:\/\/www.maicschulte.de\/wordpress\/wp-content\/uploads\/2017\/06\/Japanese-Garden-006.jpg\" data-rel=\"lightbox-gallery-0\" data-rl_title data-rl_caption title><img loading=\"lazy\" decoding=\"async\" width=\"1248\" height=\"755\" src=\"https:\/\/www.maicschulte.de\/wordpress\/wp-content\/uploads\/2017\/06\/Japanese-Garden-006.jpg\" alt class=\"wp-image-3647\" srcset=\"https:\/\/www.maicschulte.de\/wordpress\/wp-content\/uploads\/2017\/06\/Japanese-Garden-006.jpg 1248w, https:\/\/www.maicschulte.de\/wordpress\/wp-content\/uploads\/2017\/06\/Japanese-Garden-006-300x181.jpg 300w, https:\/\/www.maicschulte.de\/wordpress\/wp-content\/uploads\/2017\/06\/Japanese-Garden-006-768x465.jpg 768w, https:\/\/www.maicschulte.de\/wordpress\/wp-content\/uploads\/2017\/06\/Japanese-Garden-006-840x508.jpg 840w, https:\/\/www.maicschulte.de\/wordpress\/wp-content\/uploads\/2017\/06\/Japanese-Garden-006-600x363.jpg 600w\" sizes=\"auto, (max-width: 1248px) 100vw, 1248px\"><\/a><\/figure><\/div>\n\n\n\n<div class=\"wp-block-image\"><figure class=\"aligncenter\"><a href=\"https:\/\/www.maicschulte.de\/wordpress\/wp-content\/uploads\/2017\/06\/Japanese-Garden-008.jpg\" data-rel=\"lightbox-gallery-0\" data-rl_title data-rl_caption title><img loading=\"lazy\" decoding=\"async\" width=\"1248\" height=\"778\" src=\"https:\/\/www.maicschulte.de\/wordpress\/wp-content\/uploads\/2017\/06\/Japanese-Garden-008.jpg\" alt class=\"wp-image-3649\" srcset=\"https:\/\/www.maicschulte.de\/wordpress\/wp-content\/uploads\/2017\/06\/Japanese-Garden-008.jpg 1248w, https:\/\/www.maicschulte.de\/wordpress\/wp-content\/uploads\/2017\/06\/Japanese-Garden-008-300x187.jpg 300w, https:\/\/www.maicschulte.de\/wordpress\/wp-content\/uploads\/2017\/06\/Japanese-Garden-008-768x479.jpg 768w, https:\/\/www.maicschulte.de\/wordpress\/wp-content\/uploads\/2017\/06\/Japanese-Garden-008-840x525.jpg 840w, https:\/\/www.maicschulte.de\/wordpress\/wp-content\/uploads\/2017\/06\/Japanese-Garden-008-280x175.jpg 280w, https:\/\/www.maicschulte.de\/wordpress\/wp-content\/uploads\/2017\/06\/Japanese-Garden-008-600x375.jpg 600w\" sizes=\"auto, (max-width: 1248px) 100vw, 1248px\"><\/a><\/figure><\/div>\n\n\n\n<div class=\"wp-block-image\"><figure class=\"aligncenter\"><a href=\"https:\/\/www.maicschulte.de\/wordpress\/wp-content\/uploads\/2017\/06\/Japanese-Garden-009.jpg\" data-rel=\"lightbox-gallery-0\" data-rl_title data-rl_caption title><img loading=\"lazy\" decoding=\"async\" width=\"1248\" height=\"777\" src=\"https:\/\/www.maicschulte.de\/wordpress\/wp-content\/uploads\/2017\/06\/Japanese-Garden-009.jpg\" alt class=\"wp-image-3650\" srcset=\"https:\/\/www.maicschulte.de\/wordpress\/wp-content\/uploads\/2017\/06\/Japanese-Garden-009.jpg 1248w, https:\/\/www.maicschulte.de\/wordpress\/wp-content\/uploads\/2017\/06\/Japanese-Garden-009-300x187.jpg 300w, https:\/\/www.maicschulte.de\/wordpress\/wp-content\/uploads\/2017\/06\/Japanese-Garden-009-768x478.jpg 768w, https:\/\/www.maicschulte.de\/wordpress\/wp-content\/uploads\/2017\/06\/Japanese-Garden-009-840x523.jpg 840w, https:\/\/www.maicschulte.de\/wordpress\/wp-content\/uploads\/2017\/06\/Japanese-Garden-009-280x175.jpg 280w, https:\/\/www.maicschulte.de\/wordpress\/wp-content\/uploads\/2017\/06\/Japanese-Garden-009-600x375.jpg 600w\" sizes=\"auto, (max-width: 1248px) 100vw, 1248px\"><\/a><\/figure><\/div>\n","protected":false},"excerpt":{"rendered":"<p>Ich bin ja bekann\u00adter\u00adma\u00ad\u00dfen ein gro\u00dfer Freund von Fest\u00adbrenn\u00adwei\u00adten und lasse auf diese opti\u00adschen Klein\u00adode auch nichts kommen. Ein Zoom-Objek\u00ad\u00adtiv hat ganz sicher auch seine Vor\u00adz\u00fc\u00adge im foto\u00adgra\u00adfi\u00adschen Alltag und trotz\u00addem \u00fcber\u00adwie\u00adgen die opti\u00adschen Vor\u00adtei\u00adle bei den Fest\u00adbrenn\u00adwei\u00adten&nbsp;stets.<\/p>\n","protected":false},"author":1,"featured_media":3650,"comment_status":"open","ping_status":"open","sticky":false,"template":"","format":"standard","meta":{"wp_typography_post_enhancements_disabled":false,"footnotes":""},"categories":[1,1279],"tags":[241,548,549,551,552,546,547,550],"class_list":["post-3640","post","type-post","status-publish","format-standard","has-post-thumbnail","hentry","category-artikel","category-chronologisch","tag-brucke","tag-carl-duisberg-park","tag-festbrennweite","tag-gartenkunst","tag-japan","tag-japanischer-garten","tag-koeln","tag-torbogen"],"yoast_head":"<!-- This site is optimized with the Yoast SEO plugin v27.5 - https:\/\/yoast.com\/product\/yoast-seo-wordpress\/ -->\n<title>&quot;Am Feiertag nach Japan\u201c - Maic Schulte<\/title>\n<meta name=\"description\" content=\"&quot;Am Feiertag nach Japan\u201c - Artikel - Maic Schulte - Fotografie - Ruhrgebiet - Industrie - Portrait - Events - Autos - Rockabilly - Kunst - Schwarzwei\u00df\" \/>\n<meta name=\"robots\" content=\"index, follow, max-snippet:-1, max-image-preview:large, max-video-preview:-1\" \/>\n<link rel=\"canonical\" href=\"https:\/\/www.maicschulte.de\/wordpress\/?p=3640\" \/>\n<meta property=\"og:locale\" content=\"de_DE\" \/>\n<meta property=\"og:type\" content=\"article\" \/>\n<meta property=\"og:title\" content=\"&quot;Am Feiertag nach Japan\u201c - Maic Schulte\" \/>\n<meta property=\"og:description\" content=\"&quot;Am Feiertag nach Japan\u201c - Artikel - Maic Schulte - Fotografie - Ruhrgebiet - Industrie - Portrait - Events - Autos - Rockabilly - Kunst - Schwarzwei\u00df\" \/>\n<meta property=\"og:url\" content=\"https:\/\/www.maicschulte.de\/wordpress\/?p=3640\" \/>\n<meta property=\"og:site_name\" content=\"Maic Schulte\" \/>\n<meta property=\"article:published_time\" content=\"2017-06-29T21:24:15+00:00\" \/>\n<meta property=\"article:modified_time\" content=\"2021-01-26T20:34:16+00:00\" \/>\n<meta property=\"og:image\" content=\"https:\/\/www.maicschulte.de\/wordpress\/wp-content\/uploads\/2017\/06\/Japanese-Garden-009.jpg\" \/>\n\t<meta property=\"og:image:width\" content=\"1248\" \/>\n\t<meta property=\"og:image:height\" content=\"777\" \/>\n\t<meta property=\"og:image:type\" content=\"image\/jpeg\" \/>\n<meta name=\"author\" content=\"Maic Schulte\" \/>\n<script type=\"application\/ld+json\" class=\"yoast-schema-graph\">{\"@context\":\"https:\\\/\\\/schema.org\",\"@graph\":[{\"@type\":\"Article\",\"@id\":\"https:\\\/\\\/www.maicschulte.de\\\/wordpress\\\/?p=3640#article\",\"isPartOf\":{\"@id\":\"https:\\\/\\\/www.maicschulte.de\\\/wordpress\\\/?p=3640\"},\"author\":{\"name\":\"Maic Schulte\",\"@id\":\"https:\\\/\\\/www.maicschulte.de\\\/wordpress\\\/#\\\/schema\\\/person\\\/809698f1c7b1655959515001723d716e\"},\"headline\":\"\u201cAm Feiertag nach&nbsp;Japan\u201c\",\"datePublished\":\"2017-06-29T21:24:15+00:00\",\"dateModified\":\"2021-01-26T20:34:16+00:00\",\"mainEntityOfPage\":{\"@id\":\"https:\\\/\\\/www.maicschulte.de\\\/wordpress\\\/?p=3640\"},\"wordCount\":503,\"commentCount\":0,\"publisher\":{\"@id\":\"https:\\\/\\\/www.maicschulte.de\\\/wordpress\\\/#\\\/schema\\\/person\\\/809698f1c7b1655959515001723d716e\"},\"image\":{\"@id\":\"https:\\\/\\\/www.maicschulte.de\\\/wordpress\\\/?p=3640#primaryimage\"},\"thumbnailUrl\":\"https:\\\/\\\/www.maicschulte.de\\\/wordpress\\\/wp-content\\\/uploads\\\/2017\\\/06\\\/Japanese-Garden-009.jpg\",\"keywords\":[\"Br\u00fccke\",\"Carl Duisberg Park\",\"Festbrennweite\",\"Gartenkunst\",\"Japan\",\"Japanischer Garten\",\"K\u00f6ln\",\"Torbogen\"],\"articleSection\":[\"Artikel\",\"Chronologisch\"],\"inLanguage\":\"de\",\"potentialAction\":[{\"@type\":\"CommentAction\",\"name\":\"Comment\",\"target\":[\"https:\\\/\\\/www.maicschulte.de\\\/wordpress\\\/?p=3640#respond\"]}]},{\"@type\":\"WebPage\",\"@id\":\"https:\\\/\\\/www.maicschulte.de\\\/wordpress\\\/?p=3640\",\"url\":\"https:\\\/\\\/www.maicschulte.de\\\/wordpress\\\/?p=3640\",\"name\":\"\\\"Am Feiertag nach Japan\u201c - Maic Schulte\",\"isPartOf\":{\"@id\":\"https:\\\/\\\/www.maicschulte.de\\\/wordpress\\\/#website\"},\"primaryImageOfPage\":{\"@id\":\"https:\\\/\\\/www.maicschulte.de\\\/wordpress\\\/?p=3640#primaryimage\"},\"image\":{\"@id\":\"https:\\\/\\\/www.maicschulte.de\\\/wordpress\\\/?p=3640#primaryimage\"},\"thumbnailUrl\":\"https:\\\/\\\/www.maicschulte.de\\\/wordpress\\\/wp-content\\\/uploads\\\/2017\\\/06\\\/Japanese-Garden-009.jpg\",\"datePublished\":\"2017-06-29T21:24:15+00:00\",\"dateModified\":\"2021-01-26T20:34:16+00:00\",\"description\":\"\\\"Am Feiertag nach Japan\u201c - Artikel - Maic Schulte - Fotografie - Ruhrgebiet - Industrie - Portrait - Events - Autos - Rockabilly - Kunst - Schwarzwei\u00df\",\"breadcrumb\":{\"@id\":\"https:\\\/\\\/www.maicschulte.de\\\/wordpress\\\/?p=3640#breadcrumb\"},\"inLanguage\":\"de\",\"potentialAction\":[{\"@type\":\"ReadAction\",\"target\":[\"https:\\\/\\\/www.maicschulte.de\\\/wordpress\\\/?p=3640\"]}]},{\"@type\":\"ImageObject\",\"inLanguage\":\"de\",\"@id\":\"https:\\\/\\\/www.maicschulte.de\\\/wordpress\\\/?p=3640#primaryimage\",\"url\":\"https:\\\/\\\/www.maicschulte.de\\\/wordpress\\\/wp-content\\\/uploads\\\/2017\\\/06\\\/Japanese-Garden-009.jpg\",\"contentUrl\":\"https:\\\/\\\/www.maicschulte.de\\\/wordpress\\\/wp-content\\\/uploads\\\/2017\\\/06\\\/Japanese-Garden-009.jpg\",\"width\":1248,\"height\":777},{\"@type\":\"BreadcrumbList\",\"@id\":\"https:\\\/\\\/www.maicschulte.de\\\/wordpress\\\/?p=3640#breadcrumb\",\"itemListElement\":[{\"@type\":\"ListItem\",\"position\":1,\"name\":\"Startseite\",\"item\":\"https:\\\/\\\/www.maicschulte.de\\\/wordpress\"},{\"@type\":\"ListItem\",\"position\":2,\"name\":\"\u201cAm Feiertag nach&nbsp;Japan\u201c\"}]},{\"@type\":\"WebSite\",\"@id\":\"https:\\\/\\\/www.maicschulte.de\\\/wordpress\\\/#website\",\"url\":\"https:\\\/\\\/www.maicschulte.de\\\/wordpress\\\/\",\"name\":\"Maic Schulte\",\"description\":\"Fotografie aus Leidenschaft\",\"publisher\":{\"@id\":\"https:\\\/\\\/www.maicschulte.de\\\/wordpress\\\/#\\\/schema\\\/person\\\/809698f1c7b1655959515001723d716e\"},\"potentialAction\":[{\"@type\":\"SearchAction\",\"target\":{\"@type\":\"EntryPoint\",\"urlTemplate\":\"https:\\\/\\\/www.maicschulte.de\\\/wordpress\\\/?s={search_term_string}\"},\"query-input\":{\"@type\":\"PropertyValueSpecification\",\"valueRequired\":true,\"valueName\":\"search_term_string\"}}],\"inLanguage\":\"de\"},{\"@type\":[\"Person\",\"Organization\"],\"@id\":\"https:\\\/\\\/www.maicschulte.de\\\/wordpress\\\/#\\\/schema\\\/person\\\/809698f1c7b1655959515001723d716e\",\"name\":\"Maic Schulte\",\"image\":{\"@type\":\"ImageObject\",\"inLanguage\":\"de\",\"@id\":\"https:\\\/\\\/www.maicschulte.de\\\/wordpress\\\/wp-content\\\/uploads\\\/2025\\\/05\\\/Chronus_Maic_Schulte_Logo_605px-3.png\",\"url\":\"https:\\\/\\\/www.maicschulte.de\\\/wordpress\\\/wp-content\\\/uploads\\\/2025\\\/05\\\/Chronus_Maic_Schulte_Logo_605px-3.png\",\"contentUrl\":\"https:\\\/\\\/www.maicschulte.de\\\/wordpress\\\/wp-content\\\/uploads\\\/2025\\\/05\\\/Chronus_Maic_Schulte_Logo_605px-3.png\",\"width\":605,\"height\":200,\"caption\":\"Maic Schulte\"},\"logo\":{\"@id\":\"https:\\\/\\\/www.maicschulte.de\\\/wordpress\\\/wp-content\\\/uploads\\\/2025\\\/05\\\/Chronus_Maic_Schulte_Logo_605px-3.png\"},\"description\":\"Seit dem Tag, an dem mein Vater mich mit einer Kamera, einem Objektiv und zwei Illford-Schwarzwei\u00df-Filmen auf Entdeckungs-Tour geschickt hat, begleitet mich das Thema \\\"Fotografie\\\". Basierend auf WordPress, stellt diese Webseite - jetzt und in der Zukunft - eine Heimat f\u00fcr all meine Artikel und Fotos dar, welche wiederum aus allen Themenbereichen der klassischen &amp; modernen Fotografie kommen. Sei es nun die Fotografie in Schwarz-Wei\u00df; die Erkundung ehemaliger Industriegel\u00e4nde, welche f\u00fcr mich am ehesten \u201eDas Herz des Reviers\u201c widerspiegeln; ausdrucksstarke Portraits oder farbenfrohe Naturaufnahmen. Ganz egal! Es gelingt einfach jedem fotografischen Thema, meine Neugierde darauf zu erwecken. Dar\u00fcber hinaus habe ich aber auch ein ger\u00fctteltes Ma\u00df an Benzin im Blut und mag Autos &amp; Motorr\u00e4der, ganz egal ob nun neu, alt, aufgemotzt oder vollkommen original. Du siehst, die Auswahl an Artikeln &amp; Fotos ist also genauso breit gef\u00e4chert wie meine fotografischen Interessen.\",\"sameAs\":[\"https:\\\/\\\/www.maicschulte.de\"]}]}<\/script>\n<!-- \/ Yoast SEO plugin. -->","yoast_head_json":{"title":"\"Am Feiertag nach Japan\u201c - Maic Schulte","description":"\"Am Feiertag nach Japan\u201c - Artikel - Maic Schulte - Fotografie - Ruhrgebiet - Industrie - Portrait - Events - Autos - Rockabilly - Kunst - Schwarzwei\u00df","robots":{"index":"index","follow":"follow","max-snippet":"max-snippet:-1","max-image-preview":"max-image-preview:large","max-video-preview":"max-video-preview:-1"},"canonical":"https:\/\/www.maicschulte.de\/wordpress\/?p=3640","og_locale":"de_DE","og_type":"article","og_title":"\"Am Feiertag nach Japan\u201c - Maic Schulte","og_description":"\"Am Feiertag nach Japan\u201c - Artikel - Maic Schulte - Fotografie - Ruhrgebiet - Industrie - Portrait - Events - Autos - Rockabilly - Kunst - Schwarzwei\u00df","og_url":"https:\/\/www.maicschulte.de\/wordpress\/?p=3640","og_site_name":"Maic Schulte","article_published_time":"2017-06-29T21:24:15+00:00","article_modified_time":"2021-01-26T20:34:16+00:00","og_image":[{"width":1248,"height":777,"url":"https:\/\/www.maicschulte.de\/wordpress\/wp-content\/uploads\/2017\/06\/Japanese-Garden-009.jpg","type":"image\/jpeg"}],"author":"Maic Schulte","schema":{"@context":"https:\/\/schema.org","@graph":[{"@type":"Article","@id":"https:\/\/www.maicschulte.de\/wordpress\/?p=3640#article","isPartOf":{"@id":"https:\/\/www.maicschulte.de\/wordpress\/?p=3640"},"author":{"name":"Maic Schulte","@id":"https:\/\/www.maicschulte.de\/wordpress\/#\/schema\/person\/809698f1c7b1655959515001723d716e"},"headline":"\u201cAm Feiertag nach&nbsp;Japan\u201c","datePublished":"2017-06-29T21:24:15+00:00","dateModified":"2021-01-26T20:34:16+00:00","mainEntityOfPage":{"@id":"https:\/\/www.maicschulte.de\/wordpress\/?p=3640"},"wordCount":503,"commentCount":0,"publisher":{"@id":"https:\/\/www.maicschulte.de\/wordpress\/#\/schema\/person\/809698f1c7b1655959515001723d716e"},"image":{"@id":"https:\/\/www.maicschulte.de\/wordpress\/?p=3640#primaryimage"},"thumbnailUrl":"https:\/\/www.maicschulte.de\/wordpress\/wp-content\/uploads\/2017\/06\/Japanese-Garden-009.jpg","keywords":["Br\u00fccke","Carl Duisberg Park","Festbrennweite","Gartenkunst","Japan","Japanischer Garten","K\u00f6ln","Torbogen"],"articleSection":["Artikel","Chronologisch"],"inLanguage":"de","potentialAction":[{"@type":"CommentAction","name":"Comment","target":["https:\/\/www.maicschulte.de\/wordpress\/?p=3640#respond"]}]},{"@type":"WebPage","@id":"https:\/\/www.maicschulte.de\/wordpress\/?p=3640","url":"https:\/\/www.maicschulte.de\/wordpress\/?p=3640","name":"\"Am Feiertag nach Japan\u201c - Maic Schulte","isPartOf":{"@id":"https:\/\/www.maicschulte.de\/wordpress\/#website"},"primaryImageOfPage":{"@id":"https:\/\/www.maicschulte.de\/wordpress\/?p=3640#primaryimage"},"image":{"@id":"https:\/\/www.maicschulte.de\/wordpress\/?p=3640#primaryimage"},"thumbnailUrl":"https:\/\/www.maicschulte.de\/wordpress\/wp-content\/uploads\/2017\/06\/Japanese-Garden-009.jpg","datePublished":"2017-06-29T21:24:15+00:00","dateModified":"2021-01-26T20:34:16+00:00","description":"\"Am Feiertag nach Japan\u201c - Artikel - Maic Schulte - Fotografie - Ruhrgebiet - Industrie - Portrait - Events - Autos - Rockabilly - Kunst - Schwarzwei\u00df","breadcrumb":{"@id":"https:\/\/www.maicschulte.de\/wordpress\/?p=3640#breadcrumb"},"inLanguage":"de","potentialAction":[{"@type":"ReadAction","target":["https:\/\/www.maicschulte.de\/wordpress\/?p=3640"]}]},{"@type":"ImageObject","inLanguage":"de","@id":"https:\/\/www.maicschulte.de\/wordpress\/?p=3640#primaryimage","url":"https:\/\/www.maicschulte.de\/wordpress\/wp-content\/uploads\/2017\/06\/Japanese-Garden-009.jpg","contentUrl":"https:\/\/www.maicschulte.de\/wordpress\/wp-content\/uploads\/2017\/06\/Japanese-Garden-009.jpg","width":1248,"height":777},{"@type":"BreadcrumbList","@id":"https:\/\/www.maicschulte.de\/wordpress\/?p=3640#breadcrumb","itemListElement":[{"@type":"ListItem","position":1,"name":"Startseite","item":"https:\/\/www.maicschulte.de\/wordpress"},{"@type":"ListItem","position":2,"name":"\u201cAm Feiertag nach&nbsp;Japan\u201c"}]},{"@type":"WebSite","@id":"https:\/\/www.maicschulte.de\/wordpress\/#website","url":"https:\/\/www.maicschulte.de\/wordpress\/","name":"Maic Schulte","description":"Fotografie aus Leidenschaft","publisher":{"@id":"https:\/\/www.maicschulte.de\/wordpress\/#\/schema\/person\/809698f1c7b1655959515001723d716e"},"potentialAction":[{"@type":"SearchAction","target":{"@type":"EntryPoint","urlTemplate":"https:\/\/www.maicschulte.de\/wordpress\/?s={search_term_string}"},"query-input":{"@type":"PropertyValueSpecification","valueRequired":true,"valueName":"search_term_string"}}],"inLanguage":"de"},{"@type":["Person","Organization"],"@id":"https:\/\/www.maicschulte.de\/wordpress\/#\/schema\/person\/809698f1c7b1655959515001723d716e","name":"Maic Schulte","image":{"@type":"ImageObject","inLanguage":"de","@id":"https:\/\/www.maicschulte.de\/wordpress\/wp-content\/uploads\/2025\/05\/Chronus_Maic_Schulte_Logo_605px-3.png","url":"https:\/\/www.maicschulte.de\/wordpress\/wp-content\/uploads\/2025\/05\/Chronus_Maic_Schulte_Logo_605px-3.png","contentUrl":"https:\/\/www.maicschulte.de\/wordpress\/wp-content\/uploads\/2025\/05\/Chronus_Maic_Schulte_Logo_605px-3.png","width":605,"height":200,"caption":"Maic Schulte"},"logo":{"@id":"https:\/\/www.maicschulte.de\/wordpress\/wp-content\/uploads\/2025\/05\/Chronus_Maic_Schulte_Logo_605px-3.png"},"description":"Seit dem Tag, an dem mein Vater mich mit einer Kamera, einem Objektiv und zwei Illford-Schwarzwei\u00df-Filmen auf Entdeckungs-Tour geschickt hat, begleitet mich das Thema \"Fotografie\". Basierend auf WordPress, stellt diese Webseite - jetzt und in der Zukunft - eine Heimat f\u00fcr all meine Artikel und Fotos dar, welche wiederum aus allen Themenbereichen der klassischen &amp; modernen Fotografie kommen. Sei es nun die Fotografie in Schwarz-Wei\u00df; die Erkundung ehemaliger Industriegel\u00e4nde, welche f\u00fcr mich am ehesten \u201eDas Herz des Reviers\u201c widerspiegeln; ausdrucksstarke Portraits oder farbenfrohe Naturaufnahmen. Ganz egal! Es gelingt einfach jedem fotografischen Thema, meine Neugierde darauf zu erwecken. Dar\u00fcber hinaus habe ich aber auch ein ger\u00fctteltes Ma\u00df an Benzin im Blut und mag Autos &amp; Motorr\u00e4der, ganz egal ob nun neu, alt, aufgemotzt oder vollkommen original. Du siehst, die Auswahl an Artikeln &amp; Fotos ist also genauso breit gef\u00e4chert wie meine fotografischen Interessen.","sameAs":["https:\/\/www.maicschulte.de"]}]}},"_links":{"self":[{"href":"https:\/\/www.maicschulte.de\/wordpress\/index.php?rest_route=\/wp\/v2\/posts\/3640","targetHints":{"allow":["GET"]}}],"collection":[{"href":"https:\/\/www.maicschulte.de\/wordpress\/index.php?rest_route=\/wp\/v2\/posts"}],"about":[{"href":"https:\/\/www.maicschulte.de\/wordpress\/index.php?rest_route=\/wp\/v2\/types\/post"}],"author":[{"embeddable":true,"href":"https:\/\/www.maicschulte.de\/wordpress\/index.php?rest_route=\/wp\/v2\/users\/1"}],"replies":[{"embeddable":true,"href":"https:\/\/www.maicschulte.de\/wordpress\/index.php?rest_route=%2Fwp%2Fv2%2Fcomments&post=3640"}],"version-history":[{"count":6,"href":"https:\/\/www.maicschulte.de\/wordpress\/index.php?rest_route=\/wp\/v2\/posts\/3640\/revisions"}],"predecessor-version":[{"id":12340,"href":"https:\/\/www.maicschulte.de\/wordpress\/index.php?rest_route=\/wp\/v2\/posts\/3640\/revisions\/12340"}],"wp:featuredmedia":[{"embeddable":true,"href":"https:\/\/www.maicschulte.de\/wordpress\/index.php?rest_route=\/wp\/v2\/media\/3650"}],"wp:attachment":[{"href":"https:\/\/www.maicschulte.de\/wordpress\/index.php?rest_route=%2Fwp%2Fv2%2Fmedia&parent=3640"}],"wp:term":[{"taxonomy":"category","embeddable":true,"href":"https:\/\/www.maicschulte.de\/wordpress\/index.php?rest_route=%2Fwp%2Fv2%2Fcategories&post=3640"},{"taxonomy":"post_tag","embeddable":true,"href":"https:\/\/www.maicschulte.de\/wordpress\/index.php?rest_route=%2Fwp%2Fv2%2Ftags&post=3640"}],"curies":[{"name":"wp","href":"https:\/\/api.w.org\/{rel}","templated":true}]}}