{"id":379,"date":"2011-02-24T00:41:06","date_gmt":"2011-02-23T23:41:06","guid":{"rendered":"https:\/\/www.maicschulte.de\/?p=379"},"modified":"2021-01-17T20:08:05","modified_gmt":"2021-01-17T19:08:05","slug":"zeche-sterkrade","status":"publish","type":"post","link":"https:\/\/www.maicschulte.de\/wordpress\/?p=379","title":{"rendered":"Zeche Sterkrade"},"content":{"rendered":"\n<div class=\"wp-block-image\"><figure class=\"aligncenter\"><a href=\"https:\/\/www.maicschulte.de\/wordpress\/wp-content\/uploads\/2011\/02\/Zerfall.jpg\" data-rel=\"lightbox-gallery-0\" data-rl_title data-rl_caption title><img loading=\"lazy\" decoding=\"async\" width=\"557\" height=\"836\" src=\"https:\/\/www.maicschulte.de\/wordpress\/wp-content\/uploads\/2011\/02\/Zerfall.jpg\" alt class=\"wp-image-378\" srcset=\"https:\/\/www.maicschulte.de\/wordpress\/wp-content\/uploads\/2011\/02\/Zerfall.jpg 557w, https:\/\/www.maicschulte.de\/wordpress\/wp-content\/uploads\/2011\/02\/Zerfall-200x300.jpg 200w, https:\/\/www.maicschulte.de\/wordpress\/wp-content\/uploads\/2011\/02\/Zerfall-350x525.jpg 350w, https:\/\/www.maicschulte.de\/wordpress\/wp-content\/uploads\/2011\/02\/Zerfall-250x375.jpg 250w\" sizes=\"auto, (max-width: 557px) 100vw, 557px\"><\/a><\/figure><\/div>\n\n\n\n<p>Nach langer Zeit gibt es auch mal wieder eine Indus\u00adtrie-Repor\u00adta\u00adge in diesem Blog.<\/p>\n\n\n\n<p>Dies\u00admal hat mich mein Weg zur Zeche Ster\u00adk\u00adra\u00adde in Ober\u00adhau\u00adsen gef\u00fchrt.<\/p>\n\n\n\n<p>Diese Schacht\u00adan\u00adla\u00adge ist urspr\u00fcng\u00adlich nur als Wet\u00adter\u00adschacht f\u00fcr die dama\u00adli\u00adge Zeche Ober\u00adhau\u00adsen gedacht gewe\u00adsen, sp\u00e4\u00adte\u00adre Lager\u00adst\u00e4t\u00adten\u00adauf\u00adschl\u00fcs\u00adse erga\u00adben dann aber, dass ein Abbau auch an dieser Stelle wirt\u00adschaft\u00adlich sinn\u00advoll sei. Mit diesem wurde dann auch schon 1903 begon\u00adnen, ver\u00adbun\u00adden mit der Umbe\u00adnen\u00adnung in Zeche Ster\u00adk\u00adra\u00adde, Schacht 1.<\/p>\n\n\n\n<p>Als diese Zeche noch in Betrieb gewe\u00adsen ist, gab es par\u00adal\u00adlel zu Schacht 1 auch noch einen wei\u00adte\u00adren Schacht, der die Auf\u00adga\u00adben Seil\u00adfahrt und Wet\u00adter\u00adf\u00fch\u00adrung zu \u00fcber\u00adneh\u00admen hatte. Leider ist heute von diesem Schacht bzw. Ger\u00fcst nichts mehr erhal\u00adten. Schacht 1 steht aber unter Denk\u00admal\u00adschutz und ist im Besitz der Stif\u00adtung Indus\u00adtrie\u00addenk\u00admal\u00adpfle\u00adge und Geschichts\u00adkul\u00adtur. Dieses Bau\u00adwerk bleibt uns also als Zeit\u00adzeu\u00adge des Stein\u00adkoh\u00adle\u00adab\u00adbaus im Ruhr\u00adge\u00adbiet erhalten.<\/p>\n\n\n\n<!--more-->\n\n\n\n<p>Bei diesem Schacht\u00adge\u00adr\u00fcst han\u00addelt es sich \u00fcbri\u00adgens um eines von nur noch zwei erhal\u00adte\u00adnen vom Typ \u201cZsc\u00adhetz\u00adsche\u201d. Ein \u00e4hn\u00adlich kon\u00adstru\u00adier\u00adtes Schacht\u00adge\u00adr\u00fcst findet man auf der Zeche Caro\u00adli\u00adnen\u00adgl\u00fcck 3 in Bochum.<\/p>\n\n\n\n<p>Von der fr\u00fcher auf diesem Gel\u00e4n\u00adde gele\u00adge\u00adnen Koke\u00adrei zeugen heute auch keine Bau\u00adwer\u00adke mehr, so das dieses Schacht\u00adge\u00adr\u00fcst + Turm die letz\u00adten \u00dcber\u00adbleib\u00adsel der Zeche Ster\u00adk\u00adra\u00adde darstellen.<\/p>\n\n\n\n<p>Obwohl die j\u00e4hr\u00adli\u00adche F\u00f6r\u00adde\u00adrung zu Spit\u00adzen\u00adzei\u00adten weit \u00fcber 500.000 Tonnen Kohle betra\u00adgen hat, wurde auch diese Zeche irgend\u00adwann unwirt\u00adschaft\u00adlich. Schon sehr fr\u00fch im 20. Jahr\u00adhun\u00addert \u2014 n\u00e4m\u00adlich 1933 \u2014 wurden die Schacht\u00adan\u00adla\u00adge der Zeche Oster\u00adfeld zuge\u00adord\u00adnet, der sie bis zur Still\u00adle\u00adgung im Jahre 1996 ange\u00adh\u00f6r\u00adte. In diesem Jahr wurde die Schacht\u00adan\u00adla\u00adge von der Gute\u00adhoff\u00adnungs\u00adh\u00fct\u00adte end\u00adg\u00fcl\u00adtig stillgelegt.<\/p>\n\n\n\n<p>Mit dem Abbruch der Anla\u00adgen wurde zeit\u00adnah nach der Still\u00adle\u00adgung begon\u00adnen, so das sich sehr schnell das heu\u00adti\u00adge Bild der Anlage zeigte, die ja prak\u00adtisch nur noch aus dem Turm &amp; Ger\u00fcst \u00fcber Schacht 1 besteht.<\/p>\n\n\n\n<p>Rund um den ehe\u00adma\u00adli\u00adgen Schacht 1 befin\u00addet sich heute ein park\u00ad\u00e4hn\u00adlich ange\u00adleg\u00adtes Natur\u00adbio\u00adtop, wel\u00adches von Rad- und Wander-Wegen durch\u00adzo\u00adgen wird. Fl\u00e4\u00adchen\u00adm\u00e4\u00ad\u00dfig han\u00addelt es sich um ein eher klei\u00adnes Areal, das geschul\u00adte Foto\u00adgra\u00adfen\u00adau\u00adge findet dort aber trotz\u00addem immer wieder das ein oder andere Motiv.<\/p>\n\n\n\n<div class=\"wp-block-image\"><figure class=\"aligncenter\"><a href=\"https:\/\/www.maicschulte.de\/wordpress\/wp-content\/uploads\/2011\/02\/auf_dem_trockenen.jpg\" data-rel=\"lightbox-gallery-0\" data-rl_title data-rl_caption title><img loading=\"lazy\" decoding=\"async\" width=\"557\" height=\"824\" src=\"https:\/\/www.maicschulte.de\/wordpress\/wp-content\/uploads\/2011\/02\/auf_dem_trockenen.jpg\" alt=\"auf_dem_trockenen\" class=\"wp-image-2661\" srcset=\"https:\/\/www.maicschulte.de\/wordpress\/wp-content\/uploads\/2011\/02\/auf_dem_trockenen.jpg 557w, https:\/\/www.maicschulte.de\/wordpress\/wp-content\/uploads\/2011\/02\/auf_dem_trockenen-203x300.jpg 203w, https:\/\/www.maicschulte.de\/wordpress\/wp-content\/uploads\/2011\/02\/auf_dem_trockenen-355x525.jpg 355w, https:\/\/www.maicschulte.de\/wordpress\/wp-content\/uploads\/2011\/02\/auf_dem_trockenen-253x375.jpg 253w\" sizes=\"auto, (max-width: 557px) 100vw, 557px\"><\/a><\/figure><\/div>\n\n\n\n<div class=\"wp-block-image\"><figure class=\"aligncenter\"><a href=\"https:\/\/www.maicschulte.de\/wordpress\/wp-content\/uploads\/2011\/02\/broken_windows.jpg\" data-rel=\"lightbox-gallery-0\" data-rl_title data-rl_caption title><img loading=\"lazy\" decoding=\"async\" width=\"557\" height=\"836\" src=\"https:\/\/www.maicschulte.de\/wordpress\/wp-content\/uploads\/2011\/02\/broken_windows.jpg\" alt=\"broken_windows\" class=\"wp-image-2662\" srcset=\"https:\/\/www.maicschulte.de\/wordpress\/wp-content\/uploads\/2011\/02\/broken_windows.jpg 557w, https:\/\/www.maicschulte.de\/wordpress\/wp-content\/uploads\/2011\/02\/broken_windows-200x300.jpg 200w, https:\/\/www.maicschulte.de\/wordpress\/wp-content\/uploads\/2011\/02\/broken_windows-350x525.jpg 350w, https:\/\/www.maicschulte.de\/wordpress\/wp-content\/uploads\/2011\/02\/broken_windows-250x375.jpg 250w\" sizes=\"auto, (max-width: 557px) 100vw, 557px\"><\/a><\/figure><\/div>\n\n\n\n<div class=\"wp-block-image\"><figure class=\"aligncenter\"><a href=\"https:\/\/www.maicschulte.de\/wordpress\/wp-content\/uploads\/2011\/02\/entlang_des_weges.jpg\" data-rel=\"lightbox-gallery-0\" data-rl_title data-rl_caption title><img loading=\"lazy\" decoding=\"async\" width=\"1024\" height=\"702\" src=\"https:\/\/www.maicschulte.de\/wordpress\/wp-content\/uploads\/2011\/02\/entlang_des_weges.jpg\" alt=\"entlang_des_weges\" class=\"wp-image-2663\" srcset=\"https:\/\/www.maicschulte.de\/wordpress\/wp-content\/uploads\/2011\/02\/entlang_des_weges.jpg 1024w, https:\/\/www.maicschulte.de\/wordpress\/wp-content\/uploads\/2011\/02\/entlang_des_weges-300x206.jpg 300w, https:\/\/www.maicschulte.de\/wordpress\/wp-content\/uploads\/2011\/02\/entlang_des_weges-768x527.jpg 768w, https:\/\/www.maicschulte.de\/wordpress\/wp-content\/uploads\/2011\/02\/entlang_des_weges-766x525.jpg 766w, https:\/\/www.maicschulte.de\/wordpress\/wp-content\/uploads\/2011\/02\/entlang_des_weges-547x375.jpg 547w\" sizes=\"auto, (max-width: 1024px) 100vw, 1024px\"><\/a><\/figure><\/div>\n\n\n\n<div class=\"wp-block-image\"><figure class=\"aligncenter\"><a href=\"https:\/\/www.maicschulte.de\/wordpress\/wp-content\/uploads\/2011\/02\/graffiti_-_i.jpg\" data-rel=\"lightbox-gallery-0\" data-rl_title data-rl_caption title><img loading=\"lazy\" decoding=\"async\" width=\"1024\" height=\"703\" src=\"https:\/\/www.maicschulte.de\/wordpress\/wp-content\/uploads\/2011\/02\/graffiti_-_i.jpg\" alt=\"graffiti_-_i\" class=\"wp-image-2665\" srcset=\"https:\/\/www.maicschulte.de\/wordpress\/wp-content\/uploads\/2011\/02\/graffiti_-_i.jpg 1024w, https:\/\/www.maicschulte.de\/wordpress\/wp-content\/uploads\/2011\/02\/graffiti_-_i-300x206.jpg 300w, https:\/\/www.maicschulte.de\/wordpress\/wp-content\/uploads\/2011\/02\/graffiti_-_i-768x527.jpg 768w, https:\/\/www.maicschulte.de\/wordpress\/wp-content\/uploads\/2011\/02\/graffiti_-_i-765x525.jpg 765w, https:\/\/www.maicschulte.de\/wordpress\/wp-content\/uploads\/2011\/02\/graffiti_-_i-546x375.jpg 546w\" sizes=\"auto, (max-width: 1024px) 100vw, 1024px\"><\/a><\/figure><\/div>\n\n\n\n<div class=\"wp-block-image\"><figure class=\"aligncenter\"><a href=\"https:\/\/www.maicschulte.de\/wordpress\/wp-content\/uploads\/2011\/02\/graffiti_-_ii.jpg\" data-rel=\"lightbox-gallery-0\" data-rl_title data-rl_caption title><img loading=\"lazy\" decoding=\"async\" width=\"1024\" height=\"581\" src=\"https:\/\/www.maicschulte.de\/wordpress\/wp-content\/uploads\/2011\/02\/graffiti_-_ii.jpg\" alt=\"graffiti_-_ii\" class=\"wp-image-2666\" srcset=\"https:\/\/www.maicschulte.de\/wordpress\/wp-content\/uploads\/2011\/02\/graffiti_-_ii.jpg 1024w, https:\/\/www.maicschulte.de\/wordpress\/wp-content\/uploads\/2011\/02\/graffiti_-_ii-300x170.jpg 300w, https:\/\/www.maicschulte.de\/wordpress\/wp-content\/uploads\/2011\/02\/graffiti_-_ii-768x436.jpg 768w, https:\/\/www.maicschulte.de\/wordpress\/wp-content\/uploads\/2011\/02\/graffiti_-_ii-840x477.jpg 840w, https:\/\/www.maicschulte.de\/wordpress\/wp-content\/uploads\/2011\/02\/graffiti_-_ii-600x340.jpg 600w\" sizes=\"auto, (max-width: 1024px) 100vw, 1024px\"><\/a><\/figure><\/div>\n\n\n\n<div class=\"wp-block-image\"><figure class=\"aligncenter\"><a href=\"https:\/\/www.maicschulte.de\/wordpress\/wp-content\/uploads\/2011\/02\/natur_auf_dem_vormarsch.jpg\" data-rel=\"lightbox-gallery-0\" data-rl_title data-rl_caption title><img loading=\"lazy\" decoding=\"async\" width=\"1024\" height=\"601\" src=\"https:\/\/www.maicschulte.de\/wordpress\/wp-content\/uploads\/2011\/02\/natur_auf_dem_vormarsch.jpg\" alt=\"natur_auf_dem_vormarsch\" class=\"wp-image-2667\" srcset=\"https:\/\/www.maicschulte.de\/wordpress\/wp-content\/uploads\/2011\/02\/natur_auf_dem_vormarsch.jpg 1024w, https:\/\/www.maicschulte.de\/wordpress\/wp-content\/uploads\/2011\/02\/natur_auf_dem_vormarsch-300x176.jpg 300w, https:\/\/www.maicschulte.de\/wordpress\/wp-content\/uploads\/2011\/02\/natur_auf_dem_vormarsch-768x451.jpg 768w, https:\/\/www.maicschulte.de\/wordpress\/wp-content\/uploads\/2011\/02\/natur_auf_dem_vormarsch-840x493.jpg 840w, https:\/\/www.maicschulte.de\/wordpress\/wp-content\/uploads\/2011\/02\/natur_auf_dem_vormarsch-600x352.jpg 600w\" sizes=\"auto, (max-width: 1024px) 100vw, 1024px\"><\/a><\/figure><\/div>\n\n\n\n<div class=\"wp-block-image\"><figure class=\"aligncenter\"><a href=\"https:\/\/www.maicschulte.de\/wordpress\/wp-content\/uploads\/2011\/02\/stillgelegt.jpg\" data-rel=\"lightbox-gallery-0\" data-rl_title data-rl_caption title><img loading=\"lazy\" decoding=\"async\" width=\"557\" height=\"836\" src=\"https:\/\/www.maicschulte.de\/wordpress\/wp-content\/uploads\/2011\/02\/stillgelegt.jpg\" alt=\"stillgelegt\" class=\"wp-image-2668\" srcset=\"https:\/\/www.maicschulte.de\/wordpress\/wp-content\/uploads\/2011\/02\/stillgelegt.jpg 557w, https:\/\/www.maicschulte.de\/wordpress\/wp-content\/uploads\/2011\/02\/stillgelegt-200x300.jpg 200w, https:\/\/www.maicschulte.de\/wordpress\/wp-content\/uploads\/2011\/02\/stillgelegt-350x525.jpg 350w, https:\/\/www.maicschulte.de\/wordpress\/wp-content\/uploads\/2011\/02\/stillgelegt-250x375.jpg 250w\" sizes=\"auto, (max-width: 557px) 100vw, 557px\"><\/a><\/figure><\/div>\n\n\n\n<div class=\"wp-block-image\"><figure class=\"aligncenter\"><a href=\"https:\/\/www.maicschulte.de\/wordpress\/wp-content\/uploads\/2011\/02\/verschlossen.jpg\" data-rel=\"lightbox-gallery-0\" data-rl_title data-rl_caption title><img loading=\"lazy\" decoding=\"async\" width=\"557\" height=\"836\" src=\"https:\/\/www.maicschulte.de\/wordpress\/wp-content\/uploads\/2011\/02\/verschlossen.jpg\" alt=\"verschlossen\" class=\"wp-image-2669\" srcset=\"https:\/\/www.maicschulte.de\/wordpress\/wp-content\/uploads\/2011\/02\/verschlossen.jpg 557w, https:\/\/www.maicschulte.de\/wordpress\/wp-content\/uploads\/2011\/02\/verschlossen-200x300.jpg 200w, https:\/\/www.maicschulte.de\/wordpress\/wp-content\/uploads\/2011\/02\/verschlossen-350x525.jpg 350w, https:\/\/www.maicschulte.de\/wordpress\/wp-content\/uploads\/2011\/02\/verschlossen-250x375.jpg 250w\" sizes=\"auto, (max-width: 557px) 100vw, 557px\"><\/a><\/figure><\/div>\n\n\n\n<div class=\"wp-block-image\"><figure class=\"aligncenter\"><a href=\"https:\/\/www.maicschulte.de\/wordpress\/wp-content\/uploads\/2011\/02\/wirrwarr.jpg\" data-rel=\"lightbox-gallery-0\" data-rl_title data-rl_caption title><img loading=\"lazy\" decoding=\"async\" width=\"557\" height=\"818\" src=\"https:\/\/www.maicschulte.de\/wordpress\/wp-content\/uploads\/2011\/02\/wirrwarr.jpg\" alt=\"wirrwarr\" class=\"wp-image-2670\" srcset=\"https:\/\/www.maicschulte.de\/wordpress\/wp-content\/uploads\/2011\/02\/wirrwarr.jpg 557w, https:\/\/www.maicschulte.de\/wordpress\/wp-content\/uploads\/2011\/02\/wirrwarr-204x300.jpg 204w, https:\/\/www.maicschulte.de\/wordpress\/wp-content\/uploads\/2011\/02\/wirrwarr-357x525.jpg 357w, https:\/\/www.maicschulte.de\/wordpress\/wp-content\/uploads\/2011\/02\/wirrwarr-255x375.jpg 255w\" sizes=\"auto, (max-width: 557px) 100vw, 557px\"><\/a><\/figure><\/div>\n\n\n\n<div class=\"wp-block-image\"><figure class=\"aligncenter\"><a href=\"https:\/\/www.maicschulte.de\/wordpress\/wp-content\/uploads\/2011\/02\/zeche_sterkrade_-_illustriert.jpg\" data-rel=\"lightbox-gallery-0\" data-rl_title data-rl_caption title><img loading=\"lazy\" decoding=\"async\" width=\"1024\" height=\"702\" src=\"https:\/\/www.maicschulte.de\/wordpress\/wp-content\/uploads\/2011\/02\/zeche_sterkrade_-_illustriert.jpg\" alt=\"zeche_sterkrade_-_illustriert\" class=\"wp-image-2671\" srcset=\"https:\/\/www.maicschulte.de\/wordpress\/wp-content\/uploads\/2011\/02\/zeche_sterkrade_-_illustriert.jpg 1024w, https:\/\/www.maicschulte.de\/wordpress\/wp-content\/uploads\/2011\/02\/zeche_sterkrade_-_illustriert-300x206.jpg 300w, https:\/\/www.maicschulte.de\/wordpress\/wp-content\/uploads\/2011\/02\/zeche_sterkrade_-_illustriert-768x527.jpg 768w, https:\/\/www.maicschulte.de\/wordpress\/wp-content\/uploads\/2011\/02\/zeche_sterkrade_-_illustriert-766x525.jpg 766w, https:\/\/www.maicschulte.de\/wordpress\/wp-content\/uploads\/2011\/02\/zeche_sterkrade_-_illustriert-547x375.jpg 547w\" sizes=\"auto, (max-width: 1024px) 100vw, 1024px\"><\/a><\/figure><\/div>\n\n\n\n<div class=\"wp-block-image\"><figure class=\"aligncenter\"><a href=\"https:\/\/www.maicschulte.de\/wordpress\/wp-content\/uploads\/2011\/02\/Zerfall.jpg\" data-rel=\"lightbox-gallery-0\" data-rl_title data-rl_caption title><img loading=\"lazy\" decoding=\"async\" width=\"557\" height=\"836\" src=\"https:\/\/www.maicschulte.de\/wordpress\/wp-content\/uploads\/2011\/02\/Zerfall.jpg\" alt=\"Zerfall\" class=\"wp-image-378\" srcset=\"https:\/\/www.maicschulte.de\/wordpress\/wp-content\/uploads\/2011\/02\/Zerfall.jpg 557w, https:\/\/www.maicschulte.de\/wordpress\/wp-content\/uploads\/2011\/02\/Zerfall-200x300.jpg 200w, https:\/\/www.maicschulte.de\/wordpress\/wp-content\/uploads\/2011\/02\/Zerfall-350x525.jpg 350w, https:\/\/www.maicschulte.de\/wordpress\/wp-content\/uploads\/2011\/02\/Zerfall-250x375.jpg 250w\" sizes=\"auto, (max-width: 557px) 100vw, 557px\"><\/a><\/figure><\/div>\n","protected":false},"excerpt":{"rendered":"<p>Nach langer Zeit gibt es auch mal wieder eine Indus\u00ad\u00adtrie-Repor\u00ad\u00adta\u00ad\u00adge in diesem Blog. Dies\u00admal hat mich mein Weg zur Zeche Ster\u00adk\u00adra\u00adde in Ober\u00adhau\u00adsen gef\u00fchrt. Diese Schacht\u00adan\u00adla\u00adge ist urspr\u00fcng\u00adlich nur als Wet\u00adter\u00adschacht f\u00fcr die dama\u00adli\u00adge Zeche Ober\u00adhau\u00adsen gedacht gewe\u00adsen, sp\u00e4\u00adte\u00adre Lager\u00adst\u00e4t\u00adten\u00adauf\u00adschl\u00fcs\u00adse erga\u00adben dann aber, dass ein Abbau auch an dieser Stelle wirt\u00adschaft\u00adlich sinn\u00advoll sei. Mit diesem wurde dann auch schon 1903 begon\u00adnen, ver\u00adbun\u00adden mit der Umbe\u00adnen\u00adnung in Zeche Ster\u00adk\u00adra\u00adde, Schacht 1. Als diese Zeche noch in Betrieb gewe\u00adsen ist, gab es par\u00adal\u00adlel zu Schacht 1 auch noch einen wei\u00adte\u00adren Schacht, der die Auf\u00adga\u00adben Seil\u00adfahrt und Wet\u00adter\u00adf\u00fch\u00adrung zu \u00fcber\u00adneh\u00admen hatte. Leider ist heute von diesem Schacht bzw. Ger\u00fcst nichts mehr erhal\u00adten. Schacht 1 steht aber unter Denk\u00admal\u00adschutz und ist im Besitz der Stif\u00adtung Indus\u00adtrie\u00addenk\u00admal\u00adpfle\u00adge und Geschichts\u00adkul\u00adtur. Dieses Bau\u00adwerk bleibt uns also als Zeit\u00adzeu\u00adge des Stein\u00adkoh\u00adle\u00adab\u00adbaus im Ruhr\u00adge\u00adbiet erhalten.<\/p>\n","protected":false},"author":1,"featured_media":378,"comment_status":"open","ping_status":"open","sticky":false,"template":"","format":"standard","meta":{"wp_typography_post_enhancements_disabled":false,"footnotes":""},"categories":[1,1279],"tags":[89,144,100,22,143,142],"class_list":["post-379","post","type-post","status-publish","format-standard","has-post-thumbnail","hentry","category-artikel","category-chronologisch","tag-industrie","tag-kulturdenkmal","tag-oberhausen","tag-sw","tag-sterkrade","tag-zeche"],"yoast_head":"<!-- This site is optimized with the Yoast SEO plugin v27.5 - https:\/\/yoast.com\/product\/yoast-seo-wordpress\/ -->\n<title>Zeche Sterkrade - Maic Schulte<\/title>\n<meta name=\"description\" content=\"Zeche Sterkrade - Artikel - Maic Schulte - Fotografie - Ruhrgebiet - Industrie - Portrait - Events - Autos - Rockabilly - Kunst - Schwarzwei\u00df\" \/>\n<meta name=\"robots\" content=\"index, follow, max-snippet:-1, max-image-preview:large, max-video-preview:-1\" \/>\n<link rel=\"canonical\" href=\"https:\/\/www.maicschulte.de\/wordpress\/?p=379\" \/>\n<meta property=\"og:locale\" content=\"de_DE\" \/>\n<meta property=\"og:type\" content=\"article\" \/>\n<meta property=\"og:title\" content=\"Zeche Sterkrade - Maic Schulte\" \/>\n<meta property=\"og:description\" content=\"Zeche Sterkrade - Artikel - Maic Schulte - Fotografie - Ruhrgebiet - Industrie - Portrait - Events - Autos - Rockabilly - Kunst - Schwarzwei\u00df\" \/>\n<meta property=\"og:url\" content=\"https:\/\/www.maicschulte.de\/wordpress\/?p=379\" \/>\n<meta property=\"og:site_name\" content=\"Maic Schulte\" \/>\n<meta property=\"article:published_time\" content=\"2011-02-23T23:41:06+00:00\" \/>\n<meta property=\"article:modified_time\" content=\"2021-01-17T19:08:05+00:00\" \/>\n<meta property=\"og:image\" content=\"https:\/\/www.maicschulte.de\/wordpress\/wp-content\/uploads\/2011\/02\/Zerfall.jpg\" \/>\n\t<meta property=\"og:image:width\" content=\"557\" \/>\n\t<meta property=\"og:image:height\" content=\"836\" \/>\n\t<meta property=\"og:image:type\" content=\"image\/jpeg\" \/>\n<meta name=\"author\" content=\"Maic Schulte\" \/>\n<script type=\"application\/ld+json\" class=\"yoast-schema-graph\">{\"@context\":\"https:\\\/\\\/schema.org\",\"@graph\":[{\"@type\":\"Article\",\"@id\":\"https:\\\/\\\/www.maicschulte.de\\\/wordpress\\\/?p=379#article\",\"isPartOf\":{\"@id\":\"https:\\\/\\\/www.maicschulte.de\\\/wordpress\\\/?p=379\"},\"author\":{\"name\":\"Maic Schulte\",\"@id\":\"https:\\\/\\\/www.maicschulte.de\\\/wordpress\\\/#\\\/schema\\\/person\\\/809698f1c7b1655959515001723d716e\"},\"headline\":\"Zeche Sterkrade\",\"datePublished\":\"2011-02-23T23:41:06+00:00\",\"dateModified\":\"2021-01-17T19:08:05+00:00\",\"mainEntityOfPage\":{\"@id\":\"https:\\\/\\\/www.maicschulte.de\\\/wordpress\\\/?p=379\"},\"wordCount\":343,\"commentCount\":0,\"publisher\":{\"@id\":\"https:\\\/\\\/www.maicschulte.de\\\/wordpress\\\/#\\\/schema\\\/person\\\/809698f1c7b1655959515001723d716e\"},\"image\":{\"@id\":\"https:\\\/\\\/www.maicschulte.de\\\/wordpress\\\/?p=379#primaryimage\"},\"thumbnailUrl\":\"https:\\\/\\\/www.maicschulte.de\\\/wordpress\\\/wp-content\\\/uploads\\\/2011\\\/02\\\/Zerfall.jpg\",\"keywords\":[\"Industrie\",\"Kulturdenkmal\",\"Oberhausen\",\"S\\\/W\",\"Sterkrade\",\"Zeche\"],\"articleSection\":[\"Artikel\",\"Chronologisch\"],\"inLanguage\":\"de\",\"potentialAction\":[{\"@type\":\"CommentAction\",\"name\":\"Comment\",\"target\":[\"https:\\\/\\\/www.maicschulte.de\\\/wordpress\\\/?p=379#respond\"]}]},{\"@type\":\"WebPage\",\"@id\":\"https:\\\/\\\/www.maicschulte.de\\\/wordpress\\\/?p=379\",\"url\":\"https:\\\/\\\/www.maicschulte.de\\\/wordpress\\\/?p=379\",\"name\":\"Zeche Sterkrade - Maic Schulte\",\"isPartOf\":{\"@id\":\"https:\\\/\\\/www.maicschulte.de\\\/wordpress\\\/#website\"},\"primaryImageOfPage\":{\"@id\":\"https:\\\/\\\/www.maicschulte.de\\\/wordpress\\\/?p=379#primaryimage\"},\"image\":{\"@id\":\"https:\\\/\\\/www.maicschulte.de\\\/wordpress\\\/?p=379#primaryimage\"},\"thumbnailUrl\":\"https:\\\/\\\/www.maicschulte.de\\\/wordpress\\\/wp-content\\\/uploads\\\/2011\\\/02\\\/Zerfall.jpg\",\"datePublished\":\"2011-02-23T23:41:06+00:00\",\"dateModified\":\"2021-01-17T19:08:05+00:00\",\"description\":\"Zeche Sterkrade - Artikel - Maic Schulte - Fotografie - Ruhrgebiet - Industrie - Portrait - Events - Autos - Rockabilly - Kunst - Schwarzwei\u00df\",\"breadcrumb\":{\"@id\":\"https:\\\/\\\/www.maicschulte.de\\\/wordpress\\\/?p=379#breadcrumb\"},\"inLanguage\":\"de\",\"potentialAction\":[{\"@type\":\"ReadAction\",\"target\":[\"https:\\\/\\\/www.maicschulte.de\\\/wordpress\\\/?p=379\"]}]},{\"@type\":\"ImageObject\",\"inLanguage\":\"de\",\"@id\":\"https:\\\/\\\/www.maicschulte.de\\\/wordpress\\\/?p=379#primaryimage\",\"url\":\"https:\\\/\\\/www.maicschulte.de\\\/wordpress\\\/wp-content\\\/uploads\\\/2011\\\/02\\\/Zerfall.jpg\",\"contentUrl\":\"https:\\\/\\\/www.maicschulte.de\\\/wordpress\\\/wp-content\\\/uploads\\\/2011\\\/02\\\/Zerfall.jpg\",\"width\":557,\"height\":836},{\"@type\":\"BreadcrumbList\",\"@id\":\"https:\\\/\\\/www.maicschulte.de\\\/wordpress\\\/?p=379#breadcrumb\",\"itemListElement\":[{\"@type\":\"ListItem\",\"position\":1,\"name\":\"Startseite\",\"item\":\"https:\\\/\\\/www.maicschulte.de\\\/wordpress\"},{\"@type\":\"ListItem\",\"position\":2,\"name\":\"Zeche Sterkrade\"}]},{\"@type\":\"WebSite\",\"@id\":\"https:\\\/\\\/www.maicschulte.de\\\/wordpress\\\/#website\",\"url\":\"https:\\\/\\\/www.maicschulte.de\\\/wordpress\\\/\",\"name\":\"Maic Schulte\",\"description\":\"Fotografie aus Leidenschaft\",\"publisher\":{\"@id\":\"https:\\\/\\\/www.maicschulte.de\\\/wordpress\\\/#\\\/schema\\\/person\\\/809698f1c7b1655959515001723d716e\"},\"potentialAction\":[{\"@type\":\"SearchAction\",\"target\":{\"@type\":\"EntryPoint\",\"urlTemplate\":\"https:\\\/\\\/www.maicschulte.de\\\/wordpress\\\/?s={search_term_string}\"},\"query-input\":{\"@type\":\"PropertyValueSpecification\",\"valueRequired\":true,\"valueName\":\"search_term_string\"}}],\"inLanguage\":\"de\"},{\"@type\":[\"Person\",\"Organization\"],\"@id\":\"https:\\\/\\\/www.maicschulte.de\\\/wordpress\\\/#\\\/schema\\\/person\\\/809698f1c7b1655959515001723d716e\",\"name\":\"Maic Schulte\",\"image\":{\"@type\":\"ImageObject\",\"inLanguage\":\"de\",\"@id\":\"https:\\\/\\\/www.maicschulte.de\\\/wordpress\\\/wp-content\\\/uploads\\\/2025\\\/05\\\/Chronus_Maic_Schulte_Logo_605px-3.png\",\"url\":\"https:\\\/\\\/www.maicschulte.de\\\/wordpress\\\/wp-content\\\/uploads\\\/2025\\\/05\\\/Chronus_Maic_Schulte_Logo_605px-3.png\",\"contentUrl\":\"https:\\\/\\\/www.maicschulte.de\\\/wordpress\\\/wp-content\\\/uploads\\\/2025\\\/05\\\/Chronus_Maic_Schulte_Logo_605px-3.png\",\"width\":605,\"height\":200,\"caption\":\"Maic Schulte\"},\"logo\":{\"@id\":\"https:\\\/\\\/www.maicschulte.de\\\/wordpress\\\/wp-content\\\/uploads\\\/2025\\\/05\\\/Chronus_Maic_Schulte_Logo_605px-3.png\"},\"description\":\"Seit dem Tag, an dem mein Vater mich mit einer Kamera, einem Objektiv und zwei Illford-Schwarzwei\u00df-Filmen auf Entdeckungs-Tour geschickt hat, begleitet mich das Thema \\\"Fotografie\\\". Basierend auf WordPress, stellt diese Webseite - jetzt und in der Zukunft - eine Heimat f\u00fcr all meine Artikel und Fotos dar, welche wiederum aus allen Themenbereichen der klassischen &amp; modernen Fotografie kommen. Sei es nun die Fotografie in Schwarz-Wei\u00df; die Erkundung ehemaliger Industriegel\u00e4nde, welche f\u00fcr mich am ehesten \u201eDas Herz des Reviers\u201c widerspiegeln; ausdrucksstarke Portraits oder farbenfrohe Naturaufnahmen. Ganz egal! Es gelingt einfach jedem fotografischen Thema, meine Neugierde darauf zu erwecken. Dar\u00fcber hinaus habe ich aber auch ein ger\u00fctteltes Ma\u00df an Benzin im Blut und mag Autos &amp; Motorr\u00e4der, ganz egal ob nun neu, alt, aufgemotzt oder vollkommen original. Du siehst, die Auswahl an Artikeln &amp; Fotos ist also genauso breit gef\u00e4chert wie meine fotografischen Interessen.\",\"sameAs\":[\"https:\\\/\\\/www.maicschulte.de\"]}]}<\/script>\n<!-- \/ Yoast SEO plugin. -->","yoast_head_json":{"title":"Zeche Sterkrade - Maic Schulte","description":"Zeche Sterkrade - Artikel - Maic Schulte - Fotografie - Ruhrgebiet - Industrie - Portrait - Events - Autos - Rockabilly - Kunst - Schwarzwei\u00df","robots":{"index":"index","follow":"follow","max-snippet":"max-snippet:-1","max-image-preview":"max-image-preview:large","max-video-preview":"max-video-preview:-1"},"canonical":"https:\/\/www.maicschulte.de\/wordpress\/?p=379","og_locale":"de_DE","og_type":"article","og_title":"Zeche Sterkrade - Maic Schulte","og_description":"Zeche Sterkrade - Artikel - Maic Schulte - Fotografie - Ruhrgebiet - Industrie - Portrait - Events - Autos - Rockabilly - Kunst - Schwarzwei\u00df","og_url":"https:\/\/www.maicschulte.de\/wordpress\/?p=379","og_site_name":"Maic Schulte","article_published_time":"2011-02-23T23:41:06+00:00","article_modified_time":"2021-01-17T19:08:05+00:00","og_image":[{"width":557,"height":836,"url":"https:\/\/www.maicschulte.de\/wordpress\/wp-content\/uploads\/2011\/02\/Zerfall.jpg","type":"image\/jpeg"}],"author":"Maic Schulte","schema":{"@context":"https:\/\/schema.org","@graph":[{"@type":"Article","@id":"https:\/\/www.maicschulte.de\/wordpress\/?p=379#article","isPartOf":{"@id":"https:\/\/www.maicschulte.de\/wordpress\/?p=379"},"author":{"name":"Maic Schulte","@id":"https:\/\/www.maicschulte.de\/wordpress\/#\/schema\/person\/809698f1c7b1655959515001723d716e"},"headline":"Zeche Sterkrade","datePublished":"2011-02-23T23:41:06+00:00","dateModified":"2021-01-17T19:08:05+00:00","mainEntityOfPage":{"@id":"https:\/\/www.maicschulte.de\/wordpress\/?p=379"},"wordCount":343,"commentCount":0,"publisher":{"@id":"https:\/\/www.maicschulte.de\/wordpress\/#\/schema\/person\/809698f1c7b1655959515001723d716e"},"image":{"@id":"https:\/\/www.maicschulte.de\/wordpress\/?p=379#primaryimage"},"thumbnailUrl":"https:\/\/www.maicschulte.de\/wordpress\/wp-content\/uploads\/2011\/02\/Zerfall.jpg","keywords":["Industrie","Kulturdenkmal","Oberhausen","S\/W","Sterkrade","Zeche"],"articleSection":["Artikel","Chronologisch"],"inLanguage":"de","potentialAction":[{"@type":"CommentAction","name":"Comment","target":["https:\/\/www.maicschulte.de\/wordpress\/?p=379#respond"]}]},{"@type":"WebPage","@id":"https:\/\/www.maicschulte.de\/wordpress\/?p=379","url":"https:\/\/www.maicschulte.de\/wordpress\/?p=379","name":"Zeche Sterkrade - Maic Schulte","isPartOf":{"@id":"https:\/\/www.maicschulte.de\/wordpress\/#website"},"primaryImageOfPage":{"@id":"https:\/\/www.maicschulte.de\/wordpress\/?p=379#primaryimage"},"image":{"@id":"https:\/\/www.maicschulte.de\/wordpress\/?p=379#primaryimage"},"thumbnailUrl":"https:\/\/www.maicschulte.de\/wordpress\/wp-content\/uploads\/2011\/02\/Zerfall.jpg","datePublished":"2011-02-23T23:41:06+00:00","dateModified":"2021-01-17T19:08:05+00:00","description":"Zeche Sterkrade - Artikel - Maic Schulte - Fotografie - Ruhrgebiet - Industrie - Portrait - Events - Autos - Rockabilly - Kunst - Schwarzwei\u00df","breadcrumb":{"@id":"https:\/\/www.maicschulte.de\/wordpress\/?p=379#breadcrumb"},"inLanguage":"de","potentialAction":[{"@type":"ReadAction","target":["https:\/\/www.maicschulte.de\/wordpress\/?p=379"]}]},{"@type":"ImageObject","inLanguage":"de","@id":"https:\/\/www.maicschulte.de\/wordpress\/?p=379#primaryimage","url":"https:\/\/www.maicschulte.de\/wordpress\/wp-content\/uploads\/2011\/02\/Zerfall.jpg","contentUrl":"https:\/\/www.maicschulte.de\/wordpress\/wp-content\/uploads\/2011\/02\/Zerfall.jpg","width":557,"height":836},{"@type":"BreadcrumbList","@id":"https:\/\/www.maicschulte.de\/wordpress\/?p=379#breadcrumb","itemListElement":[{"@type":"ListItem","position":1,"name":"Startseite","item":"https:\/\/www.maicschulte.de\/wordpress"},{"@type":"ListItem","position":2,"name":"Zeche Sterkrade"}]},{"@type":"WebSite","@id":"https:\/\/www.maicschulte.de\/wordpress\/#website","url":"https:\/\/www.maicschulte.de\/wordpress\/","name":"Maic Schulte","description":"Fotografie aus Leidenschaft","publisher":{"@id":"https:\/\/www.maicschulte.de\/wordpress\/#\/schema\/person\/809698f1c7b1655959515001723d716e"},"potentialAction":[{"@type":"SearchAction","target":{"@type":"EntryPoint","urlTemplate":"https:\/\/www.maicschulte.de\/wordpress\/?s={search_term_string}"},"query-input":{"@type":"PropertyValueSpecification","valueRequired":true,"valueName":"search_term_string"}}],"inLanguage":"de"},{"@type":["Person","Organization"],"@id":"https:\/\/www.maicschulte.de\/wordpress\/#\/schema\/person\/809698f1c7b1655959515001723d716e","name":"Maic Schulte","image":{"@type":"ImageObject","inLanguage":"de","@id":"https:\/\/www.maicschulte.de\/wordpress\/wp-content\/uploads\/2025\/05\/Chronus_Maic_Schulte_Logo_605px-3.png","url":"https:\/\/www.maicschulte.de\/wordpress\/wp-content\/uploads\/2025\/05\/Chronus_Maic_Schulte_Logo_605px-3.png","contentUrl":"https:\/\/www.maicschulte.de\/wordpress\/wp-content\/uploads\/2025\/05\/Chronus_Maic_Schulte_Logo_605px-3.png","width":605,"height":200,"caption":"Maic Schulte"},"logo":{"@id":"https:\/\/www.maicschulte.de\/wordpress\/wp-content\/uploads\/2025\/05\/Chronus_Maic_Schulte_Logo_605px-3.png"},"description":"Seit dem Tag, an dem mein Vater mich mit einer Kamera, einem Objektiv und zwei Illford-Schwarzwei\u00df-Filmen auf Entdeckungs-Tour geschickt hat, begleitet mich das Thema \"Fotografie\". Basierend auf WordPress, stellt diese Webseite - jetzt und in der Zukunft - eine Heimat f\u00fcr all meine Artikel und Fotos dar, welche wiederum aus allen Themenbereichen der klassischen &amp; modernen Fotografie kommen. Sei es nun die Fotografie in Schwarz-Wei\u00df; die Erkundung ehemaliger Industriegel\u00e4nde, welche f\u00fcr mich am ehesten \u201eDas Herz des Reviers\u201c widerspiegeln; ausdrucksstarke Portraits oder farbenfrohe Naturaufnahmen. Ganz egal! Es gelingt einfach jedem fotografischen Thema, meine Neugierde darauf zu erwecken. Dar\u00fcber hinaus habe ich aber auch ein ger\u00fctteltes Ma\u00df an Benzin im Blut und mag Autos &amp; Motorr\u00e4der, ganz egal ob nun neu, alt, aufgemotzt oder vollkommen original. Du siehst, die Auswahl an Artikeln &amp; Fotos ist also genauso breit gef\u00e4chert wie meine fotografischen Interessen.","sameAs":["https:\/\/www.maicschulte.de"]}]}},"_links":{"self":[{"href":"https:\/\/www.maicschulte.de\/wordpress\/index.php?rest_route=\/wp\/v2\/posts\/379","targetHints":{"allow":["GET"]}}],"collection":[{"href":"https:\/\/www.maicschulte.de\/wordpress\/index.php?rest_route=\/wp\/v2\/posts"}],"about":[{"href":"https:\/\/www.maicschulte.de\/wordpress\/index.php?rest_route=\/wp\/v2\/types\/post"}],"author":[{"embeddable":true,"href":"https:\/\/www.maicschulte.de\/wordpress\/index.php?rest_route=\/wp\/v2\/users\/1"}],"replies":[{"embeddable":true,"href":"https:\/\/www.maicschulte.de\/wordpress\/index.php?rest_route=%2Fwp%2Fv2%2Fcomments&post=379"}],"version-history":[{"count":5,"href":"https:\/\/www.maicschulte.de\/wordpress\/index.php?rest_route=\/wp\/v2\/posts\/379\/revisions"}],"predecessor-version":[{"id":11837,"href":"https:\/\/www.maicschulte.de\/wordpress\/index.php?rest_route=\/wp\/v2\/posts\/379\/revisions\/11837"}],"wp:featuredmedia":[{"embeddable":true,"href":"https:\/\/www.maicschulte.de\/wordpress\/index.php?rest_route=\/wp\/v2\/media\/378"}],"wp:attachment":[{"href":"https:\/\/www.maicschulte.de\/wordpress\/index.php?rest_route=%2Fwp%2Fv2%2Fmedia&parent=379"}],"wp:term":[{"taxonomy":"category","embeddable":true,"href":"https:\/\/www.maicschulte.de\/wordpress\/index.php?rest_route=%2Fwp%2Fv2%2Fcategories&post=379"},{"taxonomy":"post_tag","embeddable":true,"href":"https:\/\/www.maicschulte.de\/wordpress\/index.php?rest_route=%2Fwp%2Fv2%2Ftags&post=379"}],"curies":[{"name":"wp","href":"https:\/\/api.w.org\/{rel}","templated":true}]}}