{"id":396,"date":"2011-04-11T23:07:23","date_gmt":"2011-04-11T22:07:23","guid":{"rendered":"https:\/\/www.maicschulte.de\/?p=396"},"modified":"2021-01-17T20:07:13","modified_gmt":"2021-01-17T19:07:13","slug":"der-punk-paparazzi-schlagt-erneut-zu","status":"publish","type":"post","link":"https:\/\/www.maicschulte.de\/wordpress\/?p=396","title":{"rendered":"Der Punk-Paparazzi schl\u00e4gt erneut zu"},"content":{"rendered":"\n<div class=\"wp-block-image\"><figure class=\"aligncenter\"><a href=\"https:\/\/www.maicschulte.de\/wordpress\/wp-content\/uploads\/2011\/04\/uk_subs.jpg\" data-rel=\"lightbox-gallery-0\" data-rl_title data-rl_caption title><img loading=\"lazy\" decoding=\"async\" width=\"900\" height=\"632\" src=\"https:\/\/www.maicschulte.de\/wordpress\/wp-content\/uploads\/2011\/04\/uk_subs.jpg\" alt class=\"wp-image-410\" srcset=\"https:\/\/www.maicschulte.de\/wordpress\/wp-content\/uploads\/2011\/04\/uk_subs.jpg 900w, https:\/\/www.maicschulte.de\/wordpress\/wp-content\/uploads\/2011\/04\/uk_subs-300x211.jpg 300w, https:\/\/www.maicschulte.de\/wordpress\/wp-content\/uploads\/2011\/04\/uk_subs-768x539.jpg 768w, https:\/\/www.maicschulte.de\/wordpress\/wp-content\/uploads\/2011\/04\/uk_subs-748x525.jpg 748w, https:\/\/www.maicschulte.de\/wordpress\/wp-content\/uploads\/2011\/04\/uk_subs-534x375.jpg 534w\" sizes=\"auto, (max-width: 900px) 100vw, 900px\"><\/a><\/figure><\/div>\n\n\n\n<p>Es ist noch gar nicht so lange her, da habe ich hier in diesem Blog den \u201cPunk-Papa\u00adraz\u00adzi\u201d Thomas Hass\u00adler aus \u00d6ster\u00adreich vorgestellt.<\/p>\n\n\n\n<p>Nun \u2014 keine drei Monate sp\u00e4ter \u2014 holt er zu einem erneu\u00adten Rund\u00adum\u00adschlag aus.<\/p>\n\n\n\n<p>Fol\u00adgen\u00adder Pres\u00adse\u00adtext erreich\u00adte mich gerade per E\u2011Mail:<\/p>\n\n\n\n<p>\u201c\u2026seit heute sind Kon\u00adzert\u00adfo\u00adtos von genau 300 ver\u00adschie\u00adde\u00adnen Bands online. Ins\u00adge\u00adsamt han\u00addelt es sich dabei um knapp 5000 Fotos von Bands wie der Hard\u00adcore-Gruppe <em>108<\/em>, den momen\u00adtan erfolg\u00adrei\u00adchen <em>Mast\u00ado\u00addon<\/em> bis hin zu den \u00f6ster\u00adrei\u00adchi\u00adschen <em>Zom\u00adbie\u00adfied<\/em>. Das Archiv wird lau\u00adfend mit neuen Fotos erg\u00e4nzt\u2026\u201d<\/p>\n\n\n\n<p>Ich kann also an dieser Stelle nur drin\u00adgend einen erneu\u00adten Besuch von <a href=\"http:\/\/www.xnay.at\" target=\"_blank\" rel=\"noopener noreferrer\">www.xnay.at<\/a> empfehlen!<\/p>\n\n\n\n<p><span style=\"font-size: x-small;\">(\u00a9 Photo \u201cUK Subs\u201d by Thomas Hass\u00adler \/ xnay.at)<\/span><\/p>\n","protected":false},"excerpt":{"rendered":"<p>Es ist noch gar nicht so lange her, da habe ich hier in diesem Blog den \u201cPunk-Papa\u00adra\u00adz\u00ad\u00adzi\u201d Thomas Hass\u00adler aus \u00d6ster\u00adreich vor\u00adge\u00adstellt. Nun \u2014 keine drei Monate sp\u00e4ter \u2014 holt er zu einem erneu\u00adten Rund\u00adum\u00adschlag aus. Fol\u00adgen\u00adder Pres\u00adse\u00adtext erreich\u00adte mich gerade per E\u2011Mail: \u201c\u2026seit heute sind Kon\u00adzert\u00adfo\u00adtos von genau 300 ver\u00adschie\u00adde\u00adnen Bands online. Ins\u00adge\u00adsamt han\u00addelt es sich dabei um knapp 5000 Fotos von Bands wie der Har\u00add\u00ad\u00adco\u00adre-Gruppe 108, den momen\u00adtan erfolg\u00adrei\u00adchen Mast\u00ado\u00addon bis hin zu den \u00f6ster\u00adrei\u00adchi\u00adschen Zom\u00adbie\u00adfied. Das Archiv wird lau\u00adfend mit neuen Fotos erg\u00e4nzt\u2026\u201d Ich kann also an dieser Stelle nur drin\u00adgend einen erneu\u00adten Besuch von www.xnay.at emp\u00adfeh\u00adlen! (\u00a9 Photo \u201cUK Subs\u201d by Thomas Hass\u00adler \/ xnay.at)<\/p>\n","protected":false},"author":1,"featured_media":410,"comment_status":"open","ping_status":"open","sticky":false,"template":"","format":"standard","meta":{"wp_typography_post_enhancements_disabled":false,"footnotes":""},"categories":[1279,500,3],"tags":[138,139,136,137,95,135,96,93],"class_list":["post-396","post","type-post","status-publish","format-standard","has-post-thumbnail","hentry","category-chronologisch","category-musikalisch","category-vorstellung","tag-bands","tag-fotografie","tag-konzert","tag-live","tag-musik","tag-paparazzi","tag-punk","tag-xnay"],"yoast_head":"<!-- This site is optimized with the Yoast SEO plugin v27.5 - https:\/\/yoast.com\/product\/yoast-seo-wordpress\/ -->\n<title>Der Punk-Paparazzi schl\u00e4gt erneut zu - Maic Schulte<\/title>\n<meta name=\"description\" content=\"Der Punk-Paparazzi schl\u00e4gt erneut zu - Musikalisch - Maic Schulte - Fotografie - Ruhrgebiet - Industrie - Portrait - Events - Autos - Rockabilly - Kunst - Schwarzwei\u00df\" \/>\n<meta name=\"robots\" content=\"index, follow, max-snippet:-1, max-image-preview:large, max-video-preview:-1\" \/>\n<link rel=\"canonical\" href=\"https:\/\/www.maicschulte.de\/wordpress\/?p=396\" \/>\n<meta property=\"og:locale\" content=\"de_DE\" \/>\n<meta property=\"og:type\" content=\"article\" \/>\n<meta property=\"og:title\" content=\"Der Punk-Paparazzi schl\u00e4gt erneut zu - Maic Schulte\" \/>\n<meta property=\"og:description\" content=\"Der Punk-Paparazzi schl\u00e4gt erneut zu - Musikalisch - Maic Schulte - Fotografie - Ruhrgebiet - Industrie - Portrait - Events - Autos - Rockabilly - Kunst - Schwarzwei\u00df\" \/>\n<meta property=\"og:url\" content=\"https:\/\/www.maicschulte.de\/wordpress\/?p=396\" \/>\n<meta property=\"og:site_name\" content=\"Maic Schulte\" \/>\n<meta property=\"article:published_time\" content=\"2011-04-11T22:07:23+00:00\" \/>\n<meta property=\"article:modified_time\" content=\"2021-01-17T19:07:13+00:00\" \/>\n<meta property=\"og:image\" content=\"https:\/\/www.maicschulte.de\/wordpress\/wp-content\/uploads\/2011\/04\/uk_subs.jpg\" \/>\n\t<meta property=\"og:image:width\" content=\"900\" \/>\n\t<meta property=\"og:image:height\" content=\"632\" \/>\n\t<meta property=\"og:image:type\" content=\"image\/jpeg\" \/>\n<meta name=\"author\" content=\"Maic Schulte\" \/>\n<script type=\"application\/ld+json\" class=\"yoast-schema-graph\">{\"@context\":\"https:\\\/\\\/schema.org\",\"@graph\":[{\"@type\":\"Article\",\"@id\":\"https:\\\/\\\/www.maicschulte.de\\\/wordpress\\\/?p=396#article\",\"isPartOf\":{\"@id\":\"https:\\\/\\\/www.maicschulte.de\\\/wordpress\\\/?p=396\"},\"author\":{\"name\":\"Maic Schulte\",\"@id\":\"https:\\\/\\\/www.maicschulte.de\\\/wordpress\\\/#\\\/schema\\\/person\\\/809698f1c7b1655959515001723d716e\"},\"headline\":\"Der Punk-Paparazzi schl\u00e4gt erneut zu\",\"datePublished\":\"2011-04-11T22:07:23+00:00\",\"dateModified\":\"2021-01-17T19:07:13+00:00\",\"mainEntityOfPage\":{\"@id\":\"https:\\\/\\\/www.maicschulte.de\\\/wordpress\\\/?p=396\"},\"wordCount\":115,\"commentCount\":0,\"publisher\":{\"@id\":\"https:\\\/\\\/www.maicschulte.de\\\/wordpress\\\/#\\\/schema\\\/person\\\/809698f1c7b1655959515001723d716e\"},\"image\":{\"@id\":\"https:\\\/\\\/www.maicschulte.de\\\/wordpress\\\/?p=396#primaryimage\"},\"thumbnailUrl\":\"https:\\\/\\\/www.maicschulte.de\\\/wordpress\\\/wp-content\\\/uploads\\\/2011\\\/04\\\/uk_subs.jpg\",\"keywords\":[\"Bands\",\"Fotografie\",\"Konzert\",\"Live\",\"Musik\",\"Paparazzi\",\"Punk\",\"xnay\"],\"articleSection\":[\"Chronologisch\",\"Musikalisch\",\"Vorstellungen\"],\"inLanguage\":\"de\",\"potentialAction\":[{\"@type\":\"CommentAction\",\"name\":\"Comment\",\"target\":[\"https:\\\/\\\/www.maicschulte.de\\\/wordpress\\\/?p=396#respond\"]}]},{\"@type\":\"WebPage\",\"@id\":\"https:\\\/\\\/www.maicschulte.de\\\/wordpress\\\/?p=396\",\"url\":\"https:\\\/\\\/www.maicschulte.de\\\/wordpress\\\/?p=396\",\"name\":\"Der Punk-Paparazzi schl\u00e4gt erneut zu - Maic Schulte\",\"isPartOf\":{\"@id\":\"https:\\\/\\\/www.maicschulte.de\\\/wordpress\\\/#website\"},\"primaryImageOfPage\":{\"@id\":\"https:\\\/\\\/www.maicschulte.de\\\/wordpress\\\/?p=396#primaryimage\"},\"image\":{\"@id\":\"https:\\\/\\\/www.maicschulte.de\\\/wordpress\\\/?p=396#primaryimage\"},\"thumbnailUrl\":\"https:\\\/\\\/www.maicschulte.de\\\/wordpress\\\/wp-content\\\/uploads\\\/2011\\\/04\\\/uk_subs.jpg\",\"datePublished\":\"2011-04-11T22:07:23+00:00\",\"dateModified\":\"2021-01-17T19:07:13+00:00\",\"description\":\"Der Punk-Paparazzi schl\u00e4gt erneut zu - Musikalisch - Maic Schulte - Fotografie - Ruhrgebiet - Industrie - Portrait - Events - Autos - Rockabilly - Kunst - Schwarzwei\u00df\",\"breadcrumb\":{\"@id\":\"https:\\\/\\\/www.maicschulte.de\\\/wordpress\\\/?p=396#breadcrumb\"},\"inLanguage\":\"de\",\"potentialAction\":[{\"@type\":\"ReadAction\",\"target\":[\"https:\\\/\\\/www.maicschulte.de\\\/wordpress\\\/?p=396\"]}]},{\"@type\":\"ImageObject\",\"inLanguage\":\"de\",\"@id\":\"https:\\\/\\\/www.maicschulte.de\\\/wordpress\\\/?p=396#primaryimage\",\"url\":\"https:\\\/\\\/www.maicschulte.de\\\/wordpress\\\/wp-content\\\/uploads\\\/2011\\\/04\\\/uk_subs.jpg\",\"contentUrl\":\"https:\\\/\\\/www.maicschulte.de\\\/wordpress\\\/wp-content\\\/uploads\\\/2011\\\/04\\\/uk_subs.jpg\",\"width\":900,\"height\":632},{\"@type\":\"BreadcrumbList\",\"@id\":\"https:\\\/\\\/www.maicschulte.de\\\/wordpress\\\/?p=396#breadcrumb\",\"itemListElement\":[{\"@type\":\"ListItem\",\"position\":1,\"name\":\"Startseite\",\"item\":\"https:\\\/\\\/www.maicschulte.de\\\/wordpress\"},{\"@type\":\"ListItem\",\"position\":2,\"name\":\"Der Punk-Paparazzi schl\u00e4gt erneut zu\"}]},{\"@type\":\"WebSite\",\"@id\":\"https:\\\/\\\/www.maicschulte.de\\\/wordpress\\\/#website\",\"url\":\"https:\\\/\\\/www.maicschulte.de\\\/wordpress\\\/\",\"name\":\"Maic Schulte\",\"description\":\"Fotografie aus Leidenschaft\",\"publisher\":{\"@id\":\"https:\\\/\\\/www.maicschulte.de\\\/wordpress\\\/#\\\/schema\\\/person\\\/809698f1c7b1655959515001723d716e\"},\"potentialAction\":[{\"@type\":\"SearchAction\",\"target\":{\"@type\":\"EntryPoint\",\"urlTemplate\":\"https:\\\/\\\/www.maicschulte.de\\\/wordpress\\\/?s={search_term_string}\"},\"query-input\":{\"@type\":\"PropertyValueSpecification\",\"valueRequired\":true,\"valueName\":\"search_term_string\"}}],\"inLanguage\":\"de\"},{\"@type\":[\"Person\",\"Organization\"],\"@id\":\"https:\\\/\\\/www.maicschulte.de\\\/wordpress\\\/#\\\/schema\\\/person\\\/809698f1c7b1655959515001723d716e\",\"name\":\"Maic Schulte\",\"image\":{\"@type\":\"ImageObject\",\"inLanguage\":\"de\",\"@id\":\"https:\\\/\\\/www.maicschulte.de\\\/wordpress\\\/wp-content\\\/uploads\\\/2025\\\/05\\\/Chronus_Maic_Schulte_Logo_605px-3.png\",\"url\":\"https:\\\/\\\/www.maicschulte.de\\\/wordpress\\\/wp-content\\\/uploads\\\/2025\\\/05\\\/Chronus_Maic_Schulte_Logo_605px-3.png\",\"contentUrl\":\"https:\\\/\\\/www.maicschulte.de\\\/wordpress\\\/wp-content\\\/uploads\\\/2025\\\/05\\\/Chronus_Maic_Schulte_Logo_605px-3.png\",\"width\":605,\"height\":200,\"caption\":\"Maic Schulte\"},\"logo\":{\"@id\":\"https:\\\/\\\/www.maicschulte.de\\\/wordpress\\\/wp-content\\\/uploads\\\/2025\\\/05\\\/Chronus_Maic_Schulte_Logo_605px-3.png\"},\"description\":\"Seit dem Tag, an dem mein Vater mich mit einer Kamera, einem Objektiv und zwei Illford-Schwarzwei\u00df-Filmen auf Entdeckungs-Tour geschickt hat, begleitet mich das Thema \\\"Fotografie\\\". Basierend auf WordPress, stellt diese Webseite - jetzt und in der Zukunft - eine Heimat f\u00fcr all meine Artikel und Fotos dar, welche wiederum aus allen Themenbereichen der klassischen &amp; modernen Fotografie kommen. Sei es nun die Fotografie in Schwarz-Wei\u00df; die Erkundung ehemaliger Industriegel\u00e4nde, welche f\u00fcr mich am ehesten \u201eDas Herz des Reviers\u201c widerspiegeln; ausdrucksstarke Portraits oder farbenfrohe Naturaufnahmen. Ganz egal! Es gelingt einfach jedem fotografischen Thema, meine Neugierde darauf zu erwecken. Dar\u00fcber hinaus habe ich aber auch ein ger\u00fctteltes Ma\u00df an Benzin im Blut und mag Autos &amp; Motorr\u00e4der, ganz egal ob nun neu, alt, aufgemotzt oder vollkommen original. Du siehst, die Auswahl an Artikeln &amp; Fotos ist also genauso breit gef\u00e4chert wie meine fotografischen Interessen.\",\"sameAs\":[\"https:\\\/\\\/www.maicschulte.de\"]}]}<\/script>\n<!-- \/ Yoast SEO plugin. -->","yoast_head_json":{"title":"Der Punk-Paparazzi schl\u00e4gt erneut zu - Maic Schulte","description":"Der Punk-Paparazzi schl\u00e4gt erneut zu - Musikalisch - Maic Schulte - Fotografie - Ruhrgebiet - Industrie - Portrait - Events - Autos - Rockabilly - Kunst - Schwarzwei\u00df","robots":{"index":"index","follow":"follow","max-snippet":"max-snippet:-1","max-image-preview":"max-image-preview:large","max-video-preview":"max-video-preview:-1"},"canonical":"https:\/\/www.maicschulte.de\/wordpress\/?p=396","og_locale":"de_DE","og_type":"article","og_title":"Der Punk-Paparazzi schl\u00e4gt erneut zu - Maic Schulte","og_description":"Der Punk-Paparazzi schl\u00e4gt erneut zu - Musikalisch - Maic Schulte - Fotografie - Ruhrgebiet - Industrie - Portrait - Events - Autos - Rockabilly - Kunst - Schwarzwei\u00df","og_url":"https:\/\/www.maicschulte.de\/wordpress\/?p=396","og_site_name":"Maic Schulte","article_published_time":"2011-04-11T22:07:23+00:00","article_modified_time":"2021-01-17T19:07:13+00:00","og_image":[{"width":900,"height":632,"url":"https:\/\/www.maicschulte.de\/wordpress\/wp-content\/uploads\/2011\/04\/uk_subs.jpg","type":"image\/jpeg"}],"author":"Maic Schulte","schema":{"@context":"https:\/\/schema.org","@graph":[{"@type":"Article","@id":"https:\/\/www.maicschulte.de\/wordpress\/?p=396#article","isPartOf":{"@id":"https:\/\/www.maicschulte.de\/wordpress\/?p=396"},"author":{"name":"Maic Schulte","@id":"https:\/\/www.maicschulte.de\/wordpress\/#\/schema\/person\/809698f1c7b1655959515001723d716e"},"headline":"Der Punk-Paparazzi schl\u00e4gt erneut zu","datePublished":"2011-04-11T22:07:23+00:00","dateModified":"2021-01-17T19:07:13+00:00","mainEntityOfPage":{"@id":"https:\/\/www.maicschulte.de\/wordpress\/?p=396"},"wordCount":115,"commentCount":0,"publisher":{"@id":"https:\/\/www.maicschulte.de\/wordpress\/#\/schema\/person\/809698f1c7b1655959515001723d716e"},"image":{"@id":"https:\/\/www.maicschulte.de\/wordpress\/?p=396#primaryimage"},"thumbnailUrl":"https:\/\/www.maicschulte.de\/wordpress\/wp-content\/uploads\/2011\/04\/uk_subs.jpg","keywords":["Bands","Fotografie","Konzert","Live","Musik","Paparazzi","Punk","xnay"],"articleSection":["Chronologisch","Musikalisch","Vorstellungen"],"inLanguage":"de","potentialAction":[{"@type":"CommentAction","name":"Comment","target":["https:\/\/www.maicschulte.de\/wordpress\/?p=396#respond"]}]},{"@type":"WebPage","@id":"https:\/\/www.maicschulte.de\/wordpress\/?p=396","url":"https:\/\/www.maicschulte.de\/wordpress\/?p=396","name":"Der Punk-Paparazzi schl\u00e4gt erneut zu - Maic Schulte","isPartOf":{"@id":"https:\/\/www.maicschulte.de\/wordpress\/#website"},"primaryImageOfPage":{"@id":"https:\/\/www.maicschulte.de\/wordpress\/?p=396#primaryimage"},"image":{"@id":"https:\/\/www.maicschulte.de\/wordpress\/?p=396#primaryimage"},"thumbnailUrl":"https:\/\/www.maicschulte.de\/wordpress\/wp-content\/uploads\/2011\/04\/uk_subs.jpg","datePublished":"2011-04-11T22:07:23+00:00","dateModified":"2021-01-17T19:07:13+00:00","description":"Der Punk-Paparazzi schl\u00e4gt erneut zu - Musikalisch - Maic Schulte - Fotografie - Ruhrgebiet - Industrie - Portrait - Events - Autos - Rockabilly - Kunst - Schwarzwei\u00df","breadcrumb":{"@id":"https:\/\/www.maicschulte.de\/wordpress\/?p=396#breadcrumb"},"inLanguage":"de","potentialAction":[{"@type":"ReadAction","target":["https:\/\/www.maicschulte.de\/wordpress\/?p=396"]}]},{"@type":"ImageObject","inLanguage":"de","@id":"https:\/\/www.maicschulte.de\/wordpress\/?p=396#primaryimage","url":"https:\/\/www.maicschulte.de\/wordpress\/wp-content\/uploads\/2011\/04\/uk_subs.jpg","contentUrl":"https:\/\/www.maicschulte.de\/wordpress\/wp-content\/uploads\/2011\/04\/uk_subs.jpg","width":900,"height":632},{"@type":"BreadcrumbList","@id":"https:\/\/www.maicschulte.de\/wordpress\/?p=396#breadcrumb","itemListElement":[{"@type":"ListItem","position":1,"name":"Startseite","item":"https:\/\/www.maicschulte.de\/wordpress"},{"@type":"ListItem","position":2,"name":"Der Punk-Paparazzi schl\u00e4gt erneut zu"}]},{"@type":"WebSite","@id":"https:\/\/www.maicschulte.de\/wordpress\/#website","url":"https:\/\/www.maicschulte.de\/wordpress\/","name":"Maic Schulte","description":"Fotografie aus Leidenschaft","publisher":{"@id":"https:\/\/www.maicschulte.de\/wordpress\/#\/schema\/person\/809698f1c7b1655959515001723d716e"},"potentialAction":[{"@type":"SearchAction","target":{"@type":"EntryPoint","urlTemplate":"https:\/\/www.maicschulte.de\/wordpress\/?s={search_term_string}"},"query-input":{"@type":"PropertyValueSpecification","valueRequired":true,"valueName":"search_term_string"}}],"inLanguage":"de"},{"@type":["Person","Organization"],"@id":"https:\/\/www.maicschulte.de\/wordpress\/#\/schema\/person\/809698f1c7b1655959515001723d716e","name":"Maic Schulte","image":{"@type":"ImageObject","inLanguage":"de","@id":"https:\/\/www.maicschulte.de\/wordpress\/wp-content\/uploads\/2025\/05\/Chronus_Maic_Schulte_Logo_605px-3.png","url":"https:\/\/www.maicschulte.de\/wordpress\/wp-content\/uploads\/2025\/05\/Chronus_Maic_Schulte_Logo_605px-3.png","contentUrl":"https:\/\/www.maicschulte.de\/wordpress\/wp-content\/uploads\/2025\/05\/Chronus_Maic_Schulte_Logo_605px-3.png","width":605,"height":200,"caption":"Maic Schulte"},"logo":{"@id":"https:\/\/www.maicschulte.de\/wordpress\/wp-content\/uploads\/2025\/05\/Chronus_Maic_Schulte_Logo_605px-3.png"},"description":"Seit dem Tag, an dem mein Vater mich mit einer Kamera, einem Objektiv und zwei Illford-Schwarzwei\u00df-Filmen auf Entdeckungs-Tour geschickt hat, begleitet mich das Thema \"Fotografie\". Basierend auf WordPress, stellt diese Webseite - jetzt und in der Zukunft - eine Heimat f\u00fcr all meine Artikel und Fotos dar, welche wiederum aus allen Themenbereichen der klassischen &amp; modernen Fotografie kommen. Sei es nun die Fotografie in Schwarz-Wei\u00df; die Erkundung ehemaliger Industriegel\u00e4nde, welche f\u00fcr mich am ehesten \u201eDas Herz des Reviers\u201c widerspiegeln; ausdrucksstarke Portraits oder farbenfrohe Naturaufnahmen. Ganz egal! Es gelingt einfach jedem fotografischen Thema, meine Neugierde darauf zu erwecken. Dar\u00fcber hinaus habe ich aber auch ein ger\u00fctteltes Ma\u00df an Benzin im Blut und mag Autos &amp; Motorr\u00e4der, ganz egal ob nun neu, alt, aufgemotzt oder vollkommen original. Du siehst, die Auswahl an Artikeln &amp; Fotos ist also genauso breit gef\u00e4chert wie meine fotografischen Interessen.","sameAs":["https:\/\/www.maicschulte.de"]}]}},"_links":{"self":[{"href":"https:\/\/www.maicschulte.de\/wordpress\/index.php?rest_route=\/wp\/v2\/posts\/396","targetHints":{"allow":["GET"]}}],"collection":[{"href":"https:\/\/www.maicschulte.de\/wordpress\/index.php?rest_route=\/wp\/v2\/posts"}],"about":[{"href":"https:\/\/www.maicschulte.de\/wordpress\/index.php?rest_route=\/wp\/v2\/types\/post"}],"author":[{"embeddable":true,"href":"https:\/\/www.maicschulte.de\/wordpress\/index.php?rest_route=\/wp\/v2\/users\/1"}],"replies":[{"embeddable":true,"href":"https:\/\/www.maicschulte.de\/wordpress\/index.php?rest_route=%2Fwp%2Fv2%2Fcomments&post=396"}],"version-history":[{"count":5,"href":"https:\/\/www.maicschulte.de\/wordpress\/index.php?rest_route=\/wp\/v2\/posts\/396\/revisions"}],"predecessor-version":[{"id":11833,"href":"https:\/\/www.maicschulte.de\/wordpress\/index.php?rest_route=\/wp\/v2\/posts\/396\/revisions\/11833"}],"wp:featuredmedia":[{"embeddable":true,"href":"https:\/\/www.maicschulte.de\/wordpress\/index.php?rest_route=\/wp\/v2\/media\/410"}],"wp:attachment":[{"href":"https:\/\/www.maicschulte.de\/wordpress\/index.php?rest_route=%2Fwp%2Fv2%2Fmedia&parent=396"}],"wp:term":[{"taxonomy":"category","embeddable":true,"href":"https:\/\/www.maicschulte.de\/wordpress\/index.php?rest_route=%2Fwp%2Fv2%2Fcategories&post=396"},{"taxonomy":"post_tag","embeddable":true,"href":"https:\/\/www.maicschulte.de\/wordpress\/index.php?rest_route=%2Fwp%2Fv2%2Ftags&post=396"}],"curies":[{"name":"wp","href":"https:\/\/api.w.org\/{rel}","templated":true}]}}