{"id":4056,"date":"2018-05-18T13:56:21","date_gmt":"2018-05-18T12:56:21","guid":{"rendered":"https:\/\/www.maicschulte.de\/?p=4056"},"modified":"2021-01-26T21:31:52","modified_gmt":"2021-01-26T20:31:52","slug":"die-4-dimension","status":"publish","type":"post","link":"https:\/\/www.maicschulte.de\/wordpress\/?p=4056","title":{"rendered":"\u201cDie 4. Dimension\u201c"},"content":{"rendered":"\n<div class=\"wp-block-image\"><figure class=\"aligncenter\"><a href=\"https:\/\/www.maicschulte.de\/wordpress\/wp-content\/uploads\/2018\/05\/Reinhold-Messner-im-Profil.jpg\" data-rel=\"lightbox-gallery-0\" data-rl_title data-rl_caption title><img loading=\"lazy\" decoding=\"async\" width=\"1248\" height=\"997\" src=\"https:\/\/www.maicschulte.de\/wordpress\/wp-content\/uploads\/2018\/05\/Reinhold-Messner-im-Profil.jpg\" alt class=\"wp-image-4061\" srcset=\"https:\/\/www.maicschulte.de\/wordpress\/wp-content\/uploads\/2018\/05\/Reinhold-Messner-im-Profil.jpg 1248w, https:\/\/www.maicschulte.de\/wordpress\/wp-content\/uploads\/2018\/05\/Reinhold-Messner-im-Profil-300x240.jpg 300w, https:\/\/www.maicschulte.de\/wordpress\/wp-content\/uploads\/2018\/05\/Reinhold-Messner-im-Profil-768x614.jpg 768w, https:\/\/www.maicschulte.de\/wordpress\/wp-content\/uploads\/2018\/05\/Reinhold-Messner-im-Profil-657x525.jpg 657w, https:\/\/www.maicschulte.de\/wordpress\/wp-content\/uploads\/2018\/05\/Reinhold-Messner-im-Profil-469x375.jpg 469w\" sizes=\"auto, (max-width: 1248px) 100vw, 1248px\"><\/a><\/figure><\/div>\n\n\n\n<p>Wenn jemand im Allein\u00adgang Acht\u00adtau\u00adsen\u00adder bestie\u00adgen und dar\u00ad\u00fcber hinaus auch noch die Ant\u00adark\u00adtis, die W\u00fcste Gobi und die Takla\u00adma\u00adkan durch\u00adquert hat, dann kann man bei dieser Person wahr\u00adlich von einer leben\u00adden Legen\u00adde spre\u00adchen. Genau solch eine \u201eLegen\u00adde\u201c war ges\u00adtern Abend im <a href=\"http:\/\/www.gasometer.de\" target=\"_blank\" rel=\"noopener noreferrer\">Gaso\u00adme\u00adter Ober\u00adhau\u00adsen<\/a> zu Gast und die Alpi\u00adnis\u00adten unter uns wissen auch schon l\u00e4ngst von wem hier die Rede ist: Rein\u00adhold Messner.<\/p>\n\n\n\n<!--more-->\n\n\n\n<p>Ein Mann wie ein Berg, 1944 in <a href=\"http:\/\/de.wikipedia.org\/wiki\/S%C3%BCdtirol\" target=\"_blank\" rel=\"noopener noreferrer\">S\u00fcd\u00adti\u00adrol<\/a> gebo\u00adren, mitt\u00adler\u00adwei\u00adle 73 Jahre alt und schein\u00adbar kein biss\u00adchen m\u00fcde. Ein\u00adfach erstaun\u00adlich, mit was f\u00fcr einem Elan uns dieser Aben\u00adteu\u00adrer und Wel\u00adten\u00adbumm\u00adler auf seinen fast zwei\u00adst\u00fcn\u00addi\u00adgen Vor\u00adtrag mit\u00adge\u00adnom\u00admen hat. Und eines kann er nun wirk\u00adlich: Erz\u00e4hlen!<\/p>\n\n\n\n<p>Es war f\u00fcr mich fas\u00adzi\u00adnie\u00adrend zu beob\u00adach\u00adten, wie er sein Publi\u00adkum mit jeder Minute mehr gefes\u00adselt hat und die auf\u00admerk\u00adsa\u00admen Zuh\u00f6\u00adrer an seinem Leben und Wissen teil\u00adha\u00adben lie\u00df. Und Rein\u00adhold Mess\u00adner ist ja nicht irgend\u00adein Berg\u00adstei\u00adger, denn immer\u00adhin hat er seit den 1970er Jahren das Berg\u00adstei\u00adgen sti\u00adlis\u00adtisch kom\u00adplett ver\u00e4ndert.<\/p>\n\n\n\n<p>Wurden Berge in der Zeit davor nur in gro\u00dfen Expe\u00addi\u00adtio\u00adnen mit viel Infra\u00adstruk\u00adtur und unter der Ver\u00adwen\u00addung von Fla\u00adschen\u00adsauer\u00adstoff bestie\u00adgen, bevor\u00adzug\u00adte er einen eher alpi\u00adnis\u00adti\u00adschen Stil ohne wochen\u00adlan\u00adgen Auf\u00adent\u00adhalt am Berg, Fix\u00adsei\u00adle und gro\u00dfe Seil\u00adschaf\u00adten. Er hat den Berg nicht \u201ebela\u00adgert\u201c, son\u00addern inner\u00adhalb k\u00fcr\u00adzes\u00adter Zeit bezwun\u00adgen. Eine Taktik, die letzt\u00adend\u00adlich auch sehr viele Vor\u00adtei\u00adle mit sich bringt: kurzer Auf\u00adent\u00adhalt in der Todes\u00adzo\u00adne (der Bereich \u00fcber 7000 H\u00f6hen\u00adme\u00adter, wel\u00adcher beim Men\u00adschen die <a href=\"http:\/\/de.wikipedia.org\/wiki\/H%C3%B6henkrankheit\" target=\"_blank\" rel=\"noopener noreferrer\">H\u00f6hen\u00adkrank\u00adheit<\/a> aus\u00adl\u00f6st), gerin\u00adger Mate\u00adri\u00adal\u00adauf\u00adwand und kleine Grup\u00adpen\u00adgr\u00f6\u00ad\u00dfen bis hin zum Alleingang.<\/p>\n\n\n\n<p>Erg\u00e4nzt wurde dieser mit\u00adrei\u00ad\u00dfen\u00adde Vor\u00adtrag durch bis dato in dieser Qua\u00adli\u00adt\u00e4t unge\u00adse\u00adhe\u00adnes Bild\u00adma\u00adte\u00adri\u00adal von den h\u00f6chs\u00adten Bergen dieser Erde. Durch die DLR am Com\u00adpu\u00adter aus unz\u00e4h\u00adli\u00adgen Satel\u00adli\u00adten\u00adfo\u00adtos gene\u00adriert und durch geschick\u00adte Nach\u00adbe\u00adar\u00adbei\u00adtung mit viel Leben ver\u00adse\u00adhen, ver\u00adsetz\u00adten einen diese Auf\u00adnah\u00admen das eine oder andere Mal regel\u00adrecht ins Stau\u00adnen. So hatte man die Berg\u00adwelt der Acht\u00adtau\u00adsen\u00adder noch nie zuvor gesehen.<\/p>\n\n\n\n<p>Das daf\u00fcr zust\u00e4n\u00addi\u00adge Ver\u00adfah\u00adren, wel\u00adches tech\u00adnisch sehr auf\u00adwen\u00addig und hoch\u00adkom\u00adplex ist, wurde im Vor\u00adfeld durch Nils Spar\u00adwas\u00adser, Abtei\u00adlungs\u00adlei\u00adter am Earth Obser\u00adva\u00adti\u00adon Center des Deut\u00adschen Zen\u00adtrums f\u00fcr Luft- und Raum\u00adfahrt (<a href=\"http:\/\/www.dlr.de\/\" target=\"_blank\" rel=\"noopener noreferrer\">DLR<\/a>), in leicht ver\u00adst\u00e4nd\u00adli\u00adchen Worten erkl\u00e4rt und somit auch f\u00fcr den Laien greif\u00adbar und anschaulich.<\/p>\n\n\n\n<p>Viele dieser Auf\u00adnah\u00admen finden sich auch in dem Buch \u201em4: Moun\u00adta\u00adins \u2013 die vierte Dimen\u00adsi\u00adon\u201c wieder, wel\u00adches im Sep\u00adtem\u00adber 2016 im Malik-Verlag erschie\u00adnen ist und f\u00fcr genau 50\u20ac beim Buch\u00adh\u00e4nd\u00adler ihres Ver\u00adtrau\u00adens erwor\u00adben werden kann.<\/p>\n\n\n\n<p>Res\u00fc\u00admie\u00adrend kann man fest\u00adhal\u00adten, dass Herr Mess\u00adner sein Publi\u00adkum mit diesem Vor\u00adtrag \u2014 und den beein\u00addru\u00adcken Bil\u00addern \u2014 den Bergen n\u00e4her\u00adge\u00adbracht, hat als jemals zuvor. Sehens\u00adwert, emp\u00adfeh\u00adlens\u00adwert, mitrei\u00dfend!<\/p>\n\n\n\n<p>Anbei noch ein paar Moment\u00adauf\u00adnah\u00admen des gest\u00adri\u00adgen Abends, welche jedoch bei Weitem nicht wie\u00adder\u00adge\u00adben k\u00f6nnen, um was f\u00fcr eine beein\u00addru\u00adcken\u00adde Per\u00ads\u00f6n\u00adlich\u00adkeit es sich bei <a href=\"http:\/\/de.wikipedia.org\/wiki\/Reinhold_Messner\" target=\"_blank\" rel=\"noopener noreferrer\">Rein\u00adhold Mess\u00adner<\/a> handelt.<\/p>\n\n\n\n<p>Bis dem\u00adn\u00e4chst ;-)<\/p>\n\n\n\n<figure class=\"wp-block-gallery columns-3 wp-block-gallery-2 is-layout-flex wp-block-gallery-is-layout-flex\"><ul class=\"blocks-gallery-grid\"><li class=\"blocks-gallery-item\"><figure><a href=\"https:\/\/www.maicschulte.de\/wordpress\/wp-content\/uploads\/2018\/05\/Sympathischer-Typ.jpg\" data-rel=\"lightbox-gallery-0\" data-rl_title data-rl_caption title><img loading=\"lazy\" decoding=\"async\" width=\"690\" height=\"860\" src=\"https:\/\/www.maicschulte.de\/wordpress\/wp-content\/uploads\/2018\/05\/Sympathischer-Typ.jpg\" alt data-id=\"4064\" data-link=\"https:\/\/www.maicschulte.de\/?attachment_id=4064\" class=\"wp-image-4064\" srcset=\"https:\/\/www.maicschulte.de\/wordpress\/wp-content\/uploads\/2018\/05\/Sympathischer-Typ.jpg 690w, https:\/\/www.maicschulte.de\/wordpress\/wp-content\/uploads\/2018\/05\/Sympathischer-Typ-241x300.jpg 241w, https:\/\/www.maicschulte.de\/wordpress\/wp-content\/uploads\/2018\/05\/Sympathischer-Typ-421x525.jpg 421w, https:\/\/www.maicschulte.de\/wordpress\/wp-content\/uploads\/2018\/05\/Sympathischer-Typ-301x375.jpg 301w\" sizes=\"auto, (max-width: 690px) 100vw, 690px\"><\/a><\/figure><\/li><li class=\"blocks-gallery-item\"><figure><a href=\"https:\/\/www.maicschulte.de\/wordpress\/wp-content\/uploads\/2018\/05\/Spannender-Vortrag.jpg\" data-rel=\"lightbox-gallery-0\" data-rl_title data-rl_caption title><img loading=\"lazy\" decoding=\"async\" width=\"1248\" height=\"893\" src=\"https:\/\/www.maicschulte.de\/wordpress\/wp-content\/uploads\/2018\/05\/Spannender-Vortrag.jpg\" alt data-id=\"4063\" data-link=\"https:\/\/www.maicschulte.de\/?attachment_id=4063\" class=\"wp-image-4063\" srcset=\"https:\/\/www.maicschulte.de\/wordpress\/wp-content\/uploads\/2018\/05\/Spannender-Vortrag.jpg 1248w, https:\/\/www.maicschulte.de\/wordpress\/wp-content\/uploads\/2018\/05\/Spannender-Vortrag-300x215.jpg 300w, https:\/\/www.maicschulte.de\/wordpress\/wp-content\/uploads\/2018\/05\/Spannender-Vortrag-768x550.jpg 768w, https:\/\/www.maicschulte.de\/wordpress\/wp-content\/uploads\/2018\/05\/Spannender-Vortrag-734x525.jpg 734w, https:\/\/www.maicschulte.de\/wordpress\/wp-content\/uploads\/2018\/05\/Spannender-Vortrag-524x375.jpg 524w\" sizes=\"auto, (max-width: 1248px) 100vw, 1248px\"><\/a><\/figure><\/li><li class=\"blocks-gallery-item\"><figure><a href=\"https:\/\/www.maicschulte.de\/wordpress\/wp-content\/uploads\/2018\/05\/Reinhold-signiert.jpg\" data-rel=\"lightbox-gallery-0\" data-rl_title data-rl_caption title><img loading=\"lazy\" decoding=\"async\" width=\"606\" height=\"860\" src=\"https:\/\/www.maicschulte.de\/wordpress\/wp-content\/uploads\/2018\/05\/Reinhold-signiert.jpg\" alt data-id=\"4062\" data-link=\"https:\/\/www.maicschulte.de\/?attachment_id=4062\" class=\"wp-image-4062\" srcset=\"https:\/\/www.maicschulte.de\/wordpress\/wp-content\/uploads\/2018\/05\/Reinhold-signiert.jpg 606w, https:\/\/www.maicschulte.de\/wordpress\/wp-content\/uploads\/2018\/05\/Reinhold-signiert-211x300.jpg 211w, https:\/\/www.maicschulte.de\/wordpress\/wp-content\/uploads\/2018\/05\/Reinhold-signiert-370x525.jpg 370w, https:\/\/www.maicschulte.de\/wordpress\/wp-content\/uploads\/2018\/05\/Reinhold-signiert-264x375.jpg 264w\" sizes=\"auto, (max-width: 606px) 100vw, 606px\"><\/a><\/figure><\/li><li class=\"blocks-gallery-item\"><figure><a href=\"https:\/\/www.maicschulte.de\/wordpress\/wp-content\/uploads\/2018\/05\/Reinhold-Messner-im-Profil.jpg\" data-rel=\"lightbox-gallery-0\" data-rl_title data-rl_caption title><img loading=\"lazy\" decoding=\"async\" width=\"1248\" height=\"997\" src=\"https:\/\/www.maicschulte.de\/wordpress\/wp-content\/uploads\/2018\/05\/Reinhold-Messner-im-Profil.jpg\" alt data-id=\"4061\" data-link=\"https:\/\/www.maicschulte.de\/?attachment_id=4061\" class=\"wp-image-4061\" srcset=\"https:\/\/www.maicschulte.de\/wordpress\/wp-content\/uploads\/2018\/05\/Reinhold-Messner-im-Profil.jpg 1248w, https:\/\/www.maicschulte.de\/wordpress\/wp-content\/uploads\/2018\/05\/Reinhold-Messner-im-Profil-300x240.jpg 300w, https:\/\/www.maicschulte.de\/wordpress\/wp-content\/uploads\/2018\/05\/Reinhold-Messner-im-Profil-768x614.jpg 768w, https:\/\/www.maicschulte.de\/wordpress\/wp-content\/uploads\/2018\/05\/Reinhold-Messner-im-Profil-657x525.jpg 657w, https:\/\/www.maicschulte.de\/wordpress\/wp-content\/uploads\/2018\/05\/Reinhold-Messner-im-Profil-469x375.jpg 469w\" sizes=\"auto, (max-width: 1248px) 100vw, 1248px\"><\/a><\/figure><\/li><li class=\"blocks-gallery-item\"><figure><a href=\"https:\/\/www.maicschulte.de\/wordpress\/wp-content\/uploads\/2018\/05\/Messner-mit-Fan.jpg\" data-rel=\"lightbox-gallery-0\" data-rl_title data-rl_caption title><img loading=\"lazy\" decoding=\"async\" width=\"990\" height=\"860\" src=\"https:\/\/www.maicschulte.de\/wordpress\/wp-content\/uploads\/2018\/05\/Messner-mit-Fan.jpg\" alt data-id=\"4060\" data-link=\"https:\/\/www.maicschulte.de\/?attachment_id=4060\" class=\"wp-image-4060\" srcset=\"https:\/\/www.maicschulte.de\/wordpress\/wp-content\/uploads\/2018\/05\/Messner-mit-Fan.jpg 990w, https:\/\/www.maicschulte.de\/wordpress\/wp-content\/uploads\/2018\/05\/Messner-mit-Fan-300x261.jpg 300w, https:\/\/www.maicschulte.de\/wordpress\/wp-content\/uploads\/2018\/05\/Messner-mit-Fan-768x667.jpg 768w, https:\/\/www.maicschulte.de\/wordpress\/wp-content\/uploads\/2018\/05\/Messner-mit-Fan-604x525.jpg 604w, https:\/\/www.maicschulte.de\/wordpress\/wp-content\/uploads\/2018\/05\/Messner-mit-Fan-432x375.jpg 432w\" sizes=\"auto, (max-width: 990px) 100vw, 990px\"><\/a><\/figure><\/li><li class=\"blocks-gallery-item\"><figure><a href=\"https:\/\/www.maicschulte.de\/wordpress\/wp-content\/uploads\/2018\/05\/Das-Publikum-fest-im-Griff.jpg\" data-rel=\"lightbox-gallery-0\" data-rl_title data-rl_caption title><img loading=\"lazy\" decoding=\"async\" width=\"636\" height=\"860\" src=\"https:\/\/www.maicschulte.de\/wordpress\/wp-content\/uploads\/2018\/05\/Das-Publikum-fest-im-Griff.jpg\" alt data-id=\"4059\" data-link=\"https:\/\/www.maicschulte.de\/?attachment_id=4059\" class=\"wp-image-4059\" srcset=\"https:\/\/www.maicschulte.de\/wordpress\/wp-content\/uploads\/2018\/05\/Das-Publikum-fest-im-Griff.jpg 636w, https:\/\/www.maicschulte.de\/wordpress\/wp-content\/uploads\/2018\/05\/Das-Publikum-fest-im-Griff-222x300.jpg 222w, https:\/\/www.maicschulte.de\/wordpress\/wp-content\/uploads\/2018\/05\/Das-Publikum-fest-im-Griff-388x525.jpg 388w, https:\/\/www.maicschulte.de\/wordpress\/wp-content\/uploads\/2018\/05\/Das-Publikum-fest-im-Griff-277x375.jpg 277w\" sizes=\"auto, (max-width: 636px) 100vw, 636px\"><\/a><\/figure><\/li><li class=\"blocks-gallery-item\"><figure><a href=\"https:\/\/www.maicschulte.de\/wordpress\/wp-content\/uploads\/2018\/05\/Autogramme-schreiben.jpg\" data-rel=\"lightbox-gallery-0\" data-rl_title data-rl_caption title><img loading=\"lazy\" decoding=\"async\" width=\"1248\" height=\"880\" src=\"https:\/\/www.maicschulte.de\/wordpress\/wp-content\/uploads\/2018\/05\/Autogramme-schreiben.jpg\" alt data-id=\"4058\" data-link=\"https:\/\/www.maicschulte.de\/?attachment_id=4058\" class=\"wp-image-4058\" srcset=\"https:\/\/www.maicschulte.de\/wordpress\/wp-content\/uploads\/2018\/05\/Autogramme-schreiben.jpg 1248w, https:\/\/www.maicschulte.de\/wordpress\/wp-content\/uploads\/2018\/05\/Autogramme-schreiben-300x212.jpg 300w, https:\/\/www.maicschulte.de\/wordpress\/wp-content\/uploads\/2018\/05\/Autogramme-schreiben-768x542.jpg 768w, https:\/\/www.maicschulte.de\/wordpress\/wp-content\/uploads\/2018\/05\/Autogramme-schreiben-745x525.jpg 745w, https:\/\/www.maicschulte.de\/wordpress\/wp-content\/uploads\/2018\/05\/Autogramme-schreiben-532x375.jpg 532w\" sizes=\"auto, (max-width: 1248px) 100vw, 1248px\"><\/a><\/figure><\/li><\/ul><\/figure>\n","protected":false},"excerpt":{"rendered":"<p>Wenn jemand im Allein\u00adgang Acht\u00adtau\u00adsen\u00adder bestie\u00adgen und dar\u00ad\u00fcber hinaus auch noch die Ant\u00adark\u00adtis, die W\u00fcste Gobi und die Takla\u00adma\u00adkan durch\u00adquert hat, dann kann man bei dieser Person wahr\u00adlich von einer leben\u00adden Legen\u00adde spre\u00adchen. Genau solch eine \u201eLegen\u00adde\u201c war ges\u00adtern Abend im Gaso\u00adme\u00adter Ober\u00adhau\u00adsen zu Gast und die Alpi\u00adnis\u00adten unter uns wissen auch schon l\u00e4ngst von wem hier die Rede ist: Rein\u00adhold Messner.<\/p>\n","protected":false},"author":1,"featured_media":4061,"comment_status":"open","ping_status":"open","sticky":false,"template":"","format":"standard","meta":{"wp_typography_post_enhancements_disabled":false,"footnotes":""},"categories":[1,1279],"tags":[619,617,615,616,614,618],"class_list":["post-4056","post","type-post","status-publish","format-standard","has-post-thumbnail","hentry","category-artikel","category-chronologisch","tag-dlr","tag-gasometer-oberhausen","tag-m4","tag-mountains-die-vierte-dimension","tag-reinhold-messner","tag-vortrag"],"yoast_head":"<!-- This site is optimized with the Yoast SEO plugin v27.5 - https:\/\/yoast.com\/product\/yoast-seo-wordpress\/ -->\n<title>&quot;Die 4. Dimension\u201c - Maic Schulte<\/title>\n<meta name=\"description\" content=\"&quot;Die 4. Dimension\u201c - Artikel - Maic Schulte - Fotografie - Ruhrgebiet - Industrie - Portrait - Events - Autos - Rockabilly - Kunst - Schwarzwei\u00df\" \/>\n<meta name=\"robots\" content=\"index, follow, max-snippet:-1, max-image-preview:large, max-video-preview:-1\" \/>\n<link rel=\"canonical\" href=\"https:\/\/www.maicschulte.de\/wordpress\/?p=4056\" \/>\n<meta property=\"og:locale\" content=\"de_DE\" \/>\n<meta property=\"og:type\" content=\"article\" \/>\n<meta property=\"og:title\" content=\"&quot;Die 4. Dimension\u201c - Maic Schulte\" \/>\n<meta property=\"og:description\" content=\"&quot;Die 4. Dimension\u201c - Artikel - Maic Schulte - Fotografie - Ruhrgebiet - Industrie - Portrait - Events - Autos - Rockabilly - Kunst - Schwarzwei\u00df\" \/>\n<meta property=\"og:url\" content=\"https:\/\/www.maicschulte.de\/wordpress\/?p=4056\" \/>\n<meta property=\"og:site_name\" content=\"Maic Schulte\" \/>\n<meta property=\"article:published_time\" content=\"2018-05-18T12:56:21+00:00\" \/>\n<meta property=\"article:modified_time\" content=\"2021-01-26T20:31:52+00:00\" \/>\n<meta property=\"og:image\" content=\"https:\/\/www.maicschulte.de\/wordpress\/wp-content\/uploads\/2018\/05\/Reinhold-Messner-im-Profil.jpg\" \/>\n\t<meta property=\"og:image:width\" content=\"1248\" \/>\n\t<meta property=\"og:image:height\" content=\"997\" \/>\n\t<meta property=\"og:image:type\" content=\"image\/jpeg\" \/>\n<meta name=\"author\" content=\"Maic Schulte\" \/>\n<script type=\"application\/ld+json\" class=\"yoast-schema-graph\">{\"@context\":\"https:\\\/\\\/schema.org\",\"@graph\":[{\"@type\":\"Article\",\"@id\":\"https:\\\/\\\/www.maicschulte.de\\\/wordpress\\\/?p=4056#article\",\"isPartOf\":{\"@id\":\"https:\\\/\\\/www.maicschulte.de\\\/wordpress\\\/?p=4056\"},\"author\":{\"name\":\"Maic Schulte\",\"@id\":\"https:\\\/\\\/www.maicschulte.de\\\/wordpress\\\/#\\\/schema\\\/person\\\/809698f1c7b1655959515001723d716e\"},\"headline\":\"\u201cDie 4. Dimension\u201c\",\"datePublished\":\"2018-05-18T12:56:21+00:00\",\"dateModified\":\"2021-01-26T20:31:52+00:00\",\"mainEntityOfPage\":{\"@id\":\"https:\\\/\\\/www.maicschulte.de\\\/wordpress\\\/?p=4056\"},\"wordCount\":467,\"commentCount\":0,\"publisher\":{\"@id\":\"https:\\\/\\\/www.maicschulte.de\\\/wordpress\\\/#\\\/schema\\\/person\\\/809698f1c7b1655959515001723d716e\"},\"image\":{\"@id\":\"https:\\\/\\\/www.maicschulte.de\\\/wordpress\\\/?p=4056#primaryimage\"},\"thumbnailUrl\":\"https:\\\/\\\/www.maicschulte.de\\\/wordpress\\\/wp-content\\\/uploads\\\/2018\\\/05\\\/Reinhold-Messner-im-Profil.jpg\",\"keywords\":[\"DLR\",\"Gasometer Oberhausen\",\"m4\",\"Mountains - die vierte Dimension\",\"Reinhold Messner\",\"Vortrag\"],\"articleSection\":[\"Artikel\",\"Chronologisch\"],\"inLanguage\":\"de\",\"potentialAction\":[{\"@type\":\"CommentAction\",\"name\":\"Comment\",\"target\":[\"https:\\\/\\\/www.maicschulte.de\\\/wordpress\\\/?p=4056#respond\"]}]},{\"@type\":\"WebPage\",\"@id\":\"https:\\\/\\\/www.maicschulte.de\\\/wordpress\\\/?p=4056\",\"url\":\"https:\\\/\\\/www.maicschulte.de\\\/wordpress\\\/?p=4056\",\"name\":\"\\\"Die 4. Dimension\u201c - Maic Schulte\",\"isPartOf\":{\"@id\":\"https:\\\/\\\/www.maicschulte.de\\\/wordpress\\\/#website\"},\"primaryImageOfPage\":{\"@id\":\"https:\\\/\\\/www.maicschulte.de\\\/wordpress\\\/?p=4056#primaryimage\"},\"image\":{\"@id\":\"https:\\\/\\\/www.maicschulte.de\\\/wordpress\\\/?p=4056#primaryimage\"},\"thumbnailUrl\":\"https:\\\/\\\/www.maicschulte.de\\\/wordpress\\\/wp-content\\\/uploads\\\/2018\\\/05\\\/Reinhold-Messner-im-Profil.jpg\",\"datePublished\":\"2018-05-18T12:56:21+00:00\",\"dateModified\":\"2021-01-26T20:31:52+00:00\",\"description\":\"\\\"Die 4. Dimension\u201c - Artikel - Maic Schulte - Fotografie - Ruhrgebiet - Industrie - Portrait - Events - Autos - Rockabilly - Kunst - Schwarzwei\u00df\",\"breadcrumb\":{\"@id\":\"https:\\\/\\\/www.maicschulte.de\\\/wordpress\\\/?p=4056#breadcrumb\"},\"inLanguage\":\"de\",\"potentialAction\":[{\"@type\":\"ReadAction\",\"target\":[\"https:\\\/\\\/www.maicschulte.de\\\/wordpress\\\/?p=4056\"]}]},{\"@type\":\"ImageObject\",\"inLanguage\":\"de\",\"@id\":\"https:\\\/\\\/www.maicschulte.de\\\/wordpress\\\/?p=4056#primaryimage\",\"url\":\"https:\\\/\\\/www.maicschulte.de\\\/wordpress\\\/wp-content\\\/uploads\\\/2018\\\/05\\\/Reinhold-Messner-im-Profil.jpg\",\"contentUrl\":\"https:\\\/\\\/www.maicschulte.de\\\/wordpress\\\/wp-content\\\/uploads\\\/2018\\\/05\\\/Reinhold-Messner-im-Profil.jpg\",\"width\":1248,\"height\":997},{\"@type\":\"BreadcrumbList\",\"@id\":\"https:\\\/\\\/www.maicschulte.de\\\/wordpress\\\/?p=4056#breadcrumb\",\"itemListElement\":[{\"@type\":\"ListItem\",\"position\":1,\"name\":\"Startseite\",\"item\":\"https:\\\/\\\/www.maicschulte.de\\\/wordpress\"},{\"@type\":\"ListItem\",\"position\":2,\"name\":\"\u201cDie 4. Dimension\u201c\"}]},{\"@type\":\"WebSite\",\"@id\":\"https:\\\/\\\/www.maicschulte.de\\\/wordpress\\\/#website\",\"url\":\"https:\\\/\\\/www.maicschulte.de\\\/wordpress\\\/\",\"name\":\"Maic Schulte\",\"description\":\"Fotografie aus Leidenschaft\",\"publisher\":{\"@id\":\"https:\\\/\\\/www.maicschulte.de\\\/wordpress\\\/#\\\/schema\\\/person\\\/809698f1c7b1655959515001723d716e\"},\"potentialAction\":[{\"@type\":\"SearchAction\",\"target\":{\"@type\":\"EntryPoint\",\"urlTemplate\":\"https:\\\/\\\/www.maicschulte.de\\\/wordpress\\\/?s={search_term_string}\"},\"query-input\":{\"@type\":\"PropertyValueSpecification\",\"valueRequired\":true,\"valueName\":\"search_term_string\"}}],\"inLanguage\":\"de\"},{\"@type\":[\"Person\",\"Organization\"],\"@id\":\"https:\\\/\\\/www.maicschulte.de\\\/wordpress\\\/#\\\/schema\\\/person\\\/809698f1c7b1655959515001723d716e\",\"name\":\"Maic Schulte\",\"image\":{\"@type\":\"ImageObject\",\"inLanguage\":\"de\",\"@id\":\"https:\\\/\\\/www.maicschulte.de\\\/wordpress\\\/wp-content\\\/uploads\\\/2025\\\/05\\\/Chronus_Maic_Schulte_Logo_605px-3.png\",\"url\":\"https:\\\/\\\/www.maicschulte.de\\\/wordpress\\\/wp-content\\\/uploads\\\/2025\\\/05\\\/Chronus_Maic_Schulte_Logo_605px-3.png\",\"contentUrl\":\"https:\\\/\\\/www.maicschulte.de\\\/wordpress\\\/wp-content\\\/uploads\\\/2025\\\/05\\\/Chronus_Maic_Schulte_Logo_605px-3.png\",\"width\":605,\"height\":200,\"caption\":\"Maic Schulte\"},\"logo\":{\"@id\":\"https:\\\/\\\/www.maicschulte.de\\\/wordpress\\\/wp-content\\\/uploads\\\/2025\\\/05\\\/Chronus_Maic_Schulte_Logo_605px-3.png\"},\"description\":\"Seit dem Tag, an dem mein Vater mich mit einer Kamera, einem Objektiv und zwei Illford-Schwarzwei\u00df-Filmen auf Entdeckungs-Tour geschickt hat, begleitet mich das Thema \\\"Fotografie\\\". Basierend auf WordPress, stellt diese Webseite - jetzt und in der Zukunft - eine Heimat f\u00fcr all meine Artikel und Fotos dar, welche wiederum aus allen Themenbereichen der klassischen &amp; modernen Fotografie kommen. Sei es nun die Fotografie in Schwarz-Wei\u00df; die Erkundung ehemaliger Industriegel\u00e4nde, welche f\u00fcr mich am ehesten \u201eDas Herz des Reviers\u201c widerspiegeln; ausdrucksstarke Portraits oder farbenfrohe Naturaufnahmen. Ganz egal! Es gelingt einfach jedem fotografischen Thema, meine Neugierde darauf zu erwecken. Dar\u00fcber hinaus habe ich aber auch ein ger\u00fctteltes Ma\u00df an Benzin im Blut und mag Autos &amp; Motorr\u00e4der, ganz egal ob nun neu, alt, aufgemotzt oder vollkommen original. Du siehst, die Auswahl an Artikeln &amp; Fotos ist also genauso breit gef\u00e4chert wie meine fotografischen Interessen.\",\"sameAs\":[\"https:\\\/\\\/www.maicschulte.de\"]}]}<\/script>\n<!-- \/ Yoast SEO plugin. -->","yoast_head_json":{"title":"\"Die 4. Dimension\u201c - Maic Schulte","description":"\"Die 4. Dimension\u201c - Artikel - Maic Schulte - Fotografie - Ruhrgebiet - Industrie - Portrait - Events - Autos - Rockabilly - Kunst - Schwarzwei\u00df","robots":{"index":"index","follow":"follow","max-snippet":"max-snippet:-1","max-image-preview":"max-image-preview:large","max-video-preview":"max-video-preview:-1"},"canonical":"https:\/\/www.maicschulte.de\/wordpress\/?p=4056","og_locale":"de_DE","og_type":"article","og_title":"\"Die 4. Dimension\u201c - Maic Schulte","og_description":"\"Die 4. Dimension\u201c - Artikel - Maic Schulte - Fotografie - Ruhrgebiet - Industrie - Portrait - Events - Autos - Rockabilly - Kunst - Schwarzwei\u00df","og_url":"https:\/\/www.maicschulte.de\/wordpress\/?p=4056","og_site_name":"Maic Schulte","article_published_time":"2018-05-18T12:56:21+00:00","article_modified_time":"2021-01-26T20:31:52+00:00","og_image":[{"width":1248,"height":997,"url":"https:\/\/www.maicschulte.de\/wordpress\/wp-content\/uploads\/2018\/05\/Reinhold-Messner-im-Profil.jpg","type":"image\/jpeg"}],"author":"Maic Schulte","schema":{"@context":"https:\/\/schema.org","@graph":[{"@type":"Article","@id":"https:\/\/www.maicschulte.de\/wordpress\/?p=4056#article","isPartOf":{"@id":"https:\/\/www.maicschulte.de\/wordpress\/?p=4056"},"author":{"name":"Maic Schulte","@id":"https:\/\/www.maicschulte.de\/wordpress\/#\/schema\/person\/809698f1c7b1655959515001723d716e"},"headline":"\u201cDie 4. Dimension\u201c","datePublished":"2018-05-18T12:56:21+00:00","dateModified":"2021-01-26T20:31:52+00:00","mainEntityOfPage":{"@id":"https:\/\/www.maicschulte.de\/wordpress\/?p=4056"},"wordCount":467,"commentCount":0,"publisher":{"@id":"https:\/\/www.maicschulte.de\/wordpress\/#\/schema\/person\/809698f1c7b1655959515001723d716e"},"image":{"@id":"https:\/\/www.maicschulte.de\/wordpress\/?p=4056#primaryimage"},"thumbnailUrl":"https:\/\/www.maicschulte.de\/wordpress\/wp-content\/uploads\/2018\/05\/Reinhold-Messner-im-Profil.jpg","keywords":["DLR","Gasometer Oberhausen","m4","Mountains - die vierte Dimension","Reinhold Messner","Vortrag"],"articleSection":["Artikel","Chronologisch"],"inLanguage":"de","potentialAction":[{"@type":"CommentAction","name":"Comment","target":["https:\/\/www.maicschulte.de\/wordpress\/?p=4056#respond"]}]},{"@type":"WebPage","@id":"https:\/\/www.maicschulte.de\/wordpress\/?p=4056","url":"https:\/\/www.maicschulte.de\/wordpress\/?p=4056","name":"\"Die 4. Dimension\u201c - Maic Schulte","isPartOf":{"@id":"https:\/\/www.maicschulte.de\/wordpress\/#website"},"primaryImageOfPage":{"@id":"https:\/\/www.maicschulte.de\/wordpress\/?p=4056#primaryimage"},"image":{"@id":"https:\/\/www.maicschulte.de\/wordpress\/?p=4056#primaryimage"},"thumbnailUrl":"https:\/\/www.maicschulte.de\/wordpress\/wp-content\/uploads\/2018\/05\/Reinhold-Messner-im-Profil.jpg","datePublished":"2018-05-18T12:56:21+00:00","dateModified":"2021-01-26T20:31:52+00:00","description":"\"Die 4. Dimension\u201c - Artikel - Maic Schulte - Fotografie - Ruhrgebiet - Industrie - Portrait - Events - Autos - Rockabilly - Kunst - Schwarzwei\u00df","breadcrumb":{"@id":"https:\/\/www.maicschulte.de\/wordpress\/?p=4056#breadcrumb"},"inLanguage":"de","potentialAction":[{"@type":"ReadAction","target":["https:\/\/www.maicschulte.de\/wordpress\/?p=4056"]}]},{"@type":"ImageObject","inLanguage":"de","@id":"https:\/\/www.maicschulte.de\/wordpress\/?p=4056#primaryimage","url":"https:\/\/www.maicschulte.de\/wordpress\/wp-content\/uploads\/2018\/05\/Reinhold-Messner-im-Profil.jpg","contentUrl":"https:\/\/www.maicschulte.de\/wordpress\/wp-content\/uploads\/2018\/05\/Reinhold-Messner-im-Profil.jpg","width":1248,"height":997},{"@type":"BreadcrumbList","@id":"https:\/\/www.maicschulte.de\/wordpress\/?p=4056#breadcrumb","itemListElement":[{"@type":"ListItem","position":1,"name":"Startseite","item":"https:\/\/www.maicschulte.de\/wordpress"},{"@type":"ListItem","position":2,"name":"\u201cDie 4. Dimension\u201c"}]},{"@type":"WebSite","@id":"https:\/\/www.maicschulte.de\/wordpress\/#website","url":"https:\/\/www.maicschulte.de\/wordpress\/","name":"Maic Schulte","description":"Fotografie aus Leidenschaft","publisher":{"@id":"https:\/\/www.maicschulte.de\/wordpress\/#\/schema\/person\/809698f1c7b1655959515001723d716e"},"potentialAction":[{"@type":"SearchAction","target":{"@type":"EntryPoint","urlTemplate":"https:\/\/www.maicschulte.de\/wordpress\/?s={search_term_string}"},"query-input":{"@type":"PropertyValueSpecification","valueRequired":true,"valueName":"search_term_string"}}],"inLanguage":"de"},{"@type":["Person","Organization"],"@id":"https:\/\/www.maicschulte.de\/wordpress\/#\/schema\/person\/809698f1c7b1655959515001723d716e","name":"Maic Schulte","image":{"@type":"ImageObject","inLanguage":"de","@id":"https:\/\/www.maicschulte.de\/wordpress\/wp-content\/uploads\/2025\/05\/Chronus_Maic_Schulte_Logo_605px-3.png","url":"https:\/\/www.maicschulte.de\/wordpress\/wp-content\/uploads\/2025\/05\/Chronus_Maic_Schulte_Logo_605px-3.png","contentUrl":"https:\/\/www.maicschulte.de\/wordpress\/wp-content\/uploads\/2025\/05\/Chronus_Maic_Schulte_Logo_605px-3.png","width":605,"height":200,"caption":"Maic Schulte"},"logo":{"@id":"https:\/\/www.maicschulte.de\/wordpress\/wp-content\/uploads\/2025\/05\/Chronus_Maic_Schulte_Logo_605px-3.png"},"description":"Seit dem Tag, an dem mein Vater mich mit einer Kamera, einem Objektiv und zwei Illford-Schwarzwei\u00df-Filmen auf Entdeckungs-Tour geschickt hat, begleitet mich das Thema \"Fotografie\". Basierend auf WordPress, stellt diese Webseite - jetzt und in der Zukunft - eine Heimat f\u00fcr all meine Artikel und Fotos dar, welche wiederum aus allen Themenbereichen der klassischen &amp; modernen Fotografie kommen. Sei es nun die Fotografie in Schwarz-Wei\u00df; die Erkundung ehemaliger Industriegel\u00e4nde, welche f\u00fcr mich am ehesten \u201eDas Herz des Reviers\u201c widerspiegeln; ausdrucksstarke Portraits oder farbenfrohe Naturaufnahmen. Ganz egal! Es gelingt einfach jedem fotografischen Thema, meine Neugierde darauf zu erwecken. Dar\u00fcber hinaus habe ich aber auch ein ger\u00fctteltes Ma\u00df an Benzin im Blut und mag Autos &amp; Motorr\u00e4der, ganz egal ob nun neu, alt, aufgemotzt oder vollkommen original. Du siehst, die Auswahl an Artikeln &amp; Fotos ist also genauso breit gef\u00e4chert wie meine fotografischen Interessen.","sameAs":["https:\/\/www.maicschulte.de"]}]}},"_links":{"self":[{"href":"https:\/\/www.maicschulte.de\/wordpress\/index.php?rest_route=\/wp\/v2\/posts\/4056","targetHints":{"allow":["GET"]}}],"collection":[{"href":"https:\/\/www.maicschulte.de\/wordpress\/index.php?rest_route=\/wp\/v2\/posts"}],"about":[{"href":"https:\/\/www.maicschulte.de\/wordpress\/index.php?rest_route=\/wp\/v2\/types\/post"}],"author":[{"embeddable":true,"href":"https:\/\/www.maicschulte.de\/wordpress\/index.php?rest_route=\/wp\/v2\/users\/1"}],"replies":[{"embeddable":true,"href":"https:\/\/www.maicschulte.de\/wordpress\/index.php?rest_route=%2Fwp%2Fv2%2Fcomments&post=4056"}],"version-history":[{"count":9,"href":"https:\/\/www.maicschulte.de\/wordpress\/index.php?rest_route=\/wp\/v2\/posts\/4056\/revisions"}],"predecessor-version":[{"id":12322,"href":"https:\/\/www.maicschulte.de\/wordpress\/index.php?rest_route=\/wp\/v2\/posts\/4056\/revisions\/12322"}],"wp:featuredmedia":[{"embeddable":true,"href":"https:\/\/www.maicschulte.de\/wordpress\/index.php?rest_route=\/wp\/v2\/media\/4061"}],"wp:attachment":[{"href":"https:\/\/www.maicschulte.de\/wordpress\/index.php?rest_route=%2Fwp%2Fv2%2Fmedia&parent=4056"}],"wp:term":[{"taxonomy":"category","embeddable":true,"href":"https:\/\/www.maicschulte.de\/wordpress\/index.php?rest_route=%2Fwp%2Fv2%2Fcategories&post=4056"},{"taxonomy":"post_tag","embeddable":true,"href":"https:\/\/www.maicschulte.de\/wordpress\/index.php?rest_route=%2Fwp%2Fv2%2Ftags&post=4056"}],"curies":[{"name":"wp","href":"https:\/\/api.w.org\/{rel}","templated":true}]}}