{"id":4075,"date":"2018-06-02T22:28:00","date_gmt":"2018-06-02T21:28:00","guid":{"rendered":"https:\/\/www.maicschulte.de\/?p=4075"},"modified":"2021-01-16T19:28:04","modified_gmt":"2021-01-16T18:28:04","slug":"alpha-omega","status":"publish","type":"post","link":"https:\/\/www.maicschulte.de\/wordpress\/?p=4075","title":{"rendered":"\u201cAlpha &amp;&nbsp;Omega\u201d"},"content":{"rendered":"\n<div class=\"wp-block-image\"><figure class=\"aligncenter\"><a href=\"https:\/\/www.maicschulte.de\/wordpress\/wp-content\/uploads\/2018\/06\/Alpha-Omega.jpg\" data-rel=\"lightbox-gallery-0\" data-rl_title data-rl_caption title><img loading=\"lazy\" decoding=\"async\" width=\"1248\" height=\"870\" src=\"https:\/\/www.maicschulte.de\/wordpress\/wp-content\/uploads\/2018\/06\/Alpha-Omega.jpg\" alt class=\"wp-image-4077\" srcset=\"https:\/\/www.maicschulte.de\/wordpress\/wp-content\/uploads\/2018\/06\/Alpha-Omega.jpg 1248w, https:\/\/www.maicschulte.de\/wordpress\/wp-content\/uploads\/2018\/06\/Alpha-Omega-300x209.jpg 300w, https:\/\/www.maicschulte.de\/wordpress\/wp-content\/uploads\/2018\/06\/Alpha-Omega-768x535.jpg 768w, https:\/\/www.maicschulte.de\/wordpress\/wp-content\/uploads\/2018\/06\/Alpha-Omega-753x525.jpg 753w, https:\/\/www.maicschulte.de\/wordpress\/wp-content\/uploads\/2018\/06\/Alpha-Omega-538x375.jpg 538w\" sizes=\"auto, (max-width: 1248px) 100vw, 1248px\"><\/a><\/figure><\/div>\n\n\n\n<p>Nir\u00adgend\u00adwo wird man sich seiner eige\u00adnen Ver\u00adg\u00e4ng\u00adlich\u00adkeit so sehr bewusst, wie bei dem Besuch einer alten Kirche. Selbst wenn man so wie ich Athe\u00adist ist und an keinen ima\u00adgi\u00adn\u00e4\u00adren Gott glaubt, kann man sich den\u00adnoch dem gewal\u00adti\u00adgen Ein\u00addruck, den diese sakra\u00adlen Bau\u00adwer\u00adke auf einen aus\u00ad\u00fcben, kaum erweh\u00adren. Zu geschichts\u00adtr\u00e4ch\u00adtig und beein\u00addru\u00adckend sind diese archi\u00adtek\u00adto\u00adni\u00adschen Meis\u00adter\u00adwer\u00adke, geschaf\u00adfen von uner\u00adm\u00fcd\u00adli\u00adchen H\u00e4nden und dem mensch\u00adli\u00adchen&nbsp;Geist.<\/p>\n\n\n\n<!--more-->\n\n\n\n<p>Beein\u00addru\u00adckend war auch der Geist des Phi\u00adlo\u00adso\u00adphen Khalil Gibran, dessen Zitat \u201cAnfang und Ende\u201d meiner Mei\u00adnung nach sehr gut zu dieser Mini-Foto\u00adstre\u00adcke&nbsp;passt:<\/p>\n\n\n\n<blockquote class=\"wp-block-quote is-layout-flow wp-block-quote-is-layout-flow\"><p>\u201cWenn du das Ende von dem erreichst,<br>\nwas du wissen solltest,<br>\nstehst du am Anfang dessen,<br>\nwas du f\u00fchlen solltest.\u201d<\/p><\/blockquote>\n\n\n\n<p>Ent\u00adstan\u00adden sind diese Auf\u00adnah\u00admen im \u00dcbri\u00adgen in der St. Vitus-Kirche in S\u00fcd\u00adlohn \/&nbsp;NRW.<\/p>\n\n\n\n<figure class=\"wp-block-gallery columns-3 is-cropped wp-block-gallery-2 is-layout-flex wp-block-gallery-is-layout-flex\"><ul class=\"blocks-gallery-grid\"><li class=\"blocks-gallery-item\"><figure><a href=\"https:\/\/www.maicschulte.de\/wordpress\/wp-content\/uploads\/2018\/06\/Orgel-in-S\u00fcdlohn.jpg\" data-rel=\"lightbox-gallery-0\" data-rl_title data-rl_caption title><img loading=\"lazy\" decoding=\"async\" width=\"1248\" height=\"836\" src=\"https:\/\/www.maicschulte.de\/wordpress\/wp-content\/uploads\/2018\/06\/Orgel-in-S\u00fcdlohn.jpg\" alt data-id=\"4082\" data-link=\"https:\/\/www.maicschulte.de\/?attachment_id=4082\" class=\"wp-image-4082\" srcset=\"https:\/\/www.maicschulte.de\/wordpress\/wp-content\/uploads\/2018\/06\/Orgel-in-S\u00fcdlohn.jpg 1248w, https:\/\/www.maicschulte.de\/wordpress\/wp-content\/uploads\/2018\/06\/Orgel-in-S\u00fcdlohn-300x201.jpg 300w, https:\/\/www.maicschulte.de\/wordpress\/wp-content\/uploads\/2018\/06\/Orgel-in-S\u00fcdlohn-768x514.jpg 768w, https:\/\/www.maicschulte.de\/wordpress\/wp-content\/uploads\/2018\/06\/Orgel-in-S\u00fcdlohn-784x525.jpg 784w, https:\/\/www.maicschulte.de\/wordpress\/wp-content\/uploads\/2018\/06\/Orgel-in-S\u00fcdlohn-120x80.jpg 120w, https:\/\/www.maicschulte.de\/wordpress\/wp-content\/uploads\/2018\/06\/Orgel-in-S\u00fcdlohn-560x375.jpg 560w\" sizes=\"auto, (max-width: 1248px) 100vw, 1248px\"><\/a><\/figure><\/li><li class=\"blocks-gallery-item\"><figure><a href=\"https:\/\/www.maicschulte.de\/wordpress\/wp-content\/uploads\/2018\/06\/Kerzen-zur-Erinnerung.jpg\" data-rel=\"lightbox-gallery-0\" data-rl_title data-rl_caption title><img loading=\"lazy\" decoding=\"async\" width=\"1248\" height=\"745\" src=\"https:\/\/www.maicschulte.de\/wordpress\/wp-content\/uploads\/2018\/06\/Kerzen-zur-Erinnerung.jpg\" alt data-id=\"4081\" data-link=\"https:\/\/www.maicschulte.de\/?attachment_id=4081\" class=\"wp-image-4081\" srcset=\"https:\/\/www.maicschulte.de\/wordpress\/wp-content\/uploads\/2018\/06\/Kerzen-zur-Erinnerung.jpg 1248w, https:\/\/www.maicschulte.de\/wordpress\/wp-content\/uploads\/2018\/06\/Kerzen-zur-Erinnerung-300x179.jpg 300w, https:\/\/www.maicschulte.de\/wordpress\/wp-content\/uploads\/2018\/06\/Kerzen-zur-Erinnerung-768x458.jpg 768w, https:\/\/www.maicschulte.de\/wordpress\/wp-content\/uploads\/2018\/06\/Kerzen-zur-Erinnerung-840x501.jpg 840w, https:\/\/www.maicschulte.de\/wordpress\/wp-content\/uploads\/2018\/06\/Kerzen-zur-Erinnerung-600x358.jpg 600w\" sizes=\"auto, (max-width: 1248px) 100vw, 1248px\"><\/a><\/figure><\/li><li class=\"blocks-gallery-item\"><figure><a href=\"https:\/\/www.maicschulte.de\/wordpress\/wp-content\/uploads\/2018\/06\/Gotteslob.jpg\" data-rel=\"lightbox-gallery-0\" data-rl_title data-rl_caption title><img loading=\"lazy\" decoding=\"async\" width=\"1248\" height=\"767\" src=\"https:\/\/www.maicschulte.de\/wordpress\/wp-content\/uploads\/2018\/06\/Gotteslob.jpg\" alt data-id=\"4080\" data-link=\"https:\/\/www.maicschulte.de\/?attachment_id=4080\" class=\"wp-image-4080\" srcset=\"https:\/\/www.maicschulte.de\/wordpress\/wp-content\/uploads\/2018\/06\/Gotteslob.jpg 1248w, https:\/\/www.maicschulte.de\/wordpress\/wp-content\/uploads\/2018\/06\/Gotteslob-300x184.jpg 300w, https:\/\/www.maicschulte.de\/wordpress\/wp-content\/uploads\/2018\/06\/Gotteslob-768x472.jpg 768w, https:\/\/www.maicschulte.de\/wordpress\/wp-content\/uploads\/2018\/06\/Gotteslob-840x516.jpg 840w, https:\/\/www.maicschulte.de\/wordpress\/wp-content\/uploads\/2018\/06\/Gotteslob-600x369.jpg 600w\" sizes=\"auto, (max-width: 1248px) 100vw, 1248px\"><\/a><\/figure><\/li><li class=\"blocks-gallery-item\"><figure><a href=\"https:\/\/www.maicschulte.de\/wordpress\/wp-content\/uploads\/2018\/06\/Drei.jpg\" data-rel=\"lightbox-gallery-0\" data-rl_title data-rl_caption title><img loading=\"lazy\" decoding=\"async\" width=\"1248\" height=\"775\" src=\"https:\/\/www.maicschulte.de\/wordpress\/wp-content\/uploads\/2018\/06\/Drei.jpg\" alt data-id=\"4079\" data-link=\"https:\/\/www.maicschulte.de\/?attachment_id=4079\" class=\"wp-image-4079\" srcset=\"https:\/\/www.maicschulte.de\/wordpress\/wp-content\/uploads\/2018\/06\/Drei.jpg 1248w, https:\/\/www.maicschulte.de\/wordpress\/wp-content\/uploads\/2018\/06\/Drei-300x186.jpg 300w, https:\/\/www.maicschulte.de\/wordpress\/wp-content\/uploads\/2018\/06\/Drei-768x477.jpg 768w, https:\/\/www.maicschulte.de\/wordpress\/wp-content\/uploads\/2018\/06\/Drei-840x522.jpg 840w, https:\/\/www.maicschulte.de\/wordpress\/wp-content\/uploads\/2018\/06\/Drei-280x175.jpg 280w, https:\/\/www.maicschulte.de\/wordpress\/wp-content\/uploads\/2018\/06\/Drei-600x373.jpg 600w\" sizes=\"auto, (max-width: 1248px) 100vw, 1248px\"><\/a><\/figure><\/li><li class=\"blocks-gallery-item\"><figure><a href=\"https:\/\/www.maicschulte.de\/wordpress\/wp-content\/uploads\/2018\/06\/Deckengew\u00f6lbe.jpg\" data-rel=\"lightbox-gallery-0\" data-rl_title data-rl_caption title><img loading=\"lazy\" decoding=\"async\" width=\"1248\" height=\"773\" src=\"https:\/\/www.maicschulte.de\/wordpress\/wp-content\/uploads\/2018\/06\/Deckengew\u00f6lbe.jpg\" alt data-id=\"4078\" data-link=\"https:\/\/www.maicschulte.de\/?attachment_id=4078\" class=\"wp-image-4078\" srcset=\"https:\/\/www.maicschulte.de\/wordpress\/wp-content\/uploads\/2018\/06\/Deckengew\u00f6lbe.jpg 1248w, https:\/\/www.maicschulte.de\/wordpress\/wp-content\/uploads\/2018\/06\/Deckengew\u00f6lbe-300x186.jpg 300w, https:\/\/www.maicschulte.de\/wordpress\/wp-content\/uploads\/2018\/06\/Deckengew\u00f6lbe-768x476.jpg 768w, https:\/\/www.maicschulte.de\/wordpress\/wp-content\/uploads\/2018\/06\/Deckengew\u00f6lbe-840x520.jpg 840w, https:\/\/www.maicschulte.de\/wordpress\/wp-content\/uploads\/2018\/06\/Deckengew\u00f6lbe-600x372.jpg 600w\" sizes=\"auto, (max-width: 1248px) 100vw, 1248px\"><\/a><\/figure><\/li><li class=\"blocks-gallery-item\"><figure><a href=\"https:\/\/www.maicschulte.de\/wordpress\/wp-content\/uploads\/2018\/06\/Alpha-Omega.jpg\" data-rel=\"lightbox-gallery-0\" data-rl_title data-rl_caption title><img loading=\"lazy\" decoding=\"async\" width=\"1248\" height=\"870\" src=\"https:\/\/www.maicschulte.de\/wordpress\/wp-content\/uploads\/2018\/06\/Alpha-Omega.jpg\" alt data-id=\"4077\" data-link=\"https:\/\/www.maicschulte.de\/?attachment_id=4077\" class=\"wp-image-4077\" srcset=\"https:\/\/www.maicschulte.de\/wordpress\/wp-content\/uploads\/2018\/06\/Alpha-Omega.jpg 1248w, https:\/\/www.maicschulte.de\/wordpress\/wp-content\/uploads\/2018\/06\/Alpha-Omega-300x209.jpg 300w, https:\/\/www.maicschulte.de\/wordpress\/wp-content\/uploads\/2018\/06\/Alpha-Omega-768x535.jpg 768w, https:\/\/www.maicschulte.de\/wordpress\/wp-content\/uploads\/2018\/06\/Alpha-Omega-753x525.jpg 753w, https:\/\/www.maicschulte.de\/wordpress\/wp-content\/uploads\/2018\/06\/Alpha-Omega-538x375.jpg 538w\" sizes=\"auto, (max-width: 1248px) 100vw, 1248px\"><\/a><\/figure><\/li><\/ul><\/figure>\n","protected":false},"excerpt":{"rendered":"<p>Nir\u00adgend\u00adwo wird man sich seiner eige\u00adnen Ver\u00adg\u00e4ng\u00adlich\u00adkeit so sehr bewusst, wie bei dem Besuch einer alten Kirche. Selbst wenn man so wie ich Athe\u00adist ist und an keinen ima\u00adgi\u00adn\u00e4\u00adren Gott glaubt, kann man sich den\u00adnoch dem gewal\u00adti\u00adgen Ein\u00addruck, den diese sakra\u00adlen Bau\u00adwer\u00adke auf einen aus\u00ad\u00fcben, kaum erweh\u00adren. Zu geschichts\u00adtr\u00e4ch\u00adtig und beein\u00addru\u00adckend sind diese archi\u00adtek\u00adto\u00adni\u00adschen Meis\u00adter\u00adwer\u00adke, geschaf\u00adfen von uner\u00adm\u00fcd\u00adli\u00adchen H\u00e4nden und dem mensch\u00adli\u00adchen&nbsp;Geist.<\/p>\n","protected":false},"author":1,"featured_media":4077,"comment_status":"open","ping_status":"open","sticky":false,"template":"","format":"standard","meta":{"wp_typography_post_enhancements_disabled":false,"footnotes":""},"categories":[1279,295],"tags":[622,255,625,620,328,621,623,624],"class_list":["post-4075","post","type-post","status-publish","format-standard","has-post-thumbnail","hentry","category-chronologisch","category-dies_das","tag-alpha-omega","tag-architektur","tag-atheismus","tag-kirche","tag-nrw","tag-sakral","tag-st-vitus","tag-suedlohn"],"yoast_head":"<!-- This site is optimized with the Yoast SEO plugin v27.5 - https:\/\/yoast.com\/product\/yoast-seo-wordpress\/ -->\n<title>&quot;Alpha &amp; Omega&quot; - Maic Schulte<\/title>\n<meta name=\"description\" content=\"&quot;Alpha &amp; Omega&quot; - Dies &amp; Das - Maic Schulte - Fotografie - Ruhrgebiet - Industrie - Portrait - Events - Autos - Rockabilly - Kunst - Schwarzwei\u00df\" \/>\n<meta name=\"robots\" content=\"index, follow, max-snippet:-1, max-image-preview:large, max-video-preview:-1\" \/>\n<link rel=\"canonical\" href=\"https:\/\/www.maicschulte.de\/wordpress\/?p=4075\" \/>\n<meta property=\"og:locale\" content=\"de_DE\" \/>\n<meta property=\"og:type\" content=\"article\" \/>\n<meta property=\"og:title\" content=\"&quot;Alpha &amp; Omega&quot; - Maic Schulte\" \/>\n<meta property=\"og:description\" content=\"&quot;Alpha &amp; Omega&quot; - Dies &amp; Das - Maic Schulte - Fotografie - Ruhrgebiet - Industrie - Portrait - Events - Autos - Rockabilly - Kunst - Schwarzwei\u00df\" \/>\n<meta property=\"og:url\" content=\"https:\/\/www.maicschulte.de\/wordpress\/?p=4075\" \/>\n<meta property=\"og:site_name\" content=\"Maic Schulte\" \/>\n<meta property=\"article:published_time\" content=\"2018-06-02T21:28:00+00:00\" \/>\n<meta property=\"article:modified_time\" content=\"2021-01-16T18:28:04+00:00\" \/>\n<meta property=\"og:image\" content=\"https:\/\/www.maicschulte.de\/wordpress\/wp-content\/uploads\/2018\/06\/Alpha-Omega.jpg\" \/>\n\t<meta property=\"og:image:width\" content=\"1248\" \/>\n\t<meta property=\"og:image:height\" content=\"870\" \/>\n\t<meta property=\"og:image:type\" content=\"image\/jpeg\" \/>\n<meta name=\"author\" content=\"Maic Schulte\" \/>\n<script type=\"application\/ld+json\" class=\"yoast-schema-graph\">{\"@context\":\"https:\\\/\\\/schema.org\",\"@graph\":[{\"@type\":\"Article\",\"@id\":\"https:\\\/\\\/www.maicschulte.de\\\/wordpress\\\/?p=4075#article\",\"isPartOf\":{\"@id\":\"https:\\\/\\\/www.maicschulte.de\\\/wordpress\\\/?p=4075\"},\"author\":{\"name\":\"Maic Schulte\",\"@id\":\"https:\\\/\\\/www.maicschulte.de\\\/wordpress\\\/#\\\/schema\\\/person\\\/809698f1c7b1655959515001723d716e\"},\"headline\":\"\u201cAlpha &amp;&nbsp;Omega\u201d\",\"datePublished\":\"2018-06-02T21:28:00+00:00\",\"dateModified\":\"2021-01-16T18:28:04+00:00\",\"mainEntityOfPage\":{\"@id\":\"https:\\\/\\\/www.maicschulte.de\\\/wordpress\\\/?p=4075\"},\"wordCount\":129,\"commentCount\":0,\"publisher\":{\"@id\":\"https:\\\/\\\/www.maicschulte.de\\\/wordpress\\\/#\\\/schema\\\/person\\\/809698f1c7b1655959515001723d716e\"},\"image\":{\"@id\":\"https:\\\/\\\/www.maicschulte.de\\\/wordpress\\\/?p=4075#primaryimage\"},\"thumbnailUrl\":\"https:\\\/\\\/www.maicschulte.de\\\/wordpress\\\/wp-content\\\/uploads\\\/2018\\\/06\\\/Alpha-Omega.jpg\",\"keywords\":[\"Alpha &amp; Omega\",\"Architektur\",\"Atheismus\",\"Kirche\",\"NRW\",\"Sakral\",\"St. Vitus\",\"S\u00fcdlohn\"],\"articleSection\":[\"Chronologisch\",\"Dies &amp; Das\"],\"inLanguage\":\"de\",\"potentialAction\":[{\"@type\":\"CommentAction\",\"name\":\"Comment\",\"target\":[\"https:\\\/\\\/www.maicschulte.de\\\/wordpress\\\/?p=4075#respond\"]}]},{\"@type\":\"WebPage\",\"@id\":\"https:\\\/\\\/www.maicschulte.de\\\/wordpress\\\/?p=4075\",\"url\":\"https:\\\/\\\/www.maicschulte.de\\\/wordpress\\\/?p=4075\",\"name\":\"\\\"Alpha & Omega\\\" - Maic Schulte\",\"isPartOf\":{\"@id\":\"https:\\\/\\\/www.maicschulte.de\\\/wordpress\\\/#website\"},\"primaryImageOfPage\":{\"@id\":\"https:\\\/\\\/www.maicschulte.de\\\/wordpress\\\/?p=4075#primaryimage\"},\"image\":{\"@id\":\"https:\\\/\\\/www.maicschulte.de\\\/wordpress\\\/?p=4075#primaryimage\"},\"thumbnailUrl\":\"https:\\\/\\\/www.maicschulte.de\\\/wordpress\\\/wp-content\\\/uploads\\\/2018\\\/06\\\/Alpha-Omega.jpg\",\"datePublished\":\"2018-06-02T21:28:00+00:00\",\"dateModified\":\"2021-01-16T18:28:04+00:00\",\"description\":\"\\\"Alpha & Omega\\\" - Dies &amp; Das - Maic Schulte - Fotografie - Ruhrgebiet - Industrie - Portrait - Events - Autos - Rockabilly - Kunst - Schwarzwei\u00df\",\"breadcrumb\":{\"@id\":\"https:\\\/\\\/www.maicschulte.de\\\/wordpress\\\/?p=4075#breadcrumb\"},\"inLanguage\":\"de\",\"potentialAction\":[{\"@type\":\"ReadAction\",\"target\":[\"https:\\\/\\\/www.maicschulte.de\\\/wordpress\\\/?p=4075\"]}]},{\"@type\":\"ImageObject\",\"inLanguage\":\"de\",\"@id\":\"https:\\\/\\\/www.maicschulte.de\\\/wordpress\\\/?p=4075#primaryimage\",\"url\":\"https:\\\/\\\/www.maicschulte.de\\\/wordpress\\\/wp-content\\\/uploads\\\/2018\\\/06\\\/Alpha-Omega.jpg\",\"contentUrl\":\"https:\\\/\\\/www.maicschulte.de\\\/wordpress\\\/wp-content\\\/uploads\\\/2018\\\/06\\\/Alpha-Omega.jpg\",\"width\":1248,\"height\":870},{\"@type\":\"BreadcrumbList\",\"@id\":\"https:\\\/\\\/www.maicschulte.de\\\/wordpress\\\/?p=4075#breadcrumb\",\"itemListElement\":[{\"@type\":\"ListItem\",\"position\":1,\"name\":\"Startseite\",\"item\":\"https:\\\/\\\/www.maicschulte.de\\\/wordpress\"},{\"@type\":\"ListItem\",\"position\":2,\"name\":\"\u201cAlpha &amp;&nbsp;Omega\u201d\"}]},{\"@type\":\"WebSite\",\"@id\":\"https:\\\/\\\/www.maicschulte.de\\\/wordpress\\\/#website\",\"url\":\"https:\\\/\\\/www.maicschulte.de\\\/wordpress\\\/\",\"name\":\"Maic Schulte\",\"description\":\"Fotografie aus Leidenschaft\",\"publisher\":{\"@id\":\"https:\\\/\\\/www.maicschulte.de\\\/wordpress\\\/#\\\/schema\\\/person\\\/809698f1c7b1655959515001723d716e\"},\"potentialAction\":[{\"@type\":\"SearchAction\",\"target\":{\"@type\":\"EntryPoint\",\"urlTemplate\":\"https:\\\/\\\/www.maicschulte.de\\\/wordpress\\\/?s={search_term_string}\"},\"query-input\":{\"@type\":\"PropertyValueSpecification\",\"valueRequired\":true,\"valueName\":\"search_term_string\"}}],\"inLanguage\":\"de\"},{\"@type\":[\"Person\",\"Organization\"],\"@id\":\"https:\\\/\\\/www.maicschulte.de\\\/wordpress\\\/#\\\/schema\\\/person\\\/809698f1c7b1655959515001723d716e\",\"name\":\"Maic Schulte\",\"image\":{\"@type\":\"ImageObject\",\"inLanguage\":\"de\",\"@id\":\"https:\\\/\\\/www.maicschulte.de\\\/wordpress\\\/wp-content\\\/uploads\\\/2025\\\/05\\\/Chronus_Maic_Schulte_Logo_605px-3.png\",\"url\":\"https:\\\/\\\/www.maicschulte.de\\\/wordpress\\\/wp-content\\\/uploads\\\/2025\\\/05\\\/Chronus_Maic_Schulte_Logo_605px-3.png\",\"contentUrl\":\"https:\\\/\\\/www.maicschulte.de\\\/wordpress\\\/wp-content\\\/uploads\\\/2025\\\/05\\\/Chronus_Maic_Schulte_Logo_605px-3.png\",\"width\":605,\"height\":200,\"caption\":\"Maic Schulte\"},\"logo\":{\"@id\":\"https:\\\/\\\/www.maicschulte.de\\\/wordpress\\\/wp-content\\\/uploads\\\/2025\\\/05\\\/Chronus_Maic_Schulte_Logo_605px-3.png\"},\"description\":\"Seit dem Tag, an dem mein Vater mich mit einer Kamera, einem Objektiv und zwei Illford-Schwarzwei\u00df-Filmen auf Entdeckungs-Tour geschickt hat, begleitet mich das Thema \\\"Fotografie\\\". Basierend auf WordPress, stellt diese Webseite - jetzt und in der Zukunft - eine Heimat f\u00fcr all meine Artikel und Fotos dar, welche wiederum aus allen Themenbereichen der klassischen &amp; modernen Fotografie kommen. Sei es nun die Fotografie in Schwarz-Wei\u00df; die Erkundung ehemaliger Industriegel\u00e4nde, welche f\u00fcr mich am ehesten \u201eDas Herz des Reviers\u201c widerspiegeln; ausdrucksstarke Portraits oder farbenfrohe Naturaufnahmen. Ganz egal! Es gelingt einfach jedem fotografischen Thema, meine Neugierde darauf zu erwecken. Dar\u00fcber hinaus habe ich aber auch ein ger\u00fctteltes Ma\u00df an Benzin im Blut und mag Autos &amp; Motorr\u00e4der, ganz egal ob nun neu, alt, aufgemotzt oder vollkommen original. Du siehst, die Auswahl an Artikeln &amp; Fotos ist also genauso breit gef\u00e4chert wie meine fotografischen Interessen.\",\"sameAs\":[\"https:\\\/\\\/www.maicschulte.de\"]}]}<\/script>\n<!-- \/ Yoast SEO plugin. -->","yoast_head_json":{"title":"\"Alpha & Omega\" - Maic Schulte","description":"\"Alpha & Omega\" - Dies &amp; Das - Maic Schulte - Fotografie - Ruhrgebiet - Industrie - Portrait - Events - Autos - Rockabilly - Kunst - Schwarzwei\u00df","robots":{"index":"index","follow":"follow","max-snippet":"max-snippet:-1","max-image-preview":"max-image-preview:large","max-video-preview":"max-video-preview:-1"},"canonical":"https:\/\/www.maicschulte.de\/wordpress\/?p=4075","og_locale":"de_DE","og_type":"article","og_title":"\"Alpha & Omega\" - Maic Schulte","og_description":"\"Alpha & Omega\" - Dies &amp; Das - Maic Schulte - Fotografie - Ruhrgebiet - Industrie - Portrait - Events - Autos - Rockabilly - Kunst - Schwarzwei\u00df","og_url":"https:\/\/www.maicschulte.de\/wordpress\/?p=4075","og_site_name":"Maic Schulte","article_published_time":"2018-06-02T21:28:00+00:00","article_modified_time":"2021-01-16T18:28:04+00:00","og_image":[{"width":1248,"height":870,"url":"https:\/\/www.maicschulte.de\/wordpress\/wp-content\/uploads\/2018\/06\/Alpha-Omega.jpg","type":"image\/jpeg"}],"author":"Maic Schulte","schema":{"@context":"https:\/\/schema.org","@graph":[{"@type":"Article","@id":"https:\/\/www.maicschulte.de\/wordpress\/?p=4075#article","isPartOf":{"@id":"https:\/\/www.maicschulte.de\/wordpress\/?p=4075"},"author":{"name":"Maic Schulte","@id":"https:\/\/www.maicschulte.de\/wordpress\/#\/schema\/person\/809698f1c7b1655959515001723d716e"},"headline":"\u201cAlpha &amp;&nbsp;Omega\u201d","datePublished":"2018-06-02T21:28:00+00:00","dateModified":"2021-01-16T18:28:04+00:00","mainEntityOfPage":{"@id":"https:\/\/www.maicschulte.de\/wordpress\/?p=4075"},"wordCount":129,"commentCount":0,"publisher":{"@id":"https:\/\/www.maicschulte.de\/wordpress\/#\/schema\/person\/809698f1c7b1655959515001723d716e"},"image":{"@id":"https:\/\/www.maicschulte.de\/wordpress\/?p=4075#primaryimage"},"thumbnailUrl":"https:\/\/www.maicschulte.de\/wordpress\/wp-content\/uploads\/2018\/06\/Alpha-Omega.jpg","keywords":["Alpha &amp; Omega","Architektur","Atheismus","Kirche","NRW","Sakral","St. Vitus","S\u00fcdlohn"],"articleSection":["Chronologisch","Dies &amp; Das"],"inLanguage":"de","potentialAction":[{"@type":"CommentAction","name":"Comment","target":["https:\/\/www.maicschulte.de\/wordpress\/?p=4075#respond"]}]},{"@type":"WebPage","@id":"https:\/\/www.maicschulte.de\/wordpress\/?p=4075","url":"https:\/\/www.maicschulte.de\/wordpress\/?p=4075","name":"\"Alpha & Omega\" - Maic Schulte","isPartOf":{"@id":"https:\/\/www.maicschulte.de\/wordpress\/#website"},"primaryImageOfPage":{"@id":"https:\/\/www.maicschulte.de\/wordpress\/?p=4075#primaryimage"},"image":{"@id":"https:\/\/www.maicschulte.de\/wordpress\/?p=4075#primaryimage"},"thumbnailUrl":"https:\/\/www.maicschulte.de\/wordpress\/wp-content\/uploads\/2018\/06\/Alpha-Omega.jpg","datePublished":"2018-06-02T21:28:00+00:00","dateModified":"2021-01-16T18:28:04+00:00","description":"\"Alpha & Omega\" - Dies &amp; Das - Maic Schulte - Fotografie - Ruhrgebiet - Industrie - Portrait - Events - Autos - Rockabilly - Kunst - Schwarzwei\u00df","breadcrumb":{"@id":"https:\/\/www.maicschulte.de\/wordpress\/?p=4075#breadcrumb"},"inLanguage":"de","potentialAction":[{"@type":"ReadAction","target":["https:\/\/www.maicschulte.de\/wordpress\/?p=4075"]}]},{"@type":"ImageObject","inLanguage":"de","@id":"https:\/\/www.maicschulte.de\/wordpress\/?p=4075#primaryimage","url":"https:\/\/www.maicschulte.de\/wordpress\/wp-content\/uploads\/2018\/06\/Alpha-Omega.jpg","contentUrl":"https:\/\/www.maicschulte.de\/wordpress\/wp-content\/uploads\/2018\/06\/Alpha-Omega.jpg","width":1248,"height":870},{"@type":"BreadcrumbList","@id":"https:\/\/www.maicschulte.de\/wordpress\/?p=4075#breadcrumb","itemListElement":[{"@type":"ListItem","position":1,"name":"Startseite","item":"https:\/\/www.maicschulte.de\/wordpress"},{"@type":"ListItem","position":2,"name":"\u201cAlpha &amp;&nbsp;Omega\u201d"}]},{"@type":"WebSite","@id":"https:\/\/www.maicschulte.de\/wordpress\/#website","url":"https:\/\/www.maicschulte.de\/wordpress\/","name":"Maic Schulte","description":"Fotografie aus Leidenschaft","publisher":{"@id":"https:\/\/www.maicschulte.de\/wordpress\/#\/schema\/person\/809698f1c7b1655959515001723d716e"},"potentialAction":[{"@type":"SearchAction","target":{"@type":"EntryPoint","urlTemplate":"https:\/\/www.maicschulte.de\/wordpress\/?s={search_term_string}"},"query-input":{"@type":"PropertyValueSpecification","valueRequired":true,"valueName":"search_term_string"}}],"inLanguage":"de"},{"@type":["Person","Organization"],"@id":"https:\/\/www.maicschulte.de\/wordpress\/#\/schema\/person\/809698f1c7b1655959515001723d716e","name":"Maic Schulte","image":{"@type":"ImageObject","inLanguage":"de","@id":"https:\/\/www.maicschulte.de\/wordpress\/wp-content\/uploads\/2025\/05\/Chronus_Maic_Schulte_Logo_605px-3.png","url":"https:\/\/www.maicschulte.de\/wordpress\/wp-content\/uploads\/2025\/05\/Chronus_Maic_Schulte_Logo_605px-3.png","contentUrl":"https:\/\/www.maicschulte.de\/wordpress\/wp-content\/uploads\/2025\/05\/Chronus_Maic_Schulte_Logo_605px-3.png","width":605,"height":200,"caption":"Maic Schulte"},"logo":{"@id":"https:\/\/www.maicschulte.de\/wordpress\/wp-content\/uploads\/2025\/05\/Chronus_Maic_Schulte_Logo_605px-3.png"},"description":"Seit dem Tag, an dem mein Vater mich mit einer Kamera, einem Objektiv und zwei Illford-Schwarzwei\u00df-Filmen auf Entdeckungs-Tour geschickt hat, begleitet mich das Thema \"Fotografie\". Basierend auf WordPress, stellt diese Webseite - jetzt und in der Zukunft - eine Heimat f\u00fcr all meine Artikel und Fotos dar, welche wiederum aus allen Themenbereichen der klassischen &amp; modernen Fotografie kommen. Sei es nun die Fotografie in Schwarz-Wei\u00df; die Erkundung ehemaliger Industriegel\u00e4nde, welche f\u00fcr mich am ehesten \u201eDas Herz des Reviers\u201c widerspiegeln; ausdrucksstarke Portraits oder farbenfrohe Naturaufnahmen. Ganz egal! Es gelingt einfach jedem fotografischen Thema, meine Neugierde darauf zu erwecken. Dar\u00fcber hinaus habe ich aber auch ein ger\u00fctteltes Ma\u00df an Benzin im Blut und mag Autos &amp; Motorr\u00e4der, ganz egal ob nun neu, alt, aufgemotzt oder vollkommen original. Du siehst, die Auswahl an Artikeln &amp; Fotos ist also genauso breit gef\u00e4chert wie meine fotografischen Interessen.","sameAs":["https:\/\/www.maicschulte.de"]}]}},"_links":{"self":[{"href":"https:\/\/www.maicschulte.de\/wordpress\/index.php?rest_route=\/wp\/v2\/posts\/4075","targetHints":{"allow":["GET"]}}],"collection":[{"href":"https:\/\/www.maicschulte.de\/wordpress\/index.php?rest_route=\/wp\/v2\/posts"}],"about":[{"href":"https:\/\/www.maicschulte.de\/wordpress\/index.php?rest_route=\/wp\/v2\/types\/post"}],"author":[{"embeddable":true,"href":"https:\/\/www.maicschulte.de\/wordpress\/index.php?rest_route=\/wp\/v2\/users\/1"}],"replies":[{"embeddable":true,"href":"https:\/\/www.maicschulte.de\/wordpress\/index.php?rest_route=%2Fwp%2Fv2%2Fcomments&post=4075"}],"version-history":[{"count":9,"href":"https:\/\/www.maicschulte.de\/wordpress\/index.php?rest_route=\/wp\/v2\/posts\/4075\/revisions"}],"predecessor-version":[{"id":11322,"href":"https:\/\/www.maicschulte.de\/wordpress\/index.php?rest_route=\/wp\/v2\/posts\/4075\/revisions\/11322"}],"wp:featuredmedia":[{"embeddable":true,"href":"https:\/\/www.maicschulte.de\/wordpress\/index.php?rest_route=\/wp\/v2\/media\/4077"}],"wp:attachment":[{"href":"https:\/\/www.maicschulte.de\/wordpress\/index.php?rest_route=%2Fwp%2Fv2%2Fmedia&parent=4075"}],"wp:term":[{"taxonomy":"category","embeddable":true,"href":"https:\/\/www.maicschulte.de\/wordpress\/index.php?rest_route=%2Fwp%2Fv2%2Fcategories&post=4075"},{"taxonomy":"post_tag","embeddable":true,"href":"https:\/\/www.maicschulte.de\/wordpress\/index.php?rest_route=%2Fwp%2Fv2%2Ftags&post=4075"}],"curies":[{"name":"wp","href":"https:\/\/api.w.org\/{rel}","templated":true}]}}