{"id":4663,"date":"2019-06-25T22:04:31","date_gmt":"2019-06-25T21:04:31","guid":{"rendered":"https:\/\/www.maicschulte.de\/?p=4663"},"modified":"2023-03-23T19:22:03","modified_gmt":"2023-03-23T18:22:03","slug":"let-go","status":"publish","type":"post","link":"https:\/\/www.maicschulte.de\/wordpress\/?p=4663","title":{"rendered":"\u201cLet Go\u201d"},"content":{"rendered":"\n<figure class=\"wp-block-image\"><a href=\"https:\/\/www.maicschulte.de\/wordpress\/wp-content\/uploads\/2019\/06\/Let-Go-Christoph-Berghorn-Artikelbild.jpg\" data-rel=\"lightbox-gallery-0\" data-rl_title data-rl_caption title><img loading=\"lazy\" decoding=\"async\" width=\"1280\" height=\"612\" src=\"https:\/\/www.maicschulte.de\/wordpress\/wp-content\/uploads\/2019\/06\/Let-Go-Christoph-Berghorn-Artikelbild-1280x612.jpg\" alt class=\"wp-image-4665\" srcset=\"https:\/\/www.maicschulte.de\/wordpress\/wp-content\/uploads\/2019\/06\/Let-Go-Christoph-Berghorn-Artikelbild-1280x612.jpg 1280w, https:\/\/www.maicschulte.de\/wordpress\/wp-content\/uploads\/2019\/06\/Let-Go-Christoph-Berghorn-Artikelbild-300x143.jpg 300w, https:\/\/www.maicschulte.de\/wordpress\/wp-content\/uploads\/2019\/06\/Let-Go-Christoph-Berghorn-Artikelbild-768x367.jpg 768w, https:\/\/www.maicschulte.de\/wordpress\/wp-content\/uploads\/2019\/06\/Let-Go-Christoph-Berghorn-Artikelbild-840x402.jpg 840w, https:\/\/www.maicschulte.de\/wordpress\/wp-content\/uploads\/2019\/06\/Let-Go-Christoph-Berghorn-Artikelbild-600x287.jpg 600w, https:\/\/www.maicschulte.de\/wordpress\/wp-content\/uploads\/2019\/06\/Let-Go-Christoph-Berghorn-Artikelbild.jpg 1600w\" sizes=\"auto, (max-width: 1280px) 100vw, 1280px\"><\/a><\/figure>\n\n\n\n<p>Anfang April dieses Jahres hatte ich die wirk\u00adlich tolle Gele\u00adgen\u00adheit, in die Roh\u00adfas\u00adsung einer Musik-CD hin\u00adein\u00adh\u00f6\u00adren zu d\u00fcrfen. Damals wusste ich nicht viel mehr \u00fcber diese Pro\u00adduk\u00adti\u00adon, als dass ein guter Freund als Musi\u00adker daran betei\u00adligt gewe\u00adsen ist. Heute, wo die frisch gepress\u00adte CD vor mir liegt, wei\u00df ich aber, dass ich einer der fr\u00fc\u00adhes\u00adten H\u00f6rer dieses Albums gewe\u00adsen sein muss. Und somit f\u00fcr mich Grund genug, hier an dieser Stelle etwas mehr ins Detail zu&nbsp;gehen.<\/p>\n\n\n\n<!--more-->\n\n\n\n<p>Reden m\u00f6chte ich mit Euch \u00fcber das aktu\u00adel\u00adle Album \u201eLet Go\u201c\nvon Chris\u00adtoph Berg\u00adhorn, wel\u00adches seit kurzer Zeit als Com\u00adpact-Disc und digi\u00adta\u00adler\nDown\u00adload zur Ver\u00adf\u00fc\u00adgung steht. Ich werde in diesem Arti\u00adkel aber ganz old\u00adschool\ndie CD bespre\u00adchen, da ich es per\u00ads\u00f6n\u00adlich nicht so mit iTunes, Amazon Music und\nSpo\u00adti\u00adfy&nbsp;habe&nbsp;;-)<\/p>\n\n\n\n<p>Sp\u00e4\u00adtes\u00adtens beim Namen Chris\u00adtoph Berg\u00adhorn d\u00fcrfte der eine oder andere mit der Stirn gerun\u00adzelt und sich gefragt haben: \u201eWer ist das? Nie geh\u00f6rt!\u201c Und doch darf ich zumin\u00addest den Eltern unter Euch ver\u00adsi\u00adchern, dass Ihr bestimmt schon mal eine Melo\u00addie von Ihm im Ohr hattet. Kennt Ihr <a href=\"https:\/\/de.wikipedia.org\/wiki\/Detlev_J%C3%B6cker\" target=\"_blank\" rel=\"noreferrer noopener\" aria-label=\"Detlev J\u00f6cker (opens in a new tab)\">Detlev J\u00f6cker<\/a>? Genau! Der junge Mann, der immer so sch\u00f6ne Kin\u00adder\u00adlie\u00adder kom\u00adpo\u00adniert und dabei auch ganz oft am Kla\u00advier beglei\u00adtet wird. Na, wer hat da wohl ganz vir\u00adtu\u00ados die 88 Tasten des Kla\u00adviers bespielt? Stimmt! Unser K\u00fcnst\u00adler des Tages, der Christoph.<\/p>\n\n\n\n<p>Ihr merkt schon, wir reden hier \u00fcber keinen Super\u00adstar den\njeder kennt, aber defi\u00adni\u00adtiv \u00fcber einen Voll\u00adblut\u00admu\u00adsi\u00adker, der sein Gesch\u00e4ft wie kein\nZwei\u00adter versteht.<\/p>\n\n\n\n<p>Dies ist wahr\u00adschein\u00adlich auch mit einer der Gr\u00fcnde warum es Ihm gelun\u00adgen ist, f\u00fcr dieses Pro\u00adjekt ganz viele tolle Gast\u00admu\u00adsi\u00adker um sich zu scha\u00adren. Unter ande\u00adrem Doort\u00adje Mail\u00adlard am Cello; Dr. phil. Mat\u00adthi\u00adas Keidel an diver\u00adsen Saxo\u00adpho\u00adnen und dem eher selten zu h\u00f6ren\u00addem <a rel=\"noreferrer noopener\" aria-label=\" (opens in a new tab)\" href=\"https:\/\/de.wikipedia.org\/wiki\/Chalumeau\" target=\"_blank\">Chalu\u00admeau<\/a>; Frank H\u00f6sing am <a href=\"https:\/\/de.wikipedia.org\/wiki\/Fl%C3%BCgelhorn\" target=\"_blank\" rel=\"noreferrer noopener\" aria-label=\"Fl\u00fcgelhorn (opens in a new tab)\">Fl\u00fc\u00adgel\u00adhorn<\/a> und \u2013 der mit seinen 16 Jahren abso\u00adlu\u00adte Youngs\u00adter in dieser Zusam\u00admen\u00adstel\u00adlung \u2013 Finn Keidel als Perkussionist.<\/p>\n\n\n\n<p>Doch reden wir \u00fcber das Album, wel\u00adches hier seit ein paar\nStun\u00adden im CD-Player auf und ab l\u00e4uft, da es mir wirk\u00adlich rich\u00adtig gut gef\u00e4llt.\nNur warum? Das erz\u00e4h\u00adle ich Euch&nbsp;jetzt.<\/p>\n\n\n\n<p>Mein erster Ein\u00addruck nach dem \u00d6ffnen des Brief\u00adum\u00adschla\u00adges war\n\u201eWow!\u201c, weil die Track\u00adlist nicht weni\u00adger als 22 St\u00fccke lang ist. Das ist mal \u00b4ne\nHaus\u00adnum\u00admer! Gl\u00fcck\u00adli\u00adcher\u00adwei\u00adse steht aber neben jedem Track auch die Spiel\u00adzeit\nange\u00adge\u00adben, so dass ich mir schnell und unkom\u00adpli\u00adziert einen \u00dcber\u00adblick \u00fcber die\nein\u00adzel\u00adnen Lauf\u00adzei\u00adten ver\u00adschaf\u00adfen konnte. In diesem Fall ist das k\u00fcr\u00adzes\u00adte St\u00fcck 1:25\nMinu\u00adten lang und das l\u00e4ngs\u00adte 5:43. Netto kommen wir also auf eine abso\u00adlu\u00adte\nSpiel\u00adzeit von knapp 71 Minu\u00adten, sprich der frisch gepress\u00adte Sil\u00adber\u00adling ist mehr\nals gut gef\u00fcllt.<\/p>\n\n\n\n<p>Die Optik \u2013 und auch die Haptik \u2013 stimmt bei diesem\nDigi-Pack eben\u00adfalls, setzt sich das auf dem Cover auf\u00adge\u00adgrif\u00adfe\u00adne Thema mit\nStrand, M\u00f6we und Meer, doch auch im Book\u00adlet und auf der eigent\u00adli\u00adchen CD fort. So\nwirkt alles wie aus einem Guss und das kom\u00adplett in Eng\u00adlisch gehal\u00adte\u00adne Book\u00adlet\nist dar\u00ad\u00fcber hinaus auch noch sehr infor\u00adma\u00adtiv gestal\u00adtet. Letz\u00adte\u00adres \u2013 die Wahl\ndes Angel\u00ads\u00e4ch\u00adsi\u00adschen als Text\u00adspra\u00adche \u2013 ist wohl dem Umstand geschul\u00addet, dass\nman mit diesem Album auch den ame\u00adri\u00adka\u00adni\u00adschen Markt im Sturm erobern m\u00f6chte. Und\nich bin mir schon jetzt ziem\u00adlich sicher, dass die von musi\u00adka\u00adli\u00adschem Schund\ngeplag\u00adten Amis diese Schei\u00adbe lieben werden.<\/p>\n\n\n\n<p>Genre-tech\u00adnisch ein\u00adord\u00adnen l\u00e4sst sich dieses Album \u00fcbri\u00adgens\nam ehes\u00adten bei New Age oder Medi\u00adta\u00adti\u00adons-Musik. Wer jetzt aber einen g\u00e4h\u00adnend\nlang\u00adwei\u00adli\u00adgen Lang\u00adspie\u00adler erwar\u00adtet, irrt gewal\u00adtig. Die Musik mag stel\u00adlen\u00adwei\u00adse\nmedi\u00adta\u00adtiv und nie auf\u00adge\u00adregt sein, den\u00adnoch ist diese stets span\u00adnend und\ntief\u00adgr\u00fcn\u00addig. Dies wird durch den gekonn\u00adten Ein\u00adsatz der Instru\u00admen\u00adte noch ver\u00adst\u00e4rkt,\ndie bei keinem der St\u00fccke alle gemein\u00adsam zu h\u00f6ren sind. W\u00e4h\u00adrend sich bei\neini\u00adgen Tracks das Kla\u00advier und das Sax per\u00adfekt erg\u00e4n\u00adzen (\u201ePiano Reflec\u00adtions 1\n&amp; 2\u201c), domi\u00adniert bei ande\u00adren Lie\u00addern das Cello (\u201eCel\u00adlo\u00addy f\u00fcr Annika\u201c) oder\ndas Fl\u00fc\u00adgel\u00adhorn (\u201eOcean Dream\u201c). So bekommt jedes Instru\u00adment \u2013 und auch jeder\nder K\u00fcnst\u00adler \u2013 genau den Frei\u00adraum den es verdient.<\/p>\n\n\n\n<p>Was Euch bei diesem Album auch defi\u00adni\u00adtiv nicht erwar\u00adtet, ist wildes Solo-Gef\u00adri\u00adckel der ein\u00adzel\u00adnen K\u00fcnst\u00adler. So per\u00adfekt auch alle Ihre Instru\u00admen\u00adte beherr\u00adschen, es wird f\u00fcr den H\u00f6rer nie anstren\u00adgend oder gar nervig. Kurzum, der Ego\u00adis\u00admus \u2013 wie er ja im Jazz und ande\u00adren Musik-Genres h\u00e4ufig zu beob\u00adach\u00adten ist \u2013 hatte hier keine Chance und alle K\u00fcnst\u00adler haben als ein gro\u00dfes, gemein\u00adsa\u00admes Ganzes agiert. Sehr zum Vor\u00adteil f\u00fcr den geneig\u00adten Zuh\u00f6\u00adrer, der mit dieser Schei\u00adbe viel\u00adleicht seinen Fei\u00ader\u00adabend oder seine Medi\u00adta\u00adti\u00adon ange\u00adneh\u00admer gestal\u00adten m\u00f6chte und in solch einem Moment gar keine Lust auf einen Wett\u00adstreit unter Musi\u00adkern hat. Wer dies w\u00fcnscht, sollte sich viel\u00adleicht eher nach einer CD von <a rel=\"noreferrer noopener\" aria-label=\"Dream Theate (opens in a new tab)\" href=\"https:\/\/de.wikipedia.org\/wiki\/Dream_Theater\" target=\"_blank\">Dream Theate<\/a>r, fr\u00fchen Werken von <a rel=\"noreferrer noopener\" aria-label=\"YES (opens in a new tab)\" href=\"https:\/\/de.wikipedia.org\/wiki\/Yes_(Band)\" target=\"_blank\">YES<\/a> oder den bri\u00adti\u00adschen Jungs der Band <a href=\"https:\/\/de.wikipedia.org\/wiki\/Haken_(Band)\" target=\"_blank\" rel=\"noreferrer noopener\" aria-label=\"Haken (opens in a new tab)\">Haken<\/a> umschauen&nbsp;;-)<\/p>\n\n\n\n<p>Sp\u00e4\u00adtes\u00adtens an dieser Stelle sollte der letzte unter Euch\nbemerkt haben, dass mir dieses Album erstaun\u00adlich gut gef\u00e4llt, auch wenn ich\nansons\u00adten ja eher f\u00fcr Musik der h\u00e4r\u00adte\u00adren Gang\u00adart bekannt bin. Trotz\u00addem m\u00f6chte\nich an dieser Stelle nicht jeden der Songs im Ein\u00adzel\u00adnen bespre\u00adchen,\nana\u00adly\u00adsie\u00adren, demon\u00adtie\u00adren oder was auch immer. Das mache ich sonst auch nicht\nund dies werdet Ihr auch jetzt nicht erleben.<\/p>\n\n\n\n<p>Daf\u00fcr habe ich aber ein paar rich\u00adtig gute Anspiel-Tipps f\u00fcr Euch\nim Gep\u00e4ck:<\/p>\n\n\n\n<ul class=\"wp-block-list\">\n<li>\u201ePiano Reflec\u00adtions 1 &amp; 2\u201c \u2013 diese beiden Tracks laufen hier quasi auf Dau\u00ader\u00adschlei\u00adfe.&nbsp;Top!<\/li>\n<\/ul>\n\n\n\n<ul class=\"wp-block-list\">\n<li>\u201eEgyp\u00adtina\u201c \u2013 eine Ara\u00adbes\u00adque, ganz wie ich sie mag. Nicht zuletzt des\u00adwe\u00adgen, weil ich mich stel\u00adlen\u00adwei\u00adse an die alten Schei\u00adben von Tan\u00adge\u00adri\u00adne Dream erin\u00adnert&nbsp;f\u00fchle.<\/li>\n<\/ul>\n\n\n\n<ul class=\"wp-block-list\">\n<li>\u201eCel\u00adlo\u00addy for Annika\u201c \u2013 kann man sch\u00f6\u00adner Cello spie\u00adlen? Ich denke&nbsp;nicht.<\/li>\n<\/ul>\n\n\n\n<ul class=\"wp-block-list\">\n<li>\u201eOcean Dream\u201c \u2013 Kla\u00advier, Fl\u00fc\u00adgel\u00adhorn, ein paar Synth-Effek\u00adte und fertig ist der per\u00adfek\u00adte Album-Closer.<\/li>\n<\/ul>\n\n\n\n<ul class=\"wp-block-list\">\n<li>\u201eTre di sax\u201c \u2013 Saxo\u00adfon-Impro\u00advi\u00adsa\u00adti\u00adon vom Feins\u00adten, gespielt von Mat\u00adthi\u00adas Keidel!<\/li>\n<\/ul>\n\n\n\n<ul class=\"wp-block-list\">\n<li>\u201eOnce Again\u201c \u2013 hier \u201eweint\u201c das Cello so s\u00fc\u00df und bit\u00adter\u00adlich, wie man es sonst nur von den Jungs der Band Apo\u00adca\u00adlyp\u00adti\u00adca kennt. Wit\u00adzi\u00adges Detail am Rande: Die letz\u00adten drei der am Ende des St\u00fc\u00adckes gespiel\u00adten Noten \u2013 ist es A G A? \u2013 erin\u00adnern mich sofort an den ersten Absatz von Bachs Toc\u00adca\u00adta und Fuge. Tr\u00fcgen mich meine Ohren? Sag mal was dazu, Christoph&nbsp;;-)<\/li>\n<\/ul>\n\n\n\n<ul class=\"wp-block-list\">\n<li>\u201eClosed Eyes\u201c \u2013 Viel\u00adleicht das ein\u00adg\u00e4n\u00adgigs\u00adte Pia\u00adno\u00adst\u00fc\u00adcke auf diesem Album, wel\u00adches mit seiner Spiel\u00adzeit von nur 1:28 Minu\u00adten viel zu kurz ist. Herr Berg\u00adhorn, ich h\u00e4tte hier von gerne einen 12\u201c-Remix.<\/li>\n<\/ul>\n\n\n\n<p>So, genug geplau\u00addert!\n\nDie rest\u00adli\u00adchen St\u00fccke m\u00fcsst Ihr Euch ganz allei\u00adne erar\u00adbei\u00adten\nund seid ver\u00adsi\u00adchert, es lohnt sich wirk\u00adlich. Au\u00dfer\u00addem rei\u00dft dieses Album mit\neinem Obolus von gerade einmal 9,99 Euro kein nen\u00adnens\u00adwer\u00adtes Loch in Eure\nHaus\u00adhalts\u00adkas\u00adse. F\u00fcr so wenig Kohle m\u00fcsst Ihr woan\u00adders erst einmal ann\u00e4\u00adhernd so\nviel Musik finden!&nbsp;<\/p>\n\n\n\n<hr class=\"wp-block-separator has-css-opacity\">\n\n\n\n<p>CD: Chris\u00adtoph Berg\u00adhorn \u2013 \u201eLet Go\u201c \u2013&nbsp;2019<\/p>\n\n\n<div class=\"wp-block-image\">\n<figure class=\"alignright is-resized\"><a href=\"https:\/\/www.maicschulte.de\/wordpress\/wp-content\/uploads\/2019\/06\/Let-Go-Christoph-Berghorn-CD-Cover.jpg\" data-rel=\"lightbox-gallery-0\" data-rl_title data-rl_caption title><img loading=\"lazy\" decoding=\"async\" src=\"https:\/\/www.maicschulte.de\/wordpress\/wp-content\/uploads\/2019\/06\/Let-Go-Christoph-Berghorn-CD-Cover.jpg\" alt class=\"wp-image-4673\" width=\"250\" height=\"250\" srcset=\"https:\/\/www.maicschulte.de\/wordpress\/wp-content\/uploads\/2019\/06\/Let-Go-Christoph-Berghorn-CD-Cover.jpg 500w, https:\/\/www.maicschulte.de\/wordpress\/wp-content\/uploads\/2019\/06\/Let-Go-Christoph-Berghorn-CD-Cover-150x150.jpg 150w, https:\/\/www.maicschulte.de\/wordpress\/wp-content\/uploads\/2019\/06\/Let-Go-Christoph-Berghorn-CD-Cover-300x300.jpg 300w, https:\/\/www.maicschulte.de\/wordpress\/wp-content\/uploads\/2019\/06\/Let-Go-Christoph-Berghorn-CD-Cover-375x375.jpg 375w\" sizes=\"auto, (max-width: 250px) 100vw, 250px\"><\/a><\/figure>\n<\/div>\n\n\n<p>Track\u00adlis\u00adte:<\/p>\n\n\n\n<ol class=\"wp-block-list\">\n<li>Let Go<\/li>\n\n\n\n<li>Piano Reflec\u00adtions&nbsp;1<\/li>\n\n\n\n<li>Cel\u00adlo\u00addy for Annika<\/li>\n\n\n\n<li>Piano Reflec\u00adtions&nbsp;2<\/li>\n\n\n\n<li>Loo\u00adking&nbsp;Back<\/li>\n\n\n\n<li>Once Upon A&nbsp;Time<\/li>\n\n\n\n<li>Egyp\u00adtina<\/li>\n\n\n\n<li>Going On<\/li>\n\n\n\n<li>Once Again<\/li>\n\n\n\n<li>Wind<\/li>\n\n\n\n<li>Tre di&nbsp;sax<\/li>\n\n\n\n<li>Illu\u00adsi\u00adon<\/li>\n\n\n\n<li>Total Slow&nbsp;Down<\/li>\n\n\n\n<li>From The&nbsp;Heart<\/li>\n\n\n\n<li>Softly Sway\u00ading&nbsp;Away<\/li>\n\n\n\n<li>Like A&nbsp;Dream<\/li>\n\n\n\n<li>Elegy<\/li>\n\n\n\n<li>Closed Eyes<\/li>\n\n\n\n<li>Field Of Sunflowers<\/li>\n\n\n\n<li>Melan\u00adcho\u00adlia&nbsp;Waltz<\/li>\n\n\n\n<li>Bet\u00adween Three Worlds<\/li>\n\n\n\n<li>Ocean Dream<\/li>\n<\/ol>\n\n\n\n<p> Spiel\u00adzeit: 71:08 <\/p>\n","protected":false},"excerpt":{"rendered":"<p>Anfang April dieses Jahres hatte ich die wirk\u00adlich tolle Gele\u00adgen\u00adheit, in die Roh\u00adfas\u00adsung einer Musik-CD hin\u00adein\u00adh\u00f6\u00adren zu d\u00fcrfen. Damals wusste ich nicht viel mehr \u00fcber diese Pro\u00adduk\u00adti\u00adon, als dass ein guter Freund als Musi\u00adker daran betei\u00adligt gewe\u00adsen ist. Heute, wo die frisch gepress\u00adte CD vor mir liegt, wei\u00df ich aber, dass ich einer der fr\u00fc\u00adhes\u00adten H\u00f6rer dieses Albums gewe\u00adsen sein muss. Und somit f\u00fcr mich Grund genug, hier an dieser Stelle etwas mehr ins Detail zu&nbsp;gehen.<\/p>\n","protected":false},"author":1,"featured_media":4665,"comment_status":"open","ping_status":"open","sticky":false,"template":"","format":"standard","meta":{"wp_typography_post_enhancements_disabled":false,"footnotes":""},"categories":[1279,500],"tags":[677,681,682,683,680,525,678,676,679],"class_list":["post-4663","post","type-post","status-publish","format-standard","has-post-thumbnail","hentry","category-chronologisch","category-musikalisch","tag-ambient","tag-christoph-berghorn","tag-doortje-maillard","tag-franz-hoesing","tag-klavier","tag-matthias-keidel","tag-meditation","tag-new-age","tag-piano"],"yoast_head":"<!-- This site is optimized with the Yoast SEO plugin v27.5 - https:\/\/yoast.com\/product\/yoast-seo-wordpress\/ -->\n<title>&quot;Let Go&quot; - Maic Schulte<\/title>\n<meta name=\"description\" content=\"&quot;Let Go&quot; - Musikalisch - Maic Schulte - Fotografie - Ruhrgebiet - Industrie - Portrait - Events - Autos - Rockabilly - Kunst - Schwarzwei\u00df\" \/>\n<meta name=\"robots\" content=\"index, follow, max-snippet:-1, max-image-preview:large, max-video-preview:-1\" \/>\n<link rel=\"canonical\" href=\"https:\/\/www.maicschulte.de\/wordpress\/?p=4663\" \/>\n<meta property=\"og:locale\" content=\"de_DE\" \/>\n<meta property=\"og:type\" content=\"article\" \/>\n<meta property=\"og:title\" content=\"&quot;Let Go&quot; - Maic Schulte\" \/>\n<meta property=\"og:description\" content=\"&quot;Let Go&quot; - Musikalisch - Maic Schulte - Fotografie - Ruhrgebiet - Industrie - Portrait - Events - Autos - Rockabilly - Kunst - Schwarzwei\u00df\" \/>\n<meta property=\"og:url\" content=\"https:\/\/www.maicschulte.de\/wordpress\/?p=4663\" \/>\n<meta property=\"og:site_name\" content=\"Maic Schulte\" \/>\n<meta property=\"article:published_time\" content=\"2019-06-25T21:04:31+00:00\" \/>\n<meta property=\"article:modified_time\" content=\"2023-03-23T18:22:03+00:00\" \/>\n<meta property=\"og:image\" content=\"https:\/\/www.maicschulte.de\/wordpress\/wp-content\/uploads\/2019\/06\/Let-Go-Christoph-Berghorn-Artikelbild.jpg\" \/>\n\t<meta property=\"og:image:width\" content=\"1600\" \/>\n\t<meta property=\"og:image:height\" content=\"765\" \/>\n\t<meta property=\"og:image:type\" content=\"image\/jpeg\" \/>\n<meta name=\"author\" content=\"Maic Schulte\" \/>\n<script type=\"application\/ld+json\" class=\"yoast-schema-graph\">{\"@context\":\"https:\\\/\\\/schema.org\",\"@graph\":[{\"@type\":\"Article\",\"@id\":\"https:\\\/\\\/www.maicschulte.de\\\/wordpress\\\/?p=4663#article\",\"isPartOf\":{\"@id\":\"https:\\\/\\\/www.maicschulte.de\\\/wordpress\\\/?p=4663\"},\"author\":{\"name\":\"Maic Schulte\",\"@id\":\"https:\\\/\\\/www.maicschulte.de\\\/wordpress\\\/#\\\/schema\\\/person\\\/809698f1c7b1655959515001723d716e\"},\"headline\":\"\u201cLet Go\u201d\",\"datePublished\":\"2019-06-25T21:04:31+00:00\",\"dateModified\":\"2023-03-23T18:22:03+00:00\",\"mainEntityOfPage\":{\"@id\":\"https:\\\/\\\/www.maicschulte.de\\\/wordpress\\\/?p=4663\"},\"wordCount\":1166,\"commentCount\":2,\"publisher\":{\"@id\":\"https:\\\/\\\/www.maicschulte.de\\\/wordpress\\\/#\\\/schema\\\/person\\\/809698f1c7b1655959515001723d716e\"},\"image\":{\"@id\":\"https:\\\/\\\/www.maicschulte.de\\\/wordpress\\\/?p=4663#primaryimage\"},\"thumbnailUrl\":\"https:\\\/\\\/www.maicschulte.de\\\/wordpress\\\/wp-content\\\/uploads\\\/2019\\\/06\\\/Let-Go-Christoph-Berghorn-Artikelbild.jpg\",\"keywords\":[\"Ambient\",\"Christoph Berghorn\",\"Doortje Maillard\",\"Franz H\u00f6sing\",\"Klavier\",\"Matthias Keidel\",\"Meditation\",\"New Age\",\"Piano\"],\"articleSection\":[\"Chronologisch\",\"Musikalisch\"],\"inLanguage\":\"de\",\"potentialAction\":[{\"@type\":\"CommentAction\",\"name\":\"Comment\",\"target\":[\"https:\\\/\\\/www.maicschulte.de\\\/wordpress\\\/?p=4663#respond\"]}]},{\"@type\":\"WebPage\",\"@id\":\"https:\\\/\\\/www.maicschulte.de\\\/wordpress\\\/?p=4663\",\"url\":\"https:\\\/\\\/www.maicschulte.de\\\/wordpress\\\/?p=4663\",\"name\":\"\\\"Let Go\\\" - Maic Schulte\",\"isPartOf\":{\"@id\":\"https:\\\/\\\/www.maicschulte.de\\\/wordpress\\\/#website\"},\"primaryImageOfPage\":{\"@id\":\"https:\\\/\\\/www.maicschulte.de\\\/wordpress\\\/?p=4663#primaryimage\"},\"image\":{\"@id\":\"https:\\\/\\\/www.maicschulte.de\\\/wordpress\\\/?p=4663#primaryimage\"},\"thumbnailUrl\":\"https:\\\/\\\/www.maicschulte.de\\\/wordpress\\\/wp-content\\\/uploads\\\/2019\\\/06\\\/Let-Go-Christoph-Berghorn-Artikelbild.jpg\",\"datePublished\":\"2019-06-25T21:04:31+00:00\",\"dateModified\":\"2023-03-23T18:22:03+00:00\",\"description\":\"\\\"Let Go\\\" - Musikalisch - Maic Schulte - Fotografie - Ruhrgebiet - Industrie - Portrait - Events - Autos - Rockabilly - Kunst - Schwarzwei\u00df\",\"breadcrumb\":{\"@id\":\"https:\\\/\\\/www.maicschulte.de\\\/wordpress\\\/?p=4663#breadcrumb\"},\"inLanguage\":\"de\",\"potentialAction\":[{\"@type\":\"ReadAction\",\"target\":[\"https:\\\/\\\/www.maicschulte.de\\\/wordpress\\\/?p=4663\"]}]},{\"@type\":\"ImageObject\",\"inLanguage\":\"de\",\"@id\":\"https:\\\/\\\/www.maicschulte.de\\\/wordpress\\\/?p=4663#primaryimage\",\"url\":\"https:\\\/\\\/www.maicschulte.de\\\/wordpress\\\/wp-content\\\/uploads\\\/2019\\\/06\\\/Let-Go-Christoph-Berghorn-Artikelbild.jpg\",\"contentUrl\":\"https:\\\/\\\/www.maicschulte.de\\\/wordpress\\\/wp-content\\\/uploads\\\/2019\\\/06\\\/Let-Go-Christoph-Berghorn-Artikelbild.jpg\",\"width\":1600,\"height\":765},{\"@type\":\"BreadcrumbList\",\"@id\":\"https:\\\/\\\/www.maicschulte.de\\\/wordpress\\\/?p=4663#breadcrumb\",\"itemListElement\":[{\"@type\":\"ListItem\",\"position\":1,\"name\":\"Startseite\",\"item\":\"https:\\\/\\\/www.maicschulte.de\\\/wordpress\"},{\"@type\":\"ListItem\",\"position\":2,\"name\":\"&#8220;Let Go&#8221;\"}]},{\"@type\":\"WebSite\",\"@id\":\"https:\\\/\\\/www.maicschulte.de\\\/wordpress\\\/#website\",\"url\":\"https:\\\/\\\/www.maicschulte.de\\\/wordpress\\\/\",\"name\":\"Maic Schulte\",\"description\":\"Fotografie aus Leidenschaft\",\"publisher\":{\"@id\":\"https:\\\/\\\/www.maicschulte.de\\\/wordpress\\\/#\\\/schema\\\/person\\\/809698f1c7b1655959515001723d716e\"},\"potentialAction\":[{\"@type\":\"SearchAction\",\"target\":{\"@type\":\"EntryPoint\",\"urlTemplate\":\"https:\\\/\\\/www.maicschulte.de\\\/wordpress\\\/?s={search_term_string}\"},\"query-input\":{\"@type\":\"PropertyValueSpecification\",\"valueRequired\":true,\"valueName\":\"search_term_string\"}}],\"inLanguage\":\"de\"},{\"@type\":[\"Person\",\"Organization\"],\"@id\":\"https:\\\/\\\/www.maicschulte.de\\\/wordpress\\\/#\\\/schema\\\/person\\\/809698f1c7b1655959515001723d716e\",\"name\":\"Maic Schulte\",\"image\":{\"@type\":\"ImageObject\",\"inLanguage\":\"de\",\"@id\":\"https:\\\/\\\/www.maicschulte.de\\\/wordpress\\\/wp-content\\\/uploads\\\/2025\\\/05\\\/Chronus_Maic_Schulte_Logo_605px-3.png\",\"url\":\"https:\\\/\\\/www.maicschulte.de\\\/wordpress\\\/wp-content\\\/uploads\\\/2025\\\/05\\\/Chronus_Maic_Schulte_Logo_605px-3.png\",\"contentUrl\":\"https:\\\/\\\/www.maicschulte.de\\\/wordpress\\\/wp-content\\\/uploads\\\/2025\\\/05\\\/Chronus_Maic_Schulte_Logo_605px-3.png\",\"width\":605,\"height\":200,\"caption\":\"Maic Schulte\"},\"logo\":{\"@id\":\"https:\\\/\\\/www.maicschulte.de\\\/wordpress\\\/wp-content\\\/uploads\\\/2025\\\/05\\\/Chronus_Maic_Schulte_Logo_605px-3.png\"},\"description\":\"Seit dem Tag, an dem mein Vater mich mit einer Kamera, einem Objektiv und zwei Illford-Schwarzwei\u00df-Filmen auf Entdeckungs-Tour geschickt hat, begleitet mich das Thema \\\"Fotografie\\\". Basierend auf WordPress, stellt diese Webseite - jetzt und in der Zukunft - eine Heimat f\u00fcr all meine Artikel und Fotos dar, welche wiederum aus allen Themenbereichen der klassischen &amp; modernen Fotografie kommen. Sei es nun die Fotografie in Schwarz-Wei\u00df; die Erkundung ehemaliger Industriegel\u00e4nde, welche f\u00fcr mich am ehesten \u201eDas Herz des Reviers\u201c widerspiegeln; ausdrucksstarke Portraits oder farbenfrohe Naturaufnahmen. Ganz egal! Es gelingt einfach jedem fotografischen Thema, meine Neugierde darauf zu erwecken. Dar\u00fcber hinaus habe ich aber auch ein ger\u00fctteltes Ma\u00df an Benzin im Blut und mag Autos &amp; Motorr\u00e4der, ganz egal ob nun neu, alt, aufgemotzt oder vollkommen original. Du siehst, die Auswahl an Artikeln &amp; Fotos ist also genauso breit gef\u00e4chert wie meine fotografischen Interessen.\",\"sameAs\":[\"https:\\\/\\\/www.maicschulte.de\"]}]}<\/script>\n<!-- \/ Yoast SEO plugin. -->","yoast_head_json":{"title":"\"Let Go\" - Maic Schulte","description":"\"Let Go\" - Musikalisch - Maic Schulte - Fotografie - Ruhrgebiet - Industrie - Portrait - Events - Autos - Rockabilly - Kunst - Schwarzwei\u00df","robots":{"index":"index","follow":"follow","max-snippet":"max-snippet:-1","max-image-preview":"max-image-preview:large","max-video-preview":"max-video-preview:-1"},"canonical":"https:\/\/www.maicschulte.de\/wordpress\/?p=4663","og_locale":"de_DE","og_type":"article","og_title":"\"Let Go\" - Maic Schulte","og_description":"\"Let Go\" - Musikalisch - Maic Schulte - Fotografie - Ruhrgebiet - Industrie - Portrait - Events - Autos - Rockabilly - Kunst - Schwarzwei\u00df","og_url":"https:\/\/www.maicschulte.de\/wordpress\/?p=4663","og_site_name":"Maic Schulte","article_published_time":"2019-06-25T21:04:31+00:00","article_modified_time":"2023-03-23T18:22:03+00:00","og_image":[{"width":1600,"height":765,"url":"https:\/\/www.maicschulte.de\/wordpress\/wp-content\/uploads\/2019\/06\/Let-Go-Christoph-Berghorn-Artikelbild.jpg","type":"image\/jpeg"}],"author":"Maic Schulte","schema":{"@context":"https:\/\/schema.org","@graph":[{"@type":"Article","@id":"https:\/\/www.maicschulte.de\/wordpress\/?p=4663#article","isPartOf":{"@id":"https:\/\/www.maicschulte.de\/wordpress\/?p=4663"},"author":{"name":"Maic Schulte","@id":"https:\/\/www.maicschulte.de\/wordpress\/#\/schema\/person\/809698f1c7b1655959515001723d716e"},"headline":"\u201cLet Go\u201d","datePublished":"2019-06-25T21:04:31+00:00","dateModified":"2023-03-23T18:22:03+00:00","mainEntityOfPage":{"@id":"https:\/\/www.maicschulte.de\/wordpress\/?p=4663"},"wordCount":1166,"commentCount":2,"publisher":{"@id":"https:\/\/www.maicschulte.de\/wordpress\/#\/schema\/person\/809698f1c7b1655959515001723d716e"},"image":{"@id":"https:\/\/www.maicschulte.de\/wordpress\/?p=4663#primaryimage"},"thumbnailUrl":"https:\/\/www.maicschulte.de\/wordpress\/wp-content\/uploads\/2019\/06\/Let-Go-Christoph-Berghorn-Artikelbild.jpg","keywords":["Ambient","Christoph Berghorn","Doortje Maillard","Franz H\u00f6sing","Klavier","Matthias Keidel","Meditation","New Age","Piano"],"articleSection":["Chronologisch","Musikalisch"],"inLanguage":"de","potentialAction":[{"@type":"CommentAction","name":"Comment","target":["https:\/\/www.maicschulte.de\/wordpress\/?p=4663#respond"]}]},{"@type":"WebPage","@id":"https:\/\/www.maicschulte.de\/wordpress\/?p=4663","url":"https:\/\/www.maicschulte.de\/wordpress\/?p=4663","name":"\"Let Go\" - Maic Schulte","isPartOf":{"@id":"https:\/\/www.maicschulte.de\/wordpress\/#website"},"primaryImageOfPage":{"@id":"https:\/\/www.maicschulte.de\/wordpress\/?p=4663#primaryimage"},"image":{"@id":"https:\/\/www.maicschulte.de\/wordpress\/?p=4663#primaryimage"},"thumbnailUrl":"https:\/\/www.maicschulte.de\/wordpress\/wp-content\/uploads\/2019\/06\/Let-Go-Christoph-Berghorn-Artikelbild.jpg","datePublished":"2019-06-25T21:04:31+00:00","dateModified":"2023-03-23T18:22:03+00:00","description":"\"Let Go\" - Musikalisch - Maic Schulte - Fotografie - Ruhrgebiet - Industrie - Portrait - Events - Autos - Rockabilly - Kunst - Schwarzwei\u00df","breadcrumb":{"@id":"https:\/\/www.maicschulte.de\/wordpress\/?p=4663#breadcrumb"},"inLanguage":"de","potentialAction":[{"@type":"ReadAction","target":["https:\/\/www.maicschulte.de\/wordpress\/?p=4663"]}]},{"@type":"ImageObject","inLanguage":"de","@id":"https:\/\/www.maicschulte.de\/wordpress\/?p=4663#primaryimage","url":"https:\/\/www.maicschulte.de\/wordpress\/wp-content\/uploads\/2019\/06\/Let-Go-Christoph-Berghorn-Artikelbild.jpg","contentUrl":"https:\/\/www.maicschulte.de\/wordpress\/wp-content\/uploads\/2019\/06\/Let-Go-Christoph-Berghorn-Artikelbild.jpg","width":1600,"height":765},{"@type":"BreadcrumbList","@id":"https:\/\/www.maicschulte.de\/wordpress\/?p=4663#breadcrumb","itemListElement":[{"@type":"ListItem","position":1,"name":"Startseite","item":"https:\/\/www.maicschulte.de\/wordpress"},{"@type":"ListItem","position":2,"name":"&#8220;Let Go&#8221;"}]},{"@type":"WebSite","@id":"https:\/\/www.maicschulte.de\/wordpress\/#website","url":"https:\/\/www.maicschulte.de\/wordpress\/","name":"Maic Schulte","description":"Fotografie aus Leidenschaft","publisher":{"@id":"https:\/\/www.maicschulte.de\/wordpress\/#\/schema\/person\/809698f1c7b1655959515001723d716e"},"potentialAction":[{"@type":"SearchAction","target":{"@type":"EntryPoint","urlTemplate":"https:\/\/www.maicschulte.de\/wordpress\/?s={search_term_string}"},"query-input":{"@type":"PropertyValueSpecification","valueRequired":true,"valueName":"search_term_string"}}],"inLanguage":"de"},{"@type":["Person","Organization"],"@id":"https:\/\/www.maicschulte.de\/wordpress\/#\/schema\/person\/809698f1c7b1655959515001723d716e","name":"Maic Schulte","image":{"@type":"ImageObject","inLanguage":"de","@id":"https:\/\/www.maicschulte.de\/wordpress\/wp-content\/uploads\/2025\/05\/Chronus_Maic_Schulte_Logo_605px-3.png","url":"https:\/\/www.maicschulte.de\/wordpress\/wp-content\/uploads\/2025\/05\/Chronus_Maic_Schulte_Logo_605px-3.png","contentUrl":"https:\/\/www.maicschulte.de\/wordpress\/wp-content\/uploads\/2025\/05\/Chronus_Maic_Schulte_Logo_605px-3.png","width":605,"height":200,"caption":"Maic Schulte"},"logo":{"@id":"https:\/\/www.maicschulte.de\/wordpress\/wp-content\/uploads\/2025\/05\/Chronus_Maic_Schulte_Logo_605px-3.png"},"description":"Seit dem Tag, an dem mein Vater mich mit einer Kamera, einem Objektiv und zwei Illford-Schwarzwei\u00df-Filmen auf Entdeckungs-Tour geschickt hat, begleitet mich das Thema \"Fotografie\". Basierend auf WordPress, stellt diese Webseite - jetzt und in der Zukunft - eine Heimat f\u00fcr all meine Artikel und Fotos dar, welche wiederum aus allen Themenbereichen der klassischen &amp; modernen Fotografie kommen. Sei es nun die Fotografie in Schwarz-Wei\u00df; die Erkundung ehemaliger Industriegel\u00e4nde, welche f\u00fcr mich am ehesten \u201eDas Herz des Reviers\u201c widerspiegeln; ausdrucksstarke Portraits oder farbenfrohe Naturaufnahmen. Ganz egal! Es gelingt einfach jedem fotografischen Thema, meine Neugierde darauf zu erwecken. Dar\u00fcber hinaus habe ich aber auch ein ger\u00fctteltes Ma\u00df an Benzin im Blut und mag Autos &amp; Motorr\u00e4der, ganz egal ob nun neu, alt, aufgemotzt oder vollkommen original. Du siehst, die Auswahl an Artikeln &amp; Fotos ist also genauso breit gef\u00e4chert wie meine fotografischen Interessen.","sameAs":["https:\/\/www.maicschulte.de"]}]}},"_links":{"self":[{"href":"https:\/\/www.maicschulte.de\/wordpress\/index.php?rest_route=\/wp\/v2\/posts\/4663","targetHints":{"allow":["GET"]}}],"collection":[{"href":"https:\/\/www.maicschulte.de\/wordpress\/index.php?rest_route=\/wp\/v2\/posts"}],"about":[{"href":"https:\/\/www.maicschulte.de\/wordpress\/index.php?rest_route=\/wp\/v2\/types\/post"}],"author":[{"embeddable":true,"href":"https:\/\/www.maicschulte.de\/wordpress\/index.php?rest_route=\/wp\/v2\/users\/1"}],"replies":[{"embeddable":true,"href":"https:\/\/www.maicschulte.de\/wordpress\/index.php?rest_route=%2Fwp%2Fv2%2Fcomments&post=4663"}],"version-history":[{"count":14,"href":"https:\/\/www.maicschulte.de\/wordpress\/index.php?rest_route=\/wp\/v2\/posts\/4663\/revisions"}],"predecessor-version":[{"id":13776,"href":"https:\/\/www.maicschulte.de\/wordpress\/index.php?rest_route=\/wp\/v2\/posts\/4663\/revisions\/13776"}],"wp:featuredmedia":[{"embeddable":true,"href":"https:\/\/www.maicschulte.de\/wordpress\/index.php?rest_route=\/wp\/v2\/media\/4665"}],"wp:attachment":[{"href":"https:\/\/www.maicschulte.de\/wordpress\/index.php?rest_route=%2Fwp%2Fv2%2Fmedia&parent=4663"}],"wp:term":[{"taxonomy":"category","embeddable":true,"href":"https:\/\/www.maicschulte.de\/wordpress\/index.php?rest_route=%2Fwp%2Fv2%2Fcategories&post=4663"},{"taxonomy":"post_tag","embeddable":true,"href":"https:\/\/www.maicschulte.de\/wordpress\/index.php?rest_route=%2Fwp%2Fv2%2Ftags&post=4663"}],"curies":[{"name":"wp","href":"https:\/\/api.w.org\/{rel}","templated":true}]}}