{"id":4859,"date":"2020-10-18T20:24:42","date_gmt":"2020-10-18T19:24:42","guid":{"rendered":"https:\/\/www.maicschulte.de\/?p=4859"},"modified":"2023-03-23T18:22:52","modified_gmt":"2023-03-23T17:22:52","slug":"der-gerechte","status":"publish","type":"post","link":"https:\/\/www.maicschulte.de\/wordpress\/?p=4859","title":{"rendered":"\u201cDer Gerechte\u201d"},"content":{"rendered":"\n<figure class=\"wp-block-image size-large is-style-default\"><a href=\"https:\/\/www.maicschulte.de\/wordpress\/wp-content\/uploads\/2020\/10\/Pankok-006.jpg\" data-rel=\"lightbox-gallery-0\" data-rl_title data-rl_caption title><img loading=\"lazy\" decoding=\"async\" width=\"1248\" height=\"860\" src=\"https:\/\/www.maicschulte.de\/wordpress\/wp-content\/uploads\/2020\/10\/Pankok-006.jpg\" alt class=\"wp-image-4865\" srcset=\"https:\/\/www.maicschulte.de\/wordpress\/wp-content\/uploads\/2020\/10\/Pankok-006.jpg 1248w, https:\/\/www.maicschulte.de\/wordpress\/wp-content\/uploads\/2020\/10\/Pankok-006-300x207.jpg 300w, https:\/\/www.maicschulte.de\/wordpress\/wp-content\/uploads\/2020\/10\/Pankok-006-768x529.jpg 768w, https:\/\/www.maicschulte.de\/wordpress\/wp-content\/uploads\/2020\/10\/Pankok-006-762x525.jpg 762w, https:\/\/www.maicschulte.de\/wordpress\/wp-content\/uploads\/2020\/10\/Pankok-006-544x375.jpg 544w\" sizes=\"auto, (max-width: 1248px) 100vw, 1248px\"><\/a><\/figure>\n\n\n\n<p>Um eine inter\u00ades\u00adsan\u00adte Geschich\u00adte zu erfah\u00adren, oder bedeu\u00adten\u00adde Kunst zu erle\u00adben, muss man im M\u00fcns\u00adter\u00adland zum Gl\u00fcck nie weit fahren. Ist dieser Land\u00adstrich im Nord\u00adwes\u00adten Deutsch\u00adlands doch ange\u00adf\u00fcllt mit Anek\u00addo\u00adten, Per\u00ads\u00f6n\u00adlich\u00adkei\u00adten und his\u00adto\u00adrisch rele\u00advan\u00adten Orten. So sehr, dass es ver\u00admut\u00adlich l\u00e4nger als ein Men\u00adschen\u00adle\u00adben dauern w\u00fcrde, wollte man alles einmal mit eige\u00adnen Augen sehen. Grund genug f\u00fcr mich, heute nur einen dieser Orte hier vor\u00adzu\u00adstel\u00adlen: das Otto-Pankok-Museum, wel\u00adches im Haus Esselt in H\u00fcnxe seine Heimat gefun\u00adden&nbsp;hat.<\/p>\n\n\n\n<!--more-->\n\n\n\n<p>Mein erster Kon\u00adtakt mit diesem Museum liegt schon recht lange zur\u00fcck. Ich war damals noch Foto\u00adgraf f\u00fcr das Kunst\u00adma\u00adga\u00adzin \u201emensch + kunst\u201c und als eben\u00adsol\u00adcher von einem gewis\u00adsen Herrn G\u00fcnter Grass gela\u00adden. Jener hat damals dort aus seinem Buch \u201eBeim H\u00e4uten der Zwie\u00adbel\u201c gele\u00adsen und war so freund\u00adlich, einer klei\u00adnen Anzahl Foto\u00adgra\u00adfen die Erlaub\u00adnis zu ertei\u00adlen, dies f\u00fcr die Nach\u00adwelt auf Zel\u00adlu\u00adloid zu bannen.<\/p>\n\n\n\n<p>Sp\u00e4\u00adtes\u00adtens jetzt werden sich die ersten fragen, was hat der Lite\u00adra\u00adtur-Nobel\u00adpreis\u00adtr\u00e4\u00adger Grass mit dem besag\u00adten Museum zu tun? Kurzum, sehr viel! Herr Grass hat in der Zeit von 1948 bis 1952 an der Kunst\u00adaka\u00adde\u00admie in D\u00fcs\u00adsel\u00addorf Bild\u00adhaue\u00adrei stu\u00addiert und dies bei keinem Gerin\u00adge\u00adren als Otto Pankok. Ja, genau. Der sp\u00e4\u00adte\u00adre Blech\u00adtrom\u00admel-Autor begann seine k\u00fcnst\u00adle\u00adri\u00adsche Kar\u00adrie\u00adre als Gra\u00adfi\u00adker und Bild\u00adhau\u00ader. Ein Umstand, der nur den wenigs\u00adten bekannt sein d\u00fcrfte. Dieses erkl\u00e4rt aber auch sehr sch\u00f6n, warum Herr Grass Zeit seines Lebens mit der Fami\u00adlie Pankok und dem Haus Esselt ver\u00adbun\u00adden gewe\u00adsen ist. Doch ich schwei\u00adfe ab; soll es in diesem (etwas aus\u00adufern\u00adden) Arti\u00adkel doch viel mehr um die Person Otto Pankok gehen.<\/p>\n\n\n\n<p>Pankok, der 1893 in M\u00fcl\u00adheim gebo\u00adren wurde, begann im Alter von 20 Jahren sein Stu\u00addi\u00adum an der Kunst\u00adaka\u00adde\u00admie in D\u00fcs\u00adsel\u00addorf. Hier wohl noch nicht ahnend \u2013 da er sein Stu\u00addi\u00adum abbrach \u2014 dass er dort sp\u00e4ter selbst als Pro\u00adfes\u00adsor t\u00e4tig sein w\u00fcrde. In den Wirren des 1. Welt\u00adkrie\u00adges, der 1914 begann, wurde er ver\u00adletzt, war lange Zeit im Laza\u00adrett und wurde sp\u00e4ter als wehr\u00adun\u00adtaug\u00adlich aus der Armee entlassen.<\/p>\n\n\n\n<p>In den Jahren danach lie\u00df er sich in D\u00fcs\u00adsel\u00addorf nieder, wo er auf so Per\u00ads\u00f6n\u00adlich\u00adkei\u00adten wie Otto Dix und Gert Woll\u00adheim traf. Alle\u00adsamt eben\u00adfalls Mit\u00adglie\u00adder der K\u00fcnst\u00adler\u00adgrup\u00adpe \u201eJunges Rhein\u00adland\u201c. Dem auf\u00admerk\u00adsa\u00admen Leser d\u00fcrfte sp\u00e4\u00adtes\u00adtens hier klar sein, dass der k\u00fcnst\u00adle\u00adri\u00adsche Weg f\u00fcr Otto Pankok vor\u00adbe\u00adstimmt gewe\u00adsen&nbsp;ist.<\/p>\n\n\n\n<p>Ich m\u00f6chte an dieser Stelle die Gele\u00adgen\u00adheit nutzen, den wei\u00adte\u00adren Wer\u00adde\u00adgang Otto Pan\u00adkoks etwas zu straf\u00adfen und nicht bis ins letzte Detail zu erz\u00e4h\u00adlen. Letzt\u00adend\u00adlich w\u00e4re ich \u2013 man\u00adgels k\u00fcnst\u00adle\u00adri\u00adscher Kom\u00adpe\u00adtenz \u2013 auch die kom\u00adplett fal\u00adsche Person hier\u00adf\u00fcr und es gibt dar\u00ad\u00fcber hinaus fach\u00adlich weit\u00adaus bes\u00adse\u00adre Quel\u00adlen. F\u00fcr mich ist in diesem Arti\u00adkel einzig und allein die Zeit ab 1958 inter\u00ades\u00adsant, die auf seine Lehr\u00adt\u00e4\u00adtig\u00adkeit an der Kunst\u00adaka\u00adde\u00admie D\u00fcs\u00adsel\u00addorf folgte. Denn ab diesem Zeit\u00adpunkt wohnte die Fami\u00adlie Pankok auf Haus Esselt, wel\u00adches auch Inhalt dieser klei\u00adnen Foto\u00adstre\u00adcke&nbsp;ist.<\/p>\n\n\n\n<p>Pan\u00adkoks Werk, stets gepr\u00e4gt durch den Ein\u00adfluss seines gro\u00dfen Vor\u00adbil\u00addes van Gogh, besteht aus gro\u00df\u00adfor\u00adma\u00adti\u00adgen Koh\u00adle\u00adge\u00adm\u00e4l\u00adden, Holz\u00addru\u00adcken, Skulp\u00adtu\u00adren und vielem mehr. Wobei sein bekann\u00adtes\u00adtes Werk der Holz\u00adschnitt \u201eChris\u00adtus zer\u00adbricht das Gewehr\u201c sein d\u00fcrfte, wel\u00adches im Rahmen der Frie\u00addens\u00adbe\u00adwe\u00adgung sehr oft gedruckt wurde. Den M\u00fcl\u00adhei\u00admer Lesern k\u00f6nnte even\u00adtu\u00adell noch das \u201eM\u00e4d\u00adchen mit Ball\u201c im Stadt\u00adteil Saarn bekannt sein, doch auch im M\u00fcns\u00adter\u00adland finden sich allent\u00adhal\u00adben Spuren seines Schaf\u00adfens. So steht zum Bei\u00adspiel in der Kirche in Br\u00fcnen die Plas\u00adtik \u201eSit\u00adzen\u00adde Frau mit in die H\u00e4nde gest\u00fctz\u00adtem Kopf\u201c, welche dort als Mahn\u00admal auf\u00adge\u00adstellt wurde.<\/p>\n\n\n\n<p>Auf einen Punkt muss ich jedoch noch ein\u00adge\u00adhen, bevor ich Euch die kleine Foto\u00adstre\u00adcke aus dem Haus Esselt zeigen kann. Warum hei\u00dft dieser Arti\u00adkel \u201eDer Gerechte\u201c?<\/p>\n\n\n\n<p>Dies geht auf eine Ehrung zur\u00fcck, die die israe\u00adli\u00adti\u00adsche Holo\u00adcaust-For\u00adschungs- und Gedenk\u00adst\u00e4t\u00adte Yad Vashem ver\u00adgibt. Diese Ehrung \u2013 welche ganz genau \u201eGerech\u00adte unter den V\u00f6l\u00adkern\u201c hei\u00dft \u2013 wurde im August 2013 dem Ehe\u00adpaar Otto und Hulda Pankok post\u00adhum ver\u00adlie\u00adhen. Ein wei\u00adte\u00adrer bekann\u00adter Tr\u00e4ger dieser Aus\u00adzeich\u00adnung ist zum Bei\u00adspiel Oskar Schind\u00adler nebst Ehe\u00adfrau.<br><br>Den Pan\u00adkoks wurde diese Ehre zuteil, weil diese zusam\u00admen mit dem kath. Pfar\u00adrer Josef Emmons ver\u00adhin\u00addert haben, dass das Ehe\u00adpaar Brun\u00adhil\u00adde &amp; Mat\u00adthi\u00adas Barz durch die Gesta\u00adpo ermor\u00addet wird. Dies gelang nur, weil das Ehe\u00adpaar Barz im Hause Pan\u00adkoks unter\u00adtau\u00adchen konnte. Die Ehe\u00adleu\u00adte Barz wurden von der Gesta\u00adpo ver\u00adfolgt, weil sie eine j\u00fcdi\u00adsche Schau\u00adspie\u00adle\u00adrin gewe\u00adsen ist und er ein K\u00fcnst\u00adler, der von den Nazis mit Arbeits\u00adver\u00adbot belegt worden war. Seine Werke galten in der Zeit des Nazi-Regimes als \u201eEnt\u00adar\u00adte\u00adte Kunst\u201c. Ein Umstand, wel\u00adcher in der Zeit von 1933\u20131945 voll\u00adkom\u00admen aus\u00adreich\u00adte, um von der Gesta\u00adpo ver\u00adfolgt und ermor\u00addet zu werden.&nbsp;<\/p>\n\n\n\n<p>Diese mutige und zugleich bewun\u00adderns\u00adwer\u00adte Tat \u2014 das Ver\u00adste\u00adcken der Ehe\u00adleu\u00adte Barz -, war f\u00fcr mich Grund genug, meinen Arti\u00adkel mit dieser \u00dcber\u00adschrift zu ver\u00adse\u00adhen. Zeich\u00adnet dieses Han\u00addeln doch einen wahr\u00adlich Gerech\u00adten&nbsp;aus.<\/p>\n\n\n\n<p>Nun bleibt mir an dieser Stelle nicht viel mehr \u00fcbrig, als jedem vom euch einen Besuch auf Haus Esselt zu emp\u00adfeh\u00adlen, sich ein wenig mit dem Werk von Otto Pankok aus\u00adein\u00adan\u00adder\u00adzu\u00adset\u00adzen und gesund durch den bevor\u00adste\u00adhen\u00adden zwei\u00adten Lock\u00addown zu kommen.&nbsp;<\/p>\n\n\n\n<p>Euer Maic.<\/p>\n\n\n\n<p>P.S: Ver\u00adst\u00e4nd\u00adli\u00adcher\u00adwei\u00adse ist das gesam\u00adte Werk Otto Pan\u00adkoks urhe\u00adber\u00adrecht\u00adlich gesch\u00fctzt, wes\u00adwe\u00adgen ich Euch an dieser Stelle auch nur einen groben Abriss seines Schaf\u00adfens zeigen kann. Seht diese Foto-Stre\u00adcke also weni\u00adger als Gesamt\u00ad\u00fcber\u00adsicht, son\u00addern viel eher als Appe\u00adtit\u00adh\u00e4pp\u00adchen, wel\u00adches Euch neu\u00adgie\u00adrig auf einen Besuch im Haus Esselt machen soll&nbsp;;-)<\/p>\n\n\n\n<figure class=\"wp-block-gallery has-nested-images columns-default is-cropped wp-block-gallery-2 is-layout-flex wp-block-gallery-is-layout-flex\">\n<figure class=\"wp-block-image size-large\"><a href=\"https:\/\/www.maicschulte.de\/wordpress\/wp-content\/uploads\/2020\/10\/Pankok-001.jpg\" data-rel=\"lightbox-gallery-0\" data-rl_title data-rl_caption title><img loading=\"lazy\" decoding=\"async\" width=\"924\" height=\"1260\" data-id=\"4860\" src=\"https:\/\/www.maicschulte.de\/wordpress\/wp-content\/uploads\/2020\/10\/Pankok-001.jpg\" alt=\"Otto Pankok Museum und Umgebung\" class=\"wp-image-4860\" srcset=\"https:\/\/www.maicschulte.de\/wordpress\/wp-content\/uploads\/2020\/10\/Pankok-001.jpg 924w, https:\/\/www.maicschulte.de\/wordpress\/wp-content\/uploads\/2020\/10\/Pankok-001-220x300.jpg 220w, https:\/\/www.maicschulte.de\/wordpress\/wp-content\/uploads\/2020\/10\/Pankok-001-768x1047.jpg 768w, https:\/\/www.maicschulte.de\/wordpress\/wp-content\/uploads\/2020\/10\/Pankok-001-385x525.jpg 385w, https:\/\/www.maicschulte.de\/wordpress\/wp-content\/uploads\/2020\/10\/Pankok-001-275x375.jpg 275w\" sizes=\"auto, (max-width: 924px) 100vw, 924px\"><\/a><\/figure>\n\n\n\n<figure class=\"wp-block-image size-large\"><a href=\"https:\/\/www.maicschulte.de\/wordpress\/wp-content\/uploads\/2020\/10\/Pankok-002.jpg\" data-rel=\"lightbox-gallery-0\" data-rl_title data-rl_caption title><img loading=\"lazy\" decoding=\"async\" width=\"899\" height=\"1260\" data-id=\"4861\" src=\"https:\/\/www.maicschulte.de\/wordpress\/wp-content\/uploads\/2020\/10\/Pankok-002.jpg\" alt=\"Otto Pankok Museum und Umgebung\" class=\"wp-image-4861\" srcset=\"https:\/\/www.maicschulte.de\/wordpress\/wp-content\/uploads\/2020\/10\/Pankok-002.jpg 899w, https:\/\/www.maicschulte.de\/wordpress\/wp-content\/uploads\/2020\/10\/Pankok-002-214x300.jpg 214w, https:\/\/www.maicschulte.de\/wordpress\/wp-content\/uploads\/2020\/10\/Pankok-002-768x1076.jpg 768w, https:\/\/www.maicschulte.de\/wordpress\/wp-content\/uploads\/2020\/10\/Pankok-002-375x525.jpg 375w, https:\/\/www.maicschulte.de\/wordpress\/wp-content\/uploads\/2020\/10\/Pankok-002-268x375.jpg 268w\" sizes=\"auto, (max-width: 899px) 100vw, 899px\"><\/a><\/figure>\n\n\n\n<figure class=\"wp-block-image size-large\"><a href=\"https:\/\/www.maicschulte.de\/wordpress\/wp-content\/uploads\/2020\/10\/Pankok-003.jpg\" data-rel=\"lightbox-gallery-0\" data-rl_title data-rl_caption title><img loading=\"lazy\" decoding=\"async\" width=\"1248\" height=\"854\" data-id=\"4862\" src=\"https:\/\/www.maicschulte.de\/wordpress\/wp-content\/uploads\/2020\/10\/Pankok-003.jpg\" alt=\"Otto Pankok Museum und Umgebung\" class=\"wp-image-4862\" srcset=\"https:\/\/www.maicschulte.de\/wordpress\/wp-content\/uploads\/2020\/10\/Pankok-003.jpg 1248w, https:\/\/www.maicschulte.de\/wordpress\/wp-content\/uploads\/2020\/10\/Pankok-003-300x205.jpg 300w, https:\/\/www.maicschulte.de\/wordpress\/wp-content\/uploads\/2020\/10\/Pankok-003-768x526.jpg 768w, https:\/\/www.maicschulte.de\/wordpress\/wp-content\/uploads\/2020\/10\/Pankok-003-767x525.jpg 767w, https:\/\/www.maicschulte.de\/wordpress\/wp-content\/uploads\/2020\/10\/Pankok-003-548x375.jpg 548w\" sizes=\"auto, (max-width: 1248px) 100vw, 1248px\"><\/a><\/figure>\n\n\n\n<figure class=\"wp-block-image size-large\"><a href=\"https:\/\/www.maicschulte.de\/wordpress\/wp-content\/uploads\/2020\/10\/Pankok-004.jpg\" data-rel=\"lightbox-gallery-0\" data-rl_title data-rl_caption title><img loading=\"lazy\" decoding=\"async\" width=\"1248\" height=\"860\" data-id=\"4863\" src=\"https:\/\/www.maicschulte.de\/wordpress\/wp-content\/uploads\/2020\/10\/Pankok-004.jpg\" alt=\"Otto Pankok Museum und Umgebung\" class=\"wp-image-4863\" srcset=\"https:\/\/www.maicschulte.de\/wordpress\/wp-content\/uploads\/2020\/10\/Pankok-004.jpg 1248w, https:\/\/www.maicschulte.de\/wordpress\/wp-content\/uploads\/2020\/10\/Pankok-004-300x207.jpg 300w, https:\/\/www.maicschulte.de\/wordpress\/wp-content\/uploads\/2020\/10\/Pankok-004-768x529.jpg 768w, https:\/\/www.maicschulte.de\/wordpress\/wp-content\/uploads\/2020\/10\/Pankok-004-762x525.jpg 762w, https:\/\/www.maicschulte.de\/wordpress\/wp-content\/uploads\/2020\/10\/Pankok-004-544x375.jpg 544w\" sizes=\"auto, (max-width: 1248px) 100vw, 1248px\"><\/a><\/figure>\n\n\n\n<figure class=\"wp-block-image size-large\"><a href=\"https:\/\/www.maicschulte.de\/wordpress\/wp-content\/uploads\/2020\/10\/Pankok-008.jpg\" data-rel=\"lightbox-gallery-0\" data-rl_title data-rl_caption title><img loading=\"lazy\" decoding=\"async\" width=\"1248\" height=\"860\" data-id=\"4867\" src=\"https:\/\/www.maicschulte.de\/wordpress\/wp-content\/uploads\/2020\/10\/Pankok-008.jpg\" alt=\"Otto Pankok Museum und Umgebung\" class=\"wp-image-4867\" srcset=\"https:\/\/www.maicschulte.de\/wordpress\/wp-content\/uploads\/2020\/10\/Pankok-008.jpg 1248w, https:\/\/www.maicschulte.de\/wordpress\/wp-content\/uploads\/2020\/10\/Pankok-008-300x207.jpg 300w, https:\/\/www.maicschulte.de\/wordpress\/wp-content\/uploads\/2020\/10\/Pankok-008-768x529.jpg 768w, https:\/\/www.maicschulte.de\/wordpress\/wp-content\/uploads\/2020\/10\/Pankok-008-762x525.jpg 762w, https:\/\/www.maicschulte.de\/wordpress\/wp-content\/uploads\/2020\/10\/Pankok-008-544x375.jpg 544w\" sizes=\"auto, (max-width: 1248px) 100vw, 1248px\"><\/a><\/figure>\n\n\n\n<figure class=\"wp-block-image size-large\"><a href=\"https:\/\/www.maicschulte.de\/wordpress\/wp-content\/uploads\/2020\/10\/Pankok-005.jpg\" data-rel=\"lightbox-gallery-0\" data-rl_title data-rl_caption title><img loading=\"lazy\" decoding=\"async\" width=\"922\" height=\"1260\" data-id=\"4864\" src=\"https:\/\/www.maicschulte.de\/wordpress\/wp-content\/uploads\/2020\/10\/Pankok-005.jpg\" alt=\"Otto Pankok Museum und Umgebung\" class=\"wp-image-4864\" srcset=\"https:\/\/www.maicschulte.de\/wordpress\/wp-content\/uploads\/2020\/10\/Pankok-005.jpg 922w, https:\/\/www.maicschulte.de\/wordpress\/wp-content\/uploads\/2020\/10\/Pankok-005-220x300.jpg 220w, https:\/\/www.maicschulte.de\/wordpress\/wp-content\/uploads\/2020\/10\/Pankok-005-768x1050.jpg 768w, https:\/\/www.maicschulte.de\/wordpress\/wp-content\/uploads\/2020\/10\/Pankok-005-384x525.jpg 384w, https:\/\/www.maicschulte.de\/wordpress\/wp-content\/uploads\/2020\/10\/Pankok-005-274x375.jpg 274w\" sizes=\"auto, (max-width: 922px) 100vw, 922px\"><\/a><\/figure>\n\n\n\n<figure class=\"wp-block-image size-large\"><a href=\"https:\/\/www.maicschulte.de\/wordpress\/wp-content\/uploads\/2020\/10\/Pankok-006.jpg\" data-rel=\"lightbox-gallery-0\" data-rl_title data-rl_caption title><img loading=\"lazy\" decoding=\"async\" width=\"1248\" height=\"860\" data-id=\"4865\" src=\"https:\/\/www.maicschulte.de\/wordpress\/wp-content\/uploads\/2020\/10\/Pankok-006.jpg\" alt=\"Otto Pankok Museum und Umgebung\" class=\"wp-image-4865\" srcset=\"https:\/\/www.maicschulte.de\/wordpress\/wp-content\/uploads\/2020\/10\/Pankok-006.jpg 1248w, https:\/\/www.maicschulte.de\/wordpress\/wp-content\/uploads\/2020\/10\/Pankok-006-300x207.jpg 300w, https:\/\/www.maicschulte.de\/wordpress\/wp-content\/uploads\/2020\/10\/Pankok-006-768x529.jpg 768w, https:\/\/www.maicschulte.de\/wordpress\/wp-content\/uploads\/2020\/10\/Pankok-006-762x525.jpg 762w, https:\/\/www.maicschulte.de\/wordpress\/wp-content\/uploads\/2020\/10\/Pankok-006-544x375.jpg 544w\" sizes=\"auto, (max-width: 1248px) 100vw, 1248px\"><\/a><\/figure>\n\n\n\n<figure class=\"wp-block-image size-large\"><a href=\"https:\/\/www.maicschulte.de\/wordpress\/wp-content\/uploads\/2020\/10\/Pankok-007.jpg\" data-rel=\"lightbox-gallery-0\" data-rl_title data-rl_caption title><img loading=\"lazy\" decoding=\"async\" width=\"825\" height=\"1260\" data-id=\"4866\" src=\"https:\/\/www.maicschulte.de\/wordpress\/wp-content\/uploads\/2020\/10\/Pankok-007.jpg\" alt=\"Otto Pankok Museum und Umgebung\" class=\"wp-image-4866\" srcset=\"https:\/\/www.maicschulte.de\/wordpress\/wp-content\/uploads\/2020\/10\/Pankok-007.jpg 825w, https:\/\/www.maicschulte.de\/wordpress\/wp-content\/uploads\/2020\/10\/Pankok-007-196x300.jpg 196w, https:\/\/www.maicschulte.de\/wordpress\/wp-content\/uploads\/2020\/10\/Pankok-007-768x1173.jpg 768w, https:\/\/www.maicschulte.de\/wordpress\/wp-content\/uploads\/2020\/10\/Pankok-007-344x525.jpg 344w, https:\/\/www.maicschulte.de\/wordpress\/wp-content\/uploads\/2020\/10\/Pankok-007-246x375.jpg 246w\" sizes=\"auto, (max-width: 825px) 100vw, 825px\"><\/a><\/figure>\n\n\n\n<figure class=\"wp-block-image size-large\"><a href=\"https:\/\/www.maicschulte.de\/wordpress\/wp-content\/uploads\/2020\/10\/Pankok-009.jpg\" data-rel=\"lightbox-gallery-0\" data-rl_title data-rl_caption title><img loading=\"lazy\" decoding=\"async\" width=\"1248\" height=\"809\" data-id=\"4868\" src=\"https:\/\/www.maicschulte.de\/wordpress\/wp-content\/uploads\/2020\/10\/Pankok-009.jpg\" alt=\"Otto Pankok Museum und Umgebung\" class=\"wp-image-4868\" srcset=\"https:\/\/www.maicschulte.de\/wordpress\/wp-content\/uploads\/2020\/10\/Pankok-009.jpg 1248w, https:\/\/www.maicschulte.de\/wordpress\/wp-content\/uploads\/2020\/10\/Pankok-009-300x194.jpg 300w, https:\/\/www.maicschulte.de\/wordpress\/wp-content\/uploads\/2020\/10\/Pankok-009-768x498.jpg 768w, https:\/\/www.maicschulte.de\/wordpress\/wp-content\/uploads\/2020\/10\/Pankok-009-810x525.jpg 810w, https:\/\/www.maicschulte.de\/wordpress\/wp-content\/uploads\/2020\/10\/Pankok-009-578x375.jpg 578w\" sizes=\"auto, (max-width: 1248px) 100vw, 1248px\"><\/a><\/figure>\n\n\n\n<figure class=\"wp-block-image size-large\"><a href=\"https:\/\/www.maicschulte.de\/wordpress\/wp-content\/uploads\/2020\/10\/Pankok-010.jpg\" data-rel=\"lightbox-gallery-0\" data-rl_title data-rl_caption title><img loading=\"lazy\" decoding=\"async\" width=\"1248\" height=\"826\" data-id=\"4869\" src=\"https:\/\/www.maicschulte.de\/wordpress\/wp-content\/uploads\/2020\/10\/Pankok-010.jpg\" alt=\"Otto Pankok Museum und Umgebung\" class=\"wp-image-4869\" srcset=\"https:\/\/www.maicschulte.de\/wordpress\/wp-content\/uploads\/2020\/10\/Pankok-010.jpg 1248w, https:\/\/www.maicschulte.de\/wordpress\/wp-content\/uploads\/2020\/10\/Pankok-010-300x199.jpg 300w, https:\/\/www.maicschulte.de\/wordpress\/wp-content\/uploads\/2020\/10\/Pankok-010-768x508.jpg 768w, https:\/\/www.maicschulte.de\/wordpress\/wp-content\/uploads\/2020\/10\/Pankok-010-793x525.jpg 793w, https:\/\/www.maicschulte.de\/wordpress\/wp-content\/uploads\/2020\/10\/Pankok-010-120x80.jpg 120w, https:\/\/www.maicschulte.de\/wordpress\/wp-content\/uploads\/2020\/10\/Pankok-010-567x375.jpg 567w\" sizes=\"auto, (max-width: 1248px) 100vw, 1248px\"><\/a><\/figure>\n\n\n\n<figure class=\"wp-block-image size-large\"><a href=\"https:\/\/www.maicschulte.de\/wordpress\/wp-content\/uploads\/2020\/10\/Pankok-011.jpg\" data-rel=\"lightbox-gallery-0\" data-rl_title data-rl_caption title><img loading=\"lazy\" decoding=\"async\" width=\"1002\" height=\"1260\" data-id=\"4870\" src=\"https:\/\/www.maicschulte.de\/wordpress\/wp-content\/uploads\/2020\/10\/Pankok-011.jpg\" alt=\"Otto Pankok Museum und Umgebung\" class=\"wp-image-4870\" srcset=\"https:\/\/www.maicschulte.de\/wordpress\/wp-content\/uploads\/2020\/10\/Pankok-011.jpg 1002w, https:\/\/www.maicschulte.de\/wordpress\/wp-content\/uploads\/2020\/10\/Pankok-011-239x300.jpg 239w, https:\/\/www.maicschulte.de\/wordpress\/wp-content\/uploads\/2020\/10\/Pankok-011-768x966.jpg 768w, https:\/\/www.maicschulte.de\/wordpress\/wp-content\/uploads\/2020\/10\/Pankok-011-418x525.jpg 418w, https:\/\/www.maicschulte.de\/wordpress\/wp-content\/uploads\/2020\/10\/Pankok-011-298x375.jpg 298w\" sizes=\"auto, (max-width: 1002px) 100vw, 1002px\"><\/a><\/figure>\n\n\n\n<figure class=\"wp-block-image size-large\"><a href=\"https:\/\/www.maicschulte.de\/wordpress\/wp-content\/uploads\/2020\/10\/Pankok-013.jpg\" data-rel=\"lightbox-gallery-0\" data-rl_title data-rl_caption title><img loading=\"lazy\" decoding=\"async\" width=\"1248\" height=\"706\" data-id=\"4871\" src=\"https:\/\/www.maicschulte.de\/wordpress\/wp-content\/uploads\/2020\/10\/Pankok-013.jpg\" alt=\"Otto Pankok Museum und Umgebung\" class=\"wp-image-4871\" srcset=\"https:\/\/www.maicschulte.de\/wordpress\/wp-content\/uploads\/2020\/10\/Pankok-013.jpg 1248w, https:\/\/www.maicschulte.de\/wordpress\/wp-content\/uploads\/2020\/10\/Pankok-013-300x170.jpg 300w, https:\/\/www.maicschulte.de\/wordpress\/wp-content\/uploads\/2020\/10\/Pankok-013-768x434.jpg 768w, https:\/\/www.maicschulte.de\/wordpress\/wp-content\/uploads\/2020\/10\/Pankok-013-840x475.jpg 840w, https:\/\/www.maicschulte.de\/wordpress\/wp-content\/uploads\/2020\/10\/Pankok-013-600x339.jpg 600w\" sizes=\"auto, (max-width: 1248px) 100vw, 1248px\"><\/a><\/figure>\n\n\n\n<figure class=\"wp-block-image size-large\"><a href=\"https:\/\/www.maicschulte.de\/wordpress\/wp-content\/uploads\/2020\/10\/Pankok-014.jpg\" data-rel=\"lightbox-gallery-0\" data-rl_title data-rl_caption title><img loading=\"lazy\" decoding=\"async\" width=\"1248\" height=\"683\" data-id=\"4872\" src=\"https:\/\/www.maicschulte.de\/wordpress\/wp-content\/uploads\/2020\/10\/Pankok-014.jpg\" alt=\"Otto Pankok Museum und Umgebung\" class=\"wp-image-4872\" srcset=\"https:\/\/www.maicschulte.de\/wordpress\/wp-content\/uploads\/2020\/10\/Pankok-014.jpg 1248w, https:\/\/www.maicschulte.de\/wordpress\/wp-content\/uploads\/2020\/10\/Pankok-014-300x164.jpg 300w, https:\/\/www.maicschulte.de\/wordpress\/wp-content\/uploads\/2020\/10\/Pankok-014-768x420.jpg 768w, https:\/\/www.maicschulte.de\/wordpress\/wp-content\/uploads\/2020\/10\/Pankok-014-840x460.jpg 840w, https:\/\/www.maicschulte.de\/wordpress\/wp-content\/uploads\/2020\/10\/Pankok-014-600x328.jpg 600w\" sizes=\"auto, (max-width: 1248px) 100vw, 1248px\"><\/a><\/figure>\n<\/figure>\n\n\n\n<p>[1] <a href=\"https:\/\/de.wikipedia.org\/wiki\/Otto_Pankok\" target=\"_blank\" rel=\"noreferrer noopener\">Otto Pankok in der Wikipedia<\/a><\/p>\n\n\n\n<p>[2] Pankok Museum im Haus Esselt<\/p>\n\n\n\n<p>[3] <a href=\"https:\/\/de.wikipedia.org\/wiki\/G%C3%BCnter_Grass\" target=\"_blank\" rel=\"noreferrer noopener\">G\u00fcnter Grass in der Wikipedia<\/a><\/p>\n\n\n\n<p>[4] <a href=\"https:\/\/www.yadvashem.org\/\" target=\"_blank\" rel=\"noreferrer noopener\">Yad Vasehm \u2013 The World Holo\u00adcaust Remem\u00adbrance Center<\/a><\/p>\n","protected":false},"excerpt":{"rendered":"<p>Um eine inter\u00ades\u00adsan\u00adte Geschich\u00adte zu erfah\u00adren, oder bedeu\u00adten\u00adde Kunst zu erle\u00adben, muss man im M\u00fcns\u00adter\u00adland zum Gl\u00fcck nie weit fahren. Ist dieser Land\u00adstrich im Nord\u00adwes\u00adten Deutsch\u00adlands doch ange\u00adf\u00fcllt mit Anek\u00addo\u00adten, Per\u00ads\u00f6n\u00adlich\u00adkei\u00adten und his\u00adto\u00adrisch rele\u00advan\u00adten Orten. So sehr, dass es ver\u00admut\u00adlich l\u00e4nger als ein Men\u00adschen\u00adle\u00adben dauern w\u00fcrde, wollte man alles einmal mit eige\u00adnen Augen sehen. Grund genug f\u00fcr mich, heute nur einen dieser Orte hier vor\u00adzu\u00adstel\u00adlen: das Otto-Pankok-Museum, wel\u00adches im Haus Esselt in H\u00fcnxe seine Heimat gefun\u00adden&nbsp;hat.<\/p>\n","protected":false},"author":1,"featured_media":11358,"comment_status":"open","ping_status":"open","sticky":false,"template":"","format":"standard","meta":{"wp_typography_post_enhancements_disabled":false,"footnotes":""},"categories":[1,1279],"tags":[699,696,449,450,700,697,698,102,160,451,207],"class_list":["post-4859","post","type-post","status-publish","format-standard","has-post-thumbnail","hentry","category-artikel","category-chronologisch","tag-bildhauer","tag-gerechte-unter-den-voelkern","tag-guenter-grass","tag-haus-esselt","tag-hulda-pankok","tag-huenxe","tag-kohlezeichnungen","tag-kunst","tag-museum","tag-otto-pankok","tag-plastiken"],"yoast_head":"<!-- This site is optimized with the Yoast SEO plugin v27.5 - https:\/\/yoast.com\/product\/yoast-seo-wordpress\/ -->\n<title>&quot;Der Gerechte&quot; - Maic Schulte<\/title>\n<meta name=\"description\" content=\"&quot;Der Gerechte&quot; - Artikel - Maic Schulte - Fotografie - Ruhrgebiet - Industrie - Portrait - Events - Autos - Rockabilly - Kunst - Schwarzwei\u00df\" \/>\n<meta name=\"robots\" content=\"index, follow, max-snippet:-1, max-image-preview:large, max-video-preview:-1\" \/>\n<link rel=\"canonical\" href=\"https:\/\/www.maicschulte.de\/wordpress\/?p=4859\" \/>\n<meta property=\"og:locale\" content=\"de_DE\" \/>\n<meta property=\"og:type\" content=\"article\" \/>\n<meta property=\"og:title\" content=\"&quot;Der Gerechte&quot; - Maic Schulte\" \/>\n<meta property=\"og:description\" content=\"&quot;Der Gerechte&quot; - Artikel - Maic Schulte - Fotografie - Ruhrgebiet - Industrie - Portrait - Events - Autos - Rockabilly - Kunst - Schwarzwei\u00df\" \/>\n<meta property=\"og:url\" content=\"https:\/\/www.maicschulte.de\/wordpress\/?p=4859\" \/>\n<meta property=\"og:site_name\" content=\"Maic Schulte\" \/>\n<meta property=\"article:published_time\" content=\"2020-10-18T19:24:42+00:00\" \/>\n<meta property=\"article:modified_time\" content=\"2023-03-23T17:22:52+00:00\" \/>\n<meta property=\"og:image\" content=\"https:\/\/www.maicschulte.de\/wordpress\/wp-content\/uploads\/2021\/01\/Pankok-006-ohne_Rahmen.jpg\" \/>\n\t<meta property=\"og:image:width\" content=\"1195\" \/>\n\t<meta property=\"og:image:height\" content=\"798\" \/>\n\t<meta property=\"og:image:type\" content=\"image\/jpeg\" \/>\n<meta name=\"author\" content=\"Maic Schulte\" \/>\n<script type=\"application\/ld+json\" class=\"yoast-schema-graph\">{\"@context\":\"https:\\\/\\\/schema.org\",\"@graph\":[{\"@type\":\"Article\",\"@id\":\"https:\\\/\\\/www.maicschulte.de\\\/wordpress\\\/?p=4859#article\",\"isPartOf\":{\"@id\":\"https:\\\/\\\/www.maicschulte.de\\\/wordpress\\\/?p=4859\"},\"author\":{\"name\":\"Maic Schulte\",\"@id\":\"https:\\\/\\\/www.maicschulte.de\\\/wordpress\\\/#\\\/schema\\\/person\\\/809698f1c7b1655959515001723d716e\"},\"headline\":\"\u201cDer Gerechte\u201d\",\"datePublished\":\"2020-10-18T19:24:42+00:00\",\"dateModified\":\"2023-03-23T17:22:52+00:00\",\"mainEntityOfPage\":{\"@id\":\"https:\\\/\\\/www.maicschulte.de\\\/wordpress\\\/?p=4859\"},\"wordCount\":928,\"commentCount\":0,\"publisher\":{\"@id\":\"https:\\\/\\\/www.maicschulte.de\\\/wordpress\\\/#\\\/schema\\\/person\\\/809698f1c7b1655959515001723d716e\"},\"image\":{\"@id\":\"https:\\\/\\\/www.maicschulte.de\\\/wordpress\\\/?p=4859#primaryimage\"},\"thumbnailUrl\":\"https:\\\/\\\/www.maicschulte.de\\\/wordpress\\\/wp-content\\\/uploads\\\/2021\\\/01\\\/Pankok-006-ohne_Rahmen.jpg\",\"keywords\":[\"Bildhauer\",\"Gerechte unter den V\u00f6lkern\",\"G\u00fcnter Grass\",\"Haus Esselt\",\"Hulda Pankok\",\"H\u00fcnxe\",\"Kohlezeichnungen\",\"Kunst\",\"Museum\",\"Otto Pankok\",\"Plastiken\"],\"articleSection\":[\"Artikel\",\"Chronologisch\"],\"inLanguage\":\"de\",\"potentialAction\":[{\"@type\":\"CommentAction\",\"name\":\"Comment\",\"target\":[\"https:\\\/\\\/www.maicschulte.de\\\/wordpress\\\/?p=4859#respond\"]}]},{\"@type\":\"WebPage\",\"@id\":\"https:\\\/\\\/www.maicschulte.de\\\/wordpress\\\/?p=4859\",\"url\":\"https:\\\/\\\/www.maicschulte.de\\\/wordpress\\\/?p=4859\",\"name\":\"\\\"Der Gerechte\\\" - Maic Schulte\",\"isPartOf\":{\"@id\":\"https:\\\/\\\/www.maicschulte.de\\\/wordpress\\\/#website\"},\"primaryImageOfPage\":{\"@id\":\"https:\\\/\\\/www.maicschulte.de\\\/wordpress\\\/?p=4859#primaryimage\"},\"image\":{\"@id\":\"https:\\\/\\\/www.maicschulte.de\\\/wordpress\\\/?p=4859#primaryimage\"},\"thumbnailUrl\":\"https:\\\/\\\/www.maicschulte.de\\\/wordpress\\\/wp-content\\\/uploads\\\/2021\\\/01\\\/Pankok-006-ohne_Rahmen.jpg\",\"datePublished\":\"2020-10-18T19:24:42+00:00\",\"dateModified\":\"2023-03-23T17:22:52+00:00\",\"description\":\"\\\"Der Gerechte\\\" - Artikel - Maic Schulte - Fotografie - Ruhrgebiet - Industrie - Portrait - Events - Autos - Rockabilly - Kunst - Schwarzwei\u00df\",\"breadcrumb\":{\"@id\":\"https:\\\/\\\/www.maicschulte.de\\\/wordpress\\\/?p=4859#breadcrumb\"},\"inLanguage\":\"de\",\"potentialAction\":[{\"@type\":\"ReadAction\",\"target\":[\"https:\\\/\\\/www.maicschulte.de\\\/wordpress\\\/?p=4859\"]}]},{\"@type\":\"ImageObject\",\"inLanguage\":\"de\",\"@id\":\"https:\\\/\\\/www.maicschulte.de\\\/wordpress\\\/?p=4859#primaryimage\",\"url\":\"https:\\\/\\\/www.maicschulte.de\\\/wordpress\\\/wp-content\\\/uploads\\\/2021\\\/01\\\/Pankok-006-ohne_Rahmen.jpg\",\"contentUrl\":\"https:\\\/\\\/www.maicschulte.de\\\/wordpress\\\/wp-content\\\/uploads\\\/2021\\\/01\\\/Pankok-006-ohne_Rahmen.jpg\",\"width\":1195,\"height\":798,\"caption\":\"Pankok\"},{\"@type\":\"BreadcrumbList\",\"@id\":\"https:\\\/\\\/www.maicschulte.de\\\/wordpress\\\/?p=4859#breadcrumb\",\"itemListElement\":[{\"@type\":\"ListItem\",\"position\":1,\"name\":\"Startseite\",\"item\":\"https:\\\/\\\/www.maicschulte.de\\\/wordpress\"},{\"@type\":\"ListItem\",\"position\":2,\"name\":\"&#8220;Der Gerechte&#8221;\"}]},{\"@type\":\"WebSite\",\"@id\":\"https:\\\/\\\/www.maicschulte.de\\\/wordpress\\\/#website\",\"url\":\"https:\\\/\\\/www.maicschulte.de\\\/wordpress\\\/\",\"name\":\"Maic Schulte\",\"description\":\"Fotografie aus Leidenschaft\",\"publisher\":{\"@id\":\"https:\\\/\\\/www.maicschulte.de\\\/wordpress\\\/#\\\/schema\\\/person\\\/809698f1c7b1655959515001723d716e\"},\"potentialAction\":[{\"@type\":\"SearchAction\",\"target\":{\"@type\":\"EntryPoint\",\"urlTemplate\":\"https:\\\/\\\/www.maicschulte.de\\\/wordpress\\\/?s={search_term_string}\"},\"query-input\":{\"@type\":\"PropertyValueSpecification\",\"valueRequired\":true,\"valueName\":\"search_term_string\"}}],\"inLanguage\":\"de\"},{\"@type\":[\"Person\",\"Organization\"],\"@id\":\"https:\\\/\\\/www.maicschulte.de\\\/wordpress\\\/#\\\/schema\\\/person\\\/809698f1c7b1655959515001723d716e\",\"name\":\"Maic Schulte\",\"image\":{\"@type\":\"ImageObject\",\"inLanguage\":\"de\",\"@id\":\"https:\\\/\\\/www.maicschulte.de\\\/wordpress\\\/wp-content\\\/uploads\\\/2025\\\/05\\\/Chronus_Maic_Schulte_Logo_605px-3.png\",\"url\":\"https:\\\/\\\/www.maicschulte.de\\\/wordpress\\\/wp-content\\\/uploads\\\/2025\\\/05\\\/Chronus_Maic_Schulte_Logo_605px-3.png\",\"contentUrl\":\"https:\\\/\\\/www.maicschulte.de\\\/wordpress\\\/wp-content\\\/uploads\\\/2025\\\/05\\\/Chronus_Maic_Schulte_Logo_605px-3.png\",\"width\":605,\"height\":200,\"caption\":\"Maic Schulte\"},\"logo\":{\"@id\":\"https:\\\/\\\/www.maicschulte.de\\\/wordpress\\\/wp-content\\\/uploads\\\/2025\\\/05\\\/Chronus_Maic_Schulte_Logo_605px-3.png\"},\"description\":\"Seit dem Tag, an dem mein Vater mich mit einer Kamera, einem Objektiv und zwei Illford-Schwarzwei\u00df-Filmen auf Entdeckungs-Tour geschickt hat, begleitet mich das Thema \\\"Fotografie\\\". Basierend auf WordPress, stellt diese Webseite - jetzt und in der Zukunft - eine Heimat f\u00fcr all meine Artikel und Fotos dar, welche wiederum aus allen Themenbereichen der klassischen &amp; modernen Fotografie kommen. Sei es nun die Fotografie in Schwarz-Wei\u00df; die Erkundung ehemaliger Industriegel\u00e4nde, welche f\u00fcr mich am ehesten \u201eDas Herz des Reviers\u201c widerspiegeln; ausdrucksstarke Portraits oder farbenfrohe Naturaufnahmen. Ganz egal! Es gelingt einfach jedem fotografischen Thema, meine Neugierde darauf zu erwecken. Dar\u00fcber hinaus habe ich aber auch ein ger\u00fctteltes Ma\u00df an Benzin im Blut und mag Autos &amp; Motorr\u00e4der, ganz egal ob nun neu, alt, aufgemotzt oder vollkommen original. Du siehst, die Auswahl an Artikeln &amp; Fotos ist also genauso breit gef\u00e4chert wie meine fotografischen Interessen.\",\"sameAs\":[\"https:\\\/\\\/www.maicschulte.de\"]}]}<\/script>\n<!-- \/ Yoast SEO plugin. -->","yoast_head_json":{"title":"\"Der Gerechte\" - Maic Schulte","description":"\"Der Gerechte\" - Artikel - Maic Schulte - Fotografie - Ruhrgebiet - Industrie - Portrait - Events - Autos - Rockabilly - Kunst - Schwarzwei\u00df","robots":{"index":"index","follow":"follow","max-snippet":"max-snippet:-1","max-image-preview":"max-image-preview:large","max-video-preview":"max-video-preview:-1"},"canonical":"https:\/\/www.maicschulte.de\/wordpress\/?p=4859","og_locale":"de_DE","og_type":"article","og_title":"\"Der Gerechte\" - Maic Schulte","og_description":"\"Der Gerechte\" - Artikel - Maic Schulte - Fotografie - Ruhrgebiet - Industrie - Portrait - Events - Autos - Rockabilly - Kunst - Schwarzwei\u00df","og_url":"https:\/\/www.maicschulte.de\/wordpress\/?p=4859","og_site_name":"Maic Schulte","article_published_time":"2020-10-18T19:24:42+00:00","article_modified_time":"2023-03-23T17:22:52+00:00","og_image":[{"width":1195,"height":798,"url":"https:\/\/www.maicschulte.de\/wordpress\/wp-content\/uploads\/2021\/01\/Pankok-006-ohne_Rahmen.jpg","type":"image\/jpeg"}],"author":"Maic Schulte","schema":{"@context":"https:\/\/schema.org","@graph":[{"@type":"Article","@id":"https:\/\/www.maicschulte.de\/wordpress\/?p=4859#article","isPartOf":{"@id":"https:\/\/www.maicschulte.de\/wordpress\/?p=4859"},"author":{"name":"Maic Schulte","@id":"https:\/\/www.maicschulte.de\/wordpress\/#\/schema\/person\/809698f1c7b1655959515001723d716e"},"headline":"\u201cDer Gerechte\u201d","datePublished":"2020-10-18T19:24:42+00:00","dateModified":"2023-03-23T17:22:52+00:00","mainEntityOfPage":{"@id":"https:\/\/www.maicschulte.de\/wordpress\/?p=4859"},"wordCount":928,"commentCount":0,"publisher":{"@id":"https:\/\/www.maicschulte.de\/wordpress\/#\/schema\/person\/809698f1c7b1655959515001723d716e"},"image":{"@id":"https:\/\/www.maicschulte.de\/wordpress\/?p=4859#primaryimage"},"thumbnailUrl":"https:\/\/www.maicschulte.de\/wordpress\/wp-content\/uploads\/2021\/01\/Pankok-006-ohne_Rahmen.jpg","keywords":["Bildhauer","Gerechte unter den V\u00f6lkern","G\u00fcnter Grass","Haus Esselt","Hulda Pankok","H\u00fcnxe","Kohlezeichnungen","Kunst","Museum","Otto Pankok","Plastiken"],"articleSection":["Artikel","Chronologisch"],"inLanguage":"de","potentialAction":[{"@type":"CommentAction","name":"Comment","target":["https:\/\/www.maicschulte.de\/wordpress\/?p=4859#respond"]}]},{"@type":"WebPage","@id":"https:\/\/www.maicschulte.de\/wordpress\/?p=4859","url":"https:\/\/www.maicschulte.de\/wordpress\/?p=4859","name":"\"Der Gerechte\" - Maic Schulte","isPartOf":{"@id":"https:\/\/www.maicschulte.de\/wordpress\/#website"},"primaryImageOfPage":{"@id":"https:\/\/www.maicschulte.de\/wordpress\/?p=4859#primaryimage"},"image":{"@id":"https:\/\/www.maicschulte.de\/wordpress\/?p=4859#primaryimage"},"thumbnailUrl":"https:\/\/www.maicschulte.de\/wordpress\/wp-content\/uploads\/2021\/01\/Pankok-006-ohne_Rahmen.jpg","datePublished":"2020-10-18T19:24:42+00:00","dateModified":"2023-03-23T17:22:52+00:00","description":"\"Der Gerechte\" - Artikel - Maic Schulte - Fotografie - Ruhrgebiet - Industrie - Portrait - Events - Autos - Rockabilly - Kunst - Schwarzwei\u00df","breadcrumb":{"@id":"https:\/\/www.maicschulte.de\/wordpress\/?p=4859#breadcrumb"},"inLanguage":"de","potentialAction":[{"@type":"ReadAction","target":["https:\/\/www.maicschulte.de\/wordpress\/?p=4859"]}]},{"@type":"ImageObject","inLanguage":"de","@id":"https:\/\/www.maicschulte.de\/wordpress\/?p=4859#primaryimage","url":"https:\/\/www.maicschulte.de\/wordpress\/wp-content\/uploads\/2021\/01\/Pankok-006-ohne_Rahmen.jpg","contentUrl":"https:\/\/www.maicschulte.de\/wordpress\/wp-content\/uploads\/2021\/01\/Pankok-006-ohne_Rahmen.jpg","width":1195,"height":798,"caption":"Pankok"},{"@type":"BreadcrumbList","@id":"https:\/\/www.maicschulte.de\/wordpress\/?p=4859#breadcrumb","itemListElement":[{"@type":"ListItem","position":1,"name":"Startseite","item":"https:\/\/www.maicschulte.de\/wordpress"},{"@type":"ListItem","position":2,"name":"&#8220;Der Gerechte&#8221;"}]},{"@type":"WebSite","@id":"https:\/\/www.maicschulte.de\/wordpress\/#website","url":"https:\/\/www.maicschulte.de\/wordpress\/","name":"Maic Schulte","description":"Fotografie aus Leidenschaft","publisher":{"@id":"https:\/\/www.maicschulte.de\/wordpress\/#\/schema\/person\/809698f1c7b1655959515001723d716e"},"potentialAction":[{"@type":"SearchAction","target":{"@type":"EntryPoint","urlTemplate":"https:\/\/www.maicschulte.de\/wordpress\/?s={search_term_string}"},"query-input":{"@type":"PropertyValueSpecification","valueRequired":true,"valueName":"search_term_string"}}],"inLanguage":"de"},{"@type":["Person","Organization"],"@id":"https:\/\/www.maicschulte.de\/wordpress\/#\/schema\/person\/809698f1c7b1655959515001723d716e","name":"Maic Schulte","image":{"@type":"ImageObject","inLanguage":"de","@id":"https:\/\/www.maicschulte.de\/wordpress\/wp-content\/uploads\/2025\/05\/Chronus_Maic_Schulte_Logo_605px-3.png","url":"https:\/\/www.maicschulte.de\/wordpress\/wp-content\/uploads\/2025\/05\/Chronus_Maic_Schulte_Logo_605px-3.png","contentUrl":"https:\/\/www.maicschulte.de\/wordpress\/wp-content\/uploads\/2025\/05\/Chronus_Maic_Schulte_Logo_605px-3.png","width":605,"height":200,"caption":"Maic Schulte"},"logo":{"@id":"https:\/\/www.maicschulte.de\/wordpress\/wp-content\/uploads\/2025\/05\/Chronus_Maic_Schulte_Logo_605px-3.png"},"description":"Seit dem Tag, an dem mein Vater mich mit einer Kamera, einem Objektiv und zwei Illford-Schwarzwei\u00df-Filmen auf Entdeckungs-Tour geschickt hat, begleitet mich das Thema \"Fotografie\". Basierend auf WordPress, stellt diese Webseite - jetzt und in der Zukunft - eine Heimat f\u00fcr all meine Artikel und Fotos dar, welche wiederum aus allen Themenbereichen der klassischen &amp; modernen Fotografie kommen. Sei es nun die Fotografie in Schwarz-Wei\u00df; die Erkundung ehemaliger Industriegel\u00e4nde, welche f\u00fcr mich am ehesten \u201eDas Herz des Reviers\u201c widerspiegeln; ausdrucksstarke Portraits oder farbenfrohe Naturaufnahmen. Ganz egal! Es gelingt einfach jedem fotografischen Thema, meine Neugierde darauf zu erwecken. Dar\u00fcber hinaus habe ich aber auch ein ger\u00fctteltes Ma\u00df an Benzin im Blut und mag Autos &amp; Motorr\u00e4der, ganz egal ob nun neu, alt, aufgemotzt oder vollkommen original. Du siehst, die Auswahl an Artikeln &amp; Fotos ist also genauso breit gef\u00e4chert wie meine fotografischen Interessen.","sameAs":["https:\/\/www.maicschulte.de"]}]}},"_links":{"self":[{"href":"https:\/\/www.maicschulte.de\/wordpress\/index.php?rest_route=\/wp\/v2\/posts\/4859","targetHints":{"allow":["GET"]}}],"collection":[{"href":"https:\/\/www.maicschulte.de\/wordpress\/index.php?rest_route=\/wp\/v2\/posts"}],"about":[{"href":"https:\/\/www.maicschulte.de\/wordpress\/index.php?rest_route=\/wp\/v2\/types\/post"}],"author":[{"embeddable":true,"href":"https:\/\/www.maicschulte.de\/wordpress\/index.php?rest_route=\/wp\/v2\/users\/1"}],"replies":[{"embeddable":true,"href":"https:\/\/www.maicschulte.de\/wordpress\/index.php?rest_route=%2Fwp%2Fv2%2Fcomments&post=4859"}],"version-history":[{"count":17,"href":"https:\/\/www.maicschulte.de\/wordpress\/index.php?rest_route=\/wp\/v2\/posts\/4859\/revisions"}],"predecessor-version":[{"id":13774,"href":"https:\/\/www.maicschulte.de\/wordpress\/index.php?rest_route=\/wp\/v2\/posts\/4859\/revisions\/13774"}],"wp:featuredmedia":[{"embeddable":true,"href":"https:\/\/www.maicschulte.de\/wordpress\/index.php?rest_route=\/wp\/v2\/media\/11358"}],"wp:attachment":[{"href":"https:\/\/www.maicschulte.de\/wordpress\/index.php?rest_route=%2Fwp%2Fv2%2Fmedia&parent=4859"}],"wp:term":[{"taxonomy":"category","embeddable":true,"href":"https:\/\/www.maicschulte.de\/wordpress\/index.php?rest_route=%2Fwp%2Fv2%2Fcategories&post=4859"},{"taxonomy":"post_tag","embeddable":true,"href":"https:\/\/www.maicschulte.de\/wordpress\/index.php?rest_route=%2Fwp%2Fv2%2Ftags&post=4859"}],"curies":[{"name":"wp","href":"https:\/\/api.w.org\/{rel}","templated":true}]}}