{"id":515,"date":"2011-06-20T22:53:48","date_gmt":"2011-06-20T21:53:48","guid":{"rendered":"https:\/\/www.maicschulte.de\/?p=515"},"modified":"2025-05-25T19:12:25","modified_gmt":"2025-05-25T18:12:25","slug":"kustom-kulture-2011","status":"publish","type":"post","link":"https:\/\/www.maicschulte.de\/wordpress\/?p=515","title":{"rendered":"Kustom Kulture 2011 \u2014 Teil&nbsp;1"},"content":{"rendered":"<div class=\"wp-block-image\">\n<figure class=\"aligncenter\"><a href=\"https:\/\/www.maicschulte.de\/wordpress\/wp-content\/uploads\/2011\/06\/One-fine-day.jpg\" data-rel=\"lightbox-gallery-0\" data-rl_title data-rl_caption title><img loading=\"lazy\" decoding=\"async\" width=\"557\" height=\"836\" src=\"https:\/\/www.maicschulte.de\/wordpress\/wp-content\/uploads\/2011\/06\/One-fine-day.jpg\" alt class=\"wp-image-516\" srcset=\"https:\/\/www.maicschulte.de\/wordpress\/wp-content\/uploads\/2011\/06\/One-fine-day.jpg 557w, https:\/\/www.maicschulte.de\/wordpress\/wp-content\/uploads\/2011\/06\/One-fine-day-200x300.jpg 200w, https:\/\/www.maicschulte.de\/wordpress\/wp-content\/uploads\/2011\/06\/One-fine-day-350x525.jpg 350w, https:\/\/www.maicschulte.de\/wordpress\/wp-content\/uploads\/2011\/06\/One-fine-day-250x375.jpg 250w\" sizes=\"auto, (max-width: 557px) 100vw, 557px\"><\/a><\/figure>\n<\/div>\n\n\n<p>Wie auch schon in den ver\u00adgan\u00adge\u00adnen Jahren, so fand auch in 2011 am Flug\u00adplatz Schwar\u00adze Heide in Bot\u00adtrop erneut die Kustom Kul\u00adtu\u00adre&nbsp;statt.<\/p>\n\n\n\n<p>Trotz wirk\u00adlich beschei\u00adde\u00adnem Wetter, tum\u00admel\u00adten sich wirk\u00adlich viele US-Cars, Motor\u00adr\u00e4\u00adder, Shops und nat\u00fcr\u00adlich auch Besu\u00adcher auf dem Fest\u00adge\u00adl\u00e4n\u00adde. Dieses war in diesem Jahr auf der Wiese neben Extra Flug\u00adzeug\u00adbau gele\u00adgen und geparkt werden konnte wie im Jahr zuvor auf dem daf\u00fcr vor\u00adge\u00adse\u00adhe\u00adnen Feld. Im Gegen\u00adsatz zu den Park\u00adge\u00adb\u00fch\u00adren (2 Euro) die auf Vor\u00adjah\u00adres\u00adni\u00adveau lagen, waren die Ein\u00adtritts\u00adprei\u00adse f\u00fcr das eigent\u00adli\u00adche Fes\u00adti\u00adval etwas h\u00f6her. F\u00fcr den ein\u00adzel\u00adnen Tag wurden nun 15 Euro f\u00e4llig und f\u00fcr das ganze Wochen\u00aden\u00adde 25&nbsp;Euro.<\/p>\n\n\n\n<p>Dies ist den erwei\u00adter\u00adten und nach der Love\u00adpa\u00adra\u00adde not\u00adwen\u00addig gewor\u00adde\u00adnen Sicher\u00adheits\u00adma\u00df\u00adnah\u00admen geschul\u00addet und kei\u00adnes\u00adwegs eine Abzo\u00adcke der Ver\u00adan\u00adstal\u00adter. Im Gegen\u00adzug gab es daf\u00fcr eine pro\u00adfes\u00adsio\u00adnel\u00adle Secu\u00adri\u00adty, wesent\u00adlich mehr WCs und Sani\u00adt\u00e4\u00adter waren auch zahl\u00adreich ver\u00adtre\u00adten. Also eine rundum gelun\u00adge\u00adne Orga\u00adni\u00adsa\u00adti\u00adon, zumal daf\u00fcr im Gegen\u00adzug die Getr\u00e4n\u00adke\u00adprei\u00adse auf 1,90 Euro gesenkt wurden.<\/p>\n\n\n\n<p>Die gezeig\u00adten Fahr\u00adzeu\u00adge \u2014 es durf\u00adten ja nur gela\u00adde\u00adne Oldies auf den Platz \u2014 stell\u00adten auch in diesem Jahr wieder einen sch\u00f6\u00adnen Quer\u00adschnitt von Hot-Rods \u00fcber Lowri\u00adder bis zur klas\u00adsi\u00adschen \u201cRatte\u201d dar. Dies bedeu\u00adtet aber nicht, dass nicht auch die Moped-Freun\u00adde auf Ihre Kosten gekom\u00admen w\u00e4hren. Auch f\u00fcr den geneig\u00adten Biker gab es eini\u00adges zu sehen und zu bestaunen.<\/p>\n","protected":false},"excerpt":{"rendered":"<p>Wie auch schon in den ver\u00adgan\u00adge\u00adnen Jahren, so fand auch in 2011 am Flug\u00adplatz Schwar\u00adze Heide in Bot\u00adtrop erneut die Kustom Kul\u00adtu\u00adre&nbsp;statt. Trotz wirk\u00adlich beschei\u00adde\u00adnem Wetter, tum\u00admel\u00adten sich wirk\u00adlich viele US-Cars, Motor\u00adr\u00e4\u00adder, Shops und nat\u00fcr\u00adlich auch Besu\u00adcher auf dem Fest\u00adge\u00adl\u00e4n\u00adde. Dieses war in diesem Jahr auf der Wiese neben Extra Flug\u00adzeug\u00adbau gele\u00adgen und geparkt werden konnte wie im Jahr zuvor auf dem daf\u00fcr vor\u00adge\u00adse\u00adhe\u00adnen Feld. Im Gegen\u00adsatz zu den Park\u00adge\u00adb\u00fch\u00adren (2 Euro) die auf Vor\u00adjah\u00adres\u00adni\u00adveau lagen, waren die Ein\u00adtritts\u00adprei\u00adse f\u00fcr das eigent\u00adli\u00adche Fes\u00adti\u00adval etwas h\u00f6her. F\u00fcr den ein\u00adzel\u00adnen Tag wurden nun 15 Euro f\u00e4llig und f\u00fcr das ganze Wochen\u00aden\u00adde 25&nbsp;Euro. Dies ist den erwei\u00adter\u00adten und nach der Love\u00adpa\u00adra\u00adde not\u00adwen\u00addig gewor\u00adde\u00adnen Sicher\u00adheits\u00adma\u00df\u00adnah\u00admen geschul\u00addet und kei\u00adnes\u00adwegs eine Abzo\u00adcke der Ver\u00adan\u00adstal\u00adter. Im Gegen\u00adzug gab es daf\u00fcr eine pro\u00adfes\u00adsio\u00adnel\u00adle Secu\u00adri\u00adty, wesent\u00adlich mehr WCs und Sani\u00adt\u00e4\u00adter waren auch zahl\u00adreich ver\u00adtre\u00adten. Also eine rundum gelun\u00adge\u00adne Orga\u00adni\u00adsa\u00adti\u00adon, zumal daf\u00fcr im Gegen\u00adzug die Getr\u00e4n\u00adke\u00adprei\u00adse auf 1,90 Euro gesenkt wurden. Die gezeig\u00adten Fahr\u00adzeu\u00adge \u2014 es durf\u00adten ja nur gela\u00adde\u00adne Oldies auf den Platz \u2014 stell\u00adten auch in diesem Jahr wieder einen sch\u00f6\u00adnen Quer\u00adschnitt von Hot-Rods \u00fcber Lowri\u00adder bis zur klas\u00adsi\u00adschen \u201cRatte\u201d dar. Dies bedeu\u00adtet aber nicht, dass nicht auch die Moped-Freun\u00ad\u00adde auf Ihre Kosten gekom\u00admen w\u00e4hren. Auch f\u00fcr den geneig\u00adten Biker gab es eini\u00adges zu sehen und zu bestaunen.<\/p>\n","protected":false},"author":1,"featured_media":516,"comment_status":"open","ping_status":"open","sticky":false,"template":"","format":"standard","meta":{"wp_typography_post_enhancements_disabled":false,"footnotes":""},"categories":[721,1279],"tags":[111,13,114,12,112,60,83,113],"class_list":["post-515","post","type-post","status-publish","format-standard","has-post-thumbnail","hentry","category-automobiles","category-chronologisch","tag-111","tag-bikes","tag-car","tag-cars","tag-hod-rod","tag-kustom-kulture","tag-meeting","tag-us"],"yoast_head":"<!-- This site is optimized with the Yoast SEO plugin v27.5 - https:\/\/yoast.com\/product\/yoast-seo-wordpress\/ -->\n<title>Kustom Kulture 2011 - Teil 1 - Maic Schulte<\/title>\n<meta name=\"description\" content=\"Kustom Kulture 2011 - Teil 1 - Automobiles - Maic Schulte - Fotografie - Ruhrgebiet - Industrie - Portrait - Events - Autos - Rockabilly - Kunst - Schwarzwei\u00df\" \/>\n<meta name=\"robots\" content=\"index, follow, max-snippet:-1, max-image-preview:large, max-video-preview:-1\" \/>\n<link rel=\"canonical\" href=\"https:\/\/www.maicschulte.de\/wordpress\/?p=515\" \/>\n<meta property=\"og:locale\" content=\"de_DE\" \/>\n<meta property=\"og:type\" content=\"article\" \/>\n<meta property=\"og:title\" content=\"Kustom Kulture 2011 - Teil 1 - Maic Schulte\" \/>\n<meta property=\"og:description\" content=\"Kustom Kulture 2011 - Teil 1 - Automobiles - Maic Schulte - Fotografie - Ruhrgebiet - Industrie - Portrait - Events - Autos - Rockabilly - Kunst - Schwarzwei\u00df\" \/>\n<meta property=\"og:url\" content=\"https:\/\/www.maicschulte.de\/wordpress\/?p=515\" \/>\n<meta property=\"og:site_name\" content=\"Maic Schulte\" \/>\n<meta property=\"article:published_time\" content=\"2011-06-20T21:53:48+00:00\" \/>\n<meta property=\"article:modified_time\" content=\"2025-05-25T18:12:25+00:00\" \/>\n<meta property=\"og:image\" content=\"https:\/\/www.maicschulte.de\/wordpress\/wp-content\/uploads\/2011\/06\/One-fine-day.jpg\" \/>\n\t<meta property=\"og:image:width\" content=\"557\" \/>\n\t<meta property=\"og:image:height\" content=\"836\" \/>\n\t<meta property=\"og:image:type\" content=\"image\/jpeg\" \/>\n<meta name=\"author\" content=\"Maic Schulte\" \/>\n<script type=\"application\/ld+json\" class=\"yoast-schema-graph\">{\"@context\":\"https:\\\/\\\/schema.org\",\"@graph\":[{\"@type\":\"Article\",\"@id\":\"https:\\\/\\\/www.maicschulte.de\\\/wordpress\\\/?p=515#article\",\"isPartOf\":{\"@id\":\"https:\\\/\\\/www.maicschulte.de\\\/wordpress\\\/?p=515\"},\"author\":{\"name\":\"Maic Schulte\",\"@id\":\"https:\\\/\\\/www.maicschulte.de\\\/wordpress\\\/#\\\/schema\\\/person\\\/809698f1c7b1655959515001723d716e\"},\"headline\":\"Kustom Kulture 2011 \u2014 Teil&nbsp;1\",\"datePublished\":\"2011-06-20T21:53:48+00:00\",\"dateModified\":\"2025-05-25T18:12:25+00:00\",\"mainEntityOfPage\":{\"@id\":\"https:\\\/\\\/www.maicschulte.de\\\/wordpress\\\/?p=515\"},\"wordCount\":229,\"commentCount\":0,\"publisher\":{\"@id\":\"https:\\\/\\\/www.maicschulte.de\\\/wordpress\\\/#\\\/schema\\\/person\\\/809698f1c7b1655959515001723d716e\"},\"image\":{\"@id\":\"https:\\\/\\\/www.maicschulte.de\\\/wordpress\\\/?p=515#primaryimage\"},\"thumbnailUrl\":\"https:\\\/\\\/www.maicschulte.de\\\/wordpress\\\/wp-content\\\/uploads\\\/2011\\\/06\\\/One-fine-day.jpg\",\"keywords\":[\"2011\",\"Bikes\",\"Car\",\"Cars\",\"Hod Rod\",\"Kustom Kulture\",\"Meeting\",\"US\"],\"articleSection\":[\"Automobiles\",\"Chronologisch\"],\"inLanguage\":\"de\",\"potentialAction\":[{\"@type\":\"CommentAction\",\"name\":\"Comment\",\"target\":[\"https:\\\/\\\/www.maicschulte.de\\\/wordpress\\\/?p=515#respond\"]}]},{\"@type\":\"WebPage\",\"@id\":\"https:\\\/\\\/www.maicschulte.de\\\/wordpress\\\/?p=515\",\"url\":\"https:\\\/\\\/www.maicschulte.de\\\/wordpress\\\/?p=515\",\"name\":\"Kustom Kulture 2011 - Teil 1 - Maic Schulte\",\"isPartOf\":{\"@id\":\"https:\\\/\\\/www.maicschulte.de\\\/wordpress\\\/#website\"},\"primaryImageOfPage\":{\"@id\":\"https:\\\/\\\/www.maicschulte.de\\\/wordpress\\\/?p=515#primaryimage\"},\"image\":{\"@id\":\"https:\\\/\\\/www.maicschulte.de\\\/wordpress\\\/?p=515#primaryimage\"},\"thumbnailUrl\":\"https:\\\/\\\/www.maicschulte.de\\\/wordpress\\\/wp-content\\\/uploads\\\/2011\\\/06\\\/One-fine-day.jpg\",\"datePublished\":\"2011-06-20T21:53:48+00:00\",\"dateModified\":\"2025-05-25T18:12:25+00:00\",\"description\":\"Kustom Kulture 2011 - Teil 1 - Automobiles - Maic Schulte - Fotografie - Ruhrgebiet - Industrie - Portrait - Events - Autos - Rockabilly - Kunst - Schwarzwei\u00df\",\"breadcrumb\":{\"@id\":\"https:\\\/\\\/www.maicschulte.de\\\/wordpress\\\/?p=515#breadcrumb\"},\"inLanguage\":\"de\",\"potentialAction\":[{\"@type\":\"ReadAction\",\"target\":[\"https:\\\/\\\/www.maicschulte.de\\\/wordpress\\\/?p=515\"]}]},{\"@type\":\"ImageObject\",\"inLanguage\":\"de\",\"@id\":\"https:\\\/\\\/www.maicschulte.de\\\/wordpress\\\/?p=515#primaryimage\",\"url\":\"https:\\\/\\\/www.maicschulte.de\\\/wordpress\\\/wp-content\\\/uploads\\\/2011\\\/06\\\/One-fine-day.jpg\",\"contentUrl\":\"https:\\\/\\\/www.maicschulte.de\\\/wordpress\\\/wp-content\\\/uploads\\\/2011\\\/06\\\/One-fine-day.jpg\",\"width\":557,\"height\":836},{\"@type\":\"BreadcrumbList\",\"@id\":\"https:\\\/\\\/www.maicschulte.de\\\/wordpress\\\/?p=515#breadcrumb\",\"itemListElement\":[{\"@type\":\"ListItem\",\"position\":1,\"name\":\"Startseite\",\"item\":\"https:\\\/\\\/www.maicschulte.de\\\/wordpress\"},{\"@type\":\"ListItem\",\"position\":2,\"name\":\"Kustom Kulture 2011 &#8211; Teil 1\"}]},{\"@type\":\"WebSite\",\"@id\":\"https:\\\/\\\/www.maicschulte.de\\\/wordpress\\\/#website\",\"url\":\"https:\\\/\\\/www.maicschulte.de\\\/wordpress\\\/\",\"name\":\"Maic Schulte\",\"description\":\"Fotografie aus Leidenschaft\",\"publisher\":{\"@id\":\"https:\\\/\\\/www.maicschulte.de\\\/wordpress\\\/#\\\/schema\\\/person\\\/809698f1c7b1655959515001723d716e\"},\"potentialAction\":[{\"@type\":\"SearchAction\",\"target\":{\"@type\":\"EntryPoint\",\"urlTemplate\":\"https:\\\/\\\/www.maicschulte.de\\\/wordpress\\\/?s={search_term_string}\"},\"query-input\":{\"@type\":\"PropertyValueSpecification\",\"valueRequired\":true,\"valueName\":\"search_term_string\"}}],\"inLanguage\":\"de\"},{\"@type\":[\"Person\",\"Organization\"],\"@id\":\"https:\\\/\\\/www.maicschulte.de\\\/wordpress\\\/#\\\/schema\\\/person\\\/809698f1c7b1655959515001723d716e\",\"name\":\"Maic Schulte\",\"image\":{\"@type\":\"ImageObject\",\"inLanguage\":\"de\",\"@id\":\"https:\\\/\\\/www.maicschulte.de\\\/wordpress\\\/wp-content\\\/uploads\\\/2025\\\/05\\\/Chronus_Maic_Schulte_Logo_605px-3.png\",\"url\":\"https:\\\/\\\/www.maicschulte.de\\\/wordpress\\\/wp-content\\\/uploads\\\/2025\\\/05\\\/Chronus_Maic_Schulte_Logo_605px-3.png\",\"contentUrl\":\"https:\\\/\\\/www.maicschulte.de\\\/wordpress\\\/wp-content\\\/uploads\\\/2025\\\/05\\\/Chronus_Maic_Schulte_Logo_605px-3.png\",\"width\":605,\"height\":200,\"caption\":\"Maic Schulte\"},\"logo\":{\"@id\":\"https:\\\/\\\/www.maicschulte.de\\\/wordpress\\\/wp-content\\\/uploads\\\/2025\\\/05\\\/Chronus_Maic_Schulte_Logo_605px-3.png\"},\"description\":\"Seit dem Tag, an dem mein Vater mich mit einer Kamera, einem Objektiv und zwei Illford-Schwarzwei\u00df-Filmen auf Entdeckungs-Tour geschickt hat, begleitet mich das Thema \\\"Fotografie\\\". Basierend auf WordPress, stellt diese Webseite - jetzt und in der Zukunft - eine Heimat f\u00fcr all meine Artikel und Fotos dar, welche wiederum aus allen Themenbereichen der klassischen &amp; modernen Fotografie kommen. Sei es nun die Fotografie in Schwarz-Wei\u00df; die Erkundung ehemaliger Industriegel\u00e4nde, welche f\u00fcr mich am ehesten \u201eDas Herz des Reviers\u201c widerspiegeln; ausdrucksstarke Portraits oder farbenfrohe Naturaufnahmen. Ganz egal! Es gelingt einfach jedem fotografischen Thema, meine Neugierde darauf zu erwecken. Dar\u00fcber hinaus habe ich aber auch ein ger\u00fctteltes Ma\u00df an Benzin im Blut und mag Autos &amp; Motorr\u00e4der, ganz egal ob nun neu, alt, aufgemotzt oder vollkommen original. Du siehst, die Auswahl an Artikeln &amp; Fotos ist also genauso breit gef\u00e4chert wie meine fotografischen Interessen.\",\"sameAs\":[\"https:\\\/\\\/www.maicschulte.de\"]}]}<\/script>\n<!-- \/ Yoast SEO plugin. -->","yoast_head_json":{"title":"Kustom Kulture 2011 - Teil 1 - Maic Schulte","description":"Kustom Kulture 2011 - Teil 1 - Automobiles - Maic Schulte - Fotografie - Ruhrgebiet - Industrie - Portrait - Events - Autos - Rockabilly - Kunst - Schwarzwei\u00df","robots":{"index":"index","follow":"follow","max-snippet":"max-snippet:-1","max-image-preview":"max-image-preview:large","max-video-preview":"max-video-preview:-1"},"canonical":"https:\/\/www.maicschulte.de\/wordpress\/?p=515","og_locale":"de_DE","og_type":"article","og_title":"Kustom Kulture 2011 - Teil 1 - Maic Schulte","og_description":"Kustom Kulture 2011 - Teil 1 - Automobiles - Maic Schulte - Fotografie - Ruhrgebiet - Industrie - Portrait - Events - Autos - Rockabilly - Kunst - Schwarzwei\u00df","og_url":"https:\/\/www.maicschulte.de\/wordpress\/?p=515","og_site_name":"Maic Schulte","article_published_time":"2011-06-20T21:53:48+00:00","article_modified_time":"2025-05-25T18:12:25+00:00","og_image":[{"width":557,"height":836,"url":"https:\/\/www.maicschulte.de\/wordpress\/wp-content\/uploads\/2011\/06\/One-fine-day.jpg","type":"image\/jpeg"}],"author":"Maic Schulte","schema":{"@context":"https:\/\/schema.org","@graph":[{"@type":"Article","@id":"https:\/\/www.maicschulte.de\/wordpress\/?p=515#article","isPartOf":{"@id":"https:\/\/www.maicschulte.de\/wordpress\/?p=515"},"author":{"name":"Maic Schulte","@id":"https:\/\/www.maicschulte.de\/wordpress\/#\/schema\/person\/809698f1c7b1655959515001723d716e"},"headline":"Kustom Kulture 2011 \u2014 Teil&nbsp;1","datePublished":"2011-06-20T21:53:48+00:00","dateModified":"2025-05-25T18:12:25+00:00","mainEntityOfPage":{"@id":"https:\/\/www.maicschulte.de\/wordpress\/?p=515"},"wordCount":229,"commentCount":0,"publisher":{"@id":"https:\/\/www.maicschulte.de\/wordpress\/#\/schema\/person\/809698f1c7b1655959515001723d716e"},"image":{"@id":"https:\/\/www.maicschulte.de\/wordpress\/?p=515#primaryimage"},"thumbnailUrl":"https:\/\/www.maicschulte.de\/wordpress\/wp-content\/uploads\/2011\/06\/One-fine-day.jpg","keywords":["2011","Bikes","Car","Cars","Hod Rod","Kustom Kulture","Meeting","US"],"articleSection":["Automobiles","Chronologisch"],"inLanguage":"de","potentialAction":[{"@type":"CommentAction","name":"Comment","target":["https:\/\/www.maicschulte.de\/wordpress\/?p=515#respond"]}]},{"@type":"WebPage","@id":"https:\/\/www.maicschulte.de\/wordpress\/?p=515","url":"https:\/\/www.maicschulte.de\/wordpress\/?p=515","name":"Kustom Kulture 2011 - Teil 1 - Maic Schulte","isPartOf":{"@id":"https:\/\/www.maicschulte.de\/wordpress\/#website"},"primaryImageOfPage":{"@id":"https:\/\/www.maicschulte.de\/wordpress\/?p=515#primaryimage"},"image":{"@id":"https:\/\/www.maicschulte.de\/wordpress\/?p=515#primaryimage"},"thumbnailUrl":"https:\/\/www.maicschulte.de\/wordpress\/wp-content\/uploads\/2011\/06\/One-fine-day.jpg","datePublished":"2011-06-20T21:53:48+00:00","dateModified":"2025-05-25T18:12:25+00:00","description":"Kustom Kulture 2011 - Teil 1 - Automobiles - Maic Schulte - Fotografie - Ruhrgebiet - Industrie - Portrait - Events - Autos - Rockabilly - Kunst - Schwarzwei\u00df","breadcrumb":{"@id":"https:\/\/www.maicschulte.de\/wordpress\/?p=515#breadcrumb"},"inLanguage":"de","potentialAction":[{"@type":"ReadAction","target":["https:\/\/www.maicschulte.de\/wordpress\/?p=515"]}]},{"@type":"ImageObject","inLanguage":"de","@id":"https:\/\/www.maicschulte.de\/wordpress\/?p=515#primaryimage","url":"https:\/\/www.maicschulte.de\/wordpress\/wp-content\/uploads\/2011\/06\/One-fine-day.jpg","contentUrl":"https:\/\/www.maicschulte.de\/wordpress\/wp-content\/uploads\/2011\/06\/One-fine-day.jpg","width":557,"height":836},{"@type":"BreadcrumbList","@id":"https:\/\/www.maicschulte.de\/wordpress\/?p=515#breadcrumb","itemListElement":[{"@type":"ListItem","position":1,"name":"Startseite","item":"https:\/\/www.maicschulte.de\/wordpress"},{"@type":"ListItem","position":2,"name":"Kustom Kulture 2011 &#8211; Teil 1"}]},{"@type":"WebSite","@id":"https:\/\/www.maicschulte.de\/wordpress\/#website","url":"https:\/\/www.maicschulte.de\/wordpress\/","name":"Maic Schulte","description":"Fotografie aus Leidenschaft","publisher":{"@id":"https:\/\/www.maicschulte.de\/wordpress\/#\/schema\/person\/809698f1c7b1655959515001723d716e"},"potentialAction":[{"@type":"SearchAction","target":{"@type":"EntryPoint","urlTemplate":"https:\/\/www.maicschulte.de\/wordpress\/?s={search_term_string}"},"query-input":{"@type":"PropertyValueSpecification","valueRequired":true,"valueName":"search_term_string"}}],"inLanguage":"de"},{"@type":["Person","Organization"],"@id":"https:\/\/www.maicschulte.de\/wordpress\/#\/schema\/person\/809698f1c7b1655959515001723d716e","name":"Maic Schulte","image":{"@type":"ImageObject","inLanguage":"de","@id":"https:\/\/www.maicschulte.de\/wordpress\/wp-content\/uploads\/2025\/05\/Chronus_Maic_Schulte_Logo_605px-3.png","url":"https:\/\/www.maicschulte.de\/wordpress\/wp-content\/uploads\/2025\/05\/Chronus_Maic_Schulte_Logo_605px-3.png","contentUrl":"https:\/\/www.maicschulte.de\/wordpress\/wp-content\/uploads\/2025\/05\/Chronus_Maic_Schulte_Logo_605px-3.png","width":605,"height":200,"caption":"Maic Schulte"},"logo":{"@id":"https:\/\/www.maicschulte.de\/wordpress\/wp-content\/uploads\/2025\/05\/Chronus_Maic_Schulte_Logo_605px-3.png"},"description":"Seit dem Tag, an dem mein Vater mich mit einer Kamera, einem Objektiv und zwei Illford-Schwarzwei\u00df-Filmen auf Entdeckungs-Tour geschickt hat, begleitet mich das Thema \"Fotografie\". Basierend auf WordPress, stellt diese Webseite - jetzt und in der Zukunft - eine Heimat f\u00fcr all meine Artikel und Fotos dar, welche wiederum aus allen Themenbereichen der klassischen &amp; modernen Fotografie kommen. Sei es nun die Fotografie in Schwarz-Wei\u00df; die Erkundung ehemaliger Industriegel\u00e4nde, welche f\u00fcr mich am ehesten \u201eDas Herz des Reviers\u201c widerspiegeln; ausdrucksstarke Portraits oder farbenfrohe Naturaufnahmen. Ganz egal! Es gelingt einfach jedem fotografischen Thema, meine Neugierde darauf zu erwecken. Dar\u00fcber hinaus habe ich aber auch ein ger\u00fctteltes Ma\u00df an Benzin im Blut und mag Autos &amp; Motorr\u00e4der, ganz egal ob nun neu, alt, aufgemotzt oder vollkommen original. Du siehst, die Auswahl an Artikeln &amp; Fotos ist also genauso breit gef\u00e4chert wie meine fotografischen Interessen.","sameAs":["https:\/\/www.maicschulte.de"]}]}},"_links":{"self":[{"href":"https:\/\/www.maicschulte.de\/wordpress\/index.php?rest_route=\/wp\/v2\/posts\/515","targetHints":{"allow":["GET"]}}],"collection":[{"href":"https:\/\/www.maicschulte.de\/wordpress\/index.php?rest_route=\/wp\/v2\/posts"}],"about":[{"href":"https:\/\/www.maicschulte.de\/wordpress\/index.php?rest_route=\/wp\/v2\/types\/post"}],"author":[{"embeddable":true,"href":"https:\/\/www.maicschulte.de\/wordpress\/index.php?rest_route=\/wp\/v2\/users\/1"}],"replies":[{"embeddable":true,"href":"https:\/\/www.maicschulte.de\/wordpress\/index.php?rest_route=%2Fwp%2Fv2%2Fcomments&post=515"}],"version-history":[{"count":8,"href":"https:\/\/www.maicschulte.de\/wordpress\/index.php?rest_route=\/wp\/v2\/posts\/515\/revisions"}],"predecessor-version":[{"id":15913,"href":"https:\/\/www.maicschulte.de\/wordpress\/index.php?rest_route=\/wp\/v2\/posts\/515\/revisions\/15913"}],"wp:featuredmedia":[{"embeddable":true,"href":"https:\/\/www.maicschulte.de\/wordpress\/index.php?rest_route=\/wp\/v2\/media\/516"}],"wp:attachment":[{"href":"https:\/\/www.maicschulte.de\/wordpress\/index.php?rest_route=%2Fwp%2Fv2%2Fmedia&parent=515"}],"wp:term":[{"taxonomy":"category","embeddable":true,"href":"https:\/\/www.maicschulte.de\/wordpress\/index.php?rest_route=%2Fwp%2Fv2%2Fcategories&post=515"},{"taxonomy":"post_tag","embeddable":true,"href":"https:\/\/www.maicschulte.de\/wordpress\/index.php?rest_route=%2Fwp%2Fv2%2Ftags&post=515"}],"curies":[{"name":"wp","href":"https:\/\/api.w.org\/{rel}","templated":true}]}}