{"id":5432,"date":"2015-11-16T15:27:28","date_gmt":"2015-11-16T13:27:28","guid":{"rendered":"http:\/\/www.1001cars.de\/wordpress\/?p=5432"},"modified":"2021-01-17T16:07:35","modified_gmt":"2021-01-17T15:07:35","slug":"ford-fk-1250-taunus-transit","status":"publish","type":"post","link":"https:\/\/www.maicschulte.de\/wordpress\/?p=5432","title":{"rendered":"Ford FK 1250 Taunus Transit"},"content":{"rendered":"\n<div class=\"wp-block-image\"><figure class=\"aligncenter\"><a href=\"https:\/\/www.maicschulte.de\/wordpress\/wp-content\/uploads\/2015\/11\/Ford-Taunus-Transit-OSI-im-Blick.jpg\" data-rel=\"lightbox-gallery-0\" data-rl_title data-rl_caption title><img loading=\"lazy\" decoding=\"async\" width=\"1248\" height=\"627\" src=\"https:\/\/www.maicschulte.de\/wordpress\/wp-content\/uploads\/2015\/11\/Ford-Taunus-Transit-OSI-im-Blick.jpg\" alt=\"Ford Taunus Transit - OSI im Blick\" class=\"wp-image-5443\" srcset=\"https:\/\/www.maicschulte.de\/wordpress\/wp-content\/uploads\/2015\/11\/Ford-Taunus-Transit-OSI-im-Blick.jpg 1248w, https:\/\/www.maicschulte.de\/wordpress\/wp-content\/uploads\/2015\/11\/Ford-Taunus-Transit-OSI-im-Blick-300x151.jpg 300w, https:\/\/www.maicschulte.de\/wordpress\/wp-content\/uploads\/2015\/11\/Ford-Taunus-Transit-OSI-im-Blick-768x386.jpg 768w, https:\/\/www.maicschulte.de\/wordpress\/wp-content\/uploads\/2015\/11\/Ford-Taunus-Transit-OSI-im-Blick-840x422.jpg 840w, https:\/\/www.maicschulte.de\/wordpress\/wp-content\/uploads\/2015\/11\/Ford-Taunus-Transit-OSI-im-Blick-600x301.jpg 600w\" sizes=\"auto, (max-width: 1248px) 100vw, 1248px\"><\/a><\/figure><\/div>\n\n\n\n<p>Der Ford FK 1250 \u2013 der sp\u00e4ter auch Ford Taunus Tran\u00adsit genannt wurde \u2013 war ein Klein\u00adtrans\u00adpor\u00adter, den die Ford-Werke in K\u00f6ln\/Deutschland und Azambuja\/Portugal zwi\u00adschen 1953 und 1966 f\u00fcr den euro\u00adp\u00e4i\u00adschen Markt gefer\u00adtigt&nbsp;haben.<\/p>\n\n\n\n<p>Im Gegen\u00adsatz zum Bully von VW, ist dieser Trans\u00adpor\u00adter aber ein extrem sel\u00adte\u00adner Gast auf Deutsch\u00adlands Stra\u00ad\u00dfen. Umso mehr habe ich mich gefreut, als ich solch ein Fahr\u00adzeug auf der Techno Clas\u00adsi\u00adca 2015 ent\u00addeckt&nbsp;habe.<\/p>\n\n\n\n<!--more-->\n\n\n\n<p>Gl\u00fcck\u00adli\u00adcher\u00adwei\u00adse stand dieser wirk\u00adlich lie\u00adbe\u00advoll restau\u00adrier\u00adte Ford auch noch an einem Mes\u00adse\u00adstand, der von Bekann\u00adten von mir jedes Jahr aufs Neue gehegt und gepflegt wird. Somit stand einer genaue\u00adren Besich\u00adti\u00adgung nichts im Wege und das eine oder andere Foto ist dabei nat\u00fcr\u00adlich auch ent\u00adstan\u00adden. Doch dazu sp\u00e4ter mehr&nbsp;\u2026<\/p>\n\n\n\n<p>Eigent\u00adlich h\u00e4tte der Ford FK 1250 sich ver\u00adkau\u00adfen m\u00fcssen wie das sprich\u00adw\u00f6rt\u00adli\u00adche \u201egeschnit\u00adten\u2019 Brot\u201c. War er seinen Kon\u00adkur\u00adren\u00adten \u2013 dem VW Bully und dem Tempo Mata\u00addor \u2013 doch in jeder Hin\u00adsicht tech\u00adnisch \u00fcber\u00adle\u00adgen und die Optik kann man eben\u00adfalls als gef\u00e4l\u00adlig bezeich\u00adnen. Eine gewis\u00adse \u00c4hn\u00adlich\u00adkeit zum VW Bully ist \u00fcbri\u00adgens nicht ganz zuf\u00e4l\u00adlig, denn der VW-Kon\u00adstruk\u00adteur Alfred Haes\u00adner hatte kurz zuvor zu den Ford-Werken gewechselt.<\/p>\n\n\n\n<p>Dar\u00ad\u00fcber hinaus hatte Ford dem FK ja w\u00e4h\u00adrend der Ent\u00adwick\u00adlungs\u00adpha\u00adse so einige Dinge ins Pflich\u00adten\u00adheft geschrie\u00adben und erf\u00fcllt hat er diese Punkte alle: ein gerin\u00adges Eigen\u00adge\u00adwicht von maxi\u00admal einer Tonne; Front\u00adlen\u00adker mit Hin\u00adter\u00adachs\u00adan\u00adtrieb; Motor vorne und aus dem vor\u00adhan\u00adde\u00adnen PKW-Port\u00adfo\u00adlio von Ford Europa; diver\u00adse Auf\u00adbau\u00adten (Prit\u00adsche, Koffer, \u2026) und eine Nutz\u00adlast von wenigs\u00adtens 1000 Kilogramm.<\/p>\n\n\n\n<p>Die Vor\u00adtei\u00adle im t\u00e4g\u00adli\u00adchen Ein\u00adsatz h\u00e4tten eigent\u00adlich auch \u00fcber\u00adwie\u00adgen m\u00fcssen:<\/p>\n\n\n\n<p>- So war der FK stets st\u00e4r\u00adker moto\u00adri\u00adsiert als seine Kon\u00adkur\u00adren\u00adten. Er wurde gar \u201eRenn\u00adtrans\u00adpor\u00adter\u201c genannt. Das hier gezeig\u00adte Fahr\u00adzeug hat zum Bei\u00adspiel <span class=\"_5yl5\">55 PS, die vom einem Trieb\u00adwerk mit 1498 ccm erzeugt werden. Nur mal zum Ver\u00adgleich: Der Bully von VW schaff\u00adte mit seinem K\u00e4fer-Motor gerade einmal schlap\u00adpe 25 PS, der Schnell\u00adlas\u00adter von DKW bil\u00adde\u00adte das Schluss\u00adlicht mit 22 PS und der Tempo Mata\u00addor kam zumin\u00addest schon auf 26 PS. Im direk\u00adten Ver\u00adgleich alles nur \u201cFlie\u00adgen\u00adher\u00adzen\u201d.<\/span><\/p>\n\n\n\n<p>- Die Lade\u00adfl\u00e4\u00adche war durch\u00adge\u00adhend und wesent\u00adlich tiefer als beim VW Bus, der ja im Heck Motor, Getrie\u00adbe und Antrieb unter\u00adbrin\u00adgen musste. Die Sei\u00adten\u00adt\u00fc\u00adre war so gro\u00df dimen\u00adsio\u00adniert, dass man dort ohne Pro\u00adble\u00adme eine Euro\u00adpalet\u00adte ein\u00adla\u00adden konnte.<\/p>\n\n\n\n<p>- Durch die schon jah\u00adre\u00adlang im PKW-Bau ein\u00adge\u00adsetz\u00adten Moto\u00adren, konnte Ford hier auf aus\u00adge\u00adreif\u00adte, lauf\u00adru\u00adhi\u00adge und stand\u00adfes\u00adte Moto\u00adren mit gerin\u00adgem Ver\u00adbrauch zur\u00fcck\u00adgrei\u00adfen. Ein Ver\u00adbrauch unter 10 Litern auf 100 Kilo\u00adme\u00adtern war durch\u00adaus rea\u00adlis\u00adtisch und f\u00fcr jeden Unter\u00adneh\u00admer ein klarer Pluspunkt.<\/p>\n\n\n\n<p>- Preis\u00adlich war dieser Ford auch konkurrenzf\u00e4hig.<\/p>\n\n\n\n<p>Und trotz\u00addem hat sich der sym\u00adpa\u00adthisch drein\u00adbli\u00adcken\u00adde Trans\u00adpor\u00adter nie wirk\u00adlich auf dem deut\u00adschen Markt eta\u00adblie\u00adren k\u00f6nnen. Warum? Ich wei\u00df es nicht. Teil\u00adwei\u00adse f\u00fchle ich mich hier an die Format-Kriege aus ande\u00adren Berei\u00adchen erin\u00adnert. VHS hat sich auch durch\u00adge\u00adsetzt, obwohl Beta\u00admax von Sony ein\u00addeu\u00adtig das bes\u00adse\u00adre Format gewe\u00adsen ist. \u00c4hn\u00adli\u00adches pas\u00adsiert ja immer mal wieder in der Tech\u00adnik; dass offen\u00adsicht\u00adlich schlech\u00adte\u00adre Pro\u00addukt setzt sich trotz aller M\u00e4ngel durch. Da freut es einen gleich noch mehr, solch ein tolles Exem\u00adplar eines Ford FK 1250 in guten H\u00e4nden zu wissen.<\/p>\n\n\n\n<p>Und f\u00fcr die\u00adje\u00adni\u00adgen, die sich wun\u00addern dass so ein gro\u00dfer Reifen im Lade\u00adab\u00adteil liegt, habe ich nat\u00fcr\u00adlich auch die pas\u00adsen\u00adde Erkl\u00e4\u00adrung parat. Dieses Fahr\u00adzeug war fr\u00fcher mal ein Feu\u00ader\u00adwehr\u00adau\u00adto und somit stets schwer mit Aus\u00adr\u00fcs\u00adtung bela\u00adden. Dem\u00adzu\u00adfol\u00adge besitzt dieses Fahr\u00adzeug an der Hin\u00adter\u00adach\u00adse extrem starke Federn, damit der Wagen nicht unter der Last der Aus\u00adr\u00fcs\u00adtung sofort in die Knie&nbsp;ging.<\/p>\n\n\n\n<p>Mitt\u00adler\u00adwei\u00adle ist das Fahr\u00adzeug aber kom\u00adplett leer\u00adge\u00adr\u00e4umt und hat somit einen ziem\u00adlich leich\u00adten Aufbau. Was wie\u00adder\u00adum zur Folge hat, dass der alte Trans\u00adpor\u00adter hinten extrem hoch liegt und beim \u00dcber\u00adfah\u00adren jedes noch so klei\u00adnen Schlag\u00adlochs anf\u00e4ngt zu h\u00fcpfen wie ein Laub\u00adfrosch. Genau aus diesem Grund liegt die schwe\u00adre Tre\u00adcker-Pelle hinten im Lade\u00adraum. Erh\u00f6ht die Sicher\u00adheit beim Fahren und sieht oben\u00addrein auch noch sau\u00adcool&nbsp;aus&nbsp;;-)<\/p>\n\n\n\n<p>Den\u00adje\u00adni\u00adgen unter Euch, die sich noch aus\u00adf\u00fchr\u00adli\u00adcher \u00fcber diesen Fahr\u00adzeug\u00adtyp infor\u00admie\u00adren wollen, emp\u00adfeh\u00adle ich einen Besuch der <a href=\"https:\/\/de.wikipedia.org\/wiki\/Ford_FK_1000\/1250\" target=\"_blank\" rel=\"noopener noreferrer\">Wiki\u00adpe\u00addia<\/a>. Dort gibt es einen extrem lesens\u00adwer\u00adten Arti\u00adkel, der im Gegen\u00adsatz zu meinem eige\u00adnen, ein Viel\u00adfa\u00adches an Infor\u00adma\u00adtio\u00adnen bereit h\u00e4lt.<\/p>\n\n\n\n<p>Nun w\u00fcn\u00adsche ich viel Freude mit den Fotos und sage \u201eTsch\u00fcss\u201c und \u201eBis dem\u00adn\u00e4chst\u201c. Euer&nbsp;Maic&nbsp;;-)<\/p>\n\n\n\n<figure class=\"wp-block-gallery columns-3 is-cropped wp-block-gallery-2 is-layout-flex wp-block-gallery-is-layout-flex\"><ul class=\"blocks-gallery-grid\"><li class=\"blocks-gallery-item\"><figure><a href=\"https:\/\/www.maicschulte.de\/wordpress\/wp-content\/uploads\/2015\/11\/Ford-Taunus-Transit-Antrieb.jpg\" data-rel=\"lightbox-gallery-0\" data-rl_title data-rl_caption title><img loading=\"lazy\" decoding=\"async\" width=\"1248\" height=\"792\" src=\"https:\/\/www.maicschulte.de\/wordpress\/wp-content\/uploads\/2015\/11\/Ford-Taunus-Transit-Antrieb.jpg\" alt data-id=\"5434\" class=\"wp-image-5434\" srcset=\"https:\/\/www.maicschulte.de\/wordpress\/wp-content\/uploads\/2015\/11\/Ford-Taunus-Transit-Antrieb.jpg 1248w, https:\/\/www.maicschulte.de\/wordpress\/wp-content\/uploads\/2015\/11\/Ford-Taunus-Transit-Antrieb-300x190.jpg 300w, https:\/\/www.maicschulte.de\/wordpress\/wp-content\/uploads\/2015\/11\/Ford-Taunus-Transit-Antrieb-768x487.jpg 768w, https:\/\/www.maicschulte.de\/wordpress\/wp-content\/uploads\/2015\/11\/Ford-Taunus-Transit-Antrieb-827x525.jpg 827w, https:\/\/www.maicschulte.de\/wordpress\/wp-content\/uploads\/2015\/11\/Ford-Taunus-Transit-Antrieb-591x375.jpg 591w\" sizes=\"auto, (max-width: 1248px) 100vw, 1248px\"><\/a><\/figure><\/li><li class=\"blocks-gallery-item\"><figure><a href=\"https:\/\/www.maicschulte.de\/wordpress\/wp-content\/uploads\/2015\/11\/Ford-Taunus-Transit-Dashboard.jpg\" data-rel=\"lightbox-gallery-0\" data-rl_title data-rl_caption title><img loading=\"lazy\" decoding=\"async\" width=\"1248\" height=\"618\" src=\"https:\/\/www.maicschulte.de\/wordpress\/wp-content\/uploads\/2015\/11\/Ford-Taunus-Transit-Dashboard.jpg\" alt data-id=\"5435\" class=\"wp-image-5435\" srcset=\"https:\/\/www.maicschulte.de\/wordpress\/wp-content\/uploads\/2015\/11\/Ford-Taunus-Transit-Dashboard.jpg 1248w, https:\/\/www.maicschulte.de\/wordpress\/wp-content\/uploads\/2015\/11\/Ford-Taunus-Transit-Dashboard-300x149.jpg 300w, https:\/\/www.maicschulte.de\/wordpress\/wp-content\/uploads\/2015\/11\/Ford-Taunus-Transit-Dashboard-768x380.jpg 768w, https:\/\/www.maicschulte.de\/wordpress\/wp-content\/uploads\/2015\/11\/Ford-Taunus-Transit-Dashboard-840x416.jpg 840w, https:\/\/www.maicschulte.de\/wordpress\/wp-content\/uploads\/2015\/11\/Ford-Taunus-Transit-Dashboard-600x297.jpg 600w\" sizes=\"auto, (max-width: 1248px) 100vw, 1248px\"><\/a><\/figure><\/li><li class=\"blocks-gallery-item\"><figure><a href=\"https:\/\/www.maicschulte.de\/wordpress\/wp-content\/uploads\/2015\/11\/Ford-Taunus-Transit-Dicke-Pelle.jpg\" data-rel=\"lightbox-gallery-0\" data-rl_title data-rl_caption title><img loading=\"lazy\" decoding=\"async\" width=\"1248\" height=\"823\" src=\"https:\/\/www.maicschulte.de\/wordpress\/wp-content\/uploads\/2015\/11\/Ford-Taunus-Transit-Dicke-Pelle.jpg\" alt data-id=\"5436\" class=\"wp-image-5436\" srcset=\"https:\/\/www.maicschulte.de\/wordpress\/wp-content\/uploads\/2015\/11\/Ford-Taunus-Transit-Dicke-Pelle.jpg 1248w, https:\/\/www.maicschulte.de\/wordpress\/wp-content\/uploads\/2015\/11\/Ford-Taunus-Transit-Dicke-Pelle-300x198.jpg 300w, https:\/\/www.maicschulte.de\/wordpress\/wp-content\/uploads\/2015\/11\/Ford-Taunus-Transit-Dicke-Pelle-768x506.jpg 768w, https:\/\/www.maicschulte.de\/wordpress\/wp-content\/uploads\/2015\/11\/Ford-Taunus-Transit-Dicke-Pelle-796x525.jpg 796w, https:\/\/www.maicschulte.de\/wordpress\/wp-content\/uploads\/2015\/11\/Ford-Taunus-Transit-Dicke-Pelle-120x80.jpg 120w, https:\/\/www.maicschulte.de\/wordpress\/wp-content\/uploads\/2015\/11\/Ford-Taunus-Transit-Dicke-Pelle-569x375.jpg 569w\" sizes=\"auto, (max-width: 1248px) 100vw, 1248px\"><\/a><\/figure><\/li><li class=\"blocks-gallery-item\"><figure><a href=\"https:\/\/www.maicschulte.de\/wordpress\/wp-content\/uploads\/2015\/11\/Ford-Taunus-Transit-Dunlop.jpg\" data-rel=\"lightbox-gallery-0\" data-rl_title data-rl_caption title><img loading=\"lazy\" decoding=\"async\" width=\"857\" height=\"860\" src=\"https:\/\/www.maicschulte.de\/wordpress\/wp-content\/uploads\/2015\/11\/Ford-Taunus-Transit-Dunlop.jpg\" alt data-id=\"5437\" class=\"wp-image-5437\" srcset=\"https:\/\/www.maicschulte.de\/wordpress\/wp-content\/uploads\/2015\/11\/Ford-Taunus-Transit-Dunlop.jpg 857w, https:\/\/www.maicschulte.de\/wordpress\/wp-content\/uploads\/2015\/11\/Ford-Taunus-Transit-Dunlop-300x300.jpg 300w, https:\/\/www.maicschulte.de\/wordpress\/wp-content\/uploads\/2015\/11\/Ford-Taunus-Transit-Dunlop-150x150.jpg 150w, https:\/\/www.maicschulte.de\/wordpress\/wp-content\/uploads\/2015\/11\/Ford-Taunus-Transit-Dunlop-768x771.jpg 768w, https:\/\/www.maicschulte.de\/wordpress\/wp-content\/uploads\/2015\/11\/Ford-Taunus-Transit-Dunlop-523x525.jpg 523w, https:\/\/www.maicschulte.de\/wordpress\/wp-content\/uploads\/2015\/11\/Ford-Taunus-Transit-Dunlop-374x375.jpg 374w\" sizes=\"auto, (max-width: 857px) 100vw, 857px\"><\/a><\/figure><\/li><li class=\"blocks-gallery-item\"><figure><a href=\"https:\/\/www.maicschulte.de\/wordpress\/wp-content\/uploads\/2015\/11\/Ford-Taunus-Transit-Embleme.jpg\" data-rel=\"lightbox-gallery-0\" data-rl_title data-rl_caption title><img loading=\"lazy\" decoding=\"async\" width=\"1248\" height=\"687\" src=\"https:\/\/www.maicschulte.de\/wordpress\/wp-content\/uploads\/2015\/11\/Ford-Taunus-Transit-Embleme.jpg\" alt data-id=\"5438\" class=\"wp-image-5438\" srcset=\"https:\/\/www.maicschulte.de\/wordpress\/wp-content\/uploads\/2015\/11\/Ford-Taunus-Transit-Embleme.jpg 1248w, https:\/\/www.maicschulte.de\/wordpress\/wp-content\/uploads\/2015\/11\/Ford-Taunus-Transit-Embleme-300x165.jpg 300w, https:\/\/www.maicschulte.de\/wordpress\/wp-content\/uploads\/2015\/11\/Ford-Taunus-Transit-Embleme-768x423.jpg 768w, https:\/\/www.maicschulte.de\/wordpress\/wp-content\/uploads\/2015\/11\/Ford-Taunus-Transit-Embleme-840x462.jpg 840w, https:\/\/www.maicschulte.de\/wordpress\/wp-content\/uploads\/2015\/11\/Ford-Taunus-Transit-Embleme-600x330.jpg 600w\" sizes=\"auto, (max-width: 1248px) 100vw, 1248px\"><\/a><\/figure><\/li><li class=\"blocks-gallery-item\"><figure><a href=\"https:\/\/www.maicschulte.de\/wordpress\/wp-content\/uploads\/2015\/11\/Ford-Taunus-Transit-Frontal.jpg\" data-rel=\"lightbox-gallery-0\" data-rl_title data-rl_caption title><img loading=\"lazy\" decoding=\"async\" width=\"1248\" height=\"773\" src=\"https:\/\/www.maicschulte.de\/wordpress\/wp-content\/uploads\/2015\/11\/Ford-Taunus-Transit-Frontal.jpg\" alt data-id=\"5439\" class=\"wp-image-5439\" srcset=\"https:\/\/www.maicschulte.de\/wordpress\/wp-content\/uploads\/2015\/11\/Ford-Taunus-Transit-Frontal.jpg 1248w, https:\/\/www.maicschulte.de\/wordpress\/wp-content\/uploads\/2015\/11\/Ford-Taunus-Transit-Frontal-300x186.jpg 300w, https:\/\/www.maicschulte.de\/wordpress\/wp-content\/uploads\/2015\/11\/Ford-Taunus-Transit-Frontal-768x476.jpg 768w, https:\/\/www.maicschulte.de\/wordpress\/wp-content\/uploads\/2015\/11\/Ford-Taunus-Transit-Frontal-840x520.jpg 840w, https:\/\/www.maicschulte.de\/wordpress\/wp-content\/uploads\/2015\/11\/Ford-Taunus-Transit-Frontal-600x372.jpg 600w\" sizes=\"auto, (max-width: 1248px) 100vw, 1248px\"><\/a><\/figure><\/li><li class=\"blocks-gallery-item\"><figure><a href=\"https:\/\/www.maicschulte.de\/wordpress\/wp-content\/uploads\/2015\/11\/Ford-Taunus-Transit-Heckansicht.jpg\" data-rel=\"lightbox-gallery-0\" data-rl_title data-rl_caption title><img loading=\"lazy\" decoding=\"async\" width=\"1248\" height=\"792\" src=\"https:\/\/www.maicschulte.de\/wordpress\/wp-content\/uploads\/2015\/11\/Ford-Taunus-Transit-Heckansicht.jpg\" alt data-id=\"5440\" class=\"wp-image-5440\" srcset=\"https:\/\/www.maicschulte.de\/wordpress\/wp-content\/uploads\/2015\/11\/Ford-Taunus-Transit-Heckansicht.jpg 1248w, https:\/\/www.maicschulte.de\/wordpress\/wp-content\/uploads\/2015\/11\/Ford-Taunus-Transit-Heckansicht-300x190.jpg 300w, https:\/\/www.maicschulte.de\/wordpress\/wp-content\/uploads\/2015\/11\/Ford-Taunus-Transit-Heckansicht-768x487.jpg 768w, https:\/\/www.maicschulte.de\/wordpress\/wp-content\/uploads\/2015\/11\/Ford-Taunus-Transit-Heckansicht-827x525.jpg 827w, https:\/\/www.maicschulte.de\/wordpress\/wp-content\/uploads\/2015\/11\/Ford-Taunus-Transit-Heckansicht-591x375.jpg 591w\" sizes=\"auto, (max-width: 1248px) 100vw, 1248px\"><\/a><\/figure><\/li><li class=\"blocks-gallery-item\"><figure><a href=\"https:\/\/www.maicschulte.de\/wordpress\/wp-content\/uploads\/2015\/11\/Ford-Taunus-Transit-Innenraum.jpg\" data-rel=\"lightbox-gallery-0\" data-rl_title data-rl_caption title><img loading=\"lazy\" decoding=\"async\" width=\"1248\" height=\"799\" src=\"https:\/\/www.maicschulte.de\/wordpress\/wp-content\/uploads\/2015\/11\/Ford-Taunus-Transit-Innenraum.jpg\" alt data-id=\"5441\" class=\"wp-image-5441\" srcset=\"https:\/\/www.maicschulte.de\/wordpress\/wp-content\/uploads\/2015\/11\/Ford-Taunus-Transit-Innenraum.jpg 1248w, https:\/\/www.maicschulte.de\/wordpress\/wp-content\/uploads\/2015\/11\/Ford-Taunus-Transit-Innenraum-300x192.jpg 300w, https:\/\/www.maicschulte.de\/wordpress\/wp-content\/uploads\/2015\/11\/Ford-Taunus-Transit-Innenraum-768x492.jpg 768w, https:\/\/www.maicschulte.de\/wordpress\/wp-content\/uploads\/2015\/11\/Ford-Taunus-Transit-Innenraum-820x525.jpg 820w, https:\/\/www.maicschulte.de\/wordpress\/wp-content\/uploads\/2015\/11\/Ford-Taunus-Transit-Innenraum-586x375.jpg 586w\" sizes=\"auto, (max-width: 1248px) 100vw, 1248px\"><\/a><\/figure><\/li><li class=\"blocks-gallery-item\"><figure><a href=\"https:\/\/www.maicschulte.de\/wordpress\/wp-content\/uploads\/2015\/11\/Ford-Taunus-Transit-Logo.jpg\" data-rel=\"lightbox-gallery-0\" data-rl_title data-rl_caption title><img loading=\"lazy\" decoding=\"async\" width=\"1248\" height=\"574\" src=\"https:\/\/www.maicschulte.de\/wordpress\/wp-content\/uploads\/2015\/11\/Ford-Taunus-Transit-Logo.jpg\" alt data-id=\"5442\" class=\"wp-image-5442\" srcset=\"https:\/\/www.maicschulte.de\/wordpress\/wp-content\/uploads\/2015\/11\/Ford-Taunus-Transit-Logo.jpg 1248w, https:\/\/www.maicschulte.de\/wordpress\/wp-content\/uploads\/2015\/11\/Ford-Taunus-Transit-Logo-300x138.jpg 300w, https:\/\/www.maicschulte.de\/wordpress\/wp-content\/uploads\/2015\/11\/Ford-Taunus-Transit-Logo-768x353.jpg 768w, https:\/\/www.maicschulte.de\/wordpress\/wp-content\/uploads\/2015\/11\/Ford-Taunus-Transit-Logo-840x386.jpg 840w, https:\/\/www.maicschulte.de\/wordpress\/wp-content\/uploads\/2015\/11\/Ford-Taunus-Transit-Logo-600x276.jpg 600w\" sizes=\"auto, (max-width: 1248px) 100vw, 1248px\"><\/a><\/figure><\/li><li class=\"blocks-gallery-item\"><figure><a href=\"https:\/\/www.maicschulte.de\/wordpress\/wp-content\/uploads\/2015\/11\/Ford-Taunus-Transit-OSI-im-Blick.jpg\" data-rel=\"lightbox-gallery-0\" data-rl_title data-rl_caption title><img loading=\"lazy\" decoding=\"async\" width=\"1248\" height=\"627\" src=\"https:\/\/www.maicschulte.de\/wordpress\/wp-content\/uploads\/2015\/11\/Ford-Taunus-Transit-OSI-im-Blick.jpg\" alt data-id=\"5443\" class=\"wp-image-5443\" srcset=\"https:\/\/www.maicschulte.de\/wordpress\/wp-content\/uploads\/2015\/11\/Ford-Taunus-Transit-OSI-im-Blick.jpg 1248w, https:\/\/www.maicschulte.de\/wordpress\/wp-content\/uploads\/2015\/11\/Ford-Taunus-Transit-OSI-im-Blick-300x151.jpg 300w, https:\/\/www.maicschulte.de\/wordpress\/wp-content\/uploads\/2015\/11\/Ford-Taunus-Transit-OSI-im-Blick-768x386.jpg 768w, https:\/\/www.maicschulte.de\/wordpress\/wp-content\/uploads\/2015\/11\/Ford-Taunus-Transit-OSI-im-Blick-840x422.jpg 840w, https:\/\/www.maicschulte.de\/wordpress\/wp-content\/uploads\/2015\/11\/Ford-Taunus-Transit-OSI-im-Blick-600x301.jpg 600w\" sizes=\"auto, (max-width: 1248px) 100vw, 1248px\"><\/a><\/figure><\/li><li class=\"blocks-gallery-item\"><figure><a href=\"https:\/\/www.maicschulte.de\/wordpress\/wp-content\/uploads\/2015\/11\/Ford-Taunus-Transit-Schmierung.jpg\" data-rel=\"lightbox-gallery-0\" data-rl_title data-rl_caption title><img loading=\"lazy\" decoding=\"async\" width=\"838\" height=\"860\" src=\"https:\/\/www.maicschulte.de\/wordpress\/wp-content\/uploads\/2015\/11\/Ford-Taunus-Transit-Schmierung.jpg\" alt data-id=\"5444\" class=\"wp-image-5444\" srcset=\"https:\/\/www.maicschulte.de\/wordpress\/wp-content\/uploads\/2015\/11\/Ford-Taunus-Transit-Schmierung.jpg 838w, https:\/\/www.maicschulte.de\/wordpress\/wp-content\/uploads\/2015\/11\/Ford-Taunus-Transit-Schmierung-292x300.jpg 292w, https:\/\/www.maicschulte.de\/wordpress\/wp-content\/uploads\/2015\/11\/Ford-Taunus-Transit-Schmierung-768x788.jpg 768w, https:\/\/www.maicschulte.de\/wordpress\/wp-content\/uploads\/2015\/11\/Ford-Taunus-Transit-Schmierung-512x525.jpg 512w, https:\/\/www.maicschulte.de\/wordpress\/wp-content\/uploads\/2015\/11\/Ford-Taunus-Transit-Schmierung-365x375.jpg 365w\" sizes=\"auto, (max-width: 838px) 100vw, 838px\"><\/a><\/figure><\/li><li class=\"blocks-gallery-item\"><figure><a href=\"https:\/\/www.maicschulte.de\/wordpress\/wp-content\/uploads\/2015\/11\/Ford-Taunus-Transit-Tacho.jpg\" data-rel=\"lightbox-gallery-0\" data-rl_title data-rl_caption title><img loading=\"lazy\" decoding=\"async\" width=\"1248\" height=\"851\" src=\"https:\/\/www.maicschulte.de\/wordpress\/wp-content\/uploads\/2015\/11\/Ford-Taunus-Transit-Tacho.jpg\" alt data-id=\"5445\" class=\"wp-image-5445\" srcset=\"https:\/\/www.maicschulte.de\/wordpress\/wp-content\/uploads\/2015\/11\/Ford-Taunus-Transit-Tacho.jpg 1248w, https:\/\/www.maicschulte.de\/wordpress\/wp-content\/uploads\/2015\/11\/Ford-Taunus-Transit-Tacho-300x205.jpg 300w, https:\/\/www.maicschulte.de\/wordpress\/wp-content\/uploads\/2015\/11\/Ford-Taunus-Transit-Tacho-768x524.jpg 768w, https:\/\/www.maicschulte.de\/wordpress\/wp-content\/uploads\/2015\/11\/Ford-Taunus-Transit-Tacho-770x525.jpg 770w, https:\/\/www.maicschulte.de\/wordpress\/wp-content\/uploads\/2015\/11\/Ford-Taunus-Transit-Tacho-550x375.jpg 550w\" sizes=\"auto, (max-width: 1248px) 100vw, 1248px\"><\/a><\/figure><\/li><li class=\"blocks-gallery-item\"><figure><a href=\"https:\/\/www.maicschulte.de\/wordpress\/wp-content\/uploads\/2015\/11\/Ford-Taunus-Transit-Tuerchen-offen.jpg\" data-rel=\"lightbox-gallery-0\" data-rl_title data-rl_caption title><img loading=\"lazy\" decoding=\"async\" width=\"1248\" height=\"739\" src=\"https:\/\/www.maicschulte.de\/wordpress\/wp-content\/uploads\/2015\/11\/Ford-Taunus-Transit-Tuerchen-offen.jpg\" alt data-id=\"5446\" class=\"wp-image-5446\" srcset=\"https:\/\/www.maicschulte.de\/wordpress\/wp-content\/uploads\/2015\/11\/Ford-Taunus-Transit-Tuerchen-offen.jpg 1248w, https:\/\/www.maicschulte.de\/wordpress\/wp-content\/uploads\/2015\/11\/Ford-Taunus-Transit-Tuerchen-offen-300x178.jpg 300w, https:\/\/www.maicschulte.de\/wordpress\/wp-content\/uploads\/2015\/11\/Ford-Taunus-Transit-Tuerchen-offen-768x455.jpg 768w, https:\/\/www.maicschulte.de\/wordpress\/wp-content\/uploads\/2015\/11\/Ford-Taunus-Transit-Tuerchen-offen-840x497.jpg 840w, https:\/\/www.maicschulte.de\/wordpress\/wp-content\/uploads\/2015\/11\/Ford-Taunus-Transit-Tuerchen-offen-600x355.jpg 600w\" sizes=\"auto, (max-width: 1248px) 100vw, 1248px\"><\/a><\/figure><\/li><li class=\"blocks-gallery-item\"><figure><a href=\"https:\/\/www.maicschulte.de\/wordpress\/wp-content\/uploads\/2015\/11\/Ford-Taunus-Transit-Volant.jpg\" data-rel=\"lightbox-gallery-0\" data-rl_title data-rl_caption title><img loading=\"lazy\" decoding=\"async\" width=\"1248\" height=\"848\" src=\"https:\/\/www.maicschulte.de\/wordpress\/wp-content\/uploads\/2015\/11\/Ford-Taunus-Transit-Volant.jpg\" alt data-id=\"5447\" class=\"wp-image-5447\" srcset=\"https:\/\/www.maicschulte.de\/wordpress\/wp-content\/uploads\/2015\/11\/Ford-Taunus-Transit-Volant.jpg 1248w, https:\/\/www.maicschulte.de\/wordpress\/wp-content\/uploads\/2015\/11\/Ford-Taunus-Transit-Volant-300x204.jpg 300w, https:\/\/www.maicschulte.de\/wordpress\/wp-content\/uploads\/2015\/11\/Ford-Taunus-Transit-Volant-768x522.jpg 768w, https:\/\/www.maicschulte.de\/wordpress\/wp-content\/uploads\/2015\/11\/Ford-Taunus-Transit-Volant-773x525.jpg 773w, https:\/\/www.maicschulte.de\/wordpress\/wp-content\/uploads\/2015\/11\/Ford-Taunus-Transit-Volant-552x375.jpg 552w\" sizes=\"auto, (max-width: 1248px) 100vw, 1248px\"><\/a><\/figure><\/li><\/ul><\/figure>\n","protected":false},"excerpt":{"rendered":"<p>Der Ford FK 1250 \u2013 der sp\u00e4ter auch Ford Taunus Tran\u00adsit genannt wurde \u2013 war ein Klein\u00adtrans\u00adpor\u00adter, den die Ford-Werke in K\u00f6ln\/Deutschland und Azambuja\/Portugal zwi\u00adschen 1953 und 1966 f\u00fcr den euro\u00adp\u00e4i\u00adschen Markt gefer\u00adtigt&nbsp;haben. Im Gegen\u00adsatz zum Bully von VW, ist dieser Trans\u00adpor\u00adter aber ein extrem sel\u00adte\u00adner Gast auf Deutsch\u00adlands Stra\u00ad\u00dfen. Umso mehr habe ich mich gefreut, als ich solch ein Fahr\u00adzeug auf der Techno Clas\u00adsi\u00adca 2015 ent\u00addeckt&nbsp;habe.<\/p>\n","protected":false},"author":1,"featured_media":5443,"comment_status":"open","ping_status":"open","sticky":false,"template":"","format":"standard","meta":{"wp_typography_post_enhancements_disabled":false,"footnotes":""},"categories":[721,1279],"tags":[810,39,795,1041,1042,1043,1044,1045],"class_list":["post-5432","post","type-post","status-publish","format-standard","has-post-thumbnail","hentry","category-automobiles","category-chronologisch","tag-810","tag-ford","tag-motor-show","tag-taunus","tag-tempo-matador","tag-transit","tag-transporter","tag-vw-bully"],"yoast_head":"<!-- This site is optimized with the Yoast SEO plugin v27.5 - https:\/\/yoast.com\/product\/yoast-seo-wordpress\/ -->\n<title>Ford FK 1250 Taunus Transit - Maic Schulte<\/title>\n<meta name=\"description\" content=\"Ford FK 1250 Taunus Transit - Automobiles - Maic Schulte - Fotografie - Ruhrgebiet - Industrie - Portrait - Events - Autos - Rockabilly - Kunst - Schwarzwei\u00df\" \/>\n<meta name=\"robots\" content=\"index, follow, max-snippet:-1, max-image-preview:large, max-video-preview:-1\" \/>\n<link rel=\"canonical\" href=\"https:\/\/www.maicschulte.de\/wordpress\/?p=5432\" \/>\n<meta property=\"og:locale\" content=\"de_DE\" \/>\n<meta property=\"og:type\" content=\"article\" \/>\n<meta property=\"og:title\" content=\"Ford FK 1250 Taunus Transit - Maic Schulte\" \/>\n<meta property=\"og:description\" content=\"Ford FK 1250 Taunus Transit - Automobiles - Maic Schulte - Fotografie - Ruhrgebiet - Industrie - Portrait - Events - Autos - Rockabilly - Kunst - Schwarzwei\u00df\" \/>\n<meta property=\"og:url\" content=\"https:\/\/www.maicschulte.de\/wordpress\/?p=5432\" \/>\n<meta property=\"og:site_name\" content=\"Maic Schulte\" \/>\n<meta property=\"article:published_time\" content=\"2015-11-16T13:27:28+00:00\" \/>\n<meta property=\"article:modified_time\" content=\"2021-01-17T15:07:35+00:00\" \/>\n<meta property=\"og:image\" content=\"https:\/\/www.maicschulte.de\/wordpress\/wp-content\/uploads\/2015\/11\/Ford-Taunus-Transit-OSI-im-Blick.jpg\" \/>\n\t<meta property=\"og:image:width\" content=\"1248\" \/>\n\t<meta property=\"og:image:height\" content=\"627\" \/>\n\t<meta property=\"og:image:type\" content=\"image\/jpeg\" \/>\n<meta name=\"author\" content=\"Maic Schulte\" \/>\n<script type=\"application\/ld+json\" class=\"yoast-schema-graph\">{\"@context\":\"https:\\\/\\\/schema.org\",\"@graph\":[{\"@type\":\"Article\",\"@id\":\"https:\\\/\\\/www.maicschulte.de\\\/wordpress\\\/?p=5432#article\",\"isPartOf\":{\"@id\":\"https:\\\/\\\/www.maicschulte.de\\\/wordpress\\\/?p=5432\"},\"author\":{\"name\":\"Maic Schulte\",\"@id\":\"https:\\\/\\\/www.maicschulte.de\\\/wordpress\\\/#\\\/schema\\\/person\\\/809698f1c7b1655959515001723d716e\"},\"headline\":\"Ford FK 1250 Taunus Transit\",\"datePublished\":\"2015-11-16T13:27:28+00:00\",\"dateModified\":\"2021-01-17T15:07:35+00:00\",\"mainEntityOfPage\":{\"@id\":\"https:\\\/\\\/www.maicschulte.de\\\/wordpress\\\/?p=5432\"},\"wordCount\":707,\"commentCount\":0,\"publisher\":{\"@id\":\"https:\\\/\\\/www.maicschulte.de\\\/wordpress\\\/#\\\/schema\\\/person\\\/809698f1c7b1655959515001723d716e\"},\"image\":{\"@id\":\"https:\\\/\\\/www.maicschulte.de\\\/wordpress\\\/?p=5432#primaryimage\"},\"thumbnailUrl\":\"https:\\\/\\\/www.maicschulte.de\\\/wordpress\\\/wp-content\\\/uploads\\\/2015\\\/11\\\/Ford-Taunus-Transit-OSI-im-Blick.jpg\",\"keywords\":[\"2014\",\"Ford\",\"Motor Show\",\"Taunus\",\"Tempo Matador\",\"Transit\",\"Transporter\",\"VW Bully\"],\"articleSection\":[\"Automobiles\",\"Chronologisch\"],\"inLanguage\":\"de\",\"potentialAction\":[{\"@type\":\"CommentAction\",\"name\":\"Comment\",\"target\":[\"https:\\\/\\\/www.maicschulte.de\\\/wordpress\\\/?p=5432#respond\"]}]},{\"@type\":\"WebPage\",\"@id\":\"https:\\\/\\\/www.maicschulte.de\\\/wordpress\\\/?p=5432\",\"url\":\"https:\\\/\\\/www.maicschulte.de\\\/wordpress\\\/?p=5432\",\"name\":\"Ford FK 1250 Taunus Transit - Maic Schulte\",\"isPartOf\":{\"@id\":\"https:\\\/\\\/www.maicschulte.de\\\/wordpress\\\/#website\"},\"primaryImageOfPage\":{\"@id\":\"https:\\\/\\\/www.maicschulte.de\\\/wordpress\\\/?p=5432#primaryimage\"},\"image\":{\"@id\":\"https:\\\/\\\/www.maicschulte.de\\\/wordpress\\\/?p=5432#primaryimage\"},\"thumbnailUrl\":\"https:\\\/\\\/www.maicschulte.de\\\/wordpress\\\/wp-content\\\/uploads\\\/2015\\\/11\\\/Ford-Taunus-Transit-OSI-im-Blick.jpg\",\"datePublished\":\"2015-11-16T13:27:28+00:00\",\"dateModified\":\"2021-01-17T15:07:35+00:00\",\"description\":\"Ford FK 1250 Taunus Transit - Automobiles - Maic Schulte - Fotografie - Ruhrgebiet - Industrie - Portrait - Events - Autos - Rockabilly - Kunst - Schwarzwei\u00df\",\"breadcrumb\":{\"@id\":\"https:\\\/\\\/www.maicschulte.de\\\/wordpress\\\/?p=5432#breadcrumb\"},\"inLanguage\":\"de\",\"potentialAction\":[{\"@type\":\"ReadAction\",\"target\":[\"https:\\\/\\\/www.maicschulte.de\\\/wordpress\\\/?p=5432\"]}]},{\"@type\":\"ImageObject\",\"inLanguage\":\"de\",\"@id\":\"https:\\\/\\\/www.maicschulte.de\\\/wordpress\\\/?p=5432#primaryimage\",\"url\":\"https:\\\/\\\/www.maicschulte.de\\\/wordpress\\\/wp-content\\\/uploads\\\/2015\\\/11\\\/Ford-Taunus-Transit-OSI-im-Blick.jpg\",\"contentUrl\":\"https:\\\/\\\/www.maicschulte.de\\\/wordpress\\\/wp-content\\\/uploads\\\/2015\\\/11\\\/Ford-Taunus-Transit-OSI-im-Blick.jpg\",\"width\":1248,\"height\":627},{\"@type\":\"BreadcrumbList\",\"@id\":\"https:\\\/\\\/www.maicschulte.de\\\/wordpress\\\/?p=5432#breadcrumb\",\"itemListElement\":[{\"@type\":\"ListItem\",\"position\":1,\"name\":\"Startseite\",\"item\":\"https:\\\/\\\/www.maicschulte.de\\\/wordpress\"},{\"@type\":\"ListItem\",\"position\":2,\"name\":\"Ford FK 1250 Taunus Transit\"}]},{\"@type\":\"WebSite\",\"@id\":\"https:\\\/\\\/www.maicschulte.de\\\/wordpress\\\/#website\",\"url\":\"https:\\\/\\\/www.maicschulte.de\\\/wordpress\\\/\",\"name\":\"Maic Schulte\",\"description\":\"Fotografie aus Leidenschaft\",\"publisher\":{\"@id\":\"https:\\\/\\\/www.maicschulte.de\\\/wordpress\\\/#\\\/schema\\\/person\\\/809698f1c7b1655959515001723d716e\"},\"potentialAction\":[{\"@type\":\"SearchAction\",\"target\":{\"@type\":\"EntryPoint\",\"urlTemplate\":\"https:\\\/\\\/www.maicschulte.de\\\/wordpress\\\/?s={search_term_string}\"},\"query-input\":{\"@type\":\"PropertyValueSpecification\",\"valueRequired\":true,\"valueName\":\"search_term_string\"}}],\"inLanguage\":\"de\"},{\"@type\":[\"Person\",\"Organization\"],\"@id\":\"https:\\\/\\\/www.maicschulte.de\\\/wordpress\\\/#\\\/schema\\\/person\\\/809698f1c7b1655959515001723d716e\",\"name\":\"Maic Schulte\",\"image\":{\"@type\":\"ImageObject\",\"inLanguage\":\"de\",\"@id\":\"https:\\\/\\\/www.maicschulte.de\\\/wordpress\\\/wp-content\\\/uploads\\\/2025\\\/05\\\/Chronus_Maic_Schulte_Logo_605px-3.png\",\"url\":\"https:\\\/\\\/www.maicschulte.de\\\/wordpress\\\/wp-content\\\/uploads\\\/2025\\\/05\\\/Chronus_Maic_Schulte_Logo_605px-3.png\",\"contentUrl\":\"https:\\\/\\\/www.maicschulte.de\\\/wordpress\\\/wp-content\\\/uploads\\\/2025\\\/05\\\/Chronus_Maic_Schulte_Logo_605px-3.png\",\"width\":605,\"height\":200,\"caption\":\"Maic Schulte\"},\"logo\":{\"@id\":\"https:\\\/\\\/www.maicschulte.de\\\/wordpress\\\/wp-content\\\/uploads\\\/2025\\\/05\\\/Chronus_Maic_Schulte_Logo_605px-3.png\"},\"description\":\"Seit dem Tag, an dem mein Vater mich mit einer Kamera, einem Objektiv und zwei Illford-Schwarzwei\u00df-Filmen auf Entdeckungs-Tour geschickt hat, begleitet mich das Thema \\\"Fotografie\\\". Basierend auf WordPress, stellt diese Webseite - jetzt und in der Zukunft - eine Heimat f\u00fcr all meine Artikel und Fotos dar, welche wiederum aus allen Themenbereichen der klassischen &amp; modernen Fotografie kommen. Sei es nun die Fotografie in Schwarz-Wei\u00df; die Erkundung ehemaliger Industriegel\u00e4nde, welche f\u00fcr mich am ehesten \u201eDas Herz des Reviers\u201c widerspiegeln; ausdrucksstarke Portraits oder farbenfrohe Naturaufnahmen. Ganz egal! Es gelingt einfach jedem fotografischen Thema, meine Neugierde darauf zu erwecken. Dar\u00fcber hinaus habe ich aber auch ein ger\u00fctteltes Ma\u00df an Benzin im Blut und mag Autos &amp; Motorr\u00e4der, ganz egal ob nun neu, alt, aufgemotzt oder vollkommen original. Du siehst, die Auswahl an Artikeln &amp; Fotos ist also genauso breit gef\u00e4chert wie meine fotografischen Interessen.\",\"sameAs\":[\"https:\\\/\\\/www.maicschulte.de\"]}]}<\/script>\n<!-- \/ Yoast SEO plugin. -->","yoast_head_json":{"title":"Ford FK 1250 Taunus Transit - Maic Schulte","description":"Ford FK 1250 Taunus Transit - Automobiles - Maic Schulte - Fotografie - Ruhrgebiet - Industrie - Portrait - Events - Autos - Rockabilly - Kunst - Schwarzwei\u00df","robots":{"index":"index","follow":"follow","max-snippet":"max-snippet:-1","max-image-preview":"max-image-preview:large","max-video-preview":"max-video-preview:-1"},"canonical":"https:\/\/www.maicschulte.de\/wordpress\/?p=5432","og_locale":"de_DE","og_type":"article","og_title":"Ford FK 1250 Taunus Transit - Maic Schulte","og_description":"Ford FK 1250 Taunus Transit - Automobiles - Maic Schulte - Fotografie - Ruhrgebiet - Industrie - Portrait - Events - Autos - Rockabilly - Kunst - Schwarzwei\u00df","og_url":"https:\/\/www.maicschulte.de\/wordpress\/?p=5432","og_site_name":"Maic Schulte","article_published_time":"2015-11-16T13:27:28+00:00","article_modified_time":"2021-01-17T15:07:35+00:00","og_image":[{"width":1248,"height":627,"url":"https:\/\/www.maicschulte.de\/wordpress\/wp-content\/uploads\/2015\/11\/Ford-Taunus-Transit-OSI-im-Blick.jpg","type":"image\/jpeg"}],"author":"Maic Schulte","schema":{"@context":"https:\/\/schema.org","@graph":[{"@type":"Article","@id":"https:\/\/www.maicschulte.de\/wordpress\/?p=5432#article","isPartOf":{"@id":"https:\/\/www.maicschulte.de\/wordpress\/?p=5432"},"author":{"name":"Maic Schulte","@id":"https:\/\/www.maicschulte.de\/wordpress\/#\/schema\/person\/809698f1c7b1655959515001723d716e"},"headline":"Ford FK 1250 Taunus Transit","datePublished":"2015-11-16T13:27:28+00:00","dateModified":"2021-01-17T15:07:35+00:00","mainEntityOfPage":{"@id":"https:\/\/www.maicschulte.de\/wordpress\/?p=5432"},"wordCount":707,"commentCount":0,"publisher":{"@id":"https:\/\/www.maicschulte.de\/wordpress\/#\/schema\/person\/809698f1c7b1655959515001723d716e"},"image":{"@id":"https:\/\/www.maicschulte.de\/wordpress\/?p=5432#primaryimage"},"thumbnailUrl":"https:\/\/www.maicschulte.de\/wordpress\/wp-content\/uploads\/2015\/11\/Ford-Taunus-Transit-OSI-im-Blick.jpg","keywords":["2014","Ford","Motor Show","Taunus","Tempo Matador","Transit","Transporter","VW Bully"],"articleSection":["Automobiles","Chronologisch"],"inLanguage":"de","potentialAction":[{"@type":"CommentAction","name":"Comment","target":["https:\/\/www.maicschulte.de\/wordpress\/?p=5432#respond"]}]},{"@type":"WebPage","@id":"https:\/\/www.maicschulte.de\/wordpress\/?p=5432","url":"https:\/\/www.maicschulte.de\/wordpress\/?p=5432","name":"Ford FK 1250 Taunus Transit - Maic Schulte","isPartOf":{"@id":"https:\/\/www.maicschulte.de\/wordpress\/#website"},"primaryImageOfPage":{"@id":"https:\/\/www.maicschulte.de\/wordpress\/?p=5432#primaryimage"},"image":{"@id":"https:\/\/www.maicschulte.de\/wordpress\/?p=5432#primaryimage"},"thumbnailUrl":"https:\/\/www.maicschulte.de\/wordpress\/wp-content\/uploads\/2015\/11\/Ford-Taunus-Transit-OSI-im-Blick.jpg","datePublished":"2015-11-16T13:27:28+00:00","dateModified":"2021-01-17T15:07:35+00:00","description":"Ford FK 1250 Taunus Transit - Automobiles - Maic Schulte - Fotografie - Ruhrgebiet - Industrie - Portrait - Events - Autos - Rockabilly - Kunst - Schwarzwei\u00df","breadcrumb":{"@id":"https:\/\/www.maicschulte.de\/wordpress\/?p=5432#breadcrumb"},"inLanguage":"de","potentialAction":[{"@type":"ReadAction","target":["https:\/\/www.maicschulte.de\/wordpress\/?p=5432"]}]},{"@type":"ImageObject","inLanguage":"de","@id":"https:\/\/www.maicschulte.de\/wordpress\/?p=5432#primaryimage","url":"https:\/\/www.maicschulte.de\/wordpress\/wp-content\/uploads\/2015\/11\/Ford-Taunus-Transit-OSI-im-Blick.jpg","contentUrl":"https:\/\/www.maicschulte.de\/wordpress\/wp-content\/uploads\/2015\/11\/Ford-Taunus-Transit-OSI-im-Blick.jpg","width":1248,"height":627},{"@type":"BreadcrumbList","@id":"https:\/\/www.maicschulte.de\/wordpress\/?p=5432#breadcrumb","itemListElement":[{"@type":"ListItem","position":1,"name":"Startseite","item":"https:\/\/www.maicschulte.de\/wordpress"},{"@type":"ListItem","position":2,"name":"Ford FK 1250 Taunus Transit"}]},{"@type":"WebSite","@id":"https:\/\/www.maicschulte.de\/wordpress\/#website","url":"https:\/\/www.maicschulte.de\/wordpress\/","name":"Maic Schulte","description":"Fotografie aus Leidenschaft","publisher":{"@id":"https:\/\/www.maicschulte.de\/wordpress\/#\/schema\/person\/809698f1c7b1655959515001723d716e"},"potentialAction":[{"@type":"SearchAction","target":{"@type":"EntryPoint","urlTemplate":"https:\/\/www.maicschulte.de\/wordpress\/?s={search_term_string}"},"query-input":{"@type":"PropertyValueSpecification","valueRequired":true,"valueName":"search_term_string"}}],"inLanguage":"de"},{"@type":["Person","Organization"],"@id":"https:\/\/www.maicschulte.de\/wordpress\/#\/schema\/person\/809698f1c7b1655959515001723d716e","name":"Maic Schulte","image":{"@type":"ImageObject","inLanguage":"de","@id":"https:\/\/www.maicschulte.de\/wordpress\/wp-content\/uploads\/2025\/05\/Chronus_Maic_Schulte_Logo_605px-3.png","url":"https:\/\/www.maicschulte.de\/wordpress\/wp-content\/uploads\/2025\/05\/Chronus_Maic_Schulte_Logo_605px-3.png","contentUrl":"https:\/\/www.maicschulte.de\/wordpress\/wp-content\/uploads\/2025\/05\/Chronus_Maic_Schulte_Logo_605px-3.png","width":605,"height":200,"caption":"Maic Schulte"},"logo":{"@id":"https:\/\/www.maicschulte.de\/wordpress\/wp-content\/uploads\/2025\/05\/Chronus_Maic_Schulte_Logo_605px-3.png"},"description":"Seit dem Tag, an dem mein Vater mich mit einer Kamera, einem Objektiv und zwei Illford-Schwarzwei\u00df-Filmen auf Entdeckungs-Tour geschickt hat, begleitet mich das Thema \"Fotografie\". Basierend auf WordPress, stellt diese Webseite - jetzt und in der Zukunft - eine Heimat f\u00fcr all meine Artikel und Fotos dar, welche wiederum aus allen Themenbereichen der klassischen &amp; modernen Fotografie kommen. Sei es nun die Fotografie in Schwarz-Wei\u00df; die Erkundung ehemaliger Industriegel\u00e4nde, welche f\u00fcr mich am ehesten \u201eDas Herz des Reviers\u201c widerspiegeln; ausdrucksstarke Portraits oder farbenfrohe Naturaufnahmen. Ganz egal! Es gelingt einfach jedem fotografischen Thema, meine Neugierde darauf zu erwecken. Dar\u00fcber hinaus habe ich aber auch ein ger\u00fctteltes Ma\u00df an Benzin im Blut und mag Autos &amp; Motorr\u00e4der, ganz egal ob nun neu, alt, aufgemotzt oder vollkommen original. Du siehst, die Auswahl an Artikeln &amp; Fotos ist also genauso breit gef\u00e4chert wie meine fotografischen Interessen.","sameAs":["https:\/\/www.maicschulte.de"]}]}},"_links":{"self":[{"href":"https:\/\/www.maicschulte.de\/wordpress\/index.php?rest_route=\/wp\/v2\/posts\/5432","targetHints":{"allow":["GET"]}}],"collection":[{"href":"https:\/\/www.maicschulte.de\/wordpress\/index.php?rest_route=\/wp\/v2\/posts"}],"about":[{"href":"https:\/\/www.maicschulte.de\/wordpress\/index.php?rest_route=\/wp\/v2\/types\/post"}],"author":[{"embeddable":true,"href":"https:\/\/www.maicschulte.de\/wordpress\/index.php?rest_route=\/wp\/v2\/users\/1"}],"replies":[{"embeddable":true,"href":"https:\/\/www.maicschulte.de\/wordpress\/index.php?rest_route=%2Fwp%2Fv2%2Fcomments&post=5432"}],"version-history":[{"count":2,"href":"https:\/\/www.maicschulte.de\/wordpress\/index.php?rest_route=\/wp\/v2\/posts\/5432\/revisions"}],"predecessor-version":[{"id":11493,"href":"https:\/\/www.maicschulte.de\/wordpress\/index.php?rest_route=\/wp\/v2\/posts\/5432\/revisions\/11493"}],"wp:featuredmedia":[{"embeddable":true,"href":"https:\/\/www.maicschulte.de\/wordpress\/index.php?rest_route=\/wp\/v2\/media\/5443"}],"wp:attachment":[{"href":"https:\/\/www.maicschulte.de\/wordpress\/index.php?rest_route=%2Fwp%2Fv2%2Fmedia&parent=5432"}],"wp:term":[{"taxonomy":"category","embeddable":true,"href":"https:\/\/www.maicschulte.de\/wordpress\/index.php?rest_route=%2Fwp%2Fv2%2Fcategories&post=5432"},{"taxonomy":"post_tag","embeddable":true,"href":"https:\/\/www.maicschulte.de\/wordpress\/index.php?rest_route=%2Fwp%2Fv2%2Ftags&post=5432"}],"curies":[{"name":"wp","href":"https:\/\/api.w.org\/{rel}","templated":true}]}}