{"id":5474,"date":"2016-03-23T16:33:44","date_gmt":"2016-03-23T14:33:44","guid":{"rendered":"http:\/\/www.1001cars.de\/wordpress\/?p=5474"},"modified":"2021-01-17T16:06:32","modified_gmt":"2021-01-17T15:06:32","slug":"event-fuer-ford-fahrer-mit-grossem-herz","status":"publish","type":"post","link":"https:\/\/www.maicschulte.de\/wordpress\/?p=5474","title":{"rendered":"Ein Event f\u00fcr Ford-Fahrer mit gro\u00dfem Herz"},"content":{"rendered":"\n<div class=\"wp-block-image\"><figure class=\"aligncenter\"><a href=\"https:\/\/www.maicschulte.de\/wordpress\/wp-content\/uploads\/2016\/03\/Classic-Ford-Event-NRW-2016-small.jpg\" data-rel=\"lightbox-gallery-0\" data-rl_title data-rl_caption title><img loading=\"lazy\" decoding=\"async\" width=\"704\" height=\"519\" src=\"https:\/\/www.maicschulte.de\/wordpress\/wp-content\/uploads\/2016\/03\/Classic-Ford-Event-NRW-2016-small.jpg\" alt=\"Classic-Ford-Event-NRW 2016 - small\" class=\"wp-image-5477\" srcset=\"https:\/\/www.maicschulte.de\/wordpress\/wp-content\/uploads\/2016\/03\/Classic-Ford-Event-NRW-2016-small.jpg 704w, https:\/\/www.maicschulte.de\/wordpress\/wp-content\/uploads\/2016\/03\/Classic-Ford-Event-NRW-2016-small-300x221.jpg 300w, https:\/\/www.maicschulte.de\/wordpress\/wp-content\/uploads\/2016\/03\/Classic-Ford-Event-NRW-2016-small-509x375.jpg 509w\" sizes=\"auto, (max-width: 704px) 100vw, 704px\"><\/a><\/figure><\/div>\n\n\n\n<p>Aloha!<\/p>\n\n\n\n<p>F\u00fcr die meis\u00adten meiner Leser ist es ja kein wirk\u00adli\u00adches Geheim\u00adnis mehr, dass die beiden Seiten <a href=\"http:\/\/www.oldtimer-nrw.net\" target=\"_blank\" rel=\"noopener noreferrer\">Old\u00adti\u00admer-NRW <\/a>und maicschulte.de ganz eng \u2014 und dies sowohl vor, als auch hinter den Kulis\u00adsen \u2014 zusam\u00admen\u00adar\u00adbei\u00adten. Von daher freue ich mich umso mehr, Euch heute eine der bevor\u00adste\u00adhen\u00adden Ver\u00adan\u00adstal\u00adtun\u00adgen unse\u00adrer Part\u00adner-Seite ank\u00fcn\u00addi\u00adgen zu d\u00fcrfen.<\/p>\n\n\n\n<p>Das 2. Clas\u00adsic-Ford-Event-NRW, wel\u00adches am 18.09.16 in Kre\u00adfeld statt\u00adfin\u00adden&nbsp;wird.<\/p>\n\n\n\n<!--more-->\n\n\n\n<p>Wie auch schon im Vor\u00adjahr, steht bei dieser Ver\u00adan\u00adstal\u00adtung der gute Zweck im Vor\u00adder\u00adgrund, wobei ich mir ziem\u00adlich sicher bin, dass auch dies\u00admal der Spa\u00df an der Marke Ford und deren Fahr\u00adzeu\u00adge nicht zu kurz kommen wird.<\/p>\n\n\n\n<p>Zum Stich\u00adwort \u201cGuter Zweck\u201d:<\/p>\n\n\n\n<p>Bei der Pre\u00admie\u00adre dieser Ver\u00adan\u00adstal\u00adtung im letz\u00adten Jahr, ist die stolze Summe von <a href=\"http:\/\/www.oldtimer-nrw.net\/wordpress\/?p=13446\" target=\"_blank\" rel=\"noopener noreferrer\">1800 Euro<\/a> zusam\u00admen\u00adge\u00adkom\u00admen, die den Betrei\u00adbern des <a href=\"https:\/\/www.kinderhospiz-regenbogenland.de\/\" target=\"_blank\" rel=\"noopener noreferrer\">Kin\u00adder\u00adhos\u00adpi\u00adzes Regen\u00adbo\u00adgen\u00adland<\/a> in D\u00fcs\u00adsel\u00addorf \u00fcber\u00adge\u00adben wurde. Gerade bei den Stich\u00adwor\u00adten \u201cHospiz\u201d und \u201cKinder\u201d sollte jedem Leser sofort klar sein, \u00fcber wie\u00adviel Leid wir hier reden und das selbst diese Summe nur einen Trop\u00adfen auf dem hei\u00dfen Stein dar\u00adstellt. Trotz\u00addem ziehe ich sym\u00adbo\u00adlisch meinen Hut vor so viel sozia\u00adlem Enga\u00adge\u00adment und der ganz gro\u00dfen Bereit\u00adschaft, die eigene Frei\u00adzeit \u2014 und das eigene Fahr\u00adzeug \u2014 in den Dienst der guten Sache zu stellen.<\/p>\n\n\n\n<p>Selbst\u00adver\u00adst\u00e4nd\u00adlich wird sich auch in diesem Jahr wieder das Team von <a href=\"http:\/\/www.bikertreff-krefeld.info\" target=\"_blank\" rel=\"noopener noreferrer\">Mo\u2019s Biker\u00adtreff<\/a> um alle Belan\u00adge k\u00fcm\u00admern, die Euer per\u00ads\u00f6n\u00adli\u00adches Wohl betref\u00adfen. Dar\u00ad\u00fcber hinaus gibt es auch wieder einen Stand mit selbst\u00adge\u00adba\u00adcke\u00adnem Kuchen. An diesem Stand haben \u00fcbri\u00adgens alle Besu\u00adcher die M\u00f6g\u00adlich\u00adkeit, eine zus\u00e4tz\u00adli\u00adche Spende zu entrichten.<\/p>\n\n\n\n<p>Mit der Spen\u00adden\u00adsum\u00adme wird in diesem Jahr der <a href=\"http:\/\/krebskinder-krefeld.de\/\" target=\"_blank\" rel=\"noopener noreferrer\">F\u00f6r\u00adder\u00adver\u00adein krebs\u00adkran\u00adker Kinder Kre\u00adfeld e. V.<\/a> unter\u00adst\u00fctzt, wel\u00adcher diese kleine Zuwen\u00addung mehr als gut gebrau\u00adchen&nbsp;kann.<\/p>\n\n\n\n<p>Okay, ich fasse dann noch einmal alle Fakten kurz f\u00fcr Euch zusammen:<\/p>\n\n\n\n<p>- Besu\u00adcher zahlen keinen Ein\u00adtritt, k\u00f6nnen aber am Kuchen\u00adstand spenden.<\/p>\n\n\n\n<p>- Der Ein\u00adtritts\u00adpreis pro Fahr\u00adzeug betr\u00e4gt 5,-\u20ac und geht in vollem Umfang zuguns\u00adten des F\u00f6r\u00adder\u00adver\u00adeins krebs\u00adkran\u00adker Kinder Kre\u00adfeld e.&nbsp;V.<\/p>\n\n\n\n<p>- Teil\u00adnah\u00adme\u00adbe\u00adrech\u00adtigt sind s\u00e4mt\u00adli\u00adche euro\u00adp\u00e4i\u00adschen Ford bis ein\u00adschlie\u00df\u00adlich Bj.&nbsp;1989.<\/p>\n\n\n\n<p>- M\u00f6g\u00adlich\u00adkei\u00adten f\u00fcr einen pri\u00adva\u00adten (Kof\u00adfer\u00adraum\u00adver\u00adkauf) oder gewerb\u00adli\u00adchen Tei\u00adle\u00admarkt sind vor\u00adhan\u00adden. H\u00e4nd\u00adler\u00adan\u00adfra\u00adgen sind unbe\u00addingt erw\u00fcnscht!<\/p>\n\n\n\n<p>- F\u00fcr Euer leib\u00adli\u00adches Wohl sorgt wieder das freund\u00adli\u00adche Team von Mo\u2019s Bikertreff.<\/p>\n\n\n\n<p>- Loca\u00adti\u00adon: Mo\u2019s Biker\u00adtreff, Klei\u00adnewe\u00adfers\u00adstra\u00ad\u00dfe 160, 47803 Krefeld.<\/p>\n\n\n\n<div class=\"wp-block-image\"><figure class=\"aligncenter\"><a href=\"https:\/\/www.maicschulte.de\/wordpress\/wp-content\/uploads\/2016\/03\/Classic-Ford-Event-NRW-2016.jpg\" data-rel=\"lightbox-gallery-0\" data-rl_title data-rl_caption title><img loading=\"lazy\" decoding=\"async\" width=\"707\" height=\"1000\" src=\"https:\/\/www.maicschulte.de\/wordpress\/wp-content\/uploads\/2016\/03\/Classic-Ford-Event-NRW-2016.jpg\" alt=\"Classic-Ford-Event-NRW 2016\" class=\"wp-image-5476\" srcset=\"https:\/\/www.maicschulte.de\/wordpress\/wp-content\/uploads\/2016\/03\/Classic-Ford-Event-NRW-2016.jpg 707w, https:\/\/www.maicschulte.de\/wordpress\/wp-content\/uploads\/2016\/03\/Classic-Ford-Event-NRW-2016-212x300.jpg 212w, https:\/\/www.maicschulte.de\/wordpress\/wp-content\/uploads\/2016\/03\/Classic-Ford-Event-NRW-2016-371x525.jpg 371w, https:\/\/www.maicschulte.de\/wordpress\/wp-content\/uploads\/2016\/03\/Classic-Ford-Event-NRW-2016-265x375.jpg 265w\" sizes=\"auto, (max-width: 707px) 100vw, 707px\"><\/a><\/figure><\/div>\n","protected":false},"excerpt":{"rendered":"<p>Aloha! F\u00fcr die meis\u00adten meiner Leser ist es ja kein wirk\u00adli\u00adches Geheim\u00adnis mehr, dass die beiden Seiten Old\u00ad\u00adti\u00ad\u00admer-NRW und maicschulte.de ganz eng \u2014 und dies sowohl vor, als auch hinter den Kulis\u00adsen \u2014 zusam\u00admen\u00adar\u00adbei\u00adten. Von daher freue ich mich umso mehr, Euch heute eine der bevor\u00adste\u00adhen\u00adden Ver\u00adan\u00adstal\u00adtun\u00adgen unse\u00adrer Par\u00adt\u00ad\u00adner-Seite ank\u00fcn\u00addi\u00adgen zu d\u00fcrfen. Das 2. Clas\u00ad\u00adsic-Ford-Event-NRW, wel\u00adches am 18.09.16 in Kre\u00adfeld statt\u00adfin\u00adden&nbsp;wird.<\/p>\n","protected":false},"author":1,"featured_media":5477,"comment_status":"open","ping_status":"open","sticky":false,"template":"","format":"standard","meta":{"wp_typography_post_enhancements_disabled":false,"footnotes":""},"categories":[721,1279],"tags":[787,940,941,942,943,944,945,760],"class_list":["post-5474","post","type-post","status-publish","format-standard","has-post-thumbnail","hentry","category-automobiles","category-chronologisch","tag-787","tag-charity","tag-classic-ford-event","tag-guter-zweck","tag-krefeld","tag-oldtimer-nrw","tag-spenden","tag-youngtimer"],"yoast_head":"<!-- This site is optimized with the Yoast SEO plugin v27.5 - https:\/\/yoast.com\/product\/yoast-seo-wordpress\/ -->\n<title>Ein Event f\u00fcr Ford-Fahrer mit gro\u00dfem Herz - Maic Schulte<\/title>\n<meta name=\"description\" content=\"Ein Event f\u00fcr Ford-Fahrer mit gro\u00dfem Herz - Automobiles - Maic Schulte - Fotografie - Ruhrgebiet - Industrie - Portrait - Events - Autos - Rockabilly - Kunst - Schwarzwei\u00df\" \/>\n<meta name=\"robots\" content=\"index, follow, max-snippet:-1, max-image-preview:large, max-video-preview:-1\" \/>\n<link rel=\"canonical\" href=\"https:\/\/www.maicschulte.de\/wordpress\/?p=5474\" \/>\n<meta property=\"og:locale\" content=\"de_DE\" \/>\n<meta property=\"og:type\" content=\"article\" \/>\n<meta property=\"og:title\" content=\"Ein Event f\u00fcr Ford-Fahrer mit gro\u00dfem Herz - Maic Schulte\" \/>\n<meta property=\"og:description\" content=\"Ein Event f\u00fcr Ford-Fahrer mit gro\u00dfem Herz - Automobiles - Maic Schulte - Fotografie - Ruhrgebiet - Industrie - Portrait - Events - Autos - Rockabilly - Kunst - Schwarzwei\u00df\" \/>\n<meta property=\"og:url\" content=\"https:\/\/www.maicschulte.de\/wordpress\/?p=5474\" \/>\n<meta property=\"og:site_name\" content=\"Maic Schulte\" \/>\n<meta property=\"article:published_time\" content=\"2016-03-23T14:33:44+00:00\" \/>\n<meta property=\"article:modified_time\" content=\"2021-01-17T15:06:32+00:00\" \/>\n<meta property=\"og:image\" content=\"https:\/\/www.maicschulte.de\/wordpress\/wp-content\/uploads\/2016\/03\/Classic-Ford-Event-NRW-2016-small.jpg\" \/>\n\t<meta property=\"og:image:width\" content=\"704\" \/>\n\t<meta property=\"og:image:height\" content=\"519\" \/>\n\t<meta property=\"og:image:type\" content=\"image\/jpeg\" \/>\n<meta name=\"author\" content=\"Maic Schulte\" \/>\n<script type=\"application\/ld+json\" class=\"yoast-schema-graph\">{\"@context\":\"https:\\\/\\\/schema.org\",\"@graph\":[{\"@type\":\"Article\",\"@id\":\"https:\\\/\\\/www.maicschulte.de\\\/wordpress\\\/?p=5474#article\",\"isPartOf\":{\"@id\":\"https:\\\/\\\/www.maicschulte.de\\\/wordpress\\\/?p=5474\"},\"author\":{\"name\":\"Maic Schulte\",\"@id\":\"https:\\\/\\\/www.maicschulte.de\\\/wordpress\\\/#\\\/schema\\\/person\\\/809698f1c7b1655959515001723d716e\"},\"headline\":\"Ein Event f\u00fcr Ford-Fahrer mit gro\u00dfem Herz\",\"datePublished\":\"2016-03-23T14:33:44+00:00\",\"dateModified\":\"2021-01-17T15:06:32+00:00\",\"mainEntityOfPage\":{\"@id\":\"https:\\\/\\\/www.maicschulte.de\\\/wordpress\\\/?p=5474\"},\"wordCount\":387,\"commentCount\":2,\"publisher\":{\"@id\":\"https:\\\/\\\/www.maicschulte.de\\\/wordpress\\\/#\\\/schema\\\/person\\\/809698f1c7b1655959515001723d716e\"},\"image\":{\"@id\":\"https:\\\/\\\/www.maicschulte.de\\\/wordpress\\\/?p=5474#primaryimage\"},\"thumbnailUrl\":\"https:\\\/\\\/www.maicschulte.de\\\/wordpress\\\/wp-content\\\/uploads\\\/2016\\\/03\\\/Classic-Ford-Event-NRW-2016-small.jpg\",\"keywords\":[\"2016\",\"Charity\",\"Classic-Ford-Event\",\"guter Zweck\",\"Krefeld\",\"Oldtimer-NRW\",\"Spenden\",\"Youngtimer\"],\"articleSection\":[\"Automobiles\",\"Chronologisch\"],\"inLanguage\":\"de\",\"potentialAction\":[{\"@type\":\"CommentAction\",\"name\":\"Comment\",\"target\":[\"https:\\\/\\\/www.maicschulte.de\\\/wordpress\\\/?p=5474#respond\"]}]},{\"@type\":\"WebPage\",\"@id\":\"https:\\\/\\\/www.maicschulte.de\\\/wordpress\\\/?p=5474\",\"url\":\"https:\\\/\\\/www.maicschulte.de\\\/wordpress\\\/?p=5474\",\"name\":\"Ein Event f\u00fcr Ford-Fahrer mit gro\u00dfem Herz - Maic Schulte\",\"isPartOf\":{\"@id\":\"https:\\\/\\\/www.maicschulte.de\\\/wordpress\\\/#website\"},\"primaryImageOfPage\":{\"@id\":\"https:\\\/\\\/www.maicschulte.de\\\/wordpress\\\/?p=5474#primaryimage\"},\"image\":{\"@id\":\"https:\\\/\\\/www.maicschulte.de\\\/wordpress\\\/?p=5474#primaryimage\"},\"thumbnailUrl\":\"https:\\\/\\\/www.maicschulte.de\\\/wordpress\\\/wp-content\\\/uploads\\\/2016\\\/03\\\/Classic-Ford-Event-NRW-2016-small.jpg\",\"datePublished\":\"2016-03-23T14:33:44+00:00\",\"dateModified\":\"2021-01-17T15:06:32+00:00\",\"description\":\"Ein Event f\u00fcr Ford-Fahrer mit gro\u00dfem Herz - Automobiles - Maic Schulte - Fotografie - Ruhrgebiet - Industrie - Portrait - Events - Autos - Rockabilly - Kunst - Schwarzwei\u00df\",\"breadcrumb\":{\"@id\":\"https:\\\/\\\/www.maicschulte.de\\\/wordpress\\\/?p=5474#breadcrumb\"},\"inLanguage\":\"de\",\"potentialAction\":[{\"@type\":\"ReadAction\",\"target\":[\"https:\\\/\\\/www.maicschulte.de\\\/wordpress\\\/?p=5474\"]}]},{\"@type\":\"ImageObject\",\"inLanguage\":\"de\",\"@id\":\"https:\\\/\\\/www.maicschulte.de\\\/wordpress\\\/?p=5474#primaryimage\",\"url\":\"https:\\\/\\\/www.maicschulte.de\\\/wordpress\\\/wp-content\\\/uploads\\\/2016\\\/03\\\/Classic-Ford-Event-NRW-2016-small.jpg\",\"contentUrl\":\"https:\\\/\\\/www.maicschulte.de\\\/wordpress\\\/wp-content\\\/uploads\\\/2016\\\/03\\\/Classic-Ford-Event-NRW-2016-small.jpg\",\"width\":704,\"height\":519},{\"@type\":\"BreadcrumbList\",\"@id\":\"https:\\\/\\\/www.maicschulte.de\\\/wordpress\\\/?p=5474#breadcrumb\",\"itemListElement\":[{\"@type\":\"ListItem\",\"position\":1,\"name\":\"Startseite\",\"item\":\"https:\\\/\\\/www.maicschulte.de\\\/wordpress\"},{\"@type\":\"ListItem\",\"position\":2,\"name\":\"Ein Event f\u00fcr Ford-Fahrer mit gro\u00dfem Herz\"}]},{\"@type\":\"WebSite\",\"@id\":\"https:\\\/\\\/www.maicschulte.de\\\/wordpress\\\/#website\",\"url\":\"https:\\\/\\\/www.maicschulte.de\\\/wordpress\\\/\",\"name\":\"Maic Schulte\",\"description\":\"Fotografie aus Leidenschaft\",\"publisher\":{\"@id\":\"https:\\\/\\\/www.maicschulte.de\\\/wordpress\\\/#\\\/schema\\\/person\\\/809698f1c7b1655959515001723d716e\"},\"potentialAction\":[{\"@type\":\"SearchAction\",\"target\":{\"@type\":\"EntryPoint\",\"urlTemplate\":\"https:\\\/\\\/www.maicschulte.de\\\/wordpress\\\/?s={search_term_string}\"},\"query-input\":{\"@type\":\"PropertyValueSpecification\",\"valueRequired\":true,\"valueName\":\"search_term_string\"}}],\"inLanguage\":\"de\"},{\"@type\":[\"Person\",\"Organization\"],\"@id\":\"https:\\\/\\\/www.maicschulte.de\\\/wordpress\\\/#\\\/schema\\\/person\\\/809698f1c7b1655959515001723d716e\",\"name\":\"Maic Schulte\",\"image\":{\"@type\":\"ImageObject\",\"inLanguage\":\"de\",\"@id\":\"https:\\\/\\\/www.maicschulte.de\\\/wordpress\\\/wp-content\\\/uploads\\\/2025\\\/05\\\/Chronus_Maic_Schulte_Logo_605px-3.png\",\"url\":\"https:\\\/\\\/www.maicschulte.de\\\/wordpress\\\/wp-content\\\/uploads\\\/2025\\\/05\\\/Chronus_Maic_Schulte_Logo_605px-3.png\",\"contentUrl\":\"https:\\\/\\\/www.maicschulte.de\\\/wordpress\\\/wp-content\\\/uploads\\\/2025\\\/05\\\/Chronus_Maic_Schulte_Logo_605px-3.png\",\"width\":605,\"height\":200,\"caption\":\"Maic Schulte\"},\"logo\":{\"@id\":\"https:\\\/\\\/www.maicschulte.de\\\/wordpress\\\/wp-content\\\/uploads\\\/2025\\\/05\\\/Chronus_Maic_Schulte_Logo_605px-3.png\"},\"description\":\"Seit dem Tag, an dem mein Vater mich mit einer Kamera, einem Objektiv und zwei Illford-Schwarzwei\u00df-Filmen auf Entdeckungs-Tour geschickt hat, begleitet mich das Thema \\\"Fotografie\\\". Basierend auf WordPress, stellt diese Webseite - jetzt und in der Zukunft - eine Heimat f\u00fcr all meine Artikel und Fotos dar, welche wiederum aus allen Themenbereichen der klassischen &amp; modernen Fotografie kommen. Sei es nun die Fotografie in Schwarz-Wei\u00df; die Erkundung ehemaliger Industriegel\u00e4nde, welche f\u00fcr mich am ehesten \u201eDas Herz des Reviers\u201c widerspiegeln; ausdrucksstarke Portraits oder farbenfrohe Naturaufnahmen. Ganz egal! Es gelingt einfach jedem fotografischen Thema, meine Neugierde darauf zu erwecken. Dar\u00fcber hinaus habe ich aber auch ein ger\u00fctteltes Ma\u00df an Benzin im Blut und mag Autos &amp; Motorr\u00e4der, ganz egal ob nun neu, alt, aufgemotzt oder vollkommen original. Du siehst, die Auswahl an Artikeln &amp; Fotos ist also genauso breit gef\u00e4chert wie meine fotografischen Interessen.\",\"sameAs\":[\"https:\\\/\\\/www.maicschulte.de\"]}]}<\/script>\n<!-- \/ Yoast SEO plugin. -->","yoast_head_json":{"title":"Ein Event f\u00fcr Ford-Fahrer mit gro\u00dfem Herz - Maic Schulte","description":"Ein Event f\u00fcr Ford-Fahrer mit gro\u00dfem Herz - Automobiles - Maic Schulte - Fotografie - Ruhrgebiet - Industrie - Portrait - Events - Autos - Rockabilly - Kunst - Schwarzwei\u00df","robots":{"index":"index","follow":"follow","max-snippet":"max-snippet:-1","max-image-preview":"max-image-preview:large","max-video-preview":"max-video-preview:-1"},"canonical":"https:\/\/www.maicschulte.de\/wordpress\/?p=5474","og_locale":"de_DE","og_type":"article","og_title":"Ein Event f\u00fcr Ford-Fahrer mit gro\u00dfem Herz - Maic Schulte","og_description":"Ein Event f\u00fcr Ford-Fahrer mit gro\u00dfem Herz - Automobiles - Maic Schulte - Fotografie - Ruhrgebiet - Industrie - Portrait - Events - Autos - Rockabilly - Kunst - Schwarzwei\u00df","og_url":"https:\/\/www.maicschulte.de\/wordpress\/?p=5474","og_site_name":"Maic Schulte","article_published_time":"2016-03-23T14:33:44+00:00","article_modified_time":"2021-01-17T15:06:32+00:00","og_image":[{"width":704,"height":519,"url":"https:\/\/www.maicschulte.de\/wordpress\/wp-content\/uploads\/2016\/03\/Classic-Ford-Event-NRW-2016-small.jpg","type":"image\/jpeg"}],"author":"Maic Schulte","schema":{"@context":"https:\/\/schema.org","@graph":[{"@type":"Article","@id":"https:\/\/www.maicschulte.de\/wordpress\/?p=5474#article","isPartOf":{"@id":"https:\/\/www.maicschulte.de\/wordpress\/?p=5474"},"author":{"name":"Maic Schulte","@id":"https:\/\/www.maicschulte.de\/wordpress\/#\/schema\/person\/809698f1c7b1655959515001723d716e"},"headline":"Ein Event f\u00fcr Ford-Fahrer mit gro\u00dfem Herz","datePublished":"2016-03-23T14:33:44+00:00","dateModified":"2021-01-17T15:06:32+00:00","mainEntityOfPage":{"@id":"https:\/\/www.maicschulte.de\/wordpress\/?p=5474"},"wordCount":387,"commentCount":2,"publisher":{"@id":"https:\/\/www.maicschulte.de\/wordpress\/#\/schema\/person\/809698f1c7b1655959515001723d716e"},"image":{"@id":"https:\/\/www.maicschulte.de\/wordpress\/?p=5474#primaryimage"},"thumbnailUrl":"https:\/\/www.maicschulte.de\/wordpress\/wp-content\/uploads\/2016\/03\/Classic-Ford-Event-NRW-2016-small.jpg","keywords":["2016","Charity","Classic-Ford-Event","guter Zweck","Krefeld","Oldtimer-NRW","Spenden","Youngtimer"],"articleSection":["Automobiles","Chronologisch"],"inLanguage":"de","potentialAction":[{"@type":"CommentAction","name":"Comment","target":["https:\/\/www.maicschulte.de\/wordpress\/?p=5474#respond"]}]},{"@type":"WebPage","@id":"https:\/\/www.maicschulte.de\/wordpress\/?p=5474","url":"https:\/\/www.maicschulte.de\/wordpress\/?p=5474","name":"Ein Event f\u00fcr Ford-Fahrer mit gro\u00dfem Herz - Maic Schulte","isPartOf":{"@id":"https:\/\/www.maicschulte.de\/wordpress\/#website"},"primaryImageOfPage":{"@id":"https:\/\/www.maicschulte.de\/wordpress\/?p=5474#primaryimage"},"image":{"@id":"https:\/\/www.maicschulte.de\/wordpress\/?p=5474#primaryimage"},"thumbnailUrl":"https:\/\/www.maicschulte.de\/wordpress\/wp-content\/uploads\/2016\/03\/Classic-Ford-Event-NRW-2016-small.jpg","datePublished":"2016-03-23T14:33:44+00:00","dateModified":"2021-01-17T15:06:32+00:00","description":"Ein Event f\u00fcr Ford-Fahrer mit gro\u00dfem Herz - Automobiles - Maic Schulte - Fotografie - Ruhrgebiet - Industrie - Portrait - Events - Autos - Rockabilly - Kunst - Schwarzwei\u00df","breadcrumb":{"@id":"https:\/\/www.maicschulte.de\/wordpress\/?p=5474#breadcrumb"},"inLanguage":"de","potentialAction":[{"@type":"ReadAction","target":["https:\/\/www.maicschulte.de\/wordpress\/?p=5474"]}]},{"@type":"ImageObject","inLanguage":"de","@id":"https:\/\/www.maicschulte.de\/wordpress\/?p=5474#primaryimage","url":"https:\/\/www.maicschulte.de\/wordpress\/wp-content\/uploads\/2016\/03\/Classic-Ford-Event-NRW-2016-small.jpg","contentUrl":"https:\/\/www.maicschulte.de\/wordpress\/wp-content\/uploads\/2016\/03\/Classic-Ford-Event-NRW-2016-small.jpg","width":704,"height":519},{"@type":"BreadcrumbList","@id":"https:\/\/www.maicschulte.de\/wordpress\/?p=5474#breadcrumb","itemListElement":[{"@type":"ListItem","position":1,"name":"Startseite","item":"https:\/\/www.maicschulte.de\/wordpress"},{"@type":"ListItem","position":2,"name":"Ein Event f\u00fcr Ford-Fahrer mit gro\u00dfem Herz"}]},{"@type":"WebSite","@id":"https:\/\/www.maicschulte.de\/wordpress\/#website","url":"https:\/\/www.maicschulte.de\/wordpress\/","name":"Maic Schulte","description":"Fotografie aus Leidenschaft","publisher":{"@id":"https:\/\/www.maicschulte.de\/wordpress\/#\/schema\/person\/809698f1c7b1655959515001723d716e"},"potentialAction":[{"@type":"SearchAction","target":{"@type":"EntryPoint","urlTemplate":"https:\/\/www.maicschulte.de\/wordpress\/?s={search_term_string}"},"query-input":{"@type":"PropertyValueSpecification","valueRequired":true,"valueName":"search_term_string"}}],"inLanguage":"de"},{"@type":["Person","Organization"],"@id":"https:\/\/www.maicschulte.de\/wordpress\/#\/schema\/person\/809698f1c7b1655959515001723d716e","name":"Maic Schulte","image":{"@type":"ImageObject","inLanguage":"de","@id":"https:\/\/www.maicschulte.de\/wordpress\/wp-content\/uploads\/2025\/05\/Chronus_Maic_Schulte_Logo_605px-3.png","url":"https:\/\/www.maicschulte.de\/wordpress\/wp-content\/uploads\/2025\/05\/Chronus_Maic_Schulte_Logo_605px-3.png","contentUrl":"https:\/\/www.maicschulte.de\/wordpress\/wp-content\/uploads\/2025\/05\/Chronus_Maic_Schulte_Logo_605px-3.png","width":605,"height":200,"caption":"Maic Schulte"},"logo":{"@id":"https:\/\/www.maicschulte.de\/wordpress\/wp-content\/uploads\/2025\/05\/Chronus_Maic_Schulte_Logo_605px-3.png"},"description":"Seit dem Tag, an dem mein Vater mich mit einer Kamera, einem Objektiv und zwei Illford-Schwarzwei\u00df-Filmen auf Entdeckungs-Tour geschickt hat, begleitet mich das Thema \"Fotografie\". Basierend auf WordPress, stellt diese Webseite - jetzt und in der Zukunft - eine Heimat f\u00fcr all meine Artikel und Fotos dar, welche wiederum aus allen Themenbereichen der klassischen &amp; modernen Fotografie kommen. Sei es nun die Fotografie in Schwarz-Wei\u00df; die Erkundung ehemaliger Industriegel\u00e4nde, welche f\u00fcr mich am ehesten \u201eDas Herz des Reviers\u201c widerspiegeln; ausdrucksstarke Portraits oder farbenfrohe Naturaufnahmen. Ganz egal! Es gelingt einfach jedem fotografischen Thema, meine Neugierde darauf zu erwecken. Dar\u00fcber hinaus habe ich aber auch ein ger\u00fctteltes Ma\u00df an Benzin im Blut und mag Autos &amp; Motorr\u00e4der, ganz egal ob nun neu, alt, aufgemotzt oder vollkommen original. Du siehst, die Auswahl an Artikeln &amp; Fotos ist also genauso breit gef\u00e4chert wie meine fotografischen Interessen.","sameAs":["https:\/\/www.maicschulte.de"]}]}},"_links":{"self":[{"href":"https:\/\/www.maicschulte.de\/wordpress\/index.php?rest_route=\/wp\/v2\/posts\/5474","targetHints":{"allow":["GET"]}}],"collection":[{"href":"https:\/\/www.maicschulte.de\/wordpress\/index.php?rest_route=\/wp\/v2\/posts"}],"about":[{"href":"https:\/\/www.maicschulte.de\/wordpress\/index.php?rest_route=\/wp\/v2\/types\/post"}],"author":[{"embeddable":true,"href":"https:\/\/www.maicschulte.de\/wordpress\/index.php?rest_route=\/wp\/v2\/users\/1"}],"replies":[{"embeddable":true,"href":"https:\/\/www.maicschulte.de\/wordpress\/index.php?rest_route=%2Fwp%2Fv2%2Fcomments&post=5474"}],"version-history":[{"count":2,"href":"https:\/\/www.maicschulte.de\/wordpress\/index.php?rest_route=\/wp\/v2\/posts\/5474\/revisions"}],"predecessor-version":[{"id":11489,"href":"https:\/\/www.maicschulte.de\/wordpress\/index.php?rest_route=\/wp\/v2\/posts\/5474\/revisions\/11489"}],"wp:featuredmedia":[{"embeddable":true,"href":"https:\/\/www.maicschulte.de\/wordpress\/index.php?rest_route=\/wp\/v2\/media\/5477"}],"wp:attachment":[{"href":"https:\/\/www.maicschulte.de\/wordpress\/index.php?rest_route=%2Fwp%2Fv2%2Fmedia&parent=5474"}],"wp:term":[{"taxonomy":"category","embeddable":true,"href":"https:\/\/www.maicschulte.de\/wordpress\/index.php?rest_route=%2Fwp%2Fv2%2Fcategories&post=5474"},{"taxonomy":"post_tag","embeddable":true,"href":"https:\/\/www.maicschulte.de\/wordpress\/index.php?rest_route=%2Fwp%2Fv2%2Ftags&post=5474"}],"curies":[{"name":"wp","href":"https:\/\/api.w.org\/{rel}","templated":true}]}}