{"id":738,"date":"2011-09-06T16:25:00","date_gmt":"2011-09-06T15:25:00","guid":{"rendered":"https:\/\/www.maicschulte.de\/?p=738"},"modified":"2021-01-17T20:01:34","modified_gmt":"2021-01-17T19:01:34","slug":"die-kommentare-auf-seiten-deaktivieren","status":"publish","type":"post","link":"https:\/\/www.maicschulte.de\/wordpress\/?p=738","title":{"rendered":"Kommentare auf Seiten deaktivieren"},"content":{"rendered":"\n<div class=\"wp-block-image\"><figure class=\"alignleft\"><a href=\"https:\/\/www.maicschulte.de\/wordpress\/wp-content\/uploads\/2011\/07\/wordpresslogo.jpg\" data-rel=\"lightbox-gallery-0\" data-rl_title data-rl_caption title><img loading=\"lazy\" decoding=\"async\" width=\"150\" height=\"150\" src=\"https:\/\/www.maicschulte.de\/wordpress\/wp-content\/uploads\/2011\/07\/wordpresslogo-150x150.jpg\" alt class=\"wp-image-580\" srcset=\"https:\/\/www.maicschulte.de\/wordpress\/wp-content\/uploads\/2011\/07\/wordpresslogo-150x150.jpg 150w, https:\/\/www.maicschulte.de\/wordpress\/wp-content\/uploads\/2011\/07\/wordpresslogo.jpg 300w\" sizes=\"auto, (max-width: 150px) 100vw, 150px\"><\/a><\/figure><\/div>\n\n\n\n<p>In der letz\u00adten Zeit lese ich sehr h\u00e4ufig, dass die Word\u00adPress-User nach einer M\u00f6g\u00adlich\u00adkeit suchen auf Seiten die Kom\u00admen\u00adta\u00adre zu deak\u00adti\u00adve\u00adren. Dies ist ja auch durch\u00adaus sinn\u00advoll, denn warum sollte jemand ein Impres\u00adsum oder die Kon\u00adtakt-Seite kom\u00admen\u00adtie\u00adren wollen.<\/p>\n\n\n\n<p>Die Optio\u00adnen hier\u00adf\u00fcr waren fr\u00fcher stan\u00addard\u00adm\u00e4\u00ad\u00dfig akti\u00adviert, seit einer der letz\u00adten Word\u00adPress-Ver\u00adsio\u00adnen scheint dies aber nicht mehr so zu sein, was aber auch kein Pro\u00adblem darstellt.<\/p>\n\n\n\n<!--more-->\n\n\n\n<ul class=\"wp-block-list\"><li>Als erstes klickt man unter\u00adhalb des Men\u00fc\u00adpunk\u00adtes \u201cSeiten\u201d auf \u201cErstel\u00adlen\u201d.<\/li><li>Anschlie\u00ad\u00dfend klickt man oben rechts auf die Schalt\u00adfl\u00e4\u00adche \u201cOptio\u00adnen einblenden\u201d.<\/li><li>Im sich dar\u00adauf\u00adhin \u00f6ff\u00adnen\u00adden Dialog setzt man nun einen Haken bei \u201cDis\u00adkus\u00adsio\u00adnen\u201d.<\/li><\/ul>\n\n\n\n<div class=\"wp-block-image\"><figure class=\"aligncenter\"><a href=\"https:\/\/www.maicschulte.de\/wordpress\/wp-content\/uploads\/2011\/09\/Wordpress-Kommentare-abschalten.jpg\" data-rel=\"lightbox-gallery-0\" data-rl_title data-rl_caption title><img loading=\"lazy\" decoding=\"async\" width=\"990\" height=\"293\" src=\"https:\/\/www.maicschulte.de\/wordpress\/wp-content\/uploads\/2011\/09\/Wordpress-Kommentare-abschalten.jpg\" alt class=\"wp-image-737\" srcset=\"https:\/\/www.maicschulte.de\/wordpress\/wp-content\/uploads\/2011\/09\/Wordpress-Kommentare-abschalten.jpg 990w, https:\/\/www.maicschulte.de\/wordpress\/wp-content\/uploads\/2011\/09\/Wordpress-Kommentare-abschalten-300x89.jpg 300w, https:\/\/www.maicschulte.de\/wordpress\/wp-content\/uploads\/2011\/09\/Wordpress-Kommentare-abschalten-768x227.jpg 768w, https:\/\/www.maicschulte.de\/wordpress\/wp-content\/uploads\/2011\/09\/Wordpress-Kommentare-abschalten-840x249.jpg 840w, https:\/\/www.maicschulte.de\/wordpress\/wp-content\/uploads\/2011\/09\/Wordpress-Kommentare-abschalten-600x178.jpg 600w\" sizes=\"auto, (max-width: 990px) 100vw, 990px\"><\/a><\/figure><\/div>\n\n\n\n<p>Jetzt erschei\u00adnen unter dem Editor im Fens\u00adter \u201cDis\u00adkus\u00adsio\u00adnen\u201d die Optio\u00adnen \u201cKom\u00admen\u00adta\u00adre erlau\u00adben\u201d und \u201cErlau\u00adbe Track\u00adbacks\u2026\u201d. Die Kom\u00admen\u00adta\u00adre auf der Seite werden nicht mehr ange\u00adzeigt sobald der Haken bei \u201cKom\u00admen\u00adta\u00adre erlau\u00adben\u201d ent\u00adfernt&nbsp;wurde.<\/p>\n\n\n\n<p>Bei meinem Word\u00adPress ist diese Ein\u00adstel\u00adlung \u00fcbri\u00adgens nicht per\u00adma\u00adnent, sprich ich muss dies f\u00fcr jede wei\u00adte\u00adre Seite erneut vornehmen.<\/p>\n","protected":false},"excerpt":{"rendered":"<p>In der letz\u00adten Zeit lese ich sehr h\u00e4ufig, dass die Word\u00ad\u00adPress-User nach einer M\u00f6g\u00adlich\u00adkeit suchen auf Seiten die Kom\u00admen\u00adta\u00adre zu deak\u00adti\u00adve\u00adren. Dies ist ja auch durch\u00adaus sinn\u00advoll, denn warum sollte jemand ein Impres\u00adsum oder die Kon\u00ad\u00ad\u00adtakt-Seite kom\u00admen\u00adtie\u00adren wollen. Die Optio\u00adnen hier\u00adf\u00fcr waren fr\u00fcher stan\u00addard\u00adm\u00e4\u00ad\u00dfig akti\u00adviert, seit einer der letz\u00adten Word\u00ad\u00adPress-Ver\u00ad\u00ad\u00adsio\u00ad\u00adnen scheint dies aber nicht mehr so zu sein, was aber auch kein Pro\u00adblem darstellt.<\/p>\n","protected":false},"author":1,"featured_media":580,"comment_status":"open","ping_status":"open","sticky":false,"template":"","format":"standard","meta":{"wp_typography_post_enhancements_disabled":false,"footnotes":""},"categories":[1279,295],"tags":[72,33,71],"class_list":["post-738","post","type-post","status-publish","format-standard","has-post-thumbnail","hentry","category-chronologisch","category-dies_das","tag-kommentare","tag-optionen","tag-wordpress"],"yoast_head":"<!-- This site is optimized with the Yoast SEO plugin v27.5 - https:\/\/yoast.com\/product\/yoast-seo-wordpress\/ -->\n<title>Kommentare auf Seiten deaktivieren - Maic Schulte<\/title>\n<meta name=\"description\" content=\"Kommentare auf Seiten deaktivieren - Dies &amp; Das - Maic Schulte - Fotografie - Ruhrgebiet - Industrie - Portrait - Events - Autos - Rockabilly - Kunst - Schwarzwei\u00df\" \/>\n<meta name=\"robots\" content=\"index, follow, max-snippet:-1, max-image-preview:large, max-video-preview:-1\" \/>\n<link rel=\"canonical\" href=\"https:\/\/www.maicschulte.de\/wordpress\/?p=738\" \/>\n<meta property=\"og:locale\" content=\"de_DE\" \/>\n<meta property=\"og:type\" content=\"article\" \/>\n<meta property=\"og:title\" content=\"Kommentare auf Seiten deaktivieren - Maic Schulte\" \/>\n<meta property=\"og:description\" content=\"Kommentare auf Seiten deaktivieren - Dies &amp; Das - Maic Schulte - Fotografie - Ruhrgebiet - Industrie - Portrait - Events - Autos - Rockabilly - Kunst - Schwarzwei\u00df\" \/>\n<meta property=\"og:url\" content=\"https:\/\/www.maicschulte.de\/wordpress\/?p=738\" \/>\n<meta property=\"og:site_name\" content=\"Maic Schulte\" \/>\n<meta property=\"article:published_time\" content=\"2011-09-06T15:25:00+00:00\" \/>\n<meta property=\"article:modified_time\" content=\"2021-01-17T19:01:34+00:00\" \/>\n<meta property=\"og:image\" content=\"https:\/\/www.maicschulte.de\/wordpress\/wp-content\/uploads\/2011\/07\/wordpresslogo.jpg\" \/>\n\t<meta property=\"og:image:width\" content=\"300\" \/>\n\t<meta property=\"og:image:height\" content=\"300\" \/>\n\t<meta property=\"og:image:type\" content=\"image\/jpeg\" \/>\n<meta name=\"author\" content=\"Maic Schulte\" \/>\n<script type=\"application\/ld+json\" class=\"yoast-schema-graph\">{\"@context\":\"https:\\\/\\\/schema.org\",\"@graph\":[{\"@type\":\"Article\",\"@id\":\"https:\\\/\\\/www.maicschulte.de\\\/wordpress\\\/?p=738#article\",\"isPartOf\":{\"@id\":\"https:\\\/\\\/www.maicschulte.de\\\/wordpress\\\/?p=738\"},\"author\":{\"name\":\"Maic Schulte\",\"@id\":\"https:\\\/\\\/www.maicschulte.de\\\/wordpress\\\/#\\\/schema\\\/person\\\/809698f1c7b1655959515001723d716e\"},\"headline\":\"Kommentare auf Seiten deaktivieren\",\"datePublished\":\"2011-09-06T15:25:00+00:00\",\"dateModified\":\"2021-01-17T19:01:34+00:00\",\"mainEntityOfPage\":{\"@id\":\"https:\\\/\\\/www.maicschulte.de\\\/wordpress\\\/?p=738\"},\"wordCount\":160,\"commentCount\":2,\"publisher\":{\"@id\":\"https:\\\/\\\/www.maicschulte.de\\\/wordpress\\\/#\\\/schema\\\/person\\\/809698f1c7b1655959515001723d716e\"},\"image\":{\"@id\":\"https:\\\/\\\/www.maicschulte.de\\\/wordpress\\\/?p=738#primaryimage\"},\"thumbnailUrl\":\"https:\\\/\\\/www.maicschulte.de\\\/wordpress\\\/wp-content\\\/uploads\\\/2011\\\/07\\\/wordpresslogo.jpg\",\"keywords\":[\"Kommentare\",\"Optionen\",\"Wordpress\"],\"articleSection\":[\"Chronologisch\",\"Dies &amp; Das\"],\"inLanguage\":\"de\",\"potentialAction\":[{\"@type\":\"CommentAction\",\"name\":\"Comment\",\"target\":[\"https:\\\/\\\/www.maicschulte.de\\\/wordpress\\\/?p=738#respond\"]}]},{\"@type\":\"WebPage\",\"@id\":\"https:\\\/\\\/www.maicschulte.de\\\/wordpress\\\/?p=738\",\"url\":\"https:\\\/\\\/www.maicschulte.de\\\/wordpress\\\/?p=738\",\"name\":\"Kommentare auf Seiten deaktivieren - Maic Schulte\",\"isPartOf\":{\"@id\":\"https:\\\/\\\/www.maicschulte.de\\\/wordpress\\\/#website\"},\"primaryImageOfPage\":{\"@id\":\"https:\\\/\\\/www.maicschulte.de\\\/wordpress\\\/?p=738#primaryimage\"},\"image\":{\"@id\":\"https:\\\/\\\/www.maicschulte.de\\\/wordpress\\\/?p=738#primaryimage\"},\"thumbnailUrl\":\"https:\\\/\\\/www.maicschulte.de\\\/wordpress\\\/wp-content\\\/uploads\\\/2011\\\/07\\\/wordpresslogo.jpg\",\"datePublished\":\"2011-09-06T15:25:00+00:00\",\"dateModified\":\"2021-01-17T19:01:34+00:00\",\"description\":\"Kommentare auf Seiten deaktivieren - Dies &amp; Das - Maic Schulte - Fotografie - Ruhrgebiet - Industrie - Portrait - Events - Autos - Rockabilly - Kunst - Schwarzwei\u00df\",\"breadcrumb\":{\"@id\":\"https:\\\/\\\/www.maicschulte.de\\\/wordpress\\\/?p=738#breadcrumb\"},\"inLanguage\":\"de\",\"potentialAction\":[{\"@type\":\"ReadAction\",\"target\":[\"https:\\\/\\\/www.maicschulte.de\\\/wordpress\\\/?p=738\"]}]},{\"@type\":\"ImageObject\",\"inLanguage\":\"de\",\"@id\":\"https:\\\/\\\/www.maicschulte.de\\\/wordpress\\\/?p=738#primaryimage\",\"url\":\"https:\\\/\\\/www.maicschulte.de\\\/wordpress\\\/wp-content\\\/uploads\\\/2011\\\/07\\\/wordpresslogo.jpg\",\"contentUrl\":\"https:\\\/\\\/www.maicschulte.de\\\/wordpress\\\/wp-content\\\/uploads\\\/2011\\\/07\\\/wordpresslogo.jpg\",\"width\":300,\"height\":300},{\"@type\":\"BreadcrumbList\",\"@id\":\"https:\\\/\\\/www.maicschulte.de\\\/wordpress\\\/?p=738#breadcrumb\",\"itemListElement\":[{\"@type\":\"ListItem\",\"position\":1,\"name\":\"Startseite\",\"item\":\"https:\\\/\\\/www.maicschulte.de\\\/wordpress\"},{\"@type\":\"ListItem\",\"position\":2,\"name\":\"Kommentare auf Seiten deaktivieren\"}]},{\"@type\":\"WebSite\",\"@id\":\"https:\\\/\\\/www.maicschulte.de\\\/wordpress\\\/#website\",\"url\":\"https:\\\/\\\/www.maicschulte.de\\\/wordpress\\\/\",\"name\":\"Maic Schulte\",\"description\":\"Fotografie aus Leidenschaft\",\"publisher\":{\"@id\":\"https:\\\/\\\/www.maicschulte.de\\\/wordpress\\\/#\\\/schema\\\/person\\\/809698f1c7b1655959515001723d716e\"},\"potentialAction\":[{\"@type\":\"SearchAction\",\"target\":{\"@type\":\"EntryPoint\",\"urlTemplate\":\"https:\\\/\\\/www.maicschulte.de\\\/wordpress\\\/?s={search_term_string}\"},\"query-input\":{\"@type\":\"PropertyValueSpecification\",\"valueRequired\":true,\"valueName\":\"search_term_string\"}}],\"inLanguage\":\"de\"},{\"@type\":[\"Person\",\"Organization\"],\"@id\":\"https:\\\/\\\/www.maicschulte.de\\\/wordpress\\\/#\\\/schema\\\/person\\\/809698f1c7b1655959515001723d716e\",\"name\":\"Maic Schulte\",\"image\":{\"@type\":\"ImageObject\",\"inLanguage\":\"de\",\"@id\":\"https:\\\/\\\/www.maicschulte.de\\\/wordpress\\\/wp-content\\\/uploads\\\/2025\\\/05\\\/Chronus_Maic_Schulte_Logo_605px-3.png\",\"url\":\"https:\\\/\\\/www.maicschulte.de\\\/wordpress\\\/wp-content\\\/uploads\\\/2025\\\/05\\\/Chronus_Maic_Schulte_Logo_605px-3.png\",\"contentUrl\":\"https:\\\/\\\/www.maicschulte.de\\\/wordpress\\\/wp-content\\\/uploads\\\/2025\\\/05\\\/Chronus_Maic_Schulte_Logo_605px-3.png\",\"width\":605,\"height\":200,\"caption\":\"Maic Schulte\"},\"logo\":{\"@id\":\"https:\\\/\\\/www.maicschulte.de\\\/wordpress\\\/wp-content\\\/uploads\\\/2025\\\/05\\\/Chronus_Maic_Schulte_Logo_605px-3.png\"},\"description\":\"Seit dem Tag, an dem mein Vater mich mit einer Kamera, einem Objektiv und zwei Illford-Schwarzwei\u00df-Filmen auf Entdeckungs-Tour geschickt hat, begleitet mich das Thema \\\"Fotografie\\\". Basierend auf WordPress, stellt diese Webseite - jetzt und in der Zukunft - eine Heimat f\u00fcr all meine Artikel und Fotos dar, welche wiederum aus allen Themenbereichen der klassischen &amp; modernen Fotografie kommen. Sei es nun die Fotografie in Schwarz-Wei\u00df; die Erkundung ehemaliger Industriegel\u00e4nde, welche f\u00fcr mich am ehesten \u201eDas Herz des Reviers\u201c widerspiegeln; ausdrucksstarke Portraits oder farbenfrohe Naturaufnahmen. Ganz egal! Es gelingt einfach jedem fotografischen Thema, meine Neugierde darauf zu erwecken. Dar\u00fcber hinaus habe ich aber auch ein ger\u00fctteltes Ma\u00df an Benzin im Blut und mag Autos &amp; Motorr\u00e4der, ganz egal ob nun neu, alt, aufgemotzt oder vollkommen original. Du siehst, die Auswahl an Artikeln &amp; Fotos ist also genauso breit gef\u00e4chert wie meine fotografischen Interessen.\",\"sameAs\":[\"https:\\\/\\\/www.maicschulte.de\"]}]}<\/script>\n<!-- \/ Yoast SEO plugin. -->","yoast_head_json":{"title":"Kommentare auf Seiten deaktivieren - Maic Schulte","description":"Kommentare auf Seiten deaktivieren - Dies &amp; Das - Maic Schulte - Fotografie - Ruhrgebiet - Industrie - Portrait - Events - Autos - Rockabilly - Kunst - Schwarzwei\u00df","robots":{"index":"index","follow":"follow","max-snippet":"max-snippet:-1","max-image-preview":"max-image-preview:large","max-video-preview":"max-video-preview:-1"},"canonical":"https:\/\/www.maicschulte.de\/wordpress\/?p=738","og_locale":"de_DE","og_type":"article","og_title":"Kommentare auf Seiten deaktivieren - Maic Schulte","og_description":"Kommentare auf Seiten deaktivieren - Dies &amp; Das - Maic Schulte - Fotografie - Ruhrgebiet - Industrie - Portrait - Events - Autos - Rockabilly - Kunst - Schwarzwei\u00df","og_url":"https:\/\/www.maicschulte.de\/wordpress\/?p=738","og_site_name":"Maic Schulte","article_published_time":"2011-09-06T15:25:00+00:00","article_modified_time":"2021-01-17T19:01:34+00:00","og_image":[{"width":300,"height":300,"url":"https:\/\/www.maicschulte.de\/wordpress\/wp-content\/uploads\/2011\/07\/wordpresslogo.jpg","type":"image\/jpeg"}],"author":"Maic Schulte","schema":{"@context":"https:\/\/schema.org","@graph":[{"@type":"Article","@id":"https:\/\/www.maicschulte.de\/wordpress\/?p=738#article","isPartOf":{"@id":"https:\/\/www.maicschulte.de\/wordpress\/?p=738"},"author":{"name":"Maic Schulte","@id":"https:\/\/www.maicschulte.de\/wordpress\/#\/schema\/person\/809698f1c7b1655959515001723d716e"},"headline":"Kommentare auf Seiten deaktivieren","datePublished":"2011-09-06T15:25:00+00:00","dateModified":"2021-01-17T19:01:34+00:00","mainEntityOfPage":{"@id":"https:\/\/www.maicschulte.de\/wordpress\/?p=738"},"wordCount":160,"commentCount":2,"publisher":{"@id":"https:\/\/www.maicschulte.de\/wordpress\/#\/schema\/person\/809698f1c7b1655959515001723d716e"},"image":{"@id":"https:\/\/www.maicschulte.de\/wordpress\/?p=738#primaryimage"},"thumbnailUrl":"https:\/\/www.maicschulte.de\/wordpress\/wp-content\/uploads\/2011\/07\/wordpresslogo.jpg","keywords":["Kommentare","Optionen","Wordpress"],"articleSection":["Chronologisch","Dies &amp; Das"],"inLanguage":"de","potentialAction":[{"@type":"CommentAction","name":"Comment","target":["https:\/\/www.maicschulte.de\/wordpress\/?p=738#respond"]}]},{"@type":"WebPage","@id":"https:\/\/www.maicschulte.de\/wordpress\/?p=738","url":"https:\/\/www.maicschulte.de\/wordpress\/?p=738","name":"Kommentare auf Seiten deaktivieren - Maic Schulte","isPartOf":{"@id":"https:\/\/www.maicschulte.de\/wordpress\/#website"},"primaryImageOfPage":{"@id":"https:\/\/www.maicschulte.de\/wordpress\/?p=738#primaryimage"},"image":{"@id":"https:\/\/www.maicschulte.de\/wordpress\/?p=738#primaryimage"},"thumbnailUrl":"https:\/\/www.maicschulte.de\/wordpress\/wp-content\/uploads\/2011\/07\/wordpresslogo.jpg","datePublished":"2011-09-06T15:25:00+00:00","dateModified":"2021-01-17T19:01:34+00:00","description":"Kommentare auf Seiten deaktivieren - Dies &amp; Das - Maic Schulte - Fotografie - Ruhrgebiet - Industrie - Portrait - Events - Autos - Rockabilly - Kunst - Schwarzwei\u00df","breadcrumb":{"@id":"https:\/\/www.maicschulte.de\/wordpress\/?p=738#breadcrumb"},"inLanguage":"de","potentialAction":[{"@type":"ReadAction","target":["https:\/\/www.maicschulte.de\/wordpress\/?p=738"]}]},{"@type":"ImageObject","inLanguage":"de","@id":"https:\/\/www.maicschulte.de\/wordpress\/?p=738#primaryimage","url":"https:\/\/www.maicschulte.de\/wordpress\/wp-content\/uploads\/2011\/07\/wordpresslogo.jpg","contentUrl":"https:\/\/www.maicschulte.de\/wordpress\/wp-content\/uploads\/2011\/07\/wordpresslogo.jpg","width":300,"height":300},{"@type":"BreadcrumbList","@id":"https:\/\/www.maicschulte.de\/wordpress\/?p=738#breadcrumb","itemListElement":[{"@type":"ListItem","position":1,"name":"Startseite","item":"https:\/\/www.maicschulte.de\/wordpress"},{"@type":"ListItem","position":2,"name":"Kommentare auf Seiten deaktivieren"}]},{"@type":"WebSite","@id":"https:\/\/www.maicschulte.de\/wordpress\/#website","url":"https:\/\/www.maicschulte.de\/wordpress\/","name":"Maic Schulte","description":"Fotografie aus Leidenschaft","publisher":{"@id":"https:\/\/www.maicschulte.de\/wordpress\/#\/schema\/person\/809698f1c7b1655959515001723d716e"},"potentialAction":[{"@type":"SearchAction","target":{"@type":"EntryPoint","urlTemplate":"https:\/\/www.maicschulte.de\/wordpress\/?s={search_term_string}"},"query-input":{"@type":"PropertyValueSpecification","valueRequired":true,"valueName":"search_term_string"}}],"inLanguage":"de"},{"@type":["Person","Organization"],"@id":"https:\/\/www.maicschulte.de\/wordpress\/#\/schema\/person\/809698f1c7b1655959515001723d716e","name":"Maic Schulte","image":{"@type":"ImageObject","inLanguage":"de","@id":"https:\/\/www.maicschulte.de\/wordpress\/wp-content\/uploads\/2025\/05\/Chronus_Maic_Schulte_Logo_605px-3.png","url":"https:\/\/www.maicschulte.de\/wordpress\/wp-content\/uploads\/2025\/05\/Chronus_Maic_Schulte_Logo_605px-3.png","contentUrl":"https:\/\/www.maicschulte.de\/wordpress\/wp-content\/uploads\/2025\/05\/Chronus_Maic_Schulte_Logo_605px-3.png","width":605,"height":200,"caption":"Maic Schulte"},"logo":{"@id":"https:\/\/www.maicschulte.de\/wordpress\/wp-content\/uploads\/2025\/05\/Chronus_Maic_Schulte_Logo_605px-3.png"},"description":"Seit dem Tag, an dem mein Vater mich mit einer Kamera, einem Objektiv und zwei Illford-Schwarzwei\u00df-Filmen auf Entdeckungs-Tour geschickt hat, begleitet mich das Thema \"Fotografie\". Basierend auf WordPress, stellt diese Webseite - jetzt und in der Zukunft - eine Heimat f\u00fcr all meine Artikel und Fotos dar, welche wiederum aus allen Themenbereichen der klassischen &amp; modernen Fotografie kommen. Sei es nun die Fotografie in Schwarz-Wei\u00df; die Erkundung ehemaliger Industriegel\u00e4nde, welche f\u00fcr mich am ehesten \u201eDas Herz des Reviers\u201c widerspiegeln; ausdrucksstarke Portraits oder farbenfrohe Naturaufnahmen. Ganz egal! Es gelingt einfach jedem fotografischen Thema, meine Neugierde darauf zu erwecken. Dar\u00fcber hinaus habe ich aber auch ein ger\u00fctteltes Ma\u00df an Benzin im Blut und mag Autos &amp; Motorr\u00e4der, ganz egal ob nun neu, alt, aufgemotzt oder vollkommen original. Du siehst, die Auswahl an Artikeln &amp; Fotos ist also genauso breit gef\u00e4chert wie meine fotografischen Interessen.","sameAs":["https:\/\/www.maicschulte.de"]}]}},"_links":{"self":[{"href":"https:\/\/www.maicschulte.de\/wordpress\/index.php?rest_route=\/wp\/v2\/posts\/738","targetHints":{"allow":["GET"]}}],"collection":[{"href":"https:\/\/www.maicschulte.de\/wordpress\/index.php?rest_route=\/wp\/v2\/posts"}],"about":[{"href":"https:\/\/www.maicschulte.de\/wordpress\/index.php?rest_route=\/wp\/v2\/types\/post"}],"author":[{"embeddable":true,"href":"https:\/\/www.maicschulte.de\/wordpress\/index.php?rest_route=\/wp\/v2\/users\/1"}],"replies":[{"embeddable":true,"href":"https:\/\/www.maicschulte.de\/wordpress\/index.php?rest_route=%2Fwp%2Fv2%2Fcomments&post=738"}],"version-history":[{"count":4,"href":"https:\/\/www.maicschulte.de\/wordpress\/index.php?rest_route=\/wp\/v2\/posts\/738\/revisions"}],"predecessor-version":[{"id":11808,"href":"https:\/\/www.maicschulte.de\/wordpress\/index.php?rest_route=\/wp\/v2\/posts\/738\/revisions\/11808"}],"wp:featuredmedia":[{"embeddable":true,"href":"https:\/\/www.maicschulte.de\/wordpress\/index.php?rest_route=\/wp\/v2\/media\/580"}],"wp:attachment":[{"href":"https:\/\/www.maicschulte.de\/wordpress\/index.php?rest_route=%2Fwp%2Fv2%2Fmedia&parent=738"}],"wp:term":[{"taxonomy":"category","embeddable":true,"href":"https:\/\/www.maicschulte.de\/wordpress\/index.php?rest_route=%2Fwp%2Fv2%2Fcategories&post=738"},{"taxonomy":"post_tag","embeddable":true,"href":"https:\/\/www.maicschulte.de\/wordpress\/index.php?rest_route=%2Fwp%2Fv2%2Ftags&post=738"}],"curies":[{"name":"wp","href":"https:\/\/api.w.org\/{rel}","templated":true}]}}