{"id":7598,"date":"2018-05-12T23:43:21","date_gmt":"2018-05-12T22:43:21","guid":{"rendered":"https:\/\/www.1001cars.de\/wordpress\/?p=7598"},"modified":"2021-01-26T21:32:15","modified_gmt":"2021-01-26T20:32:15","slug":"kurz-belichtet-citroen-dyane-6","status":"publish","type":"post","link":"https:\/\/www.maicschulte.de\/wordpress\/?p=7598","title":{"rendered":"Kurz belichtet: \u201cCitro\u00ebn Dyane&nbsp;6\u201c"},"content":{"rendered":"\n<div class=\"wp-block-image\"><figure class=\"aligncenter\"><a href=\"https:\/\/www.maicschulte.de\/wordpress\/wp-content\/uploads\/2018\/05\/Dyane-6-Foto-1.jpg\" data-rel=\"lightbox-gallery-0\" data-rl_title data-rl_caption title><img loading=\"lazy\" decoding=\"async\" width=\"1248\" height=\"860\" src=\"https:\/\/www.maicschulte.de\/wordpress\/wp-content\/uploads\/2018\/05\/Dyane-6-Foto-1.jpg\" alt class=\"wp-image-7599\" srcset=\"https:\/\/www.maicschulte.de\/wordpress\/wp-content\/uploads\/2018\/05\/Dyane-6-Foto-1.jpg 1248w, https:\/\/www.maicschulte.de\/wordpress\/wp-content\/uploads\/2018\/05\/Dyane-6-Foto-1-300x207.jpg 300w, https:\/\/www.maicschulte.de\/wordpress\/wp-content\/uploads\/2018\/05\/Dyane-6-Foto-1-768x529.jpg 768w, https:\/\/www.maicschulte.de\/wordpress\/wp-content\/uploads\/2018\/05\/Dyane-6-Foto-1-762x525.jpg 762w, https:\/\/www.maicschulte.de\/wordpress\/wp-content\/uploads\/2018\/05\/Dyane-6-Foto-1-544x375.jpg 544w\" sizes=\"auto, (max-width: 1248px) 100vw, 1248px\"><\/a><\/figure><\/div>\n\n\n\n<p>Aloha!<\/p>\n\n\n\n<p>Manche Geschich\u00adten sind so herr\u00adlich ver\u00adr\u00fcckt, dass diese tat\u00ads\u00e4ch\u00adlich nur vom Leben geschrie\u00adben werden k\u00f6nnen. So erst k\u00fcrz\u00adlich wieder gesche\u00adhen, als ich spon\u00adtan nach Winterswijk\/NL gefah\u00adren bin, um dort mit meinen nie\u00adder\u00adl\u00e4n\u00addi\u00adschen Nach\u00adbarn den \u201eBevrij\u00addings\u00addag\u201c (deutsch: <em>Befrei\u00adungs\u00adtag<\/em>) zu feiern. Dieser Gedenk\u00adtag fand bis zum Jahr 1990 nur alle f\u00fcnf Jahre statt, ist seit\u00addem aber ein gesetz\u00adli\u00adcher Fei\u00ader\u00adtag und wird stets am 5. Mai gefeiert.<\/p>\n\n\n\n<!--more-->\n\n\n\n<p>Die Nie\u00adder\u00adl\u00e4n\u00adder nutzen diesen Tag um dem Ende der deut\u00adschen Besat\u00adzung zu geden\u00adken. Ein\u00adge\u00adlei\u00adtet werden die Fei\u00ader\u00adlich\u00adkei\u00adten aber stets schon am Vortag, dem \u201eNatio\u00adna\u00adle Doden\u00adher\u00adden\u00adking\u201c (deutsch: Natio\u00adna\u00adles Toten\u00adge\u00adden\u00adken). Zu diesem Zweck h\u00e4ngt jeder Nie\u00adder\u00adl\u00e4n\u00adder, der etwas auf sich h\u00e4lt, die Lan\u00addes\u00adflag\u00adge ent\u00adwe\u00adder direkt am Haus oder im Vor\u00adgar\u00adten am Flag\u00adgen\u00admast auf. Ein f\u00fcr Deut\u00adsche eher unge\u00adwohn\u00adter Anblick, aber trotz\u00addem immer wieder beein\u00addru\u00adckend. So ange\u00adnehm kann Natio\u00adnal\u00adstolz&nbsp;sein.<\/p>\n\n\n\n<p>Zum Gl\u00fcck folgen Jahr f\u00fcr Jahr viele wei\u00adte\u00adre Deut\u00adsche meinem Vor\u00adbild und besu\u00adchen an diesem Tag unsere lie\u00adbens\u00adwer\u00adten Nach\u00adbarn. Ansons\u00adten w\u00e4re die nun fol\u00adgen\u00adde Foto\u00adstre\u00adcke wohl auch nie ent\u00adstan\u00adden, ist das hier abge\u00adlich\u00adte\u00adte Fahr\u00adzeug doch in meinem Geburts\u00adort Essen ange\u00admel\u00addet und dieser liegt nun mal mitten im Ruhr\u00adge\u00adbiet in&nbsp;NRW.<\/p>\n\n\n\n<p>Bekann\u00adter\u00adma\u00ad\u00dfen glaube ich ja nicht an Zuf\u00e4l\u00adle und doch w\u00e4re ich bei diesem Fahr\u00adzeug fast bereit eine Aus\u00adnah\u00adme zu machen. Nicht genug, dass mir diese herr\u00adli\u00adche Dyane genau in Win\u00adters\u00adwi\u00adjk vor die Linse f\u00e4hrt. Nein, ein paar Stun\u00adden sp\u00e4ter \u2013 ich war schon wieder in meiner Hei\u00admat\u00adstadt in Deutsch\u00adland \u2013 f\u00e4hrt mir exakt das glei\u00adche Fahr\u00adzeug beim hei\u00admi\u00adschen Edeka erneut auf dem Park\u00adplatz \u00fcber den Weg. Ein kurzer Plausch mit den Besit\u00adzern war auch m\u00f6g\u00adlich, nur leider habe ich Schus\u00adsel es zum zwei\u00adten Mal an diesem Tag ver\u00ads\u00e4umt, eine meiner Visi\u00adten\u00adkar\u00adten aus\u00adzu\u00adh\u00e4n\u00addi\u00adgen. Wie gerne h\u00e4tte ich die Bilder von diesem Fahr\u00adzeug auch den Besit\u00adzern zur Ver\u00adf\u00fc\u00adgung gestellt&nbsp;\u2026<\/p>\n\n\n\n<p>Aber wer wei\u00df; die Welt ist ein Dorf und mit etwas Gl\u00fcck erreicht dieser Arti\u00adkel auch die \u201eEltern\u201c dieser wirk\u00adlich schi\u00adcken Dyane. F\u00fcr diesen Fall gilt: \u201eBitte melden!\u201c<\/p>\n\n\n\n<p>Bis dem\u00adn\u00e4chst, Euer&nbsp;Maic.<\/p>\n\n\n\n<figure class=\"wp-block-gallery columns-3 is-cropped wp-block-gallery-2 is-layout-flex wp-block-gallery-is-layout-flex\"><ul class=\"blocks-gallery-grid\"><li class=\"blocks-gallery-item\"><figure><a href=\"https:\/\/www.maicschulte.de\/wordpress\/wp-content\/uploads\/2018\/05\/Dyane-6-Foto-9.jpg\" data-rel=\"lightbox-gallery-0\" data-rl_title data-rl_caption title><img loading=\"lazy\" decoding=\"async\" width=\"1248\" height=\"782\" src=\"https:\/\/www.maicschulte.de\/wordpress\/wp-content\/uploads\/2018\/05\/Dyane-6-Foto-9.jpg\" alt data-id=\"7607\" class=\"wp-image-7607\" srcset=\"https:\/\/www.maicschulte.de\/wordpress\/wp-content\/uploads\/2018\/05\/Dyane-6-Foto-9.jpg 1248w, https:\/\/www.maicschulte.de\/wordpress\/wp-content\/uploads\/2018\/05\/Dyane-6-Foto-9-300x188.jpg 300w, https:\/\/www.maicschulte.de\/wordpress\/wp-content\/uploads\/2018\/05\/Dyane-6-Foto-9-768x481.jpg 768w, https:\/\/www.maicschulte.de\/wordpress\/wp-content\/uploads\/2018\/05\/Dyane-6-Foto-9-838x525.jpg 838w, https:\/\/www.maicschulte.de\/wordpress\/wp-content\/uploads\/2018\/05\/Dyane-6-Foto-9-280x175.jpg 280w, https:\/\/www.maicschulte.de\/wordpress\/wp-content\/uploads\/2018\/05\/Dyane-6-Foto-9-598x375.jpg 598w\" sizes=\"auto, (max-width: 1248px) 100vw, 1248px\"><\/a><\/figure><\/li><li class=\"blocks-gallery-item\"><figure><a href=\"https:\/\/www.maicschulte.de\/wordpress\/wp-content\/uploads\/2018\/05\/Dyane-6-Foto-8.jpg\" data-rel=\"lightbox-gallery-0\" data-rl_title data-rl_caption title><img loading=\"lazy\" decoding=\"async\" width=\"1248\" height=\"828\" src=\"https:\/\/www.maicschulte.de\/wordpress\/wp-content\/uploads\/2018\/05\/Dyane-6-Foto-8.jpg\" alt data-id=\"7606\" class=\"wp-image-7606\" srcset=\"https:\/\/www.maicschulte.de\/wordpress\/wp-content\/uploads\/2018\/05\/Dyane-6-Foto-8.jpg 1248w, https:\/\/www.maicschulte.de\/wordpress\/wp-content\/uploads\/2018\/05\/Dyane-6-Foto-8-300x199.jpg 300w, https:\/\/www.maicschulte.de\/wordpress\/wp-content\/uploads\/2018\/05\/Dyane-6-Foto-8-768x510.jpg 768w, https:\/\/www.maicschulte.de\/wordpress\/wp-content\/uploads\/2018\/05\/Dyane-6-Foto-8-791x525.jpg 791w, https:\/\/www.maicschulte.de\/wordpress\/wp-content\/uploads\/2018\/05\/Dyane-6-Foto-8-120x80.jpg 120w, https:\/\/www.maicschulte.de\/wordpress\/wp-content\/uploads\/2018\/05\/Dyane-6-Foto-8-565x375.jpg 565w\" sizes=\"auto, (max-width: 1248px) 100vw, 1248px\"><\/a><\/figure><\/li><li class=\"blocks-gallery-item\"><figure><a href=\"https:\/\/www.maicschulte.de\/wordpress\/wp-content\/uploads\/2018\/05\/Dyane-6-Foto-7.jpg\" data-rel=\"lightbox-gallery-0\" data-rl_title data-rl_caption title><img loading=\"lazy\" decoding=\"async\" width=\"1248\" height=\"758\" src=\"https:\/\/www.maicschulte.de\/wordpress\/wp-content\/uploads\/2018\/05\/Dyane-6-Foto-7.jpg\" alt data-id=\"7605\" class=\"wp-image-7605\" srcset=\"https:\/\/www.maicschulte.de\/wordpress\/wp-content\/uploads\/2018\/05\/Dyane-6-Foto-7.jpg 1248w, https:\/\/www.maicschulte.de\/wordpress\/wp-content\/uploads\/2018\/05\/Dyane-6-Foto-7-300x182.jpg 300w, https:\/\/www.maicschulte.de\/wordpress\/wp-content\/uploads\/2018\/05\/Dyane-6-Foto-7-768x466.jpg 768w, https:\/\/www.maicschulte.de\/wordpress\/wp-content\/uploads\/2018\/05\/Dyane-6-Foto-7-840x510.jpg 840w, https:\/\/www.maicschulte.de\/wordpress\/wp-content\/uploads\/2018\/05\/Dyane-6-Foto-7-600x364.jpg 600w\" sizes=\"auto, (max-width: 1248px) 100vw, 1248px\"><\/a><\/figure><\/li><li class=\"blocks-gallery-item\"><figure><a href=\"https:\/\/www.maicschulte.de\/wordpress\/wp-content\/uploads\/2018\/05\/Dyane-6-Foto-6.jpg\" data-rel=\"lightbox-gallery-0\" data-rl_title data-rl_caption title><img loading=\"lazy\" decoding=\"async\" width=\"1248\" height=\"860\" src=\"https:\/\/www.maicschulte.de\/wordpress\/wp-content\/uploads\/2018\/05\/Dyane-6-Foto-6.jpg\" alt data-id=\"7604\" class=\"wp-image-7604\" srcset=\"https:\/\/www.maicschulte.de\/wordpress\/wp-content\/uploads\/2018\/05\/Dyane-6-Foto-6.jpg 1248w, https:\/\/www.maicschulte.de\/wordpress\/wp-content\/uploads\/2018\/05\/Dyane-6-Foto-6-300x207.jpg 300w, https:\/\/www.maicschulte.de\/wordpress\/wp-content\/uploads\/2018\/05\/Dyane-6-Foto-6-768x529.jpg 768w, https:\/\/www.maicschulte.de\/wordpress\/wp-content\/uploads\/2018\/05\/Dyane-6-Foto-6-762x525.jpg 762w, https:\/\/www.maicschulte.de\/wordpress\/wp-content\/uploads\/2018\/05\/Dyane-6-Foto-6-544x375.jpg 544w\" sizes=\"auto, (max-width: 1248px) 100vw, 1248px\"><\/a><\/figure><\/li><li class=\"blocks-gallery-item\"><figure><a href=\"https:\/\/www.maicschulte.de\/wordpress\/wp-content\/uploads\/2018\/05\/Dyane-6-Foto-5.jpg\" data-rel=\"lightbox-gallery-0\" data-rl_title data-rl_caption title><img loading=\"lazy\" decoding=\"async\" width=\"1248\" height=\"781\" src=\"https:\/\/www.maicschulte.de\/wordpress\/wp-content\/uploads\/2018\/05\/Dyane-6-Foto-5.jpg\" alt data-id=\"7603\" class=\"wp-image-7603\" srcset=\"https:\/\/www.maicschulte.de\/wordpress\/wp-content\/uploads\/2018\/05\/Dyane-6-Foto-5.jpg 1248w, https:\/\/www.maicschulte.de\/wordpress\/wp-content\/uploads\/2018\/05\/Dyane-6-Foto-5-300x188.jpg 300w, https:\/\/www.maicschulte.de\/wordpress\/wp-content\/uploads\/2018\/05\/Dyane-6-Foto-5-768x481.jpg 768w, https:\/\/www.maicschulte.de\/wordpress\/wp-content\/uploads\/2018\/05\/Dyane-6-Foto-5-840x525.jpg 840w, https:\/\/www.maicschulte.de\/wordpress\/wp-content\/uploads\/2018\/05\/Dyane-6-Foto-5-280x175.jpg 280w, https:\/\/www.maicschulte.de\/wordpress\/wp-content\/uploads\/2018\/05\/Dyane-6-Foto-5-600x375.jpg 600w\" sizes=\"auto, (max-width: 1248px) 100vw, 1248px\"><\/a><\/figure><\/li><li class=\"blocks-gallery-item\"><figure><a href=\"https:\/\/www.maicschulte.de\/wordpress\/wp-content\/uploads\/2018\/05\/Dyane-6-Foto-4.jpg\" data-rel=\"lightbox-gallery-0\" data-rl_title data-rl_caption title><img loading=\"lazy\" decoding=\"async\" width=\"1248\" height=\"666\" src=\"https:\/\/www.maicschulte.de\/wordpress\/wp-content\/uploads\/2018\/05\/Dyane-6-Foto-4.jpg\" alt data-id=\"7602\" class=\"wp-image-7602\" srcset=\"https:\/\/www.maicschulte.de\/wordpress\/wp-content\/uploads\/2018\/05\/Dyane-6-Foto-4.jpg 1248w, https:\/\/www.maicschulte.de\/wordpress\/wp-content\/uploads\/2018\/05\/Dyane-6-Foto-4-300x160.jpg 300w, https:\/\/www.maicschulte.de\/wordpress\/wp-content\/uploads\/2018\/05\/Dyane-6-Foto-4-768x410.jpg 768w, https:\/\/www.maicschulte.de\/wordpress\/wp-content\/uploads\/2018\/05\/Dyane-6-Foto-4-840x448.jpg 840w, https:\/\/www.maicschulte.de\/wordpress\/wp-content\/uploads\/2018\/05\/Dyane-6-Foto-4-600x320.jpg 600w\" sizes=\"auto, (max-width: 1248px) 100vw, 1248px\"><\/a><\/figure><\/li><li class=\"blocks-gallery-item\"><figure><a href=\"https:\/\/www.maicschulte.de\/wordpress\/wp-content\/uploads\/2018\/05\/Dyane-6-Foto-3.jpg\" data-rel=\"lightbox-gallery-0\" data-rl_title data-rl_caption title><img loading=\"lazy\" decoding=\"async\" width=\"1248\" height=\"757\" src=\"https:\/\/www.maicschulte.de\/wordpress\/wp-content\/uploads\/2018\/05\/Dyane-6-Foto-3.jpg\" alt data-id=\"7601\" class=\"wp-image-7601\" srcset=\"https:\/\/www.maicschulte.de\/wordpress\/wp-content\/uploads\/2018\/05\/Dyane-6-Foto-3.jpg 1248w, https:\/\/www.maicschulte.de\/wordpress\/wp-content\/uploads\/2018\/05\/Dyane-6-Foto-3-300x182.jpg 300w, https:\/\/www.maicschulte.de\/wordpress\/wp-content\/uploads\/2018\/05\/Dyane-6-Foto-3-768x466.jpg 768w, https:\/\/www.maicschulte.de\/wordpress\/wp-content\/uploads\/2018\/05\/Dyane-6-Foto-3-840x510.jpg 840w, https:\/\/www.maicschulte.de\/wordpress\/wp-content\/uploads\/2018\/05\/Dyane-6-Foto-3-600x364.jpg 600w\" sizes=\"auto, (max-width: 1248px) 100vw, 1248px\"><\/a><\/figure><\/li><li class=\"blocks-gallery-item\"><figure><a href=\"https:\/\/www.maicschulte.de\/wordpress\/wp-content\/uploads\/2018\/05\/Dyane-6-Foto-2.jpg\" data-rel=\"lightbox-gallery-0\" data-rl_title data-rl_caption title><img loading=\"lazy\" decoding=\"async\" width=\"1248\" height=\"731\" src=\"https:\/\/www.maicschulte.de\/wordpress\/wp-content\/uploads\/2018\/05\/Dyane-6-Foto-2.jpg\" alt data-id=\"7600\" class=\"wp-image-7600\" srcset=\"https:\/\/www.maicschulte.de\/wordpress\/wp-content\/uploads\/2018\/05\/Dyane-6-Foto-2.jpg 1248w, https:\/\/www.maicschulte.de\/wordpress\/wp-content\/uploads\/2018\/05\/Dyane-6-Foto-2-300x176.jpg 300w, https:\/\/www.maicschulte.de\/wordpress\/wp-content\/uploads\/2018\/05\/Dyane-6-Foto-2-768x450.jpg 768w, https:\/\/www.maicschulte.de\/wordpress\/wp-content\/uploads\/2018\/05\/Dyane-6-Foto-2-840x492.jpg 840w, https:\/\/www.maicschulte.de\/wordpress\/wp-content\/uploads\/2018\/05\/Dyane-6-Foto-2-600x351.jpg 600w\" sizes=\"auto, (max-width: 1248px) 100vw, 1248px\"><\/a><\/figure><\/li><li class=\"blocks-gallery-item\"><figure><a href=\"https:\/\/www.maicschulte.de\/wordpress\/wp-content\/uploads\/2018\/05\/Dyane-6-Foto-1.jpg\" data-rel=\"lightbox-gallery-0\" data-rl_title data-rl_caption title><img loading=\"lazy\" decoding=\"async\" width=\"1248\" height=\"860\" src=\"https:\/\/www.maicschulte.de\/wordpress\/wp-content\/uploads\/2018\/05\/Dyane-6-Foto-1.jpg\" alt data-id=\"7599\" class=\"wp-image-7599\" srcset=\"https:\/\/www.maicschulte.de\/wordpress\/wp-content\/uploads\/2018\/05\/Dyane-6-Foto-1.jpg 1248w, https:\/\/www.maicschulte.de\/wordpress\/wp-content\/uploads\/2018\/05\/Dyane-6-Foto-1-300x207.jpg 300w, https:\/\/www.maicschulte.de\/wordpress\/wp-content\/uploads\/2018\/05\/Dyane-6-Foto-1-768x529.jpg 768w, https:\/\/www.maicschulte.de\/wordpress\/wp-content\/uploads\/2018\/05\/Dyane-6-Foto-1-762x525.jpg 762w, https:\/\/www.maicschulte.de\/wordpress\/wp-content\/uploads\/2018\/05\/Dyane-6-Foto-1-544x375.jpg 544w\" sizes=\"auto, (max-width: 1248px) 100vw, 1248px\"><\/a><\/figure><\/li><\/ul><\/figure>\n","protected":false},"excerpt":{"rendered":"<p>Aloha! Manche Geschich\u00adten sind so herr\u00adlich ver\u00adr\u00fcckt, dass diese tat\u00ads\u00e4ch\u00adlich nur vom Leben geschrie\u00adben werden k\u00f6nnen. So erst k\u00fcrz\u00adlich wieder gesche\u00adhen, als ich spon\u00adtan nach Winterswijk\/NL gefah\u00adren bin, um dort mit meinen nie\u00adder\u00adl\u00e4n\u00addi\u00adschen Nach\u00adbarn den \u201eBevrij\u00addings\u00addag\u201c (deutsch: Befrei\u00adungs\u00adtag) zu feiern. Dieser Gedenk\u00adtag fand bis zum Jahr 1990 nur alle f\u00fcnf Jahre statt, ist seit\u00addem aber ein gesetz\u00adli\u00adcher Fei\u00ader\u00adtag und wird stets am 5. Mai gefeiert.<\/p>\n","protected":false},"author":1,"featured_media":7599,"comment_status":"open","ping_status":"open","sticky":false,"template":"","format":"standard","meta":{"wp_typography_post_enhancements_disabled":false,"footnotes":""},"categories":[721,1279],"tags":[881,738,882,883,59,884,58,885,886],"class_list":["post-7598","post","type-post","status-publish","format-standard","has-post-thumbnail","hentry","category-automobiles","category-chronologisch","tag-befreiungstag","tag-citroen","tag-dyane","tag-dyane-6","tag-klassiker","tag-niederlande","tag-oldtimer","tag-winterswijk","tag-zufaelle"],"yoast_head":"<!-- This site is optimized with the Yoast SEO plugin v27.5 - https:\/\/yoast.com\/product\/yoast-seo-wordpress\/ -->\n<title>Kurz belichtet: &quot;Citro\u00ebn Dyane 6\u201c - Maic Schulte<\/title>\n<meta name=\"description\" content=\"Kurz belichtet: &quot;Citro\u00ebn Dyane 6\u201c - Automobiles - Maic Schulte - Fotografie - Ruhrgebiet - Industrie - Portrait - Events - Autos - Rockabilly - Kunst - Schwarzwei\u00df\" \/>\n<meta name=\"robots\" content=\"index, follow, max-snippet:-1, max-image-preview:large, max-video-preview:-1\" \/>\n<link rel=\"canonical\" href=\"https:\/\/www.maicschulte.de\/wordpress\/?p=7598\" \/>\n<meta property=\"og:locale\" content=\"de_DE\" \/>\n<meta property=\"og:type\" content=\"article\" \/>\n<meta property=\"og:title\" content=\"Kurz belichtet: &quot;Citro\u00ebn Dyane 6\u201c - Maic Schulte\" \/>\n<meta property=\"og:description\" content=\"Kurz belichtet: &quot;Citro\u00ebn Dyane 6\u201c - Automobiles - Maic Schulte - Fotografie - Ruhrgebiet - Industrie - Portrait - Events - Autos - Rockabilly - Kunst - Schwarzwei\u00df\" \/>\n<meta property=\"og:url\" content=\"https:\/\/www.maicschulte.de\/wordpress\/?p=7598\" \/>\n<meta property=\"og:site_name\" content=\"Maic Schulte\" \/>\n<meta property=\"article:published_time\" content=\"2018-05-12T22:43:21+00:00\" \/>\n<meta property=\"article:modified_time\" content=\"2021-01-26T20:32:15+00:00\" \/>\n<meta property=\"og:image\" content=\"https:\/\/www.maicschulte.de\/wordpress\/wp-content\/uploads\/2018\/05\/Dyane-6-Foto-1.jpg\" \/>\n\t<meta property=\"og:image:width\" content=\"1248\" \/>\n\t<meta property=\"og:image:height\" content=\"860\" \/>\n\t<meta property=\"og:image:type\" content=\"image\/jpeg\" \/>\n<meta name=\"author\" content=\"Maic Schulte\" \/>\n<script type=\"application\/ld+json\" class=\"yoast-schema-graph\">{\"@context\":\"https:\\\/\\\/schema.org\",\"@graph\":[{\"@type\":\"Article\",\"@id\":\"https:\\\/\\\/www.maicschulte.de\\\/wordpress\\\/?p=7598#article\",\"isPartOf\":{\"@id\":\"https:\\\/\\\/www.maicschulte.de\\\/wordpress\\\/?p=7598\"},\"author\":{\"name\":\"Maic Schulte\",\"@id\":\"https:\\\/\\\/www.maicschulte.de\\\/wordpress\\\/#\\\/schema\\\/person\\\/809698f1c7b1655959515001723d716e\"},\"headline\":\"Kurz belichtet: \u201cCitro\u00ebn Dyane&nbsp;6\u201c\",\"datePublished\":\"2018-05-12T22:43:21+00:00\",\"dateModified\":\"2021-01-26T20:32:15+00:00\",\"mainEntityOfPage\":{\"@id\":\"https:\\\/\\\/www.maicschulte.de\\\/wordpress\\\/?p=7598\"},\"wordCount\":351,\"commentCount\":0,\"publisher\":{\"@id\":\"https:\\\/\\\/www.maicschulte.de\\\/wordpress\\\/#\\\/schema\\\/person\\\/809698f1c7b1655959515001723d716e\"},\"image\":{\"@id\":\"https:\\\/\\\/www.maicschulte.de\\\/wordpress\\\/?p=7598#primaryimage\"},\"thumbnailUrl\":\"https:\\\/\\\/www.maicschulte.de\\\/wordpress\\\/wp-content\\\/uploads\\\/2018\\\/05\\\/Dyane-6-Foto-1.jpg\",\"keywords\":[\"Befreiungstag\",\"Citr\u00f6en\",\"Dyane\",\"Dyane 6\",\"Klassiker\",\"Niederlande\",\"Oldtimer\",\"Winterswijk\",\"Zuf\u00e4lle\"],\"articleSection\":[\"Automobiles\",\"Chronologisch\"],\"inLanguage\":\"de\",\"potentialAction\":[{\"@type\":\"CommentAction\",\"name\":\"Comment\",\"target\":[\"https:\\\/\\\/www.maicschulte.de\\\/wordpress\\\/?p=7598#respond\"]}]},{\"@type\":\"WebPage\",\"@id\":\"https:\\\/\\\/www.maicschulte.de\\\/wordpress\\\/?p=7598\",\"url\":\"https:\\\/\\\/www.maicschulte.de\\\/wordpress\\\/?p=7598\",\"name\":\"Kurz belichtet: \\\"Citro\u00ebn Dyane 6\u201c - Maic Schulte\",\"isPartOf\":{\"@id\":\"https:\\\/\\\/www.maicschulte.de\\\/wordpress\\\/#website\"},\"primaryImageOfPage\":{\"@id\":\"https:\\\/\\\/www.maicschulte.de\\\/wordpress\\\/?p=7598#primaryimage\"},\"image\":{\"@id\":\"https:\\\/\\\/www.maicschulte.de\\\/wordpress\\\/?p=7598#primaryimage\"},\"thumbnailUrl\":\"https:\\\/\\\/www.maicschulte.de\\\/wordpress\\\/wp-content\\\/uploads\\\/2018\\\/05\\\/Dyane-6-Foto-1.jpg\",\"datePublished\":\"2018-05-12T22:43:21+00:00\",\"dateModified\":\"2021-01-26T20:32:15+00:00\",\"description\":\"Kurz belichtet: \\\"Citro\u00ebn Dyane 6\u201c - Automobiles - Maic Schulte - Fotografie - Ruhrgebiet - Industrie - Portrait - Events - Autos - Rockabilly - Kunst - Schwarzwei\u00df\",\"breadcrumb\":{\"@id\":\"https:\\\/\\\/www.maicschulte.de\\\/wordpress\\\/?p=7598#breadcrumb\"},\"inLanguage\":\"de\",\"potentialAction\":[{\"@type\":\"ReadAction\",\"target\":[\"https:\\\/\\\/www.maicschulte.de\\\/wordpress\\\/?p=7598\"]}]},{\"@type\":\"ImageObject\",\"inLanguage\":\"de\",\"@id\":\"https:\\\/\\\/www.maicschulte.de\\\/wordpress\\\/?p=7598#primaryimage\",\"url\":\"https:\\\/\\\/www.maicschulte.de\\\/wordpress\\\/wp-content\\\/uploads\\\/2018\\\/05\\\/Dyane-6-Foto-1.jpg\",\"contentUrl\":\"https:\\\/\\\/www.maicschulte.de\\\/wordpress\\\/wp-content\\\/uploads\\\/2018\\\/05\\\/Dyane-6-Foto-1.jpg\",\"width\":1248,\"height\":860},{\"@type\":\"BreadcrumbList\",\"@id\":\"https:\\\/\\\/www.maicschulte.de\\\/wordpress\\\/?p=7598#breadcrumb\",\"itemListElement\":[{\"@type\":\"ListItem\",\"position\":1,\"name\":\"Startseite\",\"item\":\"https:\\\/\\\/www.maicschulte.de\\\/wordpress\"},{\"@type\":\"ListItem\",\"position\":2,\"name\":\"Kurz belichtet: \u201cCitro\u00ebn Dyane&nbsp;6\u201c\"}]},{\"@type\":\"WebSite\",\"@id\":\"https:\\\/\\\/www.maicschulte.de\\\/wordpress\\\/#website\",\"url\":\"https:\\\/\\\/www.maicschulte.de\\\/wordpress\\\/\",\"name\":\"Maic Schulte\",\"description\":\"Fotografie aus Leidenschaft\",\"publisher\":{\"@id\":\"https:\\\/\\\/www.maicschulte.de\\\/wordpress\\\/#\\\/schema\\\/person\\\/809698f1c7b1655959515001723d716e\"},\"potentialAction\":[{\"@type\":\"SearchAction\",\"target\":{\"@type\":\"EntryPoint\",\"urlTemplate\":\"https:\\\/\\\/www.maicschulte.de\\\/wordpress\\\/?s={search_term_string}\"},\"query-input\":{\"@type\":\"PropertyValueSpecification\",\"valueRequired\":true,\"valueName\":\"search_term_string\"}}],\"inLanguage\":\"de\"},{\"@type\":[\"Person\",\"Organization\"],\"@id\":\"https:\\\/\\\/www.maicschulte.de\\\/wordpress\\\/#\\\/schema\\\/person\\\/809698f1c7b1655959515001723d716e\",\"name\":\"Maic Schulte\",\"image\":{\"@type\":\"ImageObject\",\"inLanguage\":\"de\",\"@id\":\"https:\\\/\\\/www.maicschulte.de\\\/wordpress\\\/wp-content\\\/uploads\\\/2025\\\/05\\\/Chronus_Maic_Schulte_Logo_605px-3.png\",\"url\":\"https:\\\/\\\/www.maicschulte.de\\\/wordpress\\\/wp-content\\\/uploads\\\/2025\\\/05\\\/Chronus_Maic_Schulte_Logo_605px-3.png\",\"contentUrl\":\"https:\\\/\\\/www.maicschulte.de\\\/wordpress\\\/wp-content\\\/uploads\\\/2025\\\/05\\\/Chronus_Maic_Schulte_Logo_605px-3.png\",\"width\":605,\"height\":200,\"caption\":\"Maic Schulte\"},\"logo\":{\"@id\":\"https:\\\/\\\/www.maicschulte.de\\\/wordpress\\\/wp-content\\\/uploads\\\/2025\\\/05\\\/Chronus_Maic_Schulte_Logo_605px-3.png\"},\"description\":\"Seit dem Tag, an dem mein Vater mich mit einer Kamera, einem Objektiv und zwei Illford-Schwarzwei\u00df-Filmen auf Entdeckungs-Tour geschickt hat, begleitet mich das Thema \\\"Fotografie\\\". Basierend auf WordPress, stellt diese Webseite - jetzt und in der Zukunft - eine Heimat f\u00fcr all meine Artikel und Fotos dar, welche wiederum aus allen Themenbereichen der klassischen &amp; modernen Fotografie kommen. Sei es nun die Fotografie in Schwarz-Wei\u00df; die Erkundung ehemaliger Industriegel\u00e4nde, welche f\u00fcr mich am ehesten \u201eDas Herz des Reviers\u201c widerspiegeln; ausdrucksstarke Portraits oder farbenfrohe Naturaufnahmen. Ganz egal! Es gelingt einfach jedem fotografischen Thema, meine Neugierde darauf zu erwecken. Dar\u00fcber hinaus habe ich aber auch ein ger\u00fctteltes Ma\u00df an Benzin im Blut und mag Autos &amp; Motorr\u00e4der, ganz egal ob nun neu, alt, aufgemotzt oder vollkommen original. Du siehst, die Auswahl an Artikeln &amp; Fotos ist also genauso breit gef\u00e4chert wie meine fotografischen Interessen.\",\"sameAs\":[\"https:\\\/\\\/www.maicschulte.de\"]}]}<\/script>\n<!-- \/ Yoast SEO plugin. -->","yoast_head_json":{"title":"Kurz belichtet: \"Citro\u00ebn Dyane 6\u201c - Maic Schulte","description":"Kurz belichtet: \"Citro\u00ebn Dyane 6\u201c - Automobiles - Maic Schulte - Fotografie - Ruhrgebiet - Industrie - Portrait - Events - Autos - Rockabilly - Kunst - Schwarzwei\u00df","robots":{"index":"index","follow":"follow","max-snippet":"max-snippet:-1","max-image-preview":"max-image-preview:large","max-video-preview":"max-video-preview:-1"},"canonical":"https:\/\/www.maicschulte.de\/wordpress\/?p=7598","og_locale":"de_DE","og_type":"article","og_title":"Kurz belichtet: \"Citro\u00ebn Dyane 6\u201c - Maic Schulte","og_description":"Kurz belichtet: \"Citro\u00ebn Dyane 6\u201c - Automobiles - Maic Schulte - Fotografie - Ruhrgebiet - Industrie - Portrait - Events - Autos - Rockabilly - Kunst - Schwarzwei\u00df","og_url":"https:\/\/www.maicschulte.de\/wordpress\/?p=7598","og_site_name":"Maic Schulte","article_published_time":"2018-05-12T22:43:21+00:00","article_modified_time":"2021-01-26T20:32:15+00:00","og_image":[{"width":1248,"height":860,"url":"https:\/\/www.maicschulte.de\/wordpress\/wp-content\/uploads\/2018\/05\/Dyane-6-Foto-1.jpg","type":"image\/jpeg"}],"author":"Maic Schulte","schema":{"@context":"https:\/\/schema.org","@graph":[{"@type":"Article","@id":"https:\/\/www.maicschulte.de\/wordpress\/?p=7598#article","isPartOf":{"@id":"https:\/\/www.maicschulte.de\/wordpress\/?p=7598"},"author":{"name":"Maic Schulte","@id":"https:\/\/www.maicschulte.de\/wordpress\/#\/schema\/person\/809698f1c7b1655959515001723d716e"},"headline":"Kurz belichtet: \u201cCitro\u00ebn Dyane&nbsp;6\u201c","datePublished":"2018-05-12T22:43:21+00:00","dateModified":"2021-01-26T20:32:15+00:00","mainEntityOfPage":{"@id":"https:\/\/www.maicschulte.de\/wordpress\/?p=7598"},"wordCount":351,"commentCount":0,"publisher":{"@id":"https:\/\/www.maicschulte.de\/wordpress\/#\/schema\/person\/809698f1c7b1655959515001723d716e"},"image":{"@id":"https:\/\/www.maicschulte.de\/wordpress\/?p=7598#primaryimage"},"thumbnailUrl":"https:\/\/www.maicschulte.de\/wordpress\/wp-content\/uploads\/2018\/05\/Dyane-6-Foto-1.jpg","keywords":["Befreiungstag","Citr\u00f6en","Dyane","Dyane 6","Klassiker","Niederlande","Oldtimer","Winterswijk","Zuf\u00e4lle"],"articleSection":["Automobiles","Chronologisch"],"inLanguage":"de","potentialAction":[{"@type":"CommentAction","name":"Comment","target":["https:\/\/www.maicschulte.de\/wordpress\/?p=7598#respond"]}]},{"@type":"WebPage","@id":"https:\/\/www.maicschulte.de\/wordpress\/?p=7598","url":"https:\/\/www.maicschulte.de\/wordpress\/?p=7598","name":"Kurz belichtet: \"Citro\u00ebn Dyane 6\u201c - Maic Schulte","isPartOf":{"@id":"https:\/\/www.maicschulte.de\/wordpress\/#website"},"primaryImageOfPage":{"@id":"https:\/\/www.maicschulte.de\/wordpress\/?p=7598#primaryimage"},"image":{"@id":"https:\/\/www.maicschulte.de\/wordpress\/?p=7598#primaryimage"},"thumbnailUrl":"https:\/\/www.maicschulte.de\/wordpress\/wp-content\/uploads\/2018\/05\/Dyane-6-Foto-1.jpg","datePublished":"2018-05-12T22:43:21+00:00","dateModified":"2021-01-26T20:32:15+00:00","description":"Kurz belichtet: \"Citro\u00ebn Dyane 6\u201c - Automobiles - Maic Schulte - Fotografie - Ruhrgebiet - Industrie - Portrait - Events - Autos - Rockabilly - Kunst - Schwarzwei\u00df","breadcrumb":{"@id":"https:\/\/www.maicschulte.de\/wordpress\/?p=7598#breadcrumb"},"inLanguage":"de","potentialAction":[{"@type":"ReadAction","target":["https:\/\/www.maicschulte.de\/wordpress\/?p=7598"]}]},{"@type":"ImageObject","inLanguage":"de","@id":"https:\/\/www.maicschulte.de\/wordpress\/?p=7598#primaryimage","url":"https:\/\/www.maicschulte.de\/wordpress\/wp-content\/uploads\/2018\/05\/Dyane-6-Foto-1.jpg","contentUrl":"https:\/\/www.maicschulte.de\/wordpress\/wp-content\/uploads\/2018\/05\/Dyane-6-Foto-1.jpg","width":1248,"height":860},{"@type":"BreadcrumbList","@id":"https:\/\/www.maicschulte.de\/wordpress\/?p=7598#breadcrumb","itemListElement":[{"@type":"ListItem","position":1,"name":"Startseite","item":"https:\/\/www.maicschulte.de\/wordpress"},{"@type":"ListItem","position":2,"name":"Kurz belichtet: \u201cCitro\u00ebn Dyane&nbsp;6\u201c"}]},{"@type":"WebSite","@id":"https:\/\/www.maicschulte.de\/wordpress\/#website","url":"https:\/\/www.maicschulte.de\/wordpress\/","name":"Maic Schulte","description":"Fotografie aus Leidenschaft","publisher":{"@id":"https:\/\/www.maicschulte.de\/wordpress\/#\/schema\/person\/809698f1c7b1655959515001723d716e"},"potentialAction":[{"@type":"SearchAction","target":{"@type":"EntryPoint","urlTemplate":"https:\/\/www.maicschulte.de\/wordpress\/?s={search_term_string}"},"query-input":{"@type":"PropertyValueSpecification","valueRequired":true,"valueName":"search_term_string"}}],"inLanguage":"de"},{"@type":["Person","Organization"],"@id":"https:\/\/www.maicschulte.de\/wordpress\/#\/schema\/person\/809698f1c7b1655959515001723d716e","name":"Maic Schulte","image":{"@type":"ImageObject","inLanguage":"de","@id":"https:\/\/www.maicschulte.de\/wordpress\/wp-content\/uploads\/2025\/05\/Chronus_Maic_Schulte_Logo_605px-3.png","url":"https:\/\/www.maicschulte.de\/wordpress\/wp-content\/uploads\/2025\/05\/Chronus_Maic_Schulte_Logo_605px-3.png","contentUrl":"https:\/\/www.maicschulte.de\/wordpress\/wp-content\/uploads\/2025\/05\/Chronus_Maic_Schulte_Logo_605px-3.png","width":605,"height":200,"caption":"Maic Schulte"},"logo":{"@id":"https:\/\/www.maicschulte.de\/wordpress\/wp-content\/uploads\/2025\/05\/Chronus_Maic_Schulte_Logo_605px-3.png"},"description":"Seit dem Tag, an dem mein Vater mich mit einer Kamera, einem Objektiv und zwei Illford-Schwarzwei\u00df-Filmen auf Entdeckungs-Tour geschickt hat, begleitet mich das Thema \"Fotografie\". Basierend auf WordPress, stellt diese Webseite - jetzt und in der Zukunft - eine Heimat f\u00fcr all meine Artikel und Fotos dar, welche wiederum aus allen Themenbereichen der klassischen &amp; modernen Fotografie kommen. Sei es nun die Fotografie in Schwarz-Wei\u00df; die Erkundung ehemaliger Industriegel\u00e4nde, welche f\u00fcr mich am ehesten \u201eDas Herz des Reviers\u201c widerspiegeln; ausdrucksstarke Portraits oder farbenfrohe Naturaufnahmen. Ganz egal! Es gelingt einfach jedem fotografischen Thema, meine Neugierde darauf zu erwecken. Dar\u00fcber hinaus habe ich aber auch ein ger\u00fctteltes Ma\u00df an Benzin im Blut und mag Autos &amp; Motorr\u00e4der, ganz egal ob nun neu, alt, aufgemotzt oder vollkommen original. Du siehst, die Auswahl an Artikeln &amp; Fotos ist also genauso breit gef\u00e4chert wie meine fotografischen Interessen.","sameAs":["https:\/\/www.maicschulte.de"]}]}},"_links":{"self":[{"href":"https:\/\/www.maicschulte.de\/wordpress\/index.php?rest_route=\/wp\/v2\/posts\/7598","targetHints":{"allow":["GET"]}}],"collection":[{"href":"https:\/\/www.maicschulte.de\/wordpress\/index.php?rest_route=\/wp\/v2\/posts"}],"about":[{"href":"https:\/\/www.maicschulte.de\/wordpress\/index.php?rest_route=\/wp\/v2\/types\/post"}],"author":[{"embeddable":true,"href":"https:\/\/www.maicschulte.de\/wordpress\/index.php?rest_route=\/wp\/v2\/users\/1"}],"replies":[{"embeddable":true,"href":"https:\/\/www.maicschulte.de\/wordpress\/index.php?rest_route=%2Fwp%2Fv2%2Fcomments&post=7598"}],"version-history":[{"count":2,"href":"https:\/\/www.maicschulte.de\/wordpress\/index.php?rest_route=\/wp\/v2\/posts\/7598\/revisions"}],"predecessor-version":[{"id":12323,"href":"https:\/\/www.maicschulte.de\/wordpress\/index.php?rest_route=\/wp\/v2\/posts\/7598\/revisions\/12323"}],"wp:featuredmedia":[{"embeddable":true,"href":"https:\/\/www.maicschulte.de\/wordpress\/index.php?rest_route=\/wp\/v2\/media\/7599"}],"wp:attachment":[{"href":"https:\/\/www.maicschulte.de\/wordpress\/index.php?rest_route=%2Fwp%2Fv2%2Fmedia&parent=7598"}],"wp:term":[{"taxonomy":"category","embeddable":true,"href":"https:\/\/www.maicschulte.de\/wordpress\/index.php?rest_route=%2Fwp%2Fv2%2Fcategories&post=7598"},{"taxonomy":"post_tag","embeddable":true,"href":"https:\/\/www.maicschulte.de\/wordpress\/index.php?rest_route=%2Fwp%2Fv2%2Ftags&post=7598"}],"curies":[{"name":"wp","href":"https:\/\/api.w.org\/{rel}","templated":true}]}}