{"id":7706,"date":"2018-06-07T22:05:33","date_gmt":"2018-06-07T21:05:33","guid":{"rendered":"https:\/\/www.1001cars.de\/wordpress\/?p=7706"},"modified":"2025-06-15T20:19:50","modified_gmt":"2025-06-15T19:19:50","slug":"kurz-belichtet-neue-klasse","status":"publish","type":"post","link":"https:\/\/www.maicschulte.de\/wordpress\/?p=7706","title":{"rendered":"Kurz belichtet: \u201cNeue Klasse\u201c"},"content":{"rendered":"\n<div class=\"wp-block-image\"><figure class=\"aligncenter\"><a href=\"https:\/\/www.maicschulte.de\/wordpress\/wp-content\/uploads\/2018\/06\/BMW-2000-CS-Frontal.jpg\" data-rel=\"lightbox-gallery-0\" data-rl_title data-rl_caption title><img loading=\"lazy\" decoding=\"async\" width=\"1200\" height=\"695\" src=\"https:\/\/www.maicschulte.de\/wordpress\/wp-content\/uploads\/2018\/06\/BMW-2000-CS-Frontal.jpg\" alt class=\"wp-image-7707\" srcset=\"https:\/\/www.maicschulte.de\/wordpress\/wp-content\/uploads\/2018\/06\/BMW-2000-CS-Frontal.jpg 1200w, https:\/\/www.maicschulte.de\/wordpress\/wp-content\/uploads\/2018\/06\/BMW-2000-CS-Frontal-300x174.jpg 300w, https:\/\/www.maicschulte.de\/wordpress\/wp-content\/uploads\/2018\/06\/BMW-2000-CS-Frontal-768x445.jpg 768w, https:\/\/www.maicschulte.de\/wordpress\/wp-content\/uploads\/2018\/06\/BMW-2000-CS-Frontal-840x487.jpg 840w, https:\/\/www.maicschulte.de\/wordpress\/wp-content\/uploads\/2018\/06\/BMW-2000-CS-Frontal-600x348.jpg 600w\" sizes=\"auto, (max-width: 1200px) 100vw, 1200px\"><\/a><\/figure><\/div>\n\n\n\n<p>Anfang der 1960er Jahre begann die Firma BMW damit, ver\u00adschie\u00adde\u00adne neue Mit\u00adtel\u00adklas\u00adse-Bau\u00adrei\u00adhen zu eta\u00adblie\u00adren. Diese sollte die nach dem Zwei\u00adten Welt\u00adkrieg immer noch vor\u00adhan\u00adde\u00adne L\u00fccke zwi\u00adschen der Isetta und dem Barock\u00adengel (BMW 3200) schlie\u00ad\u00dfen. Teil dieser \u201eNeuen Klasse\u201c waren zum Bei\u00adspiel die Stu\u00adfen\u00adheck\u00adli\u00admou\u00adsi\u00adnen BWM 1500, BMW 1800 und BMW 2000, die f\u00fcr die dama\u00adli\u00adge Zeit mit sehr fort\u00adschritt\u00adli\u00adcher Tech\u00adnik daher\u00adka\u00admen. Es gab Schei\u00adben\u00adbrem\u00adsen an allen R\u00e4dern, Ein\u00adzel\u00adrad\u00adauf\u00adh\u00e4n\u00adgung, 5\u2011Gang-Getrie\u00adbe, Ein\u00adspritz\u00admo\u00adto\u00adren mit recht viel Leis\u00adtung und nicht zuletzt ein moder\u00adnes und gewag\u00adtes Design, auf Wunsch lackiert in dem damals sehr unge\u00adwohn\u00adten Farb\u00adton Silber.<\/p>\n\n\n\n<!--more-->\n\n\n\n<p>Es geh\u00f6r\u00adten aber auch Coup\u00e9s zu der neuen Klasse, dar\u00adun\u00adter das Coup\u00e9 BMW 2000 CS, wel\u00adches bis heute zu den sch\u00f6ns\u00adten Fahr\u00adzeu\u00adgen geh\u00f6\u00adren d\u00fcrfte, die jemals die Werks\u00adhal\u00adlen der Bay\u00adri\u00adschen Moto\u00adren\u00adwer\u00adke in M\u00fcn\u00adchen ver\u00adlas\u00adsen&nbsp;haben.<\/p>\n\n\n\n<p>Vor\u00adge\u00adstellt im Juni 1965 und erst\u00adma\u00adlig im Novem\u00adber des glei\u00adchen Jahres erschie\u00adnen, wusste dieses Fahr\u00adzeug \u2014 mit seiner von Wil\u00adhelm Hof\u00admeis\u00adter ent\u00adwor\u00adfe\u00adnen Karos\u00adse\u00adrie \u2014 \u00fcber die Jahre knapp 14.000 K\u00e4ufer zu \u00fcber\u00adzeu\u00adgen. Der Motor, wel\u00adcher von zwei Solex-Flach\u00adstrom\u00adver\u00adga\u00adsern beatmet wurde, leis\u00adte\u00adte beacht\u00adli\u00adche 120 PS und beschleu\u00adnig\u00adte das schnit\u00adti\u00adge Coup\u00e9 auf maxi\u00admal 185 km\/h. Dies war nicht zuletzt der rela\u00adtiv leich\u00adten Karos\u00adse\u00adrie zu ver\u00addan\u00adken, die trotz aller Design\u00adele\u00admen\u00adte und guter Aus\u00adstat\u00adtung, kaum mehr als 1200 Kilo\u00adgramm Leer\u00adge\u00adwicht auf die Waage brach\u00adte. Den Sprint auf 100 km\/h absol\u00advier\u00adte der BMW 2000 CS in 10,5 Sekun\u00adden und war damit f\u00f6rm\u00adlich gemacht f\u00fcr die \u00dcber\u00adhol\u00adspur auf der Autobahn.<\/p>\n\n\n\n<p>Die gerin\u00adge St\u00fcck\u00adzahl an gefer\u00adtig\u00adten Coup\u00e9s d\u00fcrfte aber auch mit einer der Haupt\u00adgr\u00fcn\u00adde sein, warum dieses Fahr\u00adzeug heute nahezu kom\u00adplett aus dem Stra\u00ad\u00dfen\u00adbild ver\u00adschwun\u00adden ist und nur noch ver\u00adein\u00adzelt auf Messen oder Old\u00adti\u00admer-Tref\u00adfen zu sehen ist. Vom BMW 1800 wurden in einem \u00e4hn\u00adli\u00adchen Zeit\u00adraum zum Bei\u00adspiel mehr als 145.000 St\u00fcck gefer\u00adtigt, also rund zehn Mal mehr als vom 2000er Coup\u00e9. Rost\u00advor\u00adsor\u00adge war Mitte der 1960er auch noch kein wirk\u00adlich gro\u00dfes Thema und ein wei\u00adte\u00adrer Teil d\u00fcrfte durch Unf\u00e4l\u00adle und Expor\u00adte von den deut\u00adschen Stra\u00ad\u00dfen ver\u00adschwun\u00adden sein. Sehr schade, wird das Fahr\u00adzeug durch diese Umst\u00e4n\u00adde doch zu einem regel\u00adrech\u00adten Exoten, dessen man in freier Wild\u00adbahn kaum hab\u00adhaft werden kann.<\/p>\n\n\n\n<p>Umso gr\u00f6\u00dfer war meine Freude, als ich vor l\u00e4n\u00adge\u00adrer Zeit genau solch ein Expo\u00adnat vor die Kamera bekom\u00admen konnte. Top gepflegt, arran\u00adgiert in anspre\u00adchen\u00adder Umge\u00adbung und noch dazu in meiner Lieb\u00adlings\u00adfar\u00adbe Wei\u00df, welche ein\u00adfach extrem gut zu diesen klas\u00adsi\u00adschen Fahr\u00adzeu\u00adgen passt. &nbsp;Und da ich ja bekann\u00adter\u00adma\u00ad\u00dfen mein Bild\u00adma\u00adte\u00adri\u00adal nur zu gerne mit Euch teile, pr\u00e4\u00adsen\u00adtie\u00adre ich Euch heute eine kleine Foto\u00adstre\u00adcke \u00fcber das BMW 2000 CS&nbsp;Coup\u00e9&nbsp;;-)<\/p>\n\n\n\n<p>Bis bald, euer&nbsp;Maic.<\/p>\n\n\n\n<figure class=\"wp-block-gallery columns-3 is-cropped wp-block-gallery-2 is-layout-flex wp-block-gallery-is-layout-flex\"><ul class=\"blocks-gallery-grid\"><li class=\"blocks-gallery-item\"><figure><a href=\"https:\/\/www.maicschulte.de\/wordpress\/wp-content\/uploads\/2018\/06\/BMW-2000-CS-Frontal.jpg\" data-rel=\"lightbox-gallery-0\" data-rl_title data-rl_caption title><img loading=\"lazy\" decoding=\"async\" width=\"1200\" height=\"695\" src=\"https:\/\/www.maicschulte.de\/wordpress\/wp-content\/uploads\/2018\/06\/BMW-2000-CS-Frontal.jpg\" alt data-id=\"7707\" class=\"wp-image-7707\" srcset=\"https:\/\/www.maicschulte.de\/wordpress\/wp-content\/uploads\/2018\/06\/BMW-2000-CS-Frontal.jpg 1200w, https:\/\/www.maicschulte.de\/wordpress\/wp-content\/uploads\/2018\/06\/BMW-2000-CS-Frontal-300x174.jpg 300w, https:\/\/www.maicschulte.de\/wordpress\/wp-content\/uploads\/2018\/06\/BMW-2000-CS-Frontal-768x445.jpg 768w, https:\/\/www.maicschulte.de\/wordpress\/wp-content\/uploads\/2018\/06\/BMW-2000-CS-Frontal-840x487.jpg 840w, https:\/\/www.maicschulte.de\/wordpress\/wp-content\/uploads\/2018\/06\/BMW-2000-CS-Frontal-600x348.jpg 600w\" sizes=\"auto, (max-width: 1200px) 100vw, 1200px\"><\/a><\/figure><\/li><li class=\"blocks-gallery-item\"><figure><a href=\"https:\/\/www.maicschulte.de\/wordpress\/wp-content\/uploads\/2018\/06\/BMW-2000-CS-ganz-soft.jpg\" data-rel=\"lightbox-gallery-0\" data-rl_title data-rl_caption title><img loading=\"lazy\" decoding=\"async\" width=\"1200\" height=\"745\" src=\"https:\/\/www.maicschulte.de\/wordpress\/wp-content\/uploads\/2018\/06\/BMW-2000-CS-ganz-soft.jpg\" alt data-id=\"7708\" class=\"wp-image-7708\" srcset=\"https:\/\/www.maicschulte.de\/wordpress\/wp-content\/uploads\/2018\/06\/BMW-2000-CS-ganz-soft.jpg 1200w, https:\/\/www.maicschulte.de\/wordpress\/wp-content\/uploads\/2018\/06\/BMW-2000-CS-ganz-soft-300x186.jpg 300w, https:\/\/www.maicschulte.de\/wordpress\/wp-content\/uploads\/2018\/06\/BMW-2000-CS-ganz-soft-768x477.jpg 768w, https:\/\/www.maicschulte.de\/wordpress\/wp-content\/uploads\/2018\/06\/BMW-2000-CS-ganz-soft-840x522.jpg 840w, https:\/\/www.maicschulte.de\/wordpress\/wp-content\/uploads\/2018\/06\/BMW-2000-CS-ganz-soft-280x175.jpg 280w, https:\/\/www.maicschulte.de\/wordpress\/wp-content\/uploads\/2018\/06\/BMW-2000-CS-ganz-soft-600x373.jpg 600w\" sizes=\"auto, (max-width: 1200px) 100vw, 1200px\"><\/a><\/figure><\/li><li class=\"blocks-gallery-item\"><figure><a href=\"https:\/\/www.maicschulte.de\/wordpress\/wp-content\/uploads\/2018\/06\/BMW-2000-CS-I.jpg\" data-rel=\"lightbox-gallery-0\" data-rl_title data-rl_caption title><img loading=\"lazy\" decoding=\"async\" width=\"1200\" height=\"679\" src=\"https:\/\/www.maicschulte.de\/wordpress\/wp-content\/uploads\/2018\/06\/BMW-2000-CS-I.jpg\" alt data-id=\"7709\" class=\"wp-image-7709\" srcset=\"https:\/\/www.maicschulte.de\/wordpress\/wp-content\/uploads\/2018\/06\/BMW-2000-CS-I.jpg 1200w, https:\/\/www.maicschulte.de\/wordpress\/wp-content\/uploads\/2018\/06\/BMW-2000-CS-I-300x170.jpg 300w, https:\/\/www.maicschulte.de\/wordpress\/wp-content\/uploads\/2018\/06\/BMW-2000-CS-I-768x435.jpg 768w, https:\/\/www.maicschulte.de\/wordpress\/wp-content\/uploads\/2018\/06\/BMW-2000-CS-I-840x475.jpg 840w, https:\/\/www.maicschulte.de\/wordpress\/wp-content\/uploads\/2018\/06\/BMW-2000-CS-I-600x340.jpg 600w\" sizes=\"auto, (max-width: 1200px) 100vw, 1200px\"><\/a><\/figure><\/li><li class=\"blocks-gallery-item\"><figure><a href=\"https:\/\/www.maicschulte.de\/wordpress\/wp-content\/uploads\/2018\/06\/BMW-2000-CS-mit-Mercedes.jpg\" data-rel=\"lightbox-gallery-0\" data-rl_title data-rl_caption title><img loading=\"lazy\" decoding=\"async\" width=\"1200\" height=\"686\" src=\"https:\/\/www.maicschulte.de\/wordpress\/wp-content\/uploads\/2018\/06\/BMW-2000-CS-mit-Mercedes.jpg\" alt data-id=\"7710\" class=\"wp-image-7710\" srcset=\"https:\/\/www.maicschulte.de\/wordpress\/wp-content\/uploads\/2018\/06\/BMW-2000-CS-mit-Mercedes.jpg 1200w, https:\/\/www.maicschulte.de\/wordpress\/wp-content\/uploads\/2018\/06\/BMW-2000-CS-mit-Mercedes-300x172.jpg 300w, https:\/\/www.maicschulte.de\/wordpress\/wp-content\/uploads\/2018\/06\/BMW-2000-CS-mit-Mercedes-768x439.jpg 768w, https:\/\/www.maicschulte.de\/wordpress\/wp-content\/uploads\/2018\/06\/BMW-2000-CS-mit-Mercedes-840x480.jpg 840w, https:\/\/www.maicschulte.de\/wordpress\/wp-content\/uploads\/2018\/06\/BMW-2000-CS-mit-Mercedes-600x343.jpg 600w\" sizes=\"auto, (max-width: 1200px) 100vw, 1200px\"><\/a><\/figure><\/li><li class=\"blocks-gallery-item\"><figure><a href=\"https:\/\/www.maicschulte.de\/wordpress\/wp-content\/uploads\/2018\/06\/BMW-2000-CS-von-oben.jpg\" data-rel=\"lightbox-gallery-0\" data-rl_title data-rl_caption title><img loading=\"lazy\" decoding=\"async\" width=\"603\" height=\"800\" src=\"https:\/\/www.maicschulte.de\/wordpress\/wp-content\/uploads\/2018\/06\/BMW-2000-CS-von-oben.jpg\" alt data-id=\"7711\" class=\"wp-image-7711\" srcset=\"https:\/\/www.maicschulte.de\/wordpress\/wp-content\/uploads\/2018\/06\/BMW-2000-CS-von-oben.jpg 603w, https:\/\/www.maicschulte.de\/wordpress\/wp-content\/uploads\/2018\/06\/BMW-2000-CS-von-oben-226x300.jpg 226w, https:\/\/www.maicschulte.de\/wordpress\/wp-content\/uploads\/2018\/06\/BMW-2000-CS-von-oben-396x525.jpg 396w, https:\/\/www.maicschulte.de\/wordpress\/wp-content\/uploads\/2018\/06\/BMW-2000-CS-von-oben-283x375.jpg 283w\" sizes=\"auto, (max-width: 603px) 100vw, 603px\"><\/a><\/figure><\/li><li class=\"blocks-gallery-item\"><figure><a href=\"https:\/\/www.maicschulte.de\/wordpress\/wp-content\/uploads\/2018\/06\/BMW-2000-CS.jpg\" data-rel=\"lightbox-gallery-0\" data-rl_title data-rl_caption title><img loading=\"lazy\" decoding=\"async\" width=\"1200\" height=\"688\" src=\"https:\/\/www.maicschulte.de\/wordpress\/wp-content\/uploads\/2018\/06\/BMW-2000-CS.jpg\" alt data-id=\"7712\" class=\"wp-image-7712\" srcset=\"https:\/\/www.maicschulte.de\/wordpress\/wp-content\/uploads\/2018\/06\/BMW-2000-CS.jpg 1200w, https:\/\/www.maicschulte.de\/wordpress\/wp-content\/uploads\/2018\/06\/BMW-2000-CS-300x172.jpg 300w, https:\/\/www.maicschulte.de\/wordpress\/wp-content\/uploads\/2018\/06\/BMW-2000-CS-768x440.jpg 768w, https:\/\/www.maicschulte.de\/wordpress\/wp-content\/uploads\/2018\/06\/BMW-2000-CS-840x482.jpg 840w, https:\/\/www.maicschulte.de\/wordpress\/wp-content\/uploads\/2018\/06\/BMW-2000-CS-600x344.jpg 600w\" sizes=\"auto, (max-width: 1200px) 100vw, 1200px\"><\/a><\/figure><\/li><li class=\"blocks-gallery-item\"><figure><a href=\"https:\/\/www.maicschulte.de\/wordpress\/wp-content\/uploads\/2018\/06\/BMW-CS-2000-vorm-Tor.jpg\" data-rel=\"lightbox-gallery-0\" data-rl_title data-rl_caption title><img loading=\"lazy\" decoding=\"async\" width=\"1200\" height=\"667\" src=\"https:\/\/www.maicschulte.de\/wordpress\/wp-content\/uploads\/2018\/06\/BMW-CS-2000-vorm-Tor.jpg\" alt data-id=\"7713\" class=\"wp-image-7713\" srcset=\"https:\/\/www.maicschulte.de\/wordpress\/wp-content\/uploads\/2018\/06\/BMW-CS-2000-vorm-Tor.jpg 1200w, https:\/\/www.maicschulte.de\/wordpress\/wp-content\/uploads\/2018\/06\/BMW-CS-2000-vorm-Tor-300x167.jpg 300w, https:\/\/www.maicschulte.de\/wordpress\/wp-content\/uploads\/2018\/06\/BMW-CS-2000-vorm-Tor-768x427.jpg 768w, https:\/\/www.maicschulte.de\/wordpress\/wp-content\/uploads\/2018\/06\/BMW-CS-2000-vorm-Tor-840x467.jpg 840w, https:\/\/www.maicschulte.de\/wordpress\/wp-content\/uploads\/2018\/06\/BMW-CS-2000-vorm-Tor-600x334.jpg 600w\" sizes=\"auto, (max-width: 1200px) 100vw, 1200px\"><\/a><\/figure><\/li><\/ul><\/figure>\n","protected":false},"excerpt":{"rendered":"<p>Anfang der 1960er Jahre begann die Firma BMW damit, ver\u00adschie\u00adde\u00adne neue Mit\u00ad\u00adtel\u00adklas\u00ad\u00adse-Bau\u00ad\u00adrei\u00adhen zu eta\u00adblie\u00adren. Diese sollte die nach dem Zwei\u00adten Welt\u00adkrieg immer noch vor\u00adhan\u00adde\u00adne L\u00fccke zwi\u00adschen der Isetta und dem Barock\u00adengel (BMW 3200) schlie\u00ad\u00dfen. Teil dieser \u201eNeuen Klasse\u201c waren zum Bei\u00adspiel die Stu\u00adfen\u00adheck\u00adli\u00admou\u00adsi\u00adnen BWM 1500, BMW 1800 und BMW 2000, die f\u00fcr die dama\u00adli\u00adge Zeit mit sehr fort\u00adschritt\u00adli\u00adcher Tech\u00adnik daher\u00adka\u00admen. Es gab Schei\u00adben\u00adbrem\u00adsen an allen R\u00e4dern, Ein\u00adzel\u00adrad\u00adauf\u00adh\u00e4n\u00adgung, 5\u2011Gang-Getrie\u00ad\u00adbe, Ein\u00adspritz\u00admo\u00adto\u00adren mit recht viel Leis\u00adtung und nicht zuletzt ein moder\u00adnes und gewag\u00adtes Design, auf Wunsch lackiert in dem damals sehr unge\u00adwohn\u00adten Farb\u00adton Silber.<\/p>\n","protected":false},"author":1,"featured_media":7707,"comment_status":"open","ping_status":"open","sticky":false,"template":"","format":"standard","meta":{"wp_typography_post_enhancements_disabled":false,"footnotes":""},"categories":[721,1279],"tags":[819,2052,820,2051,821,184,822,823,59,2050,58],"class_list":["post-7706","post","type-post","status-publish","format-standard","has-post-thumbnail","hentry","category-automobiles","category-chronologisch","tag-bmw","tag-bmw-2000","tag-bmw-2000-cs","tag-bmw-neue-klasse","tag-coupe","tag-dusseldorf","tag-hofmeister","tag-hofmeister-knick","tag-klassiker","tag-neue-klasse","tag-oldtimer"],"yoast_head":"<!-- This site is optimized with the Yoast SEO plugin v27.5 - https:\/\/yoast.com\/product\/yoast-seo-wordpress\/ -->\n<title>Kurz belichtet: &quot;Neue Klasse\u201c - Maic Schulte<\/title>\n<meta name=\"description\" content=\"Kurz belichtet: &quot;Neue Klasse\u201c - Automobiles - Maic Schulte - Fotografie - Ruhrgebiet - Industrie - Portrait - Events - Autos - Rockabilly - Kunst - Schwarzwei\u00df\" \/>\n<meta name=\"robots\" content=\"index, follow, max-snippet:-1, max-image-preview:large, max-video-preview:-1\" \/>\n<link rel=\"canonical\" href=\"https:\/\/www.maicschulte.de\/wordpress\/?p=7706\" \/>\n<meta property=\"og:locale\" content=\"de_DE\" \/>\n<meta property=\"og:type\" content=\"article\" \/>\n<meta property=\"og:title\" content=\"Kurz belichtet: &quot;Neue Klasse\u201c - Maic Schulte\" \/>\n<meta property=\"og:description\" content=\"Kurz belichtet: &quot;Neue Klasse\u201c - Automobiles - Maic Schulte - Fotografie - Ruhrgebiet - Industrie - Portrait - Events - Autos - Rockabilly - Kunst - Schwarzwei\u00df\" \/>\n<meta property=\"og:url\" content=\"https:\/\/www.maicschulte.de\/wordpress\/?p=7706\" \/>\n<meta property=\"og:site_name\" content=\"Maic Schulte\" \/>\n<meta property=\"article:published_time\" content=\"2018-06-07T21:05:33+00:00\" \/>\n<meta property=\"article:modified_time\" content=\"2025-06-15T19:19:50+00:00\" \/>\n<meta property=\"og:image\" content=\"https:\/\/www.maicschulte.de\/wordpress\/wp-content\/uploads\/2018\/06\/BMW-2000-CS-Frontal.jpg\" \/>\n\t<meta property=\"og:image:width\" content=\"1200\" \/>\n\t<meta property=\"og:image:height\" content=\"695\" \/>\n\t<meta property=\"og:image:type\" content=\"image\/jpeg\" \/>\n<meta name=\"author\" content=\"Maic Schulte\" \/>\n<script type=\"application\/ld+json\" class=\"yoast-schema-graph\">{\"@context\":\"https:\\\/\\\/schema.org\",\"@graph\":[{\"@type\":\"Article\",\"@id\":\"https:\\\/\\\/www.maicschulte.de\\\/wordpress\\\/?p=7706#article\",\"isPartOf\":{\"@id\":\"https:\\\/\\\/www.maicschulte.de\\\/wordpress\\\/?p=7706\"},\"author\":{\"name\":\"Maic Schulte\",\"@id\":\"https:\\\/\\\/www.maicschulte.de\\\/wordpress\\\/#\\\/schema\\\/person\\\/809698f1c7b1655959515001723d716e\"},\"headline\":\"Kurz belichtet: \u201cNeue Klasse\u201c\",\"datePublished\":\"2018-06-07T21:05:33+00:00\",\"dateModified\":\"2025-06-15T19:19:50+00:00\",\"mainEntityOfPage\":{\"@id\":\"https:\\\/\\\/www.maicschulte.de\\\/wordpress\\\/?p=7706\"},\"wordCount\":430,\"commentCount\":2,\"publisher\":{\"@id\":\"https:\\\/\\\/www.maicschulte.de\\\/wordpress\\\/#\\\/schema\\\/person\\\/809698f1c7b1655959515001723d716e\"},\"image\":{\"@id\":\"https:\\\/\\\/www.maicschulte.de\\\/wordpress\\\/?p=7706#primaryimage\"},\"thumbnailUrl\":\"https:\\\/\\\/www.maicschulte.de\\\/wordpress\\\/wp-content\\\/uploads\\\/2018\\\/06\\\/BMW-2000-CS-Frontal.jpg\",\"keywords\":[\"BMW\",\"BMW 2000\",\"BMW 2000 CS\",\"BMW Neue Klasse\",\"Coupe\",\"D\u00fcsseldorf\",\"Hofmeister\",\"Hofmeister Knick\",\"Klassiker\",\"Neue Klasse\",\"Oldtimer\"],\"articleSection\":[\"Automobiles\",\"Chronologisch\"],\"inLanguage\":\"de\",\"potentialAction\":[{\"@type\":\"CommentAction\",\"name\":\"Comment\",\"target\":[\"https:\\\/\\\/www.maicschulte.de\\\/wordpress\\\/?p=7706#respond\"]}]},{\"@type\":\"WebPage\",\"@id\":\"https:\\\/\\\/www.maicschulte.de\\\/wordpress\\\/?p=7706\",\"url\":\"https:\\\/\\\/www.maicschulte.de\\\/wordpress\\\/?p=7706\",\"name\":\"Kurz belichtet: \\\"Neue Klasse\u201c - Maic Schulte\",\"isPartOf\":{\"@id\":\"https:\\\/\\\/www.maicschulte.de\\\/wordpress\\\/#website\"},\"primaryImageOfPage\":{\"@id\":\"https:\\\/\\\/www.maicschulte.de\\\/wordpress\\\/?p=7706#primaryimage\"},\"image\":{\"@id\":\"https:\\\/\\\/www.maicschulte.de\\\/wordpress\\\/?p=7706#primaryimage\"},\"thumbnailUrl\":\"https:\\\/\\\/www.maicschulte.de\\\/wordpress\\\/wp-content\\\/uploads\\\/2018\\\/06\\\/BMW-2000-CS-Frontal.jpg\",\"datePublished\":\"2018-06-07T21:05:33+00:00\",\"dateModified\":\"2025-06-15T19:19:50+00:00\",\"description\":\"Kurz belichtet: \\\"Neue Klasse\u201c - Automobiles - Maic Schulte - Fotografie - Ruhrgebiet - Industrie - Portrait - Events - Autos - Rockabilly - Kunst - Schwarzwei\u00df\",\"breadcrumb\":{\"@id\":\"https:\\\/\\\/www.maicschulte.de\\\/wordpress\\\/?p=7706#breadcrumb\"},\"inLanguage\":\"de\",\"potentialAction\":[{\"@type\":\"ReadAction\",\"target\":[\"https:\\\/\\\/www.maicschulte.de\\\/wordpress\\\/?p=7706\"]}]},{\"@type\":\"ImageObject\",\"inLanguage\":\"de\",\"@id\":\"https:\\\/\\\/www.maicschulte.de\\\/wordpress\\\/?p=7706#primaryimage\",\"url\":\"https:\\\/\\\/www.maicschulte.de\\\/wordpress\\\/wp-content\\\/uploads\\\/2018\\\/06\\\/BMW-2000-CS-Frontal.jpg\",\"contentUrl\":\"https:\\\/\\\/www.maicschulte.de\\\/wordpress\\\/wp-content\\\/uploads\\\/2018\\\/06\\\/BMW-2000-CS-Frontal.jpg\",\"width\":1200,\"height\":695},{\"@type\":\"BreadcrumbList\",\"@id\":\"https:\\\/\\\/www.maicschulte.de\\\/wordpress\\\/?p=7706#breadcrumb\",\"itemListElement\":[{\"@type\":\"ListItem\",\"position\":1,\"name\":\"Startseite\",\"item\":\"https:\\\/\\\/www.maicschulte.de\\\/wordpress\"},{\"@type\":\"ListItem\",\"position\":2,\"name\":\"Kurz belichtet: &#8222;Neue Klasse\u201c\"}]},{\"@type\":\"WebSite\",\"@id\":\"https:\\\/\\\/www.maicschulte.de\\\/wordpress\\\/#website\",\"url\":\"https:\\\/\\\/www.maicschulte.de\\\/wordpress\\\/\",\"name\":\"Maic Schulte\",\"description\":\"Fotografie aus Leidenschaft\",\"publisher\":{\"@id\":\"https:\\\/\\\/www.maicschulte.de\\\/wordpress\\\/#\\\/schema\\\/person\\\/809698f1c7b1655959515001723d716e\"},\"potentialAction\":[{\"@type\":\"SearchAction\",\"target\":{\"@type\":\"EntryPoint\",\"urlTemplate\":\"https:\\\/\\\/www.maicschulte.de\\\/wordpress\\\/?s={search_term_string}\"},\"query-input\":{\"@type\":\"PropertyValueSpecification\",\"valueRequired\":true,\"valueName\":\"search_term_string\"}}],\"inLanguage\":\"de\"},{\"@type\":[\"Person\",\"Organization\"],\"@id\":\"https:\\\/\\\/www.maicschulte.de\\\/wordpress\\\/#\\\/schema\\\/person\\\/809698f1c7b1655959515001723d716e\",\"name\":\"Maic Schulte\",\"image\":{\"@type\":\"ImageObject\",\"inLanguage\":\"de\",\"@id\":\"https:\\\/\\\/www.maicschulte.de\\\/wordpress\\\/wp-content\\\/uploads\\\/2025\\\/05\\\/Chronus_Maic_Schulte_Logo_605px-3.png\",\"url\":\"https:\\\/\\\/www.maicschulte.de\\\/wordpress\\\/wp-content\\\/uploads\\\/2025\\\/05\\\/Chronus_Maic_Schulte_Logo_605px-3.png\",\"contentUrl\":\"https:\\\/\\\/www.maicschulte.de\\\/wordpress\\\/wp-content\\\/uploads\\\/2025\\\/05\\\/Chronus_Maic_Schulte_Logo_605px-3.png\",\"width\":605,\"height\":200,\"caption\":\"Maic Schulte\"},\"logo\":{\"@id\":\"https:\\\/\\\/www.maicschulte.de\\\/wordpress\\\/wp-content\\\/uploads\\\/2025\\\/05\\\/Chronus_Maic_Schulte_Logo_605px-3.png\"},\"description\":\"Seit dem Tag, an dem mein Vater mich mit einer Kamera, einem Objektiv und zwei Illford-Schwarzwei\u00df-Filmen auf Entdeckungs-Tour geschickt hat, begleitet mich das Thema \\\"Fotografie\\\". Basierend auf WordPress, stellt diese Webseite - jetzt und in der Zukunft - eine Heimat f\u00fcr all meine Artikel und Fotos dar, welche wiederum aus allen Themenbereichen der klassischen &amp; modernen Fotografie kommen. Sei es nun die Fotografie in Schwarz-Wei\u00df; die Erkundung ehemaliger Industriegel\u00e4nde, welche f\u00fcr mich am ehesten \u201eDas Herz des Reviers\u201c widerspiegeln; ausdrucksstarke Portraits oder farbenfrohe Naturaufnahmen. Ganz egal! Es gelingt einfach jedem fotografischen Thema, meine Neugierde darauf zu erwecken. Dar\u00fcber hinaus habe ich aber auch ein ger\u00fctteltes Ma\u00df an Benzin im Blut und mag Autos &amp; Motorr\u00e4der, ganz egal ob nun neu, alt, aufgemotzt oder vollkommen original. Du siehst, die Auswahl an Artikeln &amp; Fotos ist also genauso breit gef\u00e4chert wie meine fotografischen Interessen.\",\"sameAs\":[\"https:\\\/\\\/www.maicschulte.de\"]}]}<\/script>\n<!-- \/ Yoast SEO plugin. -->","yoast_head_json":{"title":"Kurz belichtet: \"Neue Klasse\u201c - Maic Schulte","description":"Kurz belichtet: \"Neue Klasse\u201c - Automobiles - Maic Schulte - Fotografie - Ruhrgebiet - Industrie - Portrait - Events - Autos - Rockabilly - Kunst - Schwarzwei\u00df","robots":{"index":"index","follow":"follow","max-snippet":"max-snippet:-1","max-image-preview":"max-image-preview:large","max-video-preview":"max-video-preview:-1"},"canonical":"https:\/\/www.maicschulte.de\/wordpress\/?p=7706","og_locale":"de_DE","og_type":"article","og_title":"Kurz belichtet: \"Neue Klasse\u201c - Maic Schulte","og_description":"Kurz belichtet: \"Neue Klasse\u201c - Automobiles - Maic Schulte - Fotografie - Ruhrgebiet - Industrie - Portrait - Events - Autos - Rockabilly - Kunst - Schwarzwei\u00df","og_url":"https:\/\/www.maicschulte.de\/wordpress\/?p=7706","og_site_name":"Maic Schulte","article_published_time":"2018-06-07T21:05:33+00:00","article_modified_time":"2025-06-15T19:19:50+00:00","og_image":[{"width":1200,"height":695,"url":"https:\/\/www.maicschulte.de\/wordpress\/wp-content\/uploads\/2018\/06\/BMW-2000-CS-Frontal.jpg","type":"image\/jpeg"}],"author":"Maic Schulte","schema":{"@context":"https:\/\/schema.org","@graph":[{"@type":"Article","@id":"https:\/\/www.maicschulte.de\/wordpress\/?p=7706#article","isPartOf":{"@id":"https:\/\/www.maicschulte.de\/wordpress\/?p=7706"},"author":{"name":"Maic Schulte","@id":"https:\/\/www.maicschulte.de\/wordpress\/#\/schema\/person\/809698f1c7b1655959515001723d716e"},"headline":"Kurz belichtet: \u201cNeue Klasse\u201c","datePublished":"2018-06-07T21:05:33+00:00","dateModified":"2025-06-15T19:19:50+00:00","mainEntityOfPage":{"@id":"https:\/\/www.maicschulte.de\/wordpress\/?p=7706"},"wordCount":430,"commentCount":2,"publisher":{"@id":"https:\/\/www.maicschulte.de\/wordpress\/#\/schema\/person\/809698f1c7b1655959515001723d716e"},"image":{"@id":"https:\/\/www.maicschulte.de\/wordpress\/?p=7706#primaryimage"},"thumbnailUrl":"https:\/\/www.maicschulte.de\/wordpress\/wp-content\/uploads\/2018\/06\/BMW-2000-CS-Frontal.jpg","keywords":["BMW","BMW 2000","BMW 2000 CS","BMW Neue Klasse","Coupe","D\u00fcsseldorf","Hofmeister","Hofmeister Knick","Klassiker","Neue Klasse","Oldtimer"],"articleSection":["Automobiles","Chronologisch"],"inLanguage":"de","potentialAction":[{"@type":"CommentAction","name":"Comment","target":["https:\/\/www.maicschulte.de\/wordpress\/?p=7706#respond"]}]},{"@type":"WebPage","@id":"https:\/\/www.maicschulte.de\/wordpress\/?p=7706","url":"https:\/\/www.maicschulte.de\/wordpress\/?p=7706","name":"Kurz belichtet: \"Neue Klasse\u201c - Maic Schulte","isPartOf":{"@id":"https:\/\/www.maicschulte.de\/wordpress\/#website"},"primaryImageOfPage":{"@id":"https:\/\/www.maicschulte.de\/wordpress\/?p=7706#primaryimage"},"image":{"@id":"https:\/\/www.maicschulte.de\/wordpress\/?p=7706#primaryimage"},"thumbnailUrl":"https:\/\/www.maicschulte.de\/wordpress\/wp-content\/uploads\/2018\/06\/BMW-2000-CS-Frontal.jpg","datePublished":"2018-06-07T21:05:33+00:00","dateModified":"2025-06-15T19:19:50+00:00","description":"Kurz belichtet: \"Neue Klasse\u201c - Automobiles - Maic Schulte - Fotografie - Ruhrgebiet - Industrie - Portrait - Events - Autos - Rockabilly - Kunst - Schwarzwei\u00df","breadcrumb":{"@id":"https:\/\/www.maicschulte.de\/wordpress\/?p=7706#breadcrumb"},"inLanguage":"de","potentialAction":[{"@type":"ReadAction","target":["https:\/\/www.maicschulte.de\/wordpress\/?p=7706"]}]},{"@type":"ImageObject","inLanguage":"de","@id":"https:\/\/www.maicschulte.de\/wordpress\/?p=7706#primaryimage","url":"https:\/\/www.maicschulte.de\/wordpress\/wp-content\/uploads\/2018\/06\/BMW-2000-CS-Frontal.jpg","contentUrl":"https:\/\/www.maicschulte.de\/wordpress\/wp-content\/uploads\/2018\/06\/BMW-2000-CS-Frontal.jpg","width":1200,"height":695},{"@type":"BreadcrumbList","@id":"https:\/\/www.maicschulte.de\/wordpress\/?p=7706#breadcrumb","itemListElement":[{"@type":"ListItem","position":1,"name":"Startseite","item":"https:\/\/www.maicschulte.de\/wordpress"},{"@type":"ListItem","position":2,"name":"Kurz belichtet: &#8222;Neue Klasse\u201c"}]},{"@type":"WebSite","@id":"https:\/\/www.maicschulte.de\/wordpress\/#website","url":"https:\/\/www.maicschulte.de\/wordpress\/","name":"Maic Schulte","description":"Fotografie aus Leidenschaft","publisher":{"@id":"https:\/\/www.maicschulte.de\/wordpress\/#\/schema\/person\/809698f1c7b1655959515001723d716e"},"potentialAction":[{"@type":"SearchAction","target":{"@type":"EntryPoint","urlTemplate":"https:\/\/www.maicschulte.de\/wordpress\/?s={search_term_string}"},"query-input":{"@type":"PropertyValueSpecification","valueRequired":true,"valueName":"search_term_string"}}],"inLanguage":"de"},{"@type":["Person","Organization"],"@id":"https:\/\/www.maicschulte.de\/wordpress\/#\/schema\/person\/809698f1c7b1655959515001723d716e","name":"Maic Schulte","image":{"@type":"ImageObject","inLanguage":"de","@id":"https:\/\/www.maicschulte.de\/wordpress\/wp-content\/uploads\/2025\/05\/Chronus_Maic_Schulte_Logo_605px-3.png","url":"https:\/\/www.maicschulte.de\/wordpress\/wp-content\/uploads\/2025\/05\/Chronus_Maic_Schulte_Logo_605px-3.png","contentUrl":"https:\/\/www.maicschulte.de\/wordpress\/wp-content\/uploads\/2025\/05\/Chronus_Maic_Schulte_Logo_605px-3.png","width":605,"height":200,"caption":"Maic Schulte"},"logo":{"@id":"https:\/\/www.maicschulte.de\/wordpress\/wp-content\/uploads\/2025\/05\/Chronus_Maic_Schulte_Logo_605px-3.png"},"description":"Seit dem Tag, an dem mein Vater mich mit einer Kamera, einem Objektiv und zwei Illford-Schwarzwei\u00df-Filmen auf Entdeckungs-Tour geschickt hat, begleitet mich das Thema \"Fotografie\". Basierend auf WordPress, stellt diese Webseite - jetzt und in der Zukunft - eine Heimat f\u00fcr all meine Artikel und Fotos dar, welche wiederum aus allen Themenbereichen der klassischen &amp; modernen Fotografie kommen. Sei es nun die Fotografie in Schwarz-Wei\u00df; die Erkundung ehemaliger Industriegel\u00e4nde, welche f\u00fcr mich am ehesten \u201eDas Herz des Reviers\u201c widerspiegeln; ausdrucksstarke Portraits oder farbenfrohe Naturaufnahmen. Ganz egal! Es gelingt einfach jedem fotografischen Thema, meine Neugierde darauf zu erwecken. Dar\u00fcber hinaus habe ich aber auch ein ger\u00fctteltes Ma\u00df an Benzin im Blut und mag Autos &amp; Motorr\u00e4der, ganz egal ob nun neu, alt, aufgemotzt oder vollkommen original. Du siehst, die Auswahl an Artikeln &amp; Fotos ist also genauso breit gef\u00e4chert wie meine fotografischen Interessen.","sameAs":["https:\/\/www.maicschulte.de"]}]}},"_links":{"self":[{"href":"https:\/\/www.maicschulte.de\/wordpress\/index.php?rest_route=\/wp\/v2\/posts\/7706","targetHints":{"allow":["GET"]}}],"collection":[{"href":"https:\/\/www.maicschulte.de\/wordpress\/index.php?rest_route=\/wp\/v2\/posts"}],"about":[{"href":"https:\/\/www.maicschulte.de\/wordpress\/index.php?rest_route=\/wp\/v2\/types\/post"}],"author":[{"embeddable":true,"href":"https:\/\/www.maicschulte.de\/wordpress\/index.php?rest_route=\/wp\/v2\/users\/1"}],"replies":[{"embeddable":true,"href":"https:\/\/www.maicschulte.de\/wordpress\/index.php?rest_route=%2Fwp%2Fv2%2Fcomments&post=7706"}],"version-history":[{"count":2,"href":"https:\/\/www.maicschulte.de\/wordpress\/index.php?rest_route=\/wp\/v2\/posts\/7706\/revisions"}],"predecessor-version":[{"id":12320,"href":"https:\/\/www.maicschulte.de\/wordpress\/index.php?rest_route=\/wp\/v2\/posts\/7706\/revisions\/12320"}],"wp:featuredmedia":[{"embeddable":true,"href":"https:\/\/www.maicschulte.de\/wordpress\/index.php?rest_route=\/wp\/v2\/media\/7707"}],"wp:attachment":[{"href":"https:\/\/www.maicschulte.de\/wordpress\/index.php?rest_route=%2Fwp%2Fv2%2Fmedia&parent=7706"}],"wp:term":[{"taxonomy":"category","embeddable":true,"href":"https:\/\/www.maicschulte.de\/wordpress\/index.php?rest_route=%2Fwp%2Fv2%2Fcategories&post=7706"},{"taxonomy":"post_tag","embeddable":true,"href":"https:\/\/www.maicschulte.de\/wordpress\/index.php?rest_route=%2Fwp%2Fv2%2Ftags&post=7706"}],"curies":[{"name":"wp","href":"https:\/\/api.w.org\/{rel}","templated":true}]}}