{"id":8051,"date":"2018-08-22T14:14:21","date_gmt":"2018-08-22T12:14:21","guid":{"rendered":"https:\/\/www.1001cars.de\/wordpress\/?p=8051"},"modified":"2021-01-16T19:19:52","modified_gmt":"2021-01-16T18:19:52","slug":"spyder","status":"publish","type":"post","link":"https:\/\/www.maicschulte.de\/wordpress\/?p=8051","title":{"rendered":"\u201cSpyder\u201d"},"content":{"rendered":"\n<div class=\"wp-block-image\"><figure class=\"aligncenter\"><a href=\"https:\/\/www.maicschulte.de\/wordpress\/wp-content\/uploads\/2018\/08\/Porsche-Spyder-05.jpg\" data-rel=\"lightbox-gallery-0\" data-rl_title data-rl_caption title><img loading=\"lazy\" decoding=\"async\" width=\"1200\" height=\"760\" src=\"https:\/\/www.maicschulte.de\/wordpress\/wp-content\/uploads\/2018\/08\/Porsche-Spyder-05.jpg\" alt class=\"wp-image-8058\" srcset=\"https:\/\/www.maicschulte.de\/wordpress\/wp-content\/uploads\/2018\/08\/Porsche-Spyder-05.jpg 1200w, https:\/\/www.maicschulte.de\/wordpress\/wp-content\/uploads\/2018\/08\/Porsche-Spyder-05-300x190.jpg 300w, https:\/\/www.maicschulte.de\/wordpress\/wp-content\/uploads\/2018\/08\/Porsche-Spyder-05-768x486.jpg 768w, https:\/\/www.maicschulte.de\/wordpress\/wp-content\/uploads\/2018\/08\/Porsche-Spyder-05-829x525.jpg 829w, https:\/\/www.maicschulte.de\/wordpress\/wp-content\/uploads\/2018\/08\/Porsche-Spyder-05-592x375.jpg 592w\" sizes=\"auto, (max-width: 1200px) 100vw, 1200px\"><\/a><\/figure><\/div>\n\n\n\n<p>F\u00e4llt in einem Gespr\u00e4ch der Begriff <a href=\"https:\/\/de.wikipedia.org\/wiki\/Porsche_550\" target=\"_blank\" rel=\"noopener noreferrer\">\u201ePor\u00adsche 550\u201c<\/a>, dann bekom\u00admen die Lieb\u00adha\u00adber der gleich\u00adna\u00admi\u00adgen Marke sofort schwit\u00adzi\u00adge H\u00e4nde und Herz\u00adra\u00adsen. Gut ver\u00adst\u00e4nd\u00adlich! Ist dieses Fahr\u00adzeug doch Emo\u00adti\u00adon pur. Nur der Hauch einer Wind\u00adschutz\u00adschei\u00adbe, Tie\u00adfer\u00adle\u00adgung, Renn-Optik, gerin\u00adges Gewicht, aus\u00adrei\u00adchend Leis\u00adtung, ein kna\u00adcki\u00adges Getrie\u00adbe und eine super\u00addi\u00adrek\u00adte Len\u00adkung. Lauter Attri\u00adbu\u00adte, die aus einem Sport\u00adwa\u00adgen eine Legen\u00adde machen k\u00f6nnen.<\/p>\n\n\n\n<!--more-->\n\n\n\n<p>Umso ver\u00adwun\u00adder\u00adli\u00adcher f\u00fcr mich, dass die Firma Por\u00adsche in all den fol\u00adgen\u00adden Jahr\u00adzehn\u00adten nie auf die Idee gekom\u00admen ist, diese Spyder-Gene auch mal einem 911 ein\u00adzu\u00adpflan\u00adzen. Stellt der 911 doch die Stil-Ikone der Marke Por\u00adsche dar, welche nun schon Gene\u00adra\u00adtio\u00adnen von Auto\u00adlieb\u00adha\u00adbern und Motor\u00adsport\u00adlern begeis\u00adtert&nbsp;hat.<\/p>\n\n\n\n<p>Die glei\u00adche Idee hatte in den 1980er-Jahren wohl auch der <a href=\"https:\/\/www.paul-stephens.com\/\" target=\"_blank\" rel=\"noopener noreferrer\">Por\u00adsche-Spe\u00adzia\u00adlist Paul Ste\u00adphens<\/a>, der im Gegen\u00adsatz zu uns Nor\u00admal\u00adsterb\u00adli\u00adchen, zum Gl\u00fcck auch \u00fcber das not\u00adwen\u00addi\u00adge Know-how und die pas\u00adsen\u00adde Werk\u00adstatt verf\u00fcgt.<\/p>\n\n\n\n<p>Als Basis f\u00fcr diesen Umbau diente Ihm ein Por\u00adsche Targa 3.2 von 1989, der im Laufe der Zeit um sein Dach, seine Wind\u00adschutz\u00adschei\u00adbe und ins\u00adge\u00adsamt 350 Kilo\u00adgramm Gewicht erleich\u00adtert worden ist. Damit diese nun dach\u00adlo\u00adse und fra\u00adgi\u00adle Kon\u00adstruk\u00adti\u00adon auch \u00fcber die not\u00adwen\u00addi\u00adge Sta\u00adbi\u00adli\u00adt\u00e4t ver\u00adf\u00fcgt, wurde im und unterm Fahr\u00adzeug circa 50 Kilo\u00adgramm an Ver\u00adst\u00e4r\u00adkun\u00adgen aus Stahl\u00adrohr und \u2013Blech verbaut.<\/p>\n\n\n\n<p>Sobald der Fahrer durch die exklu\u00adsi\u00adven Alu\u00admi\u00adni\u00adum-T\u00fcren ein\u00adge\u00adstie\u00adgen ist und erst einmal auf den roten Leder\u00adsit\u00adzen Platz genom\u00admen hat, f\u00e4llt der Blick sofort auf die typi\u00adsche Uhren\u00adsamm\u00adlung \u201eMade in Stutt\u00adgart\u201c. Selbst\u00adver\u00adst\u00e4nd\u00adlich auch hier mit einem mittig ange\u00adord\u00adne\u00adten Dreh\u00adzahl\u00admes\u00adser, wel\u00adcher f\u00fcr den echten Motor\u00adsport\u00adler stets das wich\u00adtigs\u00adte Instru\u00adment \u00fcber\u00adhaupt darstellt.<\/p>\n\n\n\n<p>Als Wind\u00adschutz\u00adschei\u00adbe dient nun ein schma\u00adler Strei\u00adfen aus Ple\u00adxi\u00adglas, wel\u00adcher kaum Schutz vor den Ele\u00admen\u00adten bietet. Ein Gl\u00fcck, dass man in diesem Spyder wesent\u00adlich tiefer als in einem ori\u00adgi\u00adna\u00adlen 911 sitzt. Platz nimmt man als Fahrer in diesem Fahr\u00adzeug \u00fcbri\u00adgens auf der rech\u00adten Seite, da dieses Fahr\u00adzeug in Eng\u00adland gebaut worden ist. Das macht aber \u00fcber\u00adhaupt nichts, denn sobald man das Lenk\u00adrad in der Hand hat, m\u00f6chte man nur noch den Star\u00adter\u00adknopf aus Alu\u00admi\u00adni\u00adum dr\u00fc\u00adcken und den 250 Pferd\u00adchen die Sporen geben&nbsp;;-)<\/p>\n\n\n\n<p>F\u00fcr all jene, bei denen ich mit diesem Arti\u00adkel und den dazu\u00adge\u00adh\u00f6\u00adri\u00adgen Fotos jetzt Kauf\u00adge\u00adl\u00fcs\u00adte geweckt habe, gibt es eine gro\u00dfe \u00dcber\u00adra\u00adschung: dieser PS Spyder steht \u2013 Stand August 2018 \u2013 <a href=\"https:\/\/mo-vendi.de\/en\/cars\/694-ps-spyder\/\" target=\"_blank\" rel=\"noopener noreferrer\">zum Ver\u00adkauf<\/a>.<\/p>\n\n\n\n<p>Bei Inter\u00ades\u00adse wendet Euch doch bitte an <a href=\"https:\/\/mo-vendi.de\/en\/team\/\" target=\"_blank\" rel=\"noopener noreferrer\">Herrn Bern\u00adhard Kerkloh<\/a> von der <a href=\"https:\/\/mo-vendi.de\/\" target=\"_blank\" rel=\"noopener noreferrer\">Firma Moven\u00addi<\/a>, welche ihren Sitz in D\u00fcs\u00adsel\u00addorf&nbsp;hat.<\/p>\n\n\n\n<figure class=\"wp-block-gallery columns-3 is-cropped wp-block-gallery-2 is-layout-flex wp-block-gallery-is-layout-flex\"><ul class=\"blocks-gallery-grid\"><li class=\"blocks-gallery-item\"><figure><a href=\"https:\/\/www.maicschulte.de\/wordpress\/wp-content\/uploads\/2018\/08\/Porsche-Spyder-09.jpg\" data-rel=\"lightbox-gallery-0\" data-rl_title data-rl_caption title><img loading=\"lazy\" decoding=\"async\" width=\"1200\" height=\"687\" src=\"https:\/\/www.maicschulte.de\/wordpress\/wp-content\/uploads\/2018\/08\/Porsche-Spyder-09.jpg\" alt data-id=\"8062\" class=\"wp-image-8062\" srcset=\"https:\/\/www.maicschulte.de\/wordpress\/wp-content\/uploads\/2018\/08\/Porsche-Spyder-09.jpg 1200w, https:\/\/www.maicschulte.de\/wordpress\/wp-content\/uploads\/2018\/08\/Porsche-Spyder-09-300x172.jpg 300w, https:\/\/www.maicschulte.de\/wordpress\/wp-content\/uploads\/2018\/08\/Porsche-Spyder-09-768x440.jpg 768w, https:\/\/www.maicschulte.de\/wordpress\/wp-content\/uploads\/2018\/08\/Porsche-Spyder-09-840x481.jpg 840w, https:\/\/www.maicschulte.de\/wordpress\/wp-content\/uploads\/2018\/08\/Porsche-Spyder-09-600x344.jpg 600w\" sizes=\"auto, (max-width: 1200px) 100vw, 1200px\"><\/a><\/figure><\/li><li class=\"blocks-gallery-item\"><figure><a href=\"https:\/\/www.maicschulte.de\/wordpress\/wp-content\/uploads\/2018\/08\/Porsche-Spyder-08.jpg\" data-rel=\"lightbox-gallery-0\" data-rl_title data-rl_caption title><img loading=\"lazy\" decoding=\"async\" width=\"1200\" height=\"610\" src=\"https:\/\/www.maicschulte.de\/wordpress\/wp-content\/uploads\/2018\/08\/Porsche-Spyder-08.jpg\" alt data-id=\"8061\" class=\"wp-image-8061\" srcset=\"https:\/\/www.maicschulte.de\/wordpress\/wp-content\/uploads\/2018\/08\/Porsche-Spyder-08.jpg 1200w, https:\/\/www.maicschulte.de\/wordpress\/wp-content\/uploads\/2018\/08\/Porsche-Spyder-08-300x153.jpg 300w, https:\/\/www.maicschulte.de\/wordpress\/wp-content\/uploads\/2018\/08\/Porsche-Spyder-08-768x390.jpg 768w, https:\/\/www.maicschulte.de\/wordpress\/wp-content\/uploads\/2018\/08\/Porsche-Spyder-08-840x427.jpg 840w, https:\/\/www.maicschulte.de\/wordpress\/wp-content\/uploads\/2018\/08\/Porsche-Spyder-08-600x305.jpg 600w\" sizes=\"auto, (max-width: 1200px) 100vw, 1200px\"><\/a><\/figure><\/li><li class=\"blocks-gallery-item\"><figure><a href=\"https:\/\/www.maicschulte.de\/wordpress\/wp-content\/uploads\/2018\/08\/Porsche-Spyder-07.jpg\" data-rel=\"lightbox-gallery-0\" data-rl_title data-rl_caption title><img loading=\"lazy\" decoding=\"async\" width=\"1200\" height=\"678\" src=\"https:\/\/www.maicschulte.de\/wordpress\/wp-content\/uploads\/2018\/08\/Porsche-Spyder-07.jpg\" alt data-id=\"8060\" class=\"wp-image-8060\" srcset=\"https:\/\/www.maicschulte.de\/wordpress\/wp-content\/uploads\/2018\/08\/Porsche-Spyder-07.jpg 1200w, https:\/\/www.maicschulte.de\/wordpress\/wp-content\/uploads\/2018\/08\/Porsche-Spyder-07-300x170.jpg 300w, https:\/\/www.maicschulte.de\/wordpress\/wp-content\/uploads\/2018\/08\/Porsche-Spyder-07-768x434.jpg 768w, https:\/\/www.maicschulte.de\/wordpress\/wp-content\/uploads\/2018\/08\/Porsche-Spyder-07-840x475.jpg 840w, https:\/\/www.maicschulte.de\/wordpress\/wp-content\/uploads\/2018\/08\/Porsche-Spyder-07-600x339.jpg 600w\" sizes=\"auto, (max-width: 1200px) 100vw, 1200px\"><\/a><\/figure><\/li><li class=\"blocks-gallery-item\"><figure><a href=\"https:\/\/www.maicschulte.de\/wordpress\/wp-content\/uploads\/2018\/08\/Porsche-Spyder-06.jpg\" data-rel=\"lightbox-gallery-0\" data-rl_title data-rl_caption title><img loading=\"lazy\" decoding=\"async\" width=\"1200\" height=\"760\" src=\"https:\/\/www.maicschulte.de\/wordpress\/wp-content\/uploads\/2018\/08\/Porsche-Spyder-06.jpg\" alt data-id=\"8059\" class=\"wp-image-8059\" srcset=\"https:\/\/www.maicschulte.de\/wordpress\/wp-content\/uploads\/2018\/08\/Porsche-Spyder-06.jpg 1200w, https:\/\/www.maicschulte.de\/wordpress\/wp-content\/uploads\/2018\/08\/Porsche-Spyder-06-300x190.jpg 300w, https:\/\/www.maicschulte.de\/wordpress\/wp-content\/uploads\/2018\/08\/Porsche-Spyder-06-768x486.jpg 768w, https:\/\/www.maicschulte.de\/wordpress\/wp-content\/uploads\/2018\/08\/Porsche-Spyder-06-829x525.jpg 829w, https:\/\/www.maicschulte.de\/wordpress\/wp-content\/uploads\/2018\/08\/Porsche-Spyder-06-592x375.jpg 592w\" sizes=\"auto, (max-width: 1200px) 100vw, 1200px\"><\/a><\/figure><\/li><li class=\"blocks-gallery-item\"><figure><a href=\"https:\/\/www.maicschulte.de\/wordpress\/wp-content\/uploads\/2018\/08\/Porsche-Spyder-05.jpg\" data-rel=\"lightbox-gallery-0\" data-rl_title data-rl_caption title><img loading=\"lazy\" decoding=\"async\" width=\"1200\" height=\"760\" src=\"https:\/\/www.maicschulte.de\/wordpress\/wp-content\/uploads\/2018\/08\/Porsche-Spyder-05.jpg\" alt data-id=\"8058\" class=\"wp-image-8058\" srcset=\"https:\/\/www.maicschulte.de\/wordpress\/wp-content\/uploads\/2018\/08\/Porsche-Spyder-05.jpg 1200w, https:\/\/www.maicschulte.de\/wordpress\/wp-content\/uploads\/2018\/08\/Porsche-Spyder-05-300x190.jpg 300w, https:\/\/www.maicschulte.de\/wordpress\/wp-content\/uploads\/2018\/08\/Porsche-Spyder-05-768x486.jpg 768w, https:\/\/www.maicschulte.de\/wordpress\/wp-content\/uploads\/2018\/08\/Porsche-Spyder-05-829x525.jpg 829w, https:\/\/www.maicschulte.de\/wordpress\/wp-content\/uploads\/2018\/08\/Porsche-Spyder-05-592x375.jpg 592w\" sizes=\"auto, (max-width: 1200px) 100vw, 1200px\"><\/a><\/figure><\/li><li class=\"blocks-gallery-item\"><figure><a href=\"https:\/\/www.maicschulte.de\/wordpress\/wp-content\/uploads\/2018\/08\/Porsche-Spyder-04.jpg\" data-rel=\"lightbox-gallery-0\" data-rl_title data-rl_caption title><img loading=\"lazy\" decoding=\"async\" width=\"1200\" height=\"743\" src=\"https:\/\/www.maicschulte.de\/wordpress\/wp-content\/uploads\/2018\/08\/Porsche-Spyder-04.jpg\" alt data-id=\"8057\" class=\"wp-image-8057\" srcset=\"https:\/\/www.maicschulte.de\/wordpress\/wp-content\/uploads\/2018\/08\/Porsche-Spyder-04.jpg 1200w, https:\/\/www.maicschulte.de\/wordpress\/wp-content\/uploads\/2018\/08\/Porsche-Spyder-04-300x186.jpg 300w, https:\/\/www.maicschulte.de\/wordpress\/wp-content\/uploads\/2018\/08\/Porsche-Spyder-04-768x476.jpg 768w, https:\/\/www.maicschulte.de\/wordpress\/wp-content\/uploads\/2018\/08\/Porsche-Spyder-04-840x520.jpg 840w, https:\/\/www.maicschulte.de\/wordpress\/wp-content\/uploads\/2018\/08\/Porsche-Spyder-04-600x372.jpg 600w\" sizes=\"auto, (max-width: 1200px) 100vw, 1200px\"><\/a><\/figure><\/li><li class=\"blocks-gallery-item\"><figure><a href=\"https:\/\/www.maicschulte.de\/wordpress\/wp-content\/uploads\/2018\/08\/Porsche-Spyder-03.jpg\" data-rel=\"lightbox-gallery-0\" data-rl_title data-rl_caption title><img loading=\"lazy\" decoding=\"async\" width=\"1200\" height=\"639\" src=\"https:\/\/www.maicschulte.de\/wordpress\/wp-content\/uploads\/2018\/08\/Porsche-Spyder-03.jpg\" alt data-id=\"8056\" class=\"wp-image-8056\" srcset=\"https:\/\/www.maicschulte.de\/wordpress\/wp-content\/uploads\/2018\/08\/Porsche-Spyder-03.jpg 1200w, https:\/\/www.maicschulte.de\/wordpress\/wp-content\/uploads\/2018\/08\/Porsche-Spyder-03-300x160.jpg 300w, https:\/\/www.maicschulte.de\/wordpress\/wp-content\/uploads\/2018\/08\/Porsche-Spyder-03-768x409.jpg 768w, https:\/\/www.maicschulte.de\/wordpress\/wp-content\/uploads\/2018\/08\/Porsche-Spyder-03-840x447.jpg 840w, https:\/\/www.maicschulte.de\/wordpress\/wp-content\/uploads\/2018\/08\/Porsche-Spyder-03-600x320.jpg 600w\" sizes=\"auto, (max-width: 1200px) 100vw, 1200px\"><\/a><\/figure><\/li><li class=\"blocks-gallery-item\"><figure><a href=\"https:\/\/www.maicschulte.de\/wordpress\/wp-content\/uploads\/2018\/08\/Porsche-Spyder-02.jpg\" data-rel=\"lightbox-gallery-0\" data-rl_title data-rl_caption title><img loading=\"lazy\" decoding=\"async\" width=\"1200\" height=\"632\" src=\"https:\/\/www.maicschulte.de\/wordpress\/wp-content\/uploads\/2018\/08\/Porsche-Spyder-02.jpg\" alt data-id=\"8055\" class=\"wp-image-8055\" srcset=\"https:\/\/www.maicschulte.de\/wordpress\/wp-content\/uploads\/2018\/08\/Porsche-Spyder-02.jpg 1200w, https:\/\/www.maicschulte.de\/wordpress\/wp-content\/uploads\/2018\/08\/Porsche-Spyder-02-300x158.jpg 300w, https:\/\/www.maicschulte.de\/wordpress\/wp-content\/uploads\/2018\/08\/Porsche-Spyder-02-768x404.jpg 768w, https:\/\/www.maicschulte.de\/wordpress\/wp-content\/uploads\/2018\/08\/Porsche-Spyder-02-840x442.jpg 840w, https:\/\/www.maicschulte.de\/wordpress\/wp-content\/uploads\/2018\/08\/Porsche-Spyder-02-600x316.jpg 600w\" sizes=\"auto, (max-width: 1200px) 100vw, 1200px\"><\/a><\/figure><\/li><li class=\"blocks-gallery-item\"><figure><a href=\"https:\/\/www.maicschulte.de\/wordpress\/wp-content\/uploads\/2018\/08\/Porsche-Spyder-01.jpg\" data-rel=\"lightbox-gallery-0\" data-rl_title data-rl_caption title><img loading=\"lazy\" decoding=\"async\" width=\"1200\" height=\"619\" src=\"https:\/\/www.maicschulte.de\/wordpress\/wp-content\/uploads\/2018\/08\/Porsche-Spyder-01.jpg\" alt data-id=\"8054\" class=\"wp-image-8054\" srcset=\"https:\/\/www.maicschulte.de\/wordpress\/wp-content\/uploads\/2018\/08\/Porsche-Spyder-01.jpg 1200w, https:\/\/www.maicschulte.de\/wordpress\/wp-content\/uploads\/2018\/08\/Porsche-Spyder-01-300x155.jpg 300w, https:\/\/www.maicschulte.de\/wordpress\/wp-content\/uploads\/2018\/08\/Porsche-Spyder-01-768x396.jpg 768w, https:\/\/www.maicschulte.de\/wordpress\/wp-content\/uploads\/2018\/08\/Porsche-Spyder-01-840x433.jpg 840w, https:\/\/www.maicschulte.de\/wordpress\/wp-content\/uploads\/2018\/08\/Porsche-Spyder-01-600x310.jpg 600w\" sizes=\"auto, (max-width: 1200px) 100vw, 1200px\"><\/a><\/figure><\/li><\/ul><\/figure>\n","protected":false},"excerpt":{"rendered":"<p>F\u00e4llt in einem Gespr\u00e4ch der Begriff \u201ePor\u00adsche 550\u201c, dann bekom\u00admen die Lieb\u00adha\u00adber der gleich\u00adna\u00admi\u00adgen Marke sofort schwit\u00adzi\u00adge H\u00e4nde und Herz\u00adra\u00adsen. Gut ver\u00adst\u00e4nd\u00adlich! Ist dieses Fahr\u00adzeug doch Emo\u00adti\u00adon pur. Nur der Hauch einer Wind\u00adschutz\u00adschei\u00adbe, Tie\u00adfer\u00adle\u00adgung, Renn-Optik, gerin\u00adges Gewicht, aus\u00adrei\u00adchend Leis\u00adtung, ein kna\u00adcki\u00adges Getrie\u00adbe und eine super\u00addi\u00adrek\u00adte Len\u00adkung. Lauter Attri\u00adbu\u00adte, die aus einem Sport\u00adwa\u00adgen eine Legen\u00adde machen k\u00f6nnen.<\/p>\n","protected":false},"author":1,"featured_media":8058,"comment_status":"open","ping_status":"open","sticky":false,"template":"","format":"standard","meta":{"wp_typography_post_enhancements_disabled":false,"footnotes":""},"categories":[721,1279],"tags":[839,184,840,719,841,720,842,843,844],"class_list":["post-8051","post","type-post","status-publish","format-standard","has-post-thumbnail","hentry","category-automobiles","category-chronologisch","tag-839","tag-dusseldorf","tag-handcraft","tag-movendi","tag-paul-stephens","tag-porsche","tag-spyder","tag-targa","tag-umbau"],"yoast_head":"<!-- This site is optimized with the Yoast SEO plugin v27.5 - https:\/\/yoast.com\/product\/yoast-seo-wordpress\/ -->\n<title>&quot;Spyder&quot; - Maic Schulte<\/title>\n<meta name=\"description\" content=\"&quot;Spyder&quot; - Automobiles - Maic Schulte - Fotografie - Ruhrgebiet - Industrie - Portrait - Events - Autos - Rockabilly - Kunst - Schwarzwei\u00df\" \/>\n<meta name=\"robots\" content=\"index, follow, max-snippet:-1, max-image-preview:large, max-video-preview:-1\" \/>\n<link rel=\"canonical\" href=\"https:\/\/www.maicschulte.de\/wordpress\/?p=8051\" \/>\n<meta property=\"og:locale\" content=\"de_DE\" \/>\n<meta property=\"og:type\" content=\"article\" \/>\n<meta property=\"og:title\" content=\"&quot;Spyder&quot; - Maic Schulte\" \/>\n<meta property=\"og:description\" content=\"&quot;Spyder&quot; - Automobiles - Maic Schulte - Fotografie - Ruhrgebiet - Industrie - Portrait - Events - Autos - Rockabilly - Kunst - Schwarzwei\u00df\" \/>\n<meta property=\"og:url\" content=\"https:\/\/www.maicschulte.de\/wordpress\/?p=8051\" \/>\n<meta property=\"og:site_name\" content=\"Maic Schulte\" \/>\n<meta property=\"article:published_time\" content=\"2018-08-22T12:14:21+00:00\" \/>\n<meta property=\"article:modified_time\" content=\"2021-01-16T18:19:52+00:00\" \/>\n<meta property=\"og:image\" content=\"https:\/\/www.maicschulte.de\/wordpress\/wp-content\/uploads\/2018\/08\/Porsche-Spyder-05.jpg\" \/>\n\t<meta property=\"og:image:width\" content=\"1200\" \/>\n\t<meta property=\"og:image:height\" content=\"760\" \/>\n\t<meta property=\"og:image:type\" content=\"image\/jpeg\" \/>\n<meta name=\"author\" content=\"Maic Schulte\" \/>\n<script type=\"application\/ld+json\" class=\"yoast-schema-graph\">{\"@context\":\"https:\\\/\\\/schema.org\",\"@graph\":[{\"@type\":\"Article\",\"@id\":\"https:\\\/\\\/www.maicschulte.de\\\/wordpress\\\/?p=8051#article\",\"isPartOf\":{\"@id\":\"https:\\\/\\\/www.maicschulte.de\\\/wordpress\\\/?p=8051\"},\"author\":{\"name\":\"Maic Schulte\",\"@id\":\"https:\\\/\\\/www.maicschulte.de\\\/wordpress\\\/#\\\/schema\\\/person\\\/809698f1c7b1655959515001723d716e\"},\"headline\":\"\u201cSpyder\u201d\",\"datePublished\":\"2018-08-22T12:14:21+00:00\",\"dateModified\":\"2021-01-16T18:19:52+00:00\",\"mainEntityOfPage\":{\"@id\":\"https:\\\/\\\/www.maicschulte.de\\\/wordpress\\\/?p=8051\"},\"wordCount\":390,\"commentCount\":2,\"publisher\":{\"@id\":\"https:\\\/\\\/www.maicschulte.de\\\/wordpress\\\/#\\\/schema\\\/person\\\/809698f1c7b1655959515001723d716e\"},\"image\":{\"@id\":\"https:\\\/\\\/www.maicschulte.de\\\/wordpress\\\/?p=8051#primaryimage\"},\"thumbnailUrl\":\"https:\\\/\\\/www.maicschulte.de\\\/wordpress\\\/wp-content\\\/uploads\\\/2018\\\/08\\\/Porsche-Spyder-05.jpg\",\"keywords\":[\"911\",\"D\u00fcsseldorf\",\"Handcraft\",\"Movendi\",\"Paul Stephens\",\"Porsche\",\"Spyder\",\"Targa\",\"Umbau\"],\"articleSection\":[\"Automobiles\",\"Chronologisch\"],\"inLanguage\":\"de\",\"potentialAction\":[{\"@type\":\"CommentAction\",\"name\":\"Comment\",\"target\":[\"https:\\\/\\\/www.maicschulte.de\\\/wordpress\\\/?p=8051#respond\"]}]},{\"@type\":\"WebPage\",\"@id\":\"https:\\\/\\\/www.maicschulte.de\\\/wordpress\\\/?p=8051\",\"url\":\"https:\\\/\\\/www.maicschulte.de\\\/wordpress\\\/?p=8051\",\"name\":\"\\\"Spyder\\\" - Maic Schulte\",\"isPartOf\":{\"@id\":\"https:\\\/\\\/www.maicschulte.de\\\/wordpress\\\/#website\"},\"primaryImageOfPage\":{\"@id\":\"https:\\\/\\\/www.maicschulte.de\\\/wordpress\\\/?p=8051#primaryimage\"},\"image\":{\"@id\":\"https:\\\/\\\/www.maicschulte.de\\\/wordpress\\\/?p=8051#primaryimage\"},\"thumbnailUrl\":\"https:\\\/\\\/www.maicschulte.de\\\/wordpress\\\/wp-content\\\/uploads\\\/2018\\\/08\\\/Porsche-Spyder-05.jpg\",\"datePublished\":\"2018-08-22T12:14:21+00:00\",\"dateModified\":\"2021-01-16T18:19:52+00:00\",\"description\":\"\\\"Spyder\\\" - Automobiles - Maic Schulte - Fotografie - Ruhrgebiet - Industrie - Portrait - Events - Autos - Rockabilly - Kunst - Schwarzwei\u00df\",\"breadcrumb\":{\"@id\":\"https:\\\/\\\/www.maicschulte.de\\\/wordpress\\\/?p=8051#breadcrumb\"},\"inLanguage\":\"de\",\"potentialAction\":[{\"@type\":\"ReadAction\",\"target\":[\"https:\\\/\\\/www.maicschulte.de\\\/wordpress\\\/?p=8051\"]}]},{\"@type\":\"ImageObject\",\"inLanguage\":\"de\",\"@id\":\"https:\\\/\\\/www.maicschulte.de\\\/wordpress\\\/?p=8051#primaryimage\",\"url\":\"https:\\\/\\\/www.maicschulte.de\\\/wordpress\\\/wp-content\\\/uploads\\\/2018\\\/08\\\/Porsche-Spyder-05.jpg\",\"contentUrl\":\"https:\\\/\\\/www.maicschulte.de\\\/wordpress\\\/wp-content\\\/uploads\\\/2018\\\/08\\\/Porsche-Spyder-05.jpg\",\"width\":1200,\"height\":760},{\"@type\":\"BreadcrumbList\",\"@id\":\"https:\\\/\\\/www.maicschulte.de\\\/wordpress\\\/?p=8051#breadcrumb\",\"itemListElement\":[{\"@type\":\"ListItem\",\"position\":1,\"name\":\"Startseite\",\"item\":\"https:\\\/\\\/www.maicschulte.de\\\/wordpress\"},{\"@type\":\"ListItem\",\"position\":2,\"name\":\"\u201cSpyder\u201d\"}]},{\"@type\":\"WebSite\",\"@id\":\"https:\\\/\\\/www.maicschulte.de\\\/wordpress\\\/#website\",\"url\":\"https:\\\/\\\/www.maicschulte.de\\\/wordpress\\\/\",\"name\":\"Maic Schulte\",\"description\":\"Fotografie aus Leidenschaft\",\"publisher\":{\"@id\":\"https:\\\/\\\/www.maicschulte.de\\\/wordpress\\\/#\\\/schema\\\/person\\\/809698f1c7b1655959515001723d716e\"},\"potentialAction\":[{\"@type\":\"SearchAction\",\"target\":{\"@type\":\"EntryPoint\",\"urlTemplate\":\"https:\\\/\\\/www.maicschulte.de\\\/wordpress\\\/?s={search_term_string}\"},\"query-input\":{\"@type\":\"PropertyValueSpecification\",\"valueRequired\":true,\"valueName\":\"search_term_string\"}}],\"inLanguage\":\"de\"},{\"@type\":[\"Person\",\"Organization\"],\"@id\":\"https:\\\/\\\/www.maicschulte.de\\\/wordpress\\\/#\\\/schema\\\/person\\\/809698f1c7b1655959515001723d716e\",\"name\":\"Maic Schulte\",\"image\":{\"@type\":\"ImageObject\",\"inLanguage\":\"de\",\"@id\":\"https:\\\/\\\/www.maicschulte.de\\\/wordpress\\\/wp-content\\\/uploads\\\/2025\\\/05\\\/Chronus_Maic_Schulte_Logo_605px-3.png\",\"url\":\"https:\\\/\\\/www.maicschulte.de\\\/wordpress\\\/wp-content\\\/uploads\\\/2025\\\/05\\\/Chronus_Maic_Schulte_Logo_605px-3.png\",\"contentUrl\":\"https:\\\/\\\/www.maicschulte.de\\\/wordpress\\\/wp-content\\\/uploads\\\/2025\\\/05\\\/Chronus_Maic_Schulte_Logo_605px-3.png\",\"width\":605,\"height\":200,\"caption\":\"Maic Schulte\"},\"logo\":{\"@id\":\"https:\\\/\\\/www.maicschulte.de\\\/wordpress\\\/wp-content\\\/uploads\\\/2025\\\/05\\\/Chronus_Maic_Schulte_Logo_605px-3.png\"},\"description\":\"Seit dem Tag, an dem mein Vater mich mit einer Kamera, einem Objektiv und zwei Illford-Schwarzwei\u00df-Filmen auf Entdeckungs-Tour geschickt hat, begleitet mich das Thema \\\"Fotografie\\\". Basierend auf WordPress, stellt diese Webseite - jetzt und in der Zukunft - eine Heimat f\u00fcr all meine Artikel und Fotos dar, welche wiederum aus allen Themenbereichen der klassischen &amp; modernen Fotografie kommen. Sei es nun die Fotografie in Schwarz-Wei\u00df; die Erkundung ehemaliger Industriegel\u00e4nde, welche f\u00fcr mich am ehesten \u201eDas Herz des Reviers\u201c widerspiegeln; ausdrucksstarke Portraits oder farbenfrohe Naturaufnahmen. Ganz egal! Es gelingt einfach jedem fotografischen Thema, meine Neugierde darauf zu erwecken. Dar\u00fcber hinaus habe ich aber auch ein ger\u00fctteltes Ma\u00df an Benzin im Blut und mag Autos &amp; Motorr\u00e4der, ganz egal ob nun neu, alt, aufgemotzt oder vollkommen original. Du siehst, die Auswahl an Artikeln &amp; Fotos ist also genauso breit gef\u00e4chert wie meine fotografischen Interessen.\",\"sameAs\":[\"https:\\\/\\\/www.maicschulte.de\"]}]}<\/script>\n<!-- \/ Yoast SEO plugin. -->","yoast_head_json":{"title":"\"Spyder\" - Maic Schulte","description":"\"Spyder\" - Automobiles - Maic Schulte - Fotografie - Ruhrgebiet - Industrie - Portrait - Events - Autos - Rockabilly - Kunst - Schwarzwei\u00df","robots":{"index":"index","follow":"follow","max-snippet":"max-snippet:-1","max-image-preview":"max-image-preview:large","max-video-preview":"max-video-preview:-1"},"canonical":"https:\/\/www.maicschulte.de\/wordpress\/?p=8051","og_locale":"de_DE","og_type":"article","og_title":"\"Spyder\" - Maic Schulte","og_description":"\"Spyder\" - Automobiles - Maic Schulte - Fotografie - Ruhrgebiet - Industrie - Portrait - Events - Autos - Rockabilly - Kunst - Schwarzwei\u00df","og_url":"https:\/\/www.maicschulte.de\/wordpress\/?p=8051","og_site_name":"Maic Schulte","article_published_time":"2018-08-22T12:14:21+00:00","article_modified_time":"2021-01-16T18:19:52+00:00","og_image":[{"width":1200,"height":760,"url":"https:\/\/www.maicschulte.de\/wordpress\/wp-content\/uploads\/2018\/08\/Porsche-Spyder-05.jpg","type":"image\/jpeg"}],"author":"Maic Schulte","schema":{"@context":"https:\/\/schema.org","@graph":[{"@type":"Article","@id":"https:\/\/www.maicschulte.de\/wordpress\/?p=8051#article","isPartOf":{"@id":"https:\/\/www.maicschulte.de\/wordpress\/?p=8051"},"author":{"name":"Maic Schulte","@id":"https:\/\/www.maicschulte.de\/wordpress\/#\/schema\/person\/809698f1c7b1655959515001723d716e"},"headline":"\u201cSpyder\u201d","datePublished":"2018-08-22T12:14:21+00:00","dateModified":"2021-01-16T18:19:52+00:00","mainEntityOfPage":{"@id":"https:\/\/www.maicschulte.de\/wordpress\/?p=8051"},"wordCount":390,"commentCount":2,"publisher":{"@id":"https:\/\/www.maicschulte.de\/wordpress\/#\/schema\/person\/809698f1c7b1655959515001723d716e"},"image":{"@id":"https:\/\/www.maicschulte.de\/wordpress\/?p=8051#primaryimage"},"thumbnailUrl":"https:\/\/www.maicschulte.de\/wordpress\/wp-content\/uploads\/2018\/08\/Porsche-Spyder-05.jpg","keywords":["911","D\u00fcsseldorf","Handcraft","Movendi","Paul Stephens","Porsche","Spyder","Targa","Umbau"],"articleSection":["Automobiles","Chronologisch"],"inLanguage":"de","potentialAction":[{"@type":"CommentAction","name":"Comment","target":["https:\/\/www.maicschulte.de\/wordpress\/?p=8051#respond"]}]},{"@type":"WebPage","@id":"https:\/\/www.maicschulte.de\/wordpress\/?p=8051","url":"https:\/\/www.maicschulte.de\/wordpress\/?p=8051","name":"\"Spyder\" - Maic Schulte","isPartOf":{"@id":"https:\/\/www.maicschulte.de\/wordpress\/#website"},"primaryImageOfPage":{"@id":"https:\/\/www.maicschulte.de\/wordpress\/?p=8051#primaryimage"},"image":{"@id":"https:\/\/www.maicschulte.de\/wordpress\/?p=8051#primaryimage"},"thumbnailUrl":"https:\/\/www.maicschulte.de\/wordpress\/wp-content\/uploads\/2018\/08\/Porsche-Spyder-05.jpg","datePublished":"2018-08-22T12:14:21+00:00","dateModified":"2021-01-16T18:19:52+00:00","description":"\"Spyder\" - Automobiles - Maic Schulte - Fotografie - Ruhrgebiet - Industrie - Portrait - Events - Autos - Rockabilly - Kunst - Schwarzwei\u00df","breadcrumb":{"@id":"https:\/\/www.maicschulte.de\/wordpress\/?p=8051#breadcrumb"},"inLanguage":"de","potentialAction":[{"@type":"ReadAction","target":["https:\/\/www.maicschulte.de\/wordpress\/?p=8051"]}]},{"@type":"ImageObject","inLanguage":"de","@id":"https:\/\/www.maicschulte.de\/wordpress\/?p=8051#primaryimage","url":"https:\/\/www.maicschulte.de\/wordpress\/wp-content\/uploads\/2018\/08\/Porsche-Spyder-05.jpg","contentUrl":"https:\/\/www.maicschulte.de\/wordpress\/wp-content\/uploads\/2018\/08\/Porsche-Spyder-05.jpg","width":1200,"height":760},{"@type":"BreadcrumbList","@id":"https:\/\/www.maicschulte.de\/wordpress\/?p=8051#breadcrumb","itemListElement":[{"@type":"ListItem","position":1,"name":"Startseite","item":"https:\/\/www.maicschulte.de\/wordpress"},{"@type":"ListItem","position":2,"name":"\u201cSpyder\u201d"}]},{"@type":"WebSite","@id":"https:\/\/www.maicschulte.de\/wordpress\/#website","url":"https:\/\/www.maicschulte.de\/wordpress\/","name":"Maic Schulte","description":"Fotografie aus Leidenschaft","publisher":{"@id":"https:\/\/www.maicschulte.de\/wordpress\/#\/schema\/person\/809698f1c7b1655959515001723d716e"},"potentialAction":[{"@type":"SearchAction","target":{"@type":"EntryPoint","urlTemplate":"https:\/\/www.maicschulte.de\/wordpress\/?s={search_term_string}"},"query-input":{"@type":"PropertyValueSpecification","valueRequired":true,"valueName":"search_term_string"}}],"inLanguage":"de"},{"@type":["Person","Organization"],"@id":"https:\/\/www.maicschulte.de\/wordpress\/#\/schema\/person\/809698f1c7b1655959515001723d716e","name":"Maic Schulte","image":{"@type":"ImageObject","inLanguage":"de","@id":"https:\/\/www.maicschulte.de\/wordpress\/wp-content\/uploads\/2025\/05\/Chronus_Maic_Schulte_Logo_605px-3.png","url":"https:\/\/www.maicschulte.de\/wordpress\/wp-content\/uploads\/2025\/05\/Chronus_Maic_Schulte_Logo_605px-3.png","contentUrl":"https:\/\/www.maicschulte.de\/wordpress\/wp-content\/uploads\/2025\/05\/Chronus_Maic_Schulte_Logo_605px-3.png","width":605,"height":200,"caption":"Maic Schulte"},"logo":{"@id":"https:\/\/www.maicschulte.de\/wordpress\/wp-content\/uploads\/2025\/05\/Chronus_Maic_Schulte_Logo_605px-3.png"},"description":"Seit dem Tag, an dem mein Vater mich mit einer Kamera, einem Objektiv und zwei Illford-Schwarzwei\u00df-Filmen auf Entdeckungs-Tour geschickt hat, begleitet mich das Thema \"Fotografie\". Basierend auf WordPress, stellt diese Webseite - jetzt und in der Zukunft - eine Heimat f\u00fcr all meine Artikel und Fotos dar, welche wiederum aus allen Themenbereichen der klassischen &amp; modernen Fotografie kommen. Sei es nun die Fotografie in Schwarz-Wei\u00df; die Erkundung ehemaliger Industriegel\u00e4nde, welche f\u00fcr mich am ehesten \u201eDas Herz des Reviers\u201c widerspiegeln; ausdrucksstarke Portraits oder farbenfrohe Naturaufnahmen. Ganz egal! Es gelingt einfach jedem fotografischen Thema, meine Neugierde darauf zu erwecken. Dar\u00fcber hinaus habe ich aber auch ein ger\u00fctteltes Ma\u00df an Benzin im Blut und mag Autos &amp; Motorr\u00e4der, ganz egal ob nun neu, alt, aufgemotzt oder vollkommen original. Du siehst, die Auswahl an Artikeln &amp; Fotos ist also genauso breit gef\u00e4chert wie meine fotografischen Interessen.","sameAs":["https:\/\/www.maicschulte.de"]}]}},"_links":{"self":[{"href":"https:\/\/www.maicschulte.de\/wordpress\/index.php?rest_route=\/wp\/v2\/posts\/8051","targetHints":{"allow":["GET"]}}],"collection":[{"href":"https:\/\/www.maicschulte.de\/wordpress\/index.php?rest_route=\/wp\/v2\/posts"}],"about":[{"href":"https:\/\/www.maicschulte.de\/wordpress\/index.php?rest_route=\/wp\/v2\/types\/post"}],"author":[{"embeddable":true,"href":"https:\/\/www.maicschulte.de\/wordpress\/index.php?rest_route=\/wp\/v2\/users\/1"}],"replies":[{"embeddable":true,"href":"https:\/\/www.maicschulte.de\/wordpress\/index.php?rest_route=%2Fwp%2Fv2%2Fcomments&post=8051"}],"version-history":[{"count":2,"href":"https:\/\/www.maicschulte.de\/wordpress\/index.php?rest_route=\/wp\/v2\/posts\/8051\/revisions"}],"predecessor-version":[{"id":11301,"href":"https:\/\/www.maicschulte.de\/wordpress\/index.php?rest_route=\/wp\/v2\/posts\/8051\/revisions\/11301"}],"wp:featuredmedia":[{"embeddable":true,"href":"https:\/\/www.maicschulte.de\/wordpress\/index.php?rest_route=\/wp\/v2\/media\/8058"}],"wp:attachment":[{"href":"https:\/\/www.maicschulte.de\/wordpress\/index.php?rest_route=%2Fwp%2Fv2%2Fmedia&parent=8051"}],"wp:term":[{"taxonomy":"category","embeddable":true,"href":"https:\/\/www.maicschulte.de\/wordpress\/index.php?rest_route=%2Fwp%2Fv2%2Fcategories&post=8051"},{"taxonomy":"post_tag","embeddable":true,"href":"https:\/\/www.maicschulte.de\/wordpress\/index.php?rest_route=%2Fwp%2Fv2%2Ftags&post=8051"}],"curies":[{"name":"wp","href":"https:\/\/api.w.org\/{rel}","templated":true}]}}