{"id":9301,"date":"2019-09-23T22:32:50","date_gmt":"2019-09-23T21:32:50","guid":{"rendered":"https:\/\/www.1001cars.de\/wordpress\/?p=9301"},"modified":"2021-01-18T15:27:59","modified_gmt":"2021-01-18T14:27:59","slug":"editors-pick-10-schermbecker-oldtimertag","status":"publish","type":"post","link":"https:\/\/www.maicschulte.de\/wordpress\/?p=9301","title":{"rendered":"Editor\u2019s Pick \u2014 10. Schermbecker Oldtimertag"},"content":{"rendered":"\n<figure class=\"wp-block-image\"><a href=\"https:\/\/www.maicschulte.de\/wordpress\/wp-content\/uploads\/2019\/09\/Luehlerheim-Titelbild-1.jpg\" data-rel=\"lightbox-gallery-0\" data-rl_title data-rl_caption title><img loading=\"lazy\" decoding=\"async\" width=\"840\" height=\"457\" src=\"https:\/\/www.maicschulte.de\/wordpress\/wp-content\/uploads\/2019\/09\/Luehlerheim-Titelbild-1.jpg\" alt class=\"wp-image-9366\" srcset=\"https:\/\/www.maicschulte.de\/wordpress\/wp-content\/uploads\/2019\/09\/Luehlerheim-Titelbild-1.jpg 840w, https:\/\/www.maicschulte.de\/wordpress\/wp-content\/uploads\/2019\/09\/Luehlerheim-Titelbild-1-300x163.jpg 300w, https:\/\/www.maicschulte.de\/wordpress\/wp-content\/uploads\/2019\/09\/Luehlerheim-Titelbild-1-768x418.jpg 768w, https:\/\/www.maicschulte.de\/wordpress\/wp-content\/uploads\/2019\/09\/Luehlerheim-Titelbild-1-600x326.jpg 600w\" sizes=\"auto, (max-width: 840px) 100vw, 840px\"><\/a><\/figure>\n\n\n\n<p>Aloha.<\/p>\n\n\n\n<p>Bekann\u00adter\u00adma\u00ad\u00dfen melden viele Young- und Old\u00adti\u00admer\u00adfreun\u00adde ihre auto\u00admo\u00adbi\u00adlen Sch\u00e4t\u00adze nur mit einem Saison-Kenn\u00adzei\u00adchen an, damit diese die kalte Jah\u00adres\u00adzeit sicher ver\u00adwahrt und gut ein\u00adge\u00admot\u00adtet in der hei\u00admi\u00adschen Garage \u00fcber\u00addau\u00adern k\u00f6nnen. Da viele dieser Kenn\u00adzei\u00adchen im Okto\u00adber ablau\u00adfen, findet der Scherm\u00adbe\u00adcker Old\u00adti\u00admer\u00adtag genau zur rech\u00adten Zeit statt, n\u00e4m\u00adlich zumeist Ende September.<\/p>\n\n\n\n<!--more-->\n\n\n\n<p>Am ver\u00adgan\u00adge\u00adnen Sonn\u00adtag fand dann auch end\u00adlich die 10. Aus\u00adga\u00adbe dieser Ver\u00adan\u00adstal\u00adtung statt und Auto\u00admo\u00adbi\u00adlis\u00adten von nah und fern sind der Ein\u00adla\u00addung der <a rel=\"noreferrer noopener\" aria-label=\"Oldtimerfreunde Schermbeck (opens in a new tab)\" href=\"https:\/\/www.oldtimerfreunde-schermbeck.de\/\" target=\"_blank\">Old\u00adti\u00admer\u00adfreun\u00adde Scherm\u00adbeck<\/a> zahl\u00adreich gefolgt. Genau genom\u00admen haben sogar mehr als 1.200 his\u00adto\u00adri\u00adsche Fahr\u00adzeu\u00adge den Weg zur <a href=\"http:\/\/www.luehlerheim.de\/\" target=\"_blank\" rel=\"noreferrer noopener\" aria-label=\"Stiftung L\u00fchlerheim (opens in a new tab)\">Stif\u00adtung L\u00fch\u00adler\u00adheim<\/a> gefunden.<\/p>\n\n\n\n<p>Zus\u00e4tz\u00adlich zu dieser unglaub\u00adli\u00adchen Menge an Old- und\nYoung\u00adtimern, muss\u00adten die Zufahrts\u00adstra\u00ad\u00dfen auch noch den Ansturm von ein paar tau\u00adsend\nBesu\u00adcher-PKW ver\u00adkraf\u00adten. Es ist also nur wenig ver\u00adwun\u00adder\u00adlich, dass der Ver\u00adkehr stel\u00adlen\u00adwei\u00adse\nkom\u00adplett zum Erlie\u00adgen gekom\u00admen ist und sich die Fahr\u00adzeu\u00adge teil\u00adwei\u00adse bis zur\nAuto\u00adbahn A3 zur\u00fcck\u00adge\u00adstaut haben. Kurzum, diese Ver\u00adan\u00adstal\u00adtung war ein Rie\u00adsen\u00ader\u00adfolg,\nwas wohl nicht zuletzt auch dem abso\u00adlu\u00adten Kai\u00adser\u00adwet\u00adter zu ver\u00addan\u00adken gewe\u00adsen sein&nbsp;wird.<\/p>\n\n\n\n<p>Fotos sind an diesem Tag nat\u00fcr\u00adlich auch ent\u00adstan\u00adden. Viele Fotos. Sehr viele Fotos sogar. So viele, dass man diese prak\u00adtisch nicht mehr auf nor\u00adma\u00adlem Wege im Inter\u00adnet zeigen k\u00f6nnte, ohne jeg\u00adli\u00adche Server-Infra\u00adstruk\u00adtur zum Erlie\u00adgen zu bringen&nbsp;:-)<\/p>\n\n\n\n<p>Dies ist auch genau der Grund, warum es ab dem heu\u00adti\u00adgen Tage in diesem Blog eine neue Sparte geben wird. Diese h\u00f6rt auf den kna\u00adcki\u00adgen Namen \u201eEditor\u2019s Pick\u201c und der Name wird hier Pro\u00adgramm sein. Doch worum geht es hier\u00adbei&nbsp;genau?&nbsp;<\/p>\n\n\n\n<p>Ich \u2013 der Editor dieses Blogs \u2013 sichte die kom\u00adplet\u00adte\nFoto\u00adstre\u00adcke einer Ver\u00adan\u00adstal\u00adtung und picke mir nur die meiner Mei\u00adnung nach\nsch\u00f6ns\u00adten Bilder heraus. Diese werden dann noch einmal sepa\u00adrat bear\u00adbei\u00adtet und\nquasi ein St\u00fcck weit ver\u00adedelt. Soll hei\u00dfen, dass diese Motive mehr\nNach\u00adbe\u00adar\u00adbei\u00adtung erfah\u00adren als die ande\u00adren Auf\u00adnah\u00admen und teil\u00adwei\u00adse sogar kom\u00adplett\nanders gestal\u00adtet werden. In aller Regel wird es sich dabei um die soge\u00adnann\u00adten \u201eAuto-Por\u00adtraits\u201c\nhan\u00addeln und nur in den sel\u00adtens\u00adten F\u00e4llen um Auf\u00adnah\u00admen von meh\u00adre\u00adren Fahr\u00adzeu\u00adgen\noder Wim\u00admel\u00adbil\u00addern mit unz\u00e4h\u00adli\u00adgen Men\u00adschen darauf.<\/p>\n\n\n\n<p>Dies ist f\u00fcr die\u00adje\u00adni\u00adgen gut, die ein\u00adfach nur Fotos von Autos\nsehen wollen und eher schlecht f\u00fcr die, die ver\u00adsu\u00adchen sich selbst oder ihr\nFahr\u00adzeug auf den Bil\u00addern zu ent\u00adde\u00adcken. Letzt\u00adend\u00adlich kommt die Reduk\u00adti\u00adon auf die\nwirk\u00adlich guten Moti\u00adven aber dem Leser zugute, wie auch dem Blog selbst.<\/p>\n\n\n\n<p>Den Anfang macht heute die Foto\u00adstre\u00adcke zu besag\u00adtem <a href=\"https:\/\/www.oldtimerfreunde-schermbeck.de\/veranstaltungen\/oldtimertag\" target=\"_blank\" rel=\"noreferrer noopener\" aria-label=\"10. Schermbecker Oldtimertag (opens in a new tab)\">10. Scherm\u00adbe\u00adcker Old\u00adti\u00admer\u00adtag<\/a> und ich hoffe doch sehr, dass Ihr diese neue Kate\u00adgo\u00adrie mit viel Begeis\u00adte\u00adrung auf\u00adneh\u00admen werdet&nbsp;;-)<\/p>\n\n\n\n<p>Alle ande\u00adren Fotos von dieser wirk\u00adlich gro\u00df\u00adar\u00adti\u00adgen Ver\u00adan\u00adstal\u00adtung, findet Ihr \u00fcbri\u00adgens <a href=\"https:\/\/www.oldtimerfreunde-schermbeck.de\/medien\/fotogalerie\/categories\/jahr-2019\" target=\"_blank\" rel=\"noreferrer noopener\" aria-label=\"hier (opens in a new tab)\">hier<\/a>.<\/p>\n\n\n\n<p>Euer Maic.<\/p>\n\n\n\n<figure class=\"wp-block-gallery columns-3 is-cropped wp-block-gallery-2 is-layout-flex wp-block-gallery-is-layout-flex\"><ul class=\"blocks-gallery-grid\"><li class=\"blocks-gallery-item\"><figure><a href=\"https:\/\/www.maicschulte.de\/wordpress\/wp-content\/uploads\/2019\/09\/Econoline-Custom-200.jpg\" data-rel=\"lightbox-gallery-0\" data-rl_title data-rl_caption title><img loading=\"lazy\" decoding=\"async\" width=\"1600\" height=\"932\" src=\"https:\/\/www.maicschulte.de\/wordpress\/wp-content\/uploads\/2019\/09\/Econoline-Custom-200.jpg\" alt data-id=\"9323\" data-link=\"https:\/\/www.maicschulte.de\/wordpress\/?attachment_id=9323\" class=\"wp-image-9323\" srcset=\"https:\/\/www.maicschulte.de\/wordpress\/wp-content\/uploads\/2019\/09\/Econoline-Custom-200.jpg 1600w, https:\/\/www.maicschulte.de\/wordpress\/wp-content\/uploads\/2019\/09\/Econoline-Custom-200-300x175.jpg 300w, https:\/\/www.maicschulte.de\/wordpress\/wp-content\/uploads\/2019\/09\/Econoline-Custom-200-768x447.jpg 768w, https:\/\/www.maicschulte.de\/wordpress\/wp-content\/uploads\/2019\/09\/Econoline-Custom-200-1536x895.jpg 1536w, https:\/\/www.maicschulte.de\/wordpress\/wp-content\/uploads\/2019\/09\/Econoline-Custom-200-840x489.jpg 840w, https:\/\/www.maicschulte.de\/wordpress\/wp-content\/uploads\/2019\/09\/Econoline-Custom-200-600x350.jpg 600w\" sizes=\"auto, (max-width: 1600px) 100vw, 1600px\"><\/a><\/figure><\/li><li class=\"blocks-gallery-item\"><figure><a href=\"https:\/\/www.maicschulte.de\/wordpress\/wp-content\/uploads\/2019\/09\/Kesses-Heck.jpg\" data-rel=\"lightbox-gallery-0\" data-rl_title data-rl_caption title><img loading=\"lazy\" decoding=\"async\" width=\"1600\" height=\"923\" src=\"https:\/\/www.maicschulte.de\/wordpress\/wp-content\/uploads\/2019\/09\/Kesses-Heck.jpg\" alt data-id=\"9332\" data-link=\"https:\/\/www.maicschulte.de\/wordpress\/?attachment_id=9332\" class=\"wp-image-9332\" srcset=\"https:\/\/www.maicschulte.de\/wordpress\/wp-content\/uploads\/2019\/09\/Kesses-Heck.jpg 1600w, https:\/\/www.maicschulte.de\/wordpress\/wp-content\/uploads\/2019\/09\/Kesses-Heck-300x173.jpg 300w, https:\/\/www.maicschulte.de\/wordpress\/wp-content\/uploads\/2019\/09\/Kesses-Heck-768x443.jpg 768w, https:\/\/www.maicschulte.de\/wordpress\/wp-content\/uploads\/2019\/09\/Kesses-Heck-1536x886.jpg 1536w, https:\/\/www.maicschulte.de\/wordpress\/wp-content\/uploads\/2019\/09\/Kesses-Heck-840x485.jpg 840w, https:\/\/www.maicschulte.de\/wordpress\/wp-content\/uploads\/2019\/09\/Kesses-Heck-600x346.jpg 600w\" sizes=\"auto, (max-width: 1600px) 100vw, 1600px\"><\/a><\/figure><\/li><li class=\"blocks-gallery-item\"><figure><a href=\"https:\/\/www.maicschulte.de\/wordpress\/wp-content\/uploads\/2019\/09\/V-O-L-V-O.jpg\" data-rel=\"lightbox-gallery-0\" data-rl_title data-rl_caption title><img loading=\"lazy\" decoding=\"async\" width=\"1600\" height=\"976\" src=\"https:\/\/www.maicschulte.de\/wordpress\/wp-content\/uploads\/2019\/09\/V-O-L-V-O.jpg\" alt data-id=\"9355\" data-link=\"https:\/\/www.maicschulte.de\/wordpress\/?attachment_id=9355\" class=\"wp-image-9355\" srcset=\"https:\/\/www.maicschulte.de\/wordpress\/wp-content\/uploads\/2019\/09\/V-O-L-V-O.jpg 1600w, https:\/\/www.maicschulte.de\/wordpress\/wp-content\/uploads\/2019\/09\/V-O-L-V-O-300x183.jpg 300w, https:\/\/www.maicschulte.de\/wordpress\/wp-content\/uploads\/2019\/09\/V-O-L-V-O-768x468.jpg 768w, https:\/\/www.maicschulte.de\/wordpress\/wp-content\/uploads\/2019\/09\/V-O-L-V-O-1536x937.jpg 1536w, https:\/\/www.maicschulte.de\/wordpress\/wp-content\/uploads\/2019\/09\/V-O-L-V-O-840x512.jpg 840w, https:\/\/www.maicschulte.de\/wordpress\/wp-content\/uploads\/2019\/09\/V-O-L-V-O-600x366.jpg 600w\" sizes=\"auto, (max-width: 1600px) 100vw, 1600px\"><\/a><\/figure><\/li><li class=\"blocks-gallery-item\"><figure><a href=\"https:\/\/www.maicschulte.de\/wordpress\/wp-content\/uploads\/2019\/09\/Die-blaue-Flunder.jpg\" data-rel=\"lightbox-gallery-0\" data-rl_title data-rl_caption title><img loading=\"lazy\" decoding=\"async\" width=\"1600\" height=\"904\" src=\"https:\/\/www.maicschulte.de\/wordpress\/wp-content\/uploads\/2019\/09\/Die-blaue-Flunder.jpg\" alt data-id=\"9320\" data-link=\"https:\/\/www.maicschulte.de\/wordpress\/?attachment_id=9320\" class=\"wp-image-9320\" srcset=\"https:\/\/www.maicschulte.de\/wordpress\/wp-content\/uploads\/2019\/09\/Die-blaue-Flunder.jpg 1600w, https:\/\/www.maicschulte.de\/wordpress\/wp-content\/uploads\/2019\/09\/Die-blaue-Flunder-300x170.jpg 300w, https:\/\/www.maicschulte.de\/wordpress\/wp-content\/uploads\/2019\/09\/Die-blaue-Flunder-768x434.jpg 768w, https:\/\/www.maicschulte.de\/wordpress\/wp-content\/uploads\/2019\/09\/Die-blaue-Flunder-1536x868.jpg 1536w, https:\/\/www.maicschulte.de\/wordpress\/wp-content\/uploads\/2019\/09\/Die-blaue-Flunder-840x475.jpg 840w, https:\/\/www.maicschulte.de\/wordpress\/wp-content\/uploads\/2019\/09\/Die-blaue-Flunder-600x339.jpg 600w\" sizes=\"auto, (max-width: 1600px) 100vw, 1600px\"><\/a><\/figure><\/li><li class=\"blocks-gallery-item\"><figure><a href=\"https:\/\/www.maicschulte.de\/wordpress\/wp-content\/uploads\/2019\/09\/Zuendapp.jpg\" data-rel=\"lightbox-gallery-0\" data-rl_title data-rl_caption title><img loading=\"lazy\" decoding=\"async\" width=\"1600\" height=\"1080\" src=\"https:\/\/www.maicschulte.de\/wordpress\/wp-content\/uploads\/2019\/09\/Zuendapp.jpg\" alt data-id=\"9358\" data-link=\"https:\/\/www.maicschulte.de\/wordpress\/?attachment_id=9358\" class=\"wp-image-9358\" srcset=\"https:\/\/www.maicschulte.de\/wordpress\/wp-content\/uploads\/2019\/09\/Zuendapp.jpg 1600w, https:\/\/www.maicschulte.de\/wordpress\/wp-content\/uploads\/2019\/09\/Zuendapp-300x203.jpg 300w, https:\/\/www.maicschulte.de\/wordpress\/wp-content\/uploads\/2019\/09\/Zuendapp-768x518.jpg 768w, https:\/\/www.maicschulte.de\/wordpress\/wp-content\/uploads\/2019\/09\/Zuendapp-1536x1037.jpg 1536w, https:\/\/www.maicschulte.de\/wordpress\/wp-content\/uploads\/2019\/09\/Zuendapp-778x525.jpg 778w, https:\/\/www.maicschulte.de\/wordpress\/wp-content\/uploads\/2019\/09\/Zuendapp-120x80.jpg 120w, https:\/\/www.maicschulte.de\/wordpress\/wp-content\/uploads\/2019\/09\/Zuendapp-556x375.jpg 556w\" sizes=\"auto, (max-width: 1600px) 100vw, 1600px\"><\/a><\/figure><\/li><li class=\"blocks-gallery-item\"><figure><a href=\"https:\/\/www.maicschulte.de\/wordpress\/wp-content\/uploads\/2019\/09\/Ford-20M-RS.jpg\" data-rel=\"lightbox-gallery-0\" data-rl_title data-rl_caption title><img loading=\"lazy\" decoding=\"async\" width=\"1600\" height=\"743\" src=\"https:\/\/www.maicschulte.de\/wordpress\/wp-content\/uploads\/2019\/09\/Ford-20M-RS.jpg\" alt data-id=\"9324\" data-link=\"https:\/\/www.maicschulte.de\/wordpress\/?attachment_id=9324\" class=\"wp-image-9324\" srcset=\"https:\/\/www.maicschulte.de\/wordpress\/wp-content\/uploads\/2019\/09\/Ford-20M-RS.jpg 1600w, https:\/\/www.maicschulte.de\/wordpress\/wp-content\/uploads\/2019\/09\/Ford-20M-RS-300x139.jpg 300w, https:\/\/www.maicschulte.de\/wordpress\/wp-content\/uploads\/2019\/09\/Ford-20M-RS-768x357.jpg 768w, https:\/\/www.maicschulte.de\/wordpress\/wp-content\/uploads\/2019\/09\/Ford-20M-RS-1536x713.jpg 1536w, https:\/\/www.maicschulte.de\/wordpress\/wp-content\/uploads\/2019\/09\/Ford-20M-RS-840x390.jpg 840w, https:\/\/www.maicschulte.de\/wordpress\/wp-content\/uploads\/2019\/09\/Ford-20M-RS-600x279.jpg 600w\" sizes=\"auto, (max-width: 1600px) 100vw, 1600px\"><\/a><\/figure><\/li><li class=\"blocks-gallery-item\"><figure><a href=\"https:\/\/www.maicschulte.de\/wordpress\/wp-content\/uploads\/2019\/09\/Alfa-Romeo.jpg\" data-rel=\"lightbox-gallery-0\" data-rl_title data-rl_caption title><img loading=\"lazy\" decoding=\"async\" width=\"1005\" height=\"800\" src=\"https:\/\/www.maicschulte.de\/wordpress\/wp-content\/uploads\/2019\/09\/Alfa-Romeo.jpg\" alt data-id=\"9308\" data-link=\"https:\/\/www.maicschulte.de\/wordpress\/?attachment_id=9308\" class=\"wp-image-9308\" srcset=\"https:\/\/www.maicschulte.de\/wordpress\/wp-content\/uploads\/2019\/09\/Alfa-Romeo.jpg 1005w, https:\/\/www.maicschulte.de\/wordpress\/wp-content\/uploads\/2019\/09\/Alfa-Romeo-300x239.jpg 300w, https:\/\/www.maicschulte.de\/wordpress\/wp-content\/uploads\/2019\/09\/Alfa-Romeo-768x611.jpg 768w, https:\/\/www.maicschulte.de\/wordpress\/wp-content\/uploads\/2019\/09\/Alfa-Romeo-660x525.jpg 660w, https:\/\/www.maicschulte.de\/wordpress\/wp-content\/uploads\/2019\/09\/Alfa-Romeo-471x375.jpg 471w\" sizes=\"auto, (max-width: 1005px) 100vw, 1005px\"><\/a><\/figure><\/li><li class=\"blocks-gallery-item\"><figure><a href=\"https:\/\/www.maicschulte.de\/wordpress\/wp-content\/uploads\/2019\/09\/Black-Camaro.jpg\" data-rel=\"lightbox-gallery-0\" data-rl_title data-rl_caption title><img loading=\"lazy\" decoding=\"async\" width=\"1600\" height=\"879\" src=\"https:\/\/www.maicschulte.de\/wordpress\/wp-content\/uploads\/2019\/09\/Black-Camaro.jpg\" alt data-id=\"9309\" data-link=\"https:\/\/www.maicschulte.de\/wordpress\/?attachment_id=9309\" class=\"wp-image-9309\" srcset=\"https:\/\/www.maicschulte.de\/wordpress\/wp-content\/uploads\/2019\/09\/Black-Camaro.jpg 1600w, https:\/\/www.maicschulte.de\/wordpress\/wp-content\/uploads\/2019\/09\/Black-Camaro-300x165.jpg 300w, https:\/\/www.maicschulte.de\/wordpress\/wp-content\/uploads\/2019\/09\/Black-Camaro-768x422.jpg 768w, https:\/\/www.maicschulte.de\/wordpress\/wp-content\/uploads\/2019\/09\/Black-Camaro-1536x844.jpg 1536w, https:\/\/www.maicschulte.de\/wordpress\/wp-content\/uploads\/2019\/09\/Black-Camaro-840x461.jpg 840w, https:\/\/www.maicschulte.de\/wordpress\/wp-content\/uploads\/2019\/09\/Black-Camaro-600x330.jpg 600w\" sizes=\"auto, (max-width: 1600px) 100vw, 1600px\"><\/a><\/figure><\/li><li class=\"blocks-gallery-item\"><figure><a href=\"https:\/\/www.maicschulte.de\/wordpress\/wp-content\/uploads\/2019\/09\/Blauer-VW-Kaefer.jpg\" data-rel=\"lightbox-gallery-0\" data-rl_title data-rl_caption title><img loading=\"lazy\" decoding=\"async\" width=\"1600\" height=\"943\" src=\"https:\/\/www.maicschulte.de\/wordpress\/wp-content\/uploads\/2019\/09\/Blauer-VW-Kaefer.jpg\" alt data-id=\"9310\" data-link=\"https:\/\/www.maicschulte.de\/wordpress\/?attachment_id=9310\" class=\"wp-image-9310\" srcset=\"https:\/\/www.maicschulte.de\/wordpress\/wp-content\/uploads\/2019\/09\/Blauer-VW-Kaefer.jpg 1600w, https:\/\/www.maicschulte.de\/wordpress\/wp-content\/uploads\/2019\/09\/Blauer-VW-Kaefer-300x177.jpg 300w, https:\/\/www.maicschulte.de\/wordpress\/wp-content\/uploads\/2019\/09\/Blauer-VW-Kaefer-768x453.jpg 768w, https:\/\/www.maicschulte.de\/wordpress\/wp-content\/uploads\/2019\/09\/Blauer-VW-Kaefer-1536x905.jpg 1536w, https:\/\/www.maicschulte.de\/wordpress\/wp-content\/uploads\/2019\/09\/Blauer-VW-Kaefer-840x495.jpg 840w, https:\/\/www.maicschulte.de\/wordpress\/wp-content\/uploads\/2019\/09\/Blauer-VW-Kaefer-600x354.jpg 600w\" sizes=\"auto, (max-width: 1600px) 100vw, 1600px\"><\/a><\/figure><\/li><li class=\"blocks-gallery-item\"><figure><a href=\"https:\/\/www.maicschulte.de\/wordpress\/wp-content\/uploads\/2019\/09\/Doktorwagen-von-Mercedes.jpg\" data-rel=\"lightbox-gallery-0\" data-rl_title data-rl_caption title><img loading=\"lazy\" decoding=\"async\" width=\"1600\" height=\"892\" src=\"https:\/\/www.maicschulte.de\/wordpress\/wp-content\/uploads\/2019\/09\/Doktorwagen-von-Mercedes.jpg\" alt data-id=\"9322\" data-link=\"https:\/\/www.maicschulte.de\/wordpress\/?attachment_id=9322\" class=\"wp-image-9322\" srcset=\"https:\/\/www.maicschulte.de\/wordpress\/wp-content\/uploads\/2019\/09\/Doktorwagen-von-Mercedes.jpg 1600w, https:\/\/www.maicschulte.de\/wordpress\/wp-content\/uploads\/2019\/09\/Doktorwagen-von-Mercedes-300x167.jpg 300w, https:\/\/www.maicschulte.de\/wordpress\/wp-content\/uploads\/2019\/09\/Doktorwagen-von-Mercedes-768x428.jpg 768w, https:\/\/www.maicschulte.de\/wordpress\/wp-content\/uploads\/2019\/09\/Doktorwagen-von-Mercedes-1536x856.jpg 1536w, https:\/\/www.maicschulte.de\/wordpress\/wp-content\/uploads\/2019\/09\/Doktorwagen-von-Mercedes-840x468.jpg 840w, https:\/\/www.maicschulte.de\/wordpress\/wp-content\/uploads\/2019\/09\/Doktorwagen-von-Mercedes-600x335.jpg 600w\" sizes=\"auto, (max-width: 1600px) 100vw, 1600px\"><\/a><\/figure><\/li><li class=\"blocks-gallery-item\"><figure><a href=\"https:\/\/www.maicschulte.de\/wordpress\/wp-content\/uploads\/2019\/09\/Blue-Mustang.jpg\" data-rel=\"lightbox-gallery-0\" data-rl_title data-rl_caption title><img loading=\"lazy\" decoding=\"async\" width=\"1600\" height=\"1087\" src=\"https:\/\/www.maicschulte.de\/wordpress\/wp-content\/uploads\/2019\/09\/Blue-Mustang.jpg\" alt data-id=\"9311\" data-link=\"https:\/\/www.maicschulte.de\/wordpress\/?attachment_id=9311\" class=\"wp-image-9311\" srcset=\"https:\/\/www.maicschulte.de\/wordpress\/wp-content\/uploads\/2019\/09\/Blue-Mustang.jpg 1600w, https:\/\/www.maicschulte.de\/wordpress\/wp-content\/uploads\/2019\/09\/Blue-Mustang-300x204.jpg 300w, https:\/\/www.maicschulte.de\/wordpress\/wp-content\/uploads\/2019\/09\/Blue-Mustang-768x522.jpg 768w, https:\/\/www.maicschulte.de\/wordpress\/wp-content\/uploads\/2019\/09\/Blue-Mustang-1536x1044.jpg 1536w, https:\/\/www.maicschulte.de\/wordpress\/wp-content\/uploads\/2019\/09\/Blue-Mustang-773x525.jpg 773w, https:\/\/www.maicschulte.de\/wordpress\/wp-content\/uploads\/2019\/09\/Blue-Mustang-552x375.jpg 552w\" sizes=\"auto, (max-width: 1600px) 100vw, 1600px\"><\/a><\/figure><\/li><li class=\"blocks-gallery-item\"><figure><a href=\"https:\/\/www.maicschulte.de\/wordpress\/wp-content\/uploads\/2019\/09\/Der-silberne-Benz.jpg\" data-rel=\"lightbox-gallery-0\" data-rl_title data-rl_caption title><img loading=\"lazy\" decoding=\"async\" width=\"1600\" height=\"1019\" src=\"https:\/\/www.maicschulte.de\/wordpress\/wp-content\/uploads\/2019\/09\/Der-silberne-Benz.jpg\" alt data-id=\"9319\" data-link=\"https:\/\/www.maicschulte.de\/wordpress\/?attachment_id=9319\" class=\"wp-image-9319\" srcset=\"https:\/\/www.maicschulte.de\/wordpress\/wp-content\/uploads\/2019\/09\/Der-silberne-Benz.jpg 1600w, https:\/\/www.maicschulte.de\/wordpress\/wp-content\/uploads\/2019\/09\/Der-silberne-Benz-300x191.jpg 300w, https:\/\/www.maicschulte.de\/wordpress\/wp-content\/uploads\/2019\/09\/Der-silberne-Benz-768x489.jpg 768w, https:\/\/www.maicschulte.de\/wordpress\/wp-content\/uploads\/2019\/09\/Der-silberne-Benz-1536x978.jpg 1536w, https:\/\/www.maicschulte.de\/wordpress\/wp-content\/uploads\/2019\/09\/Der-silberne-Benz-824x525.jpg 824w, https:\/\/www.maicschulte.de\/wordpress\/wp-content\/uploads\/2019\/09\/Der-silberne-Benz-589x375.jpg 589w\" sizes=\"auto, (max-width: 1600px) 100vw, 1600px\"><\/a><\/figure><\/li><li class=\"blocks-gallery-item\"><figure><a href=\"https:\/\/www.maicschulte.de\/wordpress\/wp-content\/uploads\/2019\/09\/Chevrolet-Corvette-C3.jpg\" data-rel=\"lightbox-gallery-0\" data-rl_title data-rl_caption title><img loading=\"lazy\" decoding=\"async\" width=\"1600\" height=\"1040\" src=\"https:\/\/www.maicschulte.de\/wordpress\/wp-content\/uploads\/2019\/09\/Chevrolet-Corvette-C3.jpg\" alt data-id=\"9312\" data-link=\"https:\/\/www.maicschulte.de\/wordpress\/?attachment_id=9312\" class=\"wp-image-9312\" srcset=\"https:\/\/www.maicschulte.de\/wordpress\/wp-content\/uploads\/2019\/09\/Chevrolet-Corvette-C3.jpg 1600w, https:\/\/www.maicschulte.de\/wordpress\/wp-content\/uploads\/2019\/09\/Chevrolet-Corvette-C3-300x195.jpg 300w, https:\/\/www.maicschulte.de\/wordpress\/wp-content\/uploads\/2019\/09\/Chevrolet-Corvette-C3-768x499.jpg 768w, https:\/\/www.maicschulte.de\/wordpress\/wp-content\/uploads\/2019\/09\/Chevrolet-Corvette-C3-1536x998.jpg 1536w, https:\/\/www.maicschulte.de\/wordpress\/wp-content\/uploads\/2019\/09\/Chevrolet-Corvette-C3-808x525.jpg 808w, https:\/\/www.maicschulte.de\/wordpress\/wp-content\/uploads\/2019\/09\/Chevrolet-Corvette-C3-577x375.jpg 577w\" sizes=\"auto, (max-width: 1600px) 100vw, 1600px\"><\/a><\/figure><\/li><li class=\"blocks-gallery-item\"><figure><a href=\"https:\/\/www.maicschulte.de\/wordpress\/wp-content\/uploads\/2019\/09\/Mitsubishi-Starion-in-rot.jpg\" data-rel=\"lightbox-gallery-0\" data-rl_title data-rl_caption title><img loading=\"lazy\" decoding=\"async\" width=\"1600\" height=\"965\" src=\"https:\/\/www.maicschulte.de\/wordpress\/wp-content\/uploads\/2019\/09\/Mitsubishi-Starion-in-rot.jpg\" alt data-id=\"9335\" data-link=\"https:\/\/www.maicschulte.de\/wordpress\/?attachment_id=9335\" class=\"wp-image-9335\" srcset=\"https:\/\/www.maicschulte.de\/wordpress\/wp-content\/uploads\/2019\/09\/Mitsubishi-Starion-in-rot.jpg 1600w, https:\/\/www.maicschulte.de\/wordpress\/wp-content\/uploads\/2019\/09\/Mitsubishi-Starion-in-rot-300x181.jpg 300w, https:\/\/www.maicschulte.de\/wordpress\/wp-content\/uploads\/2019\/09\/Mitsubishi-Starion-in-rot-768x463.jpg 768w, https:\/\/www.maicschulte.de\/wordpress\/wp-content\/uploads\/2019\/09\/Mitsubishi-Starion-in-rot-1536x926.jpg 1536w, https:\/\/www.maicschulte.de\/wordpress\/wp-content\/uploads\/2019\/09\/Mitsubishi-Starion-in-rot-840x507.jpg 840w, https:\/\/www.maicschulte.de\/wordpress\/wp-content\/uploads\/2019\/09\/Mitsubishi-Starion-in-rot-600x362.jpg 600w\" sizes=\"auto, (max-width: 1600px) 100vw, 1600px\"><\/a><\/figure><\/li><li class=\"blocks-gallery-item\"><figure><a href=\"https:\/\/www.maicschulte.de\/wordpress\/wp-content\/uploads\/2019\/09\/Chevy-Van-x-2.jpg\" data-rel=\"lightbox-gallery-0\" data-rl_title data-rl_caption title><img loading=\"lazy\" decoding=\"async\" width=\"1600\" height=\"909\" src=\"https:\/\/www.maicschulte.de\/wordpress\/wp-content\/uploads\/2019\/09\/Chevy-Van-x-2.jpg\" alt data-id=\"9313\" data-link=\"https:\/\/www.maicschulte.de\/wordpress\/?attachment_id=9313\" class=\"wp-image-9313\" srcset=\"https:\/\/www.maicschulte.de\/wordpress\/wp-content\/uploads\/2019\/09\/Chevy-Van-x-2.jpg 1600w, https:\/\/www.maicschulte.de\/wordpress\/wp-content\/uploads\/2019\/09\/Chevy-Van-x-2-300x170.jpg 300w, https:\/\/www.maicschulte.de\/wordpress\/wp-content\/uploads\/2019\/09\/Chevy-Van-x-2-768x436.jpg 768w, https:\/\/www.maicschulte.de\/wordpress\/wp-content\/uploads\/2019\/09\/Chevy-Van-x-2-1536x873.jpg 1536w, https:\/\/www.maicschulte.de\/wordpress\/wp-content\/uploads\/2019\/09\/Chevy-Van-x-2-840x477.jpg 840w, https:\/\/www.maicschulte.de\/wordpress\/wp-content\/uploads\/2019\/09\/Chevy-Van-x-2-600x341.jpg 600w\" sizes=\"auto, (max-width: 1600px) 100vw, 1600px\"><\/a><\/figure><\/li><li class=\"blocks-gallery-item\"><figure><a href=\"https:\/\/www.maicschulte.de\/wordpress\/wp-content\/uploads\/2019\/09\/Neun-Elf.jpg\" data-rel=\"lightbox-gallery-0\" data-rl_title data-rl_caption title><img loading=\"lazy\" decoding=\"async\" width=\"1600\" height=\"900\" src=\"https:\/\/www.maicschulte.de\/wordpress\/wp-content\/uploads\/2019\/09\/Neun-Elf.jpg\" alt data-id=\"9337\" data-link=\"https:\/\/www.maicschulte.de\/wordpress\/?attachment_id=9337\" class=\"wp-image-9337\" srcset=\"https:\/\/www.maicschulte.de\/wordpress\/wp-content\/uploads\/2019\/09\/Neun-Elf.jpg 1600w, https:\/\/www.maicschulte.de\/wordpress\/wp-content\/uploads\/2019\/09\/Neun-Elf-300x169.jpg 300w, https:\/\/www.maicschulte.de\/wordpress\/wp-content\/uploads\/2019\/09\/Neun-Elf-768x432.jpg 768w, https:\/\/www.maicschulte.de\/wordpress\/wp-content\/uploads\/2019\/09\/Neun-Elf-1536x864.jpg 1536w, https:\/\/www.maicschulte.de\/wordpress\/wp-content\/uploads\/2019\/09\/Neun-Elf-840x473.jpg 840w, https:\/\/www.maicschulte.de\/wordpress\/wp-content\/uploads\/2019\/09\/Neun-Elf-600x338.jpg 600w\" sizes=\"auto, (max-width: 1600px) 100vw, 1600px\"><\/a><\/figure><\/li><li class=\"blocks-gallery-item\"><figure><a href=\"https:\/\/www.maicschulte.de\/wordpress\/wp-content\/uploads\/2019\/09\/Citroen-Ami-6-I.jpg\" data-rel=\"lightbox-gallery-0\" data-rl_title data-rl_caption title><img loading=\"lazy\" decoding=\"async\" width=\"1600\" height=\"986\" src=\"https:\/\/www.maicschulte.de\/wordpress\/wp-content\/uploads\/2019\/09\/Citroen-Ami-6-I.jpg\" alt data-id=\"9314\" data-link=\"https:\/\/www.maicschulte.de\/wordpress\/?attachment_id=9314\" class=\"wp-image-9314\" srcset=\"https:\/\/www.maicschulte.de\/wordpress\/wp-content\/uploads\/2019\/09\/Citroen-Ami-6-I.jpg 1600w, https:\/\/www.maicschulte.de\/wordpress\/wp-content\/uploads\/2019\/09\/Citroen-Ami-6-I-300x185.jpg 300w, https:\/\/www.maicschulte.de\/wordpress\/wp-content\/uploads\/2019\/09\/Citroen-Ami-6-I-768x473.jpg 768w, https:\/\/www.maicschulte.de\/wordpress\/wp-content\/uploads\/2019\/09\/Citroen-Ami-6-I-1536x947.jpg 1536w, https:\/\/www.maicschulte.de\/wordpress\/wp-content\/uploads\/2019\/09\/Citroen-Ami-6-I-840x518.jpg 840w, https:\/\/www.maicschulte.de\/wordpress\/wp-content\/uploads\/2019\/09\/Citroen-Ami-6-I-600x370.jpg 600w\" sizes=\"auto, (max-width: 1600px) 100vw, 1600px\"><\/a><\/figure><\/li><li class=\"blocks-gallery-item\"><figure><a href=\"https:\/\/www.maicschulte.de\/wordpress\/wp-content\/uploads\/2019\/09\/Citroen-DS.jpg\" data-rel=\"lightbox-gallery-0\" data-rl_title data-rl_caption title><img loading=\"lazy\" decoding=\"async\" width=\"1600\" height=\"948\" src=\"https:\/\/www.maicschulte.de\/wordpress\/wp-content\/uploads\/2019\/09\/Citroen-DS.jpg\" alt data-id=\"9316\" data-link=\"https:\/\/www.maicschulte.de\/wordpress\/?attachment_id=9316\" class=\"wp-image-9316\" srcset=\"https:\/\/www.maicschulte.de\/wordpress\/wp-content\/uploads\/2019\/09\/Citroen-DS.jpg 1600w, https:\/\/www.maicschulte.de\/wordpress\/wp-content\/uploads\/2019\/09\/Citroen-DS-300x178.jpg 300w, https:\/\/www.maicschulte.de\/wordpress\/wp-content\/uploads\/2019\/09\/Citroen-DS-768x455.jpg 768w, https:\/\/www.maicschulte.de\/wordpress\/wp-content\/uploads\/2019\/09\/Citroen-DS-1536x910.jpg 1536w, https:\/\/www.maicschulte.de\/wordpress\/wp-content\/uploads\/2019\/09\/Citroen-DS-840x498.jpg 840w, https:\/\/www.maicschulte.de\/wordpress\/wp-content\/uploads\/2019\/09\/Citroen-DS-600x356.jpg 600w\" sizes=\"auto, (max-width: 1600px) 100vw, 1600px\"><\/a><\/figure><\/li><li class=\"blocks-gallery-item\"><figure><a href=\"https:\/\/www.maicschulte.de\/wordpress\/wp-content\/uploads\/2019\/09\/Saab-Sonett-in-Rot.jpg\" data-rel=\"lightbox-gallery-0\" data-rl_title data-rl_caption title><img loading=\"lazy\" decoding=\"async\" width=\"1600\" height=\"870\" src=\"https:\/\/www.maicschulte.de\/wordpress\/wp-content\/uploads\/2019\/09\/Saab-Sonett-in-Rot.jpg\" alt data-id=\"9349\" data-link=\"https:\/\/www.maicschulte.de\/wordpress\/?attachment_id=9349\" class=\"wp-image-9349\" srcset=\"https:\/\/www.maicschulte.de\/wordpress\/wp-content\/uploads\/2019\/09\/Saab-Sonett-in-Rot.jpg 1600w, https:\/\/www.maicschulte.de\/wordpress\/wp-content\/uploads\/2019\/09\/Saab-Sonett-in-Rot-300x163.jpg 300w, https:\/\/www.maicschulte.de\/wordpress\/wp-content\/uploads\/2019\/09\/Saab-Sonett-in-Rot-768x418.jpg 768w, https:\/\/www.maicschulte.de\/wordpress\/wp-content\/uploads\/2019\/09\/Saab-Sonett-in-Rot-1536x835.jpg 1536w, https:\/\/www.maicschulte.de\/wordpress\/wp-content\/uploads\/2019\/09\/Saab-Sonett-in-Rot-840x457.jpg 840w, https:\/\/www.maicschulte.de\/wordpress\/wp-content\/uploads\/2019\/09\/Saab-Sonett-in-Rot-600x326.jpg 600w\" sizes=\"auto, (max-width: 1600px) 100vw, 1600px\"><\/a><\/figure><\/li><li class=\"blocks-gallery-item\"><figure><a href=\"https:\/\/www.maicschulte.de\/wordpress\/wp-content\/uploads\/2019\/09\/Opel-KAD-in-silber.jpg\" data-rel=\"lightbox-gallery-0\" data-rl_title data-rl_caption title><img loading=\"lazy\" decoding=\"async\" width=\"1600\" height=\"896\" src=\"https:\/\/www.maicschulte.de\/wordpress\/wp-content\/uploads\/2019\/09\/Opel-KAD-in-silber.jpg\" alt data-id=\"9338\" data-link=\"https:\/\/www.maicschulte.de\/wordpress\/?attachment_id=9338\" class=\"wp-image-9338\" srcset=\"https:\/\/www.maicschulte.de\/wordpress\/wp-content\/uploads\/2019\/09\/Opel-KAD-in-silber.jpg 1600w, https:\/\/www.maicschulte.de\/wordpress\/wp-content\/uploads\/2019\/09\/Opel-KAD-in-silber-300x168.jpg 300w, https:\/\/www.maicschulte.de\/wordpress\/wp-content\/uploads\/2019\/09\/Opel-KAD-in-silber-768x430.jpg 768w, https:\/\/www.maicschulte.de\/wordpress\/wp-content\/uploads\/2019\/09\/Opel-KAD-in-silber-1536x860.jpg 1536w, https:\/\/www.maicschulte.de\/wordpress\/wp-content\/uploads\/2019\/09\/Opel-KAD-in-silber-840x470.jpg 840w, https:\/\/www.maicschulte.de\/wordpress\/wp-content\/uploads\/2019\/09\/Opel-KAD-in-silber-600x336.jpg 600w\" sizes=\"auto, (max-width: 1600px) 100vw, 1600px\"><\/a><\/figure><\/li><li class=\"blocks-gallery-item\"><figure><a href=\"https:\/\/www.maicschulte.de\/wordpress\/wp-content\/uploads\/2019\/09\/Cobra-Hutze.jpg\" data-rel=\"lightbox-gallery-0\" data-rl_title data-rl_caption title><img loading=\"lazy\" decoding=\"async\" width=\"1600\" height=\"941\" src=\"https:\/\/www.maicschulte.de\/wordpress\/wp-content\/uploads\/2019\/09\/Cobra-Hutze.jpg\" alt data-id=\"9317\" data-link=\"https:\/\/www.maicschulte.de\/wordpress\/?attachment_id=9317\" class=\"wp-image-9317\" srcset=\"https:\/\/www.maicschulte.de\/wordpress\/wp-content\/uploads\/2019\/09\/Cobra-Hutze.jpg 1600w, https:\/\/www.maicschulte.de\/wordpress\/wp-content\/uploads\/2019\/09\/Cobra-Hutze-300x176.jpg 300w, https:\/\/www.maicschulte.de\/wordpress\/wp-content\/uploads\/2019\/09\/Cobra-Hutze-768x452.jpg 768w, https:\/\/www.maicschulte.de\/wordpress\/wp-content\/uploads\/2019\/09\/Cobra-Hutze-1536x903.jpg 1536w, https:\/\/www.maicschulte.de\/wordpress\/wp-content\/uploads\/2019\/09\/Cobra-Hutze-840x494.jpg 840w, https:\/\/www.maicschulte.de\/wordpress\/wp-content\/uploads\/2019\/09\/Cobra-Hutze-600x353.jpg 600w\" sizes=\"auto, (max-width: 1600px) 100vw, 1600px\"><\/a><\/figure><\/li><li class=\"blocks-gallery-item\"><figure><a href=\"https:\/\/www.maicschulte.de\/wordpress\/wp-content\/uploads\/2019\/09\/Der-rote-Japaner.jpg\" data-rel=\"lightbox-gallery-0\" data-rl_title data-rl_caption title><img loading=\"lazy\" decoding=\"async\" width=\"1600\" height=\"939\" src=\"https:\/\/www.maicschulte.de\/wordpress\/wp-content\/uploads\/2019\/09\/Der-rote-Japaner.jpg\" alt data-id=\"9318\" data-link=\"https:\/\/www.maicschulte.de\/wordpress\/?attachment_id=9318\" class=\"wp-image-9318\" srcset=\"https:\/\/www.maicschulte.de\/wordpress\/wp-content\/uploads\/2019\/09\/Der-rote-Japaner.jpg 1600w, https:\/\/www.maicschulte.de\/wordpress\/wp-content\/uploads\/2019\/09\/Der-rote-Japaner-300x176.jpg 300w, https:\/\/www.maicschulte.de\/wordpress\/wp-content\/uploads\/2019\/09\/Der-rote-Japaner-768x451.jpg 768w, https:\/\/www.maicschulte.de\/wordpress\/wp-content\/uploads\/2019\/09\/Der-rote-Japaner-1536x901.jpg 1536w, https:\/\/www.maicschulte.de\/wordpress\/wp-content\/uploads\/2019\/09\/Der-rote-Japaner-840x493.jpg 840w, https:\/\/www.maicschulte.de\/wordpress\/wp-content\/uploads\/2019\/09\/Der-rote-Japaner-600x352.jpg 600w\" sizes=\"auto, (max-width: 1600px) 100vw, 1600px\"><\/a><\/figure><\/li><li class=\"blocks-gallery-item\"><figure><a href=\"https:\/\/www.maicschulte.de\/wordpress\/wp-content\/uploads\/2019\/09\/Texas.jpg\" data-rel=\"lightbox-gallery-0\" data-rl_title data-rl_caption title><img loading=\"lazy\" decoding=\"async\" width=\"818\" height=\"800\" src=\"https:\/\/www.maicschulte.de\/wordpress\/wp-content\/uploads\/2019\/09\/Texas.jpg\" alt data-id=\"9350\" data-link=\"https:\/\/www.maicschulte.de\/wordpress\/?attachment_id=9350\" class=\"wp-image-9350\" srcset=\"https:\/\/www.maicschulte.de\/wordpress\/wp-content\/uploads\/2019\/09\/Texas.jpg 818w, https:\/\/www.maicschulte.de\/wordpress\/wp-content\/uploads\/2019\/09\/Texas-300x293.jpg 300w, https:\/\/www.maicschulte.de\/wordpress\/wp-content\/uploads\/2019\/09\/Texas-768x751.jpg 768w, https:\/\/www.maicschulte.de\/wordpress\/wp-content\/uploads\/2019\/09\/Texas-537x525.jpg 537w, https:\/\/www.maicschulte.de\/wordpress\/wp-content\/uploads\/2019\/09\/Texas-383x375.jpg 383w\" sizes=\"auto, (max-width: 818px) 100vw, 818px\"><\/a><\/figure><\/li><li class=\"blocks-gallery-item\"><figure><a href=\"https:\/\/www.maicschulte.de\/wordpress\/wp-content\/uploads\/2019\/09\/US-Schlachtschiff.jpg\" data-rel=\"lightbox-gallery-0\" data-rl_title data-rl_caption title><img loading=\"lazy\" decoding=\"async\" width=\"1600\" height=\"957\" src=\"https:\/\/www.maicschulte.de\/wordpress\/wp-content\/uploads\/2019\/09\/US-Schlachtschiff.jpg\" alt data-id=\"9354\" data-link=\"https:\/\/www.maicschulte.de\/wordpress\/?attachment_id=9354\" class=\"wp-image-9354\" srcset=\"https:\/\/www.maicschulte.de\/wordpress\/wp-content\/uploads\/2019\/09\/US-Schlachtschiff.jpg 1600w, https:\/\/www.maicschulte.de\/wordpress\/wp-content\/uploads\/2019\/09\/US-Schlachtschiff-300x179.jpg 300w, https:\/\/www.maicschulte.de\/wordpress\/wp-content\/uploads\/2019\/09\/US-Schlachtschiff-768x459.jpg 768w, https:\/\/www.maicschulte.de\/wordpress\/wp-content\/uploads\/2019\/09\/US-Schlachtschiff-1536x919.jpg 1536w, https:\/\/www.maicschulte.de\/wordpress\/wp-content\/uploads\/2019\/09\/US-Schlachtschiff-840x502.jpg 840w, https:\/\/www.maicschulte.de\/wordpress\/wp-content\/uploads\/2019\/09\/US-Schlachtschiff-600x359.jpg 600w\" sizes=\"auto, (max-width: 1600px) 100vw, 1600px\"><\/a><\/figure><\/li><li class=\"blocks-gallery-item\"><figure><a href=\"https:\/\/www.maicschulte.de\/wordpress\/wp-content\/uploads\/2019\/09\/Die-Treppe-ins-Nichts.jpg\" data-rel=\"lightbox-gallery-0\" data-rl_title data-rl_caption title><img loading=\"lazy\" decoding=\"async\" width=\"1600\" height=\"974\" src=\"https:\/\/www.maicschulte.de\/wordpress\/wp-content\/uploads\/2019\/09\/Die-Treppe-ins-Nichts.jpg\" alt data-id=\"9321\" data-link=\"https:\/\/www.maicschulte.de\/wordpress\/?attachment_id=9321\" class=\"wp-image-9321\" srcset=\"https:\/\/www.maicschulte.de\/wordpress\/wp-content\/uploads\/2019\/09\/Die-Treppe-ins-Nichts.jpg 1600w, https:\/\/www.maicschulte.de\/wordpress\/wp-content\/uploads\/2019\/09\/Die-Treppe-ins-Nichts-300x183.jpg 300w, https:\/\/www.maicschulte.de\/wordpress\/wp-content\/uploads\/2019\/09\/Die-Treppe-ins-Nichts-768x468.jpg 768w, https:\/\/www.maicschulte.de\/wordpress\/wp-content\/uploads\/2019\/09\/Die-Treppe-ins-Nichts-1536x935.jpg 1536w, https:\/\/www.maicschulte.de\/wordpress\/wp-content\/uploads\/2019\/09\/Die-Treppe-ins-Nichts-840x511.jpg 840w, https:\/\/www.maicschulte.de\/wordpress\/wp-content\/uploads\/2019\/09\/Die-Treppe-ins-Nichts-600x365.jpg 600w\" sizes=\"auto, (max-width: 1600px) 100vw, 1600px\"><\/a><\/figure><\/li><li class=\"blocks-gallery-item\"><figure><a href=\"https:\/\/www.maicschulte.de\/wordpress\/wp-content\/uploads\/2019\/09\/Ford-Galaxy-Country-Salon.jpg\" data-rel=\"lightbox-gallery-0\" data-rl_title data-rl_caption title><img loading=\"lazy\" decoding=\"async\" width=\"1600\" height=\"889\" src=\"https:\/\/www.maicschulte.de\/wordpress\/wp-content\/uploads\/2019\/09\/Ford-Galaxy-Country-Salon.jpg\" alt data-id=\"9325\" data-link=\"https:\/\/www.maicschulte.de\/wordpress\/?attachment_id=9325\" class=\"wp-image-9325\" srcset=\"https:\/\/www.maicschulte.de\/wordpress\/wp-content\/uploads\/2019\/09\/Ford-Galaxy-Country-Salon.jpg 1600w, https:\/\/www.maicschulte.de\/wordpress\/wp-content\/uploads\/2019\/09\/Ford-Galaxy-Country-Salon-300x167.jpg 300w, https:\/\/www.maicschulte.de\/wordpress\/wp-content\/uploads\/2019\/09\/Ford-Galaxy-Country-Salon-768x427.jpg 768w, https:\/\/www.maicschulte.de\/wordpress\/wp-content\/uploads\/2019\/09\/Ford-Galaxy-Country-Salon-1536x853.jpg 1536w, https:\/\/www.maicschulte.de\/wordpress\/wp-content\/uploads\/2019\/09\/Ford-Galaxy-Country-Salon-840x467.jpg 840w, https:\/\/www.maicschulte.de\/wordpress\/wp-content\/uploads\/2019\/09\/Ford-Galaxy-Country-Salon-600x333.jpg 600w\" sizes=\"auto, (max-width: 1600px) 100vw, 1600px\"><\/a><\/figure><\/li><li class=\"blocks-gallery-item\"><figure><a href=\"https:\/\/www.maicschulte.de\/wordpress\/wp-content\/uploads\/2019\/09\/Citroen-Ami-6-II.jpg\" data-rel=\"lightbox-gallery-0\" data-rl_title data-rl_caption title><img loading=\"lazy\" decoding=\"async\" width=\"1600\" height=\"955\" src=\"https:\/\/www.maicschulte.de\/wordpress\/wp-content\/uploads\/2019\/09\/Citroen-Ami-6-II.jpg\" alt data-id=\"9315\" data-link=\"https:\/\/www.maicschulte.de\/wordpress\/?attachment_id=9315\" class=\"wp-image-9315\" srcset=\"https:\/\/www.maicschulte.de\/wordpress\/wp-content\/uploads\/2019\/09\/Citroen-Ami-6-II.jpg 1600w, https:\/\/www.maicschulte.de\/wordpress\/wp-content\/uploads\/2019\/09\/Citroen-Ami-6-II-300x179.jpg 300w, https:\/\/www.maicschulte.de\/wordpress\/wp-content\/uploads\/2019\/09\/Citroen-Ami-6-II-768x458.jpg 768w, https:\/\/www.maicschulte.de\/wordpress\/wp-content\/uploads\/2019\/09\/Citroen-Ami-6-II-1536x917.jpg 1536w, https:\/\/www.maicschulte.de\/wordpress\/wp-content\/uploads\/2019\/09\/Citroen-Ami-6-II-840x501.jpg 840w, https:\/\/www.maicschulte.de\/wordpress\/wp-content\/uploads\/2019\/09\/Citroen-Ami-6-II-600x358.jpg 600w\" sizes=\"auto, (max-width: 1600px) 100vw, 1600px\"><\/a><\/figure><\/li><li class=\"blocks-gallery-item\"><figure><a href=\"https:\/\/www.maicschulte.de\/wordpress\/wp-content\/uploads\/2019\/09\/Ford-Mustang-in-orange.jpg\" data-rel=\"lightbox-gallery-0\" data-rl_title data-rl_caption title><img loading=\"lazy\" decoding=\"async\" width=\"1600\" height=\"990\" src=\"https:\/\/www.maicschulte.de\/wordpress\/wp-content\/uploads\/2019\/09\/Ford-Mustang-in-orange.jpg\" alt data-id=\"9326\" data-link=\"https:\/\/www.maicschulte.de\/wordpress\/?attachment_id=9326\" class=\"wp-image-9326\" srcset=\"https:\/\/www.maicschulte.de\/wordpress\/wp-content\/uploads\/2019\/09\/Ford-Mustang-in-orange.jpg 1600w, https:\/\/www.maicschulte.de\/wordpress\/wp-content\/uploads\/2019\/09\/Ford-Mustang-in-orange-300x186.jpg 300w, https:\/\/www.maicschulte.de\/wordpress\/wp-content\/uploads\/2019\/09\/Ford-Mustang-in-orange-768x475.jpg 768w, https:\/\/www.maicschulte.de\/wordpress\/wp-content\/uploads\/2019\/09\/Ford-Mustang-in-orange-1536x950.jpg 1536w, https:\/\/www.maicschulte.de\/wordpress\/wp-content\/uploads\/2019\/09\/Ford-Mustang-in-orange-840x520.jpg 840w, https:\/\/www.maicschulte.de\/wordpress\/wp-content\/uploads\/2019\/09\/Ford-Mustang-in-orange-600x371.jpg 600w\" sizes=\"auto, (max-width: 1600px) 100vw, 1600px\"><\/a><\/figure><\/li><li class=\"blocks-gallery-item\"><figure><a href=\"https:\/\/www.maicschulte.de\/wordpress\/wp-content\/uploads\/2019\/09\/Ganz-in-Weiss-II.jpg\" data-rel=\"lightbox-gallery-0\" data-rl_title data-rl_caption title><img loading=\"lazy\" decoding=\"async\" width=\"1600\" height=\"1040\" src=\"https:\/\/www.maicschulte.de\/wordpress\/wp-content\/uploads\/2019\/09\/Ganz-in-Weiss-II.jpg\" alt data-id=\"9327\" data-link=\"https:\/\/www.maicschulte.de\/wordpress\/?attachment_id=9327\" class=\"wp-image-9327\" srcset=\"https:\/\/www.maicschulte.de\/wordpress\/wp-content\/uploads\/2019\/09\/Ganz-in-Weiss-II.jpg 1600w, https:\/\/www.maicschulte.de\/wordpress\/wp-content\/uploads\/2019\/09\/Ganz-in-Weiss-II-300x195.jpg 300w, https:\/\/www.maicschulte.de\/wordpress\/wp-content\/uploads\/2019\/09\/Ganz-in-Weiss-II-768x499.jpg 768w, https:\/\/www.maicschulte.de\/wordpress\/wp-content\/uploads\/2019\/09\/Ganz-in-Weiss-II-1536x998.jpg 1536w, https:\/\/www.maicschulte.de\/wordpress\/wp-content\/uploads\/2019\/09\/Ganz-in-Weiss-II-808x525.jpg 808w, https:\/\/www.maicschulte.de\/wordpress\/wp-content\/uploads\/2019\/09\/Ganz-in-Weiss-II-577x375.jpg 577w\" sizes=\"auto, (max-width: 1600px) 100vw, 1600px\"><\/a><\/figure><\/li><li class=\"blocks-gallery-item\"><figure><a href=\"https:\/\/www.maicschulte.de\/wordpress\/wp-content\/uploads\/2019\/09\/Roadster.jpg\" data-rel=\"lightbox-gallery-0\" data-rl_title data-rl_caption title><img loading=\"lazy\" decoding=\"async\" width=\"1600\" height=\"965\" src=\"https:\/\/www.maicschulte.de\/wordpress\/wp-content\/uploads\/2019\/09\/Roadster.jpg\" alt data-id=\"9344\" data-link=\"https:\/\/www.maicschulte.de\/wordpress\/?attachment_id=9344\" class=\"wp-image-9344\" srcset=\"https:\/\/www.maicschulte.de\/wordpress\/wp-content\/uploads\/2019\/09\/Roadster.jpg 1600w, https:\/\/www.maicschulte.de\/wordpress\/wp-content\/uploads\/2019\/09\/Roadster-300x181.jpg 300w, https:\/\/www.maicschulte.de\/wordpress\/wp-content\/uploads\/2019\/09\/Roadster-768x463.jpg 768w, https:\/\/www.maicschulte.de\/wordpress\/wp-content\/uploads\/2019\/09\/Roadster-1536x926.jpg 1536w, https:\/\/www.maicschulte.de\/wordpress\/wp-content\/uploads\/2019\/09\/Roadster-840x507.jpg 840w, https:\/\/www.maicschulte.de\/wordpress\/wp-content\/uploads\/2019\/09\/Roadster-600x362.jpg 600w\" sizes=\"auto, (max-width: 1600px) 100vw, 1600px\"><\/a><\/figure><\/li><li class=\"blocks-gallery-item\"><figure><a href=\"https:\/\/www.maicschulte.de\/wordpress\/wp-content\/uploads\/2019\/09\/Italiener.jpg\" data-rel=\"lightbox-gallery-0\" data-rl_title data-rl_caption title><img loading=\"lazy\" decoding=\"async\" width=\"1600\" height=\"965\" src=\"https:\/\/www.maicschulte.de\/wordpress\/wp-content\/uploads\/2019\/09\/Italiener.jpg\" alt data-id=\"9329\" data-link=\"https:\/\/www.maicschulte.de\/wordpress\/?attachment_id=9329\" class=\"wp-image-9329\" srcset=\"https:\/\/www.maicschulte.de\/wordpress\/wp-content\/uploads\/2019\/09\/Italiener.jpg 1600w, https:\/\/www.maicschulte.de\/wordpress\/wp-content\/uploads\/2019\/09\/Italiener-300x181.jpg 300w, https:\/\/www.maicschulte.de\/wordpress\/wp-content\/uploads\/2019\/09\/Italiener-768x463.jpg 768w, https:\/\/www.maicschulte.de\/wordpress\/wp-content\/uploads\/2019\/09\/Italiener-1536x926.jpg 1536w, https:\/\/www.maicschulte.de\/wordpress\/wp-content\/uploads\/2019\/09\/Italiener-840x507.jpg 840w, https:\/\/www.maicschulte.de\/wordpress\/wp-content\/uploads\/2019\/09\/Italiener-600x362.jpg 600w\" sizes=\"auto, (max-width: 1600px) 100vw, 1600px\"><\/a><\/figure><\/li><li class=\"blocks-gallery-item\"><figure><a href=\"https:\/\/www.maicschulte.de\/wordpress\/wp-content\/uploads\/2019\/09\/Mercedes-Strich-8.jpg\" data-rel=\"lightbox-gallery-0\" data-rl_title data-rl_caption title><img loading=\"lazy\" decoding=\"async\" width=\"1600\" height=\"955\" src=\"https:\/\/www.maicschulte.de\/wordpress\/wp-content\/uploads\/2019\/09\/Mercedes-Strich-8.jpg\" alt data-id=\"9334\" data-link=\"https:\/\/www.maicschulte.de\/wordpress\/?attachment_id=9334\" class=\"wp-image-9334\" srcset=\"https:\/\/www.maicschulte.de\/wordpress\/wp-content\/uploads\/2019\/09\/Mercedes-Strich-8.jpg 1600w, https:\/\/www.maicschulte.de\/wordpress\/wp-content\/uploads\/2019\/09\/Mercedes-Strich-8-300x179.jpg 300w, https:\/\/www.maicschulte.de\/wordpress\/wp-content\/uploads\/2019\/09\/Mercedes-Strich-8-768x458.jpg 768w, https:\/\/www.maicschulte.de\/wordpress\/wp-content\/uploads\/2019\/09\/Mercedes-Strich-8-1536x917.jpg 1536w, https:\/\/www.maicschulte.de\/wordpress\/wp-content\/uploads\/2019\/09\/Mercedes-Strich-8-840x501.jpg 840w, https:\/\/www.maicschulte.de\/wordpress\/wp-content\/uploads\/2019\/09\/Mercedes-Strich-8-600x358.jpg 600w\" sizes=\"auto, (max-width: 1600px) 100vw, 1600px\"><\/a><\/figure><\/li><li class=\"blocks-gallery-item\"><figure><a href=\"https:\/\/www.maicschulte.de\/wordpress\/wp-content\/uploads\/2019\/09\/Kaefer-auf-der-Wiese.jpg\" data-rel=\"lightbox-gallery-0\" data-rl_title data-rl_caption title><img loading=\"lazy\" decoding=\"async\" width=\"1600\" height=\"977\" src=\"https:\/\/www.maicschulte.de\/wordpress\/wp-content\/uploads\/2019\/09\/Kaefer-auf-der-Wiese.jpg\" alt data-id=\"9330\" data-link=\"https:\/\/www.maicschulte.de\/wordpress\/?attachment_id=9330\" class=\"wp-image-9330\" srcset=\"https:\/\/www.maicschulte.de\/wordpress\/wp-content\/uploads\/2019\/09\/Kaefer-auf-der-Wiese.jpg 1600w, https:\/\/www.maicschulte.de\/wordpress\/wp-content\/uploads\/2019\/09\/Kaefer-auf-der-Wiese-300x183.jpg 300w, https:\/\/www.maicschulte.de\/wordpress\/wp-content\/uploads\/2019\/09\/Kaefer-auf-der-Wiese-768x469.jpg 768w, https:\/\/www.maicschulte.de\/wordpress\/wp-content\/uploads\/2019\/09\/Kaefer-auf-der-Wiese-1536x938.jpg 1536w, https:\/\/www.maicschulte.de\/wordpress\/wp-content\/uploads\/2019\/09\/Kaefer-auf-der-Wiese-840x513.jpg 840w, https:\/\/www.maicschulte.de\/wordpress\/wp-content\/uploads\/2019\/09\/Kaefer-auf-der-Wiese-600x366.jpg 600w\" sizes=\"auto, (max-width: 1600px) 100vw, 1600px\"><\/a><\/figure><\/li><li class=\"blocks-gallery-item\"><figure><a href=\"https:\/\/www.maicschulte.de\/wordpress\/wp-content\/uploads\/2019\/09\/Mustang-from-Florida.jpg\" data-rel=\"lightbox-gallery-0\" data-rl_title data-rl_caption title><img loading=\"lazy\" decoding=\"async\" width=\"1600\" height=\"1001\" src=\"https:\/\/www.maicschulte.de\/wordpress\/wp-content\/uploads\/2019\/09\/Mustang-from-Florida.jpg\" alt data-id=\"9336\" data-link=\"https:\/\/www.maicschulte.de\/wordpress\/?attachment_id=9336\" class=\"wp-image-9336\" srcset=\"https:\/\/www.maicschulte.de\/wordpress\/wp-content\/uploads\/2019\/09\/Mustang-from-Florida.jpg 1600w, https:\/\/www.maicschulte.de\/wordpress\/wp-content\/uploads\/2019\/09\/Mustang-from-Florida-300x188.jpg 300w, https:\/\/www.maicschulte.de\/wordpress\/wp-content\/uploads\/2019\/09\/Mustang-from-Florida-768x480.jpg 768w, https:\/\/www.maicschulte.de\/wordpress\/wp-content\/uploads\/2019\/09\/Mustang-from-Florida-1536x961.jpg 1536w, https:\/\/www.maicschulte.de\/wordpress\/wp-content\/uploads\/2019\/09\/Mustang-from-Florida-840x525.jpg 840w, https:\/\/www.maicschulte.de\/wordpress\/wp-content\/uploads\/2019\/09\/Mustang-from-Florida-280x175.jpg 280w, https:\/\/www.maicschulte.de\/wordpress\/wp-content\/uploads\/2019\/09\/Mustang-from-Florida-600x375.jpg 600w\" sizes=\"auto, (max-width: 1600px) 100vw, 1600px\"><\/a><\/figure><\/li><li class=\"blocks-gallery-item\"><figure><a href=\"https:\/\/www.maicschulte.de\/wordpress\/wp-content\/uploads\/2019\/09\/Opel-Kadett-C-Coupe.jpg\" data-rel=\"lightbox-gallery-0\" data-rl_title data-rl_caption title><img loading=\"lazy\" decoding=\"async\" width=\"1600\" height=\"972\" src=\"https:\/\/www.maicschulte.de\/wordpress\/wp-content\/uploads\/2019\/09\/Opel-Kadett-C-Coupe.jpg\" alt data-id=\"9339\" data-link=\"https:\/\/www.maicschulte.de\/wordpress\/?attachment_id=9339\" class=\"wp-image-9339\" srcset=\"https:\/\/www.maicschulte.de\/wordpress\/wp-content\/uploads\/2019\/09\/Opel-Kadett-C-Coupe.jpg 1600w, https:\/\/www.maicschulte.de\/wordpress\/wp-content\/uploads\/2019\/09\/Opel-Kadett-C-Coupe-300x182.jpg 300w, https:\/\/www.maicschulte.de\/wordpress\/wp-content\/uploads\/2019\/09\/Opel-Kadett-C-Coupe-768x467.jpg 768w, https:\/\/www.maicschulte.de\/wordpress\/wp-content\/uploads\/2019\/09\/Opel-Kadett-C-Coupe-1536x933.jpg 1536w, https:\/\/www.maicschulte.de\/wordpress\/wp-content\/uploads\/2019\/09\/Opel-Kadett-C-Coupe-840x510.jpg 840w, https:\/\/www.maicschulte.de\/wordpress\/wp-content\/uploads\/2019\/09\/Opel-Kadett-C-Coupe-600x365.jpg 600w\" sizes=\"auto, (max-width: 1600px) 100vw, 1600px\"><\/a><\/figure><\/li><li class=\"blocks-gallery-item\"><figure><a href=\"https:\/\/www.maicschulte.de\/wordpress\/wp-content\/uploads\/2019\/09\/Kaefer-in-beige.jpg\" data-rel=\"lightbox-gallery-0\" data-rl_title data-rl_caption title><img loading=\"lazy\" decoding=\"async\" width=\"1600\" height=\"980\" src=\"https:\/\/www.maicschulte.de\/wordpress\/wp-content\/uploads\/2019\/09\/Kaefer-in-beige.jpg\" alt data-id=\"9331\" data-link=\"https:\/\/www.maicschulte.de\/wordpress\/?attachment_id=9331\" class=\"wp-image-9331\" srcset=\"https:\/\/www.maicschulte.de\/wordpress\/wp-content\/uploads\/2019\/09\/Kaefer-in-beige.jpg 1600w, https:\/\/www.maicschulte.de\/wordpress\/wp-content\/uploads\/2019\/09\/Kaefer-in-beige-300x184.jpg 300w, https:\/\/www.maicschulte.de\/wordpress\/wp-content\/uploads\/2019\/09\/Kaefer-in-beige-768x470.jpg 768w, https:\/\/www.maicschulte.de\/wordpress\/wp-content\/uploads\/2019\/09\/Kaefer-in-beige-1536x941.jpg 1536w, https:\/\/www.maicschulte.de\/wordpress\/wp-content\/uploads\/2019\/09\/Kaefer-in-beige-840x515.jpg 840w, https:\/\/www.maicschulte.de\/wordpress\/wp-content\/uploads\/2019\/09\/Kaefer-in-beige-600x368.jpg 600w\" sizes=\"auto, (max-width: 1600px) 100vw, 1600px\"><\/a><\/figure><\/li><li class=\"blocks-gallery-item\"><figure><a href=\"https:\/\/www.maicschulte.de\/wordpress\/wp-content\/uploads\/2019\/09\/Unterm-Baum.jpg\" data-rel=\"lightbox-gallery-0\" data-rl_title data-rl_caption title><img loading=\"lazy\" decoding=\"async\" width=\"1600\" height=\"977\" src=\"https:\/\/www.maicschulte.de\/wordpress\/wp-content\/uploads\/2019\/09\/Unterm-Baum.jpg\" alt data-id=\"9352\" data-link=\"https:\/\/www.maicschulte.de\/wordpress\/?attachment_id=9352\" class=\"wp-image-9352\" srcset=\"https:\/\/www.maicschulte.de\/wordpress\/wp-content\/uploads\/2019\/09\/Unterm-Baum.jpg 1600w, https:\/\/www.maicschulte.de\/wordpress\/wp-content\/uploads\/2019\/09\/Unterm-Baum-300x183.jpg 300w, https:\/\/www.maicschulte.de\/wordpress\/wp-content\/uploads\/2019\/09\/Unterm-Baum-768x469.jpg 768w, https:\/\/www.maicschulte.de\/wordpress\/wp-content\/uploads\/2019\/09\/Unterm-Baum-1536x938.jpg 1536w, https:\/\/www.maicschulte.de\/wordpress\/wp-content\/uploads\/2019\/09\/Unterm-Baum-840x513.jpg 840w, https:\/\/www.maicschulte.de\/wordpress\/wp-content\/uploads\/2019\/09\/Unterm-Baum-600x366.jpg 600w\" sizes=\"auto, (max-width: 1600px) 100vw, 1600px\"><\/a><\/figure><\/li><li class=\"blocks-gallery-item\"><figure><a href=\"https:\/\/www.maicschulte.de\/wordpress\/wp-content\/uploads\/2019\/09\/Mercedes-SL.jpg\" data-rel=\"lightbox-gallery-0\" data-rl_title data-rl_caption title><img loading=\"lazy\" decoding=\"async\" width=\"1600\" height=\"900\" src=\"https:\/\/www.maicschulte.de\/wordpress\/wp-content\/uploads\/2019\/09\/Mercedes-SL.jpg\" alt data-id=\"9333\" data-link=\"https:\/\/www.maicschulte.de\/wordpress\/?attachment_id=9333\" class=\"wp-image-9333\" srcset=\"https:\/\/www.maicschulte.de\/wordpress\/wp-content\/uploads\/2019\/09\/Mercedes-SL.jpg 1600w, https:\/\/www.maicschulte.de\/wordpress\/wp-content\/uploads\/2019\/09\/Mercedes-SL-300x169.jpg 300w, https:\/\/www.maicschulte.de\/wordpress\/wp-content\/uploads\/2019\/09\/Mercedes-SL-768x432.jpg 768w, https:\/\/www.maicschulte.de\/wordpress\/wp-content\/uploads\/2019\/09\/Mercedes-SL-1536x864.jpg 1536w, https:\/\/www.maicschulte.de\/wordpress\/wp-content\/uploads\/2019\/09\/Mercedes-SL-840x473.jpg 840w, https:\/\/www.maicschulte.de\/wordpress\/wp-content\/uploads\/2019\/09\/Mercedes-SL-600x338.jpg 600w\" sizes=\"auto, (max-width: 1600px) 100vw, 1600px\"><\/a><\/figure><\/li><li class=\"blocks-gallery-item\"><figure><a href=\"https:\/\/www.maicschulte.de\/wordpress\/wp-content\/uploads\/2019\/09\/Roter-Porsche.jpg\" data-rel=\"lightbox-gallery-0\" data-rl_title data-rl_caption title><img loading=\"lazy\" decoding=\"async\" width=\"1600\" height=\"871\" src=\"https:\/\/www.maicschulte.de\/wordpress\/wp-content\/uploads\/2019\/09\/Roter-Porsche.jpg\" alt data-id=\"9347\" data-link=\"https:\/\/www.maicschulte.de\/wordpress\/?attachment_id=9347\" class=\"wp-image-9347\" srcset=\"https:\/\/www.maicschulte.de\/wordpress\/wp-content\/uploads\/2019\/09\/Roter-Porsche.jpg 1600w, https:\/\/www.maicschulte.de\/wordpress\/wp-content\/uploads\/2019\/09\/Roter-Porsche-300x163.jpg 300w, https:\/\/www.maicschulte.de\/wordpress\/wp-content\/uploads\/2019\/09\/Roter-Porsche-768x418.jpg 768w, https:\/\/www.maicschulte.de\/wordpress\/wp-content\/uploads\/2019\/09\/Roter-Porsche-1536x836.jpg 1536w, https:\/\/www.maicschulte.de\/wordpress\/wp-content\/uploads\/2019\/09\/Roter-Porsche-840x457.jpg 840w, https:\/\/www.maicschulte.de\/wordpress\/wp-content\/uploads\/2019\/09\/Roter-Porsche-600x327.jpg 600w\" sizes=\"auto, (max-width: 1600px) 100vw, 1600px\"><\/a><\/figure><\/li><li class=\"blocks-gallery-item\"><figure><a href=\"https:\/\/www.maicschulte.de\/wordpress\/wp-content\/uploads\/2019\/09\/Opel-Monza-GSE.jpg\" data-rel=\"lightbox-gallery-0\" data-rl_title data-rl_caption title><img loading=\"lazy\" decoding=\"async\" width=\"1600\" height=\"868\" src=\"https:\/\/www.maicschulte.de\/wordpress\/wp-content\/uploads\/2019\/09\/Opel-Monza-GSE.jpg\" alt data-id=\"9340\" data-link=\"https:\/\/www.maicschulte.de\/wordpress\/?attachment_id=9340\" class=\"wp-image-9340\" srcset=\"https:\/\/www.maicschulte.de\/wordpress\/wp-content\/uploads\/2019\/09\/Opel-Monza-GSE.jpg 1600w, https:\/\/www.maicschulte.de\/wordpress\/wp-content\/uploads\/2019\/09\/Opel-Monza-GSE-300x163.jpg 300w, https:\/\/www.maicschulte.de\/wordpress\/wp-content\/uploads\/2019\/09\/Opel-Monza-GSE-768x417.jpg 768w, https:\/\/www.maicschulte.de\/wordpress\/wp-content\/uploads\/2019\/09\/Opel-Monza-GSE-1536x833.jpg 1536w, https:\/\/www.maicschulte.de\/wordpress\/wp-content\/uploads\/2019\/09\/Opel-Monza-GSE-840x456.jpg 840w, https:\/\/www.maicschulte.de\/wordpress\/wp-content\/uploads\/2019\/09\/Opel-Monza-GSE-600x326.jpg 600w\" sizes=\"auto, (max-width: 1600px) 100vw, 1600px\"><\/a><\/figure><\/li><li class=\"blocks-gallery-item\"><figure><a href=\"https:\/\/www.maicschulte.de\/wordpress\/wp-content\/uploads\/2019\/09\/Quietschegelb.jpg\" data-rel=\"lightbox-gallery-0\" data-rl_title data-rl_caption title><img loading=\"lazy\" decoding=\"async\" width=\"1600\" height=\"995\" src=\"https:\/\/www.maicschulte.de\/wordpress\/wp-content\/uploads\/2019\/09\/Quietschegelb.jpg\" alt data-id=\"9343\" data-link=\"https:\/\/www.maicschulte.de\/wordpress\/?attachment_id=9343\" class=\"wp-image-9343\" srcset=\"https:\/\/www.maicschulte.de\/wordpress\/wp-content\/uploads\/2019\/09\/Quietschegelb.jpg 1600w, https:\/\/www.maicschulte.de\/wordpress\/wp-content\/uploads\/2019\/09\/Quietschegelb-300x187.jpg 300w, https:\/\/www.maicschulte.de\/wordpress\/wp-content\/uploads\/2019\/09\/Quietschegelb-768x478.jpg 768w, https:\/\/www.maicschulte.de\/wordpress\/wp-content\/uploads\/2019\/09\/Quietschegelb-1536x955.jpg 1536w, https:\/\/www.maicschulte.de\/wordpress\/wp-content\/uploads\/2019\/09\/Quietschegelb-840x522.jpg 840w, https:\/\/www.maicschulte.de\/wordpress\/wp-content\/uploads\/2019\/09\/Quietschegelb-280x175.jpg 280w, https:\/\/www.maicschulte.de\/wordpress\/wp-content\/uploads\/2019\/09\/Quietschegelb-600x373.jpg 600w\" sizes=\"auto, (max-width: 1600px) 100vw, 1600px\"><\/a><\/figure><\/li><li class=\"blocks-gallery-item\"><figure><a href=\"https:\/\/www.maicschulte.de\/wordpress\/wp-content\/uploads\/2019\/09\/Opel-Rekord-C-Coupe-1700-L.jpg\" data-rel=\"lightbox-gallery-0\" data-rl_title data-rl_caption title><img loading=\"lazy\" decoding=\"async\" width=\"1600\" height=\"847\" src=\"https:\/\/www.maicschulte.de\/wordpress\/wp-content\/uploads\/2019\/09\/Opel-Rekord-C-Coupe-1700-L.jpg\" alt data-id=\"9341\" data-link=\"https:\/\/www.maicschulte.de\/wordpress\/?attachment_id=9341\" class=\"wp-image-9341\" srcset=\"https:\/\/www.maicschulte.de\/wordpress\/wp-content\/uploads\/2019\/09\/Opel-Rekord-C-Coupe-1700-L.jpg 1600w, https:\/\/www.maicschulte.de\/wordpress\/wp-content\/uploads\/2019\/09\/Opel-Rekord-C-Coupe-1700-L-300x159.jpg 300w, https:\/\/www.maicschulte.de\/wordpress\/wp-content\/uploads\/2019\/09\/Opel-Rekord-C-Coupe-1700-L-768x407.jpg 768w, https:\/\/www.maicschulte.de\/wordpress\/wp-content\/uploads\/2019\/09\/Opel-Rekord-C-Coupe-1700-L-1536x813.jpg 1536w, https:\/\/www.maicschulte.de\/wordpress\/wp-content\/uploads\/2019\/09\/Opel-Rekord-C-Coupe-1700-L-840x445.jpg 840w, https:\/\/www.maicschulte.de\/wordpress\/wp-content\/uploads\/2019\/09\/Opel-Rekord-C-Coupe-1700-L-600x318.jpg 600w\" sizes=\"auto, (max-width: 1600px) 100vw, 1600px\"><\/a><\/figure><\/li><li class=\"blocks-gallery-item\"><figure><a href=\"https:\/\/www.maicschulte.de\/wordpress\/wp-content\/uploads\/2019\/09\/Roter-Mitsubishi-Sapporo-II.jpg\" data-rel=\"lightbox-gallery-0\" data-rl_title data-rl_caption title><img loading=\"lazy\" decoding=\"async\" width=\"533\" height=\"800\" src=\"https:\/\/www.maicschulte.de\/wordpress\/wp-content\/uploads\/2019\/09\/Roter-Mitsubishi-Sapporo-II.jpg\" alt data-id=\"9345\" data-link=\"https:\/\/www.maicschulte.de\/wordpress\/?attachment_id=9345\" class=\"wp-image-9345\" srcset=\"https:\/\/www.maicschulte.de\/wordpress\/wp-content\/uploads\/2019\/09\/Roter-Mitsubishi-Sapporo-II.jpg 533w, https:\/\/www.maicschulte.de\/wordpress\/wp-content\/uploads\/2019\/09\/Roter-Mitsubishi-Sapporo-II-200x300.jpg 200w, https:\/\/www.maicschulte.de\/wordpress\/wp-content\/uploads\/2019\/09\/Roter-Mitsubishi-Sapporo-II-350x525.jpg 350w, https:\/\/www.maicschulte.de\/wordpress\/wp-content\/uploads\/2019\/09\/Roter-Mitsubishi-Sapporo-II-250x375.jpg 250w\" sizes=\"auto, (max-width: 533px) 100vw, 533px\"><\/a><\/figure><\/li><li class=\"blocks-gallery-item\"><figure><a href=\"https:\/\/www.maicschulte.de\/wordpress\/wp-content\/uploads\/2019\/09\/Ganz-in-Weiss.jpg\" data-rel=\"lightbox-gallery-0\" data-rl_title data-rl_caption title><img loading=\"lazy\" decoding=\"async\" width=\"1600\" height=\"980\" src=\"https:\/\/www.maicschulte.de\/wordpress\/wp-content\/uploads\/2019\/09\/Ganz-in-Weiss.jpg\" alt data-id=\"9328\" data-link=\"https:\/\/www.maicschulte.de\/wordpress\/?attachment_id=9328\" class=\"wp-image-9328\" srcset=\"https:\/\/www.maicschulte.de\/wordpress\/wp-content\/uploads\/2019\/09\/Ganz-in-Weiss.jpg 1600w, https:\/\/www.maicschulte.de\/wordpress\/wp-content\/uploads\/2019\/09\/Ganz-in-Weiss-300x184.jpg 300w, https:\/\/www.maicschulte.de\/wordpress\/wp-content\/uploads\/2019\/09\/Ganz-in-Weiss-768x470.jpg 768w, https:\/\/www.maicschulte.de\/wordpress\/wp-content\/uploads\/2019\/09\/Ganz-in-Weiss-1536x941.jpg 1536w, https:\/\/www.maicschulte.de\/wordpress\/wp-content\/uploads\/2019\/09\/Ganz-in-Weiss-840x515.jpg 840w, https:\/\/www.maicschulte.de\/wordpress\/wp-content\/uploads\/2019\/09\/Ganz-in-Weiss-600x368.jpg 600w\" sizes=\"auto, (max-width: 1600px) 100vw, 1600px\"><\/a><\/figure><\/li><li class=\"blocks-gallery-item\"><figure><a href=\"https:\/\/www.maicschulte.de\/wordpress\/wp-content\/uploads\/2019\/09\/Wie-im-Autokino.jpg\" data-rel=\"lightbox-gallery-0\" data-rl_title data-rl_caption title><img loading=\"lazy\" decoding=\"async\" width=\"1600\" height=\"1000\" src=\"https:\/\/www.maicschulte.de\/wordpress\/wp-content\/uploads\/2019\/09\/Wie-im-Autokino.jpg\" alt data-id=\"9357\" data-link=\"https:\/\/www.maicschulte.de\/wordpress\/?attachment_id=9357\" class=\"wp-image-9357\" srcset=\"https:\/\/www.maicschulte.de\/wordpress\/wp-content\/uploads\/2019\/09\/Wie-im-Autokino.jpg 1600w, https:\/\/www.maicschulte.de\/wordpress\/wp-content\/uploads\/2019\/09\/Wie-im-Autokino-300x188.jpg 300w, https:\/\/www.maicschulte.de\/wordpress\/wp-content\/uploads\/2019\/09\/Wie-im-Autokino-768x480.jpg 768w, https:\/\/www.maicschulte.de\/wordpress\/wp-content\/uploads\/2019\/09\/Wie-im-Autokino-1536x960.jpg 1536w, https:\/\/www.maicschulte.de\/wordpress\/wp-content\/uploads\/2019\/09\/Wie-im-Autokino-840x525.jpg 840w, https:\/\/www.maicschulte.de\/wordpress\/wp-content\/uploads\/2019\/09\/Wie-im-Autokino-280x175.jpg 280w, https:\/\/www.maicschulte.de\/wordpress\/wp-content\/uploads\/2019\/09\/Wie-im-Autokino-600x375.jpg 600w\" sizes=\"auto, (max-width: 1600px) 100vw, 1600px\"><\/a><\/figure><\/li><li class=\"blocks-gallery-item\"><figure><a href=\"https:\/\/www.maicschulte.de\/wordpress\/wp-content\/uploads\/2019\/09\/Roter-Volkswagen.jpg\" data-rel=\"lightbox-gallery-0\" data-rl_title data-rl_caption title><img loading=\"lazy\" decoding=\"async\" width=\"1600\" height=\"980\" src=\"https:\/\/www.maicschulte.de\/wordpress\/wp-content\/uploads\/2019\/09\/Roter-Volkswagen.jpg\" alt data-id=\"9348\" data-link=\"https:\/\/www.maicschulte.de\/wordpress\/?attachment_id=9348\" class=\"wp-image-9348\" srcset=\"https:\/\/www.maicschulte.de\/wordpress\/wp-content\/uploads\/2019\/09\/Roter-Volkswagen.jpg 1600w, https:\/\/www.maicschulte.de\/wordpress\/wp-content\/uploads\/2019\/09\/Roter-Volkswagen-300x184.jpg 300w, https:\/\/www.maicschulte.de\/wordpress\/wp-content\/uploads\/2019\/09\/Roter-Volkswagen-768x470.jpg 768w, https:\/\/www.maicschulte.de\/wordpress\/wp-content\/uploads\/2019\/09\/Roter-Volkswagen-1536x941.jpg 1536w, https:\/\/www.maicschulte.de\/wordpress\/wp-content\/uploads\/2019\/09\/Roter-Volkswagen-840x515.jpg 840w, https:\/\/www.maicschulte.de\/wordpress\/wp-content\/uploads\/2019\/09\/Roter-Volkswagen-600x368.jpg 600w\" sizes=\"auto, (max-width: 1600px) 100vw, 1600px\"><\/a><\/figure><\/li><li class=\"blocks-gallery-item\"><figure><a href=\"https:\/\/www.maicschulte.de\/wordpress\/wp-content\/uploads\/2019\/09\/VW-Bus.jpg\" data-rel=\"lightbox-gallery-0\" data-rl_title data-rl_caption title><img loading=\"lazy\" decoding=\"async\" width=\"637\" height=\"800\" src=\"https:\/\/www.maicschulte.de\/wordpress\/wp-content\/uploads\/2019\/09\/VW-Bus.jpg\" alt data-id=\"9356\" data-link=\"https:\/\/www.maicschulte.de\/wordpress\/?attachment_id=9356\" class=\"wp-image-9356\" srcset=\"https:\/\/www.maicschulte.de\/wordpress\/wp-content\/uploads\/2019\/09\/VW-Bus.jpg 637w, https:\/\/www.maicschulte.de\/wordpress\/wp-content\/uploads\/2019\/09\/VW-Bus-239x300.jpg 239w, https:\/\/www.maicschulte.de\/wordpress\/wp-content\/uploads\/2019\/09\/VW-Bus-418x525.jpg 418w, https:\/\/www.maicschulte.de\/wordpress\/wp-content\/uploads\/2019\/09\/VW-Bus-299x375.jpg 299w\" sizes=\"auto, (max-width: 637px) 100vw, 637px\"><\/a><\/figure><\/li><li class=\"blocks-gallery-item\"><figure><a href=\"https:\/\/www.maicschulte.de\/wordpress\/wp-content\/uploads\/2019\/09\/Porsche-SC.jpg\" data-rel=\"lightbox-gallery-0\" data-rl_title data-rl_caption title><img loading=\"lazy\" decoding=\"async\" width=\"1600\" height=\"923\" src=\"https:\/\/www.maicschulte.de\/wordpress\/wp-content\/uploads\/2019\/09\/Porsche-SC.jpg\" alt data-id=\"9342\" data-link=\"https:\/\/www.maicschulte.de\/wordpress\/?attachment_id=9342\" class=\"wp-image-9342\" srcset=\"https:\/\/www.maicschulte.de\/wordpress\/wp-content\/uploads\/2019\/09\/Porsche-SC.jpg 1600w, https:\/\/www.maicschulte.de\/wordpress\/wp-content\/uploads\/2019\/09\/Porsche-SC-300x173.jpg 300w, https:\/\/www.maicschulte.de\/wordpress\/wp-content\/uploads\/2019\/09\/Porsche-SC-768x443.jpg 768w, https:\/\/www.maicschulte.de\/wordpress\/wp-content\/uploads\/2019\/09\/Porsche-SC-1536x886.jpg 1536w, https:\/\/www.maicschulte.de\/wordpress\/wp-content\/uploads\/2019\/09\/Porsche-SC-840x485.jpg 840w, https:\/\/www.maicschulte.de\/wordpress\/wp-content\/uploads\/2019\/09\/Porsche-SC-600x346.jpg 600w\" sizes=\"auto, (max-width: 1600px) 100vw, 1600px\"><\/a><\/figure><\/li><li class=\"blocks-gallery-item\"><figure><a href=\"https:\/\/www.maicschulte.de\/wordpress\/wp-content\/uploads\/2019\/09\/Roter-Mitsubishi-Sapporo.jpg\" data-rel=\"lightbox-gallery-0\" data-rl_title data-rl_caption title><img loading=\"lazy\" decoding=\"async\" width=\"1600\" height=\"1067\" src=\"https:\/\/www.maicschulte.de\/wordpress\/wp-content\/uploads\/2019\/09\/Roter-Mitsubishi-Sapporo.jpg\" alt data-id=\"9346\" data-link=\"https:\/\/www.maicschulte.de\/wordpress\/?attachment_id=9346\" class=\"wp-image-9346\" srcset=\"https:\/\/www.maicschulte.de\/wordpress\/wp-content\/uploads\/2019\/09\/Roter-Mitsubishi-Sapporo.jpg 1600w, https:\/\/www.maicschulte.de\/wordpress\/wp-content\/uploads\/2019\/09\/Roter-Mitsubishi-Sapporo-300x200.jpg 300w, https:\/\/www.maicschulte.de\/wordpress\/wp-content\/uploads\/2019\/09\/Roter-Mitsubishi-Sapporo-768x512.jpg 768w, https:\/\/www.maicschulte.de\/wordpress\/wp-content\/uploads\/2019\/09\/Roter-Mitsubishi-Sapporo-1536x1024.jpg 1536w, https:\/\/www.maicschulte.de\/wordpress\/wp-content\/uploads\/2019\/09\/Roter-Mitsubishi-Sapporo-787x525.jpg 787w, https:\/\/www.maicschulte.de\/wordpress\/wp-content\/uploads\/2019\/09\/Roter-Mitsubishi-Sapporo-120x80.jpg 120w, https:\/\/www.maicschulte.de\/wordpress\/wp-content\/uploads\/2019\/09\/Roter-Mitsubishi-Sapporo-562x375.jpg 562w\" sizes=\"auto, (max-width: 1600px) 100vw, 1600px\"><\/a><\/figure><\/li><li class=\"blocks-gallery-item\"><figure><a href=\"https:\/\/www.maicschulte.de\/wordpress\/wp-content\/uploads\/2019\/09\/Three-Wheeler.jpg\" data-rel=\"lightbox-gallery-0\" data-rl_title data-rl_caption title><img loading=\"lazy\" decoding=\"async\" width=\"1600\" height=\"941\" src=\"https:\/\/www.maicschulte.de\/wordpress\/wp-content\/uploads\/2019\/09\/Three-Wheeler.jpg\" alt data-id=\"9351\" data-link=\"https:\/\/www.maicschulte.de\/wordpress\/?attachment_id=9351\" class=\"wp-image-9351\" srcset=\"https:\/\/www.maicschulte.de\/wordpress\/wp-content\/uploads\/2019\/09\/Three-Wheeler.jpg 1600w, https:\/\/www.maicschulte.de\/wordpress\/wp-content\/uploads\/2019\/09\/Three-Wheeler-300x176.jpg 300w, https:\/\/www.maicschulte.de\/wordpress\/wp-content\/uploads\/2019\/09\/Three-Wheeler-768x452.jpg 768w, https:\/\/www.maicschulte.de\/wordpress\/wp-content\/uploads\/2019\/09\/Three-Wheeler-1536x903.jpg 1536w, https:\/\/www.maicschulte.de\/wordpress\/wp-content\/uploads\/2019\/09\/Three-Wheeler-840x494.jpg 840w, https:\/\/www.maicschulte.de\/wordpress\/wp-content\/uploads\/2019\/09\/Three-Wheeler-600x353.jpg 600w\" sizes=\"auto, (max-width: 1600px) 100vw, 1600px\"><\/a><\/figure><\/li><li class=\"blocks-gallery-item\"><figure><a href=\"https:\/\/www.maicschulte.de\/wordpress\/wp-content\/uploads\/2019\/09\/AC-Cobra.jpg\" data-rel=\"lightbox-gallery-0\" data-rl_title data-rl_caption title><img loading=\"lazy\" decoding=\"async\" width=\"565\" height=\"800\" src=\"https:\/\/www.maicschulte.de\/wordpress\/wp-content\/uploads\/2019\/09\/AC-Cobra.jpg\" alt data-id=\"9307\" data-link=\"https:\/\/www.maicschulte.de\/wordpress\/?attachment_id=9307\" class=\"wp-image-9307\" srcset=\"https:\/\/www.maicschulte.de\/wordpress\/wp-content\/uploads\/2019\/09\/AC-Cobra.jpg 565w, https:\/\/www.maicschulte.de\/wordpress\/wp-content\/uploads\/2019\/09\/AC-Cobra-212x300.jpg 212w, https:\/\/www.maicschulte.de\/wordpress\/wp-content\/uploads\/2019\/09\/AC-Cobra-371x525.jpg 371w, https:\/\/www.maicschulte.de\/wordpress\/wp-content\/uploads\/2019\/09\/AC-Cobra-265x375.jpg 265w\" sizes=\"auto, (max-width: 565px) 100vw, 565px\"><\/a><\/figure><\/li><li class=\"blocks-gallery-item\"><figure><a href=\"https:\/\/www.maicschulte.de\/wordpress\/wp-content\/uploads\/2019\/09\/US-Schlachtschiff-II.jpg\" data-rel=\"lightbox-gallery-0\" data-rl_title data-rl_caption title><img loading=\"lazy\" decoding=\"async\" width=\"1600\" height=\"923\" src=\"https:\/\/www.maicschulte.de\/wordpress\/wp-content\/uploads\/2019\/09\/US-Schlachtschiff-II.jpg\" alt data-id=\"9353\" data-link=\"https:\/\/www.maicschulte.de\/wordpress\/?attachment_id=9353\" class=\"wp-image-9353\" srcset=\"https:\/\/www.maicschulte.de\/wordpress\/wp-content\/uploads\/2019\/09\/US-Schlachtschiff-II.jpg 1600w, https:\/\/www.maicschulte.de\/wordpress\/wp-content\/uploads\/2019\/09\/US-Schlachtschiff-II-300x173.jpg 300w, https:\/\/www.maicschulte.de\/wordpress\/wp-content\/uploads\/2019\/09\/US-Schlachtschiff-II-768x443.jpg 768w, https:\/\/www.maicschulte.de\/wordpress\/wp-content\/uploads\/2019\/09\/US-Schlachtschiff-II-1536x886.jpg 1536w, https:\/\/www.maicschulte.de\/wordpress\/wp-content\/uploads\/2019\/09\/US-Schlachtschiff-II-840x485.jpg 840w, https:\/\/www.maicschulte.de\/wordpress\/wp-content\/uploads\/2019\/09\/US-Schlachtschiff-II-600x346.jpg 600w\" sizes=\"auto, (max-width: 1600px) 100vw, 1600px\"><\/a><\/figure><\/li><\/ul><\/figure>\n","protected":false},"excerpt":{"rendered":"<p>Aloha. Bekann\u00adter\u00adma\u00ad\u00dfen melden viele Young- und Old\u00adti\u00admer\u00adfreun\u00adde ihre auto\u00admo\u00adbi\u00adlen Sch\u00e4t\u00adze nur mit einem Saison-Ken\u00adn\u00ad\u00adzei\u00adchen an, damit diese die kalte Jah\u00adres\u00adzeit sicher ver\u00adwahrt und gut ein\u00adge\u00admot\u00adtet in der hei\u00admi\u00adschen Garage \u00fcber\u00addau\u00adern k\u00f6nnen. Da viele dieser Kenn\u00adzei\u00adchen im Okto\u00adber ablau\u00adfen, findet der Scherm\u00adbe\u00adcker Old\u00adti\u00admer\u00adtag genau zur rech\u00adten Zeit statt, n\u00e4m\u00adlich zumeist Ende September.<\/p>\n","protected":false},"author":1,"featured_media":9366,"comment_status":"open","ping_status":"open","sticky":false,"template":"","format":"standard","meta":{"wp_typography_post_enhancements_disabled":false,"footnotes":""},"categories":[721,1279],"tags":[737,738,739,740,742,743,720,744,745,746,747],"class_list":["post-9301","post","type-post","status-publish","format-standard","has-post-thumbnail","hentry","category-automobiles","category-chronologisch","tag-ami","tag-citroen","tag-cobra","tag-econoline","tag-oldtimerfreunde-schermbeck","tag-opel-monza-gse","tag-porsche","tag-saab-sonett","tag-sapporo","tag-starion","tag-zuendapp"],"yoast_head":"<!-- This site is optimized with the Yoast SEO plugin v27.5 - https:\/\/yoast.com\/product\/yoast-seo-wordpress\/ -->\n<title>Editor&#039;s Pick - 10. Schermbecker Oldtimertag - Maic Schulte<\/title>\n<meta name=\"description\" content=\"Editor&#039;s Pick - 10. Schermbecker Oldtimertag - Automobiles - Maic Schulte - Fotografie - Ruhrgebiet - Industrie - Portrait - Events - Autos - Rockabilly - Kunst - Schwarzwei\u00df\" \/>\n<meta name=\"robots\" content=\"index, follow, max-snippet:-1, max-image-preview:large, max-video-preview:-1\" \/>\n<link rel=\"canonical\" href=\"https:\/\/www.maicschulte.de\/wordpress\/?p=9301\" \/>\n<meta property=\"og:locale\" content=\"de_DE\" \/>\n<meta property=\"og:type\" content=\"article\" \/>\n<meta property=\"og:title\" content=\"Editor&#039;s Pick - 10. Schermbecker Oldtimertag - Maic Schulte\" \/>\n<meta property=\"og:description\" content=\"Editor&#039;s Pick - 10. Schermbecker Oldtimertag - Automobiles - Maic Schulte - Fotografie - Ruhrgebiet - Industrie - Portrait - Events - Autos - Rockabilly - Kunst - Schwarzwei\u00df\" \/>\n<meta property=\"og:url\" content=\"https:\/\/www.maicschulte.de\/wordpress\/?p=9301\" \/>\n<meta property=\"og:site_name\" content=\"Maic Schulte\" \/>\n<meta property=\"article:published_time\" content=\"2019-09-23T21:32:50+00:00\" \/>\n<meta property=\"article:modified_time\" content=\"2021-01-18T14:27:59+00:00\" \/>\n<meta property=\"og:image\" content=\"https:\/\/www.maicschulte.de\/wordpress\/wp-content\/uploads\/2019\/09\/Luehlerheim-Titelbild-1.jpg\" \/>\n\t<meta property=\"og:image:width\" content=\"840\" \/>\n\t<meta property=\"og:image:height\" content=\"457\" \/>\n\t<meta property=\"og:image:type\" content=\"image\/jpeg\" \/>\n<meta name=\"author\" content=\"Maic Schulte\" \/>\n<script type=\"application\/ld+json\" class=\"yoast-schema-graph\">{\"@context\":\"https:\\\/\\\/schema.org\",\"@graph\":[{\"@type\":\"Article\",\"@id\":\"https:\\\/\\\/www.maicschulte.de\\\/wordpress\\\/?p=9301#article\",\"isPartOf\":{\"@id\":\"https:\\\/\\\/www.maicschulte.de\\\/wordpress\\\/?p=9301\"},\"author\":{\"name\":\"Maic Schulte\",\"@id\":\"https:\\\/\\\/www.maicschulte.de\\\/wordpress\\\/#\\\/schema\\\/person\\\/809698f1c7b1655959515001723d716e\"},\"headline\":\"Editor\u2019s Pick \u2014 10. Schermbecker Oldtimertag\",\"datePublished\":\"2019-09-23T21:32:50+00:00\",\"dateModified\":\"2021-01-18T14:27:59+00:00\",\"mainEntityOfPage\":{\"@id\":\"https:\\\/\\\/www.maicschulte.de\\\/wordpress\\\/?p=9301\"},\"wordCount\":433,\"commentCount\":4,\"publisher\":{\"@id\":\"https:\\\/\\\/www.maicschulte.de\\\/wordpress\\\/#\\\/schema\\\/person\\\/809698f1c7b1655959515001723d716e\"},\"image\":{\"@id\":\"https:\\\/\\\/www.maicschulte.de\\\/wordpress\\\/?p=9301#primaryimage\"},\"thumbnailUrl\":\"https:\\\/\\\/www.maicschulte.de\\\/wordpress\\\/wp-content\\\/uploads\\\/2019\\\/09\\\/Luehlerheim-Titelbild-1.jpg\",\"keywords\":[\"Ami\",\"Citr\u00f6en\",\"Cobra\",\"Econoline\",\"Oldtimerfreunde Schermbeck\",\"Opel Monza GSE\",\"Porsche\",\"Saab Sonett\",\"Sapporo\",\"Starion\",\"Z\u00fcndapp\"],\"articleSection\":[\"Automobiles\",\"Chronologisch\"],\"inLanguage\":\"de\",\"potentialAction\":[{\"@type\":\"CommentAction\",\"name\":\"Comment\",\"target\":[\"https:\\\/\\\/www.maicschulte.de\\\/wordpress\\\/?p=9301#respond\"]}]},{\"@type\":\"WebPage\",\"@id\":\"https:\\\/\\\/www.maicschulte.de\\\/wordpress\\\/?p=9301\",\"url\":\"https:\\\/\\\/www.maicschulte.de\\\/wordpress\\\/?p=9301\",\"name\":\"Editor's Pick - 10. Schermbecker Oldtimertag - Maic Schulte\",\"isPartOf\":{\"@id\":\"https:\\\/\\\/www.maicschulte.de\\\/wordpress\\\/#website\"},\"primaryImageOfPage\":{\"@id\":\"https:\\\/\\\/www.maicschulte.de\\\/wordpress\\\/?p=9301#primaryimage\"},\"image\":{\"@id\":\"https:\\\/\\\/www.maicschulte.de\\\/wordpress\\\/?p=9301#primaryimage\"},\"thumbnailUrl\":\"https:\\\/\\\/www.maicschulte.de\\\/wordpress\\\/wp-content\\\/uploads\\\/2019\\\/09\\\/Luehlerheim-Titelbild-1.jpg\",\"datePublished\":\"2019-09-23T21:32:50+00:00\",\"dateModified\":\"2021-01-18T14:27:59+00:00\",\"description\":\"Editor's Pick - 10. Schermbecker Oldtimertag - Automobiles - Maic Schulte - Fotografie - Ruhrgebiet - Industrie - Portrait - Events - Autos - Rockabilly - Kunst - Schwarzwei\u00df\",\"breadcrumb\":{\"@id\":\"https:\\\/\\\/www.maicschulte.de\\\/wordpress\\\/?p=9301#breadcrumb\"},\"inLanguage\":\"de\",\"potentialAction\":[{\"@type\":\"ReadAction\",\"target\":[\"https:\\\/\\\/www.maicschulte.de\\\/wordpress\\\/?p=9301\"]}]},{\"@type\":\"ImageObject\",\"inLanguage\":\"de\",\"@id\":\"https:\\\/\\\/www.maicschulte.de\\\/wordpress\\\/?p=9301#primaryimage\",\"url\":\"https:\\\/\\\/www.maicschulte.de\\\/wordpress\\\/wp-content\\\/uploads\\\/2019\\\/09\\\/Luehlerheim-Titelbild-1.jpg\",\"contentUrl\":\"https:\\\/\\\/www.maicschulte.de\\\/wordpress\\\/wp-content\\\/uploads\\\/2019\\\/09\\\/Luehlerheim-Titelbild-1.jpg\",\"width\":840,\"height\":457},{\"@type\":\"BreadcrumbList\",\"@id\":\"https:\\\/\\\/www.maicschulte.de\\\/wordpress\\\/?p=9301#breadcrumb\",\"itemListElement\":[{\"@type\":\"ListItem\",\"position\":1,\"name\":\"Startseite\",\"item\":\"https:\\\/\\\/www.maicschulte.de\\\/wordpress\"},{\"@type\":\"ListItem\",\"position\":2,\"name\":\"Editor\u2019s Pick \u2014 10. Schermbecker Oldtimertag\"}]},{\"@type\":\"WebSite\",\"@id\":\"https:\\\/\\\/www.maicschulte.de\\\/wordpress\\\/#website\",\"url\":\"https:\\\/\\\/www.maicschulte.de\\\/wordpress\\\/\",\"name\":\"Maic Schulte\",\"description\":\"Fotografie aus Leidenschaft\",\"publisher\":{\"@id\":\"https:\\\/\\\/www.maicschulte.de\\\/wordpress\\\/#\\\/schema\\\/person\\\/809698f1c7b1655959515001723d716e\"},\"potentialAction\":[{\"@type\":\"SearchAction\",\"target\":{\"@type\":\"EntryPoint\",\"urlTemplate\":\"https:\\\/\\\/www.maicschulte.de\\\/wordpress\\\/?s={search_term_string}\"},\"query-input\":{\"@type\":\"PropertyValueSpecification\",\"valueRequired\":true,\"valueName\":\"search_term_string\"}}],\"inLanguage\":\"de\"},{\"@type\":[\"Person\",\"Organization\"],\"@id\":\"https:\\\/\\\/www.maicschulte.de\\\/wordpress\\\/#\\\/schema\\\/person\\\/809698f1c7b1655959515001723d716e\",\"name\":\"Maic Schulte\",\"image\":{\"@type\":\"ImageObject\",\"inLanguage\":\"de\",\"@id\":\"https:\\\/\\\/www.maicschulte.de\\\/wordpress\\\/wp-content\\\/uploads\\\/2025\\\/05\\\/Chronus_Maic_Schulte_Logo_605px-3.png\",\"url\":\"https:\\\/\\\/www.maicschulte.de\\\/wordpress\\\/wp-content\\\/uploads\\\/2025\\\/05\\\/Chronus_Maic_Schulte_Logo_605px-3.png\",\"contentUrl\":\"https:\\\/\\\/www.maicschulte.de\\\/wordpress\\\/wp-content\\\/uploads\\\/2025\\\/05\\\/Chronus_Maic_Schulte_Logo_605px-3.png\",\"width\":605,\"height\":200,\"caption\":\"Maic Schulte\"},\"logo\":{\"@id\":\"https:\\\/\\\/www.maicschulte.de\\\/wordpress\\\/wp-content\\\/uploads\\\/2025\\\/05\\\/Chronus_Maic_Schulte_Logo_605px-3.png\"},\"description\":\"Seit dem Tag, an dem mein Vater mich mit einer Kamera, einem Objektiv und zwei Illford-Schwarzwei\u00df-Filmen auf Entdeckungs-Tour geschickt hat, begleitet mich das Thema \\\"Fotografie\\\". Basierend auf WordPress, stellt diese Webseite - jetzt und in der Zukunft - eine Heimat f\u00fcr all meine Artikel und Fotos dar, welche wiederum aus allen Themenbereichen der klassischen &amp; modernen Fotografie kommen. Sei es nun die Fotografie in Schwarz-Wei\u00df; die Erkundung ehemaliger Industriegel\u00e4nde, welche f\u00fcr mich am ehesten \u201eDas Herz des Reviers\u201c widerspiegeln; ausdrucksstarke Portraits oder farbenfrohe Naturaufnahmen. Ganz egal! Es gelingt einfach jedem fotografischen Thema, meine Neugierde darauf zu erwecken. Dar\u00fcber hinaus habe ich aber auch ein ger\u00fctteltes Ma\u00df an Benzin im Blut und mag Autos &amp; Motorr\u00e4der, ganz egal ob nun neu, alt, aufgemotzt oder vollkommen original. Du siehst, die Auswahl an Artikeln &amp; Fotos ist also genauso breit gef\u00e4chert wie meine fotografischen Interessen.\",\"sameAs\":[\"https:\\\/\\\/www.maicschulte.de\"]}]}<\/script>\n<!-- \/ Yoast SEO plugin. -->","yoast_head_json":{"title":"Editor's Pick - 10. Schermbecker Oldtimertag - Maic Schulte","description":"Editor's Pick - 10. Schermbecker Oldtimertag - Automobiles - Maic Schulte - Fotografie - Ruhrgebiet - Industrie - Portrait - Events - Autos - Rockabilly - Kunst - Schwarzwei\u00df","robots":{"index":"index","follow":"follow","max-snippet":"max-snippet:-1","max-image-preview":"max-image-preview:large","max-video-preview":"max-video-preview:-1"},"canonical":"https:\/\/www.maicschulte.de\/wordpress\/?p=9301","og_locale":"de_DE","og_type":"article","og_title":"Editor's Pick - 10. Schermbecker Oldtimertag - Maic Schulte","og_description":"Editor's Pick - 10. Schermbecker Oldtimertag - Automobiles - Maic Schulte - Fotografie - Ruhrgebiet - Industrie - Portrait - Events - Autos - Rockabilly - Kunst - Schwarzwei\u00df","og_url":"https:\/\/www.maicschulte.de\/wordpress\/?p=9301","og_site_name":"Maic Schulte","article_published_time":"2019-09-23T21:32:50+00:00","article_modified_time":"2021-01-18T14:27:59+00:00","og_image":[{"width":840,"height":457,"url":"https:\/\/www.maicschulte.de\/wordpress\/wp-content\/uploads\/2019\/09\/Luehlerheim-Titelbild-1.jpg","type":"image\/jpeg"}],"author":"Maic Schulte","schema":{"@context":"https:\/\/schema.org","@graph":[{"@type":"Article","@id":"https:\/\/www.maicschulte.de\/wordpress\/?p=9301#article","isPartOf":{"@id":"https:\/\/www.maicschulte.de\/wordpress\/?p=9301"},"author":{"name":"Maic Schulte","@id":"https:\/\/www.maicschulte.de\/wordpress\/#\/schema\/person\/809698f1c7b1655959515001723d716e"},"headline":"Editor\u2019s Pick \u2014 10. Schermbecker Oldtimertag","datePublished":"2019-09-23T21:32:50+00:00","dateModified":"2021-01-18T14:27:59+00:00","mainEntityOfPage":{"@id":"https:\/\/www.maicschulte.de\/wordpress\/?p=9301"},"wordCount":433,"commentCount":4,"publisher":{"@id":"https:\/\/www.maicschulte.de\/wordpress\/#\/schema\/person\/809698f1c7b1655959515001723d716e"},"image":{"@id":"https:\/\/www.maicschulte.de\/wordpress\/?p=9301#primaryimage"},"thumbnailUrl":"https:\/\/www.maicschulte.de\/wordpress\/wp-content\/uploads\/2019\/09\/Luehlerheim-Titelbild-1.jpg","keywords":["Ami","Citr\u00f6en","Cobra","Econoline","Oldtimerfreunde Schermbeck","Opel Monza GSE","Porsche","Saab Sonett","Sapporo","Starion","Z\u00fcndapp"],"articleSection":["Automobiles","Chronologisch"],"inLanguage":"de","potentialAction":[{"@type":"CommentAction","name":"Comment","target":["https:\/\/www.maicschulte.de\/wordpress\/?p=9301#respond"]}]},{"@type":"WebPage","@id":"https:\/\/www.maicschulte.de\/wordpress\/?p=9301","url":"https:\/\/www.maicschulte.de\/wordpress\/?p=9301","name":"Editor's Pick - 10. Schermbecker Oldtimertag - Maic Schulte","isPartOf":{"@id":"https:\/\/www.maicschulte.de\/wordpress\/#website"},"primaryImageOfPage":{"@id":"https:\/\/www.maicschulte.de\/wordpress\/?p=9301#primaryimage"},"image":{"@id":"https:\/\/www.maicschulte.de\/wordpress\/?p=9301#primaryimage"},"thumbnailUrl":"https:\/\/www.maicschulte.de\/wordpress\/wp-content\/uploads\/2019\/09\/Luehlerheim-Titelbild-1.jpg","datePublished":"2019-09-23T21:32:50+00:00","dateModified":"2021-01-18T14:27:59+00:00","description":"Editor's Pick - 10. Schermbecker Oldtimertag - Automobiles - Maic Schulte - Fotografie - Ruhrgebiet - Industrie - Portrait - Events - Autos - Rockabilly - Kunst - Schwarzwei\u00df","breadcrumb":{"@id":"https:\/\/www.maicschulte.de\/wordpress\/?p=9301#breadcrumb"},"inLanguage":"de","potentialAction":[{"@type":"ReadAction","target":["https:\/\/www.maicschulte.de\/wordpress\/?p=9301"]}]},{"@type":"ImageObject","inLanguage":"de","@id":"https:\/\/www.maicschulte.de\/wordpress\/?p=9301#primaryimage","url":"https:\/\/www.maicschulte.de\/wordpress\/wp-content\/uploads\/2019\/09\/Luehlerheim-Titelbild-1.jpg","contentUrl":"https:\/\/www.maicschulte.de\/wordpress\/wp-content\/uploads\/2019\/09\/Luehlerheim-Titelbild-1.jpg","width":840,"height":457},{"@type":"BreadcrumbList","@id":"https:\/\/www.maicschulte.de\/wordpress\/?p=9301#breadcrumb","itemListElement":[{"@type":"ListItem","position":1,"name":"Startseite","item":"https:\/\/www.maicschulte.de\/wordpress"},{"@type":"ListItem","position":2,"name":"Editor\u2019s Pick \u2014 10. Schermbecker Oldtimertag"}]},{"@type":"WebSite","@id":"https:\/\/www.maicschulte.de\/wordpress\/#website","url":"https:\/\/www.maicschulte.de\/wordpress\/","name":"Maic Schulte","description":"Fotografie aus Leidenschaft","publisher":{"@id":"https:\/\/www.maicschulte.de\/wordpress\/#\/schema\/person\/809698f1c7b1655959515001723d716e"},"potentialAction":[{"@type":"SearchAction","target":{"@type":"EntryPoint","urlTemplate":"https:\/\/www.maicschulte.de\/wordpress\/?s={search_term_string}"},"query-input":{"@type":"PropertyValueSpecification","valueRequired":true,"valueName":"search_term_string"}}],"inLanguage":"de"},{"@type":["Person","Organization"],"@id":"https:\/\/www.maicschulte.de\/wordpress\/#\/schema\/person\/809698f1c7b1655959515001723d716e","name":"Maic Schulte","image":{"@type":"ImageObject","inLanguage":"de","@id":"https:\/\/www.maicschulte.de\/wordpress\/wp-content\/uploads\/2025\/05\/Chronus_Maic_Schulte_Logo_605px-3.png","url":"https:\/\/www.maicschulte.de\/wordpress\/wp-content\/uploads\/2025\/05\/Chronus_Maic_Schulte_Logo_605px-3.png","contentUrl":"https:\/\/www.maicschulte.de\/wordpress\/wp-content\/uploads\/2025\/05\/Chronus_Maic_Schulte_Logo_605px-3.png","width":605,"height":200,"caption":"Maic Schulte"},"logo":{"@id":"https:\/\/www.maicschulte.de\/wordpress\/wp-content\/uploads\/2025\/05\/Chronus_Maic_Schulte_Logo_605px-3.png"},"description":"Seit dem Tag, an dem mein Vater mich mit einer Kamera, einem Objektiv und zwei Illford-Schwarzwei\u00df-Filmen auf Entdeckungs-Tour geschickt hat, begleitet mich das Thema \"Fotografie\". Basierend auf WordPress, stellt diese Webseite - jetzt und in der Zukunft - eine Heimat f\u00fcr all meine Artikel und Fotos dar, welche wiederum aus allen Themenbereichen der klassischen &amp; modernen Fotografie kommen. Sei es nun die Fotografie in Schwarz-Wei\u00df; die Erkundung ehemaliger Industriegel\u00e4nde, welche f\u00fcr mich am ehesten \u201eDas Herz des Reviers\u201c widerspiegeln; ausdrucksstarke Portraits oder farbenfrohe Naturaufnahmen. Ganz egal! Es gelingt einfach jedem fotografischen Thema, meine Neugierde darauf zu erwecken. Dar\u00fcber hinaus habe ich aber auch ein ger\u00fctteltes Ma\u00df an Benzin im Blut und mag Autos &amp; Motorr\u00e4der, ganz egal ob nun neu, alt, aufgemotzt oder vollkommen original. Du siehst, die Auswahl an Artikeln &amp; Fotos ist also genauso breit gef\u00e4chert wie meine fotografischen Interessen.","sameAs":["https:\/\/www.maicschulte.de"]}]}},"_links":{"self":[{"href":"https:\/\/www.maicschulte.de\/wordpress\/index.php?rest_route=\/wp\/v2\/posts\/9301","targetHints":{"allow":["GET"]}}],"collection":[{"href":"https:\/\/www.maicschulte.de\/wordpress\/index.php?rest_route=\/wp\/v2\/posts"}],"about":[{"href":"https:\/\/www.maicschulte.de\/wordpress\/index.php?rest_route=\/wp\/v2\/types\/post"}],"author":[{"embeddable":true,"href":"https:\/\/www.maicschulte.de\/wordpress\/index.php?rest_route=\/wp\/v2\/users\/1"}],"replies":[{"embeddable":true,"href":"https:\/\/www.maicschulte.de\/wordpress\/index.php?rest_route=%2Fwp%2Fv2%2Fcomments&post=9301"}],"version-history":[{"count":5,"href":"https:\/\/www.maicschulte.de\/wordpress\/index.php?rest_route=\/wp\/v2\/posts\/9301\/revisions"}],"predecessor-version":[{"id":12199,"href":"https:\/\/www.maicschulte.de\/wordpress\/index.php?rest_route=\/wp\/v2\/posts\/9301\/revisions\/12199"}],"wp:featuredmedia":[{"embeddable":true,"href":"https:\/\/www.maicschulte.de\/wordpress\/index.php?rest_route=\/wp\/v2\/media\/9366"}],"wp:attachment":[{"href":"https:\/\/www.maicschulte.de\/wordpress\/index.php?rest_route=%2Fwp%2Fv2%2Fmedia&parent=9301"}],"wp:term":[{"taxonomy":"category","embeddable":true,"href":"https:\/\/www.maicschulte.de\/wordpress\/index.php?rest_route=%2Fwp%2Fv2%2Fcategories&post=9301"},{"taxonomy":"post_tag","embeddable":true,"href":"https:\/\/www.maicschulte.de\/wordpress\/index.php?rest_route=%2Fwp%2Fv2%2Ftags&post=9301"}],"curies":[{"name":"wp","href":"https:\/\/api.w.org\/{rel}","templated":true}]}}